{"id":10057,"date":"2020-06-04T06:01:06","date_gmt":"2020-06-04T09:01:06","guid":{"rendered":"http:\/\/juacontecimentos.com.br\/site\/?p=10057"},"modified":"2020-06-04T06:01:06","modified_gmt":"2020-06-04T09:01:06","slug":"prefeito-hugo-deleon-comemora-resultado-da-horta-comunitaria","status":"publish","type":"post","link":"https:\/\/juacontecimentos.com.br\/site\/prefeito-hugo-deleon-comemora-resultado-da-horta-comunitaria\/","title":{"rendered":"Prefeito Hugo Deleon comemora resultado da horta comunit\u00e1ria"},"content":{"rendered":"<p><img loading=\"lazy\" decoding=\"async\" class=\"alignnone size-full wp-image-10064\" src=\"http:\/\/juacontecimentos.com.br\/site\/wp-content\/uploads\/2020\/06\/IMG-20200604-WA0013.jpg\" alt=\"\" width=\"1280\" height=\"853\" srcset=\"https:\/\/juacontecimentos.com.br\/site\/wp-content\/uploads\/2020\/06\/IMG-20200604-WA0013.jpg 1280w, https:\/\/juacontecimentos.com.br\/site\/wp-content\/uploads\/2020\/06\/IMG-20200604-WA0013-300x200.jpg 300w, https:\/\/juacontecimentos.com.br\/site\/wp-content\/uploads\/2020\/06\/IMG-20200604-WA0013-768x512.jpg 768w, https:\/\/juacontecimentos.com.br\/site\/wp-content\/uploads\/2020\/06\/IMG-20200604-WA0013-1024x682.jpg 1024w\" sizes=\"auto, (max-width: 1280px) 100vw, 1280px\" \/>A horta comunit\u00e1ria, criada pra atender as fam\u00edlias carentes do nosso munic\u00edpio nesse momento de crise!!!<br \/>\nHoje tamb\u00e9m foi dia de receber 50 cestas doadas pela Funda\u00e7\u00e3o Banco do Brasil.<br \/>\nAl\u00e9m desses, essa semana tamb\u00e9m foram distribu\u00eddas, pelo segundo m\u00eas, as cestas complementares para as crian\u00e7as que est\u00e3o fora das escolas.<br \/>\nParab\u00e9ns Alexandra e equipe !!<br \/>\nParab\u00e9ns a C\u00e2mara Municipal que aprovou o projeto!!!<br \/>\nParab\u00e9ns Juarez que abra\u00e7ou o projeto da horta comunit\u00e1ria e a todos os nossos colaboradores.<br \/>\nJuntos venceremos a crise e n\u00e3o faltar\u00e1 comida na mesa de nossas fam\u00edlias!!!<img loading=\"lazy\" decoding=\"async\" class=\"alignnone size-full wp-image-10062\" src=\"http:\/\/juacontecimentos.com.br\/site\/wp-content\/uploads\/2020\/06\/IMG-20200604-WA0011.jpg\" alt=\"\" width=\"1280\" height=\"853\" srcset=\"https:\/\/juacontecimentos.com.br\/site\/wp-content\/uploads\/2020\/06\/IMG-20200604-WA0011.jpg 1280w, https:\/\/juacontecimentos.com.br\/site\/wp-content\/uploads\/2020\/06\/IMG-20200604-WA0011-300x200.jpg 300w, https:\/\/juacontecimentos.com.br\/site\/wp-content\/uploads\/2020\/06\/IMG-20200604-WA0011-768x512.jpg 768w, https:\/\/juacontecimentos.com.br\/site\/wp-content\/uploads\/2020\/06\/IMG-20200604-WA0011-1024x682.jpg 1024w\" sizes=\"auto, (max-width: 1280px) 100vw, 1280px\" \/><img loading=\"lazy\" decoding=\"async\" class=\"alignnone size-full wp-image-10061\" src=\"http:\/\/juacontecimentos.com.br\/site\/wp-content\/uploads\/2020\/06\/IMG-20200604-WA0010.jpg\" alt=\"\" width=\"1280\" height=\"853\" srcset=\"https:\/\/juacontecimentos.com.br\/site\/wp-content\/uploads\/2020\/06\/IMG-20200604-WA0010.jpg 1280w, https:\/\/juacontecimentos.com.br\/site\/wp-content\/uploads\/2020\/06\/IMG-20200604-WA0010-300x200.jpg 300w, https:\/\/juacontecimentos.com.br\/site\/wp-content\/uploads\/2020\/06\/IMG-20200604-WA0010-768x512.jpg 768w, https:\/\/juacontecimentos.com.br\/site\/wp-content\/uploads\/2020\/06\/IMG-20200604-WA0010-1024x682.jpg 1024w\" sizes=\"auto, (max-width: 1280px) 100vw, 1280px\" \/><br \/>\n<\/p>\n","protected":false},"excerpt":{"rendered":"<p>A horta comunit\u00e1ria, criada pra atender as fam\u00edlias carentes do nosso munic\u00edpio nesse momento de crise!!! Hoje tamb\u00e9m foi dia de receber 50 cestas doadas pela Funda\u00e7\u00e3o Banco do Brasil. Al\u00e9m desses, essa semana tamb\u00e9m foram distribu\u00eddas, pelo segundo m\u00eas, as cestas complementares para as crian\u00e7as que est\u00e3o fora das escolas. Parab\u00e9ns Alexandra e equipe<\/p>\n","protected":false},"author":2,"featured_media":10059,"comment_status":"open","ping_status":"open","sticky":false,"template":"","format":"standard","meta":{"footnotes":""},"categories":[27,22,26,23],"tags":[],"class_list":["post-10057","post","type-post","status-publish","format-standard","has-post-thumbnail","hentry","category-brasil","category-catalao","category-destaque","category-goias"],"yoast_head":"<!-- This site is optimized with the Yoast SEO plugin v25.8 - https:\/\/yoast.com\/wordpress\/plugins\/seo\/ -->\n<title>Prefeito Hugo Deleon comemora resultado da horta comunit\u00e1ria - Jornal Ultimos Acontecimentos<\/title>\n<meta name=\"robots\" content=\"index, follow, max-snippet:-1, max-image-preview:large, max-video-preview:-1\" \/>\n<link rel=\"canonical\" href=\"https:\/\/juacontecimentos.com.br\/site\/prefeito-hugo-deleon-comemora-resultado-da-horta-comunitaria\/\" \/>\n<meta property=\"og:locale\" content=\"pt_BR\" \/>\n<meta property=\"og:type\" content=\"article\" \/>\n<meta property=\"og:title\" content=\"Prefeito Hugo Deleon comemora resultado da horta comunit\u00e1ria - Jornal Ultimos Acontecimentos\" \/>\n<meta property=\"og:description\" content=\"A horta comunit\u00e1ria, criada pra atender as fam\u00edlias carentes do nosso munic\u00edpio nesse momento de crise!!! Hoje tamb\u00e9m foi dia de receber 50 cestas doadas pela Funda\u00e7\u00e3o Banco do Brasil. Al\u00e9m desses, essa semana tamb\u00e9m foram distribu\u00eddas, pelo segundo m\u00eas, as cestas complementares para as crian\u00e7as que est\u00e3o fora das escolas. Parab\u00e9ns Alexandra e equipe\" \/>\n<meta property=\"og:url\" content=\"https:\/\/juacontecimentos.com.br\/site\/prefeito-hugo-deleon-comemora-resultado-da-horta-comunitaria\/\" \/>\n<meta property=\"og:site_name\" content=\"Jornal Ultimos Acontecimentos\" \/>\n<meta property=\"article:publisher\" content=\"https:\/\/www.facebook.com\/jultimosacontecimentos\/\" \/>\n<meta property=\"article:published_time\" content=\"2020-06-04T09:01:06+00:00\" \/>\n<meta property=\"og:image\" content=\"https:\/\/juacontecimentos.com.br\/site\/wp-content\/uploads\/2020\/06\/IMG-20200604-WA0017.jpg\" \/>\n\t<meta property=\"og:image:width\" content=\"1280\" \/>\n\t<meta property=\"og:image:height\" content=\"853\" \/>\n\t<meta property=\"og:image:type\" content=\"image\/jpeg\" \/>\n<meta name=\"author\" content=\"Reginaldo Ribeiro\" \/>\n<meta name=\"twitter:card\" content=\"summary_large_image\" \/>\n<meta name=\"twitter:label1\" content=\"Escrito por\" \/>\n\t<meta name=\"twitter:data1\" content=\"Reginaldo Ribeiro\" \/>\n\t<meta name=\"twitter:label2\" content=\"Est. tempo de leitura\" \/>\n\t<meta name=\"twitter:data2\" content=\"1 minuto\" \/>\n<script type=\"application\/ld+json\" class=\"yoast-schema-graph\">{\"@context\":\"https:\/\/schema.org\",\"@graph\":[{\"@type\":\"Article\",\"@id\":\"https:\/\/juacontecimentos.com.br\/site\/prefeito-hugo-deleon-comemora-resultado-da-horta-comunitaria\/#article\",\"isPartOf\":{\"@id\":\"https:\/\/juacontecimentos.com.br\/site\/prefeito-hugo-deleon-comemora-resultado-da-horta-comunitaria\/\"},\"author\":{\"name\":\"Reginaldo Ribeiro\",\"@id\":\"https:\/\/juacontecimentos.com.br\/site\/#\/schema\/person\/082a54e6d3fdd7a633291428521c9669\"},\"headline\":\"Prefeito Hugo Deleon comemora resultado da horta comunit\u00e1ria\",\"datePublished\":\"2020-06-04T09:01:06+00:00\",\"mainEntityOfPage\":{\"@id\":\"https:\/\/juacontecimentos.com.br\/site\/prefeito-hugo-deleon-comemora-resultado-da-horta-comunitaria\/\"},\"wordCount\":118,\"commentCount\":0,\"publisher\":{\"@id\":\"https:\/\/juacontecimentos.com.br\/site\/#organization\"},\"image\":{\"@id\":\"https:\/\/juacontecimentos.com.br\/site\/prefeito-hugo-deleon-comemora-resultado-da-horta-comunitaria\/#primaryimage\"},\"thumbnailUrl\":\"https:\/\/juacontecimentos.com.br\/site\/wp-content\/uploads\/2020\/06\/IMG-20200604-WA0017.jpg\",\"articleSection\":[\"Brasil\",\"Catal\u00e3o\",\"Destaque\",\"Goi\u00e1s\"],\"inLanguage\":\"pt-BR\"},{\"@type\":\"WebPage\",\"@id\":\"https:\/\/juacontecimentos.com.br\/site\/prefeito-hugo-deleon-comemora-resultado-da-horta-comunitaria\/\",\"url\":\"https:\/\/juacontecimentos.com.br\/site\/prefeito-hugo-deleon-comemora-resultado-da-horta-comunitaria\/\",\"name\":\"Prefeito Hugo Deleon comemora resultado da horta comunit\u00e1ria - Jornal Ultimos Acontecimentos\",\"isPartOf\":{\"@id\":\"https:\/\/juacontecimentos.com.br\/site\/#website\"},\"primaryImageOfPage\":{\"@id\":\"https:\/\/juacontecimentos.com.br\/site\/prefeito-hugo-deleon-comemora-resultado-da-horta-comunitaria\/#primaryimage\"},\"image\":{\"@id\":\"https:\/\/juacontecimentos.com.br\/site\/prefeito-hugo-deleon-comemora-resultado-da-horta-comunitaria\/#primaryimage\"},\"thumbnailUrl\":\"https:\/\/juacontecimentos.com.br\/site\/wp-content\/uploads\/2020\/06\/IMG-20200604-WA0017.jpg\",\"datePublished\":\"2020-06-04T09:01:06+00:00\",\"breadcrumb\":{\"@id\":\"https:\/\/juacontecimentos.com.br\/site\/prefeito-hugo-deleon-comemora-resultado-da-horta-comunitaria\/#breadcrumb\"},\"inLanguage\":\"pt-BR\",\"potentialAction\":[{\"@type\":\"ReadAction\",\"target\":[\"https:\/\/juacontecimentos.com.br\/site\/prefeito-hugo-deleon-comemora-resultado-da-horta-comunitaria\/\"]}]},{\"@type\":\"ImageObject\",\"inLanguage\":\"pt-BR\",\"@id\":\"https:\/\/juacontecimentos.com.br\/site\/prefeito-hugo-deleon-comemora-resultado-da-horta-comunitaria\/#primaryimage\",\"url\":\"https:\/\/juacontecimentos.com.br\/site\/wp-content\/uploads\/2020\/06\/IMG-20200604-WA0017.jpg\",\"contentUrl\":\"https:\/\/juacontecimentos.com.br\/site\/wp-content\/uploads\/2020\/06\/IMG-20200604-WA0017.jpg\",\"width\":1280,\"height\":853},{\"@type\":\"BreadcrumbList\",\"@id\":\"https:\/\/juacontecimentos.com.br\/site\/prefeito-hugo-deleon-comemora-resultado-da-horta-comunitaria\/#breadcrumb\",\"itemListElement\":[{\"@type\":\"ListItem\",\"position\":1,\"name\":\"In\u00edcio\",\"item\":\"https:\/\/juacontecimentos.com.br\/site\/\"},{\"@type\":\"ListItem\",\"position\":2,\"name\":\"Prefeito Hugo Deleon comemora resultado da horta comunit\u00e1ria\"}]},{\"@type\":\"WebSite\",\"@id\":\"https:\/\/juacontecimentos.com.br\/site\/#website\",\"url\":\"https:\/\/juacontecimentos.com.br\/site\/\",\"name\":\"Jornal Ultimos Acontecimentos\",\"description\":\"Catal\u00e3o e regi\u00e3o\",\"publisher\":{\"@id\":\"https:\/\/juacontecimentos.com.br\/site\/#organization\"},\"potentialAction\":[{\"@type\":\"SearchAction\",\"target\":{\"@type\":\"EntryPoint\",\"urlTemplate\":\"https:\/\/juacontecimentos.com.br\/site\/?s={search_term_string}\"},\"query-input\":{\"@type\":\"PropertyValueSpecification\",\"valueRequired\":true,\"valueName\":\"search_term_string\"}}],\"inLanguage\":\"pt-BR\"},{\"@type\":\"Organization\",\"@id\":\"https:\/\/juacontecimentos.com.br\/site\/#organization\",\"name\":\"Jornal Ultimos Acontecimentos\",\"url\":\"https:\/\/juacontecimentos.com.br\/site\/\",\"logo\":{\"@type\":\"ImageObject\",\"inLanguage\":\"pt-BR\",\"@id\":\"https:\/\/juacontecimentos.com.br\/site\/#\/schema\/logo\/image\/\",\"url\":\"https:\/\/juacontecimentos.com.br\/site\/wp-content\/uploads\/2023\/04\/Logo_Site.png\",\"contentUrl\":\"https:\/\/juacontecimentos.com.br\/site\/wp-content\/uploads\/2023\/04\/Logo_Site.png\",\"width\":2476,\"height\":530,\"caption\":\"Jornal Ultimos Acontecimentos\"},\"image\":{\"@id\":\"https:\/\/juacontecimentos.com.br\/site\/#\/schema\/logo\/image\/\"},\"sameAs\":[\"https:\/\/www.facebook.com\/jultimosacontecimentos\/\"]},{\"@type\":\"Person\",\"@id\":\"https:\/\/juacontecimentos.com.br\/site\/#\/schema\/person\/082a54e6d3fdd7a633291428521c9669\",\"name\":\"Reginaldo Ribeiro\",\"image\":{\"@type\":\"ImageObject\",\"inLanguage\":\"pt-BR\",\"@id\":\"https:\/\/juacontecimentos.com.br\/site\/#\/schema\/person\/image\/\",\"url\":\"https:\/\/secure.gravatar.com\/avatar\/5c16c6837c3490270a74d888c2a845728f06bdde1f8761de1de1d1d1ef82d12f?s=96&d=mm&r=g\",\"contentUrl\":\"https:\/\/secure.gravatar.com\/avatar\/5c16c6837c3490270a74d888c2a845728f06bdde1f8761de1de1d1d1ef82d12f?s=96&d=mm&r=g\",\"caption\":\"Reginaldo Ribeiro\"}}]}<\/script>\n<!-- \/ Yoast SEO plugin. -->","yoast_head_json":{"title":"Prefeito Hugo Deleon comemora resultado da horta comunit\u00e1ria - Jornal Ultimos Acontecimentos","robots":{"index":"index","follow":"follow","max-snippet":"max-snippet:-1","max-image-preview":"max-image-preview:large","max-video-preview":"max-video-preview:-1"},"canonical":"https:\/\/juacontecimentos.com.br\/site\/prefeito-hugo-deleon-comemora-resultado-da-horta-comunitaria\/","og_locale":"pt_BR","og_type":"article","og_title":"Prefeito Hugo Deleon comemora resultado da horta comunit\u00e1ria - Jornal Ultimos Acontecimentos","og_description":"A horta comunit\u00e1ria, criada pra atender as fam\u00edlias carentes do nosso munic\u00edpio nesse momento de crise!!! Hoje tamb\u00e9m foi dia de receber 50 cestas doadas pela Funda\u00e7\u00e3o Banco do Brasil. Al\u00e9m desses, essa semana tamb\u00e9m foram distribu\u00eddas, pelo segundo m\u00eas, as cestas complementares para as crian\u00e7as que est\u00e3o fora das escolas. Parab\u00e9ns Alexandra e equipe","og_url":"https:\/\/juacontecimentos.com.br\/site\/prefeito-hugo-deleon-comemora-resultado-da-horta-comunitaria\/","og_site_name":"Jornal Ultimos Acontecimentos","article_publisher":"https:\/\/www.facebook.com\/jultimosacontecimentos\/","article_published_time":"2020-06-04T09:01:06+00:00","og_image":[{"width":1280,"height":853,"url":"https:\/\/juacontecimentos.com.br\/site\/wp-content\/uploads\/2020\/06\/IMG-20200604-WA0017.jpg","type":"image\/jpeg"}],"author":"Reginaldo Ribeiro","twitter_card":"summary_large_image","twitter_misc":{"Escrito por":"Reginaldo Ribeiro","Est. tempo de leitura":"1 minuto"},"schema":{"@context":"https:\/\/schema.org","@graph":[{"@type":"Article","@id":"https:\/\/juacontecimentos.com.br\/site\/prefeito-hugo-deleon-comemora-resultado-da-horta-comunitaria\/#article","isPartOf":{"@id":"https:\/\/juacontecimentos.com.br\/site\/prefeito-hugo-deleon-comemora-resultado-da-horta-comunitaria\/"},"author":{"name":"Reginaldo Ribeiro","@id":"https:\/\/juacontecimentos.com.br\/site\/#\/schema\/person\/082a54e6d3fdd7a633291428521c9669"},"headline":"Prefeito Hugo Deleon comemora resultado da horta comunit\u00e1ria","datePublished":"2020-06-04T09:01:06+00:00","mainEntityOfPage":{"@id":"https:\/\/juacontecimentos.com.br\/site\/prefeito-hugo-deleon-comemora-resultado-da-horta-comunitaria\/"},"wordCount":118,"commentCount":0,"publisher":{"@id":"https:\/\/juacontecimentos.com.br\/site\/#organization"},"image":{"@id":"https:\/\/juacontecimentos.com.br\/site\/prefeito-hugo-deleon-comemora-resultado-da-horta-comunitaria\/#primaryimage"},"thumbnailUrl":"https:\/\/juacontecimentos.com.br\/site\/wp-content\/uploads\/2020\/06\/IMG-20200604-WA0017.jpg","articleSection":["Brasil","Catal\u00e3o","Destaque","Goi\u00e1s"],"inLanguage":"pt-BR"},{"@type":"WebPage","@id":"https:\/\/juacontecimentos.com.br\/site\/prefeito-hugo-deleon-comemora-resultado-da-horta-comunitaria\/","url":"https:\/\/juacontecimentos.com.br\/site\/prefeito-hugo-deleon-comemora-resultado-da-horta-comunitaria\/","name":"Prefeito Hugo Deleon comemora resultado da horta comunit\u00e1ria - Jornal Ultimos Acontecimentos","isPartOf":{"@id":"https:\/\/juacontecimentos.com.br\/site\/#website"},"primaryImageOfPage":{"@id":"https:\/\/juacontecimentos.com.br\/site\/prefeito-hugo-deleon-comemora-resultado-da-horta-comunitaria\/#primaryimage"},"image":{"@id":"https:\/\/juacontecimentos.com.br\/site\/prefeito-hugo-deleon-comemora-resultado-da-horta-comunitaria\/#primaryimage"},"thumbnailUrl":"https:\/\/juacontecimentos.com.br\/site\/wp-content\/uploads\/2020\/06\/IMG-20200604-WA0017.jpg","datePublished":"2020-06-04T09:01:06+00:00","breadcrumb":{"@id":"https:\/\/juacontecimentos.com.br\/site\/prefeito-hugo-deleon-comemora-resultado-da-horta-comunitaria\/#breadcrumb"},"inLanguage":"pt-BR","potentialAction":[{"@type":"ReadAction","target":["https:\/\/juacontecimentos.com.br\/site\/prefeito-hugo-deleon-comemora-resultado-da-horta-comunitaria\/"]}]},{"@type":"ImageObject","inLanguage":"pt-BR","@id":"https:\/\/juacontecimentos.com.br\/site\/prefeito-hugo-deleon-comemora-resultado-da-horta-comunitaria\/#primaryimage","url":"https:\/\/juacontecimentos.com.br\/site\/wp-content\/uploads\/2020\/06\/IMG-20200604-WA0017.jpg","contentUrl":"https:\/\/juacontecimentos.com.br\/site\/wp-content\/uploads\/2020\/06\/IMG-20200604-WA0017.jpg","width":1280,"height":853},{"@type":"BreadcrumbList","@id":"https:\/\/juacontecimentos.com.br\/site\/prefeito-hugo-deleon-comemora-resultado-da-horta-comunitaria\/#breadcrumb","itemListElement":[{"@type":"ListItem","position":1,"name":"In\u00edcio","item":"https:\/\/juacontecimentos.com.br\/site\/"},{"@type":"ListItem","position":2,"name":"Prefeito Hugo Deleon comemora resultado da horta comunit\u00e1ria"}]},{"@type":"WebSite","@id":"https:\/\/juacontecimentos.com.br\/site\/#website","url":"https:\/\/juacontecimentos.com.br\/site\/","name":"Jornal Ultimos Acontecimentos","description":"Catal\u00e3o e regi\u00e3o","publisher":{"@id":"https:\/\/juacontecimentos.com.br\/site\/#organization"},"potentialAction":[{"@type":"SearchAction","target":{"@type":"EntryPoint","urlTemplate":"https:\/\/juacontecimentos.com.br\/site\/?s={search_term_string}"},"query-input":{"@type":"PropertyValueSpecification","valueRequired":true,"valueName":"search_term_string"}}],"inLanguage":"pt-BR"},{"@type":"Organization","@id":"https:\/\/juacontecimentos.com.br\/site\/#organization","name":"Jornal Ultimos Acontecimentos","url":"https:\/\/juacontecimentos.com.br\/site\/","logo":{"@type":"ImageObject","inLanguage":"pt-BR","@id":"https:\/\/juacontecimentos.com.br\/site\/#\/schema\/logo\/image\/","url":"https:\/\/juacontecimentos.com.br\/site\/wp-content\/uploads\/2023\/04\/Logo_Site.png","contentUrl":"https:\/\/juacontecimentos.com.br\/site\/wp-content\/uploads\/2023\/04\/Logo_Site.png","width":2476,"height":530,"caption":"Jornal Ultimos Acontecimentos"},"image":{"@id":"https:\/\/juacontecimentos.com.br\/site\/#\/schema\/logo\/image\/"},"sameAs":["https:\/\/www.facebook.com\/jultimosacontecimentos\/"]},{"@type":"Person","@id":"https:\/\/juacontecimentos.com.br\/site\/#\/schema\/person\/082a54e6d3fdd7a633291428521c9669","name":"Reginaldo Ribeiro","image":{"@type":"ImageObject","inLanguage":"pt-BR","@id":"https:\/\/juacontecimentos.com.br\/site\/#\/schema\/person\/image\/","url":"https:\/\/secure.gravatar.com\/avatar\/5c16c6837c3490270a74d888c2a845728f06bdde1f8761de1de1d1d1ef82d12f?s=96&d=mm&r=g","contentUrl":"https:\/\/secure.gravatar.com\/avatar\/5c16c6837c3490270a74d888c2a845728f06bdde1f8761de1de1d1d1ef82d12f?s=96&d=mm&r=g","caption":"Reginaldo Ribeiro"}}]}},"_links":{"self":[{"href":"https:\/\/juacontecimentos.com.br\/site\/wp-json\/wp\/v2\/posts\/10057","targetHints":{"allow":["GET"]}}],"collection":[{"href":"https:\/\/juacontecimentos.com.br\/site\/wp-json\/wp\/v2\/posts"}],"about":[{"href":"https:\/\/juacontecimentos.com.br\/site\/wp-json\/wp\/v2\/types\/post"}],"author":[{"embeddable":true,"href":"https:\/\/juacontecimentos.com.br\/site\/wp-json\/wp\/v2\/users\/2"}],"replies":[{"embeddable":true,"href":"https:\/\/juacontecimentos.com.br\/site\/wp-json\/wp\/v2\/comments?post=10057"}],"version-history":[{"count":1,"href":"https:\/\/juacontecimentos.com.br\/site\/wp-json\/wp\/v2\/posts\/10057\/revisions"}],"predecessor-version":[{"id":10066,"href":"https:\/\/juacontecimentos.com.br\/site\/wp-json\/wp\/v2\/posts\/10057\/revisions\/10066"}],"wp:featuredmedia":[{"embeddable":true,"href":"https:\/\/juacontecimentos.com.br\/site\/wp-json\/wp\/v2\/media\/10059"}],"wp:attachment":[{"href":"https:\/\/juacontecimentos.com.br\/site\/wp-json\/wp\/v2\/media?parent=10057"}],"wp:term":[{"taxonomy":"category","embeddable":true,"href":"https:\/\/juacontecimentos.com.br\/site\/wp-json\/wp\/v2\/categories?post=10057"},{"taxonomy":"post_tag","embeddable":true,"href":"https:\/\/juacontecimentos.com.br\/site\/wp-json\/wp\/v2\/tags?post=10057"}],"curies":[{"name":"wp","href":"https:\/\/api.w.org\/{rel}","templated":true}]}}