{"id":10082,"date":"2020-06-04T18:42:05","date_gmt":"2020-06-04T21:42:05","guid":{"rendered":"http:\/\/juacontecimentos.com.br\/site\/?p=10082"},"modified":"2020-06-04T18:42:05","modified_gmt":"2020-06-04T21:42:05","slug":"weintraub-esta-triste-e-quer-se-demitir","status":"publish","type":"post","link":"https:\/\/juacontecimentos.com.br\/site\/weintraub-esta-triste-e-quer-se-demitir\/","title":{"rendered":"Weintraub est\u00e1 triste e quer se demitir"},"content":{"rendered":"<h1 style=\"text-align: center\">Segundo afirmou um auxiliar do ministro, &#8220;O ministro Weintraub quer se demitir, est\u00e1 muito triste e temeroso do futuro. S\u00f3 n\u00e3o sabemos como, ele j\u00e1 advertiu o presidente Jair, quando n\u00e3o sei mas n\u00e3o vai demorar&#8221;.<\/h1>\n<p><img loading=\"lazy\" decoding=\"async\" class=\"alignnone size-full wp-image-10083\" src=\"http:\/\/juacontecimentos.com.br\/site\/wp-content\/uploads\/2020\/06\/abraham-780x440.jpeg\" alt=\"\" width=\"780\" height=\"440\" srcset=\"https:\/\/juacontecimentos.com.br\/site\/wp-content\/uploads\/2020\/06\/abraham-780x440.jpeg 780w, https:\/\/juacontecimentos.com.br\/site\/wp-content\/uploads\/2020\/06\/abraham-780x440-300x169.jpeg 300w, https:\/\/juacontecimentos.com.br\/site\/wp-content\/uploads\/2020\/06\/abraham-780x440-768x433.jpeg 768w\" sizes=\"auto, (max-width: 780px) 100vw, 780px\" \/><\/p>\n<p>Por: Douglas Bucalem<\/p>\n<p>Em mais uma ofensiva do STF em desfavor do investigado, que agora dever\u00e1 responder tamb\u00e9m por suposto crime de racismo, o ent\u00e3o ministro chamado nos bastidores pelos colegas de \u201cpeito de pombo\u201d (volumoso por\u00e9m cheio de ar). Parece estar com a bola murcha.<\/p>\n<p>Extremamente vigiados, os moralistas de plant\u00e3o n\u00e3o est\u00e3o conseguindo meter as m\u00e3os no dinheiro p\u00fablico. \u201cHonestos? At\u00e9 as portas dos mot\u00e9is est\u00e3o monitoradas, politico da base evang\u00e9lica n\u00e3o entram mais. O pre\u00e7o do falso moralismo e muito caro pra se pagar\u201d. Comenta o pastor evang\u00e9lico, Apinaj\u00e9 Francisco Leite.<\/p>\n<p>Na presen\u00e7a da Policia Federal, em depoimento sobre Fake News ficou em sil\u00eancio como garante o seu direito constitucional, na ditadura que tanto deseja ao pr\u00f3ximo, talvez o ministro fosse convencido a falar ap\u00f3s uma descarga de 220w nos test\u00edculos.<\/p>\n<p>Em outro inqu\u00e9rito acusado de racismo ap\u00f3s Weintraub publicar um tweet em que insinuou que a China vai sair \u201cfortalecida da crise causada pelo coronav\u00edrus\u201d.<\/p>\n<p>Afirmou que neste novo caso n\u00e3o iria depor, depois em peti\u00e7\u00e3o afirmou que vai sim mas n\u00e3o gostaria de ir. Especula-se que no final ele acabar\u00e1 indo sem precisar estrear as pulseiras prateadas da PF, institui\u00e7\u00e3o que o ilustre Moro n\u00e3o quis aparelhar. Todo valent\u00e3o no fundo \u00e9 um covarde, e s\u00f3 bate na mulher em quatro paredes.<\/p>\n<div class=\"quads-location quads-ad2\"><\/div>\n<p>Feroz na reuni\u00e3o ministerial, onde \u201cdecretou\u201d a pris\u00e3o dos ministros do supremo a qual qualificou de vagabundos. Fora do calor uterino proporcionado pela presen\u00e7a do omnipotente Jav\u00e9. Que encoraja os desvalidos de c\u00e9rebro para dizer o que se bem entende.<\/p>\n<p>Longe da revoada esfuma\u00e7ada, a guerra no campo progressista e constitucional \u00e9 \u00e1rdua. Mandatos vencem como yogurt nas prateleiras de supermercado. Sonhos cor de rosa com a ditadura: s\u00e3o apenas sonhos a serem sonhados como diz a can\u00e7\u00e3o.<\/p>\n<p>Quem bate esquece, quem apanha n\u00e3o, est\u00e3o surrando as conquistas democr\u00e1ticas e a constitui\u00e7\u00e3o federal de 1988. Mas o tempo vai passando, as bravatas e as alegorias carnavalescas que s\u00e3o criadas pelos integrantes do planalto,<em>\u00a0\u201ctodos os dias as palha\u00e7adas tem tido efeito e acobertado robustos esquemas de crimes e tem muita grana por tr\u00e1s disso\u201d<\/em>, comenta um senador goiano.<\/p>\n<p>Mandatos acabam, o ambiente n\u00e3o esta f\u00e1cil pra tirar vantagens de verbas p\u00fablicas, falsos nacionalistas de plant\u00e3o devem pular do barco.<\/p>\n<p>Segundo afirmou um auxiliar do ministro, \u201cO ministro Weintraub quer se demitir, est\u00e1 muito triste e temeroso do futuro. S\u00f3 n\u00e3o sabemos como, ele j\u00e1 advertiu o presidente Jair, quando n\u00e3o sei mas n\u00e3o vai demorar\u201d.<br \/>\n<\/p>\n","protected":false},"excerpt":{"rendered":"<p>Segundo afirmou um auxiliar do ministro, &#8220;O ministro Weintraub quer se demitir, est\u00e1 muito triste e temeroso do futuro. S\u00f3 n\u00e3o sabemos como, ele j\u00e1 advertiu o presidente Jair, quando n\u00e3o sei mas n\u00e3o vai demorar&#8221;. Por: Douglas Bucalem Em mais uma ofensiva do STF em desfavor do investigado, que agora dever\u00e1 responder tamb\u00e9m por<\/p>\n","protected":false},"author":2,"featured_media":10083,"comment_status":"open","ping_status":"open","sticky":false,"template":"","format":"standard","meta":{"footnotes":""},"categories":[27,22,26,23],"tags":[],"class_list":["post-10082","post","type-post","status-publish","format-standard","has-post-thumbnail","hentry","category-brasil","category-catalao","category-destaque","category-goias"],"yoast_head":"<!-- This site is optimized with the Yoast SEO plugin v25.8 - https:\/\/yoast.com\/wordpress\/plugins\/seo\/ -->\n<title>Weintraub est\u00e1 triste e quer se demitir - Jornal Ultimos Acontecimentos<\/title>\n<meta name=\"robots\" content=\"index, follow, max-snippet:-1, max-image-preview:large, max-video-preview:-1\" \/>\n<link rel=\"canonical\" href=\"https:\/\/juacontecimentos.com.br\/site\/weintraub-esta-triste-e-quer-se-demitir\/\" \/>\n<meta property=\"og:locale\" content=\"pt_BR\" \/>\n<meta property=\"og:type\" content=\"article\" \/>\n<meta property=\"og:title\" content=\"Weintraub est\u00e1 triste e quer se demitir - Jornal Ultimos Acontecimentos\" \/>\n<meta property=\"og:description\" content=\"Segundo afirmou um auxiliar do ministro, &#8220;O ministro Weintraub quer se demitir, est\u00e1 muito triste e temeroso do futuro. S\u00f3 n\u00e3o sabemos como, ele j\u00e1 advertiu o presidente Jair, quando n\u00e3o sei mas n\u00e3o vai demorar&#8221;. Por: Douglas Bucalem Em mais uma ofensiva do STF em desfavor do investigado, que agora dever\u00e1 responder tamb\u00e9m por\" \/>\n<meta property=\"og:url\" content=\"https:\/\/juacontecimentos.com.br\/site\/weintraub-esta-triste-e-quer-se-demitir\/\" \/>\n<meta property=\"og:site_name\" content=\"Jornal Ultimos Acontecimentos\" \/>\n<meta property=\"article:publisher\" content=\"https:\/\/www.facebook.com\/jultimosacontecimentos\/\" \/>\n<meta property=\"article:published_time\" content=\"2020-06-04T21:42:05+00:00\" \/>\n<meta property=\"og:image\" content=\"https:\/\/juacontecimentos.com.br\/site\/wp-content\/uploads\/2020\/06\/abraham-780x440.jpeg\" \/>\n\t<meta property=\"og:image:width\" content=\"780\" \/>\n\t<meta property=\"og:image:height\" content=\"440\" \/>\n\t<meta property=\"og:image:type\" content=\"image\/jpeg\" \/>\n<meta name=\"author\" content=\"Reginaldo Ribeiro\" \/>\n<meta name=\"twitter:card\" content=\"summary_large_image\" \/>\n<meta name=\"twitter:label1\" content=\"Escrito por\" \/>\n\t<meta name=\"twitter:data1\" content=\"Reginaldo Ribeiro\" \/>\n\t<meta name=\"twitter:label2\" content=\"Est. tempo de leitura\" \/>\n\t<meta name=\"twitter:data2\" content=\"2 minutos\" \/>\n<script type=\"application\/ld+json\" class=\"yoast-schema-graph\">{\"@context\":\"https:\/\/schema.org\",\"@graph\":[{\"@type\":\"Article\",\"@id\":\"https:\/\/juacontecimentos.com.br\/site\/weintraub-esta-triste-e-quer-se-demitir\/#article\",\"isPartOf\":{\"@id\":\"https:\/\/juacontecimentos.com.br\/site\/weintraub-esta-triste-e-quer-se-demitir\/\"},\"author\":{\"name\":\"Reginaldo Ribeiro\",\"@id\":\"https:\/\/juacontecimentos.com.br\/site\/#\/schema\/person\/082a54e6d3fdd7a633291428521c9669\"},\"headline\":\"Weintraub est\u00e1 triste e quer se demitir\",\"datePublished\":\"2020-06-04T21:42:05+00:00\",\"mainEntityOfPage\":{\"@id\":\"https:\/\/juacontecimentos.com.br\/site\/weintraub-esta-triste-e-quer-se-demitir\/\"},\"wordCount\":504,\"commentCount\":0,\"publisher\":{\"@id\":\"https:\/\/juacontecimentos.com.br\/site\/#organization\"},\"image\":{\"@id\":\"https:\/\/juacontecimentos.com.br\/site\/weintraub-esta-triste-e-quer-se-demitir\/#primaryimage\"},\"thumbnailUrl\":\"https:\/\/juacontecimentos.com.br\/site\/wp-content\/uploads\/2020\/06\/abraham-780x440.jpeg\",\"articleSection\":[\"Brasil\",\"Catal\u00e3o\",\"Destaque\",\"Goi\u00e1s\"],\"inLanguage\":\"pt-BR\"},{\"@type\":\"WebPage\",\"@id\":\"https:\/\/juacontecimentos.com.br\/site\/weintraub-esta-triste-e-quer-se-demitir\/\",\"url\":\"https:\/\/juacontecimentos.com.br\/site\/weintraub-esta-triste-e-quer-se-demitir\/\",\"name\":\"Weintraub est\u00e1 triste e quer se demitir - Jornal Ultimos Acontecimentos\",\"isPartOf\":{\"@id\":\"https:\/\/juacontecimentos.com.br\/site\/#website\"},\"primaryImageOfPage\":{\"@id\":\"https:\/\/juacontecimentos.com.br\/site\/weintraub-esta-triste-e-quer-se-demitir\/#primaryimage\"},\"image\":{\"@id\":\"https:\/\/juacontecimentos.com.br\/site\/weintraub-esta-triste-e-quer-se-demitir\/#primaryimage\"},\"thumbnailUrl\":\"https:\/\/juacontecimentos.com.br\/site\/wp-content\/uploads\/2020\/06\/abraham-780x440.jpeg\",\"datePublished\":\"2020-06-04T21:42:05+00:00\",\"breadcrumb\":{\"@id\":\"https:\/\/juacontecimentos.com.br\/site\/weintraub-esta-triste-e-quer-se-demitir\/#breadcrumb\"},\"inLanguage\":\"pt-BR\",\"potentialAction\":[{\"@type\":\"ReadAction\",\"target\":[\"https:\/\/juacontecimentos.com.br\/site\/weintraub-esta-triste-e-quer-se-demitir\/\"]}]},{\"@type\":\"ImageObject\",\"inLanguage\":\"pt-BR\",\"@id\":\"https:\/\/juacontecimentos.com.br\/site\/weintraub-esta-triste-e-quer-se-demitir\/#primaryimage\",\"url\":\"https:\/\/juacontecimentos.com.br\/site\/wp-content\/uploads\/2020\/06\/abraham-780x440.jpeg\",\"contentUrl\":\"https:\/\/juacontecimentos.com.br\/site\/wp-content\/uploads\/2020\/06\/abraham-780x440.jpeg\",\"width\":780,\"height\":440},{\"@type\":\"BreadcrumbList\",\"@id\":\"https:\/\/juacontecimentos.com.br\/site\/weintraub-esta-triste-e-quer-se-demitir\/#breadcrumb\",\"itemListElement\":[{\"@type\":\"ListItem\",\"position\":1,\"name\":\"In\u00edcio\",\"item\":\"https:\/\/juacontecimentos.com.br\/site\/\"},{\"@type\":\"ListItem\",\"position\":2,\"name\":\"Weintraub est\u00e1 triste e quer se demitir\"}]},{\"@type\":\"WebSite\",\"@id\":\"https:\/\/juacontecimentos.com.br\/site\/#website\",\"url\":\"https:\/\/juacontecimentos.com.br\/site\/\",\"name\":\"Jornal Ultimos Acontecimentos\",\"description\":\"Catal\u00e3o e regi\u00e3o\",\"publisher\":{\"@id\":\"https:\/\/juacontecimentos.com.br\/site\/#organization\"},\"potentialAction\":[{\"@type\":\"SearchAction\",\"target\":{\"@type\":\"EntryPoint\",\"urlTemplate\":\"https:\/\/juacontecimentos.com.br\/site\/?s={search_term_string}\"},\"query-input\":{\"@type\":\"PropertyValueSpecification\",\"valueRequired\":true,\"valueName\":\"search_term_string\"}}],\"inLanguage\":\"pt-BR\"},{\"@type\":\"Organization\",\"@id\":\"https:\/\/juacontecimentos.com.br\/site\/#organization\",\"name\":\"Jornal Ultimos Acontecimentos\",\"url\":\"https:\/\/juacontecimentos.com.br\/site\/\",\"logo\":{\"@type\":\"ImageObject\",\"inLanguage\":\"pt-BR\",\"@id\":\"https:\/\/juacontecimentos.com.br\/site\/#\/schema\/logo\/image\/\",\"url\":\"https:\/\/juacontecimentos.com.br\/site\/wp-content\/uploads\/2023\/04\/Logo_Site.png\",\"contentUrl\":\"https:\/\/juacontecimentos.com.br\/site\/wp-content\/uploads\/2023\/04\/Logo_Site.png\",\"width\":2476,\"height\":530,\"caption\":\"Jornal Ultimos Acontecimentos\"},\"image\":{\"@id\":\"https:\/\/juacontecimentos.com.br\/site\/#\/schema\/logo\/image\/\"},\"sameAs\":[\"https:\/\/www.facebook.com\/jultimosacontecimentos\/\"]},{\"@type\":\"Person\",\"@id\":\"https:\/\/juacontecimentos.com.br\/site\/#\/schema\/person\/082a54e6d3fdd7a633291428521c9669\",\"name\":\"Reginaldo Ribeiro\",\"image\":{\"@type\":\"ImageObject\",\"inLanguage\":\"pt-BR\",\"@id\":\"https:\/\/juacontecimentos.com.br\/site\/#\/schema\/person\/image\/\",\"url\":\"https:\/\/secure.gravatar.com\/avatar\/5c16c6837c3490270a74d888c2a845728f06bdde1f8761de1de1d1d1ef82d12f?s=96&d=mm&r=g\",\"contentUrl\":\"https:\/\/secure.gravatar.com\/avatar\/5c16c6837c3490270a74d888c2a845728f06bdde1f8761de1de1d1d1ef82d12f?s=96&d=mm&r=g\",\"caption\":\"Reginaldo Ribeiro\"}}]}<\/script>\n<!-- \/ Yoast SEO plugin. -->","yoast_head_json":{"title":"Weintraub est\u00e1 triste e quer se demitir - Jornal Ultimos Acontecimentos","robots":{"index":"index","follow":"follow","max-snippet":"max-snippet:-1","max-image-preview":"max-image-preview:large","max-video-preview":"max-video-preview:-1"},"canonical":"https:\/\/juacontecimentos.com.br\/site\/weintraub-esta-triste-e-quer-se-demitir\/","og_locale":"pt_BR","og_type":"article","og_title":"Weintraub est\u00e1 triste e quer se demitir - Jornal Ultimos Acontecimentos","og_description":"Segundo afirmou um auxiliar do ministro, &#8220;O ministro Weintraub quer se demitir, est\u00e1 muito triste e temeroso do futuro. S\u00f3 n\u00e3o sabemos como, ele j\u00e1 advertiu o presidente Jair, quando n\u00e3o sei mas n\u00e3o vai demorar&#8221;. Por: Douglas Bucalem Em mais uma ofensiva do STF em desfavor do investigado, que agora dever\u00e1 responder tamb\u00e9m por","og_url":"https:\/\/juacontecimentos.com.br\/site\/weintraub-esta-triste-e-quer-se-demitir\/","og_site_name":"Jornal Ultimos Acontecimentos","article_publisher":"https:\/\/www.facebook.com\/jultimosacontecimentos\/","article_published_time":"2020-06-04T21:42:05+00:00","og_image":[{"width":780,"height":440,"url":"https:\/\/juacontecimentos.com.br\/site\/wp-content\/uploads\/2020\/06\/abraham-780x440.jpeg","type":"image\/jpeg"}],"author":"Reginaldo Ribeiro","twitter_card":"summary_large_image","twitter_misc":{"Escrito por":"Reginaldo Ribeiro","Est. tempo de leitura":"2 minutos"},"schema":{"@context":"https:\/\/schema.org","@graph":[{"@type":"Article","@id":"https:\/\/juacontecimentos.com.br\/site\/weintraub-esta-triste-e-quer-se-demitir\/#article","isPartOf":{"@id":"https:\/\/juacontecimentos.com.br\/site\/weintraub-esta-triste-e-quer-se-demitir\/"},"author":{"name":"Reginaldo Ribeiro","@id":"https:\/\/juacontecimentos.com.br\/site\/#\/schema\/person\/082a54e6d3fdd7a633291428521c9669"},"headline":"Weintraub est\u00e1 triste e quer se demitir","datePublished":"2020-06-04T21:42:05+00:00","mainEntityOfPage":{"@id":"https:\/\/juacontecimentos.com.br\/site\/weintraub-esta-triste-e-quer-se-demitir\/"},"wordCount":504,"commentCount":0,"publisher":{"@id":"https:\/\/juacontecimentos.com.br\/site\/#organization"},"image":{"@id":"https:\/\/juacontecimentos.com.br\/site\/weintraub-esta-triste-e-quer-se-demitir\/#primaryimage"},"thumbnailUrl":"https:\/\/juacontecimentos.com.br\/site\/wp-content\/uploads\/2020\/06\/abraham-780x440.jpeg","articleSection":["Brasil","Catal\u00e3o","Destaque","Goi\u00e1s"],"inLanguage":"pt-BR"},{"@type":"WebPage","@id":"https:\/\/juacontecimentos.com.br\/site\/weintraub-esta-triste-e-quer-se-demitir\/","url":"https:\/\/juacontecimentos.com.br\/site\/weintraub-esta-triste-e-quer-se-demitir\/","name":"Weintraub est\u00e1 triste e quer se demitir - Jornal Ultimos Acontecimentos","isPartOf":{"@id":"https:\/\/juacontecimentos.com.br\/site\/#website"},"primaryImageOfPage":{"@id":"https:\/\/juacontecimentos.com.br\/site\/weintraub-esta-triste-e-quer-se-demitir\/#primaryimage"},"image":{"@id":"https:\/\/juacontecimentos.com.br\/site\/weintraub-esta-triste-e-quer-se-demitir\/#primaryimage"},"thumbnailUrl":"https:\/\/juacontecimentos.com.br\/site\/wp-content\/uploads\/2020\/06\/abraham-780x440.jpeg","datePublished":"2020-06-04T21:42:05+00:00","breadcrumb":{"@id":"https:\/\/juacontecimentos.com.br\/site\/weintraub-esta-triste-e-quer-se-demitir\/#breadcrumb"},"inLanguage":"pt-BR","potentialAction":[{"@type":"ReadAction","target":["https:\/\/juacontecimentos.com.br\/site\/weintraub-esta-triste-e-quer-se-demitir\/"]}]},{"@type":"ImageObject","inLanguage":"pt-BR","@id":"https:\/\/juacontecimentos.com.br\/site\/weintraub-esta-triste-e-quer-se-demitir\/#primaryimage","url":"https:\/\/juacontecimentos.com.br\/site\/wp-content\/uploads\/2020\/06\/abraham-780x440.jpeg","contentUrl":"https:\/\/juacontecimentos.com.br\/site\/wp-content\/uploads\/2020\/06\/abraham-780x440.jpeg","width":780,"height":440},{"@type":"BreadcrumbList","@id":"https:\/\/juacontecimentos.com.br\/site\/weintraub-esta-triste-e-quer-se-demitir\/#breadcrumb","itemListElement":[{"@type":"ListItem","position":1,"name":"In\u00edcio","item":"https:\/\/juacontecimentos.com.br\/site\/"},{"@type":"ListItem","position":2,"name":"Weintraub est\u00e1 triste e quer se demitir"}]},{"@type":"WebSite","@id":"https:\/\/juacontecimentos.com.br\/site\/#website","url":"https:\/\/juacontecimentos.com.br\/site\/","name":"Jornal Ultimos Acontecimentos","description":"Catal\u00e3o e regi\u00e3o","publisher":{"@id":"https:\/\/juacontecimentos.com.br\/site\/#organization"},"potentialAction":[{"@type":"SearchAction","target":{"@type":"EntryPoint","urlTemplate":"https:\/\/juacontecimentos.com.br\/site\/?s={search_term_string}"},"query-input":{"@type":"PropertyValueSpecification","valueRequired":true,"valueName":"search_term_string"}}],"inLanguage":"pt-BR"},{"@type":"Organization","@id":"https:\/\/juacontecimentos.com.br\/site\/#organization","name":"Jornal Ultimos Acontecimentos","url":"https:\/\/juacontecimentos.com.br\/site\/","logo":{"@type":"ImageObject","inLanguage":"pt-BR","@id":"https:\/\/juacontecimentos.com.br\/site\/#\/schema\/logo\/image\/","url":"https:\/\/juacontecimentos.com.br\/site\/wp-content\/uploads\/2023\/04\/Logo_Site.png","contentUrl":"https:\/\/juacontecimentos.com.br\/site\/wp-content\/uploads\/2023\/04\/Logo_Site.png","width":2476,"height":530,"caption":"Jornal Ultimos Acontecimentos"},"image":{"@id":"https:\/\/juacontecimentos.com.br\/site\/#\/schema\/logo\/image\/"},"sameAs":["https:\/\/www.facebook.com\/jultimosacontecimentos\/"]},{"@type":"Person","@id":"https:\/\/juacontecimentos.com.br\/site\/#\/schema\/person\/082a54e6d3fdd7a633291428521c9669","name":"Reginaldo Ribeiro","image":{"@type":"ImageObject","inLanguage":"pt-BR","@id":"https:\/\/juacontecimentos.com.br\/site\/#\/schema\/person\/image\/","url":"https:\/\/secure.gravatar.com\/avatar\/5c16c6837c3490270a74d888c2a845728f06bdde1f8761de1de1d1d1ef82d12f?s=96&d=mm&r=g","contentUrl":"https:\/\/secure.gravatar.com\/avatar\/5c16c6837c3490270a74d888c2a845728f06bdde1f8761de1de1d1d1ef82d12f?s=96&d=mm&r=g","caption":"Reginaldo Ribeiro"}}]}},"_links":{"self":[{"href":"https:\/\/juacontecimentos.com.br\/site\/wp-json\/wp\/v2\/posts\/10082","targetHints":{"allow":["GET"]}}],"collection":[{"href":"https:\/\/juacontecimentos.com.br\/site\/wp-json\/wp\/v2\/posts"}],"about":[{"href":"https:\/\/juacontecimentos.com.br\/site\/wp-json\/wp\/v2\/types\/post"}],"author":[{"embeddable":true,"href":"https:\/\/juacontecimentos.com.br\/site\/wp-json\/wp\/v2\/users\/2"}],"replies":[{"embeddable":true,"href":"https:\/\/juacontecimentos.com.br\/site\/wp-json\/wp\/v2\/comments?post=10082"}],"version-history":[{"count":1,"href":"https:\/\/juacontecimentos.com.br\/site\/wp-json\/wp\/v2\/posts\/10082\/revisions"}],"predecessor-version":[{"id":10084,"href":"https:\/\/juacontecimentos.com.br\/site\/wp-json\/wp\/v2\/posts\/10082\/revisions\/10084"}],"wp:featuredmedia":[{"embeddable":true,"href":"https:\/\/juacontecimentos.com.br\/site\/wp-json\/wp\/v2\/media\/10083"}],"wp:attachment":[{"href":"https:\/\/juacontecimentos.com.br\/site\/wp-json\/wp\/v2\/media?parent=10082"}],"wp:term":[{"taxonomy":"category","embeddable":true,"href":"https:\/\/juacontecimentos.com.br\/site\/wp-json\/wp\/v2\/categories?post=10082"},{"taxonomy":"post_tag","embeddable":true,"href":"https:\/\/juacontecimentos.com.br\/site\/wp-json\/wp\/v2\/tags?post=10082"}],"curies":[{"name":"wp","href":"https:\/\/api.w.org\/{rel}","templated":true}]}}