{"id":10120,"date":"2020-06-08T13:17:25","date_gmt":"2020-06-08T16:17:25","guid":{"rendered":"http:\/\/juacontecimentos.com.br\/site\/?p=10120"},"modified":"2020-06-08T13:17:25","modified_gmt":"2020-06-08T16:17:25","slug":"catalao-quer-alguem-que-tenha-humildade-equilibrio-sabedoria-e-saiba-tratar-o-povo-com-maior-dignidade-nas-proximas-eleicoes-afirma-daniel-vilela","status":"publish","type":"post","link":"https:\/\/juacontecimentos.com.br\/site\/catalao-quer-alguem-que-tenha-humildade-equilibrio-sabedoria-e-saiba-tratar-o-povo-com-maior-dignidade-nas-proximas-eleicoes-afirma-daniel-vilela\/","title":{"rendered":"\u201cCatal\u00e3o quer algu\u00e9m que tenha humildade, equil\u00edbrio, sabedoria e saiba tratar o povo com maior dignidade nas pr\u00f3ximas elei\u00e7\u00f5es\u201d, afirma Daniel Vilela"},"content":{"rendered":"<h2 style=\"text-align: center\"><strong>Presidente do MDB em Goi\u00e1s, diz que atual gest\u00e3o fica devendo para popula\u00e7\u00e3o e confirma pr\u00e9-candidato a prefeitura Elder Galdino<\/strong><\/h2>\n<p>Na manh\u00e3 desta segunda-feira, 8, o presidente do MDB em Goi\u00e1s, Daniel Vilela, confirmou a pr\u00e9-candidatura do agropecu\u00e1rio, Elder Galdino, para a disputa da prefeitura de Catal\u00e3o e fez duras cr\u00edticas a atual gest\u00e3o de Adib Elias(Podemos), ao classificar como \u201cdesequilibrada\u201d e n\u00e3o conseguir corresponder com as expectativas da popula\u00e7\u00e3o. A entrevista aconteceu por telefone ao programa Cultura em Foco da r\u00e1dio Cultura 101 FM.<\/p>\n<p>\u201cTalvez Catal\u00e3o seja um dos grandes exemplos dessa mudan\u00e7a significativa do MDB. Temos do presidente da c\u00e2mara, Vereador Ca\u00e7ula(MDB),o corajoso apoio que n\u00e3o compactou com os desmandos e os desequil\u00edbrios da atual gest\u00e3o municipal de Catal\u00e3o, e se manteve firme aos ideais do partido\u201d, explicou.<br \/>\nO ex deputado federal, disse ainda que a popula\u00e7\u00e3o de catal\u00e3o est\u00e1 \u201cesgotada\u201d e que a polariza\u00e7\u00e3o dos \u00faltimos anos trouxe muito preju\u00edzo a cidade. \u201cSabemos que a cidade quer dar um grito de mudan\u00e7a. Que a frente dessa nova gest\u00e3o, Catal\u00e3o, tenha algu\u00e9m com humildade, equil\u00edbrio e sabedoria, que ele possa tratar as pessoas com maior dignidade e com mais humildade\u201d, salientou.<\/p>\n<p>Questionado sobre as a\u00e7\u00f5es do executivo, Vilela voltou a dizer que mesmo n\u00e3o morando no munic\u00edpio, o sentimento que chega para ele \u00e9 de frustra\u00e7\u00e3o. \u201cA atual gest\u00e3o n\u00e3o apresenta nada de novo, adota pr\u00e1ticas agressivas, mal educadas, de muita arrog\u00e2ncia, acho que existe um cansa\u00e7o por grande parte em rela\u00e7\u00e3o a esse sistema de governo\u201d, salientou.<\/p>\n<p>O ex candidato a Governador do Estado, exemplificou a \u00e1rea de infraestrutura e finalizou sua avalia\u00e7\u00e3o ao concluir que a gest\u00e3o Adib fica devendo para popula\u00e7\u00e3o. Daniel disse que \u201cO que chega pra n\u00f3s \u00e9 que a \u00fanica obra executada parte de recursos ainda do tempo em que eu era Deputado Federal, do minist\u00e9rio de desenvolvimento que \u00e9 a canaliza\u00e7\u00e3o do c\u00f3rrego pirapitinga.\u201d<\/p>\n<p>Texto: Lucas Almeida Fonte: R\u00e1dio Cultura 101 FM &#8211; Foto: Reprodu\u00e7\u00e3o<br \/>\n<\/p>\n","protected":false},"excerpt":{"rendered":"<p>Presidente do MDB em Goi\u00e1s, diz que atual gest\u00e3o fica devendo para popula\u00e7\u00e3o e confirma pr\u00e9-candidato a prefeitura Elder Galdino Na manh\u00e3 desta segunda-feira, 8, o presidente do MDB em Goi\u00e1s, Daniel Vilela, confirmou a pr\u00e9-candidatura do agropecu\u00e1rio, Elder Galdino, para a disputa da prefeitura de Catal\u00e3o e fez duras cr\u00edticas a atual gest\u00e3o de<\/p>\n","protected":false},"author":2,"featured_media":10121,"comment_status":"open","ping_status":"open","sticky":false,"template":"","format":"standard","meta":{"footnotes":""},"categories":[27,22,26,23],"tags":[],"class_list":["post-10120","post","type-post","status-publish","format-standard","has-post-thumbnail","hentry","category-brasil","category-catalao","category-destaque","category-goias"],"yoast_head":"<!-- This site is optimized with the Yoast SEO plugin v25.8 - https:\/\/yoast.com\/wordpress\/plugins\/seo\/ -->\n<title>\u201cCatal\u00e3o quer algu\u00e9m que tenha humildade, equil\u00edbrio, sabedoria e saiba tratar o povo com maior dignidade nas pr\u00f3ximas elei\u00e7\u00f5es\u201d, afirma Daniel Vilela - Jornal Ultimos Acontecimentos<\/title>\n<meta name=\"robots\" content=\"index, follow, max-snippet:-1, max-image-preview:large, max-video-preview:-1\" \/>\n<link rel=\"canonical\" href=\"https:\/\/juacontecimentos.com.br\/site\/catalao-quer-alguem-que-tenha-humildade-equilibrio-sabedoria-e-saiba-tratar-o-povo-com-maior-dignidade-nas-proximas-eleicoes-afirma-daniel-vilela\/\" \/>\n<meta property=\"og:locale\" content=\"pt_BR\" \/>\n<meta property=\"og:type\" content=\"article\" \/>\n<meta property=\"og:title\" content=\"\u201cCatal\u00e3o quer algu\u00e9m que tenha humildade, equil\u00edbrio, sabedoria e saiba tratar o povo com maior dignidade nas pr\u00f3ximas elei\u00e7\u00f5es\u201d, afirma Daniel Vilela - Jornal Ultimos Acontecimentos\" \/>\n<meta property=\"og:description\" content=\"Presidente do MDB em Goi\u00e1s, diz que atual gest\u00e3o fica devendo para popula\u00e7\u00e3o e confirma pr\u00e9-candidato a prefeitura Elder Galdino Na manh\u00e3 desta segunda-feira, 8, o presidente do MDB em Goi\u00e1s, Daniel Vilela, confirmou a pr\u00e9-candidatura do agropecu\u00e1rio, Elder Galdino, para a disputa da prefeitura de Catal\u00e3o e fez duras cr\u00edticas a atual gest\u00e3o de\" \/>\n<meta property=\"og:url\" content=\"https:\/\/juacontecimentos.com.br\/site\/catalao-quer-alguem-que-tenha-humildade-equilibrio-sabedoria-e-saiba-tratar-o-povo-com-maior-dignidade-nas-proximas-eleicoes-afirma-daniel-vilela\/\" \/>\n<meta property=\"og:site_name\" content=\"Jornal Ultimos Acontecimentos\" \/>\n<meta property=\"article:publisher\" content=\"https:\/\/www.facebook.com\/jultimosacontecimentos\/\" \/>\n<meta property=\"article:published_time\" content=\"2020-06-08T16:17:25+00:00\" \/>\n<meta property=\"og:image\" content=\"https:\/\/juacontecimentos.com.br\/site\/wp-content\/uploads\/2020\/06\/daniel-se-coloca-a-disposicao-de-caiado-para-ajudar-no-combate-a-doenca.jpg\" \/>\n\t<meta property=\"og:image:width\" content=\"876\" \/>\n\t<meta property=\"og:image:height\" content=\"480\" \/>\n\t<meta property=\"og:image:type\" content=\"image\/jpeg\" \/>\n<meta name=\"author\" content=\"Reginaldo Ribeiro\" \/>\n<meta name=\"twitter:card\" content=\"summary_large_image\" \/>\n<meta name=\"twitter:label1\" content=\"Escrito por\" \/>\n\t<meta name=\"twitter:data1\" content=\"Reginaldo Ribeiro\" \/>\n\t<meta name=\"twitter:label2\" content=\"Est. tempo de leitura\" \/>\n\t<meta name=\"twitter:data2\" content=\"2 minutos\" \/>\n<script type=\"application\/ld+json\" class=\"yoast-schema-graph\">{\"@context\":\"https:\/\/schema.org\",\"@graph\":[{\"@type\":\"Article\",\"@id\":\"https:\/\/juacontecimentos.com.br\/site\/catalao-quer-alguem-que-tenha-humildade-equilibrio-sabedoria-e-saiba-tratar-o-povo-com-maior-dignidade-nas-proximas-eleicoes-afirma-daniel-vilela\/#article\",\"isPartOf\":{\"@id\":\"https:\/\/juacontecimentos.com.br\/site\/catalao-quer-alguem-que-tenha-humildade-equilibrio-sabedoria-e-saiba-tratar-o-povo-com-maior-dignidade-nas-proximas-eleicoes-afirma-daniel-vilela\/\"},\"author\":{\"name\":\"Reginaldo Ribeiro\",\"@id\":\"https:\/\/juacontecimentos.com.br\/site\/#\/schema\/person\/082a54e6d3fdd7a633291428521c9669\"},\"headline\":\"\u201cCatal\u00e3o quer algu\u00e9m que tenha humildade, equil\u00edbrio, sabedoria e saiba tratar o povo com maior dignidade nas pr\u00f3ximas elei\u00e7\u00f5es\u201d, afirma Daniel Vilela\",\"datePublished\":\"2020-06-08T16:17:25+00:00\",\"mainEntityOfPage\":{\"@id\":\"https:\/\/juacontecimentos.com.br\/site\/catalao-quer-alguem-que-tenha-humildade-equilibrio-sabedoria-e-saiba-tratar-o-povo-com-maior-dignidade-nas-proximas-eleicoes-afirma-daniel-vilela\/\"},\"wordCount\":397,\"commentCount\":0,\"publisher\":{\"@id\":\"https:\/\/juacontecimentos.com.br\/site\/#organization\"},\"image\":{\"@id\":\"https:\/\/juacontecimentos.com.br\/site\/catalao-quer-alguem-que-tenha-humildade-equilibrio-sabedoria-e-saiba-tratar-o-povo-com-maior-dignidade-nas-proximas-eleicoes-afirma-daniel-vilela\/#primaryimage\"},\"thumbnailUrl\":\"https:\/\/juacontecimentos.com.br\/site\/wp-content\/uploads\/2020\/06\/daniel-se-coloca-a-disposicao-de-caiado-para-ajudar-no-combate-a-doenca.jpg\",\"articleSection\":[\"Brasil\",\"Catal\u00e3o\",\"Destaque\",\"Goi\u00e1s\"],\"inLanguage\":\"pt-BR\"},{\"@type\":\"WebPage\",\"@id\":\"https:\/\/juacontecimentos.com.br\/site\/catalao-quer-alguem-que-tenha-humildade-equilibrio-sabedoria-e-saiba-tratar-o-povo-com-maior-dignidade-nas-proximas-eleicoes-afirma-daniel-vilela\/\",\"url\":\"https:\/\/juacontecimentos.com.br\/site\/catalao-quer-alguem-que-tenha-humildade-equilibrio-sabedoria-e-saiba-tratar-o-povo-com-maior-dignidade-nas-proximas-eleicoes-afirma-daniel-vilela\/\",\"name\":\"\u201cCatal\u00e3o quer algu\u00e9m que tenha humildade, equil\u00edbrio, sabedoria e saiba tratar o povo com maior dignidade nas pr\u00f3ximas elei\u00e7\u00f5es\u201d, afirma Daniel Vilela - Jornal Ultimos Acontecimentos\",\"isPartOf\":{\"@id\":\"https:\/\/juacontecimentos.com.br\/site\/#website\"},\"primaryImageOfPage\":{\"@id\":\"https:\/\/juacontecimentos.com.br\/site\/catalao-quer-alguem-que-tenha-humildade-equilibrio-sabedoria-e-saiba-tratar-o-povo-com-maior-dignidade-nas-proximas-eleicoes-afirma-daniel-vilela\/#primaryimage\"},\"image\":{\"@id\":\"https:\/\/juacontecimentos.com.br\/site\/catalao-quer-alguem-que-tenha-humildade-equilibrio-sabedoria-e-saiba-tratar-o-povo-com-maior-dignidade-nas-proximas-eleicoes-afirma-daniel-vilela\/#primaryimage\"},\"thumbnailUrl\":\"https:\/\/juacontecimentos.com.br\/site\/wp-content\/uploads\/2020\/06\/daniel-se-coloca-a-disposicao-de-caiado-para-ajudar-no-combate-a-doenca.jpg\",\"datePublished\":\"2020-06-08T16:17:25+00:00\",\"breadcrumb\":{\"@id\":\"https:\/\/juacontecimentos.com.br\/site\/catalao-quer-alguem-que-tenha-humildade-equilibrio-sabedoria-e-saiba-tratar-o-povo-com-maior-dignidade-nas-proximas-eleicoes-afirma-daniel-vilela\/#breadcrumb\"},\"inLanguage\":\"pt-BR\",\"potentialAction\":[{\"@type\":\"ReadAction\",\"target\":[\"https:\/\/juacontecimentos.com.br\/site\/catalao-quer-alguem-que-tenha-humildade-equilibrio-sabedoria-e-saiba-tratar-o-povo-com-maior-dignidade-nas-proximas-eleicoes-afirma-daniel-vilela\/\"]}]},{\"@type\":\"ImageObject\",\"inLanguage\":\"pt-BR\",\"@id\":\"https:\/\/juacontecimentos.com.br\/site\/catalao-quer-alguem-que-tenha-humildade-equilibrio-sabedoria-e-saiba-tratar-o-povo-com-maior-dignidade-nas-proximas-eleicoes-afirma-daniel-vilela\/#primaryimage\",\"url\":\"https:\/\/juacontecimentos.com.br\/site\/wp-content\/uploads\/2020\/06\/daniel-se-coloca-a-disposicao-de-caiado-para-ajudar-no-combate-a-doenca.jpg\",\"contentUrl\":\"https:\/\/juacontecimentos.com.br\/site\/wp-content\/uploads\/2020\/06\/daniel-se-coloca-a-disposicao-de-caiado-para-ajudar-no-combate-a-doenca.jpg\",\"width\":876,\"height\":480},{\"@type\":\"BreadcrumbList\",\"@id\":\"https:\/\/juacontecimentos.com.br\/site\/catalao-quer-alguem-que-tenha-humildade-equilibrio-sabedoria-e-saiba-tratar-o-povo-com-maior-dignidade-nas-proximas-eleicoes-afirma-daniel-vilela\/#breadcrumb\",\"itemListElement\":[{\"@type\":\"ListItem\",\"position\":1,\"name\":\"In\u00edcio\",\"item\":\"https:\/\/juacontecimentos.com.br\/site\/\"},{\"@type\":\"ListItem\",\"position\":2,\"name\":\"\u201cCatal\u00e3o quer algu\u00e9m que tenha humildade, equil\u00edbrio, sabedoria e saiba tratar o povo com maior dignidade nas pr\u00f3ximas elei\u00e7\u00f5es\u201d, afirma Daniel Vilela\"}]},{\"@type\":\"WebSite\",\"@id\":\"https:\/\/juacontecimentos.com.br\/site\/#website\",\"url\":\"https:\/\/juacontecimentos.com.br\/site\/\",\"name\":\"Jornal Ultimos Acontecimentos\",\"description\":\"Catal\u00e3o e regi\u00e3o\",\"publisher\":{\"@id\":\"https:\/\/juacontecimentos.com.br\/site\/#organization\"},\"potentialAction\":[{\"@type\":\"SearchAction\",\"target\":{\"@type\":\"EntryPoint\",\"urlTemplate\":\"https:\/\/juacontecimentos.com.br\/site\/?s={search_term_string}\"},\"query-input\":{\"@type\":\"PropertyValueSpecification\",\"valueRequired\":true,\"valueName\":\"search_term_string\"}}],\"inLanguage\":\"pt-BR\"},{\"@type\":\"Organization\",\"@id\":\"https:\/\/juacontecimentos.com.br\/site\/#organization\",\"name\":\"Jornal Ultimos Acontecimentos\",\"url\":\"https:\/\/juacontecimentos.com.br\/site\/\",\"logo\":{\"@type\":\"ImageObject\",\"inLanguage\":\"pt-BR\",\"@id\":\"https:\/\/juacontecimentos.com.br\/site\/#\/schema\/logo\/image\/\",\"url\":\"https:\/\/juacontecimentos.com.br\/site\/wp-content\/uploads\/2023\/04\/Logo_Site.png\",\"contentUrl\":\"https:\/\/juacontecimentos.com.br\/site\/wp-content\/uploads\/2023\/04\/Logo_Site.png\",\"width\":2476,\"height\":530,\"caption\":\"Jornal Ultimos Acontecimentos\"},\"image\":{\"@id\":\"https:\/\/juacontecimentos.com.br\/site\/#\/schema\/logo\/image\/\"},\"sameAs\":[\"https:\/\/www.facebook.com\/jultimosacontecimentos\/\"]},{\"@type\":\"Person\",\"@id\":\"https:\/\/juacontecimentos.com.br\/site\/#\/schema\/person\/082a54e6d3fdd7a633291428521c9669\",\"name\":\"Reginaldo Ribeiro\",\"image\":{\"@type\":\"ImageObject\",\"inLanguage\":\"pt-BR\",\"@id\":\"https:\/\/juacontecimentos.com.br\/site\/#\/schema\/person\/image\/\",\"url\":\"https:\/\/secure.gravatar.com\/avatar\/5c16c6837c3490270a74d888c2a845728f06bdde1f8761de1de1d1d1ef82d12f?s=96&d=mm&r=g\",\"contentUrl\":\"https:\/\/secure.gravatar.com\/avatar\/5c16c6837c3490270a74d888c2a845728f06bdde1f8761de1de1d1d1ef82d12f?s=96&d=mm&r=g\",\"caption\":\"Reginaldo Ribeiro\"}}]}<\/script>\n<!-- \/ Yoast SEO plugin. -->","yoast_head_json":{"title":"\u201cCatal\u00e3o quer algu\u00e9m que tenha humildade, equil\u00edbrio, sabedoria e saiba tratar o povo com maior dignidade nas pr\u00f3ximas elei\u00e7\u00f5es\u201d, afirma Daniel Vilela - Jornal Ultimos Acontecimentos","robots":{"index":"index","follow":"follow","max-snippet":"max-snippet:-1","max-image-preview":"max-image-preview:large","max-video-preview":"max-video-preview:-1"},"canonical":"https:\/\/juacontecimentos.com.br\/site\/catalao-quer-alguem-que-tenha-humildade-equilibrio-sabedoria-e-saiba-tratar-o-povo-com-maior-dignidade-nas-proximas-eleicoes-afirma-daniel-vilela\/","og_locale":"pt_BR","og_type":"article","og_title":"\u201cCatal\u00e3o quer algu\u00e9m que tenha humildade, equil\u00edbrio, sabedoria e saiba tratar o povo com maior dignidade nas pr\u00f3ximas elei\u00e7\u00f5es\u201d, afirma Daniel Vilela - Jornal Ultimos Acontecimentos","og_description":"Presidente do MDB em Goi\u00e1s, diz que atual gest\u00e3o fica devendo para popula\u00e7\u00e3o e confirma pr\u00e9-candidato a prefeitura Elder Galdino Na manh\u00e3 desta segunda-feira, 8, o presidente do MDB em Goi\u00e1s, Daniel Vilela, confirmou a pr\u00e9-candidatura do agropecu\u00e1rio, Elder Galdino, para a disputa da prefeitura de Catal\u00e3o e fez duras cr\u00edticas a atual gest\u00e3o de","og_url":"https:\/\/juacontecimentos.com.br\/site\/catalao-quer-alguem-que-tenha-humildade-equilibrio-sabedoria-e-saiba-tratar-o-povo-com-maior-dignidade-nas-proximas-eleicoes-afirma-daniel-vilela\/","og_site_name":"Jornal Ultimos Acontecimentos","article_publisher":"https:\/\/www.facebook.com\/jultimosacontecimentos\/","article_published_time":"2020-06-08T16:17:25+00:00","og_image":[{"width":876,"height":480,"url":"https:\/\/juacontecimentos.com.br\/site\/wp-content\/uploads\/2020\/06\/daniel-se-coloca-a-disposicao-de-caiado-para-ajudar-no-combate-a-doenca.jpg","type":"image\/jpeg"}],"author":"Reginaldo Ribeiro","twitter_card":"summary_large_image","twitter_misc":{"Escrito por":"Reginaldo Ribeiro","Est. tempo de leitura":"2 minutos"},"schema":{"@context":"https:\/\/schema.org","@graph":[{"@type":"Article","@id":"https:\/\/juacontecimentos.com.br\/site\/catalao-quer-alguem-que-tenha-humildade-equilibrio-sabedoria-e-saiba-tratar-o-povo-com-maior-dignidade-nas-proximas-eleicoes-afirma-daniel-vilela\/#article","isPartOf":{"@id":"https:\/\/juacontecimentos.com.br\/site\/catalao-quer-alguem-que-tenha-humildade-equilibrio-sabedoria-e-saiba-tratar-o-povo-com-maior-dignidade-nas-proximas-eleicoes-afirma-daniel-vilela\/"},"author":{"name":"Reginaldo Ribeiro","@id":"https:\/\/juacontecimentos.com.br\/site\/#\/schema\/person\/082a54e6d3fdd7a633291428521c9669"},"headline":"\u201cCatal\u00e3o quer algu\u00e9m que tenha humildade, equil\u00edbrio, sabedoria e saiba tratar o povo com maior dignidade nas pr\u00f3ximas elei\u00e7\u00f5es\u201d, afirma Daniel Vilela","datePublished":"2020-06-08T16:17:25+00:00","mainEntityOfPage":{"@id":"https:\/\/juacontecimentos.com.br\/site\/catalao-quer-alguem-que-tenha-humildade-equilibrio-sabedoria-e-saiba-tratar-o-povo-com-maior-dignidade-nas-proximas-eleicoes-afirma-daniel-vilela\/"},"wordCount":397,"commentCount":0,"publisher":{"@id":"https:\/\/juacontecimentos.com.br\/site\/#organization"},"image":{"@id":"https:\/\/juacontecimentos.com.br\/site\/catalao-quer-alguem-que-tenha-humildade-equilibrio-sabedoria-e-saiba-tratar-o-povo-com-maior-dignidade-nas-proximas-eleicoes-afirma-daniel-vilela\/#primaryimage"},"thumbnailUrl":"https:\/\/juacontecimentos.com.br\/site\/wp-content\/uploads\/2020\/06\/daniel-se-coloca-a-disposicao-de-caiado-para-ajudar-no-combate-a-doenca.jpg","articleSection":["Brasil","Catal\u00e3o","Destaque","Goi\u00e1s"],"inLanguage":"pt-BR"},{"@type":"WebPage","@id":"https:\/\/juacontecimentos.com.br\/site\/catalao-quer-alguem-que-tenha-humildade-equilibrio-sabedoria-e-saiba-tratar-o-povo-com-maior-dignidade-nas-proximas-eleicoes-afirma-daniel-vilela\/","url":"https:\/\/juacontecimentos.com.br\/site\/catalao-quer-alguem-que-tenha-humildade-equilibrio-sabedoria-e-saiba-tratar-o-povo-com-maior-dignidade-nas-proximas-eleicoes-afirma-daniel-vilela\/","name":"\u201cCatal\u00e3o quer algu\u00e9m que tenha humildade, equil\u00edbrio, sabedoria e saiba tratar o povo com maior dignidade nas pr\u00f3ximas elei\u00e7\u00f5es\u201d, afirma Daniel Vilela - Jornal Ultimos Acontecimentos","isPartOf":{"@id":"https:\/\/juacontecimentos.com.br\/site\/#website"},"primaryImageOfPage":{"@id":"https:\/\/juacontecimentos.com.br\/site\/catalao-quer-alguem-que-tenha-humildade-equilibrio-sabedoria-e-saiba-tratar-o-povo-com-maior-dignidade-nas-proximas-eleicoes-afirma-daniel-vilela\/#primaryimage"},"image":{"@id":"https:\/\/juacontecimentos.com.br\/site\/catalao-quer-alguem-que-tenha-humildade-equilibrio-sabedoria-e-saiba-tratar-o-povo-com-maior-dignidade-nas-proximas-eleicoes-afirma-daniel-vilela\/#primaryimage"},"thumbnailUrl":"https:\/\/juacontecimentos.com.br\/site\/wp-content\/uploads\/2020\/06\/daniel-se-coloca-a-disposicao-de-caiado-para-ajudar-no-combate-a-doenca.jpg","datePublished":"2020-06-08T16:17:25+00:00","breadcrumb":{"@id":"https:\/\/juacontecimentos.com.br\/site\/catalao-quer-alguem-que-tenha-humildade-equilibrio-sabedoria-e-saiba-tratar-o-povo-com-maior-dignidade-nas-proximas-eleicoes-afirma-daniel-vilela\/#breadcrumb"},"inLanguage":"pt-BR","potentialAction":[{"@type":"ReadAction","target":["https:\/\/juacontecimentos.com.br\/site\/catalao-quer-alguem-que-tenha-humildade-equilibrio-sabedoria-e-saiba-tratar-o-povo-com-maior-dignidade-nas-proximas-eleicoes-afirma-daniel-vilela\/"]}]},{"@type":"ImageObject","inLanguage":"pt-BR","@id":"https:\/\/juacontecimentos.com.br\/site\/catalao-quer-alguem-que-tenha-humildade-equilibrio-sabedoria-e-saiba-tratar-o-povo-com-maior-dignidade-nas-proximas-eleicoes-afirma-daniel-vilela\/#primaryimage","url":"https:\/\/juacontecimentos.com.br\/site\/wp-content\/uploads\/2020\/06\/daniel-se-coloca-a-disposicao-de-caiado-para-ajudar-no-combate-a-doenca.jpg","contentUrl":"https:\/\/juacontecimentos.com.br\/site\/wp-content\/uploads\/2020\/06\/daniel-se-coloca-a-disposicao-de-caiado-para-ajudar-no-combate-a-doenca.jpg","width":876,"height":480},{"@type":"BreadcrumbList","@id":"https:\/\/juacontecimentos.com.br\/site\/catalao-quer-alguem-que-tenha-humildade-equilibrio-sabedoria-e-saiba-tratar-o-povo-com-maior-dignidade-nas-proximas-eleicoes-afirma-daniel-vilela\/#breadcrumb","itemListElement":[{"@type":"ListItem","position":1,"name":"In\u00edcio","item":"https:\/\/juacontecimentos.com.br\/site\/"},{"@type":"ListItem","position":2,"name":"\u201cCatal\u00e3o quer algu\u00e9m que tenha humildade, equil\u00edbrio, sabedoria e saiba tratar o povo com maior dignidade nas pr\u00f3ximas elei\u00e7\u00f5es\u201d, afirma Daniel Vilela"}]},{"@type":"WebSite","@id":"https:\/\/juacontecimentos.com.br\/site\/#website","url":"https:\/\/juacontecimentos.com.br\/site\/","name":"Jornal Ultimos Acontecimentos","description":"Catal\u00e3o e regi\u00e3o","publisher":{"@id":"https:\/\/juacontecimentos.com.br\/site\/#organization"},"potentialAction":[{"@type":"SearchAction","target":{"@type":"EntryPoint","urlTemplate":"https:\/\/juacontecimentos.com.br\/site\/?s={search_term_string}"},"query-input":{"@type":"PropertyValueSpecification","valueRequired":true,"valueName":"search_term_string"}}],"inLanguage":"pt-BR"},{"@type":"Organization","@id":"https:\/\/juacontecimentos.com.br\/site\/#organization","name":"Jornal Ultimos Acontecimentos","url":"https:\/\/juacontecimentos.com.br\/site\/","logo":{"@type":"ImageObject","inLanguage":"pt-BR","@id":"https:\/\/juacontecimentos.com.br\/site\/#\/schema\/logo\/image\/","url":"https:\/\/juacontecimentos.com.br\/site\/wp-content\/uploads\/2023\/04\/Logo_Site.png","contentUrl":"https:\/\/juacontecimentos.com.br\/site\/wp-content\/uploads\/2023\/04\/Logo_Site.png","width":2476,"height":530,"caption":"Jornal Ultimos Acontecimentos"},"image":{"@id":"https:\/\/juacontecimentos.com.br\/site\/#\/schema\/logo\/image\/"},"sameAs":["https:\/\/www.facebook.com\/jultimosacontecimentos\/"]},{"@type":"Person","@id":"https:\/\/juacontecimentos.com.br\/site\/#\/schema\/person\/082a54e6d3fdd7a633291428521c9669","name":"Reginaldo Ribeiro","image":{"@type":"ImageObject","inLanguage":"pt-BR","@id":"https:\/\/juacontecimentos.com.br\/site\/#\/schema\/person\/image\/","url":"https:\/\/secure.gravatar.com\/avatar\/5c16c6837c3490270a74d888c2a845728f06bdde1f8761de1de1d1d1ef82d12f?s=96&d=mm&r=g","contentUrl":"https:\/\/secure.gravatar.com\/avatar\/5c16c6837c3490270a74d888c2a845728f06bdde1f8761de1de1d1d1ef82d12f?s=96&d=mm&r=g","caption":"Reginaldo Ribeiro"}}]}},"_links":{"self":[{"href":"https:\/\/juacontecimentos.com.br\/site\/wp-json\/wp\/v2\/posts\/10120","targetHints":{"allow":["GET"]}}],"collection":[{"href":"https:\/\/juacontecimentos.com.br\/site\/wp-json\/wp\/v2\/posts"}],"about":[{"href":"https:\/\/juacontecimentos.com.br\/site\/wp-json\/wp\/v2\/types\/post"}],"author":[{"embeddable":true,"href":"https:\/\/juacontecimentos.com.br\/site\/wp-json\/wp\/v2\/users\/2"}],"replies":[{"embeddable":true,"href":"https:\/\/juacontecimentos.com.br\/site\/wp-json\/wp\/v2\/comments?post=10120"}],"version-history":[{"count":1,"href":"https:\/\/juacontecimentos.com.br\/site\/wp-json\/wp\/v2\/posts\/10120\/revisions"}],"predecessor-version":[{"id":10122,"href":"https:\/\/juacontecimentos.com.br\/site\/wp-json\/wp\/v2\/posts\/10120\/revisions\/10122"}],"wp:featuredmedia":[{"embeddable":true,"href":"https:\/\/juacontecimentos.com.br\/site\/wp-json\/wp\/v2\/media\/10121"}],"wp:attachment":[{"href":"https:\/\/juacontecimentos.com.br\/site\/wp-json\/wp\/v2\/media?parent=10120"}],"wp:term":[{"taxonomy":"category","embeddable":true,"href":"https:\/\/juacontecimentos.com.br\/site\/wp-json\/wp\/v2\/categories?post=10120"},{"taxonomy":"post_tag","embeddable":true,"href":"https:\/\/juacontecimentos.com.br\/site\/wp-json\/wp\/v2\/tags?post=10120"}],"curies":[{"name":"wp","href":"https:\/\/api.w.org\/{rel}","templated":true}]}}