{"id":10500,"date":"2020-07-12T06:04:03","date_gmt":"2020-07-12T09:04:03","guid":{"rendered":"http:\/\/juacontecimentos.com.br\/site\/?p=10500"},"modified":"2020-07-12T06:04:03","modified_gmt":"2020-07-12T09:04:03","slug":"convencoes-partidarias-devem-ser-realizadas-de-31-de-agosto-16-de-setembro","status":"publish","type":"post","link":"https:\/\/juacontecimentos.com.br\/site\/convencoes-partidarias-devem-ser-realizadas-de-31-de-agosto-16-de-setembro\/","title":{"rendered":"Conven\u00e7\u00f5es partid\u00e1rias devem ser realizadas de 31 de agosto a 16 de setembro"},"content":{"rendered":"<p>Com a promulga\u00e7\u00e3o da Emenda Constitucional (EC) n\u00ba 107\/2020, que adiou as Elei\u00e7\u00f5es Municipais 2020, todos os prazos eleitorais previstos para o m\u00eas de julho foram prorrogados por 42 dias, proporcionalmente ao adiamento da vota\u00e7\u00e3o. Assim, as conven\u00e7\u00f5es partid\u00e1rias para a escolha de candidatos, que aconteceriam de 20 de julho a 5 de agosto, ser\u00e3o realizadas no per\u00edodo de 31 de agosto a 16 de setembro.<\/p>\n<p>Para atender \u00e0s recomenda\u00e7\u00f5es m\u00e9dicas e sanit\u00e1rias impostas pelo cen\u00e1rio de pandemia provocada pelo novo coronav\u00edrus, os partidos pol\u00edticos poder\u00e3o realizar suas conven\u00e7\u00f5es em formato virtual para a escolha de candidatos e forma\u00e7\u00e3o de coliga\u00e7\u00f5es majorit\u00e1rias, bem como para a defini\u00e7\u00e3o dos crit\u00e9rios de distribui\u00e7\u00e3o dos recursos do Fundo Especial de Financiamento de Campanha (FEFC). As legendas devem garantir ampla publicidade, a todos os seus filiados, das datas e medidas que ser\u00e3o adotadas.<\/p>\n<p>As agremia\u00e7\u00f5es ter\u00e3o autonomia para utilizar as ferramentas tecnol\u00f3gicas que entenderem mais adequadas para as conven\u00e7\u00f5es virtuais, desde que obede\u00e7am aos prazos aplic\u00e1veis nas Elei\u00e7\u00f5es 2020 e \u00e0s regras gerais da\u00a0<a href=\"http:\/\/www.planalto.gov.br\/ccivil_03\/leis\/l9504.htm\">Lei n\u00ba 9.504\/1997<\/a>\u00a0(Lei das Elei\u00e7\u00f5es) e da\u00a0<a href=\"http:\/\/www.tse.jus.br\/legislacao\/compilada\/res\/2019\/resolucao-no-23-609-de-18-de-dezembro-de-2019\">Resolu\u00e7\u00e3o TSE n\u00ba 23.609\/2019<\/a>, com as adapta\u00e7\u00f5es previstas quanto \u00e0 abertura do livro-ata, registro de dados, lista de presen\u00e7a e respectivas assinaturas.<\/p>\n<p><strong>Resolu\u00e7\u00e3o<\/strong><\/p>\n<p>A\u00a0<a href=\"http:\/\/www.tse.jus.br\/imprensa\/noticias-tse\/arquivos\/resolucao-tse-no-23-623-2020-sobre-convencoes-partidarias-virtuais-em-06-07-2020\">Resolu\u00e7\u00e3o TSE n\u00ba 23.623\/2020<\/a>\u00a0estabelece as formas de compatibilizar a realiza\u00e7\u00e3o das conven\u00e7\u00f5es por meio virtual com as exig\u00eancias legais e regulamentares que permitem validar a veracidade das informa\u00e7\u00f5es inseridas nas atas.<\/p>\n<p>Entre outros pontos, o documento estabelece que o m\u00f3dulo externo do Sistema de Candidaturas (CANDex) funcionar\u00e1 como livro-ata da conven\u00e7\u00e3o virtual, registrando-se diretamente na ferramenta as informa\u00e7\u00f5es relativas \u00e0 ata e \u00e0 lista dos presentes.<\/p>\n<p>O partido que j\u00e1 disp\u00f5e de livro aberto e rubricado pela Justi\u00e7a Eleitoral pode, a seu crit\u00e9rio, utiliz\u00e1-lo para registrar a ata da conven\u00e7\u00e3o e a lista de presen\u00e7a. As informa\u00e7\u00f5es ser\u00e3o posteriormente inseridas no sistema CANDex.<\/p>\n<p>A lista de presen\u00e7a poder\u00e1 ser registrada por diversos meios: assinatura eletr\u00f4nica, registro de \u00e1udio e v\u00eddeo, coleta presencial, ou qualquer outro mecanismo que possibilite a efetiva identifica\u00e7\u00e3o dos participantes e sua anu\u00eancia com o conte\u00fado da ata. No caso da coleta presencial, devem ser observadas as leis e as regras sanit\u00e1rias previstas na respectiva localidade.<\/p>\n<p>Posteriormente, as atas ser\u00e3o publicadas no Portal do Tribunal Superior Eleitoral (TSE), no sistema de Divulga\u00e7\u00e3o de Candidaturas e Contas Eleitorais (DivulgaCandContas), conforme determinado pela Resolu\u00e7\u00e3o n\u00ba 23.609\/2019.<\/p>\n<p><strong>Anula\u00e7\u00e3o<\/strong><\/p>\n<p>Ainda conforme a legisla\u00e7\u00e3o, caso a conven\u00e7\u00e3o partid\u00e1ria de n\u00edvel inferior se oponha \u00e0s diretrizes estabelecidas pelo Diret\u00f3rio Nacional, nos termos do respectivo estatuto, o \u00f3rg\u00e3o poder\u00e1 anular a delibera\u00e7\u00e3o e os atos dela decorrentes, assegurados o contradit\u00f3rio e a ampla defesa, e comunicar a decis\u00e3o \u00e0 Justi\u00e7a Eleitoral at\u00e9 30 dias ap\u00f3s a data-limite para o registro de candidatos.<\/p>\n<p>Caso a anula\u00e7\u00e3o exija a escolha de novos candidatos, o pedido de registro poder\u00e1 ser apresentado \u00e0 Justi\u00e7a Eleitoral nos dez dias subsequentes \u00e0 anula\u00e7\u00e3o.<br \/>\n<\/p>\n","protected":false},"excerpt":{"rendered":"<p>Com a promulga\u00e7\u00e3o da Emenda Constitucional (EC) n\u00ba 107\/2020, que adiou as Elei\u00e7\u00f5es Municipais 2020, todos os prazos eleitorais previstos para o m\u00eas de julho foram prorrogados por 42 dias, proporcionalmente ao adiamento da vota\u00e7\u00e3o. Assim, as conven\u00e7\u00f5es partid\u00e1rias para a escolha de candidatos, que aconteceriam de 20 de julho a 5 de agosto, ser\u00e3o<\/p>\n","protected":false},"author":2,"featured_media":10501,"comment_status":"open","ping_status":"open","sticky":false,"template":"","format":"standard","meta":{"footnotes":""},"categories":[27,22,26,23],"tags":[],"class_list":["post-10500","post","type-post","status-publish","format-standard","has-post-thumbnail","hentry","category-brasil","category-catalao","category-destaque","category-goias"],"yoast_head":"<!-- This site is optimized with the Yoast SEO plugin v25.8 - https:\/\/yoast.com\/wordpress\/plugins\/seo\/ -->\n<title>Conven\u00e7\u00f5es partid\u00e1rias devem ser realizadas de 31 de agosto a 16 de setembro - Jornal Ultimos Acontecimentos<\/title>\n<meta name=\"robots\" content=\"index, follow, max-snippet:-1, max-image-preview:large, max-video-preview:-1\" \/>\n<link rel=\"canonical\" href=\"https:\/\/juacontecimentos.com.br\/site\/convencoes-partidarias-devem-ser-realizadas-de-31-de-agosto-16-de-setembro\/\" \/>\n<meta property=\"og:locale\" content=\"pt_BR\" \/>\n<meta property=\"og:type\" content=\"article\" \/>\n<meta property=\"og:title\" content=\"Conven\u00e7\u00f5es partid\u00e1rias devem ser realizadas de 31 de agosto a 16 de setembro - Jornal Ultimos Acontecimentos\" \/>\n<meta property=\"og:description\" content=\"Com a promulga\u00e7\u00e3o da Emenda Constitucional (EC) n\u00ba 107\/2020, que adiou as Elei\u00e7\u00f5es Municipais 2020, todos os prazos eleitorais previstos para o m\u00eas de julho foram prorrogados por 42 dias, proporcionalmente ao adiamento da vota\u00e7\u00e3o. Assim, as conven\u00e7\u00f5es partid\u00e1rias para a escolha de candidatos, que aconteceriam de 20 de julho a 5 de agosto, ser\u00e3o\" \/>\n<meta property=\"og:url\" content=\"https:\/\/juacontecimentos.com.br\/site\/convencoes-partidarias-devem-ser-realizadas-de-31-de-agosto-16-de-setembro\/\" \/>\n<meta property=\"og:site_name\" content=\"Jornal Ultimos Acontecimentos\" \/>\n<meta property=\"article:publisher\" content=\"https:\/\/www.facebook.com\/jultimosacontecimentos\/\" \/>\n<meta property=\"article:published_time\" content=\"2020-07-12T09:04:03+00:00\" \/>\n<meta property=\"og:image\" content=\"https:\/\/juacontecimentos.com.br\/site\/wp-content\/uploads\/2020\/07\/justi\u00e7a-urna-elei\u00e7\u00e3o-e1585876758187.jpg\" \/>\n\t<meta property=\"og:image:width\" content=\"622\" \/>\n\t<meta property=\"og:image:height\" content=\"352\" \/>\n\t<meta property=\"og:image:type\" content=\"image\/jpeg\" \/>\n<meta name=\"author\" content=\"Reginaldo Ribeiro\" \/>\n<meta name=\"twitter:card\" content=\"summary_large_image\" \/>\n<meta name=\"twitter:label1\" content=\"Escrito por\" \/>\n\t<meta name=\"twitter:data1\" content=\"Reginaldo Ribeiro\" \/>\n\t<meta name=\"twitter:label2\" content=\"Est. tempo de leitura\" \/>\n\t<meta name=\"twitter:data2\" content=\"3 minutos\" \/>\n<script type=\"application\/ld+json\" class=\"yoast-schema-graph\">{\"@context\":\"https:\/\/schema.org\",\"@graph\":[{\"@type\":\"Article\",\"@id\":\"https:\/\/juacontecimentos.com.br\/site\/convencoes-partidarias-devem-ser-realizadas-de-31-de-agosto-16-de-setembro\/#article\",\"isPartOf\":{\"@id\":\"https:\/\/juacontecimentos.com.br\/site\/convencoes-partidarias-devem-ser-realizadas-de-31-de-agosto-16-de-setembro\/\"},\"author\":{\"name\":\"Reginaldo Ribeiro\",\"@id\":\"https:\/\/juacontecimentos.com.br\/site\/#\/schema\/person\/082a54e6d3fdd7a633291428521c9669\"},\"headline\":\"Conven\u00e7\u00f5es partid\u00e1rias devem ser realizadas de 31 de agosto a 16 de setembro\",\"datePublished\":\"2020-07-12T09:04:03+00:00\",\"mainEntityOfPage\":{\"@id\":\"https:\/\/juacontecimentos.com.br\/site\/convencoes-partidarias-devem-ser-realizadas-de-31-de-agosto-16-de-setembro\/\"},\"wordCount\":546,\"commentCount\":0,\"publisher\":{\"@id\":\"https:\/\/juacontecimentos.com.br\/site\/#organization\"},\"image\":{\"@id\":\"https:\/\/juacontecimentos.com.br\/site\/convencoes-partidarias-devem-ser-realizadas-de-31-de-agosto-16-de-setembro\/#primaryimage\"},\"thumbnailUrl\":\"https:\/\/juacontecimentos.com.br\/site\/wp-content\/uploads\/2020\/07\/justi\u00e7a-urna-elei\u00e7\u00e3o-e1585876758187.jpg\",\"articleSection\":[\"Brasil\",\"Catal\u00e3o\",\"Destaque\",\"Goi\u00e1s\"],\"inLanguage\":\"pt-BR\"},{\"@type\":\"WebPage\",\"@id\":\"https:\/\/juacontecimentos.com.br\/site\/convencoes-partidarias-devem-ser-realizadas-de-31-de-agosto-16-de-setembro\/\",\"url\":\"https:\/\/juacontecimentos.com.br\/site\/convencoes-partidarias-devem-ser-realizadas-de-31-de-agosto-16-de-setembro\/\",\"name\":\"Conven\u00e7\u00f5es partid\u00e1rias devem ser realizadas de 31 de agosto a 16 de setembro - Jornal Ultimos Acontecimentos\",\"isPartOf\":{\"@id\":\"https:\/\/juacontecimentos.com.br\/site\/#website\"},\"primaryImageOfPage\":{\"@id\":\"https:\/\/juacontecimentos.com.br\/site\/convencoes-partidarias-devem-ser-realizadas-de-31-de-agosto-16-de-setembro\/#primaryimage\"},\"image\":{\"@id\":\"https:\/\/juacontecimentos.com.br\/site\/convencoes-partidarias-devem-ser-realizadas-de-31-de-agosto-16-de-setembro\/#primaryimage\"},\"thumbnailUrl\":\"https:\/\/juacontecimentos.com.br\/site\/wp-content\/uploads\/2020\/07\/justi\u00e7a-urna-elei\u00e7\u00e3o-e1585876758187.jpg\",\"datePublished\":\"2020-07-12T09:04:03+00:00\",\"breadcrumb\":{\"@id\":\"https:\/\/juacontecimentos.com.br\/site\/convencoes-partidarias-devem-ser-realizadas-de-31-de-agosto-16-de-setembro\/#breadcrumb\"},\"inLanguage\":\"pt-BR\",\"potentialAction\":[{\"@type\":\"ReadAction\",\"target\":[\"https:\/\/juacontecimentos.com.br\/site\/convencoes-partidarias-devem-ser-realizadas-de-31-de-agosto-16-de-setembro\/\"]}]},{\"@type\":\"ImageObject\",\"inLanguage\":\"pt-BR\",\"@id\":\"https:\/\/juacontecimentos.com.br\/site\/convencoes-partidarias-devem-ser-realizadas-de-31-de-agosto-16-de-setembro\/#primaryimage\",\"url\":\"https:\/\/juacontecimentos.com.br\/site\/wp-content\/uploads\/2020\/07\/justi\u00e7a-urna-elei\u00e7\u00e3o-e1585876758187.jpg\",\"contentUrl\":\"https:\/\/juacontecimentos.com.br\/site\/wp-content\/uploads\/2020\/07\/justi\u00e7a-urna-elei\u00e7\u00e3o-e1585876758187.jpg\",\"width\":622,\"height\":352},{\"@type\":\"BreadcrumbList\",\"@id\":\"https:\/\/juacontecimentos.com.br\/site\/convencoes-partidarias-devem-ser-realizadas-de-31-de-agosto-16-de-setembro\/#breadcrumb\",\"itemListElement\":[{\"@type\":\"ListItem\",\"position\":1,\"name\":\"In\u00edcio\",\"item\":\"https:\/\/juacontecimentos.com.br\/site\/\"},{\"@type\":\"ListItem\",\"position\":2,\"name\":\"Conven\u00e7\u00f5es partid\u00e1rias devem ser realizadas de 31 de agosto a 16 de setembro\"}]},{\"@type\":\"WebSite\",\"@id\":\"https:\/\/juacontecimentos.com.br\/site\/#website\",\"url\":\"https:\/\/juacontecimentos.com.br\/site\/\",\"name\":\"Jornal Ultimos Acontecimentos\",\"description\":\"Catal\u00e3o e regi\u00e3o\",\"publisher\":{\"@id\":\"https:\/\/juacontecimentos.com.br\/site\/#organization\"},\"potentialAction\":[{\"@type\":\"SearchAction\",\"target\":{\"@type\":\"EntryPoint\",\"urlTemplate\":\"https:\/\/juacontecimentos.com.br\/site\/?s={search_term_string}\"},\"query-input\":{\"@type\":\"PropertyValueSpecification\",\"valueRequired\":true,\"valueName\":\"search_term_string\"}}],\"inLanguage\":\"pt-BR\"},{\"@type\":\"Organization\",\"@id\":\"https:\/\/juacontecimentos.com.br\/site\/#organization\",\"name\":\"Jornal Ultimos Acontecimentos\",\"url\":\"https:\/\/juacontecimentos.com.br\/site\/\",\"logo\":{\"@type\":\"ImageObject\",\"inLanguage\":\"pt-BR\",\"@id\":\"https:\/\/juacontecimentos.com.br\/site\/#\/schema\/logo\/image\/\",\"url\":\"https:\/\/juacontecimentos.com.br\/site\/wp-content\/uploads\/2023\/04\/Logo_Site.png\",\"contentUrl\":\"https:\/\/juacontecimentos.com.br\/site\/wp-content\/uploads\/2023\/04\/Logo_Site.png\",\"width\":2476,\"height\":530,\"caption\":\"Jornal Ultimos Acontecimentos\"},\"image\":{\"@id\":\"https:\/\/juacontecimentos.com.br\/site\/#\/schema\/logo\/image\/\"},\"sameAs\":[\"https:\/\/www.facebook.com\/jultimosacontecimentos\/\"]},{\"@type\":\"Person\",\"@id\":\"https:\/\/juacontecimentos.com.br\/site\/#\/schema\/person\/082a54e6d3fdd7a633291428521c9669\",\"name\":\"Reginaldo Ribeiro\",\"image\":{\"@type\":\"ImageObject\",\"inLanguage\":\"pt-BR\",\"@id\":\"https:\/\/juacontecimentos.com.br\/site\/#\/schema\/person\/image\/\",\"url\":\"https:\/\/secure.gravatar.com\/avatar\/5c16c6837c3490270a74d888c2a845728f06bdde1f8761de1de1d1d1ef82d12f?s=96&d=mm&r=g\",\"contentUrl\":\"https:\/\/secure.gravatar.com\/avatar\/5c16c6837c3490270a74d888c2a845728f06bdde1f8761de1de1d1d1ef82d12f?s=96&d=mm&r=g\",\"caption\":\"Reginaldo Ribeiro\"}}]}<\/script>\n<!-- \/ Yoast SEO plugin. -->","yoast_head_json":{"title":"Conven\u00e7\u00f5es partid\u00e1rias devem ser realizadas de 31 de agosto a 16 de setembro - Jornal Ultimos Acontecimentos","robots":{"index":"index","follow":"follow","max-snippet":"max-snippet:-1","max-image-preview":"max-image-preview:large","max-video-preview":"max-video-preview:-1"},"canonical":"https:\/\/juacontecimentos.com.br\/site\/convencoes-partidarias-devem-ser-realizadas-de-31-de-agosto-16-de-setembro\/","og_locale":"pt_BR","og_type":"article","og_title":"Conven\u00e7\u00f5es partid\u00e1rias devem ser realizadas de 31 de agosto a 16 de setembro - Jornal Ultimos Acontecimentos","og_description":"Com a promulga\u00e7\u00e3o da Emenda Constitucional (EC) n\u00ba 107\/2020, que adiou as Elei\u00e7\u00f5es Municipais 2020, todos os prazos eleitorais previstos para o m\u00eas de julho foram prorrogados por 42 dias, proporcionalmente ao adiamento da vota\u00e7\u00e3o. Assim, as conven\u00e7\u00f5es partid\u00e1rias para a escolha de candidatos, que aconteceriam de 20 de julho a 5 de agosto, ser\u00e3o","og_url":"https:\/\/juacontecimentos.com.br\/site\/convencoes-partidarias-devem-ser-realizadas-de-31-de-agosto-16-de-setembro\/","og_site_name":"Jornal Ultimos Acontecimentos","article_publisher":"https:\/\/www.facebook.com\/jultimosacontecimentos\/","article_published_time":"2020-07-12T09:04:03+00:00","og_image":[{"width":622,"height":352,"url":"https:\/\/juacontecimentos.com.br\/site\/wp-content\/uploads\/2020\/07\/justi\u00e7a-urna-elei\u00e7\u00e3o-e1585876758187.jpg","type":"image\/jpeg"}],"author":"Reginaldo Ribeiro","twitter_card":"summary_large_image","twitter_misc":{"Escrito por":"Reginaldo Ribeiro","Est. tempo de leitura":"3 minutos"},"schema":{"@context":"https:\/\/schema.org","@graph":[{"@type":"Article","@id":"https:\/\/juacontecimentos.com.br\/site\/convencoes-partidarias-devem-ser-realizadas-de-31-de-agosto-16-de-setembro\/#article","isPartOf":{"@id":"https:\/\/juacontecimentos.com.br\/site\/convencoes-partidarias-devem-ser-realizadas-de-31-de-agosto-16-de-setembro\/"},"author":{"name":"Reginaldo Ribeiro","@id":"https:\/\/juacontecimentos.com.br\/site\/#\/schema\/person\/082a54e6d3fdd7a633291428521c9669"},"headline":"Conven\u00e7\u00f5es partid\u00e1rias devem ser realizadas de 31 de agosto a 16 de setembro","datePublished":"2020-07-12T09:04:03+00:00","mainEntityOfPage":{"@id":"https:\/\/juacontecimentos.com.br\/site\/convencoes-partidarias-devem-ser-realizadas-de-31-de-agosto-16-de-setembro\/"},"wordCount":546,"commentCount":0,"publisher":{"@id":"https:\/\/juacontecimentos.com.br\/site\/#organization"},"image":{"@id":"https:\/\/juacontecimentos.com.br\/site\/convencoes-partidarias-devem-ser-realizadas-de-31-de-agosto-16-de-setembro\/#primaryimage"},"thumbnailUrl":"https:\/\/juacontecimentos.com.br\/site\/wp-content\/uploads\/2020\/07\/justi\u00e7a-urna-elei\u00e7\u00e3o-e1585876758187.jpg","articleSection":["Brasil","Catal\u00e3o","Destaque","Goi\u00e1s"],"inLanguage":"pt-BR"},{"@type":"WebPage","@id":"https:\/\/juacontecimentos.com.br\/site\/convencoes-partidarias-devem-ser-realizadas-de-31-de-agosto-16-de-setembro\/","url":"https:\/\/juacontecimentos.com.br\/site\/convencoes-partidarias-devem-ser-realizadas-de-31-de-agosto-16-de-setembro\/","name":"Conven\u00e7\u00f5es partid\u00e1rias devem ser realizadas de 31 de agosto a 16 de setembro - Jornal Ultimos Acontecimentos","isPartOf":{"@id":"https:\/\/juacontecimentos.com.br\/site\/#website"},"primaryImageOfPage":{"@id":"https:\/\/juacontecimentos.com.br\/site\/convencoes-partidarias-devem-ser-realizadas-de-31-de-agosto-16-de-setembro\/#primaryimage"},"image":{"@id":"https:\/\/juacontecimentos.com.br\/site\/convencoes-partidarias-devem-ser-realizadas-de-31-de-agosto-16-de-setembro\/#primaryimage"},"thumbnailUrl":"https:\/\/juacontecimentos.com.br\/site\/wp-content\/uploads\/2020\/07\/justi\u00e7a-urna-elei\u00e7\u00e3o-e1585876758187.jpg","datePublished":"2020-07-12T09:04:03+00:00","breadcrumb":{"@id":"https:\/\/juacontecimentos.com.br\/site\/convencoes-partidarias-devem-ser-realizadas-de-31-de-agosto-16-de-setembro\/#breadcrumb"},"inLanguage":"pt-BR","potentialAction":[{"@type":"ReadAction","target":["https:\/\/juacontecimentos.com.br\/site\/convencoes-partidarias-devem-ser-realizadas-de-31-de-agosto-16-de-setembro\/"]}]},{"@type":"ImageObject","inLanguage":"pt-BR","@id":"https:\/\/juacontecimentos.com.br\/site\/convencoes-partidarias-devem-ser-realizadas-de-31-de-agosto-16-de-setembro\/#primaryimage","url":"https:\/\/juacontecimentos.com.br\/site\/wp-content\/uploads\/2020\/07\/justi\u00e7a-urna-elei\u00e7\u00e3o-e1585876758187.jpg","contentUrl":"https:\/\/juacontecimentos.com.br\/site\/wp-content\/uploads\/2020\/07\/justi\u00e7a-urna-elei\u00e7\u00e3o-e1585876758187.jpg","width":622,"height":352},{"@type":"BreadcrumbList","@id":"https:\/\/juacontecimentos.com.br\/site\/convencoes-partidarias-devem-ser-realizadas-de-31-de-agosto-16-de-setembro\/#breadcrumb","itemListElement":[{"@type":"ListItem","position":1,"name":"In\u00edcio","item":"https:\/\/juacontecimentos.com.br\/site\/"},{"@type":"ListItem","position":2,"name":"Conven\u00e7\u00f5es partid\u00e1rias devem ser realizadas de 31 de agosto a 16 de setembro"}]},{"@type":"WebSite","@id":"https:\/\/juacontecimentos.com.br\/site\/#website","url":"https:\/\/juacontecimentos.com.br\/site\/","name":"Jornal Ultimos Acontecimentos","description":"Catal\u00e3o e regi\u00e3o","publisher":{"@id":"https:\/\/juacontecimentos.com.br\/site\/#organization"},"potentialAction":[{"@type":"SearchAction","target":{"@type":"EntryPoint","urlTemplate":"https:\/\/juacontecimentos.com.br\/site\/?s={search_term_string}"},"query-input":{"@type":"PropertyValueSpecification","valueRequired":true,"valueName":"search_term_string"}}],"inLanguage":"pt-BR"},{"@type":"Organization","@id":"https:\/\/juacontecimentos.com.br\/site\/#organization","name":"Jornal Ultimos Acontecimentos","url":"https:\/\/juacontecimentos.com.br\/site\/","logo":{"@type":"ImageObject","inLanguage":"pt-BR","@id":"https:\/\/juacontecimentos.com.br\/site\/#\/schema\/logo\/image\/","url":"https:\/\/juacontecimentos.com.br\/site\/wp-content\/uploads\/2023\/04\/Logo_Site.png","contentUrl":"https:\/\/juacontecimentos.com.br\/site\/wp-content\/uploads\/2023\/04\/Logo_Site.png","width":2476,"height":530,"caption":"Jornal Ultimos Acontecimentos"},"image":{"@id":"https:\/\/juacontecimentos.com.br\/site\/#\/schema\/logo\/image\/"},"sameAs":["https:\/\/www.facebook.com\/jultimosacontecimentos\/"]},{"@type":"Person","@id":"https:\/\/juacontecimentos.com.br\/site\/#\/schema\/person\/082a54e6d3fdd7a633291428521c9669","name":"Reginaldo Ribeiro","image":{"@type":"ImageObject","inLanguage":"pt-BR","@id":"https:\/\/juacontecimentos.com.br\/site\/#\/schema\/person\/image\/","url":"https:\/\/secure.gravatar.com\/avatar\/5c16c6837c3490270a74d888c2a845728f06bdde1f8761de1de1d1d1ef82d12f?s=96&d=mm&r=g","contentUrl":"https:\/\/secure.gravatar.com\/avatar\/5c16c6837c3490270a74d888c2a845728f06bdde1f8761de1de1d1d1ef82d12f?s=96&d=mm&r=g","caption":"Reginaldo Ribeiro"}}]}},"_links":{"self":[{"href":"https:\/\/juacontecimentos.com.br\/site\/wp-json\/wp\/v2\/posts\/10500","targetHints":{"allow":["GET"]}}],"collection":[{"href":"https:\/\/juacontecimentos.com.br\/site\/wp-json\/wp\/v2\/posts"}],"about":[{"href":"https:\/\/juacontecimentos.com.br\/site\/wp-json\/wp\/v2\/types\/post"}],"author":[{"embeddable":true,"href":"https:\/\/juacontecimentos.com.br\/site\/wp-json\/wp\/v2\/users\/2"}],"replies":[{"embeddable":true,"href":"https:\/\/juacontecimentos.com.br\/site\/wp-json\/wp\/v2\/comments?post=10500"}],"version-history":[{"count":1,"href":"https:\/\/juacontecimentos.com.br\/site\/wp-json\/wp\/v2\/posts\/10500\/revisions"}],"predecessor-version":[{"id":10502,"href":"https:\/\/juacontecimentos.com.br\/site\/wp-json\/wp\/v2\/posts\/10500\/revisions\/10502"}],"wp:featuredmedia":[{"embeddable":true,"href":"https:\/\/juacontecimentos.com.br\/site\/wp-json\/wp\/v2\/media\/10501"}],"wp:attachment":[{"href":"https:\/\/juacontecimentos.com.br\/site\/wp-json\/wp\/v2\/media?parent=10500"}],"wp:term":[{"taxonomy":"category","embeddable":true,"href":"https:\/\/juacontecimentos.com.br\/site\/wp-json\/wp\/v2\/categories?post=10500"},{"taxonomy":"post_tag","embeddable":true,"href":"https:\/\/juacontecimentos.com.br\/site\/wp-json\/wp\/v2\/tags?post=10500"}],"curies":[{"name":"wp","href":"https:\/\/api.w.org\/{rel}","templated":true}]}}