{"id":10540,"date":"2020-07-16T06:32:18","date_gmt":"2020-07-16T09:32:18","guid":{"rendered":"http:\/\/juacontecimentos.com.br\/site\/?p=10540"},"modified":"2020-07-16T06:32:18","modified_gmt":"2020-07-16T09:32:18","slug":"em-novo-decreto-caldas-novas-fecha-todo-comercio-nos-finais-de-semana-de-julho","status":"publish","type":"post","link":"https:\/\/juacontecimentos.com.br\/site\/em-novo-decreto-caldas-novas-fecha-todo-comercio-nos-finais-de-semana-de-julho\/","title":{"rendered":"Em novo decreto, Caldas Novas fecha todo com\u00e9rcio nos finais de semana de julho"},"content":{"rendered":"<h3>Medida ainda prev\u00ea proibi\u00e7\u00e3o de venda de bebidas alco\u00f3licas nos s\u00e1bados e domingos deste m\u00eas.<\/h3>\n<p>Decreto assinado nesta quarta-feira (15) pelo prefeito de Caldas Novas, Evandro Magal (PR), muda hor\u00e1rios de funcionamento e determina o fechamento de todo com\u00e9rcio nos finais de semana deste m\u00eas. Restaurantes, pizzarias e pit dogs podem ficar abertos at\u00e9 a meia-noite. J\u00e1 nos finais de semana estar\u00e1 proibida a venda de bebida alco\u00f3lica em qualquer local, inclusive por meio de delivery e drive thru.<\/p>\n<p>Caldas Novas tem hoje 183 confirma\u00e7\u00f5es da infec\u00e7\u00e3o pelo v\u00edrus SARS-CoV-2, al\u00e9m de outras 596 suspeitas. De acordo com a Secretaria Municipal de Sa\u00fade da cidade, 18 pessoas testaram positivo hoje e entraram nesta estat\u00edstica. Outras 11 pessoas que j\u00e1 tinham sido infectadas j\u00e1 est\u00e3o curadas e somam 79. Desde o in\u00edcio do m\u00eas a cidade est\u00e1 aberta para o turismo com uma s\u00e9rie de regras, como redu\u00e7\u00e3o de reservas em hoteis e regras para higieniza\u00e7\u00e3o de \u00e1reas comuns.<\/p>\n<p>Segundo o decreto publicado hoje, o com\u00e9rcio varejista dever\u00e1 fechar \u00e0s 18 horas. J\u00e1 os sal\u00f5es de beleza, barbearias, academias, est\u00fadios de pilates e cl\u00ednicas de fisioterapia tem limite at\u00e9 22 horas. Supermercados, frutarias, a\u00e7ougues, verdur\u00f5es, padarias, lanchonetes, distribuidoras de bebidas, bares, Feira do Luar, lojas de souvenires e lembran\u00e7as tamb\u00e9m devem fechar at\u00e9 as 22 horas.<\/p>\n<p>S\u00f3 poder\u00e3o funcionar nos pr\u00f3ximos finais de semana de julho farm\u00e1cias, postos de combust\u00edvel, distribuidoras de g\u00e1s, padarias (at\u00e9 11 horas), unidades de sa\u00fade, inclusive veterin\u00e1rias, somente para os casos de urg\u00eancia e emerg\u00eancia. Tamb\u00e9m est\u00e3o permitidos plant\u00f5es de atendimento de emerg\u00eancia no sistema de abastecimento de \u00e1gua e energia, al\u00e9m de internet e restaurantes e borracharias localizadas nas rodovias de acesso a Caldas Novas.<\/p>\n<p>O delivery n\u00e3o tem mais limita\u00e7\u00e3o de hor\u00e1rio de funcionamento e o drive thru est\u00e1 permitido somente para entrega de refei\u00e7\u00f5es e lanches. As feiras livres podem ocorrer de segunda a sexta-feira at\u00e9 as 22 horas. A prefeitura ressalta que continua proibido qualquer tipo de aglomera\u00e7\u00e3o em locais p\u00fablicos ou privados, inclusive residenciais e permanece obrigat\u00f3rio o uso de m\u00e1scaras faciais. O decreto ainda diz que crian\u00e7as menores de 12 anos poder\u00e3o frequentar os estabelecimentos comerciais em que seja indispens\u00e1vel sua presen\u00e7a enquanto consumidoras finais.<br \/>\n<\/p>\n","protected":false},"excerpt":{"rendered":"<p>Medida ainda prev\u00ea proibi\u00e7\u00e3o de venda de bebidas alco\u00f3licas nos s\u00e1bados e domingos deste m\u00eas. Decreto assinado nesta quarta-feira (15) pelo prefeito de Caldas Novas, Evandro Magal (PR), muda hor\u00e1rios de funcionamento e determina o fechamento de todo com\u00e9rcio nos finais de semana deste m\u00eas. Restaurantes, pizzarias e pit dogs podem ficar abertos at\u00e9 a<\/p>\n","protected":false},"author":2,"featured_media":10541,"comment_status":"open","ping_status":"open","sticky":false,"template":"","format":"standard","meta":{"footnotes":""},"categories":[27,22,26,23],"tags":[],"class_list":["post-10540","post","type-post","status-publish","format-standard","has-post-thumbnail","hentry","category-brasil","category-catalao","category-destaque","category-goias"],"yoast_head":"<!-- This site is optimized with the Yoast SEO plugin v25.8 - https:\/\/yoast.com\/wordpress\/plugins\/seo\/ -->\n<title>Em novo decreto, Caldas Novas fecha todo com\u00e9rcio nos finais de semana de julho - Jornal Ultimos Acontecimentos<\/title>\n<meta name=\"robots\" content=\"index, follow, max-snippet:-1, max-image-preview:large, max-video-preview:-1\" \/>\n<link rel=\"canonical\" href=\"https:\/\/juacontecimentos.com.br\/site\/em-novo-decreto-caldas-novas-fecha-todo-comercio-nos-finais-de-semana-de-julho\/\" \/>\n<meta property=\"og:locale\" content=\"pt_BR\" \/>\n<meta property=\"og:type\" content=\"article\" \/>\n<meta property=\"og:title\" content=\"Em novo decreto, Caldas Novas fecha todo com\u00e9rcio nos finais de semana de julho - Jornal Ultimos Acontecimentos\" \/>\n<meta property=\"og:description\" content=\"Medida ainda prev\u00ea proibi\u00e7\u00e3o de venda de bebidas alco\u00f3licas nos s\u00e1bados e domingos deste m\u00eas. Decreto assinado nesta quarta-feira (15) pelo prefeito de Caldas Novas, Evandro Magal (PR), muda hor\u00e1rios de funcionamento e determina o fechamento de todo com\u00e9rcio nos finais de semana deste m\u00eas. Restaurantes, pizzarias e pit dogs podem ficar abertos at\u00e9 a\" \/>\n<meta property=\"og:url\" content=\"https:\/\/juacontecimentos.com.br\/site\/em-novo-decreto-caldas-novas-fecha-todo-comercio-nos-finais-de-semana-de-julho\/\" \/>\n<meta property=\"og:site_name\" content=\"Jornal Ultimos Acontecimentos\" \/>\n<meta property=\"article:publisher\" content=\"https:\/\/www.facebook.com\/jultimosacontecimentos\/\" \/>\n<meta property=\"article:published_time\" content=\"2020-07-16T09:32:18+00:00\" \/>\n<meta property=\"og:image\" content=\"https:\/\/juacontecimentos.com.br\/site\/wp-content\/uploads\/2020\/07\/image-3.jpg\" \/>\n\t<meta property=\"og:image:width\" content=\"800\" \/>\n\t<meta property=\"og:image:height\" content=\"450\" \/>\n\t<meta property=\"og:image:type\" content=\"image\/jpeg\" \/>\n<meta name=\"author\" content=\"Reginaldo Ribeiro\" \/>\n<meta name=\"twitter:card\" content=\"summary_large_image\" \/>\n<meta name=\"twitter:label1\" content=\"Escrito por\" \/>\n\t<meta name=\"twitter:data1\" content=\"Reginaldo Ribeiro\" \/>\n\t<meta name=\"twitter:label2\" content=\"Est. tempo de leitura\" \/>\n\t<meta name=\"twitter:data2\" content=\"2 minutos\" \/>\n<script type=\"application\/ld+json\" class=\"yoast-schema-graph\">{\"@context\":\"https:\/\/schema.org\",\"@graph\":[{\"@type\":\"Article\",\"@id\":\"https:\/\/juacontecimentos.com.br\/site\/em-novo-decreto-caldas-novas-fecha-todo-comercio-nos-finais-de-semana-de-julho\/#article\",\"isPartOf\":{\"@id\":\"https:\/\/juacontecimentos.com.br\/site\/em-novo-decreto-caldas-novas-fecha-todo-comercio-nos-finais-de-semana-de-julho\/\"},\"author\":{\"name\":\"Reginaldo Ribeiro\",\"@id\":\"https:\/\/juacontecimentos.com.br\/site\/#\/schema\/person\/082a54e6d3fdd7a633291428521c9669\"},\"headline\":\"Em novo decreto, Caldas Novas fecha todo com\u00e9rcio nos finais de semana de julho\",\"datePublished\":\"2020-07-16T09:32:18+00:00\",\"mainEntityOfPage\":{\"@id\":\"https:\/\/juacontecimentos.com.br\/site\/em-novo-decreto-caldas-novas-fecha-todo-comercio-nos-finais-de-semana-de-julho\/\"},\"wordCount\":422,\"commentCount\":0,\"publisher\":{\"@id\":\"https:\/\/juacontecimentos.com.br\/site\/#organization\"},\"image\":{\"@id\":\"https:\/\/juacontecimentos.com.br\/site\/em-novo-decreto-caldas-novas-fecha-todo-comercio-nos-finais-de-semana-de-julho\/#primaryimage\"},\"thumbnailUrl\":\"https:\/\/juacontecimentos.com.br\/site\/wp-content\/uploads\/2020\/07\/image-3.jpg\",\"articleSection\":[\"Brasil\",\"Catal\u00e3o\",\"Destaque\",\"Goi\u00e1s\"],\"inLanguage\":\"pt-BR\"},{\"@type\":\"WebPage\",\"@id\":\"https:\/\/juacontecimentos.com.br\/site\/em-novo-decreto-caldas-novas-fecha-todo-comercio-nos-finais-de-semana-de-julho\/\",\"url\":\"https:\/\/juacontecimentos.com.br\/site\/em-novo-decreto-caldas-novas-fecha-todo-comercio-nos-finais-de-semana-de-julho\/\",\"name\":\"Em novo decreto, Caldas Novas fecha todo com\u00e9rcio nos finais de semana de julho - Jornal Ultimos Acontecimentos\",\"isPartOf\":{\"@id\":\"https:\/\/juacontecimentos.com.br\/site\/#website\"},\"primaryImageOfPage\":{\"@id\":\"https:\/\/juacontecimentos.com.br\/site\/em-novo-decreto-caldas-novas-fecha-todo-comercio-nos-finais-de-semana-de-julho\/#primaryimage\"},\"image\":{\"@id\":\"https:\/\/juacontecimentos.com.br\/site\/em-novo-decreto-caldas-novas-fecha-todo-comercio-nos-finais-de-semana-de-julho\/#primaryimage\"},\"thumbnailUrl\":\"https:\/\/juacontecimentos.com.br\/site\/wp-content\/uploads\/2020\/07\/image-3.jpg\",\"datePublished\":\"2020-07-16T09:32:18+00:00\",\"breadcrumb\":{\"@id\":\"https:\/\/juacontecimentos.com.br\/site\/em-novo-decreto-caldas-novas-fecha-todo-comercio-nos-finais-de-semana-de-julho\/#breadcrumb\"},\"inLanguage\":\"pt-BR\",\"potentialAction\":[{\"@type\":\"ReadAction\",\"target\":[\"https:\/\/juacontecimentos.com.br\/site\/em-novo-decreto-caldas-novas-fecha-todo-comercio-nos-finais-de-semana-de-julho\/\"]}]},{\"@type\":\"ImageObject\",\"inLanguage\":\"pt-BR\",\"@id\":\"https:\/\/juacontecimentos.com.br\/site\/em-novo-decreto-caldas-novas-fecha-todo-comercio-nos-finais-de-semana-de-julho\/#primaryimage\",\"url\":\"https:\/\/juacontecimentos.com.br\/site\/wp-content\/uploads\/2020\/07\/image-3.jpg\",\"contentUrl\":\"https:\/\/juacontecimentos.com.br\/site\/wp-content\/uploads\/2020\/07\/image-3.jpg\",\"width\":800,\"height\":450},{\"@type\":\"BreadcrumbList\",\"@id\":\"https:\/\/juacontecimentos.com.br\/site\/em-novo-decreto-caldas-novas-fecha-todo-comercio-nos-finais-de-semana-de-julho\/#breadcrumb\",\"itemListElement\":[{\"@type\":\"ListItem\",\"position\":1,\"name\":\"In\u00edcio\",\"item\":\"https:\/\/juacontecimentos.com.br\/site\/\"},{\"@type\":\"ListItem\",\"position\":2,\"name\":\"Em novo decreto, Caldas Novas fecha todo com\u00e9rcio nos finais de semana de julho\"}]},{\"@type\":\"WebSite\",\"@id\":\"https:\/\/juacontecimentos.com.br\/site\/#website\",\"url\":\"https:\/\/juacontecimentos.com.br\/site\/\",\"name\":\"Jornal Ultimos Acontecimentos\",\"description\":\"Catal\u00e3o e regi\u00e3o\",\"publisher\":{\"@id\":\"https:\/\/juacontecimentos.com.br\/site\/#organization\"},\"potentialAction\":[{\"@type\":\"SearchAction\",\"target\":{\"@type\":\"EntryPoint\",\"urlTemplate\":\"https:\/\/juacontecimentos.com.br\/site\/?s={search_term_string}\"},\"query-input\":{\"@type\":\"PropertyValueSpecification\",\"valueRequired\":true,\"valueName\":\"search_term_string\"}}],\"inLanguage\":\"pt-BR\"},{\"@type\":\"Organization\",\"@id\":\"https:\/\/juacontecimentos.com.br\/site\/#organization\",\"name\":\"Jornal Ultimos Acontecimentos\",\"url\":\"https:\/\/juacontecimentos.com.br\/site\/\",\"logo\":{\"@type\":\"ImageObject\",\"inLanguage\":\"pt-BR\",\"@id\":\"https:\/\/juacontecimentos.com.br\/site\/#\/schema\/logo\/image\/\",\"url\":\"https:\/\/juacontecimentos.com.br\/site\/wp-content\/uploads\/2023\/04\/Logo_Site.png\",\"contentUrl\":\"https:\/\/juacontecimentos.com.br\/site\/wp-content\/uploads\/2023\/04\/Logo_Site.png\",\"width\":2476,\"height\":530,\"caption\":\"Jornal Ultimos Acontecimentos\"},\"image\":{\"@id\":\"https:\/\/juacontecimentos.com.br\/site\/#\/schema\/logo\/image\/\"},\"sameAs\":[\"https:\/\/www.facebook.com\/jultimosacontecimentos\/\"]},{\"@type\":\"Person\",\"@id\":\"https:\/\/juacontecimentos.com.br\/site\/#\/schema\/person\/082a54e6d3fdd7a633291428521c9669\",\"name\":\"Reginaldo Ribeiro\",\"image\":{\"@type\":\"ImageObject\",\"inLanguage\":\"pt-BR\",\"@id\":\"https:\/\/juacontecimentos.com.br\/site\/#\/schema\/person\/image\/\",\"url\":\"https:\/\/secure.gravatar.com\/avatar\/5c16c6837c3490270a74d888c2a845728f06bdde1f8761de1de1d1d1ef82d12f?s=96&d=mm&r=g\",\"contentUrl\":\"https:\/\/secure.gravatar.com\/avatar\/5c16c6837c3490270a74d888c2a845728f06bdde1f8761de1de1d1d1ef82d12f?s=96&d=mm&r=g\",\"caption\":\"Reginaldo Ribeiro\"}}]}<\/script>\n<!-- \/ Yoast SEO plugin. -->","yoast_head_json":{"title":"Em novo decreto, Caldas Novas fecha todo com\u00e9rcio nos finais de semana de julho - Jornal Ultimos Acontecimentos","robots":{"index":"index","follow":"follow","max-snippet":"max-snippet:-1","max-image-preview":"max-image-preview:large","max-video-preview":"max-video-preview:-1"},"canonical":"https:\/\/juacontecimentos.com.br\/site\/em-novo-decreto-caldas-novas-fecha-todo-comercio-nos-finais-de-semana-de-julho\/","og_locale":"pt_BR","og_type":"article","og_title":"Em novo decreto, Caldas Novas fecha todo com\u00e9rcio nos finais de semana de julho - Jornal Ultimos Acontecimentos","og_description":"Medida ainda prev\u00ea proibi\u00e7\u00e3o de venda de bebidas alco\u00f3licas nos s\u00e1bados e domingos deste m\u00eas. Decreto assinado nesta quarta-feira (15) pelo prefeito de Caldas Novas, Evandro Magal (PR), muda hor\u00e1rios de funcionamento e determina o fechamento de todo com\u00e9rcio nos finais de semana deste m\u00eas. Restaurantes, pizzarias e pit dogs podem ficar abertos at\u00e9 a","og_url":"https:\/\/juacontecimentos.com.br\/site\/em-novo-decreto-caldas-novas-fecha-todo-comercio-nos-finais-de-semana-de-julho\/","og_site_name":"Jornal Ultimos Acontecimentos","article_publisher":"https:\/\/www.facebook.com\/jultimosacontecimentos\/","article_published_time":"2020-07-16T09:32:18+00:00","og_image":[{"width":800,"height":450,"url":"https:\/\/juacontecimentos.com.br\/site\/wp-content\/uploads\/2020\/07\/image-3.jpg","type":"image\/jpeg"}],"author":"Reginaldo Ribeiro","twitter_card":"summary_large_image","twitter_misc":{"Escrito por":"Reginaldo Ribeiro","Est. tempo de leitura":"2 minutos"},"schema":{"@context":"https:\/\/schema.org","@graph":[{"@type":"Article","@id":"https:\/\/juacontecimentos.com.br\/site\/em-novo-decreto-caldas-novas-fecha-todo-comercio-nos-finais-de-semana-de-julho\/#article","isPartOf":{"@id":"https:\/\/juacontecimentos.com.br\/site\/em-novo-decreto-caldas-novas-fecha-todo-comercio-nos-finais-de-semana-de-julho\/"},"author":{"name":"Reginaldo Ribeiro","@id":"https:\/\/juacontecimentos.com.br\/site\/#\/schema\/person\/082a54e6d3fdd7a633291428521c9669"},"headline":"Em novo decreto, Caldas Novas fecha todo com\u00e9rcio nos finais de semana de julho","datePublished":"2020-07-16T09:32:18+00:00","mainEntityOfPage":{"@id":"https:\/\/juacontecimentos.com.br\/site\/em-novo-decreto-caldas-novas-fecha-todo-comercio-nos-finais-de-semana-de-julho\/"},"wordCount":422,"commentCount":0,"publisher":{"@id":"https:\/\/juacontecimentos.com.br\/site\/#organization"},"image":{"@id":"https:\/\/juacontecimentos.com.br\/site\/em-novo-decreto-caldas-novas-fecha-todo-comercio-nos-finais-de-semana-de-julho\/#primaryimage"},"thumbnailUrl":"https:\/\/juacontecimentos.com.br\/site\/wp-content\/uploads\/2020\/07\/image-3.jpg","articleSection":["Brasil","Catal\u00e3o","Destaque","Goi\u00e1s"],"inLanguage":"pt-BR"},{"@type":"WebPage","@id":"https:\/\/juacontecimentos.com.br\/site\/em-novo-decreto-caldas-novas-fecha-todo-comercio-nos-finais-de-semana-de-julho\/","url":"https:\/\/juacontecimentos.com.br\/site\/em-novo-decreto-caldas-novas-fecha-todo-comercio-nos-finais-de-semana-de-julho\/","name":"Em novo decreto, Caldas Novas fecha todo com\u00e9rcio nos finais de semana de julho - Jornal Ultimos Acontecimentos","isPartOf":{"@id":"https:\/\/juacontecimentos.com.br\/site\/#website"},"primaryImageOfPage":{"@id":"https:\/\/juacontecimentos.com.br\/site\/em-novo-decreto-caldas-novas-fecha-todo-comercio-nos-finais-de-semana-de-julho\/#primaryimage"},"image":{"@id":"https:\/\/juacontecimentos.com.br\/site\/em-novo-decreto-caldas-novas-fecha-todo-comercio-nos-finais-de-semana-de-julho\/#primaryimage"},"thumbnailUrl":"https:\/\/juacontecimentos.com.br\/site\/wp-content\/uploads\/2020\/07\/image-3.jpg","datePublished":"2020-07-16T09:32:18+00:00","breadcrumb":{"@id":"https:\/\/juacontecimentos.com.br\/site\/em-novo-decreto-caldas-novas-fecha-todo-comercio-nos-finais-de-semana-de-julho\/#breadcrumb"},"inLanguage":"pt-BR","potentialAction":[{"@type":"ReadAction","target":["https:\/\/juacontecimentos.com.br\/site\/em-novo-decreto-caldas-novas-fecha-todo-comercio-nos-finais-de-semana-de-julho\/"]}]},{"@type":"ImageObject","inLanguage":"pt-BR","@id":"https:\/\/juacontecimentos.com.br\/site\/em-novo-decreto-caldas-novas-fecha-todo-comercio-nos-finais-de-semana-de-julho\/#primaryimage","url":"https:\/\/juacontecimentos.com.br\/site\/wp-content\/uploads\/2020\/07\/image-3.jpg","contentUrl":"https:\/\/juacontecimentos.com.br\/site\/wp-content\/uploads\/2020\/07\/image-3.jpg","width":800,"height":450},{"@type":"BreadcrumbList","@id":"https:\/\/juacontecimentos.com.br\/site\/em-novo-decreto-caldas-novas-fecha-todo-comercio-nos-finais-de-semana-de-julho\/#breadcrumb","itemListElement":[{"@type":"ListItem","position":1,"name":"In\u00edcio","item":"https:\/\/juacontecimentos.com.br\/site\/"},{"@type":"ListItem","position":2,"name":"Em novo decreto, Caldas Novas fecha todo com\u00e9rcio nos finais de semana de julho"}]},{"@type":"WebSite","@id":"https:\/\/juacontecimentos.com.br\/site\/#website","url":"https:\/\/juacontecimentos.com.br\/site\/","name":"Jornal Ultimos Acontecimentos","description":"Catal\u00e3o e regi\u00e3o","publisher":{"@id":"https:\/\/juacontecimentos.com.br\/site\/#organization"},"potentialAction":[{"@type":"SearchAction","target":{"@type":"EntryPoint","urlTemplate":"https:\/\/juacontecimentos.com.br\/site\/?s={search_term_string}"},"query-input":{"@type":"PropertyValueSpecification","valueRequired":true,"valueName":"search_term_string"}}],"inLanguage":"pt-BR"},{"@type":"Organization","@id":"https:\/\/juacontecimentos.com.br\/site\/#organization","name":"Jornal Ultimos Acontecimentos","url":"https:\/\/juacontecimentos.com.br\/site\/","logo":{"@type":"ImageObject","inLanguage":"pt-BR","@id":"https:\/\/juacontecimentos.com.br\/site\/#\/schema\/logo\/image\/","url":"https:\/\/juacontecimentos.com.br\/site\/wp-content\/uploads\/2023\/04\/Logo_Site.png","contentUrl":"https:\/\/juacontecimentos.com.br\/site\/wp-content\/uploads\/2023\/04\/Logo_Site.png","width":2476,"height":530,"caption":"Jornal Ultimos Acontecimentos"},"image":{"@id":"https:\/\/juacontecimentos.com.br\/site\/#\/schema\/logo\/image\/"},"sameAs":["https:\/\/www.facebook.com\/jultimosacontecimentos\/"]},{"@type":"Person","@id":"https:\/\/juacontecimentos.com.br\/site\/#\/schema\/person\/082a54e6d3fdd7a633291428521c9669","name":"Reginaldo Ribeiro","image":{"@type":"ImageObject","inLanguage":"pt-BR","@id":"https:\/\/juacontecimentos.com.br\/site\/#\/schema\/person\/image\/","url":"https:\/\/secure.gravatar.com\/avatar\/5c16c6837c3490270a74d888c2a845728f06bdde1f8761de1de1d1d1ef82d12f?s=96&d=mm&r=g","contentUrl":"https:\/\/secure.gravatar.com\/avatar\/5c16c6837c3490270a74d888c2a845728f06bdde1f8761de1de1d1d1ef82d12f?s=96&d=mm&r=g","caption":"Reginaldo Ribeiro"}}]}},"_links":{"self":[{"href":"https:\/\/juacontecimentos.com.br\/site\/wp-json\/wp\/v2\/posts\/10540","targetHints":{"allow":["GET"]}}],"collection":[{"href":"https:\/\/juacontecimentos.com.br\/site\/wp-json\/wp\/v2\/posts"}],"about":[{"href":"https:\/\/juacontecimentos.com.br\/site\/wp-json\/wp\/v2\/types\/post"}],"author":[{"embeddable":true,"href":"https:\/\/juacontecimentos.com.br\/site\/wp-json\/wp\/v2\/users\/2"}],"replies":[{"embeddable":true,"href":"https:\/\/juacontecimentos.com.br\/site\/wp-json\/wp\/v2\/comments?post=10540"}],"version-history":[{"count":1,"href":"https:\/\/juacontecimentos.com.br\/site\/wp-json\/wp\/v2\/posts\/10540\/revisions"}],"predecessor-version":[{"id":10542,"href":"https:\/\/juacontecimentos.com.br\/site\/wp-json\/wp\/v2\/posts\/10540\/revisions\/10542"}],"wp:featuredmedia":[{"embeddable":true,"href":"https:\/\/juacontecimentos.com.br\/site\/wp-json\/wp\/v2\/media\/10541"}],"wp:attachment":[{"href":"https:\/\/juacontecimentos.com.br\/site\/wp-json\/wp\/v2\/media?parent=10540"}],"wp:term":[{"taxonomy":"category","embeddable":true,"href":"https:\/\/juacontecimentos.com.br\/site\/wp-json\/wp\/v2\/categories?post=10540"},{"taxonomy":"post_tag","embeddable":true,"href":"https:\/\/juacontecimentos.com.br\/site\/wp-json\/wp\/v2\/tags?post=10540"}],"curies":[{"name":"wp","href":"https:\/\/api.w.org\/{rel}","templated":true}]}}