{"id":10588,"date":"2020-07-22T01:59:41","date_gmt":"2020-07-22T04:59:41","guid":{"rendered":"http:\/\/juacontecimentos.com.br\/site\/?p=10588"},"modified":"2020-07-22T01:59:41","modified_gmt":"2020-07-22T04:59:41","slug":"sefac-comemora-10-anos-de-operacao-comercial","status":"publish","type":"post","link":"https:\/\/juacontecimentos.com.br\/site\/sefac-comemora-10-anos-de-operacao-comercial\/","title":{"rendered":"Sefac comemora 10 anos de opera\u00e7\u00e3o comercial"},"content":{"rendered":"<p><img loading=\"lazy\" decoding=\"async\" class=\"alignnone size-full wp-image-10589\" src=\"http:\/\/juacontecimentos.com.br\/site\/wp-content\/uploads\/2020\/07\/FB_IMG_1595393538276.jpg\" alt=\"\" width=\"869\" height=\"643\" srcset=\"https:\/\/juacontecimentos.com.br\/site\/wp-content\/uploads\/2020\/07\/FB_IMG_1595393538276.jpg 869w, https:\/\/juacontecimentos.com.br\/site\/wp-content\/uploads\/2020\/07\/FB_IMG_1595393538276-300x222.jpg 300w, https:\/\/juacontecimentos.com.br\/site\/wp-content\/uploads\/2020\/07\/FB_IMG_1595393538276-768x568.jpg 768w\" sizes=\"auto, (max-width: 869px) 100vw, 869px\" \/><\/p>\n<p>H\u00e1 10 anos, a UHE Serra do Fac\u00e3o entregava, oficialmente, seus primeiros megawatts [MW] ao Sistema El\u00e9trico Interligado \u2013 SIN \u2013, consolidando-se como um dos principais empreendimentos de gera\u00e7\u00e3o de energia hidrel\u00e9trica na regi\u00e3o do cerrado brasileiro.<\/p>\n<p>Nos dias 12 de julho e 7 de agosto do ano de 2010, era liberada, no Di\u00e1rio Oficial da Uni\u00e3o, a gera\u00e7\u00e3o comercial das Unidades Geradoras 01 e 02, respectivamente, permitindo \u00e0 Serra do Fac\u00e3o a gera\u00e7\u00e3o de energia em sua plenitude.<\/p>\n<p>Desde ent\u00e3o, a Usina vem cumprindo seu importante papel de fornecer energia limpa, renov\u00e1vel e sustent\u00e1vel ao Pa\u00eds.<\/p>\n<p>A empresa Serra do Fac\u00e3o Energia foi constitu\u00edda especificamente para a constru\u00e7\u00e3o da Usina Hidrel\u00e9trica Serra do Fac\u00e3o, com pot\u00eancia instalada de 212 MW, o suficiente para suprir a demanda de uma cidade com 1,2 milh\u00e3o de habitantes. Est\u00e1 localizada na zona rural, no sudeste de Goi\u00e1s, no rio S\u00e3o Marcos, entre os munic\u00edpios de Catal\u00e3o e de Davin\u00f3polis.<\/p>\n<p>O processo de forma\u00e7\u00e3o do reservat\u00f3rio, uma das \u00faltimas etapas da implanta\u00e7\u00e3o de hidrel\u00e9tricas, teve in\u00edcio em novembro de 2009, ap\u00f3s dois anos da constru\u00e7\u00e3o da barragem, conclu\u00edda em 2010. Em 2011, atingiu o NA m\u00e1ximo [n\u00edvel de \u00e1gua]. Sua \u00e1rea abrange mais quatro munic\u00edpios: Campo Alegre de Goi\u00e1s, Ipameri, Cristalina, no estado de Goi\u00e1s, e Paracatu, em Minas Gerais.<\/p>\n<p>Desde o in\u00edcio da opera\u00e7\u00e3o, a Serra do Fac\u00e3o Energia j\u00e1 repassou aos cofres do governo federal, estados e munic\u00edpios, aproximadamente R$ 29,395 milh\u00f5es relativos \u00e0 Compensa\u00e7\u00e3o Financeira pela Utiliza\u00e7\u00e3o de Recursos H\u00eddricos [CFURH].<\/p>\n<p>Com a constru\u00e7\u00e3o da Usina, foram implementados programas socioambientais, aprovados pelo Ibama, \u00f3rg\u00e3o ambiental licenciador. Conforme aumentava a frequ\u00eancia das equipes t\u00e9cnicas no campo para execut\u00e1-los, os v\u00ednculos entre os moradores das comunidades atingidas e a SEFAC iam se construindo, fazendo com que as a\u00e7\u00f5es a serem cumpridas fossem realizadas com sucesso.<\/p>\n<p>As boas pr\u00e1ticas implementadas pela SEFAC trazem benef\u00edcios a todos os envolvidos. Ao longo desses 10 anos, parcerias exitosas foram desenvolvidas pela empresa. Com as comunidades, em projetos que levam mais conhecimento e melhorias tanto para os produtores rurais quanto para gera\u00e7\u00e3o de renda familiar por meio de cursos de artesanato e culin\u00e1ria. O apoio para a organiza\u00e7\u00e3o das associa\u00e7\u00f5es de moradores tamb\u00e9m \u00e9 relevante. Com as prefeituras dos munic\u00edpios abrangidos, em parcerias principalmente com as secretarias de Educa\u00e7\u00e3o, Sa\u00fade, A\u00e7\u00e3o Social e Assuntos Comunit\u00e1rios, bem como com \u00f3rg\u00e3os p\u00fablicos, destacando-se a Pol\u00edcia Militar, o Corpo de Bombeiros e Pol\u00edcia Militar Ambiental. Nesse per\u00edodo, a SEFAC contribuiu com doa\u00e7\u00f5es, constru\u00e7\u00f5es e ativos que somam aproximadamente R$ 3,5 milh\u00f5es.<\/p>\n<p>A UHE Serra do Fac\u00e3o recebe com satisfa\u00e7\u00e3o seus visitantes. Desde o in\u00edcio, ver de perto o processo de gera\u00e7\u00e3o e a grandiosidade da obra arquitet\u00f4nica e de engenharia sempre despertou curiosidade e interesse em um p\u00fablico amplo e diverso. Desde ent\u00e3o, ano a ano, vem crescendo a quantidade de solicita\u00e7\u00f5es para as visitas \u00e0 Usina por diferentes setores da sociedade civil ou do poder p\u00fablico.<\/p>\n<p>Na seca ou na chuva, jamais a Usina parou de produzir energia. Nesses 10 anos foram gerados 5.978GWh, o que equivale abastecer, durante um m\u00eas, um estado como o de S\u00e3o Paulo, com 44 milh\u00f5es de habitantes.<\/p>\n<p>Por tudo isso, \u00e9 tempo de comemorar. Todos n\u00f3s desejamos que os pr\u00f3ximos 10 anos sejam t\u00e3o bem-sucedidos quanto foram esses que passaram.<\/p>\n<p>Afinal de contas, a energia move a vida!<\/p>\n<p>Saiba mais: www.sefac.com.br<br \/>\n<\/p>\n","protected":false},"excerpt":{"rendered":"<p>H\u00e1 10 anos, a UHE Serra do Fac\u00e3o entregava, oficialmente, seus primeiros megawatts [MW] ao Sistema El\u00e9trico Interligado \u2013 SIN \u2013, consolidando-se como um dos principais empreendimentos de gera\u00e7\u00e3o de energia hidrel\u00e9trica na regi\u00e3o do cerrado brasileiro. Nos dias 12 de julho e 7 de agosto do ano de 2010, era liberada, no Di\u00e1rio Oficial<\/p>\n","protected":false},"author":2,"featured_media":10590,"comment_status":"open","ping_status":"open","sticky":false,"template":"","format":"standard","meta":{"footnotes":""},"categories":[27,22,26,23],"tags":[],"class_list":["post-10588","post","type-post","status-publish","format-standard","has-post-thumbnail","hentry","category-brasil","category-catalao","category-destaque","category-goias"],"yoast_head":"<!-- This site is optimized with the Yoast SEO plugin v25.8 - https:\/\/yoast.com\/wordpress\/plugins\/seo\/ -->\n<title>Sefac comemora 10 anos de opera\u00e7\u00e3o comercial - Jornal Ultimos Acontecimentos<\/title>\n<meta name=\"robots\" content=\"index, follow, max-snippet:-1, max-image-preview:large, max-video-preview:-1\" \/>\n<link rel=\"canonical\" href=\"https:\/\/juacontecimentos.com.br\/site\/sefac-comemora-10-anos-de-operacao-comercial\/\" \/>\n<meta property=\"og:locale\" content=\"pt_BR\" \/>\n<meta property=\"og:type\" content=\"article\" \/>\n<meta property=\"og:title\" content=\"Sefac comemora 10 anos de opera\u00e7\u00e3o comercial - Jornal Ultimos Acontecimentos\" \/>\n<meta property=\"og:description\" content=\"H\u00e1 10 anos, a UHE Serra do Fac\u00e3o entregava, oficialmente, seus primeiros megawatts [MW] ao Sistema El\u00e9trico Interligado \u2013 SIN \u2013, consolidando-se como um dos principais empreendimentos de gera\u00e7\u00e3o de energia hidrel\u00e9trica na regi\u00e3o do cerrado brasileiro. Nos dias 12 de julho e 7 de agosto do ano de 2010, era liberada, no Di\u00e1rio Oficial\" \/>\n<meta property=\"og:url\" content=\"https:\/\/juacontecimentos.com.br\/site\/sefac-comemora-10-anos-de-operacao-comercial\/\" \/>\n<meta property=\"og:site_name\" content=\"Jornal Ultimos Acontecimentos\" \/>\n<meta property=\"article:publisher\" content=\"https:\/\/www.facebook.com\/jultimosacontecimentos\/\" \/>\n<meta property=\"article:published_time\" content=\"2020-07-22T04:59:41+00:00\" \/>\n<meta property=\"og:image\" content=\"https:\/\/juacontecimentos.com.br\/site\/wp-content\/uploads\/2020\/07\/FB_IMG_1595393709044.jpg\" \/>\n\t<meta property=\"og:image:width\" content=\"800\" \/>\n\t<meta property=\"og:image:height\" content=\"535\" \/>\n\t<meta property=\"og:image:type\" content=\"image\/jpeg\" \/>\n<meta name=\"author\" content=\"Reginaldo Ribeiro\" \/>\n<meta name=\"twitter:card\" content=\"summary_large_image\" \/>\n<meta name=\"twitter:label1\" content=\"Escrito por\" \/>\n\t<meta name=\"twitter:data1\" content=\"Reginaldo Ribeiro\" \/>\n\t<meta name=\"twitter:label2\" content=\"Est. tempo de leitura\" \/>\n\t<meta name=\"twitter:data2\" content=\"3 minutos\" \/>\n<script type=\"application\/ld+json\" class=\"yoast-schema-graph\">{\"@context\":\"https:\/\/schema.org\",\"@graph\":[{\"@type\":\"Article\",\"@id\":\"https:\/\/juacontecimentos.com.br\/site\/sefac-comemora-10-anos-de-operacao-comercial\/#article\",\"isPartOf\":{\"@id\":\"https:\/\/juacontecimentos.com.br\/site\/sefac-comemora-10-anos-de-operacao-comercial\/\"},\"author\":{\"name\":\"Reginaldo Ribeiro\",\"@id\":\"https:\/\/juacontecimentos.com.br\/site\/#\/schema\/person\/082a54e6d3fdd7a633291428521c9669\"},\"headline\":\"Sefac comemora 10 anos de opera\u00e7\u00e3o comercial\",\"datePublished\":\"2020-07-22T04:59:41+00:00\",\"mainEntityOfPage\":{\"@id\":\"https:\/\/juacontecimentos.com.br\/site\/sefac-comemora-10-anos-de-operacao-comercial\/\"},\"wordCount\":632,\"commentCount\":0,\"publisher\":{\"@id\":\"https:\/\/juacontecimentos.com.br\/site\/#organization\"},\"image\":{\"@id\":\"https:\/\/juacontecimentos.com.br\/site\/sefac-comemora-10-anos-de-operacao-comercial\/#primaryimage\"},\"thumbnailUrl\":\"https:\/\/juacontecimentos.com.br\/site\/wp-content\/uploads\/2020\/07\/FB_IMG_1595393709044.jpg\",\"articleSection\":[\"Brasil\",\"Catal\u00e3o\",\"Destaque\",\"Goi\u00e1s\"],\"inLanguage\":\"pt-BR\"},{\"@type\":\"WebPage\",\"@id\":\"https:\/\/juacontecimentos.com.br\/site\/sefac-comemora-10-anos-de-operacao-comercial\/\",\"url\":\"https:\/\/juacontecimentos.com.br\/site\/sefac-comemora-10-anos-de-operacao-comercial\/\",\"name\":\"Sefac comemora 10 anos de opera\u00e7\u00e3o comercial - Jornal Ultimos Acontecimentos\",\"isPartOf\":{\"@id\":\"https:\/\/juacontecimentos.com.br\/site\/#website\"},\"primaryImageOfPage\":{\"@id\":\"https:\/\/juacontecimentos.com.br\/site\/sefac-comemora-10-anos-de-operacao-comercial\/#primaryimage\"},\"image\":{\"@id\":\"https:\/\/juacontecimentos.com.br\/site\/sefac-comemora-10-anos-de-operacao-comercial\/#primaryimage\"},\"thumbnailUrl\":\"https:\/\/juacontecimentos.com.br\/site\/wp-content\/uploads\/2020\/07\/FB_IMG_1595393709044.jpg\",\"datePublished\":\"2020-07-22T04:59:41+00:00\",\"breadcrumb\":{\"@id\":\"https:\/\/juacontecimentos.com.br\/site\/sefac-comemora-10-anos-de-operacao-comercial\/#breadcrumb\"},\"inLanguage\":\"pt-BR\",\"potentialAction\":[{\"@type\":\"ReadAction\",\"target\":[\"https:\/\/juacontecimentos.com.br\/site\/sefac-comemora-10-anos-de-operacao-comercial\/\"]}]},{\"@type\":\"ImageObject\",\"inLanguage\":\"pt-BR\",\"@id\":\"https:\/\/juacontecimentos.com.br\/site\/sefac-comemora-10-anos-de-operacao-comercial\/#primaryimage\",\"url\":\"https:\/\/juacontecimentos.com.br\/site\/wp-content\/uploads\/2020\/07\/FB_IMG_1595393709044.jpg\",\"contentUrl\":\"https:\/\/juacontecimentos.com.br\/site\/wp-content\/uploads\/2020\/07\/FB_IMG_1595393709044.jpg\",\"width\":800,\"height\":535},{\"@type\":\"BreadcrumbList\",\"@id\":\"https:\/\/juacontecimentos.com.br\/site\/sefac-comemora-10-anos-de-operacao-comercial\/#breadcrumb\",\"itemListElement\":[{\"@type\":\"ListItem\",\"position\":1,\"name\":\"In\u00edcio\",\"item\":\"https:\/\/juacontecimentos.com.br\/site\/\"},{\"@type\":\"ListItem\",\"position\":2,\"name\":\"Sefac comemora 10 anos de opera\u00e7\u00e3o comercial\"}]},{\"@type\":\"WebSite\",\"@id\":\"https:\/\/juacontecimentos.com.br\/site\/#website\",\"url\":\"https:\/\/juacontecimentos.com.br\/site\/\",\"name\":\"Jornal Ultimos Acontecimentos\",\"description\":\"Catal\u00e3o e regi\u00e3o\",\"publisher\":{\"@id\":\"https:\/\/juacontecimentos.com.br\/site\/#organization\"},\"potentialAction\":[{\"@type\":\"SearchAction\",\"target\":{\"@type\":\"EntryPoint\",\"urlTemplate\":\"https:\/\/juacontecimentos.com.br\/site\/?s={search_term_string}\"},\"query-input\":{\"@type\":\"PropertyValueSpecification\",\"valueRequired\":true,\"valueName\":\"search_term_string\"}}],\"inLanguage\":\"pt-BR\"},{\"@type\":\"Organization\",\"@id\":\"https:\/\/juacontecimentos.com.br\/site\/#organization\",\"name\":\"Jornal Ultimos Acontecimentos\",\"url\":\"https:\/\/juacontecimentos.com.br\/site\/\",\"logo\":{\"@type\":\"ImageObject\",\"inLanguage\":\"pt-BR\",\"@id\":\"https:\/\/juacontecimentos.com.br\/site\/#\/schema\/logo\/image\/\",\"url\":\"https:\/\/juacontecimentos.com.br\/site\/wp-content\/uploads\/2023\/04\/Logo_Site.png\",\"contentUrl\":\"https:\/\/juacontecimentos.com.br\/site\/wp-content\/uploads\/2023\/04\/Logo_Site.png\",\"width\":2476,\"height\":530,\"caption\":\"Jornal Ultimos Acontecimentos\"},\"image\":{\"@id\":\"https:\/\/juacontecimentos.com.br\/site\/#\/schema\/logo\/image\/\"},\"sameAs\":[\"https:\/\/www.facebook.com\/jultimosacontecimentos\/\"]},{\"@type\":\"Person\",\"@id\":\"https:\/\/juacontecimentos.com.br\/site\/#\/schema\/person\/082a54e6d3fdd7a633291428521c9669\",\"name\":\"Reginaldo Ribeiro\",\"image\":{\"@type\":\"ImageObject\",\"inLanguage\":\"pt-BR\",\"@id\":\"https:\/\/juacontecimentos.com.br\/site\/#\/schema\/person\/image\/\",\"url\":\"https:\/\/secure.gravatar.com\/avatar\/5c16c6837c3490270a74d888c2a845728f06bdde1f8761de1de1d1d1ef82d12f?s=96&d=mm&r=g\",\"contentUrl\":\"https:\/\/secure.gravatar.com\/avatar\/5c16c6837c3490270a74d888c2a845728f06bdde1f8761de1de1d1d1ef82d12f?s=96&d=mm&r=g\",\"caption\":\"Reginaldo Ribeiro\"}}]}<\/script>\n<!-- \/ Yoast SEO plugin. -->","yoast_head_json":{"title":"Sefac comemora 10 anos de opera\u00e7\u00e3o comercial - Jornal Ultimos Acontecimentos","robots":{"index":"index","follow":"follow","max-snippet":"max-snippet:-1","max-image-preview":"max-image-preview:large","max-video-preview":"max-video-preview:-1"},"canonical":"https:\/\/juacontecimentos.com.br\/site\/sefac-comemora-10-anos-de-operacao-comercial\/","og_locale":"pt_BR","og_type":"article","og_title":"Sefac comemora 10 anos de opera\u00e7\u00e3o comercial - Jornal Ultimos Acontecimentos","og_description":"H\u00e1 10 anos, a UHE Serra do Fac\u00e3o entregava, oficialmente, seus primeiros megawatts [MW] ao Sistema El\u00e9trico Interligado \u2013 SIN \u2013, consolidando-se como um dos principais empreendimentos de gera\u00e7\u00e3o de energia hidrel\u00e9trica na regi\u00e3o do cerrado brasileiro. Nos dias 12 de julho e 7 de agosto do ano de 2010, era liberada, no Di\u00e1rio Oficial","og_url":"https:\/\/juacontecimentos.com.br\/site\/sefac-comemora-10-anos-de-operacao-comercial\/","og_site_name":"Jornal Ultimos Acontecimentos","article_publisher":"https:\/\/www.facebook.com\/jultimosacontecimentos\/","article_published_time":"2020-07-22T04:59:41+00:00","og_image":[{"width":800,"height":535,"url":"https:\/\/juacontecimentos.com.br\/site\/wp-content\/uploads\/2020\/07\/FB_IMG_1595393709044.jpg","type":"image\/jpeg"}],"author":"Reginaldo Ribeiro","twitter_card":"summary_large_image","twitter_misc":{"Escrito por":"Reginaldo Ribeiro","Est. tempo de leitura":"3 minutos"},"schema":{"@context":"https:\/\/schema.org","@graph":[{"@type":"Article","@id":"https:\/\/juacontecimentos.com.br\/site\/sefac-comemora-10-anos-de-operacao-comercial\/#article","isPartOf":{"@id":"https:\/\/juacontecimentos.com.br\/site\/sefac-comemora-10-anos-de-operacao-comercial\/"},"author":{"name":"Reginaldo Ribeiro","@id":"https:\/\/juacontecimentos.com.br\/site\/#\/schema\/person\/082a54e6d3fdd7a633291428521c9669"},"headline":"Sefac comemora 10 anos de opera\u00e7\u00e3o comercial","datePublished":"2020-07-22T04:59:41+00:00","mainEntityOfPage":{"@id":"https:\/\/juacontecimentos.com.br\/site\/sefac-comemora-10-anos-de-operacao-comercial\/"},"wordCount":632,"commentCount":0,"publisher":{"@id":"https:\/\/juacontecimentos.com.br\/site\/#organization"},"image":{"@id":"https:\/\/juacontecimentos.com.br\/site\/sefac-comemora-10-anos-de-operacao-comercial\/#primaryimage"},"thumbnailUrl":"https:\/\/juacontecimentos.com.br\/site\/wp-content\/uploads\/2020\/07\/FB_IMG_1595393709044.jpg","articleSection":["Brasil","Catal\u00e3o","Destaque","Goi\u00e1s"],"inLanguage":"pt-BR"},{"@type":"WebPage","@id":"https:\/\/juacontecimentos.com.br\/site\/sefac-comemora-10-anos-de-operacao-comercial\/","url":"https:\/\/juacontecimentos.com.br\/site\/sefac-comemora-10-anos-de-operacao-comercial\/","name":"Sefac comemora 10 anos de opera\u00e7\u00e3o comercial - Jornal Ultimos Acontecimentos","isPartOf":{"@id":"https:\/\/juacontecimentos.com.br\/site\/#website"},"primaryImageOfPage":{"@id":"https:\/\/juacontecimentos.com.br\/site\/sefac-comemora-10-anos-de-operacao-comercial\/#primaryimage"},"image":{"@id":"https:\/\/juacontecimentos.com.br\/site\/sefac-comemora-10-anos-de-operacao-comercial\/#primaryimage"},"thumbnailUrl":"https:\/\/juacontecimentos.com.br\/site\/wp-content\/uploads\/2020\/07\/FB_IMG_1595393709044.jpg","datePublished":"2020-07-22T04:59:41+00:00","breadcrumb":{"@id":"https:\/\/juacontecimentos.com.br\/site\/sefac-comemora-10-anos-de-operacao-comercial\/#breadcrumb"},"inLanguage":"pt-BR","potentialAction":[{"@type":"ReadAction","target":["https:\/\/juacontecimentos.com.br\/site\/sefac-comemora-10-anos-de-operacao-comercial\/"]}]},{"@type":"ImageObject","inLanguage":"pt-BR","@id":"https:\/\/juacontecimentos.com.br\/site\/sefac-comemora-10-anos-de-operacao-comercial\/#primaryimage","url":"https:\/\/juacontecimentos.com.br\/site\/wp-content\/uploads\/2020\/07\/FB_IMG_1595393709044.jpg","contentUrl":"https:\/\/juacontecimentos.com.br\/site\/wp-content\/uploads\/2020\/07\/FB_IMG_1595393709044.jpg","width":800,"height":535},{"@type":"BreadcrumbList","@id":"https:\/\/juacontecimentos.com.br\/site\/sefac-comemora-10-anos-de-operacao-comercial\/#breadcrumb","itemListElement":[{"@type":"ListItem","position":1,"name":"In\u00edcio","item":"https:\/\/juacontecimentos.com.br\/site\/"},{"@type":"ListItem","position":2,"name":"Sefac comemora 10 anos de opera\u00e7\u00e3o comercial"}]},{"@type":"WebSite","@id":"https:\/\/juacontecimentos.com.br\/site\/#website","url":"https:\/\/juacontecimentos.com.br\/site\/","name":"Jornal Ultimos Acontecimentos","description":"Catal\u00e3o e regi\u00e3o","publisher":{"@id":"https:\/\/juacontecimentos.com.br\/site\/#organization"},"potentialAction":[{"@type":"SearchAction","target":{"@type":"EntryPoint","urlTemplate":"https:\/\/juacontecimentos.com.br\/site\/?s={search_term_string}"},"query-input":{"@type":"PropertyValueSpecification","valueRequired":true,"valueName":"search_term_string"}}],"inLanguage":"pt-BR"},{"@type":"Organization","@id":"https:\/\/juacontecimentos.com.br\/site\/#organization","name":"Jornal Ultimos Acontecimentos","url":"https:\/\/juacontecimentos.com.br\/site\/","logo":{"@type":"ImageObject","inLanguage":"pt-BR","@id":"https:\/\/juacontecimentos.com.br\/site\/#\/schema\/logo\/image\/","url":"https:\/\/juacontecimentos.com.br\/site\/wp-content\/uploads\/2023\/04\/Logo_Site.png","contentUrl":"https:\/\/juacontecimentos.com.br\/site\/wp-content\/uploads\/2023\/04\/Logo_Site.png","width":2476,"height":530,"caption":"Jornal Ultimos Acontecimentos"},"image":{"@id":"https:\/\/juacontecimentos.com.br\/site\/#\/schema\/logo\/image\/"},"sameAs":["https:\/\/www.facebook.com\/jultimosacontecimentos\/"]},{"@type":"Person","@id":"https:\/\/juacontecimentos.com.br\/site\/#\/schema\/person\/082a54e6d3fdd7a633291428521c9669","name":"Reginaldo Ribeiro","image":{"@type":"ImageObject","inLanguage":"pt-BR","@id":"https:\/\/juacontecimentos.com.br\/site\/#\/schema\/person\/image\/","url":"https:\/\/secure.gravatar.com\/avatar\/5c16c6837c3490270a74d888c2a845728f06bdde1f8761de1de1d1d1ef82d12f?s=96&d=mm&r=g","contentUrl":"https:\/\/secure.gravatar.com\/avatar\/5c16c6837c3490270a74d888c2a845728f06bdde1f8761de1de1d1d1ef82d12f?s=96&d=mm&r=g","caption":"Reginaldo Ribeiro"}}]}},"_links":{"self":[{"href":"https:\/\/juacontecimentos.com.br\/site\/wp-json\/wp\/v2\/posts\/10588","targetHints":{"allow":["GET"]}}],"collection":[{"href":"https:\/\/juacontecimentos.com.br\/site\/wp-json\/wp\/v2\/posts"}],"about":[{"href":"https:\/\/juacontecimentos.com.br\/site\/wp-json\/wp\/v2\/types\/post"}],"author":[{"embeddable":true,"href":"https:\/\/juacontecimentos.com.br\/site\/wp-json\/wp\/v2\/users\/2"}],"replies":[{"embeddable":true,"href":"https:\/\/juacontecimentos.com.br\/site\/wp-json\/wp\/v2\/comments?post=10588"}],"version-history":[{"count":1,"href":"https:\/\/juacontecimentos.com.br\/site\/wp-json\/wp\/v2\/posts\/10588\/revisions"}],"predecessor-version":[{"id":10591,"href":"https:\/\/juacontecimentos.com.br\/site\/wp-json\/wp\/v2\/posts\/10588\/revisions\/10591"}],"wp:featuredmedia":[{"embeddable":true,"href":"https:\/\/juacontecimentos.com.br\/site\/wp-json\/wp\/v2\/media\/10590"}],"wp:attachment":[{"href":"https:\/\/juacontecimentos.com.br\/site\/wp-json\/wp\/v2\/media?parent=10588"}],"wp:term":[{"taxonomy":"category","embeddable":true,"href":"https:\/\/juacontecimentos.com.br\/site\/wp-json\/wp\/v2\/categories?post=10588"},{"taxonomy":"post_tag","embeddable":true,"href":"https:\/\/juacontecimentos.com.br\/site\/wp-json\/wp\/v2\/tags?post=10588"}],"curies":[{"name":"wp","href":"https:\/\/api.w.org\/{rel}","templated":true}]}}