{"id":10637,"date":"2020-07-26T07:25:20","date_gmt":"2020-07-26T10:25:20","guid":{"rendered":"http:\/\/juacontecimentos.com.br\/site\/?p=10637"},"modified":"2020-07-26T07:25:20","modified_gmt":"2020-07-26T10:25:20","slug":"deputada-leda-borges-testa-positivo-para-covid-19","status":"publish","type":"post","link":"https:\/\/juacontecimentos.com.br\/site\/deputada-leda-borges-testa-positivo-para-covid-19\/","title":{"rendered":"Deputada L\u00eada Borges testa positivo para Covid-19"},"content":{"rendered":"\n\n<div class=\"container h--space-between\">\n<p><strong>Deputada vai fazer mais exames, dentre eles para avaliar os pulm\u00f5es<\/strong><\/p>\n<\/div>\n\n\n<p><\/p>\n<div class=\"container\">\n<div class=\"row margin-top\">\n<div class=\"col-content\">\n<div class=\"row\">\n\n<div class=\"row\">\n<div class=\"col-content-inner col-md-10 col-sm-12\">\n<div class=\"inner-news flex flex-column tag--politica \">\n\n<div class=\"article-text\">\n<p>A deputada L\u00eada Borges (PSDB), testou positivo para Covid-19. A informa\u00e7\u00e3o foi divulgada pelo\u00a0chefe de gabinete da parlamentar,\u00a0Matheus Vasconcelos da Silva. Ele informou que ela sentiu alguns sintomas, fez o exame RT-PCR, que confirmou o resultado neste s\u00e1bado (25).<\/p>\n<p>Apesar dos sintomas, L\u00eada est\u00e1 bem e vai fazer mais alguns exames, dentre eles para avaliar os pulm\u00f5es.<\/p>\n<p>Os compromissos da deputada foram cancelados pelos pr\u00f3ximos dias, j\u00e1 que ela estar\u00e1 isolada, seguindo recomenda\u00e7\u00f5es m\u00e9dicas.<\/p>\n<p>Matheus, que tamb\u00e9m est\u00e1 com sintomas, vai fazer o exame, assim como o motorista dela.<\/p>\n<\/div>\n\n<\/div>\n<\/div>\n<\/div>\n\n<\/div>\n<\/div>\n<\/div>\n<\/div>\n<p><br \/>\n<\/p>\n","protected":false},"excerpt":{"rendered":"<p>Deputada vai fazer mais exames, dentre eles para avaliar os pulm\u00f5es A deputada L\u00eada Borges (PSDB), testou positivo para Covid-19. A informa\u00e7\u00e3o foi divulgada pelo\u00a0chefe de gabinete da parlamentar,\u00a0Matheus Vasconcelos da Silva. Ele informou que ela sentiu alguns sintomas, fez o exame RT-PCR, que confirmou o resultado neste s\u00e1bado (25). Apesar dos sintomas, L\u00eada est\u00e1<\/p>\n","protected":false},"author":2,"featured_media":10638,"comment_status":"open","ping_status":"open","sticky":false,"template":"","format":"standard","meta":{"footnotes":""},"categories":[27,22,26,23],"tags":[],"class_list":["post-10637","post","type-post","status-publish","format-standard","has-post-thumbnail","hentry","category-brasil","category-catalao","category-destaque","category-goias"],"yoast_head":"<!-- This site is optimized with the Yoast SEO plugin v25.8 - https:\/\/yoast.com\/wordpress\/plugins\/seo\/ -->\n<title>Deputada L\u00eada Borges testa positivo para Covid-19 - Jornal Ultimos Acontecimentos<\/title>\n<meta name=\"robots\" content=\"index, follow, max-snippet:-1, max-image-preview:large, max-video-preview:-1\" \/>\n<link rel=\"canonical\" href=\"https:\/\/juacontecimentos.com.br\/site\/deputada-leda-borges-testa-positivo-para-covid-19\/\" \/>\n<meta property=\"og:locale\" content=\"pt_BR\" \/>\n<meta property=\"og:type\" content=\"article\" \/>\n<meta property=\"og:title\" content=\"Deputada L\u00eada Borges testa positivo para Covid-19 - Jornal Ultimos Acontecimentos\" \/>\n<meta property=\"og:description\" content=\"Deputada vai fazer mais exames, dentre eles para avaliar os pulm\u00f5es A deputada L\u00eada Borges (PSDB), testou positivo para Covid-19. A informa\u00e7\u00e3o foi divulgada pelo\u00a0chefe de gabinete da parlamentar,\u00a0Matheus Vasconcelos da Silva. Ele informou que ela sentiu alguns sintomas, fez o exame RT-PCR, que confirmou o resultado neste s\u00e1bado (25). Apesar dos sintomas, L\u00eada est\u00e1\" \/>\n<meta property=\"og:url\" content=\"https:\/\/juacontecimentos.com.br\/site\/deputada-leda-borges-testa-positivo-para-covid-19\/\" \/>\n<meta property=\"og:site_name\" content=\"Jornal Ultimos Acontecimentos\" \/>\n<meta property=\"article:publisher\" content=\"https:\/\/www.facebook.com\/jultimosacontecimentos\/\" \/>\n<meta property=\"article:published_time\" content=\"2020-07-26T10:25:20+00:00\" \/>\n<meta property=\"og:image\" content=\"https:\/\/juacontecimentos.com.br\/site\/wp-content\/uploads\/2020\/07\/image-6.jpg\" \/>\n\t<meta property=\"og:image:width\" content=\"800\" \/>\n\t<meta property=\"og:image:height\" content=\"534\" \/>\n\t<meta property=\"og:image:type\" content=\"image\/jpeg\" \/>\n<meta name=\"author\" content=\"Reginaldo Ribeiro\" \/>\n<meta name=\"twitter:card\" content=\"summary_large_image\" \/>\n<meta name=\"twitter:label1\" content=\"Escrito por\" \/>\n\t<meta name=\"twitter:data1\" content=\"Reginaldo Ribeiro\" \/>\n\t<meta name=\"twitter:label2\" content=\"Est. tempo de leitura\" \/>\n\t<meta name=\"twitter:data2\" content=\"1 minuto\" \/>\n<script type=\"application\/ld+json\" class=\"yoast-schema-graph\">{\"@context\":\"https:\/\/schema.org\",\"@graph\":[{\"@type\":\"Article\",\"@id\":\"https:\/\/juacontecimentos.com.br\/site\/deputada-leda-borges-testa-positivo-para-covid-19\/#article\",\"isPartOf\":{\"@id\":\"https:\/\/juacontecimentos.com.br\/site\/deputada-leda-borges-testa-positivo-para-covid-19\/\"},\"author\":{\"name\":\"Reginaldo Ribeiro\",\"@id\":\"https:\/\/juacontecimentos.com.br\/site\/#\/schema\/person\/082a54e6d3fdd7a633291428521c9669\"},\"headline\":\"Deputada L\u00eada Borges testa positivo para Covid-19\",\"datePublished\":\"2020-07-26T10:25:20+00:00\",\"mainEntityOfPage\":{\"@id\":\"https:\/\/juacontecimentos.com.br\/site\/deputada-leda-borges-testa-positivo-para-covid-19\/\"},\"wordCount\":119,\"commentCount\":0,\"publisher\":{\"@id\":\"https:\/\/juacontecimentos.com.br\/site\/#organization\"},\"image\":{\"@id\":\"https:\/\/juacontecimentos.com.br\/site\/deputada-leda-borges-testa-positivo-para-covid-19\/#primaryimage\"},\"thumbnailUrl\":\"https:\/\/juacontecimentos.com.br\/site\/wp-content\/uploads\/2020\/07\/image-6.jpg\",\"articleSection\":[\"Brasil\",\"Catal\u00e3o\",\"Destaque\",\"Goi\u00e1s\"],\"inLanguage\":\"pt-BR\"},{\"@type\":\"WebPage\",\"@id\":\"https:\/\/juacontecimentos.com.br\/site\/deputada-leda-borges-testa-positivo-para-covid-19\/\",\"url\":\"https:\/\/juacontecimentos.com.br\/site\/deputada-leda-borges-testa-positivo-para-covid-19\/\",\"name\":\"Deputada L\u00eada Borges testa positivo para Covid-19 - Jornal Ultimos Acontecimentos\",\"isPartOf\":{\"@id\":\"https:\/\/juacontecimentos.com.br\/site\/#website\"},\"primaryImageOfPage\":{\"@id\":\"https:\/\/juacontecimentos.com.br\/site\/deputada-leda-borges-testa-positivo-para-covid-19\/#primaryimage\"},\"image\":{\"@id\":\"https:\/\/juacontecimentos.com.br\/site\/deputada-leda-borges-testa-positivo-para-covid-19\/#primaryimage\"},\"thumbnailUrl\":\"https:\/\/juacontecimentos.com.br\/site\/wp-content\/uploads\/2020\/07\/image-6.jpg\",\"datePublished\":\"2020-07-26T10:25:20+00:00\",\"breadcrumb\":{\"@id\":\"https:\/\/juacontecimentos.com.br\/site\/deputada-leda-borges-testa-positivo-para-covid-19\/#breadcrumb\"},\"inLanguage\":\"pt-BR\",\"potentialAction\":[{\"@type\":\"ReadAction\",\"target\":[\"https:\/\/juacontecimentos.com.br\/site\/deputada-leda-borges-testa-positivo-para-covid-19\/\"]}]},{\"@type\":\"ImageObject\",\"inLanguage\":\"pt-BR\",\"@id\":\"https:\/\/juacontecimentos.com.br\/site\/deputada-leda-borges-testa-positivo-para-covid-19\/#primaryimage\",\"url\":\"https:\/\/juacontecimentos.com.br\/site\/wp-content\/uploads\/2020\/07\/image-6.jpg\",\"contentUrl\":\"https:\/\/juacontecimentos.com.br\/site\/wp-content\/uploads\/2020\/07\/image-6.jpg\",\"width\":800,\"height\":534},{\"@type\":\"BreadcrumbList\",\"@id\":\"https:\/\/juacontecimentos.com.br\/site\/deputada-leda-borges-testa-positivo-para-covid-19\/#breadcrumb\",\"itemListElement\":[{\"@type\":\"ListItem\",\"position\":1,\"name\":\"In\u00edcio\",\"item\":\"https:\/\/juacontecimentos.com.br\/site\/\"},{\"@type\":\"ListItem\",\"position\":2,\"name\":\"Deputada L\u00eada Borges testa positivo para Covid-19\"}]},{\"@type\":\"WebSite\",\"@id\":\"https:\/\/juacontecimentos.com.br\/site\/#website\",\"url\":\"https:\/\/juacontecimentos.com.br\/site\/\",\"name\":\"Jornal Ultimos Acontecimentos\",\"description\":\"Catal\u00e3o e regi\u00e3o\",\"publisher\":{\"@id\":\"https:\/\/juacontecimentos.com.br\/site\/#organization\"},\"potentialAction\":[{\"@type\":\"SearchAction\",\"target\":{\"@type\":\"EntryPoint\",\"urlTemplate\":\"https:\/\/juacontecimentos.com.br\/site\/?s={search_term_string}\"},\"query-input\":{\"@type\":\"PropertyValueSpecification\",\"valueRequired\":true,\"valueName\":\"search_term_string\"}}],\"inLanguage\":\"pt-BR\"},{\"@type\":\"Organization\",\"@id\":\"https:\/\/juacontecimentos.com.br\/site\/#organization\",\"name\":\"Jornal Ultimos Acontecimentos\",\"url\":\"https:\/\/juacontecimentos.com.br\/site\/\",\"logo\":{\"@type\":\"ImageObject\",\"inLanguage\":\"pt-BR\",\"@id\":\"https:\/\/juacontecimentos.com.br\/site\/#\/schema\/logo\/image\/\",\"url\":\"https:\/\/juacontecimentos.com.br\/site\/wp-content\/uploads\/2023\/04\/Logo_Site.png\",\"contentUrl\":\"https:\/\/juacontecimentos.com.br\/site\/wp-content\/uploads\/2023\/04\/Logo_Site.png\",\"width\":2476,\"height\":530,\"caption\":\"Jornal Ultimos Acontecimentos\"},\"image\":{\"@id\":\"https:\/\/juacontecimentos.com.br\/site\/#\/schema\/logo\/image\/\"},\"sameAs\":[\"https:\/\/www.facebook.com\/jultimosacontecimentos\/\"]},{\"@type\":\"Person\",\"@id\":\"https:\/\/juacontecimentos.com.br\/site\/#\/schema\/person\/082a54e6d3fdd7a633291428521c9669\",\"name\":\"Reginaldo Ribeiro\",\"image\":{\"@type\":\"ImageObject\",\"inLanguage\":\"pt-BR\",\"@id\":\"https:\/\/juacontecimentos.com.br\/site\/#\/schema\/person\/image\/\",\"url\":\"https:\/\/secure.gravatar.com\/avatar\/5c16c6837c3490270a74d888c2a845728f06bdde1f8761de1de1d1d1ef82d12f?s=96&d=mm&r=g\",\"contentUrl\":\"https:\/\/secure.gravatar.com\/avatar\/5c16c6837c3490270a74d888c2a845728f06bdde1f8761de1de1d1d1ef82d12f?s=96&d=mm&r=g\",\"caption\":\"Reginaldo Ribeiro\"}}]}<\/script>\n<!-- \/ Yoast SEO plugin. -->","yoast_head_json":{"title":"Deputada L\u00eada Borges testa positivo para Covid-19 - Jornal Ultimos Acontecimentos","robots":{"index":"index","follow":"follow","max-snippet":"max-snippet:-1","max-image-preview":"max-image-preview:large","max-video-preview":"max-video-preview:-1"},"canonical":"https:\/\/juacontecimentos.com.br\/site\/deputada-leda-borges-testa-positivo-para-covid-19\/","og_locale":"pt_BR","og_type":"article","og_title":"Deputada L\u00eada Borges testa positivo para Covid-19 - Jornal Ultimos Acontecimentos","og_description":"Deputada vai fazer mais exames, dentre eles para avaliar os pulm\u00f5es A deputada L\u00eada Borges (PSDB), testou positivo para Covid-19. A informa\u00e7\u00e3o foi divulgada pelo\u00a0chefe de gabinete da parlamentar,\u00a0Matheus Vasconcelos da Silva. Ele informou que ela sentiu alguns sintomas, fez o exame RT-PCR, que confirmou o resultado neste s\u00e1bado (25). Apesar dos sintomas, L\u00eada est\u00e1","og_url":"https:\/\/juacontecimentos.com.br\/site\/deputada-leda-borges-testa-positivo-para-covid-19\/","og_site_name":"Jornal Ultimos Acontecimentos","article_publisher":"https:\/\/www.facebook.com\/jultimosacontecimentos\/","article_published_time":"2020-07-26T10:25:20+00:00","og_image":[{"width":800,"height":534,"url":"https:\/\/juacontecimentos.com.br\/site\/wp-content\/uploads\/2020\/07\/image-6.jpg","type":"image\/jpeg"}],"author":"Reginaldo Ribeiro","twitter_card":"summary_large_image","twitter_misc":{"Escrito por":"Reginaldo Ribeiro","Est. tempo de leitura":"1 minuto"},"schema":{"@context":"https:\/\/schema.org","@graph":[{"@type":"Article","@id":"https:\/\/juacontecimentos.com.br\/site\/deputada-leda-borges-testa-positivo-para-covid-19\/#article","isPartOf":{"@id":"https:\/\/juacontecimentos.com.br\/site\/deputada-leda-borges-testa-positivo-para-covid-19\/"},"author":{"name":"Reginaldo Ribeiro","@id":"https:\/\/juacontecimentos.com.br\/site\/#\/schema\/person\/082a54e6d3fdd7a633291428521c9669"},"headline":"Deputada L\u00eada Borges testa positivo para Covid-19","datePublished":"2020-07-26T10:25:20+00:00","mainEntityOfPage":{"@id":"https:\/\/juacontecimentos.com.br\/site\/deputada-leda-borges-testa-positivo-para-covid-19\/"},"wordCount":119,"commentCount":0,"publisher":{"@id":"https:\/\/juacontecimentos.com.br\/site\/#organization"},"image":{"@id":"https:\/\/juacontecimentos.com.br\/site\/deputada-leda-borges-testa-positivo-para-covid-19\/#primaryimage"},"thumbnailUrl":"https:\/\/juacontecimentos.com.br\/site\/wp-content\/uploads\/2020\/07\/image-6.jpg","articleSection":["Brasil","Catal\u00e3o","Destaque","Goi\u00e1s"],"inLanguage":"pt-BR"},{"@type":"WebPage","@id":"https:\/\/juacontecimentos.com.br\/site\/deputada-leda-borges-testa-positivo-para-covid-19\/","url":"https:\/\/juacontecimentos.com.br\/site\/deputada-leda-borges-testa-positivo-para-covid-19\/","name":"Deputada L\u00eada Borges testa positivo para Covid-19 - Jornal Ultimos Acontecimentos","isPartOf":{"@id":"https:\/\/juacontecimentos.com.br\/site\/#website"},"primaryImageOfPage":{"@id":"https:\/\/juacontecimentos.com.br\/site\/deputada-leda-borges-testa-positivo-para-covid-19\/#primaryimage"},"image":{"@id":"https:\/\/juacontecimentos.com.br\/site\/deputada-leda-borges-testa-positivo-para-covid-19\/#primaryimage"},"thumbnailUrl":"https:\/\/juacontecimentos.com.br\/site\/wp-content\/uploads\/2020\/07\/image-6.jpg","datePublished":"2020-07-26T10:25:20+00:00","breadcrumb":{"@id":"https:\/\/juacontecimentos.com.br\/site\/deputada-leda-borges-testa-positivo-para-covid-19\/#breadcrumb"},"inLanguage":"pt-BR","potentialAction":[{"@type":"ReadAction","target":["https:\/\/juacontecimentos.com.br\/site\/deputada-leda-borges-testa-positivo-para-covid-19\/"]}]},{"@type":"ImageObject","inLanguage":"pt-BR","@id":"https:\/\/juacontecimentos.com.br\/site\/deputada-leda-borges-testa-positivo-para-covid-19\/#primaryimage","url":"https:\/\/juacontecimentos.com.br\/site\/wp-content\/uploads\/2020\/07\/image-6.jpg","contentUrl":"https:\/\/juacontecimentos.com.br\/site\/wp-content\/uploads\/2020\/07\/image-6.jpg","width":800,"height":534},{"@type":"BreadcrumbList","@id":"https:\/\/juacontecimentos.com.br\/site\/deputada-leda-borges-testa-positivo-para-covid-19\/#breadcrumb","itemListElement":[{"@type":"ListItem","position":1,"name":"In\u00edcio","item":"https:\/\/juacontecimentos.com.br\/site\/"},{"@type":"ListItem","position":2,"name":"Deputada L\u00eada Borges testa positivo para Covid-19"}]},{"@type":"WebSite","@id":"https:\/\/juacontecimentos.com.br\/site\/#website","url":"https:\/\/juacontecimentos.com.br\/site\/","name":"Jornal Ultimos Acontecimentos","description":"Catal\u00e3o e regi\u00e3o","publisher":{"@id":"https:\/\/juacontecimentos.com.br\/site\/#organization"},"potentialAction":[{"@type":"SearchAction","target":{"@type":"EntryPoint","urlTemplate":"https:\/\/juacontecimentos.com.br\/site\/?s={search_term_string}"},"query-input":{"@type":"PropertyValueSpecification","valueRequired":true,"valueName":"search_term_string"}}],"inLanguage":"pt-BR"},{"@type":"Organization","@id":"https:\/\/juacontecimentos.com.br\/site\/#organization","name":"Jornal Ultimos Acontecimentos","url":"https:\/\/juacontecimentos.com.br\/site\/","logo":{"@type":"ImageObject","inLanguage":"pt-BR","@id":"https:\/\/juacontecimentos.com.br\/site\/#\/schema\/logo\/image\/","url":"https:\/\/juacontecimentos.com.br\/site\/wp-content\/uploads\/2023\/04\/Logo_Site.png","contentUrl":"https:\/\/juacontecimentos.com.br\/site\/wp-content\/uploads\/2023\/04\/Logo_Site.png","width":2476,"height":530,"caption":"Jornal Ultimos Acontecimentos"},"image":{"@id":"https:\/\/juacontecimentos.com.br\/site\/#\/schema\/logo\/image\/"},"sameAs":["https:\/\/www.facebook.com\/jultimosacontecimentos\/"]},{"@type":"Person","@id":"https:\/\/juacontecimentos.com.br\/site\/#\/schema\/person\/082a54e6d3fdd7a633291428521c9669","name":"Reginaldo Ribeiro","image":{"@type":"ImageObject","inLanguage":"pt-BR","@id":"https:\/\/juacontecimentos.com.br\/site\/#\/schema\/person\/image\/","url":"https:\/\/secure.gravatar.com\/avatar\/5c16c6837c3490270a74d888c2a845728f06bdde1f8761de1de1d1d1ef82d12f?s=96&d=mm&r=g","contentUrl":"https:\/\/secure.gravatar.com\/avatar\/5c16c6837c3490270a74d888c2a845728f06bdde1f8761de1de1d1d1ef82d12f?s=96&d=mm&r=g","caption":"Reginaldo Ribeiro"}}]}},"_links":{"self":[{"href":"https:\/\/juacontecimentos.com.br\/site\/wp-json\/wp\/v2\/posts\/10637","targetHints":{"allow":["GET"]}}],"collection":[{"href":"https:\/\/juacontecimentos.com.br\/site\/wp-json\/wp\/v2\/posts"}],"about":[{"href":"https:\/\/juacontecimentos.com.br\/site\/wp-json\/wp\/v2\/types\/post"}],"author":[{"embeddable":true,"href":"https:\/\/juacontecimentos.com.br\/site\/wp-json\/wp\/v2\/users\/2"}],"replies":[{"embeddable":true,"href":"https:\/\/juacontecimentos.com.br\/site\/wp-json\/wp\/v2\/comments?post=10637"}],"version-history":[{"count":1,"href":"https:\/\/juacontecimentos.com.br\/site\/wp-json\/wp\/v2\/posts\/10637\/revisions"}],"predecessor-version":[{"id":10639,"href":"https:\/\/juacontecimentos.com.br\/site\/wp-json\/wp\/v2\/posts\/10637\/revisions\/10639"}],"wp:featuredmedia":[{"embeddable":true,"href":"https:\/\/juacontecimentos.com.br\/site\/wp-json\/wp\/v2\/media\/10638"}],"wp:attachment":[{"href":"https:\/\/juacontecimentos.com.br\/site\/wp-json\/wp\/v2\/media?parent=10637"}],"wp:term":[{"taxonomy":"category","embeddable":true,"href":"https:\/\/juacontecimentos.com.br\/site\/wp-json\/wp\/v2\/categories?post=10637"},{"taxonomy":"post_tag","embeddable":true,"href":"https:\/\/juacontecimentos.com.br\/site\/wp-json\/wp\/v2\/tags?post=10637"}],"curies":[{"name":"wp","href":"https:\/\/api.w.org\/{rel}","templated":true}]}}