{"id":10664,"date":"2020-07-28T12:58:00","date_gmt":"2020-07-28T15:58:00","guid":{"rendered":"http:\/\/juacontecimentos.com.br\/site\/?p=10664"},"modified":"2020-07-28T13:00:09","modified_gmt":"2020-07-28T16:00:09","slug":"entrevista-com-helson-barbosa-cacula-pre-candidato-reeleicao-para-vereador-de-catalao","status":"publish","type":"post","link":"https:\/\/juacontecimentos.com.br\/site\/entrevista-com-helson-barbosa-cacula-pre-candidato-reeleicao-para-vereador-de-catalao\/","title":{"rendered":"Entrevista com Helson Barbosa (Ca\u00e7ula), pr\u00e9-candidato a reelei\u00e7\u00e3o para vereador de Catal\u00e3o"},"content":{"rendered":"<p>O Jornal \u00daltimos Acontecimentos apresenta o Projeto \u201cEntrevista com pr\u00e9-candidatos\u201d, que traz como ideia central, uma breve conversa com os pr\u00e9-candidatos que desejam pleitear uma vaga no legislativo da cidade. O objetivo dos questionamentos \u00e9 come\u00e7ar a mostrar a popula\u00e7\u00e3o quem s\u00e3o e o que fazem os propensos postulantes ao cargo de vereador nas elei\u00e7\u00f5es municipais de 2020, e assim, proporcionar mais conhecimento aos eleitores, os grandes respons\u00e1veis por eleger nossos representantes.<\/p>\n<p>Est\u00e1 h\u00e1 tr\u00eas anos e meio na pol\u00edtica. Filiado ao partido pol\u00edtico MDB e foi candidato a vereador pela primeira vez, sendo eleito com 1.618 votos, para a legislatura 2017\/2020. Para conhecer resumidamente, o que pensa o pr\u00e9-candidato,\u00a0acompanhe a seguir a Entrevista.<\/p>\n<p>&nbsp;<\/p>\n<p><em><strong>O senhor \u00e9 vereador no munic\u00edpio, qual seu prop\u00f3sito, enquanto pr\u00e9-candidato a reelei\u00e7\u00e3o?<\/strong><\/em><\/p>\n<p><em>Em 2016 quando resolvi ser candidato ao cargo de vereador, falava para as pessoas que se fosse eleito, seria a voz de cada cidad\u00e3o no Legislativo e isso parecia mais uma promessa de mais um candidato. Hoje, quase quatro anos depois tenho mostrado para as pessoas que \u00e9 poss\u00edvel fazer parte da pol\u00edtica e manter seus princ\u00edpios, ter posi\u00e7\u00e3o e defender os interesses dos cidad\u00e3os e este \u00e9 o meu prop\u00f3sito como pr\u00e9-candidato a reelei\u00e7\u00e3o, mantendo firma nossas convic\u00e7\u00f5es em defesa dos direitos do nosso povo.<\/em><\/p>\n<p>&nbsp;<\/p>\n<p><em><strong>O que n\u00e3o foi poss\u00edvel realizar nesse mandato, que o senhor gostaria de concretizar, caso seja reeleito?<\/strong><\/em><\/p>\n<p><em>Vereador n\u00e3o faz por n\u00e3o ter a caneta, mas, buscamos junto ao Poder Executivo os benef\u00edcios para os bairros, zona rural e distritos. No in\u00edcio do nosso mandato, algumas pessoas diziam que se n\u00e3o fossem \u201caliado\u201d ao prefeito, n\u00e3o conseguiria nada, que outros vereadores em outros mandatos tamb\u00e9m fizeram assim e n\u00e3o foram reeleitos. Estou ciente que ser reeleito \u00e9 uma consequ\u00eancia do seu trabalho e que s\u00f3 sabemos do resultado no dia da elei\u00e7\u00e3o. Por isso, temos feito um intenso trabalho de fiscaliza\u00e7\u00e3o aos atos do executivo, que \u00e9 talvez a maior atribui\u00e7\u00e3o de um vereador, temos apoiado v\u00e1rias a\u00e7\u00f5es na \u00e1rea do esporte, no social e no fortalecimento da base familiar para que possamos ter uma sociedade mais justa e sem graves problemas sociais. Com rela\u00e7\u00e3o aos Projetos de Lei, apresentei v\u00e1rios, alguns foram j\u00e1 aprovados e sancionados, outros ainda est\u00e3o em tramita\u00e7\u00e3o, mas tamb\u00e9m sabemos que no Legislativo isso \u00e9 comum quando voc\u00ea prop\u00f5e algum Projeto de Lei \u00e9 necess\u00e1rio um \u201cjogo de cintura\u201d para convencer a maioria sobre a import\u00e2ncia daquela propositura e isso leva tempo.<\/em><\/p>\n<p>&nbsp;<\/p>\n<p><em><strong>Ao ter passado pelo legislativo sua vis\u00e3o de pol\u00edtica permanece a mesma? Se n\u00e3o, o que mudou?<\/strong><\/em><\/p>\n<p><em>Sim. A maioria das pessoas tem uma vis\u00e3o da pol\u00edtica de fora dela, quando voc\u00ea ocupa um cargo p\u00fablico por meio de um processo pol\u00edtico eleitoral, sua vis\u00e3o muda com rela\u00e7\u00e3o a sua maneira de pensar. A pol\u00edtica \u00e9 a arte do di\u00e1logo e \u00e9 no debate das ideias que as coisas acontecem. Muitas pessoas dizem: \u201cSe eu fosse um vereador faria assim ou assado, realizaria esse projeto\u201d e quem est\u00e1 na pol\u00edtica sabe que tudo ocorre em torno das discuss\u00f5es e debates e que isso \u00e0s vezes leva algum tempo para ser concretizado.<\/em><\/p>\n<p>&nbsp;<\/p>\n<p><em><strong>Como ser\u00e1 sua atua\u00e7\u00e3o no legislativo local, caso seja reeleito?<\/strong><\/em><\/p>\n<p><em>Temos que sempre buscar melhorar alguma coisa, mas no caso de ser vereador, manterei sempre a disposi\u00e7\u00e3o para fiscalizar o uso dos recursos p\u00fablicos, apresentando Projetos de Lei que de fato, se aprovados e sancionados trar\u00e3o benef\u00edcios reais a popula\u00e7\u00e3o e sendo\u00a0sempre uma voz em defesa das pessoas, em especial, daqueles que mais sofrem com a aus\u00eancia do puder p\u00fablico.<\/em><\/p>\n<p>&nbsp;<\/p>\n<p><em><strong>Em sua opini\u00e3o, quais adjetivos deve ter um pr\u00e9-candidato ao legislativo?<\/strong><\/em><\/p>\n<p><em>Em qualquer atividade que voc\u00ea desenvolve, primeiro voc\u00ea deve gostar do que faz. Um vereador \u00e9 o pol\u00edtico mais pr\u00f3ximo da popula\u00e7\u00e3o, \u00e9 ele que deve estar no dia a dia com as pessoas e se ele n\u00e3o gostar do que faz e das pessoas, ele est\u00e1 no lugar errado.<\/em><\/p>\n<p>&nbsp;<\/p>\n<p><em><strong>Qual sua avalia\u00e7\u00e3o com rela\u00e7\u00e3o ao legislativo municipal neste \u00faltimo pleito?<\/strong><\/em><\/p>\n<p><em>Se olharmos para o lado dos benef\u00edcios e melhorias que o munic\u00edpio tem alcan\u00e7ado nesta gest\u00e3o, podemos dizer que tem sido positivo a atua\u00e7\u00e3o do legislativo; no entanto, sabemos tamb\u00e9m que o Poder Legislativo pode e tem condi\u00e7\u00f5es de ser o \u201cator principal\u201d e n\u00e3o apenas um coadjuvante no processo de desenvolvimento da cidade. Prova disso, \u00e9 a quest\u00e3o da vota\u00e7\u00e3o da Emenda Impositiva (<\/em>A\u00a0Emenda Impositiva\u00a0\u00e9 o instrumento pelo qual os\u00a0vereadores\u00a0podem apresentar\u00a0emendas\u00a0\u00e0 Lei Or\u00e7ament\u00e1ria Anual (LOA) destinando recursos do Munic\u00edpio para determinadas obras, projetos ou institui\u00e7\u00f5es<em>) que dever\u00edamos ter aprovada no ano passado, e esse ano de 2020, poder\u00edamos est\u00e1 deixando um legado de todos os vereadores, o que n\u00e3o aconteceu por subservi\u00eancia (<\/em>Pessoa que cumpre regras ou ordens de modo humilhante) <em>de alguns parlamentares ao executivo municipal.<\/em><\/p>\n<p>&nbsp;<\/p>\n<p><em><strong>Para finalizar, que mensagem o sr. deixa para o povo de Catal\u00e3o?<\/strong><\/em><\/p>\n<p><em>Como falei anteriormente, o vereador \u00e9 o pol\u00edtico mais pr\u00f3ximo da popula\u00e7\u00e3o e tamb\u00e9m o mais importante no processo de defesa dos interesses da popula\u00e7\u00e3o. Por isso \u00e9 importante que as pessoas saibam escolher seus representantes. Daqui at\u00e9 o dia da elei\u00e7\u00e3o 15 de novembro de 2020, \u00e9 necess\u00e1ria uma an\u00e1lise criteriosa para que depois n\u00e3o venham ter dificuldades na representatividade no legislativo.<\/em><br \/>\n<\/p>\n","protected":false},"excerpt":{"rendered":"<p>O Jornal \u00daltimos Acontecimentos apresenta o Projeto \u201cEntrevista com pr\u00e9-candidatos\u201d, que traz como ideia central, uma breve conversa com os pr\u00e9-candidatos que desejam pleitear uma vaga no legislativo da cidade. O objetivo dos questionamentos \u00e9 come\u00e7ar a mostrar a popula\u00e7\u00e3o quem s\u00e3o e o que fazem os propensos postulantes ao cargo de vereador nas elei\u00e7\u00f5es<\/p>\n","protected":false},"author":2,"featured_media":10257,"comment_status":"open","ping_status":"open","sticky":false,"template":"","format":"standard","meta":{"footnotes":""},"categories":[27,22,26,23],"tags":[],"class_list":["post-10664","post","type-post","status-publish","format-standard","has-post-thumbnail","hentry","category-brasil","category-catalao","category-destaque","category-goias"],"yoast_head":"<!-- This site is optimized with the Yoast SEO plugin v25.8 - https:\/\/yoast.com\/wordpress\/plugins\/seo\/ -->\n<title>Entrevista com Helson Barbosa (Ca\u00e7ula), pr\u00e9-candidato a reelei\u00e7\u00e3o para vereador de Catal\u00e3o - Jornal Ultimos Acontecimentos<\/title>\n<meta name=\"robots\" content=\"index, follow, max-snippet:-1, max-image-preview:large, max-video-preview:-1\" \/>\n<link rel=\"canonical\" href=\"https:\/\/juacontecimentos.com.br\/site\/entrevista-com-helson-barbosa-cacula-pre-candidato-reeleicao-para-vereador-de-catalao\/\" \/>\n<meta property=\"og:locale\" content=\"pt_BR\" \/>\n<meta property=\"og:type\" content=\"article\" \/>\n<meta property=\"og:title\" content=\"Entrevista com Helson Barbosa (Ca\u00e7ula), pr\u00e9-candidato a reelei\u00e7\u00e3o para vereador de Catal\u00e3o - Jornal Ultimos Acontecimentos\" \/>\n<meta property=\"og:description\" content=\"O Jornal \u00daltimos Acontecimentos apresenta o Projeto \u201cEntrevista com pr\u00e9-candidatos\u201d, que traz como ideia central, uma breve conversa com os pr\u00e9-candidatos que desejam pleitear uma vaga no legislativo da cidade. O objetivo dos questionamentos \u00e9 come\u00e7ar a mostrar a popula\u00e7\u00e3o quem s\u00e3o e o que fazem os propensos postulantes ao cargo de vereador nas elei\u00e7\u00f5es\" \/>\n<meta property=\"og:url\" content=\"https:\/\/juacontecimentos.com.br\/site\/entrevista-com-helson-barbosa-cacula-pre-candidato-reeleicao-para-vereador-de-catalao\/\" \/>\n<meta property=\"og:site_name\" content=\"Jornal Ultimos Acontecimentos\" \/>\n<meta property=\"article:publisher\" content=\"https:\/\/www.facebook.com\/jultimosacontecimentos\/\" \/>\n<meta property=\"article:published_time\" content=\"2020-07-28T15:58:00+00:00\" \/>\n<meta property=\"article:modified_time\" content=\"2020-07-28T16:00:09+00:00\" \/>\n<meta property=\"og:image\" content=\"https:\/\/juacontecimentos.com.br\/site\/wp-content\/uploads\/2020\/06\/images-3.jpeg\" \/>\n\t<meta property=\"og:image:width\" content=\"729\" \/>\n\t<meta property=\"og:image:height\" content=\"420\" \/>\n\t<meta property=\"og:image:type\" content=\"image\/jpeg\" \/>\n<meta name=\"author\" content=\"Reginaldo Ribeiro\" \/>\n<meta name=\"twitter:card\" content=\"summary_large_image\" \/>\n<meta name=\"twitter:label1\" content=\"Escrito por\" \/>\n\t<meta name=\"twitter:data1\" content=\"Reginaldo Ribeiro\" \/>\n\t<meta name=\"twitter:label2\" content=\"Est. tempo de leitura\" \/>\n\t<meta name=\"twitter:data2\" content=\"5 minutos\" \/>\n<script type=\"application\/ld+json\" class=\"yoast-schema-graph\">{\"@context\":\"https:\/\/schema.org\",\"@graph\":[{\"@type\":\"Article\",\"@id\":\"https:\/\/juacontecimentos.com.br\/site\/entrevista-com-helson-barbosa-cacula-pre-candidato-reeleicao-para-vereador-de-catalao\/#article\",\"isPartOf\":{\"@id\":\"https:\/\/juacontecimentos.com.br\/site\/entrevista-com-helson-barbosa-cacula-pre-candidato-reeleicao-para-vereador-de-catalao\/\"},\"author\":{\"name\":\"Reginaldo Ribeiro\",\"@id\":\"https:\/\/juacontecimentos.com.br\/site\/#\/schema\/person\/082a54e6d3fdd7a633291428521c9669\"},\"headline\":\"Entrevista com Helson Barbosa (Ca\u00e7ula), pr\u00e9-candidato a reelei\u00e7\u00e3o para vereador de Catal\u00e3o\",\"datePublished\":\"2020-07-28T15:58:00+00:00\",\"dateModified\":\"2020-07-28T16:00:09+00:00\",\"mainEntityOfPage\":{\"@id\":\"https:\/\/juacontecimentos.com.br\/site\/entrevista-com-helson-barbosa-cacula-pre-candidato-reeleicao-para-vereador-de-catalao\/\"},\"wordCount\":978,\"commentCount\":0,\"publisher\":{\"@id\":\"https:\/\/juacontecimentos.com.br\/site\/#organization\"},\"image\":{\"@id\":\"https:\/\/juacontecimentos.com.br\/site\/entrevista-com-helson-barbosa-cacula-pre-candidato-reeleicao-para-vereador-de-catalao\/#primaryimage\"},\"thumbnailUrl\":\"https:\/\/juacontecimentos.com.br\/site\/wp-content\/uploads\/2020\/06\/images-3.jpeg\",\"articleSection\":[\"Brasil\",\"Catal\u00e3o\",\"Destaque\",\"Goi\u00e1s\"],\"inLanguage\":\"pt-BR\"},{\"@type\":\"WebPage\",\"@id\":\"https:\/\/juacontecimentos.com.br\/site\/entrevista-com-helson-barbosa-cacula-pre-candidato-reeleicao-para-vereador-de-catalao\/\",\"url\":\"https:\/\/juacontecimentos.com.br\/site\/entrevista-com-helson-barbosa-cacula-pre-candidato-reeleicao-para-vereador-de-catalao\/\",\"name\":\"Entrevista com Helson Barbosa (Ca\u00e7ula), pr\u00e9-candidato a reelei\u00e7\u00e3o para vereador de Catal\u00e3o - Jornal Ultimos Acontecimentos\",\"isPartOf\":{\"@id\":\"https:\/\/juacontecimentos.com.br\/site\/#website\"},\"primaryImageOfPage\":{\"@id\":\"https:\/\/juacontecimentos.com.br\/site\/entrevista-com-helson-barbosa-cacula-pre-candidato-reeleicao-para-vereador-de-catalao\/#primaryimage\"},\"image\":{\"@id\":\"https:\/\/juacontecimentos.com.br\/site\/entrevista-com-helson-barbosa-cacula-pre-candidato-reeleicao-para-vereador-de-catalao\/#primaryimage\"},\"thumbnailUrl\":\"https:\/\/juacontecimentos.com.br\/site\/wp-content\/uploads\/2020\/06\/images-3.jpeg\",\"datePublished\":\"2020-07-28T15:58:00+00:00\",\"dateModified\":\"2020-07-28T16:00:09+00:00\",\"breadcrumb\":{\"@id\":\"https:\/\/juacontecimentos.com.br\/site\/entrevista-com-helson-barbosa-cacula-pre-candidato-reeleicao-para-vereador-de-catalao\/#breadcrumb\"},\"inLanguage\":\"pt-BR\",\"potentialAction\":[{\"@type\":\"ReadAction\",\"target\":[\"https:\/\/juacontecimentos.com.br\/site\/entrevista-com-helson-barbosa-cacula-pre-candidato-reeleicao-para-vereador-de-catalao\/\"]}]},{\"@type\":\"ImageObject\",\"inLanguage\":\"pt-BR\",\"@id\":\"https:\/\/juacontecimentos.com.br\/site\/entrevista-com-helson-barbosa-cacula-pre-candidato-reeleicao-para-vereador-de-catalao\/#primaryimage\",\"url\":\"https:\/\/juacontecimentos.com.br\/site\/wp-content\/uploads\/2020\/06\/images-3.jpeg\",\"contentUrl\":\"https:\/\/juacontecimentos.com.br\/site\/wp-content\/uploads\/2020\/06\/images-3.jpeg\",\"width\":729,\"height\":420},{\"@type\":\"BreadcrumbList\",\"@id\":\"https:\/\/juacontecimentos.com.br\/site\/entrevista-com-helson-barbosa-cacula-pre-candidato-reeleicao-para-vereador-de-catalao\/#breadcrumb\",\"itemListElement\":[{\"@type\":\"ListItem\",\"position\":1,\"name\":\"In\u00edcio\",\"item\":\"https:\/\/juacontecimentos.com.br\/site\/\"},{\"@type\":\"ListItem\",\"position\":2,\"name\":\"Entrevista com Helson Barbosa (Ca\u00e7ula), pr\u00e9-candidato a reelei\u00e7\u00e3o para vereador de Catal\u00e3o\"}]},{\"@type\":\"WebSite\",\"@id\":\"https:\/\/juacontecimentos.com.br\/site\/#website\",\"url\":\"https:\/\/juacontecimentos.com.br\/site\/\",\"name\":\"Jornal Ultimos Acontecimentos\",\"description\":\"Catal\u00e3o e regi\u00e3o\",\"publisher\":{\"@id\":\"https:\/\/juacontecimentos.com.br\/site\/#organization\"},\"potentialAction\":[{\"@type\":\"SearchAction\",\"target\":{\"@type\":\"EntryPoint\",\"urlTemplate\":\"https:\/\/juacontecimentos.com.br\/site\/?s={search_term_string}\"},\"query-input\":{\"@type\":\"PropertyValueSpecification\",\"valueRequired\":true,\"valueName\":\"search_term_string\"}}],\"inLanguage\":\"pt-BR\"},{\"@type\":\"Organization\",\"@id\":\"https:\/\/juacontecimentos.com.br\/site\/#organization\",\"name\":\"Jornal Ultimos Acontecimentos\",\"url\":\"https:\/\/juacontecimentos.com.br\/site\/\",\"logo\":{\"@type\":\"ImageObject\",\"inLanguage\":\"pt-BR\",\"@id\":\"https:\/\/juacontecimentos.com.br\/site\/#\/schema\/logo\/image\/\",\"url\":\"https:\/\/juacontecimentos.com.br\/site\/wp-content\/uploads\/2023\/04\/Logo_Site.png\",\"contentUrl\":\"https:\/\/juacontecimentos.com.br\/site\/wp-content\/uploads\/2023\/04\/Logo_Site.png\",\"width\":2476,\"height\":530,\"caption\":\"Jornal Ultimos Acontecimentos\"},\"image\":{\"@id\":\"https:\/\/juacontecimentos.com.br\/site\/#\/schema\/logo\/image\/\"},\"sameAs\":[\"https:\/\/www.facebook.com\/jultimosacontecimentos\/\"]},{\"@type\":\"Person\",\"@id\":\"https:\/\/juacontecimentos.com.br\/site\/#\/schema\/person\/082a54e6d3fdd7a633291428521c9669\",\"name\":\"Reginaldo Ribeiro\",\"image\":{\"@type\":\"ImageObject\",\"inLanguage\":\"pt-BR\",\"@id\":\"https:\/\/juacontecimentos.com.br\/site\/#\/schema\/person\/image\/\",\"url\":\"https:\/\/secure.gravatar.com\/avatar\/5c16c6837c3490270a74d888c2a845728f06bdde1f8761de1de1d1d1ef82d12f?s=96&d=mm&r=g\",\"contentUrl\":\"https:\/\/secure.gravatar.com\/avatar\/5c16c6837c3490270a74d888c2a845728f06bdde1f8761de1de1d1d1ef82d12f?s=96&d=mm&r=g\",\"caption\":\"Reginaldo Ribeiro\"}}]}<\/script>\n<!-- \/ Yoast SEO plugin. -->","yoast_head_json":{"title":"Entrevista com Helson Barbosa (Ca\u00e7ula), pr\u00e9-candidato a reelei\u00e7\u00e3o para vereador de Catal\u00e3o - Jornal Ultimos Acontecimentos","robots":{"index":"index","follow":"follow","max-snippet":"max-snippet:-1","max-image-preview":"max-image-preview:large","max-video-preview":"max-video-preview:-1"},"canonical":"https:\/\/juacontecimentos.com.br\/site\/entrevista-com-helson-barbosa-cacula-pre-candidato-reeleicao-para-vereador-de-catalao\/","og_locale":"pt_BR","og_type":"article","og_title":"Entrevista com Helson Barbosa (Ca\u00e7ula), pr\u00e9-candidato a reelei\u00e7\u00e3o para vereador de Catal\u00e3o - Jornal Ultimos Acontecimentos","og_description":"O Jornal \u00daltimos Acontecimentos apresenta o Projeto \u201cEntrevista com pr\u00e9-candidatos\u201d, que traz como ideia central, uma breve conversa com os pr\u00e9-candidatos que desejam pleitear uma vaga no legislativo da cidade. O objetivo dos questionamentos \u00e9 come\u00e7ar a mostrar a popula\u00e7\u00e3o quem s\u00e3o e o que fazem os propensos postulantes ao cargo de vereador nas elei\u00e7\u00f5es","og_url":"https:\/\/juacontecimentos.com.br\/site\/entrevista-com-helson-barbosa-cacula-pre-candidato-reeleicao-para-vereador-de-catalao\/","og_site_name":"Jornal Ultimos Acontecimentos","article_publisher":"https:\/\/www.facebook.com\/jultimosacontecimentos\/","article_published_time":"2020-07-28T15:58:00+00:00","article_modified_time":"2020-07-28T16:00:09+00:00","og_image":[{"width":729,"height":420,"url":"https:\/\/juacontecimentos.com.br\/site\/wp-content\/uploads\/2020\/06\/images-3.jpeg","type":"image\/jpeg"}],"author":"Reginaldo Ribeiro","twitter_card":"summary_large_image","twitter_misc":{"Escrito por":"Reginaldo Ribeiro","Est. tempo de leitura":"5 minutos"},"schema":{"@context":"https:\/\/schema.org","@graph":[{"@type":"Article","@id":"https:\/\/juacontecimentos.com.br\/site\/entrevista-com-helson-barbosa-cacula-pre-candidato-reeleicao-para-vereador-de-catalao\/#article","isPartOf":{"@id":"https:\/\/juacontecimentos.com.br\/site\/entrevista-com-helson-barbosa-cacula-pre-candidato-reeleicao-para-vereador-de-catalao\/"},"author":{"name":"Reginaldo Ribeiro","@id":"https:\/\/juacontecimentos.com.br\/site\/#\/schema\/person\/082a54e6d3fdd7a633291428521c9669"},"headline":"Entrevista com Helson Barbosa (Ca\u00e7ula), pr\u00e9-candidato a reelei\u00e7\u00e3o para vereador de Catal\u00e3o","datePublished":"2020-07-28T15:58:00+00:00","dateModified":"2020-07-28T16:00:09+00:00","mainEntityOfPage":{"@id":"https:\/\/juacontecimentos.com.br\/site\/entrevista-com-helson-barbosa-cacula-pre-candidato-reeleicao-para-vereador-de-catalao\/"},"wordCount":978,"commentCount":0,"publisher":{"@id":"https:\/\/juacontecimentos.com.br\/site\/#organization"},"image":{"@id":"https:\/\/juacontecimentos.com.br\/site\/entrevista-com-helson-barbosa-cacula-pre-candidato-reeleicao-para-vereador-de-catalao\/#primaryimage"},"thumbnailUrl":"https:\/\/juacontecimentos.com.br\/site\/wp-content\/uploads\/2020\/06\/images-3.jpeg","articleSection":["Brasil","Catal\u00e3o","Destaque","Goi\u00e1s"],"inLanguage":"pt-BR"},{"@type":"WebPage","@id":"https:\/\/juacontecimentos.com.br\/site\/entrevista-com-helson-barbosa-cacula-pre-candidato-reeleicao-para-vereador-de-catalao\/","url":"https:\/\/juacontecimentos.com.br\/site\/entrevista-com-helson-barbosa-cacula-pre-candidato-reeleicao-para-vereador-de-catalao\/","name":"Entrevista com Helson Barbosa (Ca\u00e7ula), pr\u00e9-candidato a reelei\u00e7\u00e3o para vereador de Catal\u00e3o - Jornal Ultimos Acontecimentos","isPartOf":{"@id":"https:\/\/juacontecimentos.com.br\/site\/#website"},"primaryImageOfPage":{"@id":"https:\/\/juacontecimentos.com.br\/site\/entrevista-com-helson-barbosa-cacula-pre-candidato-reeleicao-para-vereador-de-catalao\/#primaryimage"},"image":{"@id":"https:\/\/juacontecimentos.com.br\/site\/entrevista-com-helson-barbosa-cacula-pre-candidato-reeleicao-para-vereador-de-catalao\/#primaryimage"},"thumbnailUrl":"https:\/\/juacontecimentos.com.br\/site\/wp-content\/uploads\/2020\/06\/images-3.jpeg","datePublished":"2020-07-28T15:58:00+00:00","dateModified":"2020-07-28T16:00:09+00:00","breadcrumb":{"@id":"https:\/\/juacontecimentos.com.br\/site\/entrevista-com-helson-barbosa-cacula-pre-candidato-reeleicao-para-vereador-de-catalao\/#breadcrumb"},"inLanguage":"pt-BR","potentialAction":[{"@type":"ReadAction","target":["https:\/\/juacontecimentos.com.br\/site\/entrevista-com-helson-barbosa-cacula-pre-candidato-reeleicao-para-vereador-de-catalao\/"]}]},{"@type":"ImageObject","inLanguage":"pt-BR","@id":"https:\/\/juacontecimentos.com.br\/site\/entrevista-com-helson-barbosa-cacula-pre-candidato-reeleicao-para-vereador-de-catalao\/#primaryimage","url":"https:\/\/juacontecimentos.com.br\/site\/wp-content\/uploads\/2020\/06\/images-3.jpeg","contentUrl":"https:\/\/juacontecimentos.com.br\/site\/wp-content\/uploads\/2020\/06\/images-3.jpeg","width":729,"height":420},{"@type":"BreadcrumbList","@id":"https:\/\/juacontecimentos.com.br\/site\/entrevista-com-helson-barbosa-cacula-pre-candidato-reeleicao-para-vereador-de-catalao\/#breadcrumb","itemListElement":[{"@type":"ListItem","position":1,"name":"In\u00edcio","item":"https:\/\/juacontecimentos.com.br\/site\/"},{"@type":"ListItem","position":2,"name":"Entrevista com Helson Barbosa (Ca\u00e7ula), pr\u00e9-candidato a reelei\u00e7\u00e3o para vereador de Catal\u00e3o"}]},{"@type":"WebSite","@id":"https:\/\/juacontecimentos.com.br\/site\/#website","url":"https:\/\/juacontecimentos.com.br\/site\/","name":"Jornal Ultimos Acontecimentos","description":"Catal\u00e3o e regi\u00e3o","publisher":{"@id":"https:\/\/juacontecimentos.com.br\/site\/#organization"},"potentialAction":[{"@type":"SearchAction","target":{"@type":"EntryPoint","urlTemplate":"https:\/\/juacontecimentos.com.br\/site\/?s={search_term_string}"},"query-input":{"@type":"PropertyValueSpecification","valueRequired":true,"valueName":"search_term_string"}}],"inLanguage":"pt-BR"},{"@type":"Organization","@id":"https:\/\/juacontecimentos.com.br\/site\/#organization","name":"Jornal Ultimos Acontecimentos","url":"https:\/\/juacontecimentos.com.br\/site\/","logo":{"@type":"ImageObject","inLanguage":"pt-BR","@id":"https:\/\/juacontecimentos.com.br\/site\/#\/schema\/logo\/image\/","url":"https:\/\/juacontecimentos.com.br\/site\/wp-content\/uploads\/2023\/04\/Logo_Site.png","contentUrl":"https:\/\/juacontecimentos.com.br\/site\/wp-content\/uploads\/2023\/04\/Logo_Site.png","width":2476,"height":530,"caption":"Jornal Ultimos Acontecimentos"},"image":{"@id":"https:\/\/juacontecimentos.com.br\/site\/#\/schema\/logo\/image\/"},"sameAs":["https:\/\/www.facebook.com\/jultimosacontecimentos\/"]},{"@type":"Person","@id":"https:\/\/juacontecimentos.com.br\/site\/#\/schema\/person\/082a54e6d3fdd7a633291428521c9669","name":"Reginaldo Ribeiro","image":{"@type":"ImageObject","inLanguage":"pt-BR","@id":"https:\/\/juacontecimentos.com.br\/site\/#\/schema\/person\/image\/","url":"https:\/\/secure.gravatar.com\/avatar\/5c16c6837c3490270a74d888c2a845728f06bdde1f8761de1de1d1d1ef82d12f?s=96&d=mm&r=g","contentUrl":"https:\/\/secure.gravatar.com\/avatar\/5c16c6837c3490270a74d888c2a845728f06bdde1f8761de1de1d1d1ef82d12f?s=96&d=mm&r=g","caption":"Reginaldo Ribeiro"}}]}},"_links":{"self":[{"href":"https:\/\/juacontecimentos.com.br\/site\/wp-json\/wp\/v2\/posts\/10664","targetHints":{"allow":["GET"]}}],"collection":[{"href":"https:\/\/juacontecimentos.com.br\/site\/wp-json\/wp\/v2\/posts"}],"about":[{"href":"https:\/\/juacontecimentos.com.br\/site\/wp-json\/wp\/v2\/types\/post"}],"author":[{"embeddable":true,"href":"https:\/\/juacontecimentos.com.br\/site\/wp-json\/wp\/v2\/users\/2"}],"replies":[{"embeddable":true,"href":"https:\/\/juacontecimentos.com.br\/site\/wp-json\/wp\/v2\/comments?post=10664"}],"version-history":[{"count":1,"href":"https:\/\/juacontecimentos.com.br\/site\/wp-json\/wp\/v2\/posts\/10664\/revisions"}],"predecessor-version":[{"id":10665,"href":"https:\/\/juacontecimentos.com.br\/site\/wp-json\/wp\/v2\/posts\/10664\/revisions\/10665"}],"wp:featuredmedia":[{"embeddable":true,"href":"https:\/\/juacontecimentos.com.br\/site\/wp-json\/wp\/v2\/media\/10257"}],"wp:attachment":[{"href":"https:\/\/juacontecimentos.com.br\/site\/wp-json\/wp\/v2\/media?parent=10664"}],"wp:term":[{"taxonomy":"category","embeddable":true,"href":"https:\/\/juacontecimentos.com.br\/site\/wp-json\/wp\/v2\/categories?post=10664"},{"taxonomy":"post_tag","embeddable":true,"href":"https:\/\/juacontecimentos.com.br\/site\/wp-json\/wp\/v2\/tags?post=10664"}],"curies":[{"name":"wp","href":"https:\/\/api.w.org\/{rel}","templated":true}]}}