{"id":10748,"date":"2020-08-06T20:10:29","date_gmt":"2020-08-06T23:10:29","guid":{"rendered":"http:\/\/juacontecimentos.com.br\/site\/?p=10748"},"modified":"2020-08-06T20:10:29","modified_gmt":"2020-08-06T23:10:29","slug":"solidariedade-declara-apoio-elder-galdino-em-catalao","status":"publish","type":"post","link":"https:\/\/juacontecimentos.com.br\/site\/solidariedade-declara-apoio-elder-galdino-em-catalao\/","title":{"rendered":"SOLIDARIEDADE DECLARA APOIO A ELDER GALDINO EM CATAL\u00c3O"},"content":{"rendered":"<p><img loading=\"lazy\" decoding=\"async\" class=\"alignnone size-full wp-image-10749\" src=\"http:\/\/juacontecimentos.com.br\/site\/wp-content\/uploads\/2020\/08\/IMG-20200806-WA0084-e1596755172263.jpg\" alt=\"\" width=\"1000\" height=\"552\" \/><\/p>\n<p>O Solidariedade de Goi\u00e1s, por meio do deputado federal Lucas Verg\u00edlio, oficializou na tarde desta quinta-feira (6) apoio \u00e0 pr\u00e9-candidatura do agropecuarista Elder Galdino (MDB) a prefeito de Catal\u00e3o.<\/p>\n<div style=\"width: 640px;\" class=\"wp-video\"><!--[if lt IE 9]><script>document.createElement('video');<\/script><![endif]-->\n<video class=\"wp-video-shortcode\" id=\"video-10748-1\" width=\"640\" height=\"352\" preload=\"metadata\" controls=\"controls\"><source type=\"video\/mp4\" src=\"http:\/\/juacontecimentos.com.br\/site\/wp-content\/uploads\/2020\/08\/VID-20200806-WA0416.mp4?_=1\" \/><a href=\"http:\/\/juacontecimentos.com.br\/site\/wp-content\/uploads\/2020\/08\/VID-20200806-WA0416.mp4\">http:\/\/juacontecimentos.com.br\/site\/wp-content\/uploads\/2020\/08\/VID-20200806-WA0416.mp4<\/a><\/video><\/div>\n<p>Em v\u00eddeo postado nas redes sociais, Lucas Verg\u00edlio disse que o Solidariedade acredita no projeto de Elder Galdino para Catal\u00e3o, que classificou de moderno e inovador.\u00a0Ele destacou que o emedebista far\u00e1 a diferen\u00e7a no munic\u00edpio. \u201cH\u00e1 muito tempo Catal\u00e3o j\u00e1 merece um prefeito como Elder Galdino para renovar a pol\u00edtica e tirar da mesmice a gest\u00e3o do munic\u00edpio\u201d, declarou.<\/p>\n<p>Elder Galdino agradeceu o apoio do Solidariedade, assinalando que a legenda \u00e9 uma grande for\u00e7a pol\u00edtica em Goi\u00e1s e se junta ao projeto de sua pr\u00e9-candidatura para abrir um novo caminho para Catal\u00e3o.\u00a0\u201cQuero agradecer muito esse apoio, que nos motiva ainda mais na constru\u00e7\u00e3o de um novo momento em Catal\u00e3o, onde n\u00e3o haja espa\u00e7o para o \u00f3dio e a persegui\u00e7\u00e3o, com o fim da velha briga dos dois doutores que j\u00e1 dura 20 anos\u201d, sublinhou.<\/p>\n<p>O apoio do Solidariedade foi comunicado ao presidente estadual do MDB, Daniel Vilela, que disse que a pr\u00e9-candidatura de Elder Galdino cresce a cada dia porque expressa um forte sentimento de mudan\u00e7a que surgiu em Catal\u00e3o.<br \/>\n<\/p>\n","protected":false},"excerpt":{"rendered":"<p>O Solidariedade de Goi\u00e1s, por meio do deputado federal Lucas Verg\u00edlio, oficializou na tarde desta quinta-feira (6) apoio \u00e0 pr\u00e9-candidatura do agropecuarista Elder Galdino (MDB) a prefeito de Catal\u00e3o. Em v\u00eddeo postado nas redes sociais, Lucas Verg\u00edlio disse que o Solidariedade acredita no projeto de Elder Galdino para Catal\u00e3o, que classificou de moderno e inovador.\u00a0Ele<\/p>\n","protected":false},"author":2,"featured_media":10749,"comment_status":"open","ping_status":"open","sticky":false,"template":"","format":"standard","meta":{"footnotes":""},"categories":[27,22,26,23],"tags":[],"class_list":["post-10748","post","type-post","status-publish","format-standard","has-post-thumbnail","hentry","category-brasil","category-catalao","category-destaque","category-goias"],"yoast_head":"<!-- This site is optimized with the Yoast SEO plugin v25.8 - https:\/\/yoast.com\/wordpress\/plugins\/seo\/ -->\n<title>SOLIDARIEDADE DECLARA APOIO A ELDER GALDINO EM CATAL\u00c3O - Jornal Ultimos Acontecimentos<\/title>\n<meta name=\"robots\" content=\"index, follow, max-snippet:-1, max-image-preview:large, max-video-preview:-1\" \/>\n<link rel=\"canonical\" href=\"https:\/\/juacontecimentos.com.br\/site\/solidariedade-declara-apoio-elder-galdino-em-catalao\/\" \/>\n<meta property=\"og:locale\" content=\"pt_BR\" \/>\n<meta property=\"og:type\" content=\"article\" \/>\n<meta property=\"og:title\" content=\"SOLIDARIEDADE DECLARA APOIO A ELDER GALDINO EM CATAL\u00c3O - Jornal Ultimos Acontecimentos\" \/>\n<meta property=\"og:description\" content=\"O Solidariedade de Goi\u00e1s, por meio do deputado federal Lucas Verg\u00edlio, oficializou na tarde desta quinta-feira (6) apoio \u00e0 pr\u00e9-candidatura do agropecuarista Elder Galdino (MDB) a prefeito de Catal\u00e3o. Em v\u00eddeo postado nas redes sociais, Lucas Verg\u00edlio disse que o Solidariedade acredita no projeto de Elder Galdino para Catal\u00e3o, que classificou de moderno e inovador.\u00a0Ele\" \/>\n<meta property=\"og:url\" content=\"https:\/\/juacontecimentos.com.br\/site\/solidariedade-declara-apoio-elder-galdino-em-catalao\/\" \/>\n<meta property=\"og:site_name\" content=\"Jornal Ultimos Acontecimentos\" \/>\n<meta property=\"article:publisher\" content=\"https:\/\/www.facebook.com\/jultimosacontecimentos\/\" \/>\n<meta property=\"article:published_time\" content=\"2020-08-06T23:10:29+00:00\" \/>\n<meta property=\"og:image\" content=\"https:\/\/juacontecimentos.com.br\/site\/wp-content\/uploads\/2020\/08\/IMG-20200806-WA0084-e1596755172263.jpg\" \/>\n\t<meta property=\"og:image:width\" content=\"1000\" \/>\n\t<meta property=\"og:image:height\" content=\"552\" \/>\n\t<meta property=\"og:image:type\" content=\"image\/jpeg\" \/>\n<meta name=\"author\" content=\"Reginaldo Ribeiro\" \/>\n<meta name=\"twitter:card\" content=\"summary_large_image\" \/>\n<meta name=\"twitter:label1\" content=\"Escrito por\" \/>\n\t<meta name=\"twitter:data1\" content=\"Reginaldo Ribeiro\" \/>\n\t<meta name=\"twitter:label2\" content=\"Est. tempo de leitura\" \/>\n\t<meta name=\"twitter:data2\" content=\"1 minuto\" \/>\n<script type=\"application\/ld+json\" class=\"yoast-schema-graph\">{\"@context\":\"https:\/\/schema.org\",\"@graph\":[{\"@type\":\"Article\",\"@id\":\"https:\/\/juacontecimentos.com.br\/site\/solidariedade-declara-apoio-elder-galdino-em-catalao\/#article\",\"isPartOf\":{\"@id\":\"https:\/\/juacontecimentos.com.br\/site\/solidariedade-declara-apoio-elder-galdino-em-catalao\/\"},\"author\":{\"name\":\"Reginaldo Ribeiro\",\"@id\":\"https:\/\/juacontecimentos.com.br\/site\/#\/schema\/person\/082a54e6d3fdd7a633291428521c9669\"},\"headline\":\"SOLIDARIEDADE DECLARA APOIO A ELDER GALDINO EM CATAL\u00c3O\",\"datePublished\":\"2020-08-06T23:10:29+00:00\",\"mainEntityOfPage\":{\"@id\":\"https:\/\/juacontecimentos.com.br\/site\/solidariedade-declara-apoio-elder-galdino-em-catalao\/\"},\"wordCount\":247,\"commentCount\":0,\"publisher\":{\"@id\":\"https:\/\/juacontecimentos.com.br\/site\/#organization\"},\"image\":{\"@id\":\"https:\/\/juacontecimentos.com.br\/site\/solidariedade-declara-apoio-elder-galdino-em-catalao\/#primaryimage\"},\"thumbnailUrl\":\"https:\/\/juacontecimentos.com.br\/site\/wp-content\/uploads\/2020\/08\/IMG-20200806-WA0084-e1596755172263.jpg\",\"articleSection\":[\"Brasil\",\"Catal\u00e3o\",\"Destaque\",\"Goi\u00e1s\"],\"inLanguage\":\"pt-BR\"},{\"@type\":\"WebPage\",\"@id\":\"https:\/\/juacontecimentos.com.br\/site\/solidariedade-declara-apoio-elder-galdino-em-catalao\/\",\"url\":\"https:\/\/juacontecimentos.com.br\/site\/solidariedade-declara-apoio-elder-galdino-em-catalao\/\",\"name\":\"SOLIDARIEDADE DECLARA APOIO A ELDER GALDINO EM CATAL\u00c3O - Jornal Ultimos Acontecimentos\",\"isPartOf\":{\"@id\":\"https:\/\/juacontecimentos.com.br\/site\/#website\"},\"primaryImageOfPage\":{\"@id\":\"https:\/\/juacontecimentos.com.br\/site\/solidariedade-declara-apoio-elder-galdino-em-catalao\/#primaryimage\"},\"image\":{\"@id\":\"https:\/\/juacontecimentos.com.br\/site\/solidariedade-declara-apoio-elder-galdino-em-catalao\/#primaryimage\"},\"thumbnailUrl\":\"https:\/\/juacontecimentos.com.br\/site\/wp-content\/uploads\/2020\/08\/IMG-20200806-WA0084-e1596755172263.jpg\",\"datePublished\":\"2020-08-06T23:10:29+00:00\",\"breadcrumb\":{\"@id\":\"https:\/\/juacontecimentos.com.br\/site\/solidariedade-declara-apoio-elder-galdino-em-catalao\/#breadcrumb\"},\"inLanguage\":\"pt-BR\",\"potentialAction\":[{\"@type\":\"ReadAction\",\"target\":[\"https:\/\/juacontecimentos.com.br\/site\/solidariedade-declara-apoio-elder-galdino-em-catalao\/\"]}]},{\"@type\":\"ImageObject\",\"inLanguage\":\"pt-BR\",\"@id\":\"https:\/\/juacontecimentos.com.br\/site\/solidariedade-declara-apoio-elder-galdino-em-catalao\/#primaryimage\",\"url\":\"https:\/\/juacontecimentos.com.br\/site\/wp-content\/uploads\/2020\/08\/IMG-20200806-WA0084-e1596755172263.jpg\",\"contentUrl\":\"https:\/\/juacontecimentos.com.br\/site\/wp-content\/uploads\/2020\/08\/IMG-20200806-WA0084-e1596755172263.jpg\",\"width\":1000,\"height\":552},{\"@type\":\"BreadcrumbList\",\"@id\":\"https:\/\/juacontecimentos.com.br\/site\/solidariedade-declara-apoio-elder-galdino-em-catalao\/#breadcrumb\",\"itemListElement\":[{\"@type\":\"ListItem\",\"position\":1,\"name\":\"In\u00edcio\",\"item\":\"https:\/\/juacontecimentos.com.br\/site\/\"},{\"@type\":\"ListItem\",\"position\":2,\"name\":\"SOLIDARIEDADE DECLARA APOIO A ELDER GALDINO EM CATAL\u00c3O\"}]},{\"@type\":\"WebSite\",\"@id\":\"https:\/\/juacontecimentos.com.br\/site\/#website\",\"url\":\"https:\/\/juacontecimentos.com.br\/site\/\",\"name\":\"Jornal Ultimos Acontecimentos\",\"description\":\"Catal\u00e3o e regi\u00e3o\",\"publisher\":{\"@id\":\"https:\/\/juacontecimentos.com.br\/site\/#organization\"},\"potentialAction\":[{\"@type\":\"SearchAction\",\"target\":{\"@type\":\"EntryPoint\",\"urlTemplate\":\"https:\/\/juacontecimentos.com.br\/site\/?s={search_term_string}\"},\"query-input\":{\"@type\":\"PropertyValueSpecification\",\"valueRequired\":true,\"valueName\":\"search_term_string\"}}],\"inLanguage\":\"pt-BR\"},{\"@type\":\"Organization\",\"@id\":\"https:\/\/juacontecimentos.com.br\/site\/#organization\",\"name\":\"Jornal Ultimos Acontecimentos\",\"url\":\"https:\/\/juacontecimentos.com.br\/site\/\",\"logo\":{\"@type\":\"ImageObject\",\"inLanguage\":\"pt-BR\",\"@id\":\"https:\/\/juacontecimentos.com.br\/site\/#\/schema\/logo\/image\/\",\"url\":\"https:\/\/juacontecimentos.com.br\/site\/wp-content\/uploads\/2023\/04\/Logo_Site.png\",\"contentUrl\":\"https:\/\/juacontecimentos.com.br\/site\/wp-content\/uploads\/2023\/04\/Logo_Site.png\",\"width\":2476,\"height\":530,\"caption\":\"Jornal Ultimos Acontecimentos\"},\"image\":{\"@id\":\"https:\/\/juacontecimentos.com.br\/site\/#\/schema\/logo\/image\/\"},\"sameAs\":[\"https:\/\/www.facebook.com\/jultimosacontecimentos\/\"]},{\"@type\":\"Person\",\"@id\":\"https:\/\/juacontecimentos.com.br\/site\/#\/schema\/person\/082a54e6d3fdd7a633291428521c9669\",\"name\":\"Reginaldo Ribeiro\",\"image\":{\"@type\":\"ImageObject\",\"inLanguage\":\"pt-BR\",\"@id\":\"https:\/\/juacontecimentos.com.br\/site\/#\/schema\/person\/image\/\",\"url\":\"https:\/\/secure.gravatar.com\/avatar\/5c16c6837c3490270a74d888c2a845728f06bdde1f8761de1de1d1d1ef82d12f?s=96&d=mm&r=g\",\"contentUrl\":\"https:\/\/secure.gravatar.com\/avatar\/5c16c6837c3490270a74d888c2a845728f06bdde1f8761de1de1d1d1ef82d12f?s=96&d=mm&r=g\",\"caption\":\"Reginaldo Ribeiro\"}}]}<\/script>\n<!-- \/ Yoast SEO plugin. -->","yoast_head_json":{"title":"SOLIDARIEDADE DECLARA APOIO A ELDER GALDINO EM CATAL\u00c3O - Jornal Ultimos Acontecimentos","robots":{"index":"index","follow":"follow","max-snippet":"max-snippet:-1","max-image-preview":"max-image-preview:large","max-video-preview":"max-video-preview:-1"},"canonical":"https:\/\/juacontecimentos.com.br\/site\/solidariedade-declara-apoio-elder-galdino-em-catalao\/","og_locale":"pt_BR","og_type":"article","og_title":"SOLIDARIEDADE DECLARA APOIO A ELDER GALDINO EM CATAL\u00c3O - Jornal Ultimos Acontecimentos","og_description":"O Solidariedade de Goi\u00e1s, por meio do deputado federal Lucas Verg\u00edlio, oficializou na tarde desta quinta-feira (6) apoio \u00e0 pr\u00e9-candidatura do agropecuarista Elder Galdino (MDB) a prefeito de Catal\u00e3o. Em v\u00eddeo postado nas redes sociais, Lucas Verg\u00edlio disse que o Solidariedade acredita no projeto de Elder Galdino para Catal\u00e3o, que classificou de moderno e inovador.\u00a0Ele","og_url":"https:\/\/juacontecimentos.com.br\/site\/solidariedade-declara-apoio-elder-galdino-em-catalao\/","og_site_name":"Jornal Ultimos Acontecimentos","article_publisher":"https:\/\/www.facebook.com\/jultimosacontecimentos\/","article_published_time":"2020-08-06T23:10:29+00:00","og_image":[{"width":1000,"height":552,"url":"https:\/\/juacontecimentos.com.br\/site\/wp-content\/uploads\/2020\/08\/IMG-20200806-WA0084-e1596755172263.jpg","type":"image\/jpeg"}],"author":"Reginaldo Ribeiro","twitter_card":"summary_large_image","twitter_misc":{"Escrito por":"Reginaldo Ribeiro","Est. tempo de leitura":"1 minuto"},"schema":{"@context":"https:\/\/schema.org","@graph":[{"@type":"Article","@id":"https:\/\/juacontecimentos.com.br\/site\/solidariedade-declara-apoio-elder-galdino-em-catalao\/#article","isPartOf":{"@id":"https:\/\/juacontecimentos.com.br\/site\/solidariedade-declara-apoio-elder-galdino-em-catalao\/"},"author":{"name":"Reginaldo Ribeiro","@id":"https:\/\/juacontecimentos.com.br\/site\/#\/schema\/person\/082a54e6d3fdd7a633291428521c9669"},"headline":"SOLIDARIEDADE DECLARA APOIO A ELDER GALDINO EM CATAL\u00c3O","datePublished":"2020-08-06T23:10:29+00:00","mainEntityOfPage":{"@id":"https:\/\/juacontecimentos.com.br\/site\/solidariedade-declara-apoio-elder-galdino-em-catalao\/"},"wordCount":247,"commentCount":0,"publisher":{"@id":"https:\/\/juacontecimentos.com.br\/site\/#organization"},"image":{"@id":"https:\/\/juacontecimentos.com.br\/site\/solidariedade-declara-apoio-elder-galdino-em-catalao\/#primaryimage"},"thumbnailUrl":"https:\/\/juacontecimentos.com.br\/site\/wp-content\/uploads\/2020\/08\/IMG-20200806-WA0084-e1596755172263.jpg","articleSection":["Brasil","Catal\u00e3o","Destaque","Goi\u00e1s"],"inLanguage":"pt-BR"},{"@type":"WebPage","@id":"https:\/\/juacontecimentos.com.br\/site\/solidariedade-declara-apoio-elder-galdino-em-catalao\/","url":"https:\/\/juacontecimentos.com.br\/site\/solidariedade-declara-apoio-elder-galdino-em-catalao\/","name":"SOLIDARIEDADE DECLARA APOIO A ELDER GALDINO EM CATAL\u00c3O - Jornal Ultimos Acontecimentos","isPartOf":{"@id":"https:\/\/juacontecimentos.com.br\/site\/#website"},"primaryImageOfPage":{"@id":"https:\/\/juacontecimentos.com.br\/site\/solidariedade-declara-apoio-elder-galdino-em-catalao\/#primaryimage"},"image":{"@id":"https:\/\/juacontecimentos.com.br\/site\/solidariedade-declara-apoio-elder-galdino-em-catalao\/#primaryimage"},"thumbnailUrl":"https:\/\/juacontecimentos.com.br\/site\/wp-content\/uploads\/2020\/08\/IMG-20200806-WA0084-e1596755172263.jpg","datePublished":"2020-08-06T23:10:29+00:00","breadcrumb":{"@id":"https:\/\/juacontecimentos.com.br\/site\/solidariedade-declara-apoio-elder-galdino-em-catalao\/#breadcrumb"},"inLanguage":"pt-BR","potentialAction":[{"@type":"ReadAction","target":["https:\/\/juacontecimentos.com.br\/site\/solidariedade-declara-apoio-elder-galdino-em-catalao\/"]}]},{"@type":"ImageObject","inLanguage":"pt-BR","@id":"https:\/\/juacontecimentos.com.br\/site\/solidariedade-declara-apoio-elder-galdino-em-catalao\/#primaryimage","url":"https:\/\/juacontecimentos.com.br\/site\/wp-content\/uploads\/2020\/08\/IMG-20200806-WA0084-e1596755172263.jpg","contentUrl":"https:\/\/juacontecimentos.com.br\/site\/wp-content\/uploads\/2020\/08\/IMG-20200806-WA0084-e1596755172263.jpg","width":1000,"height":552},{"@type":"BreadcrumbList","@id":"https:\/\/juacontecimentos.com.br\/site\/solidariedade-declara-apoio-elder-galdino-em-catalao\/#breadcrumb","itemListElement":[{"@type":"ListItem","position":1,"name":"In\u00edcio","item":"https:\/\/juacontecimentos.com.br\/site\/"},{"@type":"ListItem","position":2,"name":"SOLIDARIEDADE DECLARA APOIO A ELDER GALDINO EM CATAL\u00c3O"}]},{"@type":"WebSite","@id":"https:\/\/juacontecimentos.com.br\/site\/#website","url":"https:\/\/juacontecimentos.com.br\/site\/","name":"Jornal Ultimos Acontecimentos","description":"Catal\u00e3o e regi\u00e3o","publisher":{"@id":"https:\/\/juacontecimentos.com.br\/site\/#organization"},"potentialAction":[{"@type":"SearchAction","target":{"@type":"EntryPoint","urlTemplate":"https:\/\/juacontecimentos.com.br\/site\/?s={search_term_string}"},"query-input":{"@type":"PropertyValueSpecification","valueRequired":true,"valueName":"search_term_string"}}],"inLanguage":"pt-BR"},{"@type":"Organization","@id":"https:\/\/juacontecimentos.com.br\/site\/#organization","name":"Jornal Ultimos Acontecimentos","url":"https:\/\/juacontecimentos.com.br\/site\/","logo":{"@type":"ImageObject","inLanguage":"pt-BR","@id":"https:\/\/juacontecimentos.com.br\/site\/#\/schema\/logo\/image\/","url":"https:\/\/juacontecimentos.com.br\/site\/wp-content\/uploads\/2023\/04\/Logo_Site.png","contentUrl":"https:\/\/juacontecimentos.com.br\/site\/wp-content\/uploads\/2023\/04\/Logo_Site.png","width":2476,"height":530,"caption":"Jornal Ultimos Acontecimentos"},"image":{"@id":"https:\/\/juacontecimentos.com.br\/site\/#\/schema\/logo\/image\/"},"sameAs":["https:\/\/www.facebook.com\/jultimosacontecimentos\/"]},{"@type":"Person","@id":"https:\/\/juacontecimentos.com.br\/site\/#\/schema\/person\/082a54e6d3fdd7a633291428521c9669","name":"Reginaldo Ribeiro","image":{"@type":"ImageObject","inLanguage":"pt-BR","@id":"https:\/\/juacontecimentos.com.br\/site\/#\/schema\/person\/image\/","url":"https:\/\/secure.gravatar.com\/avatar\/5c16c6837c3490270a74d888c2a845728f06bdde1f8761de1de1d1d1ef82d12f?s=96&d=mm&r=g","contentUrl":"https:\/\/secure.gravatar.com\/avatar\/5c16c6837c3490270a74d888c2a845728f06bdde1f8761de1de1d1d1ef82d12f?s=96&d=mm&r=g","caption":"Reginaldo Ribeiro"}}]}},"_links":{"self":[{"href":"https:\/\/juacontecimentos.com.br\/site\/wp-json\/wp\/v2\/posts\/10748","targetHints":{"allow":["GET"]}}],"collection":[{"href":"https:\/\/juacontecimentos.com.br\/site\/wp-json\/wp\/v2\/posts"}],"about":[{"href":"https:\/\/juacontecimentos.com.br\/site\/wp-json\/wp\/v2\/types\/post"}],"author":[{"embeddable":true,"href":"https:\/\/juacontecimentos.com.br\/site\/wp-json\/wp\/v2\/users\/2"}],"replies":[{"embeddable":true,"href":"https:\/\/juacontecimentos.com.br\/site\/wp-json\/wp\/v2\/comments?post=10748"}],"version-history":[{"count":1,"href":"https:\/\/juacontecimentos.com.br\/site\/wp-json\/wp\/v2\/posts\/10748\/revisions"}],"predecessor-version":[{"id":10751,"href":"https:\/\/juacontecimentos.com.br\/site\/wp-json\/wp\/v2\/posts\/10748\/revisions\/10751"}],"wp:featuredmedia":[{"embeddable":true,"href":"https:\/\/juacontecimentos.com.br\/site\/wp-json\/wp\/v2\/media\/10749"}],"wp:attachment":[{"href":"https:\/\/juacontecimentos.com.br\/site\/wp-json\/wp\/v2\/media?parent=10748"}],"wp:term":[{"taxonomy":"category","embeddable":true,"href":"https:\/\/juacontecimentos.com.br\/site\/wp-json\/wp\/v2\/categories?post=10748"},{"taxonomy":"post_tag","embeddable":true,"href":"https:\/\/juacontecimentos.com.br\/site\/wp-json\/wp\/v2\/tags?post=10748"}],"curies":[{"name":"wp","href":"https:\/\/api.w.org\/{rel}","templated":true}]}}