{"id":10783,"date":"2020-08-10T05:03:45","date_gmt":"2020-08-10T08:03:45","guid":{"rendered":"http:\/\/juacontecimentos.com.br\/site\/?p=10783"},"modified":"2020-08-10T05:03:45","modified_gmt":"2020-08-10T08:03:45","slug":"apos-reagir-assalto-jornalista-matheus-ribeiro-e-agredido-nao-fiz-o-correto","status":"publish","type":"post","link":"https:\/\/juacontecimentos.com.br\/site\/apos-reagir-assalto-jornalista-matheus-ribeiro-e-agredido-nao-fiz-o-correto\/","title":{"rendered":"Ap\u00f3s reagir a assalto, jornalista Matheus Ribeiro \u00e9 agredido: \u201cn\u00e3o fiz o correto\u201d"},"content":{"rendered":"<h2 class=\"jeg_post_subtitle\">Jornalista postou texto em rede social detalhando a ocorr\u00eancia<\/h2>\n<p>O jornalista e apresentador da Record TV em Bras\u00edlia, Matheus Ribeiro foi agredido durante um assalto na capital federal. Com olho roxo e inchado, o goiano postou o resultado nas redes sociais de forma bem humorada: \u201cSer\u00e1 que a Record TV Bras\u00edlia me deixa apresentar de tapa olho?\u201d, mas tamb\u00e9m disse que agiu errado em reagir ao assalto. \u201cN\u00e3o fiz o correto e que esse comportamento colocou-me numa situa\u00e7\u00e3o ainda mais arriscada\u201d, pontuou.<\/p>\n<p>Ele postou a foto junto com o texto na tarde deste domingo (09\/08) e disse que faria um Boletim de Ocorr\u00eancia sobre o caso. \u201co recomendado em caso de QUALQUER ocorr\u00eancia, at\u00e9 pelo bem das estat\u00edsticas\u201d. Apesar da situa\u00e7\u00e3o um tanto chata, o jornalista demonstrou humor \u00e1cido ao descrever a situa\u00e7\u00e3o: \u201cTive que deixar os bons modos de lado pra demov\u00ea-lo da ideia inicial, j\u00e1 que as amea\u00e7as de tirar uma faca ou arma da camisa eram s\u00f3 del\u00edrio da cabe\u00e7a dele\u201d, escreveu.<\/p>\n<p>Apesar da agress\u00e3o, Ribeiro disse que o roubo n\u00e3o foi consumado e o texto foi escrito pelo mesmo aparelho \u201cque o bandido queria\u201d, postou.<\/p>\n<div class=\"jeg_ad jeg_ad_article jnews_content_inline_2_ads  \">\n<div class=\"ads-wrapper align-center \">\n<div class=\"ads_code\"><\/div>\n<\/div>\n<\/div>\n<p>Veja o relato na \u00edntegra:<\/p>\n\n<div class=\"wp-block-embed__wrapper\"><iframe class=\"instagram-media instagram-media-rendered\" src=\"https:\/\/www.instagram.com\/p\/CDrAA80DKqD\/embed\/captioned\/?cr=1&amp;v=12&amp;wp=1224&amp;rd=https%3A%2F%2Fdiariodegoias.com.br&amp;rp=%2Fapos-reagir-a-assalto-jornalista-matheus-ribeiro-e-agredido-nao-fiz-o-correto%2F#%7B%22ci%22%3A0%2C%22os%22%3A2155.9999999881256%2C%22ls%22%3A1252.5000000023283%2C%22le%22%3A1256.599999993341%7D\" height=\"1306\" frameborder=\"0\" allowfullscreen=\"allowfullscreen\"><\/iframe><\/div>\n\n<div class=\"jeg_post_tags\">Tags:\u00a0<a href=\"https:\/\/diariodegoias.com.br\/tag\/matheus-ribeiro\/\">matheus ribeiro<\/a><\/div>\n<p>&nbsp;<br \/>\n<\/p>\n","protected":false},"excerpt":{"rendered":"<p>Jornalista postou texto em rede social detalhando a ocorr\u00eancia O jornalista e apresentador da Record TV em Bras\u00edlia, Matheus Ribeiro foi agredido durante um assalto na capital federal. Com olho roxo e inchado, o goiano postou o resultado nas redes sociais de forma bem humorada: \u201cSer\u00e1 que a Record TV Bras\u00edlia me deixa apresentar de<\/p>\n","protected":false},"author":2,"featured_media":10784,"comment_status":"open","ping_status":"open","sticky":false,"template":"","format":"standard","meta":{"footnotes":""},"categories":[27,22,26,23],"tags":[],"class_list":["post-10783","post","type-post","status-publish","format-standard","has-post-thumbnail","hentry","category-brasil","category-catalao","category-destaque","category-goias"],"yoast_head":"<!-- This site is optimized with the Yoast SEO plugin v25.8 - https:\/\/yoast.com\/wordpress\/plugins\/seo\/ -->\n<title>Ap\u00f3s reagir a assalto, jornalista Matheus Ribeiro \u00e9 agredido: \u201cn\u00e3o fiz o correto\u201d - Jornal Ultimos Acontecimentos<\/title>\n<meta name=\"robots\" content=\"index, follow, max-snippet:-1, max-image-preview:large, max-video-preview:-1\" \/>\n<link rel=\"canonical\" href=\"https:\/\/juacontecimentos.com.br\/site\/apos-reagir-assalto-jornalista-matheus-ribeiro-e-agredido-nao-fiz-o-correto\/\" \/>\n<meta property=\"og:locale\" content=\"pt_BR\" \/>\n<meta property=\"og:type\" content=\"article\" \/>\n<meta property=\"og:title\" content=\"Ap\u00f3s reagir a assalto, jornalista Matheus Ribeiro \u00e9 agredido: \u201cn\u00e3o fiz o correto\u201d - Jornal Ultimos Acontecimentos\" \/>\n<meta property=\"og:description\" content=\"Jornalista postou texto em rede social detalhando a ocorr\u00eancia O jornalista e apresentador da Record TV em Bras\u00edlia, Matheus Ribeiro foi agredido durante um assalto na capital federal. Com olho roxo e inchado, o goiano postou o resultado nas redes sociais de forma bem humorada: \u201cSer\u00e1 que a Record TV Bras\u00edlia me deixa apresentar de\" \/>\n<meta property=\"og:url\" content=\"https:\/\/juacontecimentos.com.br\/site\/apos-reagir-assalto-jornalista-matheus-ribeiro-e-agredido-nao-fiz-o-correto\/\" \/>\n<meta property=\"og:site_name\" content=\"Jornal Ultimos Acontecimentos\" \/>\n<meta property=\"article:publisher\" content=\"https:\/\/www.facebook.com\/jultimosacontecimentos\/\" \/>\n<meta property=\"article:published_time\" content=\"2020-08-10T08:03:45+00:00\" \/>\n<meta property=\"og:image\" content=\"https:\/\/juacontecimentos.com.br\/site\/wp-content\/uploads\/2020\/08\/matheusribeiro_123-505x375.jpg\" \/>\n\t<meta property=\"og:image:width\" content=\"505\" \/>\n\t<meta property=\"og:image:height\" content=\"375\" \/>\n\t<meta property=\"og:image:type\" content=\"image\/jpeg\" \/>\n<meta name=\"author\" content=\"Reginaldo Ribeiro\" \/>\n<meta name=\"twitter:card\" content=\"summary_large_image\" \/>\n<meta name=\"twitter:label1\" content=\"Escrito por\" \/>\n\t<meta name=\"twitter:data1\" content=\"Reginaldo Ribeiro\" \/>\n\t<meta name=\"twitter:label2\" content=\"Est. tempo de leitura\" \/>\n\t<meta name=\"twitter:data2\" content=\"1 minuto\" \/>\n<script type=\"application\/ld+json\" class=\"yoast-schema-graph\">{\"@context\":\"https:\/\/schema.org\",\"@graph\":[{\"@type\":\"Article\",\"@id\":\"https:\/\/juacontecimentos.com.br\/site\/apos-reagir-assalto-jornalista-matheus-ribeiro-e-agredido-nao-fiz-o-correto\/#article\",\"isPartOf\":{\"@id\":\"https:\/\/juacontecimentos.com.br\/site\/apos-reagir-assalto-jornalista-matheus-ribeiro-e-agredido-nao-fiz-o-correto\/\"},\"author\":{\"name\":\"Reginaldo Ribeiro\",\"@id\":\"https:\/\/juacontecimentos.com.br\/site\/#\/schema\/person\/082a54e6d3fdd7a633291428521c9669\"},\"headline\":\"Ap\u00f3s reagir a assalto, jornalista Matheus Ribeiro \u00e9 agredido: \u201cn\u00e3o fiz o correto\u201d\",\"datePublished\":\"2020-08-10T08:03:45+00:00\",\"mainEntityOfPage\":{\"@id\":\"https:\/\/juacontecimentos.com.br\/site\/apos-reagir-assalto-jornalista-matheus-ribeiro-e-agredido-nao-fiz-o-correto\/\"},\"wordCount\":228,\"commentCount\":0,\"publisher\":{\"@id\":\"https:\/\/juacontecimentos.com.br\/site\/#organization\"},\"image\":{\"@id\":\"https:\/\/juacontecimentos.com.br\/site\/apos-reagir-assalto-jornalista-matheus-ribeiro-e-agredido-nao-fiz-o-correto\/#primaryimage\"},\"thumbnailUrl\":\"https:\/\/juacontecimentos.com.br\/site\/wp-content\/uploads\/2020\/08\/matheusribeiro_123-505x375.jpg\",\"articleSection\":[\"Brasil\",\"Catal\u00e3o\",\"Destaque\",\"Goi\u00e1s\"],\"inLanguage\":\"pt-BR\"},{\"@type\":\"WebPage\",\"@id\":\"https:\/\/juacontecimentos.com.br\/site\/apos-reagir-assalto-jornalista-matheus-ribeiro-e-agredido-nao-fiz-o-correto\/\",\"url\":\"https:\/\/juacontecimentos.com.br\/site\/apos-reagir-assalto-jornalista-matheus-ribeiro-e-agredido-nao-fiz-o-correto\/\",\"name\":\"Ap\u00f3s reagir a assalto, jornalista Matheus Ribeiro \u00e9 agredido: \u201cn\u00e3o fiz o correto\u201d - Jornal Ultimos Acontecimentos\",\"isPartOf\":{\"@id\":\"https:\/\/juacontecimentos.com.br\/site\/#website\"},\"primaryImageOfPage\":{\"@id\":\"https:\/\/juacontecimentos.com.br\/site\/apos-reagir-assalto-jornalista-matheus-ribeiro-e-agredido-nao-fiz-o-correto\/#primaryimage\"},\"image\":{\"@id\":\"https:\/\/juacontecimentos.com.br\/site\/apos-reagir-assalto-jornalista-matheus-ribeiro-e-agredido-nao-fiz-o-correto\/#primaryimage\"},\"thumbnailUrl\":\"https:\/\/juacontecimentos.com.br\/site\/wp-content\/uploads\/2020\/08\/matheusribeiro_123-505x375.jpg\",\"datePublished\":\"2020-08-10T08:03:45+00:00\",\"breadcrumb\":{\"@id\":\"https:\/\/juacontecimentos.com.br\/site\/apos-reagir-assalto-jornalista-matheus-ribeiro-e-agredido-nao-fiz-o-correto\/#breadcrumb\"},\"inLanguage\":\"pt-BR\",\"potentialAction\":[{\"@type\":\"ReadAction\",\"target\":[\"https:\/\/juacontecimentos.com.br\/site\/apos-reagir-assalto-jornalista-matheus-ribeiro-e-agredido-nao-fiz-o-correto\/\"]}]},{\"@type\":\"ImageObject\",\"inLanguage\":\"pt-BR\",\"@id\":\"https:\/\/juacontecimentos.com.br\/site\/apos-reagir-assalto-jornalista-matheus-ribeiro-e-agredido-nao-fiz-o-correto\/#primaryimage\",\"url\":\"https:\/\/juacontecimentos.com.br\/site\/wp-content\/uploads\/2020\/08\/matheusribeiro_123-505x375.jpg\",\"contentUrl\":\"https:\/\/juacontecimentos.com.br\/site\/wp-content\/uploads\/2020\/08\/matheusribeiro_123-505x375.jpg\",\"width\":505,\"height\":375},{\"@type\":\"BreadcrumbList\",\"@id\":\"https:\/\/juacontecimentos.com.br\/site\/apos-reagir-assalto-jornalista-matheus-ribeiro-e-agredido-nao-fiz-o-correto\/#breadcrumb\",\"itemListElement\":[{\"@type\":\"ListItem\",\"position\":1,\"name\":\"In\u00edcio\",\"item\":\"https:\/\/juacontecimentos.com.br\/site\/\"},{\"@type\":\"ListItem\",\"position\":2,\"name\":\"Ap\u00f3s reagir a assalto, jornalista Matheus Ribeiro \u00e9 agredido: \u201cn\u00e3o fiz o correto\u201d\"}]},{\"@type\":\"WebSite\",\"@id\":\"https:\/\/juacontecimentos.com.br\/site\/#website\",\"url\":\"https:\/\/juacontecimentos.com.br\/site\/\",\"name\":\"Jornal Ultimos Acontecimentos\",\"description\":\"Catal\u00e3o e regi\u00e3o\",\"publisher\":{\"@id\":\"https:\/\/juacontecimentos.com.br\/site\/#organization\"},\"potentialAction\":[{\"@type\":\"SearchAction\",\"target\":{\"@type\":\"EntryPoint\",\"urlTemplate\":\"https:\/\/juacontecimentos.com.br\/site\/?s={search_term_string}\"},\"query-input\":{\"@type\":\"PropertyValueSpecification\",\"valueRequired\":true,\"valueName\":\"search_term_string\"}}],\"inLanguage\":\"pt-BR\"},{\"@type\":\"Organization\",\"@id\":\"https:\/\/juacontecimentos.com.br\/site\/#organization\",\"name\":\"Jornal Ultimos Acontecimentos\",\"url\":\"https:\/\/juacontecimentos.com.br\/site\/\",\"logo\":{\"@type\":\"ImageObject\",\"inLanguage\":\"pt-BR\",\"@id\":\"https:\/\/juacontecimentos.com.br\/site\/#\/schema\/logo\/image\/\",\"url\":\"https:\/\/juacontecimentos.com.br\/site\/wp-content\/uploads\/2023\/04\/Logo_Site.png\",\"contentUrl\":\"https:\/\/juacontecimentos.com.br\/site\/wp-content\/uploads\/2023\/04\/Logo_Site.png\",\"width\":2476,\"height\":530,\"caption\":\"Jornal Ultimos Acontecimentos\"},\"image\":{\"@id\":\"https:\/\/juacontecimentos.com.br\/site\/#\/schema\/logo\/image\/\"},\"sameAs\":[\"https:\/\/www.facebook.com\/jultimosacontecimentos\/\"]},{\"@type\":\"Person\",\"@id\":\"https:\/\/juacontecimentos.com.br\/site\/#\/schema\/person\/082a54e6d3fdd7a633291428521c9669\",\"name\":\"Reginaldo Ribeiro\",\"image\":{\"@type\":\"ImageObject\",\"inLanguage\":\"pt-BR\",\"@id\":\"https:\/\/juacontecimentos.com.br\/site\/#\/schema\/person\/image\/\",\"url\":\"https:\/\/secure.gravatar.com\/avatar\/5c16c6837c3490270a74d888c2a845728f06bdde1f8761de1de1d1d1ef82d12f?s=96&d=mm&r=g\",\"contentUrl\":\"https:\/\/secure.gravatar.com\/avatar\/5c16c6837c3490270a74d888c2a845728f06bdde1f8761de1de1d1d1ef82d12f?s=96&d=mm&r=g\",\"caption\":\"Reginaldo Ribeiro\"}}]}<\/script>\n<!-- \/ Yoast SEO plugin. -->","yoast_head_json":{"title":"Ap\u00f3s reagir a assalto, jornalista Matheus Ribeiro \u00e9 agredido: \u201cn\u00e3o fiz o correto\u201d - Jornal Ultimos Acontecimentos","robots":{"index":"index","follow":"follow","max-snippet":"max-snippet:-1","max-image-preview":"max-image-preview:large","max-video-preview":"max-video-preview:-1"},"canonical":"https:\/\/juacontecimentos.com.br\/site\/apos-reagir-assalto-jornalista-matheus-ribeiro-e-agredido-nao-fiz-o-correto\/","og_locale":"pt_BR","og_type":"article","og_title":"Ap\u00f3s reagir a assalto, jornalista Matheus Ribeiro \u00e9 agredido: \u201cn\u00e3o fiz o correto\u201d - Jornal Ultimos Acontecimentos","og_description":"Jornalista postou texto em rede social detalhando a ocorr\u00eancia O jornalista e apresentador da Record TV em Bras\u00edlia, Matheus Ribeiro foi agredido durante um assalto na capital federal. Com olho roxo e inchado, o goiano postou o resultado nas redes sociais de forma bem humorada: \u201cSer\u00e1 que a Record TV Bras\u00edlia me deixa apresentar de","og_url":"https:\/\/juacontecimentos.com.br\/site\/apos-reagir-assalto-jornalista-matheus-ribeiro-e-agredido-nao-fiz-o-correto\/","og_site_name":"Jornal Ultimos Acontecimentos","article_publisher":"https:\/\/www.facebook.com\/jultimosacontecimentos\/","article_published_time":"2020-08-10T08:03:45+00:00","og_image":[{"width":505,"height":375,"url":"https:\/\/juacontecimentos.com.br\/site\/wp-content\/uploads\/2020\/08\/matheusribeiro_123-505x375.jpg","type":"image\/jpeg"}],"author":"Reginaldo Ribeiro","twitter_card":"summary_large_image","twitter_misc":{"Escrito por":"Reginaldo Ribeiro","Est. tempo de leitura":"1 minuto"},"schema":{"@context":"https:\/\/schema.org","@graph":[{"@type":"Article","@id":"https:\/\/juacontecimentos.com.br\/site\/apos-reagir-assalto-jornalista-matheus-ribeiro-e-agredido-nao-fiz-o-correto\/#article","isPartOf":{"@id":"https:\/\/juacontecimentos.com.br\/site\/apos-reagir-assalto-jornalista-matheus-ribeiro-e-agredido-nao-fiz-o-correto\/"},"author":{"name":"Reginaldo Ribeiro","@id":"https:\/\/juacontecimentos.com.br\/site\/#\/schema\/person\/082a54e6d3fdd7a633291428521c9669"},"headline":"Ap\u00f3s reagir a assalto, jornalista Matheus Ribeiro \u00e9 agredido: \u201cn\u00e3o fiz o correto\u201d","datePublished":"2020-08-10T08:03:45+00:00","mainEntityOfPage":{"@id":"https:\/\/juacontecimentos.com.br\/site\/apos-reagir-assalto-jornalista-matheus-ribeiro-e-agredido-nao-fiz-o-correto\/"},"wordCount":228,"commentCount":0,"publisher":{"@id":"https:\/\/juacontecimentos.com.br\/site\/#organization"},"image":{"@id":"https:\/\/juacontecimentos.com.br\/site\/apos-reagir-assalto-jornalista-matheus-ribeiro-e-agredido-nao-fiz-o-correto\/#primaryimage"},"thumbnailUrl":"https:\/\/juacontecimentos.com.br\/site\/wp-content\/uploads\/2020\/08\/matheusribeiro_123-505x375.jpg","articleSection":["Brasil","Catal\u00e3o","Destaque","Goi\u00e1s"],"inLanguage":"pt-BR"},{"@type":"WebPage","@id":"https:\/\/juacontecimentos.com.br\/site\/apos-reagir-assalto-jornalista-matheus-ribeiro-e-agredido-nao-fiz-o-correto\/","url":"https:\/\/juacontecimentos.com.br\/site\/apos-reagir-assalto-jornalista-matheus-ribeiro-e-agredido-nao-fiz-o-correto\/","name":"Ap\u00f3s reagir a assalto, jornalista Matheus Ribeiro \u00e9 agredido: \u201cn\u00e3o fiz o correto\u201d - Jornal Ultimos Acontecimentos","isPartOf":{"@id":"https:\/\/juacontecimentos.com.br\/site\/#website"},"primaryImageOfPage":{"@id":"https:\/\/juacontecimentos.com.br\/site\/apos-reagir-assalto-jornalista-matheus-ribeiro-e-agredido-nao-fiz-o-correto\/#primaryimage"},"image":{"@id":"https:\/\/juacontecimentos.com.br\/site\/apos-reagir-assalto-jornalista-matheus-ribeiro-e-agredido-nao-fiz-o-correto\/#primaryimage"},"thumbnailUrl":"https:\/\/juacontecimentos.com.br\/site\/wp-content\/uploads\/2020\/08\/matheusribeiro_123-505x375.jpg","datePublished":"2020-08-10T08:03:45+00:00","breadcrumb":{"@id":"https:\/\/juacontecimentos.com.br\/site\/apos-reagir-assalto-jornalista-matheus-ribeiro-e-agredido-nao-fiz-o-correto\/#breadcrumb"},"inLanguage":"pt-BR","potentialAction":[{"@type":"ReadAction","target":["https:\/\/juacontecimentos.com.br\/site\/apos-reagir-assalto-jornalista-matheus-ribeiro-e-agredido-nao-fiz-o-correto\/"]}]},{"@type":"ImageObject","inLanguage":"pt-BR","@id":"https:\/\/juacontecimentos.com.br\/site\/apos-reagir-assalto-jornalista-matheus-ribeiro-e-agredido-nao-fiz-o-correto\/#primaryimage","url":"https:\/\/juacontecimentos.com.br\/site\/wp-content\/uploads\/2020\/08\/matheusribeiro_123-505x375.jpg","contentUrl":"https:\/\/juacontecimentos.com.br\/site\/wp-content\/uploads\/2020\/08\/matheusribeiro_123-505x375.jpg","width":505,"height":375},{"@type":"BreadcrumbList","@id":"https:\/\/juacontecimentos.com.br\/site\/apos-reagir-assalto-jornalista-matheus-ribeiro-e-agredido-nao-fiz-o-correto\/#breadcrumb","itemListElement":[{"@type":"ListItem","position":1,"name":"In\u00edcio","item":"https:\/\/juacontecimentos.com.br\/site\/"},{"@type":"ListItem","position":2,"name":"Ap\u00f3s reagir a assalto, jornalista Matheus Ribeiro \u00e9 agredido: \u201cn\u00e3o fiz o correto\u201d"}]},{"@type":"WebSite","@id":"https:\/\/juacontecimentos.com.br\/site\/#website","url":"https:\/\/juacontecimentos.com.br\/site\/","name":"Jornal Ultimos Acontecimentos","description":"Catal\u00e3o e regi\u00e3o","publisher":{"@id":"https:\/\/juacontecimentos.com.br\/site\/#organization"},"potentialAction":[{"@type":"SearchAction","target":{"@type":"EntryPoint","urlTemplate":"https:\/\/juacontecimentos.com.br\/site\/?s={search_term_string}"},"query-input":{"@type":"PropertyValueSpecification","valueRequired":true,"valueName":"search_term_string"}}],"inLanguage":"pt-BR"},{"@type":"Organization","@id":"https:\/\/juacontecimentos.com.br\/site\/#organization","name":"Jornal Ultimos Acontecimentos","url":"https:\/\/juacontecimentos.com.br\/site\/","logo":{"@type":"ImageObject","inLanguage":"pt-BR","@id":"https:\/\/juacontecimentos.com.br\/site\/#\/schema\/logo\/image\/","url":"https:\/\/juacontecimentos.com.br\/site\/wp-content\/uploads\/2023\/04\/Logo_Site.png","contentUrl":"https:\/\/juacontecimentos.com.br\/site\/wp-content\/uploads\/2023\/04\/Logo_Site.png","width":2476,"height":530,"caption":"Jornal Ultimos Acontecimentos"},"image":{"@id":"https:\/\/juacontecimentos.com.br\/site\/#\/schema\/logo\/image\/"},"sameAs":["https:\/\/www.facebook.com\/jultimosacontecimentos\/"]},{"@type":"Person","@id":"https:\/\/juacontecimentos.com.br\/site\/#\/schema\/person\/082a54e6d3fdd7a633291428521c9669","name":"Reginaldo Ribeiro","image":{"@type":"ImageObject","inLanguage":"pt-BR","@id":"https:\/\/juacontecimentos.com.br\/site\/#\/schema\/person\/image\/","url":"https:\/\/secure.gravatar.com\/avatar\/5c16c6837c3490270a74d888c2a845728f06bdde1f8761de1de1d1d1ef82d12f?s=96&d=mm&r=g","contentUrl":"https:\/\/secure.gravatar.com\/avatar\/5c16c6837c3490270a74d888c2a845728f06bdde1f8761de1de1d1d1ef82d12f?s=96&d=mm&r=g","caption":"Reginaldo Ribeiro"}}]}},"_links":{"self":[{"href":"https:\/\/juacontecimentos.com.br\/site\/wp-json\/wp\/v2\/posts\/10783","targetHints":{"allow":["GET"]}}],"collection":[{"href":"https:\/\/juacontecimentos.com.br\/site\/wp-json\/wp\/v2\/posts"}],"about":[{"href":"https:\/\/juacontecimentos.com.br\/site\/wp-json\/wp\/v2\/types\/post"}],"author":[{"embeddable":true,"href":"https:\/\/juacontecimentos.com.br\/site\/wp-json\/wp\/v2\/users\/2"}],"replies":[{"embeddable":true,"href":"https:\/\/juacontecimentos.com.br\/site\/wp-json\/wp\/v2\/comments?post=10783"}],"version-history":[{"count":1,"href":"https:\/\/juacontecimentos.com.br\/site\/wp-json\/wp\/v2\/posts\/10783\/revisions"}],"predecessor-version":[{"id":10785,"href":"https:\/\/juacontecimentos.com.br\/site\/wp-json\/wp\/v2\/posts\/10783\/revisions\/10785"}],"wp:featuredmedia":[{"embeddable":true,"href":"https:\/\/juacontecimentos.com.br\/site\/wp-json\/wp\/v2\/media\/10784"}],"wp:attachment":[{"href":"https:\/\/juacontecimentos.com.br\/site\/wp-json\/wp\/v2\/media?parent=10783"}],"wp:term":[{"taxonomy":"category","embeddable":true,"href":"https:\/\/juacontecimentos.com.br\/site\/wp-json\/wp\/v2\/categories?post=10783"},{"taxonomy":"post_tag","embeddable":true,"href":"https:\/\/juacontecimentos.com.br\/site\/wp-json\/wp\/v2\/tags?post=10783"}],"curies":[{"name":"wp","href":"https:\/\/api.w.org\/{rel}","templated":true}]}}