{"id":11008,"date":"2020-09-02T08:59:19","date_gmt":"2020-09-02T11:59:19","guid":{"rendered":"http:\/\/juacontecimentos.com.br\/site\/?p=11008"},"modified":"2020-09-02T08:59:19","modified_gmt":"2020-09-02T11:59:19","slug":"acao-do-ministerio-publico-que-pede-o-bloqueio-de-r-117-milhoes-em-bens-de-adib-e-velomar-entra-na-pauta-do-tribunal-de-justica","status":"publish","type":"post","link":"https:\/\/juacontecimentos.com.br\/site\/acao-do-ministerio-publico-que-pede-o-bloqueio-de-r-117-milhoes-em-bens-de-adib-e-velomar-entra-na-pauta-do-tribunal-de-justica\/","title":{"rendered":"A\u00e7\u00e3o do Minist\u00e9rio\u00a0P\u00fablico que\u00a0pede o bloqueio de R$ 11,7 milh\u00f5es em bens de Adib e Velomar entra na pauta do Tribunal de Justi\u00e7a"},"content":{"rendered":"<p><img loading=\"lazy\" decoding=\"async\" class=\"alignnone size-full wp-image-11009\" src=\"http:\/\/juacontecimentos.com.br\/site\/wp-content\/uploads\/2020\/09\/adib-elias-velomar-rios-catalao.jpg\" alt=\"\" width=\"546\" height=\"350\" srcset=\"https:\/\/juacontecimentos.com.br\/site\/wp-content\/uploads\/2020\/09\/adib-elias-velomar-rios-catalao.jpg 546w, https:\/\/juacontecimentos.com.br\/site\/wp-content\/uploads\/2020\/09\/adib-elias-velomar-rios-catalao-300x192.jpg 300w\" sizes=\"auto, (max-width: 546px) 100vw, 546px\" \/><\/p>\n<p>Entrou na pauta do TJ-GO a a\u00e7\u00e3o de ressarcimento que a 5\u00aa Promotoria de Justi\u00e7a de Catal\u00e3o protocolou na Justi\u00e7a que pede o bloqueio de bens do prefeito de Catal\u00e3o, Adib Elias J\u00fanior, e do ex-prefeito e atual secret\u00e1rio municipal de Sa\u00fade, Velomar Gon\u00e7alves Rio.<\/p>\n<p>A promotora Ariete Cristina Vargas acusa Adib e Velomar de utiliza\u00e7\u00e3o indevida de recursos do munic\u00edpio e de n\u00e3o repasse de contribui\u00e7\u00e3o previdenci\u00e1ria patronal ao Regime Pr\u00f3prio de Previd\u00eancia Social (RPPS).<\/p>\n<p>De acordo com promotora, os atos foram praticados entre os anos de 2004 e 2009, causando preju\u00edzo milion\u00e1rio aos cofres p\u00fablicos. Em car\u00e1ter de urg\u00eancia, \u00e9 pedida a indisponibilidade de bens de Adib Elias no valor de R$ 10.321.889,99 e de Velomar Rios no valor de R$ 1.434.864,46.<\/p>\n<p>Na a\u00e7\u00e3o de ressarcimento, a promotora esclarece que os atos de improbidade administrativa j\u00e1 prescreveram. Mesmo assim, n\u00e3o isenta Adib e Velomar da obriga\u00e7\u00e3o de restitui\u00e7\u00e3o do preju\u00edzo causado aos cofres p\u00fablicos.<\/p>\n<p>Conforme detalhado pela promotora, o prefeito e o secret\u00e1rio violaram normas do Direito Administrativo, como probidade, a de prestar contas e de efici\u00eancia. \u201cAs atitudes foram, para n\u00e3o dizer de extrema irresponsabilidade na gest\u00e3o da coisa p\u00fablica, de desprezo pelo ordenamento jur\u00eddico brasileiro, pelo sacrif\u00edcio e esfor\u00e7o dos contribuintes\u201d, afirmou a promotora.<\/p>\n<p>O m\u00e9rito da a\u00e7\u00e3o do Minist\u00e9rio P\u00fablico que pede a condena\u00e7\u00e3o de Adib e Velomar por improbidade administrativa agora vai ser julgado pelo Tribunal de Justi\u00e7a.<br \/>\n<\/p>\n","protected":false},"excerpt":{"rendered":"<p>Entrou na pauta do TJ-GO a a\u00e7\u00e3o de ressarcimento que a 5\u00aa Promotoria de Justi\u00e7a de Catal\u00e3o protocolou na Justi\u00e7a que pede o bloqueio de bens do prefeito de Catal\u00e3o, Adib Elias J\u00fanior, e do ex-prefeito e atual secret\u00e1rio municipal de Sa\u00fade, Velomar Gon\u00e7alves Rio. A promotora Ariete Cristina Vargas acusa Adib e Velomar de<\/p>\n","protected":false},"author":2,"featured_media":11009,"comment_status":"open","ping_status":"open","sticky":false,"template":"","format":"standard","meta":{"footnotes":""},"categories":[27,22,26,23],"tags":[],"class_list":["post-11008","post","type-post","status-publish","format-standard","has-post-thumbnail","hentry","category-brasil","category-catalao","category-destaque","category-goias"],"yoast_head":"<!-- This site is optimized with the Yoast SEO plugin v25.8 - https:\/\/yoast.com\/wordpress\/plugins\/seo\/ -->\n<title>A\u00e7\u00e3o do Minist\u00e9rio\u00a0P\u00fablico que\u00a0pede o bloqueio de R$ 11,7 milh\u00f5es em bens de Adib e Velomar entra na pauta do Tribunal de Justi\u00e7a - Jornal Ultimos Acontecimentos<\/title>\n<meta name=\"robots\" content=\"index, follow, max-snippet:-1, max-image-preview:large, max-video-preview:-1\" \/>\n<link rel=\"canonical\" href=\"https:\/\/juacontecimentos.com.br\/site\/acao-do-ministerio-publico-que-pede-o-bloqueio-de-r-117-milhoes-em-bens-de-adib-e-velomar-entra-na-pauta-do-tribunal-de-justica\/\" \/>\n<meta property=\"og:locale\" content=\"pt_BR\" \/>\n<meta property=\"og:type\" content=\"article\" \/>\n<meta property=\"og:title\" content=\"A\u00e7\u00e3o do Minist\u00e9rio\u00a0P\u00fablico que\u00a0pede o bloqueio de R$ 11,7 milh\u00f5es em bens de Adib e Velomar entra na pauta do Tribunal de Justi\u00e7a - Jornal Ultimos Acontecimentos\" \/>\n<meta property=\"og:description\" content=\"Entrou na pauta do TJ-GO a a\u00e7\u00e3o de ressarcimento que a 5\u00aa Promotoria de Justi\u00e7a de Catal\u00e3o protocolou na Justi\u00e7a que pede o bloqueio de bens do prefeito de Catal\u00e3o, Adib Elias J\u00fanior, e do ex-prefeito e atual secret\u00e1rio municipal de Sa\u00fade, Velomar Gon\u00e7alves Rio. A promotora Ariete Cristina Vargas acusa Adib e Velomar de\" \/>\n<meta property=\"og:url\" content=\"https:\/\/juacontecimentos.com.br\/site\/acao-do-ministerio-publico-que-pede-o-bloqueio-de-r-117-milhoes-em-bens-de-adib-e-velomar-entra-na-pauta-do-tribunal-de-justica\/\" \/>\n<meta property=\"og:site_name\" content=\"Jornal Ultimos Acontecimentos\" \/>\n<meta property=\"article:publisher\" content=\"https:\/\/www.facebook.com\/jultimosacontecimentos\/\" \/>\n<meta property=\"article:published_time\" content=\"2020-09-02T11:59:19+00:00\" \/>\n<meta property=\"og:image\" content=\"https:\/\/juacontecimentos.com.br\/site\/wp-content\/uploads\/2020\/09\/adib-elias-velomar-rios-catalao.jpg\" \/>\n\t<meta property=\"og:image:width\" content=\"546\" \/>\n\t<meta property=\"og:image:height\" content=\"350\" \/>\n\t<meta property=\"og:image:type\" content=\"image\/jpeg\" \/>\n<meta name=\"author\" content=\"Reginaldo Ribeiro\" \/>\n<meta name=\"twitter:card\" content=\"summary_large_image\" \/>\n<meta name=\"twitter:label1\" content=\"Escrito por\" \/>\n\t<meta name=\"twitter:data1\" content=\"Reginaldo Ribeiro\" \/>\n\t<meta name=\"twitter:label2\" content=\"Est. tempo de leitura\" \/>\n\t<meta name=\"twitter:data2\" content=\"1 minuto\" \/>\n<script type=\"application\/ld+json\" class=\"yoast-schema-graph\">{\"@context\":\"https:\/\/schema.org\",\"@graph\":[{\"@type\":\"Article\",\"@id\":\"https:\/\/juacontecimentos.com.br\/site\/acao-do-ministerio-publico-que-pede-o-bloqueio-de-r-117-milhoes-em-bens-de-adib-e-velomar-entra-na-pauta-do-tribunal-de-justica\/#article\",\"isPartOf\":{\"@id\":\"https:\/\/juacontecimentos.com.br\/site\/acao-do-ministerio-publico-que-pede-o-bloqueio-de-r-117-milhoes-em-bens-de-adib-e-velomar-entra-na-pauta-do-tribunal-de-justica\/\"},\"author\":{\"name\":\"Reginaldo Ribeiro\",\"@id\":\"https:\/\/juacontecimentos.com.br\/site\/#\/schema\/person\/082a54e6d3fdd7a633291428521c9669\"},\"headline\":\"A\u00e7\u00e3o do Minist\u00e9rio\u00a0P\u00fablico que\u00a0pede o bloqueio de R$ 11,7 milh\u00f5es em bens de Adib e Velomar entra na pauta do Tribunal de Justi\u00e7a\",\"datePublished\":\"2020-09-02T11:59:19+00:00\",\"mainEntityOfPage\":{\"@id\":\"https:\/\/juacontecimentos.com.br\/site\/acao-do-ministerio-publico-que-pede-o-bloqueio-de-r-117-milhoes-em-bens-de-adib-e-velomar-entra-na-pauta-do-tribunal-de-justica\/\"},\"wordCount\":298,\"commentCount\":0,\"publisher\":{\"@id\":\"https:\/\/juacontecimentos.com.br\/site\/#organization\"},\"image\":{\"@id\":\"https:\/\/juacontecimentos.com.br\/site\/acao-do-ministerio-publico-que-pede-o-bloqueio-de-r-117-milhoes-em-bens-de-adib-e-velomar-entra-na-pauta-do-tribunal-de-justica\/#primaryimage\"},\"thumbnailUrl\":\"https:\/\/juacontecimentos.com.br\/site\/wp-content\/uploads\/2020\/09\/adib-elias-velomar-rios-catalao.jpg\",\"articleSection\":[\"Brasil\",\"Catal\u00e3o\",\"Destaque\",\"Goi\u00e1s\"],\"inLanguage\":\"pt-BR\"},{\"@type\":\"WebPage\",\"@id\":\"https:\/\/juacontecimentos.com.br\/site\/acao-do-ministerio-publico-que-pede-o-bloqueio-de-r-117-milhoes-em-bens-de-adib-e-velomar-entra-na-pauta-do-tribunal-de-justica\/\",\"url\":\"https:\/\/juacontecimentos.com.br\/site\/acao-do-ministerio-publico-que-pede-o-bloqueio-de-r-117-milhoes-em-bens-de-adib-e-velomar-entra-na-pauta-do-tribunal-de-justica\/\",\"name\":\"A\u00e7\u00e3o do Minist\u00e9rio\u00a0P\u00fablico que\u00a0pede o bloqueio de R$ 11,7 milh\u00f5es em bens de Adib e Velomar entra na pauta do Tribunal de Justi\u00e7a - Jornal Ultimos Acontecimentos\",\"isPartOf\":{\"@id\":\"https:\/\/juacontecimentos.com.br\/site\/#website\"},\"primaryImageOfPage\":{\"@id\":\"https:\/\/juacontecimentos.com.br\/site\/acao-do-ministerio-publico-que-pede-o-bloqueio-de-r-117-milhoes-em-bens-de-adib-e-velomar-entra-na-pauta-do-tribunal-de-justica\/#primaryimage\"},\"image\":{\"@id\":\"https:\/\/juacontecimentos.com.br\/site\/acao-do-ministerio-publico-que-pede-o-bloqueio-de-r-117-milhoes-em-bens-de-adib-e-velomar-entra-na-pauta-do-tribunal-de-justica\/#primaryimage\"},\"thumbnailUrl\":\"https:\/\/juacontecimentos.com.br\/site\/wp-content\/uploads\/2020\/09\/adib-elias-velomar-rios-catalao.jpg\",\"datePublished\":\"2020-09-02T11:59:19+00:00\",\"breadcrumb\":{\"@id\":\"https:\/\/juacontecimentos.com.br\/site\/acao-do-ministerio-publico-que-pede-o-bloqueio-de-r-117-milhoes-em-bens-de-adib-e-velomar-entra-na-pauta-do-tribunal-de-justica\/#breadcrumb\"},\"inLanguage\":\"pt-BR\",\"potentialAction\":[{\"@type\":\"ReadAction\",\"target\":[\"https:\/\/juacontecimentos.com.br\/site\/acao-do-ministerio-publico-que-pede-o-bloqueio-de-r-117-milhoes-em-bens-de-adib-e-velomar-entra-na-pauta-do-tribunal-de-justica\/\"]}]},{\"@type\":\"ImageObject\",\"inLanguage\":\"pt-BR\",\"@id\":\"https:\/\/juacontecimentos.com.br\/site\/acao-do-ministerio-publico-que-pede-o-bloqueio-de-r-117-milhoes-em-bens-de-adib-e-velomar-entra-na-pauta-do-tribunal-de-justica\/#primaryimage\",\"url\":\"https:\/\/juacontecimentos.com.br\/site\/wp-content\/uploads\/2020\/09\/adib-elias-velomar-rios-catalao.jpg\",\"contentUrl\":\"https:\/\/juacontecimentos.com.br\/site\/wp-content\/uploads\/2020\/09\/adib-elias-velomar-rios-catalao.jpg\",\"width\":546,\"height\":350},{\"@type\":\"BreadcrumbList\",\"@id\":\"https:\/\/juacontecimentos.com.br\/site\/acao-do-ministerio-publico-que-pede-o-bloqueio-de-r-117-milhoes-em-bens-de-adib-e-velomar-entra-na-pauta-do-tribunal-de-justica\/#breadcrumb\",\"itemListElement\":[{\"@type\":\"ListItem\",\"position\":1,\"name\":\"In\u00edcio\",\"item\":\"https:\/\/juacontecimentos.com.br\/site\/\"},{\"@type\":\"ListItem\",\"position\":2,\"name\":\"A\u00e7\u00e3o do Minist\u00e9rio\u00a0P\u00fablico que\u00a0pede o bloqueio de R$ 11,7 milh\u00f5es em bens de Adib e Velomar entra na pauta do Tribunal de Justi\u00e7a\"}]},{\"@type\":\"WebSite\",\"@id\":\"https:\/\/juacontecimentos.com.br\/site\/#website\",\"url\":\"https:\/\/juacontecimentos.com.br\/site\/\",\"name\":\"Jornal Ultimos Acontecimentos\",\"description\":\"Catal\u00e3o e regi\u00e3o\",\"publisher\":{\"@id\":\"https:\/\/juacontecimentos.com.br\/site\/#organization\"},\"potentialAction\":[{\"@type\":\"SearchAction\",\"target\":{\"@type\":\"EntryPoint\",\"urlTemplate\":\"https:\/\/juacontecimentos.com.br\/site\/?s={search_term_string}\"},\"query-input\":{\"@type\":\"PropertyValueSpecification\",\"valueRequired\":true,\"valueName\":\"search_term_string\"}}],\"inLanguage\":\"pt-BR\"},{\"@type\":\"Organization\",\"@id\":\"https:\/\/juacontecimentos.com.br\/site\/#organization\",\"name\":\"Jornal Ultimos Acontecimentos\",\"url\":\"https:\/\/juacontecimentos.com.br\/site\/\",\"logo\":{\"@type\":\"ImageObject\",\"inLanguage\":\"pt-BR\",\"@id\":\"https:\/\/juacontecimentos.com.br\/site\/#\/schema\/logo\/image\/\",\"url\":\"https:\/\/juacontecimentos.com.br\/site\/wp-content\/uploads\/2023\/04\/Logo_Site.png\",\"contentUrl\":\"https:\/\/juacontecimentos.com.br\/site\/wp-content\/uploads\/2023\/04\/Logo_Site.png\",\"width\":2476,\"height\":530,\"caption\":\"Jornal Ultimos Acontecimentos\"},\"image\":{\"@id\":\"https:\/\/juacontecimentos.com.br\/site\/#\/schema\/logo\/image\/\"},\"sameAs\":[\"https:\/\/www.facebook.com\/jultimosacontecimentos\/\"]},{\"@type\":\"Person\",\"@id\":\"https:\/\/juacontecimentos.com.br\/site\/#\/schema\/person\/082a54e6d3fdd7a633291428521c9669\",\"name\":\"Reginaldo Ribeiro\",\"image\":{\"@type\":\"ImageObject\",\"inLanguage\":\"pt-BR\",\"@id\":\"https:\/\/juacontecimentos.com.br\/site\/#\/schema\/person\/image\/\",\"url\":\"https:\/\/secure.gravatar.com\/avatar\/5c16c6837c3490270a74d888c2a845728f06bdde1f8761de1de1d1d1ef82d12f?s=96&d=mm&r=g\",\"contentUrl\":\"https:\/\/secure.gravatar.com\/avatar\/5c16c6837c3490270a74d888c2a845728f06bdde1f8761de1de1d1d1ef82d12f?s=96&d=mm&r=g\",\"caption\":\"Reginaldo Ribeiro\"}}]}<\/script>\n<!-- \/ Yoast SEO plugin. -->","yoast_head_json":{"title":"A\u00e7\u00e3o do Minist\u00e9rio\u00a0P\u00fablico que\u00a0pede o bloqueio de R$ 11,7 milh\u00f5es em bens de Adib e Velomar entra na pauta do Tribunal de Justi\u00e7a - Jornal Ultimos Acontecimentos","robots":{"index":"index","follow":"follow","max-snippet":"max-snippet:-1","max-image-preview":"max-image-preview:large","max-video-preview":"max-video-preview:-1"},"canonical":"https:\/\/juacontecimentos.com.br\/site\/acao-do-ministerio-publico-que-pede-o-bloqueio-de-r-117-milhoes-em-bens-de-adib-e-velomar-entra-na-pauta-do-tribunal-de-justica\/","og_locale":"pt_BR","og_type":"article","og_title":"A\u00e7\u00e3o do Minist\u00e9rio\u00a0P\u00fablico que\u00a0pede o bloqueio de R$ 11,7 milh\u00f5es em bens de Adib e Velomar entra na pauta do Tribunal de Justi\u00e7a - Jornal Ultimos Acontecimentos","og_description":"Entrou na pauta do TJ-GO a a\u00e7\u00e3o de ressarcimento que a 5\u00aa Promotoria de Justi\u00e7a de Catal\u00e3o protocolou na Justi\u00e7a que pede o bloqueio de bens do prefeito de Catal\u00e3o, Adib Elias J\u00fanior, e do ex-prefeito e atual secret\u00e1rio municipal de Sa\u00fade, Velomar Gon\u00e7alves Rio. A promotora Ariete Cristina Vargas acusa Adib e Velomar de","og_url":"https:\/\/juacontecimentos.com.br\/site\/acao-do-ministerio-publico-que-pede-o-bloqueio-de-r-117-milhoes-em-bens-de-adib-e-velomar-entra-na-pauta-do-tribunal-de-justica\/","og_site_name":"Jornal Ultimos Acontecimentos","article_publisher":"https:\/\/www.facebook.com\/jultimosacontecimentos\/","article_published_time":"2020-09-02T11:59:19+00:00","og_image":[{"width":546,"height":350,"url":"https:\/\/juacontecimentos.com.br\/site\/wp-content\/uploads\/2020\/09\/adib-elias-velomar-rios-catalao.jpg","type":"image\/jpeg"}],"author":"Reginaldo Ribeiro","twitter_card":"summary_large_image","twitter_misc":{"Escrito por":"Reginaldo Ribeiro","Est. tempo de leitura":"1 minuto"},"schema":{"@context":"https:\/\/schema.org","@graph":[{"@type":"Article","@id":"https:\/\/juacontecimentos.com.br\/site\/acao-do-ministerio-publico-que-pede-o-bloqueio-de-r-117-milhoes-em-bens-de-adib-e-velomar-entra-na-pauta-do-tribunal-de-justica\/#article","isPartOf":{"@id":"https:\/\/juacontecimentos.com.br\/site\/acao-do-ministerio-publico-que-pede-o-bloqueio-de-r-117-milhoes-em-bens-de-adib-e-velomar-entra-na-pauta-do-tribunal-de-justica\/"},"author":{"name":"Reginaldo Ribeiro","@id":"https:\/\/juacontecimentos.com.br\/site\/#\/schema\/person\/082a54e6d3fdd7a633291428521c9669"},"headline":"A\u00e7\u00e3o do Minist\u00e9rio\u00a0P\u00fablico que\u00a0pede o bloqueio de R$ 11,7 milh\u00f5es em bens de Adib e Velomar entra na pauta do Tribunal de Justi\u00e7a","datePublished":"2020-09-02T11:59:19+00:00","mainEntityOfPage":{"@id":"https:\/\/juacontecimentos.com.br\/site\/acao-do-ministerio-publico-que-pede-o-bloqueio-de-r-117-milhoes-em-bens-de-adib-e-velomar-entra-na-pauta-do-tribunal-de-justica\/"},"wordCount":298,"commentCount":0,"publisher":{"@id":"https:\/\/juacontecimentos.com.br\/site\/#organization"},"image":{"@id":"https:\/\/juacontecimentos.com.br\/site\/acao-do-ministerio-publico-que-pede-o-bloqueio-de-r-117-milhoes-em-bens-de-adib-e-velomar-entra-na-pauta-do-tribunal-de-justica\/#primaryimage"},"thumbnailUrl":"https:\/\/juacontecimentos.com.br\/site\/wp-content\/uploads\/2020\/09\/adib-elias-velomar-rios-catalao.jpg","articleSection":["Brasil","Catal\u00e3o","Destaque","Goi\u00e1s"],"inLanguage":"pt-BR"},{"@type":"WebPage","@id":"https:\/\/juacontecimentos.com.br\/site\/acao-do-ministerio-publico-que-pede-o-bloqueio-de-r-117-milhoes-em-bens-de-adib-e-velomar-entra-na-pauta-do-tribunal-de-justica\/","url":"https:\/\/juacontecimentos.com.br\/site\/acao-do-ministerio-publico-que-pede-o-bloqueio-de-r-117-milhoes-em-bens-de-adib-e-velomar-entra-na-pauta-do-tribunal-de-justica\/","name":"A\u00e7\u00e3o do Minist\u00e9rio\u00a0P\u00fablico que\u00a0pede o bloqueio de R$ 11,7 milh\u00f5es em bens de Adib e Velomar entra na pauta do Tribunal de Justi\u00e7a - Jornal Ultimos Acontecimentos","isPartOf":{"@id":"https:\/\/juacontecimentos.com.br\/site\/#website"},"primaryImageOfPage":{"@id":"https:\/\/juacontecimentos.com.br\/site\/acao-do-ministerio-publico-que-pede-o-bloqueio-de-r-117-milhoes-em-bens-de-adib-e-velomar-entra-na-pauta-do-tribunal-de-justica\/#primaryimage"},"image":{"@id":"https:\/\/juacontecimentos.com.br\/site\/acao-do-ministerio-publico-que-pede-o-bloqueio-de-r-117-milhoes-em-bens-de-adib-e-velomar-entra-na-pauta-do-tribunal-de-justica\/#primaryimage"},"thumbnailUrl":"https:\/\/juacontecimentos.com.br\/site\/wp-content\/uploads\/2020\/09\/adib-elias-velomar-rios-catalao.jpg","datePublished":"2020-09-02T11:59:19+00:00","breadcrumb":{"@id":"https:\/\/juacontecimentos.com.br\/site\/acao-do-ministerio-publico-que-pede-o-bloqueio-de-r-117-milhoes-em-bens-de-adib-e-velomar-entra-na-pauta-do-tribunal-de-justica\/#breadcrumb"},"inLanguage":"pt-BR","potentialAction":[{"@type":"ReadAction","target":["https:\/\/juacontecimentos.com.br\/site\/acao-do-ministerio-publico-que-pede-o-bloqueio-de-r-117-milhoes-em-bens-de-adib-e-velomar-entra-na-pauta-do-tribunal-de-justica\/"]}]},{"@type":"ImageObject","inLanguage":"pt-BR","@id":"https:\/\/juacontecimentos.com.br\/site\/acao-do-ministerio-publico-que-pede-o-bloqueio-de-r-117-milhoes-em-bens-de-adib-e-velomar-entra-na-pauta-do-tribunal-de-justica\/#primaryimage","url":"https:\/\/juacontecimentos.com.br\/site\/wp-content\/uploads\/2020\/09\/adib-elias-velomar-rios-catalao.jpg","contentUrl":"https:\/\/juacontecimentos.com.br\/site\/wp-content\/uploads\/2020\/09\/adib-elias-velomar-rios-catalao.jpg","width":546,"height":350},{"@type":"BreadcrumbList","@id":"https:\/\/juacontecimentos.com.br\/site\/acao-do-ministerio-publico-que-pede-o-bloqueio-de-r-117-milhoes-em-bens-de-adib-e-velomar-entra-na-pauta-do-tribunal-de-justica\/#breadcrumb","itemListElement":[{"@type":"ListItem","position":1,"name":"In\u00edcio","item":"https:\/\/juacontecimentos.com.br\/site\/"},{"@type":"ListItem","position":2,"name":"A\u00e7\u00e3o do Minist\u00e9rio\u00a0P\u00fablico que\u00a0pede o bloqueio de R$ 11,7 milh\u00f5es em bens de Adib e Velomar entra na pauta do Tribunal de Justi\u00e7a"}]},{"@type":"WebSite","@id":"https:\/\/juacontecimentos.com.br\/site\/#website","url":"https:\/\/juacontecimentos.com.br\/site\/","name":"Jornal Ultimos Acontecimentos","description":"Catal\u00e3o e regi\u00e3o","publisher":{"@id":"https:\/\/juacontecimentos.com.br\/site\/#organization"},"potentialAction":[{"@type":"SearchAction","target":{"@type":"EntryPoint","urlTemplate":"https:\/\/juacontecimentos.com.br\/site\/?s={search_term_string}"},"query-input":{"@type":"PropertyValueSpecification","valueRequired":true,"valueName":"search_term_string"}}],"inLanguage":"pt-BR"},{"@type":"Organization","@id":"https:\/\/juacontecimentos.com.br\/site\/#organization","name":"Jornal Ultimos Acontecimentos","url":"https:\/\/juacontecimentos.com.br\/site\/","logo":{"@type":"ImageObject","inLanguage":"pt-BR","@id":"https:\/\/juacontecimentos.com.br\/site\/#\/schema\/logo\/image\/","url":"https:\/\/juacontecimentos.com.br\/site\/wp-content\/uploads\/2023\/04\/Logo_Site.png","contentUrl":"https:\/\/juacontecimentos.com.br\/site\/wp-content\/uploads\/2023\/04\/Logo_Site.png","width":2476,"height":530,"caption":"Jornal Ultimos Acontecimentos"},"image":{"@id":"https:\/\/juacontecimentos.com.br\/site\/#\/schema\/logo\/image\/"},"sameAs":["https:\/\/www.facebook.com\/jultimosacontecimentos\/"]},{"@type":"Person","@id":"https:\/\/juacontecimentos.com.br\/site\/#\/schema\/person\/082a54e6d3fdd7a633291428521c9669","name":"Reginaldo Ribeiro","image":{"@type":"ImageObject","inLanguage":"pt-BR","@id":"https:\/\/juacontecimentos.com.br\/site\/#\/schema\/person\/image\/","url":"https:\/\/secure.gravatar.com\/avatar\/5c16c6837c3490270a74d888c2a845728f06bdde1f8761de1de1d1d1ef82d12f?s=96&d=mm&r=g","contentUrl":"https:\/\/secure.gravatar.com\/avatar\/5c16c6837c3490270a74d888c2a845728f06bdde1f8761de1de1d1d1ef82d12f?s=96&d=mm&r=g","caption":"Reginaldo Ribeiro"}}]}},"_links":{"self":[{"href":"https:\/\/juacontecimentos.com.br\/site\/wp-json\/wp\/v2\/posts\/11008","targetHints":{"allow":["GET"]}}],"collection":[{"href":"https:\/\/juacontecimentos.com.br\/site\/wp-json\/wp\/v2\/posts"}],"about":[{"href":"https:\/\/juacontecimentos.com.br\/site\/wp-json\/wp\/v2\/types\/post"}],"author":[{"embeddable":true,"href":"https:\/\/juacontecimentos.com.br\/site\/wp-json\/wp\/v2\/users\/2"}],"replies":[{"embeddable":true,"href":"https:\/\/juacontecimentos.com.br\/site\/wp-json\/wp\/v2\/comments?post=11008"}],"version-history":[{"count":1,"href":"https:\/\/juacontecimentos.com.br\/site\/wp-json\/wp\/v2\/posts\/11008\/revisions"}],"predecessor-version":[{"id":11010,"href":"https:\/\/juacontecimentos.com.br\/site\/wp-json\/wp\/v2\/posts\/11008\/revisions\/11010"}],"wp:featuredmedia":[{"embeddable":true,"href":"https:\/\/juacontecimentos.com.br\/site\/wp-json\/wp\/v2\/media\/11009"}],"wp:attachment":[{"href":"https:\/\/juacontecimentos.com.br\/site\/wp-json\/wp\/v2\/media?parent=11008"}],"wp:term":[{"taxonomy":"category","embeddable":true,"href":"https:\/\/juacontecimentos.com.br\/site\/wp-json\/wp\/v2\/categories?post=11008"},{"taxonomy":"post_tag","embeddable":true,"href":"https:\/\/juacontecimentos.com.br\/site\/wp-json\/wp\/v2\/tags?post=11008"}],"curies":[{"name":"wp","href":"https:\/\/api.w.org\/{rel}","templated":true}]}}