{"id":11040,"date":"2020-09-06T14:57:15","date_gmt":"2020-09-06T17:57:15","guid":{"rendered":"http:\/\/juacontecimentos.com.br\/site\/?p=11040"},"modified":"2020-09-06T14:57:15","modified_gmt":"2020-09-06T17:57:15","slug":"alianca-do-mdb-com-caiado-em-goiania-pode-tirar-adib-da-disputa-pela-prefeitura-de-catalao","status":"publish","type":"post","link":"https:\/\/juacontecimentos.com.br\/site\/alianca-do-mdb-com-caiado-em-goiania-pode-tirar-adib-da-disputa-pela-prefeitura-de-catalao\/","title":{"rendered":"Alian\u00e7a do MDB com Caiado em Goi\u00e2nia pode tirar Adib da disputa pela prefeitura de Catal\u00e3o"},"content":{"rendered":"<div>As conversa\u00e7\u00f5es entre o governador Ronaldo Caiado e o MDB de Daniel Vilela podem tirar Adib Elias da candidatura \u00e0 reelei\u00e7\u00e3o de \u00e0 prefeitura de Catal\u00e3o.<\/div>\n<div><\/div>\n<div>Caiado v\u00ea a alian\u00e7a com o MDB em Goi\u00e2nia, depois da desist\u00eancia de Iris Rezende, como fundamental para o seu projeto de reelei\u00e7\u00e3o ao governo de Goi\u00e1s. Iris era aliado autom\u00e1tico de Caiado.<\/div>\n<div><\/div>\n<div>Um eventual acordo com os emedebistas estaria em estado avan\u00e7ado e incluiria como item n\u00famero 1 o apoio de Caiado a Maguito Vilela a prefeito de Goi\u00e2nia.<\/div>\n<div><\/div>\n<div>O item n\u00famero 2 do pacto seria a retirada de Adib Elias da disputa pela prefeitura de Catal\u00e3o, o que seria uma exig\u00eancia de Daniel Vilela, que apoia ostensivamente a pr\u00e9-candidatura a prefeito de Elder Galdino no munic\u00edpio.<\/div>\n<div><\/div>\n<div>Como compensa\u00e7\u00e3o, Caiado poderia indicar Adib para uma vaga no Tribunal de Contas dos Munic\u00edpios (TCM) ou mesmo para o comando da Goinfra, cargo que controla or\u00e7amento de mais de R$ 2 bilh\u00f5es por ano e \u00e9 ambicionado pelo prefeito catalano.<\/div>\n<div><\/div>\n<div>Tamb\u00e9m estariam colocadas na mesa candidaturas conjuntas em Quirin\u00f3polis e An\u00e1polis, al\u00e9m do acerto para que o dissidente Renato de Castro tenha garantido a legenda do MDB em Goian\u00e9sia,<\/div>\n<div><\/div>\n<div>Nos bastidores, comenta-se que Caiado teria dado sinal verde a Daniel Vilela para um acordo.<\/div>\n<p><\/p>\n","protected":false},"excerpt":{"rendered":"<p>As conversa\u00e7\u00f5es entre o governador Ronaldo Caiado e o MDB de Daniel Vilela podem tirar Adib Elias da candidatura \u00e0 reelei\u00e7\u00e3o de \u00e0 prefeitura de Catal\u00e3o. Caiado v\u00ea a alian\u00e7a com o MDB em Goi\u00e2nia, depois da desist\u00eancia de Iris Rezende, como fundamental para o seu projeto de reelei\u00e7\u00e3o ao governo de Goi\u00e1s. Iris era<\/p>\n","protected":false},"author":2,"featured_media":11041,"comment_status":"open","ping_status":"open","sticky":false,"template":"","format":"standard","meta":{"footnotes":""},"categories":[27,22,26,23],"tags":[],"class_list":["post-11040","post","type-post","status-publish","format-standard","has-post-thumbnail","hentry","category-brasil","category-catalao","category-destaque","category-goias"],"yoast_head":"<!-- This site is optimized with the Yoast SEO plugin v25.8 - https:\/\/yoast.com\/wordpress\/plugins\/seo\/ -->\n<title>Alian\u00e7a do MDB com Caiado em Goi\u00e2nia pode tirar Adib da disputa pela prefeitura de Catal\u00e3o - Jornal Ultimos Acontecimentos<\/title>\n<meta name=\"robots\" content=\"index, follow, max-snippet:-1, max-image-preview:large, max-video-preview:-1\" \/>\n<link rel=\"canonical\" href=\"https:\/\/juacontecimentos.com.br\/site\/alianca-do-mdb-com-caiado-em-goiania-pode-tirar-adib-da-disputa-pela-prefeitura-de-catalao\/\" \/>\n<meta property=\"og:locale\" content=\"pt_BR\" \/>\n<meta property=\"og:type\" content=\"article\" \/>\n<meta property=\"og:title\" content=\"Alian\u00e7a do MDB com Caiado em Goi\u00e2nia pode tirar Adib da disputa pela prefeitura de Catal\u00e3o - Jornal Ultimos Acontecimentos\" \/>\n<meta property=\"og:description\" content=\"As conversa\u00e7\u00f5es entre o governador Ronaldo Caiado e o MDB de Daniel Vilela podem tirar Adib Elias da candidatura \u00e0 reelei\u00e7\u00e3o de \u00e0 prefeitura de Catal\u00e3o. Caiado v\u00ea a alian\u00e7a com o MDB em Goi\u00e2nia, depois da desist\u00eancia de Iris Rezende, como fundamental para o seu projeto de reelei\u00e7\u00e3o ao governo de Goi\u00e1s. Iris era\" \/>\n<meta property=\"og:url\" content=\"https:\/\/juacontecimentos.com.br\/site\/alianca-do-mdb-com-caiado-em-goiania-pode-tirar-adib-da-disputa-pela-prefeitura-de-catalao\/\" \/>\n<meta property=\"og:site_name\" content=\"Jornal Ultimos Acontecimentos\" \/>\n<meta property=\"article:publisher\" content=\"https:\/\/www.facebook.com\/jultimosacontecimentos\/\" \/>\n<meta property=\"article:published_time\" content=\"2020-09-06T17:57:15+00:00\" \/>\n<meta property=\"og:image\" content=\"https:\/\/juacontecimentos.com.br\/site\/wp-content\/uploads\/2020\/09\/images-2.jpeg\" \/>\n\t<meta property=\"og:image:width\" content=\"739\" \/>\n\t<meta property=\"og:image:height\" content=\"415\" \/>\n\t<meta property=\"og:image:type\" content=\"image\/jpeg\" \/>\n<meta name=\"author\" content=\"Reginaldo Ribeiro\" \/>\n<meta name=\"twitter:card\" content=\"summary_large_image\" \/>\n<meta name=\"twitter:label1\" content=\"Escrito por\" \/>\n\t<meta name=\"twitter:data1\" content=\"Reginaldo Ribeiro\" \/>\n\t<meta name=\"twitter:label2\" content=\"Est. tempo de leitura\" \/>\n\t<meta name=\"twitter:data2\" content=\"1 minuto\" \/>\n<script type=\"application\/ld+json\" class=\"yoast-schema-graph\">{\"@context\":\"https:\/\/schema.org\",\"@graph\":[{\"@type\":\"Article\",\"@id\":\"https:\/\/juacontecimentos.com.br\/site\/alianca-do-mdb-com-caiado-em-goiania-pode-tirar-adib-da-disputa-pela-prefeitura-de-catalao\/#article\",\"isPartOf\":{\"@id\":\"https:\/\/juacontecimentos.com.br\/site\/alianca-do-mdb-com-caiado-em-goiania-pode-tirar-adib-da-disputa-pela-prefeitura-de-catalao\/\"},\"author\":{\"name\":\"Reginaldo Ribeiro\",\"@id\":\"https:\/\/juacontecimentos.com.br\/site\/#\/schema\/person\/082a54e6d3fdd7a633291428521c9669\"},\"headline\":\"Alian\u00e7a do MDB com Caiado em Goi\u00e2nia pode tirar Adib da disputa pela prefeitura de Catal\u00e3o\",\"datePublished\":\"2020-09-06T17:57:15+00:00\",\"mainEntityOfPage\":{\"@id\":\"https:\/\/juacontecimentos.com.br\/site\/alianca-do-mdb-com-caiado-em-goiania-pode-tirar-adib-da-disputa-pela-prefeitura-de-catalao\/\"},\"wordCount\":248,\"commentCount\":0,\"publisher\":{\"@id\":\"https:\/\/juacontecimentos.com.br\/site\/#organization\"},\"image\":{\"@id\":\"https:\/\/juacontecimentos.com.br\/site\/alianca-do-mdb-com-caiado-em-goiania-pode-tirar-adib-da-disputa-pela-prefeitura-de-catalao\/#primaryimage\"},\"thumbnailUrl\":\"https:\/\/juacontecimentos.com.br\/site\/wp-content\/uploads\/2020\/09\/images-2.jpeg\",\"articleSection\":[\"Brasil\",\"Catal\u00e3o\",\"Destaque\",\"Goi\u00e1s\"],\"inLanguage\":\"pt-BR\"},{\"@type\":\"WebPage\",\"@id\":\"https:\/\/juacontecimentos.com.br\/site\/alianca-do-mdb-com-caiado-em-goiania-pode-tirar-adib-da-disputa-pela-prefeitura-de-catalao\/\",\"url\":\"https:\/\/juacontecimentos.com.br\/site\/alianca-do-mdb-com-caiado-em-goiania-pode-tirar-adib-da-disputa-pela-prefeitura-de-catalao\/\",\"name\":\"Alian\u00e7a do MDB com Caiado em Goi\u00e2nia pode tirar Adib da disputa pela prefeitura de Catal\u00e3o - Jornal Ultimos Acontecimentos\",\"isPartOf\":{\"@id\":\"https:\/\/juacontecimentos.com.br\/site\/#website\"},\"primaryImageOfPage\":{\"@id\":\"https:\/\/juacontecimentos.com.br\/site\/alianca-do-mdb-com-caiado-em-goiania-pode-tirar-adib-da-disputa-pela-prefeitura-de-catalao\/#primaryimage\"},\"image\":{\"@id\":\"https:\/\/juacontecimentos.com.br\/site\/alianca-do-mdb-com-caiado-em-goiania-pode-tirar-adib-da-disputa-pela-prefeitura-de-catalao\/#primaryimage\"},\"thumbnailUrl\":\"https:\/\/juacontecimentos.com.br\/site\/wp-content\/uploads\/2020\/09\/images-2.jpeg\",\"datePublished\":\"2020-09-06T17:57:15+00:00\",\"breadcrumb\":{\"@id\":\"https:\/\/juacontecimentos.com.br\/site\/alianca-do-mdb-com-caiado-em-goiania-pode-tirar-adib-da-disputa-pela-prefeitura-de-catalao\/#breadcrumb\"},\"inLanguage\":\"pt-BR\",\"potentialAction\":[{\"@type\":\"ReadAction\",\"target\":[\"https:\/\/juacontecimentos.com.br\/site\/alianca-do-mdb-com-caiado-em-goiania-pode-tirar-adib-da-disputa-pela-prefeitura-de-catalao\/\"]}]},{\"@type\":\"ImageObject\",\"inLanguage\":\"pt-BR\",\"@id\":\"https:\/\/juacontecimentos.com.br\/site\/alianca-do-mdb-com-caiado-em-goiania-pode-tirar-adib-da-disputa-pela-prefeitura-de-catalao\/#primaryimage\",\"url\":\"https:\/\/juacontecimentos.com.br\/site\/wp-content\/uploads\/2020\/09\/images-2.jpeg\",\"contentUrl\":\"https:\/\/juacontecimentos.com.br\/site\/wp-content\/uploads\/2020\/09\/images-2.jpeg\",\"width\":739,\"height\":415},{\"@type\":\"BreadcrumbList\",\"@id\":\"https:\/\/juacontecimentos.com.br\/site\/alianca-do-mdb-com-caiado-em-goiania-pode-tirar-adib-da-disputa-pela-prefeitura-de-catalao\/#breadcrumb\",\"itemListElement\":[{\"@type\":\"ListItem\",\"position\":1,\"name\":\"In\u00edcio\",\"item\":\"https:\/\/juacontecimentos.com.br\/site\/\"},{\"@type\":\"ListItem\",\"position\":2,\"name\":\"Alian\u00e7a do MDB com Caiado em Goi\u00e2nia pode tirar Adib da disputa pela prefeitura de Catal\u00e3o\"}]},{\"@type\":\"WebSite\",\"@id\":\"https:\/\/juacontecimentos.com.br\/site\/#website\",\"url\":\"https:\/\/juacontecimentos.com.br\/site\/\",\"name\":\"Jornal Ultimos Acontecimentos\",\"description\":\"Catal\u00e3o e regi\u00e3o\",\"publisher\":{\"@id\":\"https:\/\/juacontecimentos.com.br\/site\/#organization\"},\"potentialAction\":[{\"@type\":\"SearchAction\",\"target\":{\"@type\":\"EntryPoint\",\"urlTemplate\":\"https:\/\/juacontecimentos.com.br\/site\/?s={search_term_string}\"},\"query-input\":{\"@type\":\"PropertyValueSpecification\",\"valueRequired\":true,\"valueName\":\"search_term_string\"}}],\"inLanguage\":\"pt-BR\"},{\"@type\":\"Organization\",\"@id\":\"https:\/\/juacontecimentos.com.br\/site\/#organization\",\"name\":\"Jornal Ultimos Acontecimentos\",\"url\":\"https:\/\/juacontecimentos.com.br\/site\/\",\"logo\":{\"@type\":\"ImageObject\",\"inLanguage\":\"pt-BR\",\"@id\":\"https:\/\/juacontecimentos.com.br\/site\/#\/schema\/logo\/image\/\",\"url\":\"https:\/\/juacontecimentos.com.br\/site\/wp-content\/uploads\/2023\/04\/Logo_Site.png\",\"contentUrl\":\"https:\/\/juacontecimentos.com.br\/site\/wp-content\/uploads\/2023\/04\/Logo_Site.png\",\"width\":2476,\"height\":530,\"caption\":\"Jornal Ultimos Acontecimentos\"},\"image\":{\"@id\":\"https:\/\/juacontecimentos.com.br\/site\/#\/schema\/logo\/image\/\"},\"sameAs\":[\"https:\/\/www.facebook.com\/jultimosacontecimentos\/\"]},{\"@type\":\"Person\",\"@id\":\"https:\/\/juacontecimentos.com.br\/site\/#\/schema\/person\/082a54e6d3fdd7a633291428521c9669\",\"name\":\"Reginaldo Ribeiro\",\"image\":{\"@type\":\"ImageObject\",\"inLanguage\":\"pt-BR\",\"@id\":\"https:\/\/juacontecimentos.com.br\/site\/#\/schema\/person\/image\/\",\"url\":\"https:\/\/secure.gravatar.com\/avatar\/5c16c6837c3490270a74d888c2a845728f06bdde1f8761de1de1d1d1ef82d12f?s=96&d=mm&r=g\",\"contentUrl\":\"https:\/\/secure.gravatar.com\/avatar\/5c16c6837c3490270a74d888c2a845728f06bdde1f8761de1de1d1d1ef82d12f?s=96&d=mm&r=g\",\"caption\":\"Reginaldo Ribeiro\"}}]}<\/script>\n<!-- \/ Yoast SEO plugin. -->","yoast_head_json":{"title":"Alian\u00e7a do MDB com Caiado em Goi\u00e2nia pode tirar Adib da disputa pela prefeitura de Catal\u00e3o - Jornal Ultimos Acontecimentos","robots":{"index":"index","follow":"follow","max-snippet":"max-snippet:-1","max-image-preview":"max-image-preview:large","max-video-preview":"max-video-preview:-1"},"canonical":"https:\/\/juacontecimentos.com.br\/site\/alianca-do-mdb-com-caiado-em-goiania-pode-tirar-adib-da-disputa-pela-prefeitura-de-catalao\/","og_locale":"pt_BR","og_type":"article","og_title":"Alian\u00e7a do MDB com Caiado em Goi\u00e2nia pode tirar Adib da disputa pela prefeitura de Catal\u00e3o - Jornal Ultimos Acontecimentos","og_description":"As conversa\u00e7\u00f5es entre o governador Ronaldo Caiado e o MDB de Daniel Vilela podem tirar Adib Elias da candidatura \u00e0 reelei\u00e7\u00e3o de \u00e0 prefeitura de Catal\u00e3o. Caiado v\u00ea a alian\u00e7a com o MDB em Goi\u00e2nia, depois da desist\u00eancia de Iris Rezende, como fundamental para o seu projeto de reelei\u00e7\u00e3o ao governo de Goi\u00e1s. Iris era","og_url":"https:\/\/juacontecimentos.com.br\/site\/alianca-do-mdb-com-caiado-em-goiania-pode-tirar-adib-da-disputa-pela-prefeitura-de-catalao\/","og_site_name":"Jornal Ultimos Acontecimentos","article_publisher":"https:\/\/www.facebook.com\/jultimosacontecimentos\/","article_published_time":"2020-09-06T17:57:15+00:00","og_image":[{"width":739,"height":415,"url":"https:\/\/juacontecimentos.com.br\/site\/wp-content\/uploads\/2020\/09\/images-2.jpeg","type":"image\/jpeg"}],"author":"Reginaldo Ribeiro","twitter_card":"summary_large_image","twitter_misc":{"Escrito por":"Reginaldo Ribeiro","Est. tempo de leitura":"1 minuto"},"schema":{"@context":"https:\/\/schema.org","@graph":[{"@type":"Article","@id":"https:\/\/juacontecimentos.com.br\/site\/alianca-do-mdb-com-caiado-em-goiania-pode-tirar-adib-da-disputa-pela-prefeitura-de-catalao\/#article","isPartOf":{"@id":"https:\/\/juacontecimentos.com.br\/site\/alianca-do-mdb-com-caiado-em-goiania-pode-tirar-adib-da-disputa-pela-prefeitura-de-catalao\/"},"author":{"name":"Reginaldo Ribeiro","@id":"https:\/\/juacontecimentos.com.br\/site\/#\/schema\/person\/082a54e6d3fdd7a633291428521c9669"},"headline":"Alian\u00e7a do MDB com Caiado em Goi\u00e2nia pode tirar Adib da disputa pela prefeitura de Catal\u00e3o","datePublished":"2020-09-06T17:57:15+00:00","mainEntityOfPage":{"@id":"https:\/\/juacontecimentos.com.br\/site\/alianca-do-mdb-com-caiado-em-goiania-pode-tirar-adib-da-disputa-pela-prefeitura-de-catalao\/"},"wordCount":248,"commentCount":0,"publisher":{"@id":"https:\/\/juacontecimentos.com.br\/site\/#organization"},"image":{"@id":"https:\/\/juacontecimentos.com.br\/site\/alianca-do-mdb-com-caiado-em-goiania-pode-tirar-adib-da-disputa-pela-prefeitura-de-catalao\/#primaryimage"},"thumbnailUrl":"https:\/\/juacontecimentos.com.br\/site\/wp-content\/uploads\/2020\/09\/images-2.jpeg","articleSection":["Brasil","Catal\u00e3o","Destaque","Goi\u00e1s"],"inLanguage":"pt-BR"},{"@type":"WebPage","@id":"https:\/\/juacontecimentos.com.br\/site\/alianca-do-mdb-com-caiado-em-goiania-pode-tirar-adib-da-disputa-pela-prefeitura-de-catalao\/","url":"https:\/\/juacontecimentos.com.br\/site\/alianca-do-mdb-com-caiado-em-goiania-pode-tirar-adib-da-disputa-pela-prefeitura-de-catalao\/","name":"Alian\u00e7a do MDB com Caiado em Goi\u00e2nia pode tirar Adib da disputa pela prefeitura de Catal\u00e3o - Jornal Ultimos Acontecimentos","isPartOf":{"@id":"https:\/\/juacontecimentos.com.br\/site\/#website"},"primaryImageOfPage":{"@id":"https:\/\/juacontecimentos.com.br\/site\/alianca-do-mdb-com-caiado-em-goiania-pode-tirar-adib-da-disputa-pela-prefeitura-de-catalao\/#primaryimage"},"image":{"@id":"https:\/\/juacontecimentos.com.br\/site\/alianca-do-mdb-com-caiado-em-goiania-pode-tirar-adib-da-disputa-pela-prefeitura-de-catalao\/#primaryimage"},"thumbnailUrl":"https:\/\/juacontecimentos.com.br\/site\/wp-content\/uploads\/2020\/09\/images-2.jpeg","datePublished":"2020-09-06T17:57:15+00:00","breadcrumb":{"@id":"https:\/\/juacontecimentos.com.br\/site\/alianca-do-mdb-com-caiado-em-goiania-pode-tirar-adib-da-disputa-pela-prefeitura-de-catalao\/#breadcrumb"},"inLanguage":"pt-BR","potentialAction":[{"@type":"ReadAction","target":["https:\/\/juacontecimentos.com.br\/site\/alianca-do-mdb-com-caiado-em-goiania-pode-tirar-adib-da-disputa-pela-prefeitura-de-catalao\/"]}]},{"@type":"ImageObject","inLanguage":"pt-BR","@id":"https:\/\/juacontecimentos.com.br\/site\/alianca-do-mdb-com-caiado-em-goiania-pode-tirar-adib-da-disputa-pela-prefeitura-de-catalao\/#primaryimage","url":"https:\/\/juacontecimentos.com.br\/site\/wp-content\/uploads\/2020\/09\/images-2.jpeg","contentUrl":"https:\/\/juacontecimentos.com.br\/site\/wp-content\/uploads\/2020\/09\/images-2.jpeg","width":739,"height":415},{"@type":"BreadcrumbList","@id":"https:\/\/juacontecimentos.com.br\/site\/alianca-do-mdb-com-caiado-em-goiania-pode-tirar-adib-da-disputa-pela-prefeitura-de-catalao\/#breadcrumb","itemListElement":[{"@type":"ListItem","position":1,"name":"In\u00edcio","item":"https:\/\/juacontecimentos.com.br\/site\/"},{"@type":"ListItem","position":2,"name":"Alian\u00e7a do MDB com Caiado em Goi\u00e2nia pode tirar Adib da disputa pela prefeitura de Catal\u00e3o"}]},{"@type":"WebSite","@id":"https:\/\/juacontecimentos.com.br\/site\/#website","url":"https:\/\/juacontecimentos.com.br\/site\/","name":"Jornal Ultimos Acontecimentos","description":"Catal\u00e3o e regi\u00e3o","publisher":{"@id":"https:\/\/juacontecimentos.com.br\/site\/#organization"},"potentialAction":[{"@type":"SearchAction","target":{"@type":"EntryPoint","urlTemplate":"https:\/\/juacontecimentos.com.br\/site\/?s={search_term_string}"},"query-input":{"@type":"PropertyValueSpecification","valueRequired":true,"valueName":"search_term_string"}}],"inLanguage":"pt-BR"},{"@type":"Organization","@id":"https:\/\/juacontecimentos.com.br\/site\/#organization","name":"Jornal Ultimos Acontecimentos","url":"https:\/\/juacontecimentos.com.br\/site\/","logo":{"@type":"ImageObject","inLanguage":"pt-BR","@id":"https:\/\/juacontecimentos.com.br\/site\/#\/schema\/logo\/image\/","url":"https:\/\/juacontecimentos.com.br\/site\/wp-content\/uploads\/2023\/04\/Logo_Site.png","contentUrl":"https:\/\/juacontecimentos.com.br\/site\/wp-content\/uploads\/2023\/04\/Logo_Site.png","width":2476,"height":530,"caption":"Jornal Ultimos Acontecimentos"},"image":{"@id":"https:\/\/juacontecimentos.com.br\/site\/#\/schema\/logo\/image\/"},"sameAs":["https:\/\/www.facebook.com\/jultimosacontecimentos\/"]},{"@type":"Person","@id":"https:\/\/juacontecimentos.com.br\/site\/#\/schema\/person\/082a54e6d3fdd7a633291428521c9669","name":"Reginaldo Ribeiro","image":{"@type":"ImageObject","inLanguage":"pt-BR","@id":"https:\/\/juacontecimentos.com.br\/site\/#\/schema\/person\/image\/","url":"https:\/\/secure.gravatar.com\/avatar\/5c16c6837c3490270a74d888c2a845728f06bdde1f8761de1de1d1d1ef82d12f?s=96&d=mm&r=g","contentUrl":"https:\/\/secure.gravatar.com\/avatar\/5c16c6837c3490270a74d888c2a845728f06bdde1f8761de1de1d1d1ef82d12f?s=96&d=mm&r=g","caption":"Reginaldo Ribeiro"}}]}},"_links":{"self":[{"href":"https:\/\/juacontecimentos.com.br\/site\/wp-json\/wp\/v2\/posts\/11040","targetHints":{"allow":["GET"]}}],"collection":[{"href":"https:\/\/juacontecimentos.com.br\/site\/wp-json\/wp\/v2\/posts"}],"about":[{"href":"https:\/\/juacontecimentos.com.br\/site\/wp-json\/wp\/v2\/types\/post"}],"author":[{"embeddable":true,"href":"https:\/\/juacontecimentos.com.br\/site\/wp-json\/wp\/v2\/users\/2"}],"replies":[{"embeddable":true,"href":"https:\/\/juacontecimentos.com.br\/site\/wp-json\/wp\/v2\/comments?post=11040"}],"version-history":[{"count":1,"href":"https:\/\/juacontecimentos.com.br\/site\/wp-json\/wp\/v2\/posts\/11040\/revisions"}],"predecessor-version":[{"id":11042,"href":"https:\/\/juacontecimentos.com.br\/site\/wp-json\/wp\/v2\/posts\/11040\/revisions\/11042"}],"wp:featuredmedia":[{"embeddable":true,"href":"https:\/\/juacontecimentos.com.br\/site\/wp-json\/wp\/v2\/media\/11041"}],"wp:attachment":[{"href":"https:\/\/juacontecimentos.com.br\/site\/wp-json\/wp\/v2\/media?parent=11040"}],"wp:term":[{"taxonomy":"category","embeddable":true,"href":"https:\/\/juacontecimentos.com.br\/site\/wp-json\/wp\/v2\/categories?post=11040"},{"taxonomy":"post_tag","embeddable":true,"href":"https:\/\/juacontecimentos.com.br\/site\/wp-json\/wp\/v2\/tags?post=11040"}],"curies":[{"name":"wp","href":"https:\/\/api.w.org\/{rel}","templated":true}]}}