{"id":11117,"date":"2020-09-10T07:28:52","date_gmt":"2020-09-10T10:28:52","guid":{"rendered":"http:\/\/juacontecimentos.com.br\/site\/?p=11117"},"modified":"2020-09-10T07:28:52","modified_gmt":"2020-09-10T10:28:52","slug":"sms-lanca-chamamento-publico-para-contratacao-de-medicos","status":"publish","type":"post","link":"https:\/\/juacontecimentos.com.br\/site\/sms-lanca-chamamento-publico-para-contratacao-de-medicos\/","title":{"rendered":"SMS lan\u00e7a chamamento p\u00fablico para contrata\u00e7\u00e3o de m\u00e9dicos"},"content":{"rendered":"<p><img loading=\"lazy\" decoding=\"async\" class=\"alignnone size-full wp-image-11118\" src=\"http:\/\/juacontecimentos.com.br\/site\/wp-content\/uploads\/2020\/09\/Foto-trabalhador-da-sa\u00fade.jpg\" alt=\"\" width=\"652\" height=\"408\" srcset=\"https:\/\/juacontecimentos.com.br\/site\/wp-content\/uploads\/2020\/09\/Foto-trabalhador-da-sa\u00fade.jpg 652w, https:\/\/juacontecimentos.com.br\/site\/wp-content\/uploads\/2020\/09\/Foto-trabalhador-da-sa\u00fade-300x188.jpg 300w\" sizes=\"auto, (max-width: 652px) 100vw, 652px\" \/><\/p>\n<div class=\"td-header-wrap td-header-style-10 \">\n<div class=\"td-header-menu-wrap-full td-container-wrap \">\n<div class=\"td-header-menu-wrap td-header-gradient td-affix\">\n<div class=\"td-container td-header-row td-header-main-menu\">\n<div>\n<div class=\"td-main-menu-logo td-logo-in-header td-logo-sticky\"><a class=\"td-header-logo td-sticky-header\" href=\"http:\/\/tribunadoplanalto.com.br\/\"><img decoding=\"async\" class=\"td-retina-data td-retina-version\" src=\"http:\/\/tribunadoplanalto.com.br\/wp-content\/uploads\/2017\/10\/logo-tribuna-do-planalto.png\" alt=\"Tribuna do Planalto\" \/><\/a><\/div>\n<div class=\"menu-td-demo-header-menu-container\">\n<ul class=\"sf-menu sf-js-enabled\">\n<li class=\"menu-item menu-item-type-post_type menu-item-object-page current_page_parent menu-item-first td-menu-item td-normal-menu menu-item-19888\"><a href=\"http:\/\/tribunadoplanalto.com.br\/ultimas-noticias\/\">\u00daLTIMAS<\/a><\/li>\n<li class=\"menu-item menu-item-type-custom menu-item-object-custom td-menu-item td-mega-menu menu-item-62\"><a class=\"sf-with-ul\" href=\"http:\/\/tribunadoplanalto.com.br\/noticias\/poder\/\">PODER<i class=\"td-icon-menu-down\"><\/i><\/a><\/li>\n<li class=\"menu-item menu-item-type-custom menu-item-object-custom td-menu-item td-mega-menu menu-item-64\"><a class=\"sf-with-ul\" href=\"http:\/\/tribunadoplanalto.com.br\/noticias\/comunidades\/\">COMUNIDADES<i class=\"td-icon-menu-down\"><\/i><\/a><\/li>\n<li class=\"menu-item menu-item-type-custom menu-item-object-custom td-menu-item td-mega-menu menu-item-1341\"><a class=\"sf-with-ul\" href=\"http:\/\/tribunadoplanalto.com.br\/noticias\/cultura\/\">CULTURA<i class=\"td-icon-menu-down\"><\/i><\/a><\/li>\n<li class=\"menu-item menu-item-type-custom menu-item-object-custom td-menu-item td-mega-menu menu-item-63\"><a class=\"sf-with-ul\" href=\"http:\/\/tribunadoplanalto.com.br\/noticias\/opiniao\/\">OPINI\u00c3O<i class=\"td-icon-menu-down\"><\/i><\/a><\/li>\n<li class=\"menu-item menu-item-type-post_type menu-item-object-page td-menu-item td-normal-menu menu-item-2042\"><a href=\"http:\/\/tribunadoplanalto.com.br\/escola\/\">ESCOLA<\/a><\/li>\n<li class=\"menu-item menu-item-type-custom menu-item-object-custom td-menu-item td-mega-menu menu-item-1342\"><a class=\"sf-with-ul\" href=\"http:\/\/tribunadoplanalto.com.br\/noticias\/tocantins\/\">TOCANTINS<i class=\"td-icon-menu-down\"><\/i><\/a><\/li>\n<li class=\"menu-item menu-item-type-taxonomy menu-item-object-category td-menu-item td-normal-menu menu-item-22094\"><a href=\"http:\/\/tribunadoplanalto.com.br\/noticias\/impresso\/\">EDI\u00c7\u00c3O IMPRESSA<\/a><\/li>\n<\/ul>\n<\/div>\n<\/div>\n<div class=\"header-search-wrap\">\n<div class=\"td-search-btns-wrap\"><\/div>\n<div class=\"td-drop-down-search\">\n<form class=\"td-search-form\" action=\"http:\/\/tribunadoplanalto.com.br\/\" method=\"get\">\n<div class=\"td-head-form-search-wrap\"><input id=\"td-header-search\" name=\"s\" type=\"text\" value=\"\" \/><input id=\"td-header-search-top\" class=\"wpb_button wpb_btn-inverse btn\" type=\"submit\" value=\"Procurar\" \/><\/div>\n<\/form>\n<div><\/div>\n<\/div>\n<\/div>\n<\/div>\n<\/div>\n<\/div>\n<\/div>\n<div class=\"td-main-content-wrap td-container-wrap\">\n<div class=\"td-container td-post-template-default \">\n<div class=\"td-crumb-container\">\n<div class=\"entry-crumbs\"><a class=\"entry-crumb\" title=\"\" href=\"http:\/\/tribunadoplanalto.com.br\/\">In\u00edcio<\/a>\u00a0<i class=\"td-icon-right td-bread-sep\"><\/i>\u00a0<a class=\"entry-crumb\" title=\"Ver todos os posts em Comunidades\" href=\"http:\/\/tribunadoplanalto.com.br\/noticias\/comunidades\/\">Comunidades<\/a>\u00a0<i class=\"td-icon-right td-bread-sep td-bred-no-url-last\"><\/i>\u00a0<span class=\"td-bred-no-url-last\">SMS lan\u00e7a chamamento p\u00fablico para contrata\u00e7\u00e3o de m\u00e9dicos<\/span><\/div>\n<\/div>\n<div class=\"td-pb-row\">\n<div class=\"td-pb-span8 td-main-content\">\n<div class=\"td-ss-main-content\">\n<div class=\"clearfix\"><\/div>\n\n<div class=\"td-post-header\">\n<ul class=\"td-category\">\n<li class=\"entry-category\"><a href=\"http:\/\/tribunadoplanalto.com.br\/noticias\/c64-comunidades\/\">Comunidades<\/a><\/li>\n<\/ul>\n\n<h1 class=\"entry-title\">SMS lan\u00e7a chamamento p\u00fablico para contrata\u00e7\u00e3o de m\u00e9dicos<\/h1>\n<div class=\"td-module-meta-info\"><span class=\"td-post-date\">9 de setembro de 2020<\/span><\/p>\n<div class=\"td-post-comments\"><a href=\"http:\/\/tribunadoplanalto.com.br\/2020\/09\/09\/sms-lanca-chamamento-publico-para-contratacao-de-medicos\/#respond\"><i class=\"td-icon-comments\"><\/i>0<\/a><\/div>\n<div class=\"td-post-views\"><i class=\"td-icon-views\"><\/i><span class=\"td-nr-views-44866\">117<\/span><\/div>\n<\/div>\n\n<\/div>\n<div class=\"td-post-sharing-top\">\n<div class=\"td-post-sharing td-ps-bg td-ps-notext td-post-sharing-style1 \">\n<div class=\"td-post-sharing-visible\">\n<div class=\"td-social-but-icon\"><\/div>\n<div class=\"td-social-but-icon\"><\/div>\n<div class=\"td-social-but-icon\"><\/div>\n<div class=\"td-social-but-icon\"><\/div>\n<\/div>\n<\/div>\n<\/div>\n<div class=\"td-post-content\">\n<div class=\"td-post-featured-image\"><a class=\"td-modal-image\" href=\"https:\/\/i0.wp.com\/tribunadoplanalto.com.br\/wp-content\/uploads\/2020\/09\/Foto-trabalhador-da-sa%C3%BAde.jpg?fit=652%2C408\"><img loading=\"lazy\" decoding=\"async\" class=\"entry-thumb td-animation-stack-type0-1\" title=\"Foto-trabalhador-da-sa\u00fade\" src=\"https:\/\/i0.wp.com\/tribunadoplanalto.com.br\/wp-content\/uploads\/2020\/09\/Foto-trabalhador-da-sa%C3%BAde.jpg?resize=652%2C408\" srcset=\"https:\/\/i0.wp.com\/tribunadoplanalto.com.br\/wp-content\/uploads\/2020\/09\/Foto-trabalhador-da-sa\u00fade.jpg?w=652 652w, https:\/\/i0.wp.com\/tribunadoplanalto.com.br\/wp-content\/uploads\/2020\/09\/Foto-trabalhador-da-sa\u00fade.jpg?resize=600%2C375 600w\" alt=\"\" width=\"652\" height=\"408\" \/><\/a><\/div>\n<p>O Munic\u00edpio de Goi\u00e2nia, por meio da Secretaria Municipal de Sa\u00fade, abre novo credenciamento para contratar m\u00e9dico cl\u00ednico geral com sal\u00e1rio de R$10,8 mil para plant\u00e3o de 24 horas semanais. O Edital de Chamamento P\u00fablico N\u00b0 009\/2020 foi publicado no Di\u00e1rio Oficial Eletr\u00f4nico do Munic\u00edpio (DOM-GYN) na \u00faltima sexta-feira, dia 04 de setembro de 2020.<\/p>\n<p>Os profissionais interessados, vinculados ou n\u00e3o vinculados ao SUS, dever\u00e3o entregar os respectivos envelopes com a documenta\u00e7\u00e3o exigida na Ger\u00eancia de Contratos e Conv\u00eanios da Secretaria Municipal de Sa\u00fade, com sede na Avenida do Cerrado, n.\u00b0 999, Park Lozandes, Pal\u00e1cio das Campinas Venerando de Freitas Borges, bloco \u201cD\u201d, 2\u00ba andar, sala 16, Goi\u00e2nia-Goi\u00e1s, de segunda \u00e0 sexta-feira, das 8h \u00e0s 12h e 14h \u00e0s 17h.<\/p>\n<p>O Edital ter\u00e1 validade de 12 (doze) meses a partir da data de publica\u00e7\u00e3o e seus anexos poder\u00e3o ser obtidos no Di\u00e1rio Oficial Eletr\u00f4nico do Munic\u00edpio de Goi\u00e2nia e pelo link\u00a0<a href=\"https:\/\/saude.goiania.go.gov.br\/edital-de-chamamento-publico-no-009-2020\">https:\/\/saude.goiania.go.gov.br\/edital-de-chamamento-publico-no-009-2020<\/a>\u00a0ou na Ger\u00eancia de Contratos. Fone\/Fax: 3524\u20101515.<\/p>\n<p>A remunera\u00e7\u00e3o dos profissionais credenciados respeitar\u00e1 os crit\u00e9rios e valores previstos no Anexo I do edital, considerando o n\u00famero de plant\u00f5es realizados no m\u00eas, sendo o m\u00ednimo de 8 plant\u00f5es e o m\u00e1ximo de 10 plant\u00f5es por m\u00eas, e ser\u00e1 realizada ap\u00f3s a verifica\u00e7\u00e3o e certifica\u00e7\u00e3o dos procedimentos realizados pelos profissionais.<\/p>\n<p>O sal\u00e1rio do m\u00e9dico cl\u00ednico geral pelo plant\u00e3o de 24 horas, sendo dois semanais de 12h, passa de R$ 7 mil para R$10,8 mil, conforme tabela do Anexo I aprovada pela Resolu\u00e7\u00e3o n\u00ba 140 de 02 de setembro de 2020 do Conselho Municipal de Sa\u00fade de Goi\u00e2nia. O cl\u00ednico geral que j\u00e1 \u00e9 credenciado pelo munic\u00edpio poder\u00e1 fazer ades\u00e3o ao novo edital.<\/p>\n<p>Os profissionais credenciados considerados aptos ser\u00e3o convocados para assinar o contrato mediante publica\u00e7\u00e3o da lista no DOM, com prazo m\u00e1ximo de 05 (cinco) dias \u00fateis para a assinatura do termo, sob pena de se convocar o pr\u00f3ximo habilitado.<\/p>\n<p>Ap\u00f3s a habilita\u00e7\u00e3o e assinatura do contrato, os credenciados dever\u00e3o se apresentar para in\u00edcio imediato e prestar\u00e3o seus servi\u00e7os nos locais determinados pela Secretaria Municipal de Sa\u00fade, conforme a necessidade da SMS.<\/p>\n<\/div>\n\n<\/div>\n<\/div>\n<\/div>\n<\/div>\n<\/div>\n<p><\/p>\n","protected":false},"excerpt":{"rendered":"<p>\u00daLTIMAS PODER COMUNIDADES CULTURA OPINI\u00c3O ESCOLA TOCANTINS EDI\u00c7\u00c3O IMPRESSA In\u00edcio\u00a0\u00a0Comunidades\u00a0\u00a0SMS lan\u00e7a chamamento p\u00fablico para contrata\u00e7\u00e3o de m\u00e9dicos Comunidades SMS lan\u00e7a chamamento p\u00fablico para contrata\u00e7\u00e3o de m\u00e9dicos 9 de setembro de 2020 0 117 O Munic\u00edpio de Goi\u00e2nia, por meio da Secretaria Municipal de Sa\u00fade, abre novo credenciamento para contratar m\u00e9dico cl\u00ednico geral com sal\u00e1rio de<\/p>\n","protected":false},"author":2,"featured_media":11118,"comment_status":"open","ping_status":"open","sticky":false,"template":"","format":"standard","meta":{"footnotes":""},"categories":[27,22,26,23],"tags":[],"class_list":["post-11117","post","type-post","status-publish","format-standard","has-post-thumbnail","hentry","category-brasil","category-catalao","category-destaque","category-goias"],"yoast_head":"<!-- This site is optimized with the Yoast SEO plugin v25.8 - https:\/\/yoast.com\/wordpress\/plugins\/seo\/ -->\n<title>SMS lan\u00e7a chamamento p\u00fablico para contrata\u00e7\u00e3o de m\u00e9dicos - Jornal Ultimos Acontecimentos<\/title>\n<meta name=\"robots\" content=\"index, follow, max-snippet:-1, max-image-preview:large, max-video-preview:-1\" \/>\n<link rel=\"canonical\" href=\"https:\/\/juacontecimentos.com.br\/site\/sms-lanca-chamamento-publico-para-contratacao-de-medicos\/\" \/>\n<meta property=\"og:locale\" content=\"pt_BR\" \/>\n<meta property=\"og:type\" content=\"article\" \/>\n<meta property=\"og:title\" content=\"SMS lan\u00e7a chamamento p\u00fablico para contrata\u00e7\u00e3o de m\u00e9dicos - Jornal Ultimos Acontecimentos\" \/>\n<meta property=\"og:description\" content=\"\u00daLTIMAS PODER COMUNIDADES CULTURA OPINI\u00c3O ESCOLA TOCANTINS EDI\u00c7\u00c3O IMPRESSA In\u00edcio\u00a0\u00a0Comunidades\u00a0\u00a0SMS lan\u00e7a chamamento p\u00fablico para contrata\u00e7\u00e3o de m\u00e9dicos Comunidades SMS lan\u00e7a chamamento p\u00fablico para contrata\u00e7\u00e3o de m\u00e9dicos 9 de setembro de 2020 0 117 O Munic\u00edpio de Goi\u00e2nia, por meio da Secretaria Municipal de Sa\u00fade, abre novo credenciamento para contratar m\u00e9dico cl\u00ednico geral com sal\u00e1rio de\" \/>\n<meta property=\"og:url\" content=\"https:\/\/juacontecimentos.com.br\/site\/sms-lanca-chamamento-publico-para-contratacao-de-medicos\/\" \/>\n<meta property=\"og:site_name\" content=\"Jornal Ultimos Acontecimentos\" \/>\n<meta property=\"article:publisher\" content=\"https:\/\/www.facebook.com\/jultimosacontecimentos\/\" \/>\n<meta property=\"article:published_time\" content=\"2020-09-10T10:28:52+00:00\" \/>\n<meta property=\"og:image\" content=\"https:\/\/juacontecimentos.com.br\/site\/wp-content\/uploads\/2020\/09\/Foto-trabalhador-da-sa\u00fade.jpg\" \/>\n\t<meta property=\"og:image:width\" content=\"652\" \/>\n\t<meta property=\"og:image:height\" content=\"408\" \/>\n\t<meta property=\"og:image:type\" content=\"image\/jpeg\" \/>\n<meta name=\"author\" content=\"Reginaldo Ribeiro\" \/>\n<meta name=\"twitter:card\" content=\"summary_large_image\" \/>\n<meta name=\"twitter:label1\" content=\"Escrito por\" \/>\n\t<meta name=\"twitter:data1\" content=\"Reginaldo Ribeiro\" \/>\n\t<meta name=\"twitter:label2\" content=\"Est. tempo de leitura\" \/>\n\t<meta name=\"twitter:data2\" content=\"2 minutos\" \/>\n<script type=\"application\/ld+json\" class=\"yoast-schema-graph\">{\"@context\":\"https:\/\/schema.org\",\"@graph\":[{\"@type\":\"Article\",\"@id\":\"https:\/\/juacontecimentos.com.br\/site\/sms-lanca-chamamento-publico-para-contratacao-de-medicos\/#article\",\"isPartOf\":{\"@id\":\"https:\/\/juacontecimentos.com.br\/site\/sms-lanca-chamamento-publico-para-contratacao-de-medicos\/\"},\"author\":{\"name\":\"Reginaldo Ribeiro\",\"@id\":\"https:\/\/juacontecimentos.com.br\/site\/#\/schema\/person\/082a54e6d3fdd7a633291428521c9669\"},\"headline\":\"SMS lan\u00e7a chamamento p\u00fablico para contrata\u00e7\u00e3o de m\u00e9dicos\",\"datePublished\":\"2020-09-10T10:28:52+00:00\",\"mainEntityOfPage\":{\"@id\":\"https:\/\/juacontecimentos.com.br\/site\/sms-lanca-chamamento-publico-para-contratacao-de-medicos\/\"},\"wordCount\":446,\"commentCount\":0,\"publisher\":{\"@id\":\"https:\/\/juacontecimentos.com.br\/site\/#organization\"},\"image\":{\"@id\":\"https:\/\/juacontecimentos.com.br\/site\/sms-lanca-chamamento-publico-para-contratacao-de-medicos\/#primaryimage\"},\"thumbnailUrl\":\"https:\/\/juacontecimentos.com.br\/site\/wp-content\/uploads\/2020\/09\/Foto-trabalhador-da-sa\u00fade.jpg\",\"articleSection\":[\"Brasil\",\"Catal\u00e3o\",\"Destaque\",\"Goi\u00e1s\"],\"inLanguage\":\"pt-BR\"},{\"@type\":\"WebPage\",\"@id\":\"https:\/\/juacontecimentos.com.br\/site\/sms-lanca-chamamento-publico-para-contratacao-de-medicos\/\",\"url\":\"https:\/\/juacontecimentos.com.br\/site\/sms-lanca-chamamento-publico-para-contratacao-de-medicos\/\",\"name\":\"SMS lan\u00e7a chamamento p\u00fablico para contrata\u00e7\u00e3o de m\u00e9dicos - Jornal Ultimos Acontecimentos\",\"isPartOf\":{\"@id\":\"https:\/\/juacontecimentos.com.br\/site\/#website\"},\"primaryImageOfPage\":{\"@id\":\"https:\/\/juacontecimentos.com.br\/site\/sms-lanca-chamamento-publico-para-contratacao-de-medicos\/#primaryimage\"},\"image\":{\"@id\":\"https:\/\/juacontecimentos.com.br\/site\/sms-lanca-chamamento-publico-para-contratacao-de-medicos\/#primaryimage\"},\"thumbnailUrl\":\"https:\/\/juacontecimentos.com.br\/site\/wp-content\/uploads\/2020\/09\/Foto-trabalhador-da-sa\u00fade.jpg\",\"datePublished\":\"2020-09-10T10:28:52+00:00\",\"breadcrumb\":{\"@id\":\"https:\/\/juacontecimentos.com.br\/site\/sms-lanca-chamamento-publico-para-contratacao-de-medicos\/#breadcrumb\"},\"inLanguage\":\"pt-BR\",\"potentialAction\":[{\"@type\":\"ReadAction\",\"target\":[\"https:\/\/juacontecimentos.com.br\/site\/sms-lanca-chamamento-publico-para-contratacao-de-medicos\/\"]}]},{\"@type\":\"ImageObject\",\"inLanguage\":\"pt-BR\",\"@id\":\"https:\/\/juacontecimentos.com.br\/site\/sms-lanca-chamamento-publico-para-contratacao-de-medicos\/#primaryimage\",\"url\":\"https:\/\/juacontecimentos.com.br\/site\/wp-content\/uploads\/2020\/09\/Foto-trabalhador-da-sa\u00fade.jpg\",\"contentUrl\":\"https:\/\/juacontecimentos.com.br\/site\/wp-content\/uploads\/2020\/09\/Foto-trabalhador-da-sa\u00fade.jpg\",\"width\":652,\"height\":408},{\"@type\":\"BreadcrumbList\",\"@id\":\"https:\/\/juacontecimentos.com.br\/site\/sms-lanca-chamamento-publico-para-contratacao-de-medicos\/#breadcrumb\",\"itemListElement\":[{\"@type\":\"ListItem\",\"position\":1,\"name\":\"In\u00edcio\",\"item\":\"https:\/\/juacontecimentos.com.br\/site\/\"},{\"@type\":\"ListItem\",\"position\":2,\"name\":\"SMS lan\u00e7a chamamento p\u00fablico para contrata\u00e7\u00e3o de m\u00e9dicos\"}]},{\"@type\":\"WebSite\",\"@id\":\"https:\/\/juacontecimentos.com.br\/site\/#website\",\"url\":\"https:\/\/juacontecimentos.com.br\/site\/\",\"name\":\"Jornal Ultimos Acontecimentos\",\"description\":\"Catal\u00e3o e regi\u00e3o\",\"publisher\":{\"@id\":\"https:\/\/juacontecimentos.com.br\/site\/#organization\"},\"potentialAction\":[{\"@type\":\"SearchAction\",\"target\":{\"@type\":\"EntryPoint\",\"urlTemplate\":\"https:\/\/juacontecimentos.com.br\/site\/?s={search_term_string}\"},\"query-input\":{\"@type\":\"PropertyValueSpecification\",\"valueRequired\":true,\"valueName\":\"search_term_string\"}}],\"inLanguage\":\"pt-BR\"},{\"@type\":\"Organization\",\"@id\":\"https:\/\/juacontecimentos.com.br\/site\/#organization\",\"name\":\"Jornal Ultimos Acontecimentos\",\"url\":\"https:\/\/juacontecimentos.com.br\/site\/\",\"logo\":{\"@type\":\"ImageObject\",\"inLanguage\":\"pt-BR\",\"@id\":\"https:\/\/juacontecimentos.com.br\/site\/#\/schema\/logo\/image\/\",\"url\":\"https:\/\/juacontecimentos.com.br\/site\/wp-content\/uploads\/2023\/04\/Logo_Site.png\",\"contentUrl\":\"https:\/\/juacontecimentos.com.br\/site\/wp-content\/uploads\/2023\/04\/Logo_Site.png\",\"width\":2476,\"height\":530,\"caption\":\"Jornal Ultimos Acontecimentos\"},\"image\":{\"@id\":\"https:\/\/juacontecimentos.com.br\/site\/#\/schema\/logo\/image\/\"},\"sameAs\":[\"https:\/\/www.facebook.com\/jultimosacontecimentos\/\"]},{\"@type\":\"Person\",\"@id\":\"https:\/\/juacontecimentos.com.br\/site\/#\/schema\/person\/082a54e6d3fdd7a633291428521c9669\",\"name\":\"Reginaldo Ribeiro\",\"image\":{\"@type\":\"ImageObject\",\"inLanguage\":\"pt-BR\",\"@id\":\"https:\/\/juacontecimentos.com.br\/site\/#\/schema\/person\/image\/\",\"url\":\"https:\/\/secure.gravatar.com\/avatar\/5c16c6837c3490270a74d888c2a845728f06bdde1f8761de1de1d1d1ef82d12f?s=96&d=mm&r=g\",\"contentUrl\":\"https:\/\/secure.gravatar.com\/avatar\/5c16c6837c3490270a74d888c2a845728f06bdde1f8761de1de1d1d1ef82d12f?s=96&d=mm&r=g\",\"caption\":\"Reginaldo Ribeiro\"}}]}<\/script>\n<!-- \/ Yoast SEO plugin. -->","yoast_head_json":{"title":"SMS lan\u00e7a chamamento p\u00fablico para contrata\u00e7\u00e3o de m\u00e9dicos - Jornal Ultimos Acontecimentos","robots":{"index":"index","follow":"follow","max-snippet":"max-snippet:-1","max-image-preview":"max-image-preview:large","max-video-preview":"max-video-preview:-1"},"canonical":"https:\/\/juacontecimentos.com.br\/site\/sms-lanca-chamamento-publico-para-contratacao-de-medicos\/","og_locale":"pt_BR","og_type":"article","og_title":"SMS lan\u00e7a chamamento p\u00fablico para contrata\u00e7\u00e3o de m\u00e9dicos - Jornal Ultimos Acontecimentos","og_description":"\u00daLTIMAS PODER COMUNIDADES CULTURA OPINI\u00c3O ESCOLA TOCANTINS EDI\u00c7\u00c3O IMPRESSA In\u00edcio\u00a0\u00a0Comunidades\u00a0\u00a0SMS lan\u00e7a chamamento p\u00fablico para contrata\u00e7\u00e3o de m\u00e9dicos Comunidades SMS lan\u00e7a chamamento p\u00fablico para contrata\u00e7\u00e3o de m\u00e9dicos 9 de setembro de 2020 0 117 O Munic\u00edpio de Goi\u00e2nia, por meio da Secretaria Municipal de Sa\u00fade, abre novo credenciamento para contratar m\u00e9dico cl\u00ednico geral com sal\u00e1rio de","og_url":"https:\/\/juacontecimentos.com.br\/site\/sms-lanca-chamamento-publico-para-contratacao-de-medicos\/","og_site_name":"Jornal Ultimos Acontecimentos","article_publisher":"https:\/\/www.facebook.com\/jultimosacontecimentos\/","article_published_time":"2020-09-10T10:28:52+00:00","og_image":[{"width":652,"height":408,"url":"https:\/\/juacontecimentos.com.br\/site\/wp-content\/uploads\/2020\/09\/Foto-trabalhador-da-sa\u00fade.jpg","type":"image\/jpeg"}],"author":"Reginaldo Ribeiro","twitter_card":"summary_large_image","twitter_misc":{"Escrito por":"Reginaldo Ribeiro","Est. tempo de leitura":"2 minutos"},"schema":{"@context":"https:\/\/schema.org","@graph":[{"@type":"Article","@id":"https:\/\/juacontecimentos.com.br\/site\/sms-lanca-chamamento-publico-para-contratacao-de-medicos\/#article","isPartOf":{"@id":"https:\/\/juacontecimentos.com.br\/site\/sms-lanca-chamamento-publico-para-contratacao-de-medicos\/"},"author":{"name":"Reginaldo Ribeiro","@id":"https:\/\/juacontecimentos.com.br\/site\/#\/schema\/person\/082a54e6d3fdd7a633291428521c9669"},"headline":"SMS lan\u00e7a chamamento p\u00fablico para contrata\u00e7\u00e3o de m\u00e9dicos","datePublished":"2020-09-10T10:28:52+00:00","mainEntityOfPage":{"@id":"https:\/\/juacontecimentos.com.br\/site\/sms-lanca-chamamento-publico-para-contratacao-de-medicos\/"},"wordCount":446,"commentCount":0,"publisher":{"@id":"https:\/\/juacontecimentos.com.br\/site\/#organization"},"image":{"@id":"https:\/\/juacontecimentos.com.br\/site\/sms-lanca-chamamento-publico-para-contratacao-de-medicos\/#primaryimage"},"thumbnailUrl":"https:\/\/juacontecimentos.com.br\/site\/wp-content\/uploads\/2020\/09\/Foto-trabalhador-da-sa\u00fade.jpg","articleSection":["Brasil","Catal\u00e3o","Destaque","Goi\u00e1s"],"inLanguage":"pt-BR"},{"@type":"WebPage","@id":"https:\/\/juacontecimentos.com.br\/site\/sms-lanca-chamamento-publico-para-contratacao-de-medicos\/","url":"https:\/\/juacontecimentos.com.br\/site\/sms-lanca-chamamento-publico-para-contratacao-de-medicos\/","name":"SMS lan\u00e7a chamamento p\u00fablico para contrata\u00e7\u00e3o de m\u00e9dicos - Jornal Ultimos Acontecimentos","isPartOf":{"@id":"https:\/\/juacontecimentos.com.br\/site\/#website"},"primaryImageOfPage":{"@id":"https:\/\/juacontecimentos.com.br\/site\/sms-lanca-chamamento-publico-para-contratacao-de-medicos\/#primaryimage"},"image":{"@id":"https:\/\/juacontecimentos.com.br\/site\/sms-lanca-chamamento-publico-para-contratacao-de-medicos\/#primaryimage"},"thumbnailUrl":"https:\/\/juacontecimentos.com.br\/site\/wp-content\/uploads\/2020\/09\/Foto-trabalhador-da-sa\u00fade.jpg","datePublished":"2020-09-10T10:28:52+00:00","breadcrumb":{"@id":"https:\/\/juacontecimentos.com.br\/site\/sms-lanca-chamamento-publico-para-contratacao-de-medicos\/#breadcrumb"},"inLanguage":"pt-BR","potentialAction":[{"@type":"ReadAction","target":["https:\/\/juacontecimentos.com.br\/site\/sms-lanca-chamamento-publico-para-contratacao-de-medicos\/"]}]},{"@type":"ImageObject","inLanguage":"pt-BR","@id":"https:\/\/juacontecimentos.com.br\/site\/sms-lanca-chamamento-publico-para-contratacao-de-medicos\/#primaryimage","url":"https:\/\/juacontecimentos.com.br\/site\/wp-content\/uploads\/2020\/09\/Foto-trabalhador-da-sa\u00fade.jpg","contentUrl":"https:\/\/juacontecimentos.com.br\/site\/wp-content\/uploads\/2020\/09\/Foto-trabalhador-da-sa\u00fade.jpg","width":652,"height":408},{"@type":"BreadcrumbList","@id":"https:\/\/juacontecimentos.com.br\/site\/sms-lanca-chamamento-publico-para-contratacao-de-medicos\/#breadcrumb","itemListElement":[{"@type":"ListItem","position":1,"name":"In\u00edcio","item":"https:\/\/juacontecimentos.com.br\/site\/"},{"@type":"ListItem","position":2,"name":"SMS lan\u00e7a chamamento p\u00fablico para contrata\u00e7\u00e3o de m\u00e9dicos"}]},{"@type":"WebSite","@id":"https:\/\/juacontecimentos.com.br\/site\/#website","url":"https:\/\/juacontecimentos.com.br\/site\/","name":"Jornal Ultimos Acontecimentos","description":"Catal\u00e3o e regi\u00e3o","publisher":{"@id":"https:\/\/juacontecimentos.com.br\/site\/#organization"},"potentialAction":[{"@type":"SearchAction","target":{"@type":"EntryPoint","urlTemplate":"https:\/\/juacontecimentos.com.br\/site\/?s={search_term_string}"},"query-input":{"@type":"PropertyValueSpecification","valueRequired":true,"valueName":"search_term_string"}}],"inLanguage":"pt-BR"},{"@type":"Organization","@id":"https:\/\/juacontecimentos.com.br\/site\/#organization","name":"Jornal Ultimos Acontecimentos","url":"https:\/\/juacontecimentos.com.br\/site\/","logo":{"@type":"ImageObject","inLanguage":"pt-BR","@id":"https:\/\/juacontecimentos.com.br\/site\/#\/schema\/logo\/image\/","url":"https:\/\/juacontecimentos.com.br\/site\/wp-content\/uploads\/2023\/04\/Logo_Site.png","contentUrl":"https:\/\/juacontecimentos.com.br\/site\/wp-content\/uploads\/2023\/04\/Logo_Site.png","width":2476,"height":530,"caption":"Jornal Ultimos Acontecimentos"},"image":{"@id":"https:\/\/juacontecimentos.com.br\/site\/#\/schema\/logo\/image\/"},"sameAs":["https:\/\/www.facebook.com\/jultimosacontecimentos\/"]},{"@type":"Person","@id":"https:\/\/juacontecimentos.com.br\/site\/#\/schema\/person\/082a54e6d3fdd7a633291428521c9669","name":"Reginaldo Ribeiro","image":{"@type":"ImageObject","inLanguage":"pt-BR","@id":"https:\/\/juacontecimentos.com.br\/site\/#\/schema\/person\/image\/","url":"https:\/\/secure.gravatar.com\/avatar\/5c16c6837c3490270a74d888c2a845728f06bdde1f8761de1de1d1d1ef82d12f?s=96&d=mm&r=g","contentUrl":"https:\/\/secure.gravatar.com\/avatar\/5c16c6837c3490270a74d888c2a845728f06bdde1f8761de1de1d1d1ef82d12f?s=96&d=mm&r=g","caption":"Reginaldo Ribeiro"}}]}},"_links":{"self":[{"href":"https:\/\/juacontecimentos.com.br\/site\/wp-json\/wp\/v2\/posts\/11117","targetHints":{"allow":["GET"]}}],"collection":[{"href":"https:\/\/juacontecimentos.com.br\/site\/wp-json\/wp\/v2\/posts"}],"about":[{"href":"https:\/\/juacontecimentos.com.br\/site\/wp-json\/wp\/v2\/types\/post"}],"author":[{"embeddable":true,"href":"https:\/\/juacontecimentos.com.br\/site\/wp-json\/wp\/v2\/users\/2"}],"replies":[{"embeddable":true,"href":"https:\/\/juacontecimentos.com.br\/site\/wp-json\/wp\/v2\/comments?post=11117"}],"version-history":[{"count":1,"href":"https:\/\/juacontecimentos.com.br\/site\/wp-json\/wp\/v2\/posts\/11117\/revisions"}],"predecessor-version":[{"id":11119,"href":"https:\/\/juacontecimentos.com.br\/site\/wp-json\/wp\/v2\/posts\/11117\/revisions\/11119"}],"wp:featuredmedia":[{"embeddable":true,"href":"https:\/\/juacontecimentos.com.br\/site\/wp-json\/wp\/v2\/media\/11118"}],"wp:attachment":[{"href":"https:\/\/juacontecimentos.com.br\/site\/wp-json\/wp\/v2\/media?parent=11117"}],"wp:term":[{"taxonomy":"category","embeddable":true,"href":"https:\/\/juacontecimentos.com.br\/site\/wp-json\/wp\/v2\/categories?post=11117"},{"taxonomy":"post_tag","embeddable":true,"href":"https:\/\/juacontecimentos.com.br\/site\/wp-json\/wp\/v2\/tags?post=11117"}],"curies":[{"name":"wp","href":"https:\/\/api.w.org\/{rel}","templated":true}]}}