{"id":11275,"date":"2020-09-18T05:04:44","date_gmt":"2020-09-18T08:04:44","guid":{"rendered":"http:\/\/juacontecimentos.com.br\/site\/?p=11275"},"modified":"2020-09-18T05:06:13","modified_gmt":"2020-09-18T08:06:13","slug":"fui-sabotada-por-quem-se-diz-mulher-de-palavra-diz-vereadora-cristina","status":"publish","type":"post","link":"https:\/\/juacontecimentos.com.br\/site\/fui-sabotada-por-quem-se-diz-mulher-de-palavra-diz-vereadora-cristina\/","title":{"rendered":"\u2018Fui sabotada por quem se diz mulher de palavra\u2019, diz vereadora Cristina"},"content":{"rendered":"<h3>Obrigada a retirar candidatura para a sigla apoiar Maguito Vilela (MDB), ela se diz tra\u00edda pela executiva do PL e pela deputada Magda Mofatto, respons\u00e1vel por sua filia\u00e7\u00e3o<\/h3>\n<p><img loading=\"lazy\" decoding=\"async\" class=\"alignnone size-full wp-image-11276\" src=\"http:\/\/juacontecimentos.com.br\/site\/wp-content\/uploads\/2020\/09\/image-3.jpg\" alt=\"\" width=\"800\" height=\"533\" srcset=\"https:\/\/juacontecimentos.com.br\/site\/wp-content\/uploads\/2020\/09\/image-3.jpg 800w, https:\/\/juacontecimentos.com.br\/site\/wp-content\/uploads\/2020\/09\/image-3-300x200.jpg 300w, https:\/\/juacontecimentos.com.br\/site\/wp-content\/uploads\/2020\/09\/image-3-768x512.jpg 768w\" sizes=\"auto, (max-width: 800px) 100vw, 800px\" \/><\/p>\n<p>\u201cEu fui sabotada pela executiva do partido, por meio do Fl\u00e1vio Canedo e pela mulher que tem o slogan \u2018mulher de palavra\u2019. Mas mulher de palavra s\u00f3 quando lhe \u00e9 conveniente.\u201d O desabafo \u00e9 da vereadora Cristina Lopes, que teve sua candidatura retirada pelo PL, para apoiar o candidato do MDB, Maguito Vilela. Ela chegou a ter o nome oficializado em conven\u00e7\u00e3o realizada na quarta-feira (16), mas na ata do evento, j\u00e1 constava a coliga\u00e7\u00e3o entre as siglas.<\/p>\n<p>O Popular adiantou que o apoio \u00e0 candidatura do MDB pelo PL foi feito por meio do diret\u00f3rio estadual da sigla, que \u00e9 presidido por Fl\u00e1vio Canedo, marido da deputada federal Magda Mofatto (PL), outro importante nome do partido em Goi\u00e1s. Lideran\u00e7as tentaram convencer a vereadora a aceitar a proposta de apoiar Maguito, mas ela recusou.<\/p>\n<p>Cristina, que se sentiu tra\u00edda pela sigla, convocou a imprensa para dar sua vers\u00e3o da hist\u00f3ria. Segundo a vereadora, Fl\u00e1vio teria ligado para ela na manh\u00e3 desta quinta (17) dizendo que n\u00e3o seria mais candidata e que, se insistisse, ele iria interferir na chapa. Ressentida, ela tamb\u00e9m criticou Magda, que foi uma das principais respons\u00e1veis por sua filia\u00e7\u00e3o ao PL.<\/p>\n<p>O ato de entrada no partido se deu no dia 3 de abril, depois de deixar o PSDB que, segundo ela, n\u00e3o garantiu condi\u00e7\u00f5es para sua candidatura em Goi\u00e2nia. \u201cEnt\u00e3o eu parti para o PL, que me garantiu, por meio da Magda, essas condi\u00e7\u00f5es, n\u00e3o importava o que acontecesse\u201d, disse.<\/p>\n<p>Por esse motivo, Cristina diz se sentir tra\u00edda. A vereadora contou que a justificativa dada para impor a sa\u00edda do pleito foi de que ela n\u00e3o decolou nas pesquisas e n\u00e3o conseguiu articular um vice de outro partido. \u201cMas isso nunca foi colocado na mesa como condi\u00e7\u00e3o. Al\u00e9m do mais a campanha nem come\u00e7ou\u201d, contestou.<br \/>\nCristina disse, ainda, que ficou muito nervosa diante da situa\u00e7\u00e3o. \u201cFoi muito tenso, minha primeira rea\u00e7\u00e3o foi quebrar tudo naquela sede do partido. Mas respirei fundo e consegui me controlar. Falei com muita gente da executiva nacional, mas n\u00e3o conseguimos reverter essa sabotagem e trai\u00e7\u00e3o\u201d, descreveu.<\/p>\n<p><strong>MACHISMO<\/strong><\/p>\n<p>Para Cristina, n\u00e3o s\u00f3 ela, mas todo o grupo que a apoia foi sabotado. \u201cAs mulheres desse pa\u00eds foram tra\u00eddas e, o pior, por outra mulher\u201d, disse ao declarar que a decis\u00e3o foi machista. Ao seu lado, estavam mulheres que atuam na pol\u00edtica e falaram em solidariedade \u00e0 vereadora. Entre elas, as colegas de C\u00e2mara Municipal, Priscilla Tejota e Sabrina Garc\u00eaz, ambas do PSD, e Tatiana Lemos (PCdoB), que participou remotamente.<\/p>\n<p>A arquiteta e urbanista Maria Ester, que tamb\u00e9m foi obrigada a desistir da candidatura a prefeita pela Rede, que preferiu se coligar com o PSB em apoio \u00e0 candidatura de Elias Vaz, foi outra que manifestou apoio. \u201cE eu venho aqui pedir aos goianienses, que n\u00e3o votem em homens\u201d, afirmou.<\/p>\n<p>Nega na Moda (Avante), que havia sido confirmada vice do ex-senador Wilder Morais (PSC), que desistiu da candidatura para se tornar vice de Vanderlan Cardoso (PSD), tamb\u00e9m falou. Apesar de manter a parceria com Wilder, ela disse que a semana que se passou foi muito triste para ela. \u201cFiquei muito magoada, muito chateada, mas eu sou um beb\u00ea na pol\u00edtica\u201d, disse.<\/p>\n<p>Com a sa\u00edda de Cristina do p\u00e1reo, a disputa em Goi\u00e2nia, com 14 candidatos, passa a ter apenas duas postulantes mulheres: Adriana Accorsi (PT), que n\u00e3o foi ao evento, mas manifestou solidariedade \u00e0 Cristina, e Manu Jacob (PSOL), que estava ao lado de Cristina durante o pronunciamento, e tamb\u00e9m manifestou apoio \u00e0 colega.<\/p>\n<p>Muito emocionada e, \u00e0s vezes, aos prantos, Cristina agradeceu a solidariedade que est\u00e1 recebendo e disse que vai apoiar os colegas que v\u00e3o seguir na chapa. Ela afirmou que n\u00e3o vai se candidatar a vereadora e lembrou que \u00e9 suplente do deputado estadual Diego Sorgatto (DEM), que \u00e9 candidato a prefeito de Luzi\u00e2nia. Se eleito, ela pode ocupar sua cadeira no Legislativo goiano.<\/p>\n<p>Cristina tamb\u00e9m n\u00e3o quer pensar em filia\u00e7\u00e3o a outro partido agora, apesar de j\u00e1 ter recebido convites. Mas garantiu que vai escolher candidato e manifestar apoio na campanha em Goi\u00e2nia. \u201cEu n\u00e3o vou me omitir\u201d, assegurou.<\/p>\n<p><strong>Outro lado<\/strong><\/p>\n<p>Fl\u00e1vio Canedo disse que as cr\u00edticas de Cristina deveriam ser direcionadas a ele somente e n\u00e3o \u00e0 Magda, j\u00e1 que ele \u00e9 o presidente do partido. Ele refor\u00e7ou que decidiu n\u00e3o bancar mais a candidatura porque \u201cfaltou articula\u00e7\u00e3o para viabilizar o projeto\u201d.<\/p>\n<p>\u201cEm qualquer partido tem que haver o m\u00ednimo de condi\u00e7\u00f5es para trabalhar uma candidatura. Tem que viabilizar alian\u00e7as, e eu sempre avisei isso a ela. Mas, por inefici\u00eancia ou soberba em n\u00e3o aceitar ser vice de ningu\u00e9m, isso n\u00e3o deu certo\u201d, acrescentou. Sobre as acusa\u00e7\u00f5es de machismo, ele negou e disse que \u201cquando se quer holofotes, a pessoa parte para esses termos\u201d.<\/p>\n<p>Magda Mofatto refor\u00e7ou que n\u00e3o tem influ\u00eancia nas decis\u00f5es do partido, disse que ficou \u201cchocada, comovida e preocupada\u201d com as declara\u00e7\u00f5es de Cristina, fez elogios \u00e0 vereadora e pediu desculpas: \u201cSe eu te magoei, n\u00e3o foi minha inten\u00e7\u00e3o.\u201d<\/p>\n<p>Fonte: O POPULAR<br \/>\n<\/p>\n","protected":false},"excerpt":{"rendered":"<p>Obrigada a retirar candidatura para a sigla apoiar Maguito Vilela (MDB), ela se diz tra\u00edda pela executiva do PL e pela deputada Magda Mofatto, respons\u00e1vel por sua filia\u00e7\u00e3o \u201cEu fui sabotada pela executiva do partido, por meio do Fl\u00e1vio Canedo e pela mulher que tem o slogan \u2018mulher de palavra\u2019. Mas mulher de palavra s\u00f3<\/p>\n","protected":false},"author":2,"featured_media":11276,"comment_status":"open","ping_status":"open","sticky":false,"template":"","format":"standard","meta":{"footnotes":""},"categories":[27,22,26,23],"tags":[],"class_list":["post-11275","post","type-post","status-publish","format-standard","has-post-thumbnail","hentry","category-brasil","category-catalao","category-destaque","category-goias"],"yoast_head":"<!-- This site is optimized with the Yoast SEO plugin v25.8 - https:\/\/yoast.com\/wordpress\/plugins\/seo\/ -->\n<title>\u2018Fui sabotada por quem se diz mulher de palavra\u2019, diz vereadora Cristina - Jornal Ultimos Acontecimentos<\/title>\n<meta name=\"robots\" content=\"index, follow, max-snippet:-1, max-image-preview:large, max-video-preview:-1\" \/>\n<link rel=\"canonical\" href=\"https:\/\/juacontecimentos.com.br\/site\/fui-sabotada-por-quem-se-diz-mulher-de-palavra-diz-vereadora-cristina\/\" \/>\n<meta property=\"og:locale\" content=\"pt_BR\" \/>\n<meta property=\"og:type\" content=\"article\" \/>\n<meta property=\"og:title\" content=\"\u2018Fui sabotada por quem se diz mulher de palavra\u2019, diz vereadora Cristina - Jornal Ultimos Acontecimentos\" \/>\n<meta property=\"og:description\" content=\"Obrigada a retirar candidatura para a sigla apoiar Maguito Vilela (MDB), ela se diz tra\u00edda pela executiva do PL e pela deputada Magda Mofatto, respons\u00e1vel por sua filia\u00e7\u00e3o \u201cEu fui sabotada pela executiva do partido, por meio do Fl\u00e1vio Canedo e pela mulher que tem o slogan \u2018mulher de palavra\u2019. Mas mulher de palavra s\u00f3\" \/>\n<meta property=\"og:url\" content=\"https:\/\/juacontecimentos.com.br\/site\/fui-sabotada-por-quem-se-diz-mulher-de-palavra-diz-vereadora-cristina\/\" \/>\n<meta property=\"og:site_name\" content=\"Jornal Ultimos Acontecimentos\" \/>\n<meta property=\"article:publisher\" content=\"https:\/\/www.facebook.com\/jultimosacontecimentos\/\" \/>\n<meta property=\"article:published_time\" content=\"2020-09-18T08:04:44+00:00\" \/>\n<meta property=\"article:modified_time\" content=\"2020-09-18T08:06:13+00:00\" \/>\n<meta property=\"og:image\" content=\"https:\/\/juacontecimentos.com.br\/site\/wp-content\/uploads\/2020\/09\/image-3.jpg\" \/>\n\t<meta property=\"og:image:width\" content=\"800\" \/>\n\t<meta property=\"og:image:height\" content=\"533\" \/>\n\t<meta property=\"og:image:type\" content=\"image\/jpeg\" \/>\n<meta name=\"author\" content=\"Reginaldo Ribeiro\" \/>\n<meta name=\"twitter:card\" content=\"summary_large_image\" \/>\n<meta name=\"twitter:label1\" content=\"Escrito por\" \/>\n\t<meta name=\"twitter:data1\" content=\"Reginaldo Ribeiro\" \/>\n\t<meta name=\"twitter:label2\" content=\"Est. tempo de leitura\" \/>\n\t<meta name=\"twitter:data2\" content=\"5 minutos\" \/>\n<script type=\"application\/ld+json\" class=\"yoast-schema-graph\">{\"@context\":\"https:\/\/schema.org\",\"@graph\":[{\"@type\":\"Article\",\"@id\":\"https:\/\/juacontecimentos.com.br\/site\/fui-sabotada-por-quem-se-diz-mulher-de-palavra-diz-vereadora-cristina\/#article\",\"isPartOf\":{\"@id\":\"https:\/\/juacontecimentos.com.br\/site\/fui-sabotada-por-quem-se-diz-mulher-de-palavra-diz-vereadora-cristina\/\"},\"author\":{\"name\":\"Reginaldo Ribeiro\",\"@id\":\"https:\/\/juacontecimentos.com.br\/site\/#\/schema\/person\/082a54e6d3fdd7a633291428521c9669\"},\"headline\":\"\u2018Fui sabotada por quem se diz mulher de palavra\u2019, diz vereadora Cristina\",\"datePublished\":\"2020-09-18T08:04:44+00:00\",\"dateModified\":\"2020-09-18T08:06:13+00:00\",\"mainEntityOfPage\":{\"@id\":\"https:\/\/juacontecimentos.com.br\/site\/fui-sabotada-por-quem-se-diz-mulher-de-palavra-diz-vereadora-cristina\/\"},\"wordCount\":930,\"commentCount\":0,\"publisher\":{\"@id\":\"https:\/\/juacontecimentos.com.br\/site\/#organization\"},\"image\":{\"@id\":\"https:\/\/juacontecimentos.com.br\/site\/fui-sabotada-por-quem-se-diz-mulher-de-palavra-diz-vereadora-cristina\/#primaryimage\"},\"thumbnailUrl\":\"https:\/\/juacontecimentos.com.br\/site\/wp-content\/uploads\/2020\/09\/image-3.jpg\",\"articleSection\":[\"Brasil\",\"Catal\u00e3o\",\"Destaque\",\"Goi\u00e1s\"],\"inLanguage\":\"pt-BR\"},{\"@type\":\"WebPage\",\"@id\":\"https:\/\/juacontecimentos.com.br\/site\/fui-sabotada-por-quem-se-diz-mulher-de-palavra-diz-vereadora-cristina\/\",\"url\":\"https:\/\/juacontecimentos.com.br\/site\/fui-sabotada-por-quem-se-diz-mulher-de-palavra-diz-vereadora-cristina\/\",\"name\":\"\u2018Fui sabotada por quem se diz mulher de palavra\u2019, diz vereadora Cristina - Jornal Ultimos Acontecimentos\",\"isPartOf\":{\"@id\":\"https:\/\/juacontecimentos.com.br\/site\/#website\"},\"primaryImageOfPage\":{\"@id\":\"https:\/\/juacontecimentos.com.br\/site\/fui-sabotada-por-quem-se-diz-mulher-de-palavra-diz-vereadora-cristina\/#primaryimage\"},\"image\":{\"@id\":\"https:\/\/juacontecimentos.com.br\/site\/fui-sabotada-por-quem-se-diz-mulher-de-palavra-diz-vereadora-cristina\/#primaryimage\"},\"thumbnailUrl\":\"https:\/\/juacontecimentos.com.br\/site\/wp-content\/uploads\/2020\/09\/image-3.jpg\",\"datePublished\":\"2020-09-18T08:04:44+00:00\",\"dateModified\":\"2020-09-18T08:06:13+00:00\",\"breadcrumb\":{\"@id\":\"https:\/\/juacontecimentos.com.br\/site\/fui-sabotada-por-quem-se-diz-mulher-de-palavra-diz-vereadora-cristina\/#breadcrumb\"},\"inLanguage\":\"pt-BR\",\"potentialAction\":[{\"@type\":\"ReadAction\",\"target\":[\"https:\/\/juacontecimentos.com.br\/site\/fui-sabotada-por-quem-se-diz-mulher-de-palavra-diz-vereadora-cristina\/\"]}]},{\"@type\":\"ImageObject\",\"inLanguage\":\"pt-BR\",\"@id\":\"https:\/\/juacontecimentos.com.br\/site\/fui-sabotada-por-quem-se-diz-mulher-de-palavra-diz-vereadora-cristina\/#primaryimage\",\"url\":\"https:\/\/juacontecimentos.com.br\/site\/wp-content\/uploads\/2020\/09\/image-3.jpg\",\"contentUrl\":\"https:\/\/juacontecimentos.com.br\/site\/wp-content\/uploads\/2020\/09\/image-3.jpg\",\"width\":800,\"height\":533},{\"@type\":\"BreadcrumbList\",\"@id\":\"https:\/\/juacontecimentos.com.br\/site\/fui-sabotada-por-quem-se-diz-mulher-de-palavra-diz-vereadora-cristina\/#breadcrumb\",\"itemListElement\":[{\"@type\":\"ListItem\",\"position\":1,\"name\":\"In\u00edcio\",\"item\":\"https:\/\/juacontecimentos.com.br\/site\/\"},{\"@type\":\"ListItem\",\"position\":2,\"name\":\"\u2018Fui sabotada por quem se diz mulher de palavra\u2019, diz vereadora Cristina\"}]},{\"@type\":\"WebSite\",\"@id\":\"https:\/\/juacontecimentos.com.br\/site\/#website\",\"url\":\"https:\/\/juacontecimentos.com.br\/site\/\",\"name\":\"Jornal Ultimos Acontecimentos\",\"description\":\"Catal\u00e3o e regi\u00e3o\",\"publisher\":{\"@id\":\"https:\/\/juacontecimentos.com.br\/site\/#organization\"},\"potentialAction\":[{\"@type\":\"SearchAction\",\"target\":{\"@type\":\"EntryPoint\",\"urlTemplate\":\"https:\/\/juacontecimentos.com.br\/site\/?s={search_term_string}\"},\"query-input\":{\"@type\":\"PropertyValueSpecification\",\"valueRequired\":true,\"valueName\":\"search_term_string\"}}],\"inLanguage\":\"pt-BR\"},{\"@type\":\"Organization\",\"@id\":\"https:\/\/juacontecimentos.com.br\/site\/#organization\",\"name\":\"Jornal Ultimos Acontecimentos\",\"url\":\"https:\/\/juacontecimentos.com.br\/site\/\",\"logo\":{\"@type\":\"ImageObject\",\"inLanguage\":\"pt-BR\",\"@id\":\"https:\/\/juacontecimentos.com.br\/site\/#\/schema\/logo\/image\/\",\"url\":\"https:\/\/juacontecimentos.com.br\/site\/wp-content\/uploads\/2023\/04\/Logo_Site.png\",\"contentUrl\":\"https:\/\/juacontecimentos.com.br\/site\/wp-content\/uploads\/2023\/04\/Logo_Site.png\",\"width\":2476,\"height\":530,\"caption\":\"Jornal Ultimos Acontecimentos\"},\"image\":{\"@id\":\"https:\/\/juacontecimentos.com.br\/site\/#\/schema\/logo\/image\/\"},\"sameAs\":[\"https:\/\/www.facebook.com\/jultimosacontecimentos\/\"]},{\"@type\":\"Person\",\"@id\":\"https:\/\/juacontecimentos.com.br\/site\/#\/schema\/person\/082a54e6d3fdd7a633291428521c9669\",\"name\":\"Reginaldo Ribeiro\",\"image\":{\"@type\":\"ImageObject\",\"inLanguage\":\"pt-BR\",\"@id\":\"https:\/\/juacontecimentos.com.br\/site\/#\/schema\/person\/image\/\",\"url\":\"https:\/\/secure.gravatar.com\/avatar\/5c16c6837c3490270a74d888c2a845728f06bdde1f8761de1de1d1d1ef82d12f?s=96&d=mm&r=g\",\"contentUrl\":\"https:\/\/secure.gravatar.com\/avatar\/5c16c6837c3490270a74d888c2a845728f06bdde1f8761de1de1d1d1ef82d12f?s=96&d=mm&r=g\",\"caption\":\"Reginaldo Ribeiro\"}}]}<\/script>\n<!-- \/ Yoast SEO plugin. -->","yoast_head_json":{"title":"\u2018Fui sabotada por quem se diz mulher de palavra\u2019, diz vereadora Cristina - Jornal Ultimos Acontecimentos","robots":{"index":"index","follow":"follow","max-snippet":"max-snippet:-1","max-image-preview":"max-image-preview:large","max-video-preview":"max-video-preview:-1"},"canonical":"https:\/\/juacontecimentos.com.br\/site\/fui-sabotada-por-quem-se-diz-mulher-de-palavra-diz-vereadora-cristina\/","og_locale":"pt_BR","og_type":"article","og_title":"\u2018Fui sabotada por quem se diz mulher de palavra\u2019, diz vereadora Cristina - Jornal Ultimos Acontecimentos","og_description":"Obrigada a retirar candidatura para a sigla apoiar Maguito Vilela (MDB), ela se diz tra\u00edda pela executiva do PL e pela deputada Magda Mofatto, respons\u00e1vel por sua filia\u00e7\u00e3o \u201cEu fui sabotada pela executiva do partido, por meio do Fl\u00e1vio Canedo e pela mulher que tem o slogan \u2018mulher de palavra\u2019. Mas mulher de palavra s\u00f3","og_url":"https:\/\/juacontecimentos.com.br\/site\/fui-sabotada-por-quem-se-diz-mulher-de-palavra-diz-vereadora-cristina\/","og_site_name":"Jornal Ultimos Acontecimentos","article_publisher":"https:\/\/www.facebook.com\/jultimosacontecimentos\/","article_published_time":"2020-09-18T08:04:44+00:00","article_modified_time":"2020-09-18T08:06:13+00:00","og_image":[{"width":800,"height":533,"url":"https:\/\/juacontecimentos.com.br\/site\/wp-content\/uploads\/2020\/09\/image-3.jpg","type":"image\/jpeg"}],"author":"Reginaldo Ribeiro","twitter_card":"summary_large_image","twitter_misc":{"Escrito por":"Reginaldo Ribeiro","Est. tempo de leitura":"5 minutos"},"schema":{"@context":"https:\/\/schema.org","@graph":[{"@type":"Article","@id":"https:\/\/juacontecimentos.com.br\/site\/fui-sabotada-por-quem-se-diz-mulher-de-palavra-diz-vereadora-cristina\/#article","isPartOf":{"@id":"https:\/\/juacontecimentos.com.br\/site\/fui-sabotada-por-quem-se-diz-mulher-de-palavra-diz-vereadora-cristina\/"},"author":{"name":"Reginaldo Ribeiro","@id":"https:\/\/juacontecimentos.com.br\/site\/#\/schema\/person\/082a54e6d3fdd7a633291428521c9669"},"headline":"\u2018Fui sabotada por quem se diz mulher de palavra\u2019, diz vereadora Cristina","datePublished":"2020-09-18T08:04:44+00:00","dateModified":"2020-09-18T08:06:13+00:00","mainEntityOfPage":{"@id":"https:\/\/juacontecimentos.com.br\/site\/fui-sabotada-por-quem-se-diz-mulher-de-palavra-diz-vereadora-cristina\/"},"wordCount":930,"commentCount":0,"publisher":{"@id":"https:\/\/juacontecimentos.com.br\/site\/#organization"},"image":{"@id":"https:\/\/juacontecimentos.com.br\/site\/fui-sabotada-por-quem-se-diz-mulher-de-palavra-diz-vereadora-cristina\/#primaryimage"},"thumbnailUrl":"https:\/\/juacontecimentos.com.br\/site\/wp-content\/uploads\/2020\/09\/image-3.jpg","articleSection":["Brasil","Catal\u00e3o","Destaque","Goi\u00e1s"],"inLanguage":"pt-BR"},{"@type":"WebPage","@id":"https:\/\/juacontecimentos.com.br\/site\/fui-sabotada-por-quem-se-diz-mulher-de-palavra-diz-vereadora-cristina\/","url":"https:\/\/juacontecimentos.com.br\/site\/fui-sabotada-por-quem-se-diz-mulher-de-palavra-diz-vereadora-cristina\/","name":"\u2018Fui sabotada por quem se diz mulher de palavra\u2019, diz vereadora Cristina - Jornal Ultimos Acontecimentos","isPartOf":{"@id":"https:\/\/juacontecimentos.com.br\/site\/#website"},"primaryImageOfPage":{"@id":"https:\/\/juacontecimentos.com.br\/site\/fui-sabotada-por-quem-se-diz-mulher-de-palavra-diz-vereadora-cristina\/#primaryimage"},"image":{"@id":"https:\/\/juacontecimentos.com.br\/site\/fui-sabotada-por-quem-se-diz-mulher-de-palavra-diz-vereadora-cristina\/#primaryimage"},"thumbnailUrl":"https:\/\/juacontecimentos.com.br\/site\/wp-content\/uploads\/2020\/09\/image-3.jpg","datePublished":"2020-09-18T08:04:44+00:00","dateModified":"2020-09-18T08:06:13+00:00","breadcrumb":{"@id":"https:\/\/juacontecimentos.com.br\/site\/fui-sabotada-por-quem-se-diz-mulher-de-palavra-diz-vereadora-cristina\/#breadcrumb"},"inLanguage":"pt-BR","potentialAction":[{"@type":"ReadAction","target":["https:\/\/juacontecimentos.com.br\/site\/fui-sabotada-por-quem-se-diz-mulher-de-palavra-diz-vereadora-cristina\/"]}]},{"@type":"ImageObject","inLanguage":"pt-BR","@id":"https:\/\/juacontecimentos.com.br\/site\/fui-sabotada-por-quem-se-diz-mulher-de-palavra-diz-vereadora-cristina\/#primaryimage","url":"https:\/\/juacontecimentos.com.br\/site\/wp-content\/uploads\/2020\/09\/image-3.jpg","contentUrl":"https:\/\/juacontecimentos.com.br\/site\/wp-content\/uploads\/2020\/09\/image-3.jpg","width":800,"height":533},{"@type":"BreadcrumbList","@id":"https:\/\/juacontecimentos.com.br\/site\/fui-sabotada-por-quem-se-diz-mulher-de-palavra-diz-vereadora-cristina\/#breadcrumb","itemListElement":[{"@type":"ListItem","position":1,"name":"In\u00edcio","item":"https:\/\/juacontecimentos.com.br\/site\/"},{"@type":"ListItem","position":2,"name":"\u2018Fui sabotada por quem se diz mulher de palavra\u2019, diz vereadora Cristina"}]},{"@type":"WebSite","@id":"https:\/\/juacontecimentos.com.br\/site\/#website","url":"https:\/\/juacontecimentos.com.br\/site\/","name":"Jornal Ultimos Acontecimentos","description":"Catal\u00e3o e regi\u00e3o","publisher":{"@id":"https:\/\/juacontecimentos.com.br\/site\/#organization"},"potentialAction":[{"@type":"SearchAction","target":{"@type":"EntryPoint","urlTemplate":"https:\/\/juacontecimentos.com.br\/site\/?s={search_term_string}"},"query-input":{"@type":"PropertyValueSpecification","valueRequired":true,"valueName":"search_term_string"}}],"inLanguage":"pt-BR"},{"@type":"Organization","@id":"https:\/\/juacontecimentos.com.br\/site\/#organization","name":"Jornal Ultimos Acontecimentos","url":"https:\/\/juacontecimentos.com.br\/site\/","logo":{"@type":"ImageObject","inLanguage":"pt-BR","@id":"https:\/\/juacontecimentos.com.br\/site\/#\/schema\/logo\/image\/","url":"https:\/\/juacontecimentos.com.br\/site\/wp-content\/uploads\/2023\/04\/Logo_Site.png","contentUrl":"https:\/\/juacontecimentos.com.br\/site\/wp-content\/uploads\/2023\/04\/Logo_Site.png","width":2476,"height":530,"caption":"Jornal Ultimos Acontecimentos"},"image":{"@id":"https:\/\/juacontecimentos.com.br\/site\/#\/schema\/logo\/image\/"},"sameAs":["https:\/\/www.facebook.com\/jultimosacontecimentos\/"]},{"@type":"Person","@id":"https:\/\/juacontecimentos.com.br\/site\/#\/schema\/person\/082a54e6d3fdd7a633291428521c9669","name":"Reginaldo Ribeiro","image":{"@type":"ImageObject","inLanguage":"pt-BR","@id":"https:\/\/juacontecimentos.com.br\/site\/#\/schema\/person\/image\/","url":"https:\/\/secure.gravatar.com\/avatar\/5c16c6837c3490270a74d888c2a845728f06bdde1f8761de1de1d1d1ef82d12f?s=96&d=mm&r=g","contentUrl":"https:\/\/secure.gravatar.com\/avatar\/5c16c6837c3490270a74d888c2a845728f06bdde1f8761de1de1d1d1ef82d12f?s=96&d=mm&r=g","caption":"Reginaldo Ribeiro"}}]}},"_links":{"self":[{"href":"https:\/\/juacontecimentos.com.br\/site\/wp-json\/wp\/v2\/posts\/11275","targetHints":{"allow":["GET"]}}],"collection":[{"href":"https:\/\/juacontecimentos.com.br\/site\/wp-json\/wp\/v2\/posts"}],"about":[{"href":"https:\/\/juacontecimentos.com.br\/site\/wp-json\/wp\/v2\/types\/post"}],"author":[{"embeddable":true,"href":"https:\/\/juacontecimentos.com.br\/site\/wp-json\/wp\/v2\/users\/2"}],"replies":[{"embeddable":true,"href":"https:\/\/juacontecimentos.com.br\/site\/wp-json\/wp\/v2\/comments?post=11275"}],"version-history":[{"count":3,"href":"https:\/\/juacontecimentos.com.br\/site\/wp-json\/wp\/v2\/posts\/11275\/revisions"}],"predecessor-version":[{"id":11279,"href":"https:\/\/juacontecimentos.com.br\/site\/wp-json\/wp\/v2\/posts\/11275\/revisions\/11279"}],"wp:featuredmedia":[{"embeddable":true,"href":"https:\/\/juacontecimentos.com.br\/site\/wp-json\/wp\/v2\/media\/11276"}],"wp:attachment":[{"href":"https:\/\/juacontecimentos.com.br\/site\/wp-json\/wp\/v2\/media?parent=11275"}],"wp:term":[{"taxonomy":"category","embeddable":true,"href":"https:\/\/juacontecimentos.com.br\/site\/wp-json\/wp\/v2\/categories?post=11275"},{"taxonomy":"post_tag","embeddable":true,"href":"https:\/\/juacontecimentos.com.br\/site\/wp-json\/wp\/v2\/tags?post=11275"}],"curies":[{"name":"wp","href":"https:\/\/api.w.org\/{rel}","templated":true}]}}