{"id":11591,"date":"2020-10-14T13:11:14","date_gmt":"2020-10-14T16:11:14","guid":{"rendered":"http:\/\/juacontecimentos.com.br\/site\/?p=11591"},"modified":"2020-10-14T13:11:14","modified_gmt":"2020-10-14T16:11:14","slug":"corrupcao-acomodacao-e-paralisia-permanencia-de-um-mesmo-grupo-politico-no-poder-esta-destruindo-catalao","status":"publish","type":"post","link":"https:\/\/juacontecimentos.com.br\/site\/corrupcao-acomodacao-e-paralisia-permanencia-de-um-mesmo-grupo-politico-no-poder-esta-destruindo-catalao\/","title":{"rendered":"*Corrup\u00e7\u00e3o, acomoda\u00e7\u00e3o e paralisia: a perman\u00eancia de um mesmo grupo pol\u00edtico no poder est\u00e1 destruindo Catal\u00e3o*"},"content":{"rendered":"<div>Em Catal\u00e3o, as urnas v\u00e3o mostrar de novo a estampa desgastada de Adib Elias, que com dificuldades tenta explicar o fato de ele querer o seu quarto mandato de prefeito. A possibilidade de Adib ser eleito por mais quatro anos preocupa. A perman\u00eancia prolongada de um grupo pol\u00edtico no poder gera consequ\u00eancias negativas. A primeira delas \u00e9 a corrup\u00e7\u00e3o. Com o passar dos anos, o grupo descobre maneiras de adaptar o funcionamento da prefeitura &#8211; cuja arrecada\u00e7\u00e3o chega a R$ 1 milh\u00e3o por dia &#8211; a interesses pessoais, que se afastam da boa pr\u00e1tica da governan\u00e7a.<\/div>\n<div><\/div>\n<div>\u00c9 f\u00e1cil observar como o padr\u00e3o de vida de pol\u00edticos e auxiliares que gravitam em torno do prefeito melhorou desde 2000, ano em que Adib conquistou, pela primeira vez, o direito de ocupar a cadeira de chefe do poder Executivo municipal. S\u00e3o fazendas, caminhonetes caras e empresas que, impl\u00edcita ou explicitamente, beneficiam-se com a manuten\u00e7\u00e3o do grupo de Adib no poder. A perman\u00eancia prolongada destas mesmas pessoas na prefeitura provoca o enraizamento destas pr\u00e1ticas. E, com o passar o tempo, fica cada vez mais dif\u00edcil interromper esse estado de coisas que fere a impessoalidade e a transpar\u00eancia da gest\u00e3o.<\/div>\n<div><\/div>\n<div>A segunda consequ\u00eancia negativa \u00e9 aridez de ideias e propostas que decorre da perman\u00eancia prolongada no poder. Imagine que voc\u00ea trabalha no mesmo lugar, na mesma sala, sentado \u00e0 mesma mesa por 16 ou 20 anos. Ainda que tenha apego pelo lugar, pelo cargo e principalmente pelas benesses que o cargo oferece, a motiva\u00e7\u00e3o n\u00e3o ser\u00e1 a mesma. Com o passar dos anos, extinguem-se a vontade de fazer mais, a determina\u00e7\u00e3o de fazer melhor, a ousadia de buscar experi\u00eancias bem sucedidas pelo mundo e de adapt\u00e1-las \u00e0 realidade local com vistas a melhorar os resultados. O trabalho se torna modorrento. \u00c9 grave quando isso acontece na administra\u00e7\u00e3o p\u00fablica, porque a acomoda\u00e7\u00e3o de um prefeito pode at\u00e9 matar um de seus governados, como \u00e9 o caso da neglig\u00eancia com a sa\u00fade p\u00fablica.<\/div>\n<div><\/div>\n<div>Nota-se claramente que esse processo j\u00e1 come\u00e7ou em Catal\u00e3o. Antes, muitas empresas e ind\u00fastrias, como a Mitsubishi e a John Deere, faziam quest\u00e3o de construir e investir na cidade. O PIB tamb\u00e9m caiu e aquele ciclo de prosperidade acabou. O distrito industrial virou mato, literalmente. A rede de sa\u00fade padece com a falta de esfor\u00e7os para colocar em funcionamento o Hospital Materno e a Santa Casa. Os bairros perif\u00e9ricos est\u00e3o em processo de faveliza\u00e7\u00e3o. Falta \u00e1gua at\u00e9 quando chove. E n\u00e3o se v\u00ea absolutamente nada de novo que encha os olhos dos catalanos e que fa\u00e7a as pessoas acreditarem que o prefeito ainda tem aquela vontade de arrega\u00e7ar as mangas para trabalhar.<\/div>\n<div><\/div>\n<div>O que Catal\u00e3o precisa \u00e9 de respirar novos ares. Permitir que novas pessoas implementem novas ideias. A altern\u00e2ncia pol\u00edtica na prefeitura vai impedir o enraizamento de pr\u00e1ticas nada republicanas e trazer mudan\u00e7as que a cidade precisa. N\u00e3o \u00e9 poss\u00edvel que s\u00f3 uma pessoa consiga governar a cidade. E tamb\u00e9m n\u00e3o \u00e9 poss\u00edvel que a cidade seja ainda ref\u00e9m da velha briga entre Adib Elias e Jardel Sebba (agora representado pelo filho Gustavo).<\/div>\n<div><\/div>\n<div>Para renovar a pol\u00edtica de Catal\u00e3o \u00e9 preciso muito mais do que fazer implante de cabelo e encharcar o rosto de botox. \u00c9 necess\u00e1rio novas pessoas, novas ideias e, sobretudo, novos m\u00e9todos de gest\u00e3o.<\/div>\n<div><\/div>\n<div>Os jovens que nasceram depois de 2000 nunca tiveram a oportunidade de vivenciar nada de diferente do que h\u00e1 tanto tempo est\u00e1 a\u00ed. Infelizmente, n\u00e3o h\u00e1 como enxergar essa realidade como sendo algo saud\u00e1vel para Catal\u00e3o.<\/div>\n<div>Fonte: ASCOM \/ Elder Galdino<\/div>\n<p><\/p>\n","protected":false},"excerpt":{"rendered":"<p>Em Catal\u00e3o, as urnas v\u00e3o mostrar de novo a estampa desgastada de Adib Elias, que com dificuldades tenta explicar o fato de ele querer o seu quarto mandato de prefeito. A possibilidade de Adib ser eleito por mais quatro anos preocupa. A perman\u00eancia prolongada de um grupo pol\u00edtico no poder gera consequ\u00eancias negativas. A primeira<\/p>\n","protected":false},"author":2,"featured_media":11592,"comment_status":"open","ping_status":"open","sticky":false,"template":"","format":"standard","meta":{"footnotes":""},"categories":[27,22,26,23],"tags":[],"class_list":["post-11591","post","type-post","status-publish","format-standard","has-post-thumbnail","hentry","category-brasil","category-catalao","category-destaque","category-goias"],"yoast_head":"<!-- This site is optimized with the Yoast SEO plugin v25.8 - https:\/\/yoast.com\/wordpress\/plugins\/seo\/ -->\n<title>*Corrup\u00e7\u00e3o, acomoda\u00e7\u00e3o e paralisia: a perman\u00eancia de um mesmo grupo pol\u00edtico no poder est\u00e1 destruindo Catal\u00e3o* - Jornal Ultimos Acontecimentos<\/title>\n<meta name=\"robots\" content=\"index, follow, max-snippet:-1, max-image-preview:large, max-video-preview:-1\" \/>\n<link rel=\"canonical\" href=\"https:\/\/juacontecimentos.com.br\/site\/corrupcao-acomodacao-e-paralisia-permanencia-de-um-mesmo-grupo-politico-no-poder-esta-destruindo-catalao\/\" \/>\n<meta property=\"og:locale\" content=\"pt_BR\" \/>\n<meta property=\"og:type\" content=\"article\" \/>\n<meta property=\"og:title\" content=\"*Corrup\u00e7\u00e3o, acomoda\u00e7\u00e3o e paralisia: a perman\u00eancia de um mesmo grupo pol\u00edtico no poder est\u00e1 destruindo Catal\u00e3o* - Jornal Ultimos Acontecimentos\" \/>\n<meta property=\"og:description\" content=\"Em Catal\u00e3o, as urnas v\u00e3o mostrar de novo a estampa desgastada de Adib Elias, que com dificuldades tenta explicar o fato de ele querer o seu quarto mandato de prefeito. A possibilidade de Adib ser eleito por mais quatro anos preocupa. A perman\u00eancia prolongada de um grupo pol\u00edtico no poder gera consequ\u00eancias negativas. A primeira\" \/>\n<meta property=\"og:url\" content=\"https:\/\/juacontecimentos.com.br\/site\/corrupcao-acomodacao-e-paralisia-permanencia-de-um-mesmo-grupo-politico-no-poder-esta-destruindo-catalao\/\" \/>\n<meta property=\"og:site_name\" content=\"Jornal Ultimos Acontecimentos\" \/>\n<meta property=\"article:publisher\" content=\"https:\/\/www.facebook.com\/jultimosacontecimentos\/\" \/>\n<meta property=\"article:published_time\" content=\"2020-10-14T16:11:14+00:00\" \/>\n<meta property=\"og:image\" content=\"https:\/\/juacontecimentos.com.br\/site\/wp-content\/uploads\/2020\/10\/IMG-20201014-WA0104.jpg\" \/>\n\t<meta property=\"og:image:width\" content=\"357\" \/>\n\t<meta property=\"og:image:height\" content=\"239\" \/>\n\t<meta property=\"og:image:type\" content=\"image\/jpeg\" \/>\n<meta name=\"author\" content=\"Reginaldo Ribeiro\" \/>\n<meta name=\"twitter:card\" content=\"summary_large_image\" \/>\n<meta name=\"twitter:label1\" content=\"Escrito por\" \/>\n\t<meta name=\"twitter:data1\" content=\"Reginaldo Ribeiro\" \/>\n\t<meta name=\"twitter:label2\" content=\"Est. tempo de leitura\" \/>\n\t<meta name=\"twitter:data2\" content=\"3 minutos\" \/>\n<script type=\"application\/ld+json\" class=\"yoast-schema-graph\">{\"@context\":\"https:\/\/schema.org\",\"@graph\":[{\"@type\":\"Article\",\"@id\":\"https:\/\/juacontecimentos.com.br\/site\/corrupcao-acomodacao-e-paralisia-permanencia-de-um-mesmo-grupo-politico-no-poder-esta-destruindo-catalao\/#article\",\"isPartOf\":{\"@id\":\"https:\/\/juacontecimentos.com.br\/site\/corrupcao-acomodacao-e-paralisia-permanencia-de-um-mesmo-grupo-politico-no-poder-esta-destruindo-catalao\/\"},\"author\":{\"name\":\"Reginaldo Ribeiro\",\"@id\":\"https:\/\/juacontecimentos.com.br\/site\/#\/schema\/person\/082a54e6d3fdd7a633291428521c9669\"},\"headline\":\"*Corrup\u00e7\u00e3o, acomoda\u00e7\u00e3o e paralisia: a perman\u00eancia de um mesmo grupo pol\u00edtico no poder est\u00e1 destruindo Catal\u00e3o*\",\"datePublished\":\"2020-10-14T16:11:14+00:00\",\"mainEntityOfPage\":{\"@id\":\"https:\/\/juacontecimentos.com.br\/site\/corrupcao-acomodacao-e-paralisia-permanencia-de-um-mesmo-grupo-politico-no-poder-esta-destruindo-catalao\/\"},\"wordCount\":654,\"commentCount\":0,\"publisher\":{\"@id\":\"https:\/\/juacontecimentos.com.br\/site\/#organization\"},\"image\":{\"@id\":\"https:\/\/juacontecimentos.com.br\/site\/corrupcao-acomodacao-e-paralisia-permanencia-de-um-mesmo-grupo-politico-no-poder-esta-destruindo-catalao\/#primaryimage\"},\"thumbnailUrl\":\"https:\/\/juacontecimentos.com.br\/site\/wp-content\/uploads\/2020\/10\/IMG-20201014-WA0104.jpg\",\"articleSection\":[\"Brasil\",\"Catal\u00e3o\",\"Destaque\",\"Goi\u00e1s\"],\"inLanguage\":\"pt-BR\"},{\"@type\":\"WebPage\",\"@id\":\"https:\/\/juacontecimentos.com.br\/site\/corrupcao-acomodacao-e-paralisia-permanencia-de-um-mesmo-grupo-politico-no-poder-esta-destruindo-catalao\/\",\"url\":\"https:\/\/juacontecimentos.com.br\/site\/corrupcao-acomodacao-e-paralisia-permanencia-de-um-mesmo-grupo-politico-no-poder-esta-destruindo-catalao\/\",\"name\":\"*Corrup\u00e7\u00e3o, acomoda\u00e7\u00e3o e paralisia: a perman\u00eancia de um mesmo grupo pol\u00edtico no poder est\u00e1 destruindo Catal\u00e3o* - Jornal Ultimos Acontecimentos\",\"isPartOf\":{\"@id\":\"https:\/\/juacontecimentos.com.br\/site\/#website\"},\"primaryImageOfPage\":{\"@id\":\"https:\/\/juacontecimentos.com.br\/site\/corrupcao-acomodacao-e-paralisia-permanencia-de-um-mesmo-grupo-politico-no-poder-esta-destruindo-catalao\/#primaryimage\"},\"image\":{\"@id\":\"https:\/\/juacontecimentos.com.br\/site\/corrupcao-acomodacao-e-paralisia-permanencia-de-um-mesmo-grupo-politico-no-poder-esta-destruindo-catalao\/#primaryimage\"},\"thumbnailUrl\":\"https:\/\/juacontecimentos.com.br\/site\/wp-content\/uploads\/2020\/10\/IMG-20201014-WA0104.jpg\",\"datePublished\":\"2020-10-14T16:11:14+00:00\",\"breadcrumb\":{\"@id\":\"https:\/\/juacontecimentos.com.br\/site\/corrupcao-acomodacao-e-paralisia-permanencia-de-um-mesmo-grupo-politico-no-poder-esta-destruindo-catalao\/#breadcrumb\"},\"inLanguage\":\"pt-BR\",\"potentialAction\":[{\"@type\":\"ReadAction\",\"target\":[\"https:\/\/juacontecimentos.com.br\/site\/corrupcao-acomodacao-e-paralisia-permanencia-de-um-mesmo-grupo-politico-no-poder-esta-destruindo-catalao\/\"]}]},{\"@type\":\"ImageObject\",\"inLanguage\":\"pt-BR\",\"@id\":\"https:\/\/juacontecimentos.com.br\/site\/corrupcao-acomodacao-e-paralisia-permanencia-de-um-mesmo-grupo-politico-no-poder-esta-destruindo-catalao\/#primaryimage\",\"url\":\"https:\/\/juacontecimentos.com.br\/site\/wp-content\/uploads\/2020\/10\/IMG-20201014-WA0104.jpg\",\"contentUrl\":\"https:\/\/juacontecimentos.com.br\/site\/wp-content\/uploads\/2020\/10\/IMG-20201014-WA0104.jpg\",\"width\":357,\"height\":239},{\"@type\":\"BreadcrumbList\",\"@id\":\"https:\/\/juacontecimentos.com.br\/site\/corrupcao-acomodacao-e-paralisia-permanencia-de-um-mesmo-grupo-politico-no-poder-esta-destruindo-catalao\/#breadcrumb\",\"itemListElement\":[{\"@type\":\"ListItem\",\"position\":1,\"name\":\"In\u00edcio\",\"item\":\"https:\/\/juacontecimentos.com.br\/site\/\"},{\"@type\":\"ListItem\",\"position\":2,\"name\":\"*Corrup\u00e7\u00e3o, acomoda\u00e7\u00e3o e paralisia: a perman\u00eancia de um mesmo grupo pol\u00edtico no poder est\u00e1 destruindo Catal\u00e3o*\"}]},{\"@type\":\"WebSite\",\"@id\":\"https:\/\/juacontecimentos.com.br\/site\/#website\",\"url\":\"https:\/\/juacontecimentos.com.br\/site\/\",\"name\":\"Jornal Ultimos Acontecimentos\",\"description\":\"Catal\u00e3o e regi\u00e3o\",\"publisher\":{\"@id\":\"https:\/\/juacontecimentos.com.br\/site\/#organization\"},\"potentialAction\":[{\"@type\":\"SearchAction\",\"target\":{\"@type\":\"EntryPoint\",\"urlTemplate\":\"https:\/\/juacontecimentos.com.br\/site\/?s={search_term_string}\"},\"query-input\":{\"@type\":\"PropertyValueSpecification\",\"valueRequired\":true,\"valueName\":\"search_term_string\"}}],\"inLanguage\":\"pt-BR\"},{\"@type\":\"Organization\",\"@id\":\"https:\/\/juacontecimentos.com.br\/site\/#organization\",\"name\":\"Jornal Ultimos Acontecimentos\",\"url\":\"https:\/\/juacontecimentos.com.br\/site\/\",\"logo\":{\"@type\":\"ImageObject\",\"inLanguage\":\"pt-BR\",\"@id\":\"https:\/\/juacontecimentos.com.br\/site\/#\/schema\/logo\/image\/\",\"url\":\"https:\/\/juacontecimentos.com.br\/site\/wp-content\/uploads\/2023\/04\/Logo_Site.png\",\"contentUrl\":\"https:\/\/juacontecimentos.com.br\/site\/wp-content\/uploads\/2023\/04\/Logo_Site.png\",\"width\":2476,\"height\":530,\"caption\":\"Jornal Ultimos Acontecimentos\"},\"image\":{\"@id\":\"https:\/\/juacontecimentos.com.br\/site\/#\/schema\/logo\/image\/\"},\"sameAs\":[\"https:\/\/www.facebook.com\/jultimosacontecimentos\/\"]},{\"@type\":\"Person\",\"@id\":\"https:\/\/juacontecimentos.com.br\/site\/#\/schema\/person\/082a54e6d3fdd7a633291428521c9669\",\"name\":\"Reginaldo Ribeiro\",\"image\":{\"@type\":\"ImageObject\",\"inLanguage\":\"pt-BR\",\"@id\":\"https:\/\/juacontecimentos.com.br\/site\/#\/schema\/person\/image\/\",\"url\":\"https:\/\/secure.gravatar.com\/avatar\/5c16c6837c3490270a74d888c2a845728f06bdde1f8761de1de1d1d1ef82d12f?s=96&d=mm&r=g\",\"contentUrl\":\"https:\/\/secure.gravatar.com\/avatar\/5c16c6837c3490270a74d888c2a845728f06bdde1f8761de1de1d1d1ef82d12f?s=96&d=mm&r=g\",\"caption\":\"Reginaldo Ribeiro\"}}]}<\/script>\n<!-- \/ Yoast SEO plugin. -->","yoast_head_json":{"title":"*Corrup\u00e7\u00e3o, acomoda\u00e7\u00e3o e paralisia: a perman\u00eancia de um mesmo grupo pol\u00edtico no poder est\u00e1 destruindo Catal\u00e3o* - Jornal Ultimos Acontecimentos","robots":{"index":"index","follow":"follow","max-snippet":"max-snippet:-1","max-image-preview":"max-image-preview:large","max-video-preview":"max-video-preview:-1"},"canonical":"https:\/\/juacontecimentos.com.br\/site\/corrupcao-acomodacao-e-paralisia-permanencia-de-um-mesmo-grupo-politico-no-poder-esta-destruindo-catalao\/","og_locale":"pt_BR","og_type":"article","og_title":"*Corrup\u00e7\u00e3o, acomoda\u00e7\u00e3o e paralisia: a perman\u00eancia de um mesmo grupo pol\u00edtico no poder est\u00e1 destruindo Catal\u00e3o* - Jornal Ultimos Acontecimentos","og_description":"Em Catal\u00e3o, as urnas v\u00e3o mostrar de novo a estampa desgastada de Adib Elias, que com dificuldades tenta explicar o fato de ele querer o seu quarto mandato de prefeito. A possibilidade de Adib ser eleito por mais quatro anos preocupa. A perman\u00eancia prolongada de um grupo pol\u00edtico no poder gera consequ\u00eancias negativas. A primeira","og_url":"https:\/\/juacontecimentos.com.br\/site\/corrupcao-acomodacao-e-paralisia-permanencia-de-um-mesmo-grupo-politico-no-poder-esta-destruindo-catalao\/","og_site_name":"Jornal Ultimos Acontecimentos","article_publisher":"https:\/\/www.facebook.com\/jultimosacontecimentos\/","article_published_time":"2020-10-14T16:11:14+00:00","og_image":[{"width":357,"height":239,"url":"https:\/\/juacontecimentos.com.br\/site\/wp-content\/uploads\/2020\/10\/IMG-20201014-WA0104.jpg","type":"image\/jpeg"}],"author":"Reginaldo Ribeiro","twitter_card":"summary_large_image","twitter_misc":{"Escrito por":"Reginaldo Ribeiro","Est. tempo de leitura":"3 minutos"},"schema":{"@context":"https:\/\/schema.org","@graph":[{"@type":"Article","@id":"https:\/\/juacontecimentos.com.br\/site\/corrupcao-acomodacao-e-paralisia-permanencia-de-um-mesmo-grupo-politico-no-poder-esta-destruindo-catalao\/#article","isPartOf":{"@id":"https:\/\/juacontecimentos.com.br\/site\/corrupcao-acomodacao-e-paralisia-permanencia-de-um-mesmo-grupo-politico-no-poder-esta-destruindo-catalao\/"},"author":{"name":"Reginaldo Ribeiro","@id":"https:\/\/juacontecimentos.com.br\/site\/#\/schema\/person\/082a54e6d3fdd7a633291428521c9669"},"headline":"*Corrup\u00e7\u00e3o, acomoda\u00e7\u00e3o e paralisia: a perman\u00eancia de um mesmo grupo pol\u00edtico no poder est\u00e1 destruindo Catal\u00e3o*","datePublished":"2020-10-14T16:11:14+00:00","mainEntityOfPage":{"@id":"https:\/\/juacontecimentos.com.br\/site\/corrupcao-acomodacao-e-paralisia-permanencia-de-um-mesmo-grupo-politico-no-poder-esta-destruindo-catalao\/"},"wordCount":654,"commentCount":0,"publisher":{"@id":"https:\/\/juacontecimentos.com.br\/site\/#organization"},"image":{"@id":"https:\/\/juacontecimentos.com.br\/site\/corrupcao-acomodacao-e-paralisia-permanencia-de-um-mesmo-grupo-politico-no-poder-esta-destruindo-catalao\/#primaryimage"},"thumbnailUrl":"https:\/\/juacontecimentos.com.br\/site\/wp-content\/uploads\/2020\/10\/IMG-20201014-WA0104.jpg","articleSection":["Brasil","Catal\u00e3o","Destaque","Goi\u00e1s"],"inLanguage":"pt-BR"},{"@type":"WebPage","@id":"https:\/\/juacontecimentos.com.br\/site\/corrupcao-acomodacao-e-paralisia-permanencia-de-um-mesmo-grupo-politico-no-poder-esta-destruindo-catalao\/","url":"https:\/\/juacontecimentos.com.br\/site\/corrupcao-acomodacao-e-paralisia-permanencia-de-um-mesmo-grupo-politico-no-poder-esta-destruindo-catalao\/","name":"*Corrup\u00e7\u00e3o, acomoda\u00e7\u00e3o e paralisia: a perman\u00eancia de um mesmo grupo pol\u00edtico no poder est\u00e1 destruindo Catal\u00e3o* - Jornal Ultimos Acontecimentos","isPartOf":{"@id":"https:\/\/juacontecimentos.com.br\/site\/#website"},"primaryImageOfPage":{"@id":"https:\/\/juacontecimentos.com.br\/site\/corrupcao-acomodacao-e-paralisia-permanencia-de-um-mesmo-grupo-politico-no-poder-esta-destruindo-catalao\/#primaryimage"},"image":{"@id":"https:\/\/juacontecimentos.com.br\/site\/corrupcao-acomodacao-e-paralisia-permanencia-de-um-mesmo-grupo-politico-no-poder-esta-destruindo-catalao\/#primaryimage"},"thumbnailUrl":"https:\/\/juacontecimentos.com.br\/site\/wp-content\/uploads\/2020\/10\/IMG-20201014-WA0104.jpg","datePublished":"2020-10-14T16:11:14+00:00","breadcrumb":{"@id":"https:\/\/juacontecimentos.com.br\/site\/corrupcao-acomodacao-e-paralisia-permanencia-de-um-mesmo-grupo-politico-no-poder-esta-destruindo-catalao\/#breadcrumb"},"inLanguage":"pt-BR","potentialAction":[{"@type":"ReadAction","target":["https:\/\/juacontecimentos.com.br\/site\/corrupcao-acomodacao-e-paralisia-permanencia-de-um-mesmo-grupo-politico-no-poder-esta-destruindo-catalao\/"]}]},{"@type":"ImageObject","inLanguage":"pt-BR","@id":"https:\/\/juacontecimentos.com.br\/site\/corrupcao-acomodacao-e-paralisia-permanencia-de-um-mesmo-grupo-politico-no-poder-esta-destruindo-catalao\/#primaryimage","url":"https:\/\/juacontecimentos.com.br\/site\/wp-content\/uploads\/2020\/10\/IMG-20201014-WA0104.jpg","contentUrl":"https:\/\/juacontecimentos.com.br\/site\/wp-content\/uploads\/2020\/10\/IMG-20201014-WA0104.jpg","width":357,"height":239},{"@type":"BreadcrumbList","@id":"https:\/\/juacontecimentos.com.br\/site\/corrupcao-acomodacao-e-paralisia-permanencia-de-um-mesmo-grupo-politico-no-poder-esta-destruindo-catalao\/#breadcrumb","itemListElement":[{"@type":"ListItem","position":1,"name":"In\u00edcio","item":"https:\/\/juacontecimentos.com.br\/site\/"},{"@type":"ListItem","position":2,"name":"*Corrup\u00e7\u00e3o, acomoda\u00e7\u00e3o e paralisia: a perman\u00eancia de um mesmo grupo pol\u00edtico no poder est\u00e1 destruindo Catal\u00e3o*"}]},{"@type":"WebSite","@id":"https:\/\/juacontecimentos.com.br\/site\/#website","url":"https:\/\/juacontecimentos.com.br\/site\/","name":"Jornal Ultimos Acontecimentos","description":"Catal\u00e3o e regi\u00e3o","publisher":{"@id":"https:\/\/juacontecimentos.com.br\/site\/#organization"},"potentialAction":[{"@type":"SearchAction","target":{"@type":"EntryPoint","urlTemplate":"https:\/\/juacontecimentos.com.br\/site\/?s={search_term_string}"},"query-input":{"@type":"PropertyValueSpecification","valueRequired":true,"valueName":"search_term_string"}}],"inLanguage":"pt-BR"},{"@type":"Organization","@id":"https:\/\/juacontecimentos.com.br\/site\/#organization","name":"Jornal Ultimos Acontecimentos","url":"https:\/\/juacontecimentos.com.br\/site\/","logo":{"@type":"ImageObject","inLanguage":"pt-BR","@id":"https:\/\/juacontecimentos.com.br\/site\/#\/schema\/logo\/image\/","url":"https:\/\/juacontecimentos.com.br\/site\/wp-content\/uploads\/2023\/04\/Logo_Site.png","contentUrl":"https:\/\/juacontecimentos.com.br\/site\/wp-content\/uploads\/2023\/04\/Logo_Site.png","width":2476,"height":530,"caption":"Jornal Ultimos Acontecimentos"},"image":{"@id":"https:\/\/juacontecimentos.com.br\/site\/#\/schema\/logo\/image\/"},"sameAs":["https:\/\/www.facebook.com\/jultimosacontecimentos\/"]},{"@type":"Person","@id":"https:\/\/juacontecimentos.com.br\/site\/#\/schema\/person\/082a54e6d3fdd7a633291428521c9669","name":"Reginaldo Ribeiro","image":{"@type":"ImageObject","inLanguage":"pt-BR","@id":"https:\/\/juacontecimentos.com.br\/site\/#\/schema\/person\/image\/","url":"https:\/\/secure.gravatar.com\/avatar\/5c16c6837c3490270a74d888c2a845728f06bdde1f8761de1de1d1d1ef82d12f?s=96&d=mm&r=g","contentUrl":"https:\/\/secure.gravatar.com\/avatar\/5c16c6837c3490270a74d888c2a845728f06bdde1f8761de1de1d1d1ef82d12f?s=96&d=mm&r=g","caption":"Reginaldo Ribeiro"}}]}},"_links":{"self":[{"href":"https:\/\/juacontecimentos.com.br\/site\/wp-json\/wp\/v2\/posts\/11591","targetHints":{"allow":["GET"]}}],"collection":[{"href":"https:\/\/juacontecimentos.com.br\/site\/wp-json\/wp\/v2\/posts"}],"about":[{"href":"https:\/\/juacontecimentos.com.br\/site\/wp-json\/wp\/v2\/types\/post"}],"author":[{"embeddable":true,"href":"https:\/\/juacontecimentos.com.br\/site\/wp-json\/wp\/v2\/users\/2"}],"replies":[{"embeddable":true,"href":"https:\/\/juacontecimentos.com.br\/site\/wp-json\/wp\/v2\/comments?post=11591"}],"version-history":[{"count":1,"href":"https:\/\/juacontecimentos.com.br\/site\/wp-json\/wp\/v2\/posts\/11591\/revisions"}],"predecessor-version":[{"id":11593,"href":"https:\/\/juacontecimentos.com.br\/site\/wp-json\/wp\/v2\/posts\/11591\/revisions\/11593"}],"wp:featuredmedia":[{"embeddable":true,"href":"https:\/\/juacontecimentos.com.br\/site\/wp-json\/wp\/v2\/media\/11592"}],"wp:attachment":[{"href":"https:\/\/juacontecimentos.com.br\/site\/wp-json\/wp\/v2\/media?parent=11591"}],"wp:term":[{"taxonomy":"category","embeddable":true,"href":"https:\/\/juacontecimentos.com.br\/site\/wp-json\/wp\/v2\/categories?post=11591"},{"taxonomy":"post_tag","embeddable":true,"href":"https:\/\/juacontecimentos.com.br\/site\/wp-json\/wp\/v2\/tags?post=11591"}],"curies":[{"name":"wp","href":"https:\/\/api.w.org\/{rel}","templated":true}]}}