{"id":11615,"date":"2020-10-17T23:15:55","date_gmt":"2020-10-18T02:15:55","guid":{"rendered":"http:\/\/juacontecimentos.com.br\/site\/?p=11615"},"modified":"2020-10-18T06:27:47","modified_gmt":"2020-10-18T09:27:47","slug":"em-anhanguera-marcelo-paiva-inaugura-comite-de-campanha-e-anuncia-flavio-pereira-como-novo-vice-prefeito","status":"publish","type":"post","link":"https:\/\/juacontecimentos.com.br\/site\/em-anhanguera-marcelo-paiva-inaugura-comite-de-campanha-e-anuncia-flavio-pereira-como-novo-vice-prefeito\/","title":{"rendered":"Em Anhanguera &#8211; Marcelo Paiva inaugura comit\u00ea de campanha e anuncia Fl\u00e1vio Pereira como novo vice-prefeito"},"content":{"rendered":"<p><iframe loading=\"lazy\" width=\"900\" height=\"506\" src=\"https:\/\/www.youtube.com\/embed\/zXpOynUTX3U?feature=oembed\" frameborder=\"0\" allowfullscreen><\/iframe><\/p>\n<p>Mudan\u00e7a de planos ap\u00f3s registro de candidatura do candidato a vice-prefeito na coliga\u00e7\u00e3o \u201cInova\u00e7\u00e3o e constru\u00e7\u00e3o construindo amizade\u201d.<\/p>\n<p><img loading=\"lazy\" decoding=\"async\" class=\"alignnone size-full wp-image-11631\" src=\"http:\/\/juacontecimentos.com.br\/site\/wp-content\/uploads\/2020\/10\/IMG_20201017_205552290.jpg\" alt=\"\" width=\"4160\" height=\"2340\" srcset=\"https:\/\/juacontecimentos.com.br\/site\/wp-content\/uploads\/2020\/10\/IMG_20201017_205552290.jpg 4160w, https:\/\/juacontecimentos.com.br\/site\/wp-content\/uploads\/2020\/10\/IMG_20201017_205552290-300x169.jpg 300w, https:\/\/juacontecimentos.com.br\/site\/wp-content\/uploads\/2020\/10\/IMG_20201017_205552290-768x432.jpg 768w, https:\/\/juacontecimentos.com.br\/site\/wp-content\/uploads\/2020\/10\/IMG_20201017_205552290-1024x576.jpg 1024w\" sizes=\"auto, (max-width: 4160px) 100vw, 4160px\" \/><\/p>\n<p>Ainaugura\u00e7\u00e3o do Comit\u00ea 15, em Anhanguera, realizada neste s\u00e1bado (17), contou com a presen\u00e7a de v\u00e1rias autoridades entre elas o deputado estadual Gustavo Sebba (PSDB), bem como os candidatos a prefeito, vice-prefeito e vereadores e populares, al\u00e9m de obedecer \u00e0s orienta\u00e7\u00f5es da Organiza\u00e7\u00e3o Mundial de Sa\u00fade (OMS) para preven\u00e7\u00e3o do cont\u00e1gio do novo coronav\u00edrus.<\/p>\n<p>A reportagem do Jornal \u00daltimos Acontecimentos conversou com representante jur\u00eddico da coliga\u00e7\u00e3o, informaram que o candidato a vice-prefeito Robert de Lima (Podemos), teve sua candidatura indeferida pela Justi\u00e7a Eleitoral. Em comum acordo, o nome do empres\u00e1rio Fl\u00e1vio Pereira (PDT), teve seu nome anunciado como o novo candidato a vice-prefeito na coliga\u00e7\u00e3o.<\/p>\n<p>Mudan\u00e7a legal<\/p>\n<p>Em pronunciamento, o candidato a prefeito Marcelo Paiva (MDB) falou sobre a mudan\u00e7a de vice. Segundo ele, a troca de Robert de Lima pelo empres\u00e1rio Fl\u00e1vio Pereira foi uma medida legal. &#8220;Hoje est\u00e1 sendo um dia muito importante nesta nova jornada. Estou muito feliz e confiante em anunciar que o meu amigo Fl\u00e1vio Pereira estar\u00e1 comigo, lado a lado, na caminhada como candidato a vice-prefeito. Agrade\u00e7o tamb\u00e9m a Robert de Lima e toda sua fam\u00edlia que estiveram comigo at\u00e9 aqui. Nossa nova caminhada est\u00e1 come\u00e7ando com muito trabalho e humildade, seguimos confiantes e satisfeitos pelo carinho e o reconhecimento do povo de Anhanguera&#8221;, finalizou Paiva.<\/p>\n<p>Em entrevista exclusiva durante a inaugura\u00e7\u00e3o, o presidente do PDT Anhanguera, Altedes de Jesus Silva, destacou que os candidatos Marcelo e Fl\u00e1vio dar\u00e3o prosseguimento \u00e0 proposta de crescimento econ\u00f4mico e desenvolvimento social, priorizando as pol\u00edticas p\u00fablicas voltadas para educa\u00e7\u00e3o, sa\u00fade, infraestrutura, lazer, esporte, dentre outros.<\/p>\n<p>\u201c\u00c9 importante dizer que esse novo governo estar\u00e1 efetivamente tendo um olhar atento para as crian\u00e7as, adolescentes e adultos. Assim, desejamos que a popula\u00e7\u00e3o se sinta convidada a participar da nossa campanha para que possamos continuar prosseguindo com o desenvolvimento desta cidade\u201d, frisou Altedes.<\/p>\n<p>Na condi\u00e7\u00e3o de candidato a vice-prefeito, Fl\u00e1vio destacou que, para assumir a prefeitura de uma cidade, \u00e9 preciso ter experi\u00eancia e capacidade de gest\u00e3o e saber gerir recursos e pessoas.\u00a0\u201cNa gest\u00e3o p\u00fablica, a gente tem que ter o discernimento, seriedade e a compet\u00eancia para desenvolver o trabalho, n\u00e3o podemos brincar de fazer gest\u00e3o p\u00fablica. Nesse evento, damos seguimento \u00e0 conquista de um sonho. Levamos uma proposta concreta, descente e \u00e9tica ao povo de Anhanguera\u201d, disse Fl\u00e1vio.<\/p>\n<p><iframe loading=\"lazy\" width=\"900\" height=\"506\" src=\"https:\/\/www.youtube.com\/embed\/A0J87zzz8qM?feature=oembed\" frameborder=\"0\" allowfullscreen><\/iframe><\/p>\n<p>Al\u00e9m de apresentar suas propostas de governo para o mandato de prefeito, que visam melhorar ainda mais a educa\u00e7\u00e3o, sa\u00fade, infraestrutura e lazer em Anhanguera, o candidato Marcelo Paiva ressaltou que\u00a0<em>\u201ca honestidade \u00e9 o caminho que eu trilho na vida p\u00fablica e particular, e por isso n\u00e3o acreditem naqueles que me desafiam com fake news e mentiras. Eu quero que voc\u00eas continuem acreditando no meu trabalho, porque a hist\u00f3ria est\u00e1 nos quatro cantos da cidade para todo mundo ver\u201d<\/em>.<\/p>\n<p>Durante a inaugura\u00e7\u00e3o do Comit\u00ea 15 foi anunciado tamb\u00e9m que os candidatos querem ouvir as sugest\u00f5es da popula\u00e7\u00e3o de Anhanguera para, juntos, constru\u00edrem uma cidade cada vez melhor, onde o crescimento econ\u00f4mico e o desenvolvimento social s\u00e3o prioridades do planejamento.<\/p>\n<p><img loading=\"lazy\" decoding=\"async\" class=\"alignnone size-full wp-image-11617\" src=\"http:\/\/juacontecimentos.com.br\/site\/wp-content\/uploads\/2020\/10\/IMG_20201017_192250318.jpg\" alt=\"\" width=\"4160\" height=\"2340\" srcset=\"https:\/\/juacontecimentos.com.br\/site\/wp-content\/uploads\/2020\/10\/IMG_20201017_192250318.jpg 4160w, https:\/\/juacontecimentos.com.br\/site\/wp-content\/uploads\/2020\/10\/IMG_20201017_192250318-300x169.jpg 300w, https:\/\/juacontecimentos.com.br\/site\/wp-content\/uploads\/2020\/10\/IMG_20201017_192250318-768x432.jpg 768w, https:\/\/juacontecimentos.com.br\/site\/wp-content\/uploads\/2020\/10\/IMG_20201017_192250318-1024x576.jpg 1024w\" sizes=\"auto, (max-width: 4160px) 100vw, 4160px\" \/> <img loading=\"lazy\" decoding=\"async\" class=\"alignnone size-full wp-image-11618\" src=\"http:\/\/juacontecimentos.com.br\/site\/wp-content\/uploads\/2020\/10\/IMG_20201017_205100677.jpg\" alt=\"\" width=\"4160\" height=\"2340\" srcset=\"https:\/\/juacontecimentos.com.br\/site\/wp-content\/uploads\/2020\/10\/IMG_20201017_205100677.jpg 4160w, https:\/\/juacontecimentos.com.br\/site\/wp-content\/uploads\/2020\/10\/IMG_20201017_205100677-300x169.jpg 300w, https:\/\/juacontecimentos.com.br\/site\/wp-content\/uploads\/2020\/10\/IMG_20201017_205100677-768x432.jpg 768w, https:\/\/juacontecimentos.com.br\/site\/wp-content\/uploads\/2020\/10\/IMG_20201017_205100677-1024x576.jpg 1024w\" sizes=\"auto, (max-width: 4160px) 100vw, 4160px\" \/> <img loading=\"lazy\" decoding=\"async\" class=\"alignnone size-full wp-image-11619\" src=\"http:\/\/juacontecimentos.com.br\/site\/wp-content\/uploads\/2020\/10\/IMG_20201017_205931762.jpg\" alt=\"\" width=\"4160\" height=\"2340\" srcset=\"https:\/\/juacontecimentos.com.br\/site\/wp-content\/uploads\/2020\/10\/IMG_20201017_205931762.jpg 4160w, https:\/\/juacontecimentos.com.br\/site\/wp-content\/uploads\/2020\/10\/IMG_20201017_205931762-300x169.jpg 300w, https:\/\/juacontecimentos.com.br\/site\/wp-content\/uploads\/2020\/10\/IMG_20201017_205931762-768x432.jpg 768w, https:\/\/juacontecimentos.com.br\/site\/wp-content\/uploads\/2020\/10\/IMG_20201017_205931762-1024x576.jpg 1024w\" sizes=\"auto, (max-width: 4160px) 100vw, 4160px\" \/> <img loading=\"lazy\" decoding=\"async\" class=\"alignnone size-full wp-image-11620\" src=\"http:\/\/juacontecimentos.com.br\/site\/wp-content\/uploads\/2020\/10\/IMG_20201017_205309567.jpg\" alt=\"\" width=\"4160\" height=\"2340\" srcset=\"https:\/\/juacontecimentos.com.br\/site\/wp-content\/uploads\/2020\/10\/IMG_20201017_205309567.jpg 4160w, https:\/\/juacontecimentos.com.br\/site\/wp-content\/uploads\/2020\/10\/IMG_20201017_205309567-300x169.jpg 300w, https:\/\/juacontecimentos.com.br\/site\/wp-content\/uploads\/2020\/10\/IMG_20201017_205309567-768x432.jpg 768w, https:\/\/juacontecimentos.com.br\/site\/wp-content\/uploads\/2020\/10\/IMG_20201017_205309567-1024x576.jpg 1024w\" sizes=\"auto, (max-width: 4160px) 100vw, 4160px\" \/> <img loading=\"lazy\" decoding=\"async\" class=\"alignnone size-full wp-image-11621\" src=\"http:\/\/juacontecimentos.com.br\/site\/wp-content\/uploads\/2020\/10\/IMG_20201017_205652993.jpg\" alt=\"\" width=\"4160\" height=\"2340\" srcset=\"https:\/\/juacontecimentos.com.br\/site\/wp-content\/uploads\/2020\/10\/IMG_20201017_205652993.jpg 4160w, https:\/\/juacontecimentos.com.br\/site\/wp-content\/uploads\/2020\/10\/IMG_20201017_205652993-300x169.jpg 300w, https:\/\/juacontecimentos.com.br\/site\/wp-content\/uploads\/2020\/10\/IMG_20201017_205652993-768x432.jpg 768w, https:\/\/juacontecimentos.com.br\/site\/wp-content\/uploads\/2020\/10\/IMG_20201017_205652993-1024x576.jpg 1024w\" sizes=\"auto, (max-width: 4160px) 100vw, 4160px\" \/> <img loading=\"lazy\" decoding=\"async\" class=\"alignnone size-full wp-image-11622\" src=\"http:\/\/juacontecimentos.com.br\/site\/wp-content\/uploads\/2020\/10\/IMG_20201017_205549542.jpg\" alt=\"\" width=\"4160\" height=\"2340\" srcset=\"https:\/\/juacontecimentos.com.br\/site\/wp-content\/uploads\/2020\/10\/IMG_20201017_205549542.jpg 4160w, https:\/\/juacontecimentos.com.br\/site\/wp-content\/uploads\/2020\/10\/IMG_20201017_205549542-300x169.jpg 300w, https:\/\/juacontecimentos.com.br\/site\/wp-content\/uploads\/2020\/10\/IMG_20201017_205549542-768x432.jpg 768w, https:\/\/juacontecimentos.com.br\/site\/wp-content\/uploads\/2020\/10\/IMG_20201017_205549542-1024x576.jpg 1024w\" sizes=\"auto, (max-width: 4160px) 100vw, 4160px\" \/> <img loading=\"lazy\" decoding=\"async\" class=\"alignnone size-full wp-image-11623\" src=\"http:\/\/juacontecimentos.com.br\/site\/wp-content\/uploads\/2020\/10\/IMG_20201017_205806097.jpg\" alt=\"\" width=\"4160\" height=\"2340\" srcset=\"https:\/\/juacontecimentos.com.br\/site\/wp-content\/uploads\/2020\/10\/IMG_20201017_205806097.jpg 4160w, https:\/\/juacontecimentos.com.br\/site\/wp-content\/uploads\/2020\/10\/IMG_20201017_205806097-300x169.jpg 300w, https:\/\/juacontecimentos.com.br\/site\/wp-content\/uploads\/2020\/10\/IMG_20201017_205806097-768x432.jpg 768w, https:\/\/juacontecimentos.com.br\/site\/wp-content\/uploads\/2020\/10\/IMG_20201017_205806097-1024x576.jpg 1024w\" sizes=\"auto, (max-width: 4160px) 100vw, 4160px\" \/> <img loading=\"lazy\" decoding=\"async\" class=\"alignnone size-full wp-image-11624\" src=\"http:\/\/juacontecimentos.com.br\/site\/wp-content\/uploads\/2020\/10\/IMG_20201017_210142554.jpg\" alt=\"\" width=\"4160\" height=\"2340\" srcset=\"https:\/\/juacontecimentos.com.br\/site\/wp-content\/uploads\/2020\/10\/IMG_20201017_210142554.jpg 4160w, https:\/\/juacontecimentos.com.br\/site\/wp-content\/uploads\/2020\/10\/IMG_20201017_210142554-300x169.jpg 300w, https:\/\/juacontecimentos.com.br\/site\/wp-content\/uploads\/2020\/10\/IMG_20201017_210142554-768x432.jpg 768w, https:\/\/juacontecimentos.com.br\/site\/wp-content\/uploads\/2020\/10\/IMG_20201017_210142554-1024x576.jpg 1024w\" sizes=\"auto, (max-width: 4160px) 100vw, 4160px\" \/> <img loading=\"lazy\" decoding=\"async\" class=\"alignnone size-full wp-image-11625\" src=\"http:\/\/juacontecimentos.com.br\/site\/wp-content\/uploads\/2020\/10\/IMG_20201017_193516223.jpg\" alt=\"\" width=\"4160\" height=\"2340\" srcset=\"https:\/\/juacontecimentos.com.br\/site\/wp-content\/uploads\/2020\/10\/IMG_20201017_193516223.jpg 4160w, https:\/\/juacontecimentos.com.br\/site\/wp-content\/uploads\/2020\/10\/IMG_20201017_193516223-300x169.jpg 300w, https:\/\/juacontecimentos.com.br\/site\/wp-content\/uploads\/2020\/10\/IMG_20201017_193516223-768x432.jpg 768w, https:\/\/juacontecimentos.com.br\/site\/wp-content\/uploads\/2020\/10\/IMG_20201017_193516223-1024x576.jpg 1024w\" sizes=\"auto, (max-width: 4160px) 100vw, 4160px\" \/> <img loading=\"lazy\" decoding=\"async\" class=\"alignnone size-full wp-image-11626\" src=\"http:\/\/juacontecimentos.com.br\/site\/wp-content\/uploads\/2020\/10\/IMG_20201017_193815944.jpg\" alt=\"\" width=\"4160\" height=\"2340\" srcset=\"https:\/\/juacontecimentos.com.br\/site\/wp-content\/uploads\/2020\/10\/IMG_20201017_193815944.jpg 4160w, https:\/\/juacontecimentos.com.br\/site\/wp-content\/uploads\/2020\/10\/IMG_20201017_193815944-300x169.jpg 300w, https:\/\/juacontecimentos.com.br\/site\/wp-content\/uploads\/2020\/10\/IMG_20201017_193815944-768x432.jpg 768w, https:\/\/juacontecimentos.com.br\/site\/wp-content\/uploads\/2020\/10\/IMG_20201017_193815944-1024x576.jpg 1024w\" sizes=\"auto, (max-width: 4160px) 100vw, 4160px\" \/> <img loading=\"lazy\" decoding=\"async\" class=\"alignnone size-full wp-image-11627\" src=\"http:\/\/juacontecimentos.com.br\/site\/wp-content\/uploads\/2020\/10\/IMG_20201017_210211934.jpg\" alt=\"\" width=\"4160\" height=\"2340\" srcset=\"https:\/\/juacontecimentos.com.br\/site\/wp-content\/uploads\/2020\/10\/IMG_20201017_210211934.jpg 4160w, https:\/\/juacontecimentos.com.br\/site\/wp-content\/uploads\/2020\/10\/IMG_20201017_210211934-300x169.jpg 300w, https:\/\/juacontecimentos.com.br\/site\/wp-content\/uploads\/2020\/10\/IMG_20201017_210211934-768x432.jpg 768w, https:\/\/juacontecimentos.com.br\/site\/wp-content\/uploads\/2020\/10\/IMG_20201017_210211934-1024x576.jpg 1024w\" sizes=\"auto, (max-width: 4160px) 100vw, 4160px\" \/> <img loading=\"lazy\" decoding=\"async\" class=\"alignnone size-full wp-image-11628\" src=\"http:\/\/juacontecimentos.com.br\/site\/wp-content\/uploads\/2020\/10\/IMG_20201017_193628670.jpg\" alt=\"\" width=\"4160\" height=\"2340\" srcset=\"https:\/\/juacontecimentos.com.br\/site\/wp-content\/uploads\/2020\/10\/IMG_20201017_193628670.jpg 4160w, https:\/\/juacontecimentos.com.br\/site\/wp-content\/uploads\/2020\/10\/IMG_20201017_193628670-300x169.jpg 300w, https:\/\/juacontecimentos.com.br\/site\/wp-content\/uploads\/2020\/10\/IMG_20201017_193628670-768x432.jpg 768w, https:\/\/juacontecimentos.com.br\/site\/wp-content\/uploads\/2020\/10\/IMG_20201017_193628670-1024x576.jpg 1024w\" sizes=\"auto, (max-width: 4160px) 100vw, 4160px\" \/> <img loading=\"lazy\" decoding=\"async\" class=\"alignnone size-full wp-image-11629\" src=\"http:\/\/juacontecimentos.com.br\/site\/wp-content\/uploads\/2020\/10\/IMG_20201017_205959906.jpg\" alt=\"\" width=\"4160\" height=\"2340\" srcset=\"https:\/\/juacontecimentos.com.br\/site\/wp-content\/uploads\/2020\/10\/IMG_20201017_205959906.jpg 4160w, https:\/\/juacontecimentos.com.br\/site\/wp-content\/uploads\/2020\/10\/IMG_20201017_205959906-300x169.jpg 300w, https:\/\/juacontecimentos.com.br\/site\/wp-content\/uploads\/2020\/10\/IMG_20201017_205959906-768x432.jpg 768w, https:\/\/juacontecimentos.com.br\/site\/wp-content\/uploads\/2020\/10\/IMG_20201017_205959906-1024x576.jpg 1024w\" sizes=\"auto, (max-width: 4160px) 100vw, 4160px\" \/> <img loading=\"lazy\" decoding=\"async\" class=\"alignnone size-full wp-image-11630\" src=\"http:\/\/juacontecimentos.com.br\/site\/wp-content\/uploads\/2020\/10\/IMG_20201017_193412905.jpg\" alt=\"\" width=\"4160\" height=\"2340\" srcset=\"https:\/\/juacontecimentos.com.br\/site\/wp-content\/uploads\/2020\/10\/IMG_20201017_193412905.jpg 4160w, https:\/\/juacontecimentos.com.br\/site\/wp-content\/uploads\/2020\/10\/IMG_20201017_193412905-300x169.jpg 300w, https:\/\/juacontecimentos.com.br\/site\/wp-content\/uploads\/2020\/10\/IMG_20201017_193412905-768x432.jpg 768w, https:\/\/juacontecimentos.com.br\/site\/wp-content\/uploads\/2020\/10\/IMG_20201017_193412905-1024x576.jpg 1024w\" sizes=\"auto, (max-width: 4160px) 100vw, 4160px\" \/> <img loading=\"lazy\" decoding=\"async\" class=\"alignnone size-full wp-image-11631\" src=\"http:\/\/juacontecimentos.com.br\/site\/wp-content\/uploads\/2020\/10\/IMG_20201017_205552290.jpg\" alt=\"\" width=\"4160\" height=\"2340\" srcset=\"https:\/\/juacontecimentos.com.br\/site\/wp-content\/uploads\/2020\/10\/IMG_20201017_205552290.jpg 4160w, https:\/\/juacontecimentos.com.br\/site\/wp-content\/uploads\/2020\/10\/IMG_20201017_205552290-300x169.jpg 300w, https:\/\/juacontecimentos.com.br\/site\/wp-content\/uploads\/2020\/10\/IMG_20201017_205552290-768x432.jpg 768w, https:\/\/juacontecimentos.com.br\/site\/wp-content\/uploads\/2020\/10\/IMG_20201017_205552290-1024x576.jpg 1024w\" sizes=\"auto, (max-width: 4160px) 100vw, 4160px\" \/> <img loading=\"lazy\" decoding=\"async\" class=\"alignnone size-full wp-image-11632\" src=\"http:\/\/juacontecimentos.com.br\/site\/wp-content\/uploads\/2020\/10\/IMG_20201017_193656787.jpg\" alt=\"\" width=\"4160\" height=\"2340\" srcset=\"https:\/\/juacontecimentos.com.br\/site\/wp-content\/uploads\/2020\/10\/IMG_20201017_193656787.jpg 4160w, https:\/\/juacontecimentos.com.br\/site\/wp-content\/uploads\/2020\/10\/IMG_20201017_193656787-300x169.jpg 300w, https:\/\/juacontecimentos.com.br\/site\/wp-content\/uploads\/2020\/10\/IMG_20201017_193656787-768x432.jpg 768w, https:\/\/juacontecimentos.com.br\/site\/wp-content\/uploads\/2020\/10\/IMG_20201017_193656787-1024x576.jpg 1024w\" sizes=\"auto, (max-width: 4160px) 100vw, 4160px\" \/> <img loading=\"lazy\" decoding=\"async\" class=\"alignnone size-full wp-image-11633\" src=\"http:\/\/juacontecimentos.com.br\/site\/wp-content\/uploads\/2020\/10\/IMG_20201017_205746180.jpg\" alt=\"\" width=\"4160\" height=\"2340\" srcset=\"https:\/\/juacontecimentos.com.br\/site\/wp-content\/uploads\/2020\/10\/IMG_20201017_205746180.jpg 4160w, https:\/\/juacontecimentos.com.br\/site\/wp-content\/uploads\/2020\/10\/IMG_20201017_205746180-300x169.jpg 300w, https:\/\/juacontecimentos.com.br\/site\/wp-content\/uploads\/2020\/10\/IMG_20201017_205746180-768x432.jpg 768w, https:\/\/juacontecimentos.com.br\/site\/wp-content\/uploads\/2020\/10\/IMG_20201017_205746180-1024x576.jpg 1024w\" sizes=\"auto, (max-width: 4160px) 100vw, 4160px\" \/> <img loading=\"lazy\" decoding=\"async\" class=\"alignnone size-full wp-image-11634\" src=\"http:\/\/juacontecimentos.com.br\/site\/wp-content\/uploads\/2020\/10\/IMG_20201017_205614560.jpg\" alt=\"\" width=\"4160\" height=\"2340\" srcset=\"https:\/\/juacontecimentos.com.br\/site\/wp-content\/uploads\/2020\/10\/IMG_20201017_205614560.jpg 4160w, https:\/\/juacontecimentos.com.br\/site\/wp-content\/uploads\/2020\/10\/IMG_20201017_205614560-300x169.jpg 300w, https:\/\/juacontecimentos.com.br\/site\/wp-content\/uploads\/2020\/10\/IMG_20201017_205614560-768x432.jpg 768w, https:\/\/juacontecimentos.com.br\/site\/wp-content\/uploads\/2020\/10\/IMG_20201017_205614560-1024x576.jpg 1024w\" sizes=\"auto, (max-width: 4160px) 100vw, 4160px\" \/> <img loading=\"lazy\" decoding=\"async\" class=\"alignnone size-full wp-image-11635\" src=\"http:\/\/juacontecimentos.com.br\/site\/wp-content\/uploads\/2020\/10\/IMG_20201017_193441417.jpg\" alt=\"\" width=\"4160\" height=\"2340\" srcset=\"https:\/\/juacontecimentos.com.br\/site\/wp-content\/uploads\/2020\/10\/IMG_20201017_193441417.jpg 4160w, https:\/\/juacontecimentos.com.br\/site\/wp-content\/uploads\/2020\/10\/IMG_20201017_193441417-300x169.jpg 300w, https:\/\/juacontecimentos.com.br\/site\/wp-content\/uploads\/2020\/10\/IMG_20201017_193441417-768x432.jpg 768w, https:\/\/juacontecimentos.com.br\/site\/wp-content\/uploads\/2020\/10\/IMG_20201017_193441417-1024x576.jpg 1024w\" sizes=\"auto, (max-width: 4160px) 100vw, 4160px\" \/><br \/>\n<\/p>\n","protected":false},"excerpt":{"rendered":"<p>Mudan\u00e7a de planos ap\u00f3s registro de candidatura do candidato a vice-prefeito na coliga\u00e7\u00e3o \u201cInova\u00e7\u00e3o e constru\u00e7\u00e3o construindo amizade\u201d. Ainaugura\u00e7\u00e3o do Comit\u00ea 15, em Anhanguera, realizada neste s\u00e1bado (17), contou com a presen\u00e7a de v\u00e1rias autoridades entre elas o deputado estadual Gustavo Sebba (PSDB), bem como os candidatos a prefeito, vice-prefeito e vereadores e populares, al\u00e9m<\/p>\n","protected":false},"author":2,"featured_media":11634,"comment_status":"open","ping_status":"open","sticky":false,"template":"","format":"standard","meta":{"footnotes":""},"categories":[27,22,26,23],"tags":[],"class_list":["post-11615","post","type-post","status-publish","format-standard","has-post-thumbnail","hentry","category-brasil","category-catalao","category-destaque","category-goias"],"yoast_head":"<!-- This site is optimized with the Yoast SEO plugin v25.8 - https:\/\/yoast.com\/wordpress\/plugins\/seo\/ -->\n<title>Em Anhanguera - Marcelo Paiva inaugura comit\u00ea de campanha e anuncia Fl\u00e1vio Pereira como novo vice-prefeito - Jornal Ultimos Acontecimentos<\/title>\n<meta name=\"robots\" content=\"index, follow, max-snippet:-1, max-image-preview:large, max-video-preview:-1\" \/>\n<link rel=\"canonical\" href=\"https:\/\/juacontecimentos.com.br\/site\/em-anhanguera-marcelo-paiva-inaugura-comite-de-campanha-e-anuncia-flavio-pereira-como-novo-vice-prefeito\/\" \/>\n<meta property=\"og:locale\" content=\"pt_BR\" \/>\n<meta property=\"og:type\" content=\"article\" \/>\n<meta property=\"og:title\" content=\"Em Anhanguera - Marcelo Paiva inaugura comit\u00ea de campanha e anuncia Fl\u00e1vio Pereira como novo vice-prefeito - Jornal Ultimos Acontecimentos\" \/>\n<meta property=\"og:description\" content=\"Mudan\u00e7a de planos ap\u00f3s registro de candidatura do candidato a vice-prefeito na coliga\u00e7\u00e3o \u201cInova\u00e7\u00e3o e constru\u00e7\u00e3o construindo amizade\u201d. Ainaugura\u00e7\u00e3o do Comit\u00ea 15, em Anhanguera, realizada neste s\u00e1bado (17), contou com a presen\u00e7a de v\u00e1rias autoridades entre elas o deputado estadual Gustavo Sebba (PSDB), bem como os candidatos a prefeito, vice-prefeito e vereadores e populares, al\u00e9m\" \/>\n<meta property=\"og:url\" content=\"https:\/\/juacontecimentos.com.br\/site\/em-anhanguera-marcelo-paiva-inaugura-comite-de-campanha-e-anuncia-flavio-pereira-como-novo-vice-prefeito\/\" \/>\n<meta property=\"og:site_name\" content=\"Jornal Ultimos Acontecimentos\" \/>\n<meta property=\"article:publisher\" content=\"https:\/\/www.facebook.com\/jultimosacontecimentos\/\" \/>\n<meta property=\"article:published_time\" content=\"2020-10-18T02:15:55+00:00\" \/>\n<meta property=\"article:modified_time\" content=\"2020-10-18T09:27:47+00:00\" \/>\n<meta property=\"og:image\" content=\"https:\/\/juacontecimentos.com.br\/site\/wp-content\/uploads\/2020\/10\/IMG_20201017_205614560-1024x576.jpg\" \/>\n\t<meta property=\"og:image:width\" content=\"1024\" \/>\n\t<meta property=\"og:image:height\" content=\"576\" \/>\n\t<meta property=\"og:image:type\" content=\"image\/jpeg\" \/>\n<meta name=\"author\" content=\"Reginaldo Ribeiro\" \/>\n<meta name=\"twitter:card\" content=\"summary_large_image\" \/>\n<meta name=\"twitter:label1\" content=\"Escrito por\" \/>\n\t<meta name=\"twitter:data1\" content=\"Reginaldo Ribeiro\" \/>\n\t<meta name=\"twitter:label2\" content=\"Est. tempo de leitura\" \/>\n\t<meta name=\"twitter:data2\" content=\"3 minutos\" \/>\n<script type=\"application\/ld+json\" class=\"yoast-schema-graph\">{\"@context\":\"https:\/\/schema.org\",\"@graph\":[{\"@type\":\"Article\",\"@id\":\"https:\/\/juacontecimentos.com.br\/site\/em-anhanguera-marcelo-paiva-inaugura-comite-de-campanha-e-anuncia-flavio-pereira-como-novo-vice-prefeito\/#article\",\"isPartOf\":{\"@id\":\"https:\/\/juacontecimentos.com.br\/site\/em-anhanguera-marcelo-paiva-inaugura-comite-de-campanha-e-anuncia-flavio-pereira-como-novo-vice-prefeito\/\"},\"author\":{\"name\":\"Reginaldo Ribeiro\",\"@id\":\"https:\/\/juacontecimentos.com.br\/site\/#\/schema\/person\/082a54e6d3fdd7a633291428521c9669\"},\"headline\":\"Em Anhanguera &#8211; Marcelo Paiva inaugura comit\u00ea de campanha e anuncia Fl\u00e1vio Pereira como novo vice-prefeito\",\"datePublished\":\"2020-10-18T02:15:55+00:00\",\"dateModified\":\"2020-10-18T09:27:47+00:00\",\"mainEntityOfPage\":{\"@id\":\"https:\/\/juacontecimentos.com.br\/site\/em-anhanguera-marcelo-paiva-inaugura-comite-de-campanha-e-anuncia-flavio-pereira-como-novo-vice-prefeito\/\"},\"wordCount\":603,\"commentCount\":0,\"publisher\":{\"@id\":\"https:\/\/juacontecimentos.com.br\/site\/#organization\"},\"image\":{\"@id\":\"https:\/\/juacontecimentos.com.br\/site\/em-anhanguera-marcelo-paiva-inaugura-comite-de-campanha-e-anuncia-flavio-pereira-como-novo-vice-prefeito\/#primaryimage\"},\"thumbnailUrl\":\"https:\/\/juacontecimentos.com.br\/site\/wp-content\/uploads\/2020\/10\/IMG_20201017_205614560.jpg\",\"articleSection\":[\"Brasil\",\"Catal\u00e3o\",\"Destaque\",\"Goi\u00e1s\"],\"inLanguage\":\"pt-BR\"},{\"@type\":\"WebPage\",\"@id\":\"https:\/\/juacontecimentos.com.br\/site\/em-anhanguera-marcelo-paiva-inaugura-comite-de-campanha-e-anuncia-flavio-pereira-como-novo-vice-prefeito\/\",\"url\":\"https:\/\/juacontecimentos.com.br\/site\/em-anhanguera-marcelo-paiva-inaugura-comite-de-campanha-e-anuncia-flavio-pereira-como-novo-vice-prefeito\/\",\"name\":\"Em Anhanguera - Marcelo Paiva inaugura comit\u00ea de campanha e anuncia Fl\u00e1vio Pereira como novo vice-prefeito - Jornal Ultimos Acontecimentos\",\"isPartOf\":{\"@id\":\"https:\/\/juacontecimentos.com.br\/site\/#website\"},\"primaryImageOfPage\":{\"@id\":\"https:\/\/juacontecimentos.com.br\/site\/em-anhanguera-marcelo-paiva-inaugura-comite-de-campanha-e-anuncia-flavio-pereira-como-novo-vice-prefeito\/#primaryimage\"},\"image\":{\"@id\":\"https:\/\/juacontecimentos.com.br\/site\/em-anhanguera-marcelo-paiva-inaugura-comite-de-campanha-e-anuncia-flavio-pereira-como-novo-vice-prefeito\/#primaryimage\"},\"thumbnailUrl\":\"https:\/\/juacontecimentos.com.br\/site\/wp-content\/uploads\/2020\/10\/IMG_20201017_205614560.jpg\",\"datePublished\":\"2020-10-18T02:15:55+00:00\",\"dateModified\":\"2020-10-18T09:27:47+00:00\",\"breadcrumb\":{\"@id\":\"https:\/\/juacontecimentos.com.br\/site\/em-anhanguera-marcelo-paiva-inaugura-comite-de-campanha-e-anuncia-flavio-pereira-como-novo-vice-prefeito\/#breadcrumb\"},\"inLanguage\":\"pt-BR\",\"potentialAction\":[{\"@type\":\"ReadAction\",\"target\":[\"https:\/\/juacontecimentos.com.br\/site\/em-anhanguera-marcelo-paiva-inaugura-comite-de-campanha-e-anuncia-flavio-pereira-como-novo-vice-prefeito\/\"]}]},{\"@type\":\"ImageObject\",\"inLanguage\":\"pt-BR\",\"@id\":\"https:\/\/juacontecimentos.com.br\/site\/em-anhanguera-marcelo-paiva-inaugura-comite-de-campanha-e-anuncia-flavio-pereira-como-novo-vice-prefeito\/#primaryimage\",\"url\":\"https:\/\/juacontecimentos.com.br\/site\/wp-content\/uploads\/2020\/10\/IMG_20201017_205614560.jpg\",\"contentUrl\":\"https:\/\/juacontecimentos.com.br\/site\/wp-content\/uploads\/2020\/10\/IMG_20201017_205614560.jpg\",\"width\":4160,\"height\":2340},{\"@type\":\"BreadcrumbList\",\"@id\":\"https:\/\/juacontecimentos.com.br\/site\/em-anhanguera-marcelo-paiva-inaugura-comite-de-campanha-e-anuncia-flavio-pereira-como-novo-vice-prefeito\/#breadcrumb\",\"itemListElement\":[{\"@type\":\"ListItem\",\"position\":1,\"name\":\"In\u00edcio\",\"item\":\"https:\/\/juacontecimentos.com.br\/site\/\"},{\"@type\":\"ListItem\",\"position\":2,\"name\":\"Em Anhanguera &#8211; Marcelo Paiva inaugura comit\u00ea de campanha e anuncia Fl\u00e1vio Pereira como novo vice-prefeito\"}]},{\"@type\":\"WebSite\",\"@id\":\"https:\/\/juacontecimentos.com.br\/site\/#website\",\"url\":\"https:\/\/juacontecimentos.com.br\/site\/\",\"name\":\"Jornal Ultimos Acontecimentos\",\"description\":\"Catal\u00e3o e regi\u00e3o\",\"publisher\":{\"@id\":\"https:\/\/juacontecimentos.com.br\/site\/#organization\"},\"potentialAction\":[{\"@type\":\"SearchAction\",\"target\":{\"@type\":\"EntryPoint\",\"urlTemplate\":\"https:\/\/juacontecimentos.com.br\/site\/?s={search_term_string}\"},\"query-input\":{\"@type\":\"PropertyValueSpecification\",\"valueRequired\":true,\"valueName\":\"search_term_string\"}}],\"inLanguage\":\"pt-BR\"},{\"@type\":\"Organization\",\"@id\":\"https:\/\/juacontecimentos.com.br\/site\/#organization\",\"name\":\"Jornal Ultimos Acontecimentos\",\"url\":\"https:\/\/juacontecimentos.com.br\/site\/\",\"logo\":{\"@type\":\"ImageObject\",\"inLanguage\":\"pt-BR\",\"@id\":\"https:\/\/juacontecimentos.com.br\/site\/#\/schema\/logo\/image\/\",\"url\":\"https:\/\/juacontecimentos.com.br\/site\/wp-content\/uploads\/2023\/04\/Logo_Site.png\",\"contentUrl\":\"https:\/\/juacontecimentos.com.br\/site\/wp-content\/uploads\/2023\/04\/Logo_Site.png\",\"width\":2476,\"height\":530,\"caption\":\"Jornal Ultimos Acontecimentos\"},\"image\":{\"@id\":\"https:\/\/juacontecimentos.com.br\/site\/#\/schema\/logo\/image\/\"},\"sameAs\":[\"https:\/\/www.facebook.com\/jultimosacontecimentos\/\"]},{\"@type\":\"Person\",\"@id\":\"https:\/\/juacontecimentos.com.br\/site\/#\/schema\/person\/082a54e6d3fdd7a633291428521c9669\",\"name\":\"Reginaldo Ribeiro\",\"image\":{\"@type\":\"ImageObject\",\"inLanguage\":\"pt-BR\",\"@id\":\"https:\/\/juacontecimentos.com.br\/site\/#\/schema\/person\/image\/\",\"url\":\"https:\/\/secure.gravatar.com\/avatar\/5c16c6837c3490270a74d888c2a845728f06bdde1f8761de1de1d1d1ef82d12f?s=96&d=mm&r=g\",\"contentUrl\":\"https:\/\/secure.gravatar.com\/avatar\/5c16c6837c3490270a74d888c2a845728f06bdde1f8761de1de1d1d1ef82d12f?s=96&d=mm&r=g\",\"caption\":\"Reginaldo Ribeiro\"}}]}<\/script>\n<!-- \/ Yoast SEO plugin. -->","yoast_head_json":{"title":"Em Anhanguera - Marcelo Paiva inaugura comit\u00ea de campanha e anuncia Fl\u00e1vio Pereira como novo vice-prefeito - Jornal Ultimos Acontecimentos","robots":{"index":"index","follow":"follow","max-snippet":"max-snippet:-1","max-image-preview":"max-image-preview:large","max-video-preview":"max-video-preview:-1"},"canonical":"https:\/\/juacontecimentos.com.br\/site\/em-anhanguera-marcelo-paiva-inaugura-comite-de-campanha-e-anuncia-flavio-pereira-como-novo-vice-prefeito\/","og_locale":"pt_BR","og_type":"article","og_title":"Em Anhanguera - Marcelo Paiva inaugura comit\u00ea de campanha e anuncia Fl\u00e1vio Pereira como novo vice-prefeito - Jornal Ultimos Acontecimentos","og_description":"Mudan\u00e7a de planos ap\u00f3s registro de candidatura do candidato a vice-prefeito na coliga\u00e7\u00e3o \u201cInova\u00e7\u00e3o e constru\u00e7\u00e3o construindo amizade\u201d. Ainaugura\u00e7\u00e3o do Comit\u00ea 15, em Anhanguera, realizada neste s\u00e1bado (17), contou com a presen\u00e7a de v\u00e1rias autoridades entre elas o deputado estadual Gustavo Sebba (PSDB), bem como os candidatos a prefeito, vice-prefeito e vereadores e populares, al\u00e9m","og_url":"https:\/\/juacontecimentos.com.br\/site\/em-anhanguera-marcelo-paiva-inaugura-comite-de-campanha-e-anuncia-flavio-pereira-como-novo-vice-prefeito\/","og_site_name":"Jornal Ultimos Acontecimentos","article_publisher":"https:\/\/www.facebook.com\/jultimosacontecimentos\/","article_published_time":"2020-10-18T02:15:55+00:00","article_modified_time":"2020-10-18T09:27:47+00:00","og_image":[{"width":1024,"height":576,"url":"https:\/\/juacontecimentos.com.br\/site\/wp-content\/uploads\/2020\/10\/IMG_20201017_205614560-1024x576.jpg","type":"image\/jpeg"}],"author":"Reginaldo Ribeiro","twitter_card":"summary_large_image","twitter_misc":{"Escrito por":"Reginaldo Ribeiro","Est. tempo de leitura":"3 minutos"},"schema":{"@context":"https:\/\/schema.org","@graph":[{"@type":"Article","@id":"https:\/\/juacontecimentos.com.br\/site\/em-anhanguera-marcelo-paiva-inaugura-comite-de-campanha-e-anuncia-flavio-pereira-como-novo-vice-prefeito\/#article","isPartOf":{"@id":"https:\/\/juacontecimentos.com.br\/site\/em-anhanguera-marcelo-paiva-inaugura-comite-de-campanha-e-anuncia-flavio-pereira-como-novo-vice-prefeito\/"},"author":{"name":"Reginaldo Ribeiro","@id":"https:\/\/juacontecimentos.com.br\/site\/#\/schema\/person\/082a54e6d3fdd7a633291428521c9669"},"headline":"Em Anhanguera &#8211; Marcelo Paiva inaugura comit\u00ea de campanha e anuncia Fl\u00e1vio Pereira como novo vice-prefeito","datePublished":"2020-10-18T02:15:55+00:00","dateModified":"2020-10-18T09:27:47+00:00","mainEntityOfPage":{"@id":"https:\/\/juacontecimentos.com.br\/site\/em-anhanguera-marcelo-paiva-inaugura-comite-de-campanha-e-anuncia-flavio-pereira-como-novo-vice-prefeito\/"},"wordCount":603,"commentCount":0,"publisher":{"@id":"https:\/\/juacontecimentos.com.br\/site\/#organization"},"image":{"@id":"https:\/\/juacontecimentos.com.br\/site\/em-anhanguera-marcelo-paiva-inaugura-comite-de-campanha-e-anuncia-flavio-pereira-como-novo-vice-prefeito\/#primaryimage"},"thumbnailUrl":"https:\/\/juacontecimentos.com.br\/site\/wp-content\/uploads\/2020\/10\/IMG_20201017_205614560.jpg","articleSection":["Brasil","Catal\u00e3o","Destaque","Goi\u00e1s"],"inLanguage":"pt-BR"},{"@type":"WebPage","@id":"https:\/\/juacontecimentos.com.br\/site\/em-anhanguera-marcelo-paiva-inaugura-comite-de-campanha-e-anuncia-flavio-pereira-como-novo-vice-prefeito\/","url":"https:\/\/juacontecimentos.com.br\/site\/em-anhanguera-marcelo-paiva-inaugura-comite-de-campanha-e-anuncia-flavio-pereira-como-novo-vice-prefeito\/","name":"Em Anhanguera - Marcelo Paiva inaugura comit\u00ea de campanha e anuncia Fl\u00e1vio Pereira como novo vice-prefeito - Jornal Ultimos Acontecimentos","isPartOf":{"@id":"https:\/\/juacontecimentos.com.br\/site\/#website"},"primaryImageOfPage":{"@id":"https:\/\/juacontecimentos.com.br\/site\/em-anhanguera-marcelo-paiva-inaugura-comite-de-campanha-e-anuncia-flavio-pereira-como-novo-vice-prefeito\/#primaryimage"},"image":{"@id":"https:\/\/juacontecimentos.com.br\/site\/em-anhanguera-marcelo-paiva-inaugura-comite-de-campanha-e-anuncia-flavio-pereira-como-novo-vice-prefeito\/#primaryimage"},"thumbnailUrl":"https:\/\/juacontecimentos.com.br\/site\/wp-content\/uploads\/2020\/10\/IMG_20201017_205614560.jpg","datePublished":"2020-10-18T02:15:55+00:00","dateModified":"2020-10-18T09:27:47+00:00","breadcrumb":{"@id":"https:\/\/juacontecimentos.com.br\/site\/em-anhanguera-marcelo-paiva-inaugura-comite-de-campanha-e-anuncia-flavio-pereira-como-novo-vice-prefeito\/#breadcrumb"},"inLanguage":"pt-BR","potentialAction":[{"@type":"ReadAction","target":["https:\/\/juacontecimentos.com.br\/site\/em-anhanguera-marcelo-paiva-inaugura-comite-de-campanha-e-anuncia-flavio-pereira-como-novo-vice-prefeito\/"]}]},{"@type":"ImageObject","inLanguage":"pt-BR","@id":"https:\/\/juacontecimentos.com.br\/site\/em-anhanguera-marcelo-paiva-inaugura-comite-de-campanha-e-anuncia-flavio-pereira-como-novo-vice-prefeito\/#primaryimage","url":"https:\/\/juacontecimentos.com.br\/site\/wp-content\/uploads\/2020\/10\/IMG_20201017_205614560.jpg","contentUrl":"https:\/\/juacontecimentos.com.br\/site\/wp-content\/uploads\/2020\/10\/IMG_20201017_205614560.jpg","width":4160,"height":2340},{"@type":"BreadcrumbList","@id":"https:\/\/juacontecimentos.com.br\/site\/em-anhanguera-marcelo-paiva-inaugura-comite-de-campanha-e-anuncia-flavio-pereira-como-novo-vice-prefeito\/#breadcrumb","itemListElement":[{"@type":"ListItem","position":1,"name":"In\u00edcio","item":"https:\/\/juacontecimentos.com.br\/site\/"},{"@type":"ListItem","position":2,"name":"Em Anhanguera &#8211; Marcelo Paiva inaugura comit\u00ea de campanha e anuncia Fl\u00e1vio Pereira como novo vice-prefeito"}]},{"@type":"WebSite","@id":"https:\/\/juacontecimentos.com.br\/site\/#website","url":"https:\/\/juacontecimentos.com.br\/site\/","name":"Jornal Ultimos Acontecimentos","description":"Catal\u00e3o e regi\u00e3o","publisher":{"@id":"https:\/\/juacontecimentos.com.br\/site\/#organization"},"potentialAction":[{"@type":"SearchAction","target":{"@type":"EntryPoint","urlTemplate":"https:\/\/juacontecimentos.com.br\/site\/?s={search_term_string}"},"query-input":{"@type":"PropertyValueSpecification","valueRequired":true,"valueName":"search_term_string"}}],"inLanguage":"pt-BR"},{"@type":"Organization","@id":"https:\/\/juacontecimentos.com.br\/site\/#organization","name":"Jornal Ultimos Acontecimentos","url":"https:\/\/juacontecimentos.com.br\/site\/","logo":{"@type":"ImageObject","inLanguage":"pt-BR","@id":"https:\/\/juacontecimentos.com.br\/site\/#\/schema\/logo\/image\/","url":"https:\/\/juacontecimentos.com.br\/site\/wp-content\/uploads\/2023\/04\/Logo_Site.png","contentUrl":"https:\/\/juacontecimentos.com.br\/site\/wp-content\/uploads\/2023\/04\/Logo_Site.png","width":2476,"height":530,"caption":"Jornal Ultimos Acontecimentos"},"image":{"@id":"https:\/\/juacontecimentos.com.br\/site\/#\/schema\/logo\/image\/"},"sameAs":["https:\/\/www.facebook.com\/jultimosacontecimentos\/"]},{"@type":"Person","@id":"https:\/\/juacontecimentos.com.br\/site\/#\/schema\/person\/082a54e6d3fdd7a633291428521c9669","name":"Reginaldo Ribeiro","image":{"@type":"ImageObject","inLanguage":"pt-BR","@id":"https:\/\/juacontecimentos.com.br\/site\/#\/schema\/person\/image\/","url":"https:\/\/secure.gravatar.com\/avatar\/5c16c6837c3490270a74d888c2a845728f06bdde1f8761de1de1d1d1ef82d12f?s=96&d=mm&r=g","contentUrl":"https:\/\/secure.gravatar.com\/avatar\/5c16c6837c3490270a74d888c2a845728f06bdde1f8761de1de1d1d1ef82d12f?s=96&d=mm&r=g","caption":"Reginaldo Ribeiro"}}]}},"_links":{"self":[{"href":"https:\/\/juacontecimentos.com.br\/site\/wp-json\/wp\/v2\/posts\/11615","targetHints":{"allow":["GET"]}}],"collection":[{"href":"https:\/\/juacontecimentos.com.br\/site\/wp-json\/wp\/v2\/posts"}],"about":[{"href":"https:\/\/juacontecimentos.com.br\/site\/wp-json\/wp\/v2\/types\/post"}],"author":[{"embeddable":true,"href":"https:\/\/juacontecimentos.com.br\/site\/wp-json\/wp\/v2\/users\/2"}],"replies":[{"embeddable":true,"href":"https:\/\/juacontecimentos.com.br\/site\/wp-json\/wp\/v2\/comments?post=11615"}],"version-history":[{"count":3,"href":"https:\/\/juacontecimentos.com.br\/site\/wp-json\/wp\/v2\/posts\/11615\/revisions"}],"predecessor-version":[{"id":11638,"href":"https:\/\/juacontecimentos.com.br\/site\/wp-json\/wp\/v2\/posts\/11615\/revisions\/11638"}],"wp:featuredmedia":[{"embeddable":true,"href":"https:\/\/juacontecimentos.com.br\/site\/wp-json\/wp\/v2\/media\/11634"}],"wp:attachment":[{"href":"https:\/\/juacontecimentos.com.br\/site\/wp-json\/wp\/v2\/media?parent=11615"}],"wp:term":[{"taxonomy":"category","embeddable":true,"href":"https:\/\/juacontecimentos.com.br\/site\/wp-json\/wp\/v2\/categories?post=11615"},{"taxonomy":"post_tag","embeddable":true,"href":"https:\/\/juacontecimentos.com.br\/site\/wp-json\/wp\/v2\/tags?post=11615"}],"curies":[{"name":"wp","href":"https:\/\/api.w.org\/{rel}","templated":true}]}}