{"id":11956,"date":"2020-11-05T07:15:42","date_gmt":"2020-11-05T10:15:42","guid":{"rendered":"http:\/\/juacontecimentos.com.br\/site\/?p=11956"},"modified":"2020-11-05T07:15:42","modified_gmt":"2020-11-05T10:15:42","slug":"acoes-do-mpe-sao-julgadas-procedentes-para-indeferir-candidaturas-prefeito-de-caldas-novas-e-rio-quente","status":"publish","type":"post","link":"https:\/\/juacontecimentos.com.br\/site\/acoes-do-mpe-sao-julgadas-procedentes-para-indeferir-candidaturas-prefeito-de-caldas-novas-e-rio-quente\/","title":{"rendered":"A\u00e7\u00f5es do MPE s\u00e3o julgadas procedentes para indeferir candidaturas a prefeito de Caldas Novas e Rio Quente"},"content":{"rendered":"<p>Ap\u00f3s julgamento pela proced\u00eancia de tr\u00eas a\u00e7\u00f5es de impugna\u00e7\u00e3o de registros de candidaturas a prefeito, est\u00e3o indeferidos os pedidos de Fl\u00e1vio Canedo e Jos\u00e9 de Ara\u00fajo, ao cargo de chefe do Executivo de Caldas Novas, e de \u00canio Eur\u00edpedes, que pleiteava o registro como candidato a prefeito de Rio Quente. As a\u00e7\u00f5es foram propostas pelo promotor eleitoral Vin\u00edcius de Castro Borges, que atua na 7\u00aa Zona Eleitoral.<\/p>\n<p><strong>Caldas Novas<\/strong><br \/>\nO juiz eleitoral Tiago Bentes julgou procedente o pedido do Minist\u00e9rio P\u00fablico Eleitoral (MPE), indeferindo o requerimento de registro de candidatura apresentado por Fl\u00e1vio de Paula Canedo (Fl\u00e1vio Canedo) para o cargo de prefeito de Caldas Novas, em raz\u00e3o de seu estado de inelegibilidade. Segundo apontou o MPE, Fl\u00e1vio de Paula Canedo (PL) foi condenado por \u00f3rg\u00e3o colegiado, em 7 de maio de 2019 (data do ac\u00f3rd\u00e3o), a uma pena de 5 anos de reclus\u00e3o em regime semiaberto, pela pr\u00e1tica de crime de tortura, nos autos da A\u00e7\u00e3o Penal 201490430911.<\/p>\n<p>O Tribunal de Justi\u00e7a de Goi\u00e1s (TJGO) negou, em 20 de maio deste ano, seguimento a recurso especial interposto por Fl\u00e1vio Canedo. \u201cOs autos dessa a\u00e7\u00e3o, na qual foi proferida a decis\u00e3o do presidente do TJGO que negou seguimento ao recurso especial, foram recebidos pela assessoria de recursos constitucionais, onde tramitam, em 2 de julho deste ano, de forma que, nesta data, enseja a causa de inelegibilidade disposta em lei\u201d, concluiu o juiz eleitoral.<br \/>\nTiago Bentes tamb\u00e9m julgou procedente a pretens\u00e3o do MPE e indeferiu o registro de candidatura de Jos\u00e9 Ara\u00fajo Lima (Z\u00e9 Ara\u00fajo) ao cargo de prefeito de Caldas Novas. Na a\u00e7\u00e3o de impugna\u00e7\u00e3o, Vin\u00edcius de Castro Borges argumentou que Z\u00e9 Ara\u00fajo foi condenado pelo crime de apropria\u00e7\u00e3o ind\u00e9bita previdenci\u00e1ria, praticado de forma continuada, a uma pena privativa de liberdade de 3 anos, 1 m\u00eas e 15 dias de reclus\u00e3o e 50 dias-multa. A pena foi extinta pelo cumprimento em 27 de julho de 2016, mas a inelegibilidade segue at\u00e9 27 de julho de 2024.<\/p>\n<p><strong>Rio Quente<\/strong><br \/>\nO Ju\u00edzo Eleitoral julgou procedente o pedido formulado pelo MPE e indeferiu o requerimento de registro de candidatura de \u00canio Eur\u00edpedes da Cunha ao cargo de prefeito de Rio Quente. Na a\u00e7\u00e3o de impugna\u00e7\u00e3o, a Promotoria Eleitoral demonstrou que o interessado no cargo est\u00e1 com os seus direitos pol\u00edticos suspensos em virtude de ter sido condenado, por senten\u00e7a transitada em julgado, por ato doloso de improbidade que provocou seu enriquecimento il\u00edcito, com preju\u00edzo ao er\u00e1rio. A suspens\u00e3o dos direitos pol\u00edticos perdurar\u00e1 at\u00e9 4 de dezembro de 2020.<em>\u00a0<\/em><\/p>\n<p><em>(Texto: Cristiani Hon\u00f3rio\/Assessoria de Comunica\u00e7\u00e3o Social do MP-GO)<\/em><br \/>\n<\/p>\n","protected":false},"excerpt":{"rendered":"<p>Ap\u00f3s julgamento pela proced\u00eancia de tr\u00eas a\u00e7\u00f5es de impugna\u00e7\u00e3o de registros de candidaturas a prefeito, est\u00e3o indeferidos os pedidos de Fl\u00e1vio Canedo e Jos\u00e9 de Ara\u00fajo, ao cargo de chefe do Executivo de Caldas Novas, e de \u00canio Eur\u00edpedes, que pleiteava o registro como candidato a prefeito de Rio Quente. As a\u00e7\u00f5es foram propostas pelo<\/p>\n","protected":false},"author":2,"featured_media":11599,"comment_status":"open","ping_status":"open","sticky":false,"template":"","format":"standard","meta":{"footnotes":""},"categories":[27,22,26,23],"tags":[],"class_list":["post-11956","post","type-post","status-publish","format-standard","has-post-thumbnail","hentry","category-brasil","category-catalao","category-destaque","category-goias"],"yoast_head":"<!-- This site is optimized with the Yoast SEO plugin v25.8 - https:\/\/yoast.com\/wordpress\/plugins\/seo\/ -->\n<title>A\u00e7\u00f5es do MPE s\u00e3o julgadas procedentes para indeferir candidaturas a prefeito de Caldas Novas e Rio Quente - Jornal Ultimos Acontecimentos<\/title>\n<meta name=\"robots\" content=\"index, follow, max-snippet:-1, max-image-preview:large, max-video-preview:-1\" \/>\n<link rel=\"canonical\" href=\"https:\/\/juacontecimentos.com.br\/site\/acoes-do-mpe-sao-julgadas-procedentes-para-indeferir-candidaturas-prefeito-de-caldas-novas-e-rio-quente\/\" \/>\n<meta property=\"og:locale\" content=\"pt_BR\" \/>\n<meta property=\"og:type\" content=\"article\" \/>\n<meta property=\"og:title\" content=\"A\u00e7\u00f5es do MPE s\u00e3o julgadas procedentes para indeferir candidaturas a prefeito de Caldas Novas e Rio Quente - Jornal Ultimos Acontecimentos\" \/>\n<meta property=\"og:description\" content=\"Ap\u00f3s julgamento pela proced\u00eancia de tr\u00eas a\u00e7\u00f5es de impugna\u00e7\u00e3o de registros de candidaturas a prefeito, est\u00e3o indeferidos os pedidos de Fl\u00e1vio Canedo e Jos\u00e9 de Ara\u00fajo, ao cargo de chefe do Executivo de Caldas Novas, e de \u00canio Eur\u00edpedes, que pleiteava o registro como candidato a prefeito de Rio Quente. As a\u00e7\u00f5es foram propostas pelo\" \/>\n<meta property=\"og:url\" content=\"https:\/\/juacontecimentos.com.br\/site\/acoes-do-mpe-sao-julgadas-procedentes-para-indeferir-candidaturas-prefeito-de-caldas-novas-e-rio-quente\/\" \/>\n<meta property=\"og:site_name\" content=\"Jornal Ultimos Acontecimentos\" \/>\n<meta property=\"article:publisher\" content=\"https:\/\/www.facebook.com\/jultimosacontecimentos\/\" \/>\n<meta property=\"article:published_time\" content=\"2020-11-05T10:15:42+00:00\" \/>\n<meta property=\"og:image\" content=\"https:\/\/juacontecimentos.com.br\/site\/wp-content\/uploads\/2020\/10\/Banner-elei\u00e7\u00f5es-2020-eleitoral-amarelo.png\" \/>\n\t<meta property=\"og:image:width\" content=\"307\" \/>\n\t<meta property=\"og:image:height\" content=\"204\" \/>\n\t<meta property=\"og:image:type\" content=\"image\/png\" \/>\n<meta name=\"author\" content=\"Reginaldo Ribeiro\" \/>\n<meta name=\"twitter:card\" content=\"summary_large_image\" \/>\n<meta name=\"twitter:label1\" content=\"Escrito por\" \/>\n\t<meta name=\"twitter:data1\" content=\"Reginaldo Ribeiro\" \/>\n\t<meta name=\"twitter:label2\" content=\"Est. tempo de leitura\" \/>\n\t<meta name=\"twitter:data2\" content=\"2 minutos\" \/>\n<script type=\"application\/ld+json\" class=\"yoast-schema-graph\">{\"@context\":\"https:\/\/schema.org\",\"@graph\":[{\"@type\":\"Article\",\"@id\":\"https:\/\/juacontecimentos.com.br\/site\/acoes-do-mpe-sao-julgadas-procedentes-para-indeferir-candidaturas-prefeito-de-caldas-novas-e-rio-quente\/#article\",\"isPartOf\":{\"@id\":\"https:\/\/juacontecimentos.com.br\/site\/acoes-do-mpe-sao-julgadas-procedentes-para-indeferir-candidaturas-prefeito-de-caldas-novas-e-rio-quente\/\"},\"author\":{\"name\":\"Reginaldo Ribeiro\",\"@id\":\"https:\/\/juacontecimentos.com.br\/site\/#\/schema\/person\/082a54e6d3fdd7a633291428521c9669\"},\"headline\":\"A\u00e7\u00f5es do MPE s\u00e3o julgadas procedentes para indeferir candidaturas a prefeito de Caldas Novas e Rio Quente\",\"datePublished\":\"2020-11-05T10:15:42+00:00\",\"mainEntityOfPage\":{\"@id\":\"https:\/\/juacontecimentos.com.br\/site\/acoes-do-mpe-sao-julgadas-procedentes-para-indeferir-candidaturas-prefeito-de-caldas-novas-e-rio-quente\/\"},\"wordCount\":480,\"commentCount\":0,\"publisher\":{\"@id\":\"https:\/\/juacontecimentos.com.br\/site\/#organization\"},\"image\":{\"@id\":\"https:\/\/juacontecimentos.com.br\/site\/acoes-do-mpe-sao-julgadas-procedentes-para-indeferir-candidaturas-prefeito-de-caldas-novas-e-rio-quente\/#primaryimage\"},\"thumbnailUrl\":\"https:\/\/juacontecimentos.com.br\/site\/wp-content\/uploads\/2020\/10\/Banner-elei\u00e7\u00f5es-2020-eleitoral-amarelo.png\",\"articleSection\":[\"Brasil\",\"Catal\u00e3o\",\"Destaque\",\"Goi\u00e1s\"],\"inLanguage\":\"pt-BR\"},{\"@type\":\"WebPage\",\"@id\":\"https:\/\/juacontecimentos.com.br\/site\/acoes-do-mpe-sao-julgadas-procedentes-para-indeferir-candidaturas-prefeito-de-caldas-novas-e-rio-quente\/\",\"url\":\"https:\/\/juacontecimentos.com.br\/site\/acoes-do-mpe-sao-julgadas-procedentes-para-indeferir-candidaturas-prefeito-de-caldas-novas-e-rio-quente\/\",\"name\":\"A\u00e7\u00f5es do MPE s\u00e3o julgadas procedentes para indeferir candidaturas a prefeito de Caldas Novas e Rio Quente - Jornal Ultimos Acontecimentos\",\"isPartOf\":{\"@id\":\"https:\/\/juacontecimentos.com.br\/site\/#website\"},\"primaryImageOfPage\":{\"@id\":\"https:\/\/juacontecimentos.com.br\/site\/acoes-do-mpe-sao-julgadas-procedentes-para-indeferir-candidaturas-prefeito-de-caldas-novas-e-rio-quente\/#primaryimage\"},\"image\":{\"@id\":\"https:\/\/juacontecimentos.com.br\/site\/acoes-do-mpe-sao-julgadas-procedentes-para-indeferir-candidaturas-prefeito-de-caldas-novas-e-rio-quente\/#primaryimage\"},\"thumbnailUrl\":\"https:\/\/juacontecimentos.com.br\/site\/wp-content\/uploads\/2020\/10\/Banner-elei\u00e7\u00f5es-2020-eleitoral-amarelo.png\",\"datePublished\":\"2020-11-05T10:15:42+00:00\",\"breadcrumb\":{\"@id\":\"https:\/\/juacontecimentos.com.br\/site\/acoes-do-mpe-sao-julgadas-procedentes-para-indeferir-candidaturas-prefeito-de-caldas-novas-e-rio-quente\/#breadcrumb\"},\"inLanguage\":\"pt-BR\",\"potentialAction\":[{\"@type\":\"ReadAction\",\"target\":[\"https:\/\/juacontecimentos.com.br\/site\/acoes-do-mpe-sao-julgadas-procedentes-para-indeferir-candidaturas-prefeito-de-caldas-novas-e-rio-quente\/\"]}]},{\"@type\":\"ImageObject\",\"inLanguage\":\"pt-BR\",\"@id\":\"https:\/\/juacontecimentos.com.br\/site\/acoes-do-mpe-sao-julgadas-procedentes-para-indeferir-candidaturas-prefeito-de-caldas-novas-e-rio-quente\/#primaryimage\",\"url\":\"https:\/\/juacontecimentos.com.br\/site\/wp-content\/uploads\/2020\/10\/Banner-elei\u00e7\u00f5es-2020-eleitoral-amarelo.png\",\"contentUrl\":\"https:\/\/juacontecimentos.com.br\/site\/wp-content\/uploads\/2020\/10\/Banner-elei\u00e7\u00f5es-2020-eleitoral-amarelo.png\",\"width\":307,\"height\":204},{\"@type\":\"BreadcrumbList\",\"@id\":\"https:\/\/juacontecimentos.com.br\/site\/acoes-do-mpe-sao-julgadas-procedentes-para-indeferir-candidaturas-prefeito-de-caldas-novas-e-rio-quente\/#breadcrumb\",\"itemListElement\":[{\"@type\":\"ListItem\",\"position\":1,\"name\":\"In\u00edcio\",\"item\":\"https:\/\/juacontecimentos.com.br\/site\/\"},{\"@type\":\"ListItem\",\"position\":2,\"name\":\"A\u00e7\u00f5es do MPE s\u00e3o julgadas procedentes para indeferir candidaturas a prefeito de Caldas Novas e Rio Quente\"}]},{\"@type\":\"WebSite\",\"@id\":\"https:\/\/juacontecimentos.com.br\/site\/#website\",\"url\":\"https:\/\/juacontecimentos.com.br\/site\/\",\"name\":\"Jornal Ultimos Acontecimentos\",\"description\":\"Catal\u00e3o e regi\u00e3o\",\"publisher\":{\"@id\":\"https:\/\/juacontecimentos.com.br\/site\/#organization\"},\"potentialAction\":[{\"@type\":\"SearchAction\",\"target\":{\"@type\":\"EntryPoint\",\"urlTemplate\":\"https:\/\/juacontecimentos.com.br\/site\/?s={search_term_string}\"},\"query-input\":{\"@type\":\"PropertyValueSpecification\",\"valueRequired\":true,\"valueName\":\"search_term_string\"}}],\"inLanguage\":\"pt-BR\"},{\"@type\":\"Organization\",\"@id\":\"https:\/\/juacontecimentos.com.br\/site\/#organization\",\"name\":\"Jornal Ultimos Acontecimentos\",\"url\":\"https:\/\/juacontecimentos.com.br\/site\/\",\"logo\":{\"@type\":\"ImageObject\",\"inLanguage\":\"pt-BR\",\"@id\":\"https:\/\/juacontecimentos.com.br\/site\/#\/schema\/logo\/image\/\",\"url\":\"https:\/\/juacontecimentos.com.br\/site\/wp-content\/uploads\/2023\/04\/Logo_Site.png\",\"contentUrl\":\"https:\/\/juacontecimentos.com.br\/site\/wp-content\/uploads\/2023\/04\/Logo_Site.png\",\"width\":2476,\"height\":530,\"caption\":\"Jornal Ultimos Acontecimentos\"},\"image\":{\"@id\":\"https:\/\/juacontecimentos.com.br\/site\/#\/schema\/logo\/image\/\"},\"sameAs\":[\"https:\/\/www.facebook.com\/jultimosacontecimentos\/\"]},{\"@type\":\"Person\",\"@id\":\"https:\/\/juacontecimentos.com.br\/site\/#\/schema\/person\/082a54e6d3fdd7a633291428521c9669\",\"name\":\"Reginaldo Ribeiro\",\"image\":{\"@type\":\"ImageObject\",\"inLanguage\":\"pt-BR\",\"@id\":\"https:\/\/juacontecimentos.com.br\/site\/#\/schema\/person\/image\/\",\"url\":\"https:\/\/secure.gravatar.com\/avatar\/5c16c6837c3490270a74d888c2a845728f06bdde1f8761de1de1d1d1ef82d12f?s=96&d=mm&r=g\",\"contentUrl\":\"https:\/\/secure.gravatar.com\/avatar\/5c16c6837c3490270a74d888c2a845728f06bdde1f8761de1de1d1d1ef82d12f?s=96&d=mm&r=g\",\"caption\":\"Reginaldo Ribeiro\"}}]}<\/script>\n<!-- \/ Yoast SEO plugin. -->","yoast_head_json":{"title":"A\u00e7\u00f5es do MPE s\u00e3o julgadas procedentes para indeferir candidaturas a prefeito de Caldas Novas e Rio Quente - Jornal Ultimos Acontecimentos","robots":{"index":"index","follow":"follow","max-snippet":"max-snippet:-1","max-image-preview":"max-image-preview:large","max-video-preview":"max-video-preview:-1"},"canonical":"https:\/\/juacontecimentos.com.br\/site\/acoes-do-mpe-sao-julgadas-procedentes-para-indeferir-candidaturas-prefeito-de-caldas-novas-e-rio-quente\/","og_locale":"pt_BR","og_type":"article","og_title":"A\u00e7\u00f5es do MPE s\u00e3o julgadas procedentes para indeferir candidaturas a prefeito de Caldas Novas e Rio Quente - Jornal Ultimos Acontecimentos","og_description":"Ap\u00f3s julgamento pela proced\u00eancia de tr\u00eas a\u00e7\u00f5es de impugna\u00e7\u00e3o de registros de candidaturas a prefeito, est\u00e3o indeferidos os pedidos de Fl\u00e1vio Canedo e Jos\u00e9 de Ara\u00fajo, ao cargo de chefe do Executivo de Caldas Novas, e de \u00canio Eur\u00edpedes, que pleiteava o registro como candidato a prefeito de Rio Quente. As a\u00e7\u00f5es foram propostas pelo","og_url":"https:\/\/juacontecimentos.com.br\/site\/acoes-do-mpe-sao-julgadas-procedentes-para-indeferir-candidaturas-prefeito-de-caldas-novas-e-rio-quente\/","og_site_name":"Jornal Ultimos Acontecimentos","article_publisher":"https:\/\/www.facebook.com\/jultimosacontecimentos\/","article_published_time":"2020-11-05T10:15:42+00:00","og_image":[{"width":307,"height":204,"url":"https:\/\/juacontecimentos.com.br\/site\/wp-content\/uploads\/2020\/10\/Banner-elei\u00e7\u00f5es-2020-eleitoral-amarelo.png","type":"image\/png"}],"author":"Reginaldo Ribeiro","twitter_card":"summary_large_image","twitter_misc":{"Escrito por":"Reginaldo Ribeiro","Est. tempo de leitura":"2 minutos"},"schema":{"@context":"https:\/\/schema.org","@graph":[{"@type":"Article","@id":"https:\/\/juacontecimentos.com.br\/site\/acoes-do-mpe-sao-julgadas-procedentes-para-indeferir-candidaturas-prefeito-de-caldas-novas-e-rio-quente\/#article","isPartOf":{"@id":"https:\/\/juacontecimentos.com.br\/site\/acoes-do-mpe-sao-julgadas-procedentes-para-indeferir-candidaturas-prefeito-de-caldas-novas-e-rio-quente\/"},"author":{"name":"Reginaldo Ribeiro","@id":"https:\/\/juacontecimentos.com.br\/site\/#\/schema\/person\/082a54e6d3fdd7a633291428521c9669"},"headline":"A\u00e7\u00f5es do MPE s\u00e3o julgadas procedentes para indeferir candidaturas a prefeito de Caldas Novas e Rio Quente","datePublished":"2020-11-05T10:15:42+00:00","mainEntityOfPage":{"@id":"https:\/\/juacontecimentos.com.br\/site\/acoes-do-mpe-sao-julgadas-procedentes-para-indeferir-candidaturas-prefeito-de-caldas-novas-e-rio-quente\/"},"wordCount":480,"commentCount":0,"publisher":{"@id":"https:\/\/juacontecimentos.com.br\/site\/#organization"},"image":{"@id":"https:\/\/juacontecimentos.com.br\/site\/acoes-do-mpe-sao-julgadas-procedentes-para-indeferir-candidaturas-prefeito-de-caldas-novas-e-rio-quente\/#primaryimage"},"thumbnailUrl":"https:\/\/juacontecimentos.com.br\/site\/wp-content\/uploads\/2020\/10\/Banner-elei\u00e7\u00f5es-2020-eleitoral-amarelo.png","articleSection":["Brasil","Catal\u00e3o","Destaque","Goi\u00e1s"],"inLanguage":"pt-BR"},{"@type":"WebPage","@id":"https:\/\/juacontecimentos.com.br\/site\/acoes-do-mpe-sao-julgadas-procedentes-para-indeferir-candidaturas-prefeito-de-caldas-novas-e-rio-quente\/","url":"https:\/\/juacontecimentos.com.br\/site\/acoes-do-mpe-sao-julgadas-procedentes-para-indeferir-candidaturas-prefeito-de-caldas-novas-e-rio-quente\/","name":"A\u00e7\u00f5es do MPE s\u00e3o julgadas procedentes para indeferir candidaturas a prefeito de Caldas Novas e Rio Quente - Jornal Ultimos Acontecimentos","isPartOf":{"@id":"https:\/\/juacontecimentos.com.br\/site\/#website"},"primaryImageOfPage":{"@id":"https:\/\/juacontecimentos.com.br\/site\/acoes-do-mpe-sao-julgadas-procedentes-para-indeferir-candidaturas-prefeito-de-caldas-novas-e-rio-quente\/#primaryimage"},"image":{"@id":"https:\/\/juacontecimentos.com.br\/site\/acoes-do-mpe-sao-julgadas-procedentes-para-indeferir-candidaturas-prefeito-de-caldas-novas-e-rio-quente\/#primaryimage"},"thumbnailUrl":"https:\/\/juacontecimentos.com.br\/site\/wp-content\/uploads\/2020\/10\/Banner-elei\u00e7\u00f5es-2020-eleitoral-amarelo.png","datePublished":"2020-11-05T10:15:42+00:00","breadcrumb":{"@id":"https:\/\/juacontecimentos.com.br\/site\/acoes-do-mpe-sao-julgadas-procedentes-para-indeferir-candidaturas-prefeito-de-caldas-novas-e-rio-quente\/#breadcrumb"},"inLanguage":"pt-BR","potentialAction":[{"@type":"ReadAction","target":["https:\/\/juacontecimentos.com.br\/site\/acoes-do-mpe-sao-julgadas-procedentes-para-indeferir-candidaturas-prefeito-de-caldas-novas-e-rio-quente\/"]}]},{"@type":"ImageObject","inLanguage":"pt-BR","@id":"https:\/\/juacontecimentos.com.br\/site\/acoes-do-mpe-sao-julgadas-procedentes-para-indeferir-candidaturas-prefeito-de-caldas-novas-e-rio-quente\/#primaryimage","url":"https:\/\/juacontecimentos.com.br\/site\/wp-content\/uploads\/2020\/10\/Banner-elei\u00e7\u00f5es-2020-eleitoral-amarelo.png","contentUrl":"https:\/\/juacontecimentos.com.br\/site\/wp-content\/uploads\/2020\/10\/Banner-elei\u00e7\u00f5es-2020-eleitoral-amarelo.png","width":307,"height":204},{"@type":"BreadcrumbList","@id":"https:\/\/juacontecimentos.com.br\/site\/acoes-do-mpe-sao-julgadas-procedentes-para-indeferir-candidaturas-prefeito-de-caldas-novas-e-rio-quente\/#breadcrumb","itemListElement":[{"@type":"ListItem","position":1,"name":"In\u00edcio","item":"https:\/\/juacontecimentos.com.br\/site\/"},{"@type":"ListItem","position":2,"name":"A\u00e7\u00f5es do MPE s\u00e3o julgadas procedentes para indeferir candidaturas a prefeito de Caldas Novas e Rio Quente"}]},{"@type":"WebSite","@id":"https:\/\/juacontecimentos.com.br\/site\/#website","url":"https:\/\/juacontecimentos.com.br\/site\/","name":"Jornal Ultimos Acontecimentos","description":"Catal\u00e3o e regi\u00e3o","publisher":{"@id":"https:\/\/juacontecimentos.com.br\/site\/#organization"},"potentialAction":[{"@type":"SearchAction","target":{"@type":"EntryPoint","urlTemplate":"https:\/\/juacontecimentos.com.br\/site\/?s={search_term_string}"},"query-input":{"@type":"PropertyValueSpecification","valueRequired":true,"valueName":"search_term_string"}}],"inLanguage":"pt-BR"},{"@type":"Organization","@id":"https:\/\/juacontecimentos.com.br\/site\/#organization","name":"Jornal Ultimos Acontecimentos","url":"https:\/\/juacontecimentos.com.br\/site\/","logo":{"@type":"ImageObject","inLanguage":"pt-BR","@id":"https:\/\/juacontecimentos.com.br\/site\/#\/schema\/logo\/image\/","url":"https:\/\/juacontecimentos.com.br\/site\/wp-content\/uploads\/2023\/04\/Logo_Site.png","contentUrl":"https:\/\/juacontecimentos.com.br\/site\/wp-content\/uploads\/2023\/04\/Logo_Site.png","width":2476,"height":530,"caption":"Jornal Ultimos Acontecimentos"},"image":{"@id":"https:\/\/juacontecimentos.com.br\/site\/#\/schema\/logo\/image\/"},"sameAs":["https:\/\/www.facebook.com\/jultimosacontecimentos\/"]},{"@type":"Person","@id":"https:\/\/juacontecimentos.com.br\/site\/#\/schema\/person\/082a54e6d3fdd7a633291428521c9669","name":"Reginaldo Ribeiro","image":{"@type":"ImageObject","inLanguage":"pt-BR","@id":"https:\/\/juacontecimentos.com.br\/site\/#\/schema\/person\/image\/","url":"https:\/\/secure.gravatar.com\/avatar\/5c16c6837c3490270a74d888c2a845728f06bdde1f8761de1de1d1d1ef82d12f?s=96&d=mm&r=g","contentUrl":"https:\/\/secure.gravatar.com\/avatar\/5c16c6837c3490270a74d888c2a845728f06bdde1f8761de1de1d1d1ef82d12f?s=96&d=mm&r=g","caption":"Reginaldo Ribeiro"}}]}},"_links":{"self":[{"href":"https:\/\/juacontecimentos.com.br\/site\/wp-json\/wp\/v2\/posts\/11956","targetHints":{"allow":["GET"]}}],"collection":[{"href":"https:\/\/juacontecimentos.com.br\/site\/wp-json\/wp\/v2\/posts"}],"about":[{"href":"https:\/\/juacontecimentos.com.br\/site\/wp-json\/wp\/v2\/types\/post"}],"author":[{"embeddable":true,"href":"https:\/\/juacontecimentos.com.br\/site\/wp-json\/wp\/v2\/users\/2"}],"replies":[{"embeddable":true,"href":"https:\/\/juacontecimentos.com.br\/site\/wp-json\/wp\/v2\/comments?post=11956"}],"version-history":[{"count":1,"href":"https:\/\/juacontecimentos.com.br\/site\/wp-json\/wp\/v2\/posts\/11956\/revisions"}],"predecessor-version":[{"id":11957,"href":"https:\/\/juacontecimentos.com.br\/site\/wp-json\/wp\/v2\/posts\/11956\/revisions\/11957"}],"wp:featuredmedia":[{"embeddable":true,"href":"https:\/\/juacontecimentos.com.br\/site\/wp-json\/wp\/v2\/media\/11599"}],"wp:attachment":[{"href":"https:\/\/juacontecimentos.com.br\/site\/wp-json\/wp\/v2\/media?parent=11956"}],"wp:term":[{"taxonomy":"category","embeddable":true,"href":"https:\/\/juacontecimentos.com.br\/site\/wp-json\/wp\/v2\/categories?post=11956"},{"taxonomy":"post_tag","embeddable":true,"href":"https:\/\/juacontecimentos.com.br\/site\/wp-json\/wp\/v2\/tags?post=11956"}],"curies":[{"name":"wp","href":"https:\/\/api.w.org\/{rel}","templated":true}]}}