{"id":1197,"date":"2017-06-29T17:27:11","date_gmt":"2017-06-29T20:27:11","guid":{"rendered":"http:\/\/juacontecimentos.com.br\/site\/?p=1197"},"modified":"2017-06-29T17:27:11","modified_gmt":"2017-06-29T20:27:11","slug":"demostenes-torres-reassume-cargo-de-procurador-no-mp-de-goias-e-tira-dois-meses-de-ferias","status":"publish","type":"post","link":"https:\/\/juacontecimentos.com.br\/site\/demostenes-torres-reassume-cargo-de-procurador-no-mp-de-goias-e-tira-dois-meses-de-ferias\/","title":{"rendered":"Dem\u00f3stenes Torres reassume cargo de procurador no MP de Goi\u00e1s e tira dois meses de f\u00e9rias"},"content":{"rendered":"<h3 style=\"text-align: center\">Ex-senador estava fora do Minist\u00e9rio P\u00fablico desde outubro de 2012 por conta dos processos que julgavam os supostos crimes investigados pelas opera\u00e7\u00f5es Vegas e Monte Carlo<\/h3>\n<p>Por: Fabiana Pulcineli \/ Opopular<\/p>\n<p>Livre de a\u00e7\u00f5es penais do caso Cachoeira, o ex-senador Dem\u00f3stenes Torres reassumiu nesta quinta-feira (29) o cargo de procurador de Justi\u00e7a do Minist\u00e9rio P\u00fablico de Goi\u00e1s (MP-GO) e tirou f\u00e9rias de dois meses. A convoca\u00e7\u00e3o dele foi feita pelo procurador Marcos de Abreu e Silva, vice-decano do MP-GO, seguindo decis\u00e3o do Tribunal de Justi\u00e7a de Goi\u00e1s (TJ-GO) que arquivou as a\u00e7\u00f5es penais e revogou a liminar que o afastou do cargo.<\/p>\n<p>Dem\u00f3stenes estava fora do MP desde outubro de 2012 por conta dos processos, mas continuou recebendo sal\u00e1rios e benef\u00edcios. Em entrevista ao POPULAR, publicada no dia 19, ele disse que tem de 15 a 20 f\u00e9rias para tirar, mas protocolou inicialmente no MP solicita\u00e7\u00e3o para tirar dois meses.<\/p>\n<p>Dem\u00f3stenes tamb\u00e9m afirmou que pretende se aposentar e se dedicar a advocacia. A solicita\u00e7\u00e3o da aposentadoria deve ocorrer ap\u00f3s o arquivamento de processos administrativos e a defini\u00e7\u00e3o sobre as f\u00e9rias acumuladas.<\/p>\n<p>O POPULAR mostrou na semana passada que <a href=\"http:\/\/www.opopular.com.br\/editorias\/cidade\/volta-de-dem%C3%B3stenes-ao-minist%C3%A9rio-p%C3%BAblico-provoca-mal-estar-1.1298346\">o retorno de Dem\u00f3stenes ao MP provoca mal-estar entre procuradores e promotores<\/a>, que defendem que ele se aposente logo e nem chegue a atuar no \u00f3rg\u00e3o.<br \/>\n<\/p>\n","protected":false},"excerpt":{"rendered":"<p>Ex-senador estava fora do Minist\u00e9rio P\u00fablico desde outubro de 2012 por conta dos processos que julgavam os supostos crimes investigados pelas opera\u00e7\u00f5es Vegas e Monte Carlo Por: Fabiana Pulcineli \/ Opopular Livre de a\u00e7\u00f5es penais do caso Cachoeira, o ex-senador Dem\u00f3stenes Torres reassumiu nesta quinta-feira (29) o cargo de procurador de Justi\u00e7a do Minist\u00e9rio P\u00fablico<\/p>\n","protected":false},"author":2,"featured_media":1198,"comment_status":"open","ping_status":"open","sticky":false,"template":"","format":"standard","meta":{"footnotes":""},"categories":[27,26,23],"tags":[],"class_list":["post-1197","post","type-post","status-publish","format-standard","has-post-thumbnail","hentry","category-brasil","category-destaque","category-goias"],"yoast_head":"<!-- This site is optimized with the Yoast SEO plugin v25.8 - https:\/\/yoast.com\/wordpress\/plugins\/seo\/ -->\n<title>Dem\u00f3stenes Torres reassume cargo de procurador no MP de Goi\u00e1s e tira dois meses de f\u00e9rias - Jornal Ultimos Acontecimentos<\/title>\n<meta name=\"robots\" content=\"index, follow, max-snippet:-1, max-image-preview:large, max-video-preview:-1\" \/>\n<link rel=\"canonical\" href=\"https:\/\/juacontecimentos.com.br\/site\/demostenes-torres-reassume-cargo-de-procurador-no-mp-de-goias-e-tira-dois-meses-de-ferias\/\" \/>\n<meta property=\"og:locale\" content=\"pt_BR\" \/>\n<meta property=\"og:type\" content=\"article\" \/>\n<meta property=\"og:title\" content=\"Dem\u00f3stenes Torres reassume cargo de procurador no MP de Goi\u00e1s e tira dois meses de f\u00e9rias - Jornal Ultimos Acontecimentos\" \/>\n<meta property=\"og:description\" content=\"Ex-senador estava fora do Minist\u00e9rio P\u00fablico desde outubro de 2012 por conta dos processos que julgavam os supostos crimes investigados pelas opera\u00e7\u00f5es Vegas e Monte Carlo Por: Fabiana Pulcineli \/ Opopular Livre de a\u00e7\u00f5es penais do caso Cachoeira, o ex-senador Dem\u00f3stenes Torres reassumiu nesta quinta-feira (29) o cargo de procurador de Justi\u00e7a do Minist\u00e9rio P\u00fablico\" \/>\n<meta property=\"og:url\" content=\"https:\/\/juacontecimentos.com.br\/site\/demostenes-torres-reassume-cargo-de-procurador-no-mp-de-goias-e-tira-dois-meses-de-ferias\/\" \/>\n<meta property=\"og:site_name\" content=\"Jornal Ultimos Acontecimentos\" \/>\n<meta property=\"article:publisher\" content=\"https:\/\/www.facebook.com\/jultimosacontecimentos\/\" \/>\n<meta property=\"article:published_time\" content=\"2017-06-29T20:27:11+00:00\" \/>\n<meta property=\"og:image\" content=\"https:\/\/juacontecimentos.com.br\/site\/wp-content\/uploads\/2017\/06\/untitledsu.png\" \/>\n\t<meta property=\"og:image:width\" content=\"800\" \/>\n\t<meta property=\"og:image:height\" content=\"549\" \/>\n\t<meta property=\"og:image:type\" content=\"image\/png\" \/>\n<meta name=\"author\" content=\"Reginaldo Ribeiro\" \/>\n<meta name=\"twitter:card\" content=\"summary_large_image\" \/>\n<meta name=\"twitter:label1\" content=\"Escrito por\" \/>\n\t<meta name=\"twitter:data1\" content=\"Reginaldo Ribeiro\" \/>\n\t<meta name=\"twitter:label2\" content=\"Est. tempo de leitura\" \/>\n\t<meta name=\"twitter:data2\" content=\"1 minuto\" \/>\n<script type=\"application\/ld+json\" class=\"yoast-schema-graph\">{\"@context\":\"https:\/\/schema.org\",\"@graph\":[{\"@type\":\"Article\",\"@id\":\"https:\/\/juacontecimentos.com.br\/site\/demostenes-torres-reassume-cargo-de-procurador-no-mp-de-goias-e-tira-dois-meses-de-ferias\/#article\",\"isPartOf\":{\"@id\":\"https:\/\/juacontecimentos.com.br\/site\/demostenes-torres-reassume-cargo-de-procurador-no-mp-de-goias-e-tira-dois-meses-de-ferias\/\"},\"author\":{\"name\":\"Reginaldo Ribeiro\",\"@id\":\"https:\/\/juacontecimentos.com.br\/site\/#\/schema\/person\/082a54e6d3fdd7a633291428521c9669\"},\"headline\":\"Dem\u00f3stenes Torres reassume cargo de procurador no MP de Goi\u00e1s e tira dois meses de f\u00e9rias\",\"datePublished\":\"2017-06-29T20:27:11+00:00\",\"mainEntityOfPage\":{\"@id\":\"https:\/\/juacontecimentos.com.br\/site\/demostenes-torres-reassume-cargo-de-procurador-no-mp-de-goias-e-tira-dois-meses-de-ferias\/\"},\"wordCount\":254,\"commentCount\":0,\"publisher\":{\"@id\":\"https:\/\/juacontecimentos.com.br\/site\/#organization\"},\"image\":{\"@id\":\"https:\/\/juacontecimentos.com.br\/site\/demostenes-torres-reassume-cargo-de-procurador-no-mp-de-goias-e-tira-dois-meses-de-ferias\/#primaryimage\"},\"thumbnailUrl\":\"https:\/\/juacontecimentos.com.br\/site\/wp-content\/uploads\/2017\/06\/untitledsu.png\",\"articleSection\":[\"Brasil\",\"Destaque\",\"Goi\u00e1s\"],\"inLanguage\":\"pt-BR\"},{\"@type\":\"WebPage\",\"@id\":\"https:\/\/juacontecimentos.com.br\/site\/demostenes-torres-reassume-cargo-de-procurador-no-mp-de-goias-e-tira-dois-meses-de-ferias\/\",\"url\":\"https:\/\/juacontecimentos.com.br\/site\/demostenes-torres-reassume-cargo-de-procurador-no-mp-de-goias-e-tira-dois-meses-de-ferias\/\",\"name\":\"Dem\u00f3stenes Torres reassume cargo de procurador no MP de Goi\u00e1s e tira dois meses de f\u00e9rias - Jornal Ultimos Acontecimentos\",\"isPartOf\":{\"@id\":\"https:\/\/juacontecimentos.com.br\/site\/#website\"},\"primaryImageOfPage\":{\"@id\":\"https:\/\/juacontecimentos.com.br\/site\/demostenes-torres-reassume-cargo-de-procurador-no-mp-de-goias-e-tira-dois-meses-de-ferias\/#primaryimage\"},\"image\":{\"@id\":\"https:\/\/juacontecimentos.com.br\/site\/demostenes-torres-reassume-cargo-de-procurador-no-mp-de-goias-e-tira-dois-meses-de-ferias\/#primaryimage\"},\"thumbnailUrl\":\"https:\/\/juacontecimentos.com.br\/site\/wp-content\/uploads\/2017\/06\/untitledsu.png\",\"datePublished\":\"2017-06-29T20:27:11+00:00\",\"breadcrumb\":{\"@id\":\"https:\/\/juacontecimentos.com.br\/site\/demostenes-torres-reassume-cargo-de-procurador-no-mp-de-goias-e-tira-dois-meses-de-ferias\/#breadcrumb\"},\"inLanguage\":\"pt-BR\",\"potentialAction\":[{\"@type\":\"ReadAction\",\"target\":[\"https:\/\/juacontecimentos.com.br\/site\/demostenes-torres-reassume-cargo-de-procurador-no-mp-de-goias-e-tira-dois-meses-de-ferias\/\"]}]},{\"@type\":\"ImageObject\",\"inLanguage\":\"pt-BR\",\"@id\":\"https:\/\/juacontecimentos.com.br\/site\/demostenes-torres-reassume-cargo-de-procurador-no-mp-de-goias-e-tira-dois-meses-de-ferias\/#primaryimage\",\"url\":\"https:\/\/juacontecimentos.com.br\/site\/wp-content\/uploads\/2017\/06\/untitledsu.png\",\"contentUrl\":\"https:\/\/juacontecimentos.com.br\/site\/wp-content\/uploads\/2017\/06\/untitledsu.png\",\"width\":800,\"height\":549},{\"@type\":\"BreadcrumbList\",\"@id\":\"https:\/\/juacontecimentos.com.br\/site\/demostenes-torres-reassume-cargo-de-procurador-no-mp-de-goias-e-tira-dois-meses-de-ferias\/#breadcrumb\",\"itemListElement\":[{\"@type\":\"ListItem\",\"position\":1,\"name\":\"In\u00edcio\",\"item\":\"https:\/\/juacontecimentos.com.br\/site\/\"},{\"@type\":\"ListItem\",\"position\":2,\"name\":\"Dem\u00f3stenes Torres reassume cargo de procurador no MP de Goi\u00e1s e tira dois meses de f\u00e9rias\"}]},{\"@type\":\"WebSite\",\"@id\":\"https:\/\/juacontecimentos.com.br\/site\/#website\",\"url\":\"https:\/\/juacontecimentos.com.br\/site\/\",\"name\":\"Jornal Ultimos Acontecimentos\",\"description\":\"Catal\u00e3o e regi\u00e3o\",\"publisher\":{\"@id\":\"https:\/\/juacontecimentos.com.br\/site\/#organization\"},\"potentialAction\":[{\"@type\":\"SearchAction\",\"target\":{\"@type\":\"EntryPoint\",\"urlTemplate\":\"https:\/\/juacontecimentos.com.br\/site\/?s={search_term_string}\"},\"query-input\":{\"@type\":\"PropertyValueSpecification\",\"valueRequired\":true,\"valueName\":\"search_term_string\"}}],\"inLanguage\":\"pt-BR\"},{\"@type\":\"Organization\",\"@id\":\"https:\/\/juacontecimentos.com.br\/site\/#organization\",\"name\":\"Jornal Ultimos Acontecimentos\",\"url\":\"https:\/\/juacontecimentos.com.br\/site\/\",\"logo\":{\"@type\":\"ImageObject\",\"inLanguage\":\"pt-BR\",\"@id\":\"https:\/\/juacontecimentos.com.br\/site\/#\/schema\/logo\/image\/\",\"url\":\"https:\/\/juacontecimentos.com.br\/site\/wp-content\/uploads\/2023\/04\/Logo_Site.png\",\"contentUrl\":\"https:\/\/juacontecimentos.com.br\/site\/wp-content\/uploads\/2023\/04\/Logo_Site.png\",\"width\":2476,\"height\":530,\"caption\":\"Jornal Ultimos Acontecimentos\"},\"image\":{\"@id\":\"https:\/\/juacontecimentos.com.br\/site\/#\/schema\/logo\/image\/\"},\"sameAs\":[\"https:\/\/www.facebook.com\/jultimosacontecimentos\/\"]},{\"@type\":\"Person\",\"@id\":\"https:\/\/juacontecimentos.com.br\/site\/#\/schema\/person\/082a54e6d3fdd7a633291428521c9669\",\"name\":\"Reginaldo Ribeiro\",\"image\":{\"@type\":\"ImageObject\",\"inLanguage\":\"pt-BR\",\"@id\":\"https:\/\/juacontecimentos.com.br\/site\/#\/schema\/person\/image\/\",\"url\":\"https:\/\/secure.gravatar.com\/avatar\/5c16c6837c3490270a74d888c2a845728f06bdde1f8761de1de1d1d1ef82d12f?s=96&d=mm&r=g\",\"contentUrl\":\"https:\/\/secure.gravatar.com\/avatar\/5c16c6837c3490270a74d888c2a845728f06bdde1f8761de1de1d1d1ef82d12f?s=96&d=mm&r=g\",\"caption\":\"Reginaldo Ribeiro\"}}]}<\/script>\n<!-- \/ Yoast SEO plugin. -->","yoast_head_json":{"title":"Dem\u00f3stenes Torres reassume cargo de procurador no MP de Goi\u00e1s e tira dois meses de f\u00e9rias - Jornal Ultimos Acontecimentos","robots":{"index":"index","follow":"follow","max-snippet":"max-snippet:-1","max-image-preview":"max-image-preview:large","max-video-preview":"max-video-preview:-1"},"canonical":"https:\/\/juacontecimentos.com.br\/site\/demostenes-torres-reassume-cargo-de-procurador-no-mp-de-goias-e-tira-dois-meses-de-ferias\/","og_locale":"pt_BR","og_type":"article","og_title":"Dem\u00f3stenes Torres reassume cargo de procurador no MP de Goi\u00e1s e tira dois meses de f\u00e9rias - Jornal Ultimos Acontecimentos","og_description":"Ex-senador estava fora do Minist\u00e9rio P\u00fablico desde outubro de 2012 por conta dos processos que julgavam os supostos crimes investigados pelas opera\u00e7\u00f5es Vegas e Monte Carlo Por: Fabiana Pulcineli \/ Opopular Livre de a\u00e7\u00f5es penais do caso Cachoeira, o ex-senador Dem\u00f3stenes Torres reassumiu nesta quinta-feira (29) o cargo de procurador de Justi\u00e7a do Minist\u00e9rio P\u00fablico","og_url":"https:\/\/juacontecimentos.com.br\/site\/demostenes-torres-reassume-cargo-de-procurador-no-mp-de-goias-e-tira-dois-meses-de-ferias\/","og_site_name":"Jornal Ultimos Acontecimentos","article_publisher":"https:\/\/www.facebook.com\/jultimosacontecimentos\/","article_published_time":"2017-06-29T20:27:11+00:00","og_image":[{"width":800,"height":549,"url":"https:\/\/juacontecimentos.com.br\/site\/wp-content\/uploads\/2017\/06\/untitledsu.png","type":"image\/png"}],"author":"Reginaldo Ribeiro","twitter_card":"summary_large_image","twitter_misc":{"Escrito por":"Reginaldo Ribeiro","Est. tempo de leitura":"1 minuto"},"schema":{"@context":"https:\/\/schema.org","@graph":[{"@type":"Article","@id":"https:\/\/juacontecimentos.com.br\/site\/demostenes-torres-reassume-cargo-de-procurador-no-mp-de-goias-e-tira-dois-meses-de-ferias\/#article","isPartOf":{"@id":"https:\/\/juacontecimentos.com.br\/site\/demostenes-torres-reassume-cargo-de-procurador-no-mp-de-goias-e-tira-dois-meses-de-ferias\/"},"author":{"name":"Reginaldo Ribeiro","@id":"https:\/\/juacontecimentos.com.br\/site\/#\/schema\/person\/082a54e6d3fdd7a633291428521c9669"},"headline":"Dem\u00f3stenes Torres reassume cargo de procurador no MP de Goi\u00e1s e tira dois meses de f\u00e9rias","datePublished":"2017-06-29T20:27:11+00:00","mainEntityOfPage":{"@id":"https:\/\/juacontecimentos.com.br\/site\/demostenes-torres-reassume-cargo-de-procurador-no-mp-de-goias-e-tira-dois-meses-de-ferias\/"},"wordCount":254,"commentCount":0,"publisher":{"@id":"https:\/\/juacontecimentos.com.br\/site\/#organization"},"image":{"@id":"https:\/\/juacontecimentos.com.br\/site\/demostenes-torres-reassume-cargo-de-procurador-no-mp-de-goias-e-tira-dois-meses-de-ferias\/#primaryimage"},"thumbnailUrl":"https:\/\/juacontecimentos.com.br\/site\/wp-content\/uploads\/2017\/06\/untitledsu.png","articleSection":["Brasil","Destaque","Goi\u00e1s"],"inLanguage":"pt-BR"},{"@type":"WebPage","@id":"https:\/\/juacontecimentos.com.br\/site\/demostenes-torres-reassume-cargo-de-procurador-no-mp-de-goias-e-tira-dois-meses-de-ferias\/","url":"https:\/\/juacontecimentos.com.br\/site\/demostenes-torres-reassume-cargo-de-procurador-no-mp-de-goias-e-tira-dois-meses-de-ferias\/","name":"Dem\u00f3stenes Torres reassume cargo de procurador no MP de Goi\u00e1s e tira dois meses de f\u00e9rias - Jornal Ultimos Acontecimentos","isPartOf":{"@id":"https:\/\/juacontecimentos.com.br\/site\/#website"},"primaryImageOfPage":{"@id":"https:\/\/juacontecimentos.com.br\/site\/demostenes-torres-reassume-cargo-de-procurador-no-mp-de-goias-e-tira-dois-meses-de-ferias\/#primaryimage"},"image":{"@id":"https:\/\/juacontecimentos.com.br\/site\/demostenes-torres-reassume-cargo-de-procurador-no-mp-de-goias-e-tira-dois-meses-de-ferias\/#primaryimage"},"thumbnailUrl":"https:\/\/juacontecimentos.com.br\/site\/wp-content\/uploads\/2017\/06\/untitledsu.png","datePublished":"2017-06-29T20:27:11+00:00","breadcrumb":{"@id":"https:\/\/juacontecimentos.com.br\/site\/demostenes-torres-reassume-cargo-de-procurador-no-mp-de-goias-e-tira-dois-meses-de-ferias\/#breadcrumb"},"inLanguage":"pt-BR","potentialAction":[{"@type":"ReadAction","target":["https:\/\/juacontecimentos.com.br\/site\/demostenes-torres-reassume-cargo-de-procurador-no-mp-de-goias-e-tira-dois-meses-de-ferias\/"]}]},{"@type":"ImageObject","inLanguage":"pt-BR","@id":"https:\/\/juacontecimentos.com.br\/site\/demostenes-torres-reassume-cargo-de-procurador-no-mp-de-goias-e-tira-dois-meses-de-ferias\/#primaryimage","url":"https:\/\/juacontecimentos.com.br\/site\/wp-content\/uploads\/2017\/06\/untitledsu.png","contentUrl":"https:\/\/juacontecimentos.com.br\/site\/wp-content\/uploads\/2017\/06\/untitledsu.png","width":800,"height":549},{"@type":"BreadcrumbList","@id":"https:\/\/juacontecimentos.com.br\/site\/demostenes-torres-reassume-cargo-de-procurador-no-mp-de-goias-e-tira-dois-meses-de-ferias\/#breadcrumb","itemListElement":[{"@type":"ListItem","position":1,"name":"In\u00edcio","item":"https:\/\/juacontecimentos.com.br\/site\/"},{"@type":"ListItem","position":2,"name":"Dem\u00f3stenes Torres reassume cargo de procurador no MP de Goi\u00e1s e tira dois meses de f\u00e9rias"}]},{"@type":"WebSite","@id":"https:\/\/juacontecimentos.com.br\/site\/#website","url":"https:\/\/juacontecimentos.com.br\/site\/","name":"Jornal Ultimos Acontecimentos","description":"Catal\u00e3o e regi\u00e3o","publisher":{"@id":"https:\/\/juacontecimentos.com.br\/site\/#organization"},"potentialAction":[{"@type":"SearchAction","target":{"@type":"EntryPoint","urlTemplate":"https:\/\/juacontecimentos.com.br\/site\/?s={search_term_string}"},"query-input":{"@type":"PropertyValueSpecification","valueRequired":true,"valueName":"search_term_string"}}],"inLanguage":"pt-BR"},{"@type":"Organization","@id":"https:\/\/juacontecimentos.com.br\/site\/#organization","name":"Jornal Ultimos Acontecimentos","url":"https:\/\/juacontecimentos.com.br\/site\/","logo":{"@type":"ImageObject","inLanguage":"pt-BR","@id":"https:\/\/juacontecimentos.com.br\/site\/#\/schema\/logo\/image\/","url":"https:\/\/juacontecimentos.com.br\/site\/wp-content\/uploads\/2023\/04\/Logo_Site.png","contentUrl":"https:\/\/juacontecimentos.com.br\/site\/wp-content\/uploads\/2023\/04\/Logo_Site.png","width":2476,"height":530,"caption":"Jornal Ultimos Acontecimentos"},"image":{"@id":"https:\/\/juacontecimentos.com.br\/site\/#\/schema\/logo\/image\/"},"sameAs":["https:\/\/www.facebook.com\/jultimosacontecimentos\/"]},{"@type":"Person","@id":"https:\/\/juacontecimentos.com.br\/site\/#\/schema\/person\/082a54e6d3fdd7a633291428521c9669","name":"Reginaldo Ribeiro","image":{"@type":"ImageObject","inLanguage":"pt-BR","@id":"https:\/\/juacontecimentos.com.br\/site\/#\/schema\/person\/image\/","url":"https:\/\/secure.gravatar.com\/avatar\/5c16c6837c3490270a74d888c2a845728f06bdde1f8761de1de1d1d1ef82d12f?s=96&d=mm&r=g","contentUrl":"https:\/\/secure.gravatar.com\/avatar\/5c16c6837c3490270a74d888c2a845728f06bdde1f8761de1de1d1d1ef82d12f?s=96&d=mm&r=g","caption":"Reginaldo Ribeiro"}}]}},"_links":{"self":[{"href":"https:\/\/juacontecimentos.com.br\/site\/wp-json\/wp\/v2\/posts\/1197","targetHints":{"allow":["GET"]}}],"collection":[{"href":"https:\/\/juacontecimentos.com.br\/site\/wp-json\/wp\/v2\/posts"}],"about":[{"href":"https:\/\/juacontecimentos.com.br\/site\/wp-json\/wp\/v2\/types\/post"}],"author":[{"embeddable":true,"href":"https:\/\/juacontecimentos.com.br\/site\/wp-json\/wp\/v2\/users\/2"}],"replies":[{"embeddable":true,"href":"https:\/\/juacontecimentos.com.br\/site\/wp-json\/wp\/v2\/comments?post=1197"}],"version-history":[{"count":1,"href":"https:\/\/juacontecimentos.com.br\/site\/wp-json\/wp\/v2\/posts\/1197\/revisions"}],"predecessor-version":[{"id":1199,"href":"https:\/\/juacontecimentos.com.br\/site\/wp-json\/wp\/v2\/posts\/1197\/revisions\/1199"}],"wp:featuredmedia":[{"embeddable":true,"href":"https:\/\/juacontecimentos.com.br\/site\/wp-json\/wp\/v2\/media\/1198"}],"wp:attachment":[{"href":"https:\/\/juacontecimentos.com.br\/site\/wp-json\/wp\/v2\/media?parent=1197"}],"wp:term":[{"taxonomy":"category","embeddable":true,"href":"https:\/\/juacontecimentos.com.br\/site\/wp-json\/wp\/v2\/categories?post=1197"},{"taxonomy":"post_tag","embeddable":true,"href":"https:\/\/juacontecimentos.com.br\/site\/wp-json\/wp\/v2\/tags?post=1197"}],"curies":[{"name":"wp","href":"https:\/\/api.w.org\/{rel}","templated":true}]}}