{"id":1206,"date":"2017-06-29T18:04:25","date_gmt":"2017-06-29T21:04:25","guid":{"rendered":"http:\/\/juacontecimentos.com.br\/site\/?p=1206"},"modified":"2017-06-29T18:04:25","modified_gmt":"2017-06-29T21:04:25","slug":"vii-conferencia-municipal-de-assistencia-social-de-goiandira","status":"publish","type":"post","link":"https:\/\/juacontecimentos.com.br\/site\/vii-conferencia-municipal-de-assistencia-social-de-goiandira\/","title":{"rendered":"VII Confer\u00eancia municipal de assist\u00eancia Social de Goiandira"},"content":{"rendered":"<p>Foi realizada hoje no CRAS, a VII Confer\u00eancia Municipal de Assist\u00eancia Social com o tema \u201cGarantia de Direitos no Fortalecimento do SUAS &#8211; Sistema \u00danico de Assist\u00eancia Social\u201d.<\/p>\n<p>O evento reuniu profissionais que atuam no munic\u00edpio, na Secretaria de Assist\u00eancia Social, CRAS, Conselho Municipal de Assist\u00eancia Social e contou com a presen\u00e7a de benefici\u00e1rios dos programas sociais e integrantes da comunidade, tamb\u00e9m destacamos a presen\u00e7a do Prefeito Odemir Moreira, do Vener\u00e1vel da Loja Ma\u00e7\u00f4nica Asilo da Virtude, Jo\u00e3o Ant\u00f4nio de Faria.<\/p>\n<p>O objetivo foi debater assuntos e formular propostas que ser\u00e3o encaminhadas para o Munic\u00edpio, o Estado e a Uni\u00e3o, a fim de sugerir a\u00e7\u00f5es para aprimorar as pol\u00edticas de assist\u00eancia social bem como a comunica\u00e7\u00e3o com esse p\u00fablico, muitas vezes carente de informa\u00e7\u00e3o.<\/p>\n<p>A assistente social, Viviane Martins de Oliveira, ministrou a palestra esclarecendo sobre as pol\u00edticas e diretrizes atuais e destacando a integra\u00e7\u00e3o da a\u00e7\u00e3o social com outros setores municipais visando o atendimento integrado das fam\u00edlias em situa\u00e7\u00e3o de risco social. Logo ap\u00f3s foram formados grupos para a discuss\u00e3o que de onde foram apresentadas as propostas.<\/p>\n<p>Nesse encontro foram eleitos quatro delegados que ir\u00e3o representar o munic\u00edpio na confer\u00eancia estadual.<\/p>\n<p>Para a Coordenadora Municipal de Educa\u00e7\u00e3o, Maria das Gra\u00e7as Silva Trist\u00e3o, \u201cesse evento foi muito importante porque gerou mais esclarecimento e veio consolidar a pol\u00edtica social que j\u00e1 existe na nossa cidade\u201c, disse. Para a Secret\u00e1ria de A\u00e7\u00e3o Social, Rita Lilian, um dos objetivos da confer\u00eancia \u00e9 aproximar a pasta da A\u00e7\u00e3o Social da comunidade. \u201cO que eu achei mais importante foi a integra\u00e7\u00e3o das pessoas com a A\u00e7\u00e3o Social, elas se mostraram muito interessadas\u201d, afirmou.<\/p>\n<p><img loading=\"lazy\" decoding=\"async\" class=\"alignnone size-medium wp-image-1214\" src=\"http:\/\/juacontecimentos.com.br\/site\/wp-content\/uploads\/2017\/06\/unnamed-2w-300x169.jpg\" alt=\"\" width=\"300\" height=\"169\" srcset=\"https:\/\/juacontecimentos.com.br\/site\/wp-content\/uploads\/2017\/06\/unnamed-2w-300x169.jpg 300w, https:\/\/juacontecimentos.com.br\/site\/wp-content\/uploads\/2017\/06\/unnamed-2w.jpg 591w\" sizes=\"auto, (max-width: 300px) 100vw, 300px\" \/> <img loading=\"lazy\" decoding=\"async\" class=\"alignnone size-medium wp-image-1213\" src=\"http:\/\/juacontecimentos.com.br\/site\/wp-content\/uploads\/2017\/06\/unnamed-2r-300x169.jpg\" alt=\"\" width=\"300\" height=\"169\" srcset=\"https:\/\/juacontecimentos.com.br\/site\/wp-content\/uploads\/2017\/06\/unnamed-2r-300x169.jpg 300w, https:\/\/juacontecimentos.com.br\/site\/wp-content\/uploads\/2017\/06\/unnamed-2r.jpg 591w\" sizes=\"auto, (max-width: 300px) 100vw, 300px\" \/>\u00a0<img loading=\"lazy\" decoding=\"async\" class=\"alignnone size-medium wp-image-1212\" src=\"http:\/\/juacontecimentos.com.br\/site\/wp-content\/uploads\/2017\/06\/unnamed-2q-300x169.jpg\" alt=\"\" width=\"300\" height=\"169\" srcset=\"https:\/\/juacontecimentos.com.br\/site\/wp-content\/uploads\/2017\/06\/unnamed-2q-300x169.jpg 300w, https:\/\/juacontecimentos.com.br\/site\/wp-content\/uploads\/2017\/06\/unnamed-2q.jpg 591w\" sizes=\"auto, (max-width: 300px) 100vw, 300px\" \/> <img loading=\"lazy\" decoding=\"async\" class=\"alignnone size-medium wp-image-1211\" src=\"http:\/\/juacontecimentos.com.br\/site\/wp-content\/uploads\/2017\/06\/unnamed-2p-300x169.jpg\" alt=\"\" width=\"300\" height=\"169\" srcset=\"https:\/\/juacontecimentos.com.br\/site\/wp-content\/uploads\/2017\/06\/unnamed-2p-300x169.jpg 300w, https:\/\/juacontecimentos.com.br\/site\/wp-content\/uploads\/2017\/06\/unnamed-2p.jpg 591w\" sizes=\"auto, (max-width: 300px) 100vw, 300px\" \/>\u00a0<img loading=\"lazy\" decoding=\"async\" class=\"alignnone size-medium wp-image-1210\" src=\"http:\/\/juacontecimentos.com.br\/site\/wp-content\/uploads\/2017\/06\/unnamed-2o-300x169.jpg\" alt=\"\" width=\"300\" height=\"169\" srcset=\"https:\/\/juacontecimentos.com.br\/site\/wp-content\/uploads\/2017\/06\/unnamed-2o-300x169.jpg 300w, https:\/\/juacontecimentos.com.br\/site\/wp-content\/uploads\/2017\/06\/unnamed-2o.jpg 571w\" sizes=\"auto, (max-width: 300px) 100vw, 300px\" \/> <img loading=\"lazy\" decoding=\"async\" class=\"alignnone size-medium wp-image-1209\" src=\"http:\/\/juacontecimentos.com.br\/site\/wp-content\/uploads\/2017\/06\/unnamed-2n-300x169.jpg\" alt=\"\" width=\"300\" height=\"169\" srcset=\"https:\/\/juacontecimentos.com.br\/site\/wp-content\/uploads\/2017\/06\/unnamed-2n-300x169.jpg 300w, https:\/\/juacontecimentos.com.br\/site\/wp-content\/uploads\/2017\/06\/unnamed-2n.jpg 591w\" sizes=\"auto, (max-width: 300px) 100vw, 300px\" \/><br \/>\n<\/p>\n","protected":false},"excerpt":{"rendered":"<p>Foi realizada hoje no CRAS, a VII Confer\u00eancia Municipal de Assist\u00eancia Social com o tema \u201cGarantia de Direitos no Fortalecimento do SUAS &#8211; Sistema \u00danico de Assist\u00eancia Social\u201d. O evento reuniu profissionais que atuam no munic\u00edpio, na Secretaria de Assist\u00eancia Social, CRAS, Conselho Municipal de Assist\u00eancia Social e contou com a presen\u00e7a de benefici\u00e1rios dos<\/p>\n","protected":false},"author":2,"featured_media":1207,"comment_status":"open","ping_status":"open","sticky":false,"template":"","format":"standard","meta":{"footnotes":""},"categories":[26,23],"tags":[],"class_list":["post-1206","post","type-post","status-publish","format-standard","has-post-thumbnail","hentry","category-destaque","category-goias"],"yoast_head":"<!-- This site is optimized with the Yoast SEO plugin v25.8 - https:\/\/yoast.com\/wordpress\/plugins\/seo\/ -->\n<title>VII Confer\u00eancia municipal de assist\u00eancia Social de Goiandira - Jornal Ultimos Acontecimentos<\/title>\n<meta name=\"robots\" content=\"index, follow, max-snippet:-1, max-image-preview:large, max-video-preview:-1\" \/>\n<link rel=\"canonical\" href=\"https:\/\/juacontecimentos.com.br\/site\/vii-conferencia-municipal-de-assistencia-social-de-goiandira\/\" \/>\n<meta property=\"og:locale\" content=\"pt_BR\" \/>\n<meta property=\"og:type\" content=\"article\" \/>\n<meta property=\"og:title\" content=\"VII Confer\u00eancia municipal de assist\u00eancia Social de Goiandira - Jornal Ultimos Acontecimentos\" \/>\n<meta property=\"og:description\" content=\"Foi realizada hoje no CRAS, a VII Confer\u00eancia Municipal de Assist\u00eancia Social com o tema \u201cGarantia de Direitos no Fortalecimento do SUAS &#8211; Sistema \u00danico de Assist\u00eancia Social\u201d. O evento reuniu profissionais que atuam no munic\u00edpio, na Secretaria de Assist\u00eancia Social, CRAS, Conselho Municipal de Assist\u00eancia Social e contou com a presen\u00e7a de benefici\u00e1rios dos\" \/>\n<meta property=\"og:url\" content=\"https:\/\/juacontecimentos.com.br\/site\/vii-conferencia-municipal-de-assistencia-social-de-goiandira\/\" \/>\n<meta property=\"og:site_name\" content=\"Jornal Ultimos Acontecimentos\" \/>\n<meta property=\"article:publisher\" content=\"https:\/\/www.facebook.com\/jultimosacontecimentos\/\" \/>\n<meta property=\"article:published_time\" content=\"2017-06-29T21:04:25+00:00\" \/>\n<meta property=\"og:image\" content=\"https:\/\/juacontecimentos.com.br\/site\/wp-content\/uploads\/2017\/06\/unnamed-2b.jpg\" \/>\n\t<meta property=\"og:image:width\" content=\"591\" \/>\n\t<meta property=\"og:image:height\" content=\"332\" \/>\n\t<meta property=\"og:image:type\" content=\"image\/jpeg\" \/>\n<meta name=\"author\" content=\"Reginaldo Ribeiro\" \/>\n<meta name=\"twitter:card\" content=\"summary_large_image\" \/>\n<meta name=\"twitter:label1\" content=\"Escrito por\" \/>\n\t<meta name=\"twitter:data1\" content=\"Reginaldo Ribeiro\" \/>\n\t<meta name=\"twitter:label2\" content=\"Est. tempo de leitura\" \/>\n\t<meta name=\"twitter:data2\" content=\"2 minutos\" \/>\n<script type=\"application\/ld+json\" class=\"yoast-schema-graph\">{\"@context\":\"https:\/\/schema.org\",\"@graph\":[{\"@type\":\"Article\",\"@id\":\"https:\/\/juacontecimentos.com.br\/site\/vii-conferencia-municipal-de-assistencia-social-de-goiandira\/#article\",\"isPartOf\":{\"@id\":\"https:\/\/juacontecimentos.com.br\/site\/vii-conferencia-municipal-de-assistencia-social-de-goiandira\/\"},\"author\":{\"name\":\"Reginaldo Ribeiro\",\"@id\":\"https:\/\/juacontecimentos.com.br\/site\/#\/schema\/person\/082a54e6d3fdd7a633291428521c9669\"},\"headline\":\"VII Confer\u00eancia municipal de assist\u00eancia Social de Goiandira\",\"datePublished\":\"2017-06-29T21:04:25+00:00\",\"mainEntityOfPage\":{\"@id\":\"https:\/\/juacontecimentos.com.br\/site\/vii-conferencia-municipal-de-assistencia-social-de-goiandira\/\"},\"wordCount\":320,\"commentCount\":0,\"publisher\":{\"@id\":\"https:\/\/juacontecimentos.com.br\/site\/#organization\"},\"image\":{\"@id\":\"https:\/\/juacontecimentos.com.br\/site\/vii-conferencia-municipal-de-assistencia-social-de-goiandira\/#primaryimage\"},\"thumbnailUrl\":\"https:\/\/juacontecimentos.com.br\/site\/wp-content\/uploads\/2017\/06\/unnamed-2b.jpg\",\"articleSection\":[\"Destaque\",\"Goi\u00e1s\"],\"inLanguage\":\"pt-BR\"},{\"@type\":\"WebPage\",\"@id\":\"https:\/\/juacontecimentos.com.br\/site\/vii-conferencia-municipal-de-assistencia-social-de-goiandira\/\",\"url\":\"https:\/\/juacontecimentos.com.br\/site\/vii-conferencia-municipal-de-assistencia-social-de-goiandira\/\",\"name\":\"VII Confer\u00eancia municipal de assist\u00eancia Social de Goiandira - Jornal Ultimos Acontecimentos\",\"isPartOf\":{\"@id\":\"https:\/\/juacontecimentos.com.br\/site\/#website\"},\"primaryImageOfPage\":{\"@id\":\"https:\/\/juacontecimentos.com.br\/site\/vii-conferencia-municipal-de-assistencia-social-de-goiandira\/#primaryimage\"},\"image\":{\"@id\":\"https:\/\/juacontecimentos.com.br\/site\/vii-conferencia-municipal-de-assistencia-social-de-goiandira\/#primaryimage\"},\"thumbnailUrl\":\"https:\/\/juacontecimentos.com.br\/site\/wp-content\/uploads\/2017\/06\/unnamed-2b.jpg\",\"datePublished\":\"2017-06-29T21:04:25+00:00\",\"breadcrumb\":{\"@id\":\"https:\/\/juacontecimentos.com.br\/site\/vii-conferencia-municipal-de-assistencia-social-de-goiandira\/#breadcrumb\"},\"inLanguage\":\"pt-BR\",\"potentialAction\":[{\"@type\":\"ReadAction\",\"target\":[\"https:\/\/juacontecimentos.com.br\/site\/vii-conferencia-municipal-de-assistencia-social-de-goiandira\/\"]}]},{\"@type\":\"ImageObject\",\"inLanguage\":\"pt-BR\",\"@id\":\"https:\/\/juacontecimentos.com.br\/site\/vii-conferencia-municipal-de-assistencia-social-de-goiandira\/#primaryimage\",\"url\":\"https:\/\/juacontecimentos.com.br\/site\/wp-content\/uploads\/2017\/06\/unnamed-2b.jpg\",\"contentUrl\":\"https:\/\/juacontecimentos.com.br\/site\/wp-content\/uploads\/2017\/06\/unnamed-2b.jpg\",\"width\":591,\"height\":332},{\"@type\":\"BreadcrumbList\",\"@id\":\"https:\/\/juacontecimentos.com.br\/site\/vii-conferencia-municipal-de-assistencia-social-de-goiandira\/#breadcrumb\",\"itemListElement\":[{\"@type\":\"ListItem\",\"position\":1,\"name\":\"In\u00edcio\",\"item\":\"https:\/\/juacontecimentos.com.br\/site\/\"},{\"@type\":\"ListItem\",\"position\":2,\"name\":\"VII Confer\u00eancia municipal de assist\u00eancia Social de Goiandira\"}]},{\"@type\":\"WebSite\",\"@id\":\"https:\/\/juacontecimentos.com.br\/site\/#website\",\"url\":\"https:\/\/juacontecimentos.com.br\/site\/\",\"name\":\"Jornal Ultimos Acontecimentos\",\"description\":\"Catal\u00e3o e regi\u00e3o\",\"publisher\":{\"@id\":\"https:\/\/juacontecimentos.com.br\/site\/#organization\"},\"potentialAction\":[{\"@type\":\"SearchAction\",\"target\":{\"@type\":\"EntryPoint\",\"urlTemplate\":\"https:\/\/juacontecimentos.com.br\/site\/?s={search_term_string}\"},\"query-input\":{\"@type\":\"PropertyValueSpecification\",\"valueRequired\":true,\"valueName\":\"search_term_string\"}}],\"inLanguage\":\"pt-BR\"},{\"@type\":\"Organization\",\"@id\":\"https:\/\/juacontecimentos.com.br\/site\/#organization\",\"name\":\"Jornal Ultimos Acontecimentos\",\"url\":\"https:\/\/juacontecimentos.com.br\/site\/\",\"logo\":{\"@type\":\"ImageObject\",\"inLanguage\":\"pt-BR\",\"@id\":\"https:\/\/juacontecimentos.com.br\/site\/#\/schema\/logo\/image\/\",\"url\":\"https:\/\/juacontecimentos.com.br\/site\/wp-content\/uploads\/2023\/04\/Logo_Site.png\",\"contentUrl\":\"https:\/\/juacontecimentos.com.br\/site\/wp-content\/uploads\/2023\/04\/Logo_Site.png\",\"width\":2476,\"height\":530,\"caption\":\"Jornal Ultimos Acontecimentos\"},\"image\":{\"@id\":\"https:\/\/juacontecimentos.com.br\/site\/#\/schema\/logo\/image\/\"},\"sameAs\":[\"https:\/\/www.facebook.com\/jultimosacontecimentos\/\"]},{\"@type\":\"Person\",\"@id\":\"https:\/\/juacontecimentos.com.br\/site\/#\/schema\/person\/082a54e6d3fdd7a633291428521c9669\",\"name\":\"Reginaldo Ribeiro\",\"image\":{\"@type\":\"ImageObject\",\"inLanguage\":\"pt-BR\",\"@id\":\"https:\/\/juacontecimentos.com.br\/site\/#\/schema\/person\/image\/\",\"url\":\"https:\/\/secure.gravatar.com\/avatar\/5c16c6837c3490270a74d888c2a845728f06bdde1f8761de1de1d1d1ef82d12f?s=96&d=mm&r=g\",\"contentUrl\":\"https:\/\/secure.gravatar.com\/avatar\/5c16c6837c3490270a74d888c2a845728f06bdde1f8761de1de1d1d1ef82d12f?s=96&d=mm&r=g\",\"caption\":\"Reginaldo Ribeiro\"}}]}<\/script>\n<!-- \/ Yoast SEO plugin. -->","yoast_head_json":{"title":"VII Confer\u00eancia municipal de assist\u00eancia Social de Goiandira - Jornal Ultimos Acontecimentos","robots":{"index":"index","follow":"follow","max-snippet":"max-snippet:-1","max-image-preview":"max-image-preview:large","max-video-preview":"max-video-preview:-1"},"canonical":"https:\/\/juacontecimentos.com.br\/site\/vii-conferencia-municipal-de-assistencia-social-de-goiandira\/","og_locale":"pt_BR","og_type":"article","og_title":"VII Confer\u00eancia municipal de assist\u00eancia Social de Goiandira - Jornal Ultimos Acontecimentos","og_description":"Foi realizada hoje no CRAS, a VII Confer\u00eancia Municipal de Assist\u00eancia Social com o tema \u201cGarantia de Direitos no Fortalecimento do SUAS &#8211; Sistema \u00danico de Assist\u00eancia Social\u201d. O evento reuniu profissionais que atuam no munic\u00edpio, na Secretaria de Assist\u00eancia Social, CRAS, Conselho Municipal de Assist\u00eancia Social e contou com a presen\u00e7a de benefici\u00e1rios dos","og_url":"https:\/\/juacontecimentos.com.br\/site\/vii-conferencia-municipal-de-assistencia-social-de-goiandira\/","og_site_name":"Jornal Ultimos Acontecimentos","article_publisher":"https:\/\/www.facebook.com\/jultimosacontecimentos\/","article_published_time":"2017-06-29T21:04:25+00:00","og_image":[{"width":591,"height":332,"url":"https:\/\/juacontecimentos.com.br\/site\/wp-content\/uploads\/2017\/06\/unnamed-2b.jpg","type":"image\/jpeg"}],"author":"Reginaldo Ribeiro","twitter_card":"summary_large_image","twitter_misc":{"Escrito por":"Reginaldo Ribeiro","Est. tempo de leitura":"2 minutos"},"schema":{"@context":"https:\/\/schema.org","@graph":[{"@type":"Article","@id":"https:\/\/juacontecimentos.com.br\/site\/vii-conferencia-municipal-de-assistencia-social-de-goiandira\/#article","isPartOf":{"@id":"https:\/\/juacontecimentos.com.br\/site\/vii-conferencia-municipal-de-assistencia-social-de-goiandira\/"},"author":{"name":"Reginaldo Ribeiro","@id":"https:\/\/juacontecimentos.com.br\/site\/#\/schema\/person\/082a54e6d3fdd7a633291428521c9669"},"headline":"VII Confer\u00eancia municipal de assist\u00eancia Social de Goiandira","datePublished":"2017-06-29T21:04:25+00:00","mainEntityOfPage":{"@id":"https:\/\/juacontecimentos.com.br\/site\/vii-conferencia-municipal-de-assistencia-social-de-goiandira\/"},"wordCount":320,"commentCount":0,"publisher":{"@id":"https:\/\/juacontecimentos.com.br\/site\/#organization"},"image":{"@id":"https:\/\/juacontecimentos.com.br\/site\/vii-conferencia-municipal-de-assistencia-social-de-goiandira\/#primaryimage"},"thumbnailUrl":"https:\/\/juacontecimentos.com.br\/site\/wp-content\/uploads\/2017\/06\/unnamed-2b.jpg","articleSection":["Destaque","Goi\u00e1s"],"inLanguage":"pt-BR"},{"@type":"WebPage","@id":"https:\/\/juacontecimentos.com.br\/site\/vii-conferencia-municipal-de-assistencia-social-de-goiandira\/","url":"https:\/\/juacontecimentos.com.br\/site\/vii-conferencia-municipal-de-assistencia-social-de-goiandira\/","name":"VII Confer\u00eancia municipal de assist\u00eancia Social de Goiandira - Jornal Ultimos Acontecimentos","isPartOf":{"@id":"https:\/\/juacontecimentos.com.br\/site\/#website"},"primaryImageOfPage":{"@id":"https:\/\/juacontecimentos.com.br\/site\/vii-conferencia-municipal-de-assistencia-social-de-goiandira\/#primaryimage"},"image":{"@id":"https:\/\/juacontecimentos.com.br\/site\/vii-conferencia-municipal-de-assistencia-social-de-goiandira\/#primaryimage"},"thumbnailUrl":"https:\/\/juacontecimentos.com.br\/site\/wp-content\/uploads\/2017\/06\/unnamed-2b.jpg","datePublished":"2017-06-29T21:04:25+00:00","breadcrumb":{"@id":"https:\/\/juacontecimentos.com.br\/site\/vii-conferencia-municipal-de-assistencia-social-de-goiandira\/#breadcrumb"},"inLanguage":"pt-BR","potentialAction":[{"@type":"ReadAction","target":["https:\/\/juacontecimentos.com.br\/site\/vii-conferencia-municipal-de-assistencia-social-de-goiandira\/"]}]},{"@type":"ImageObject","inLanguage":"pt-BR","@id":"https:\/\/juacontecimentos.com.br\/site\/vii-conferencia-municipal-de-assistencia-social-de-goiandira\/#primaryimage","url":"https:\/\/juacontecimentos.com.br\/site\/wp-content\/uploads\/2017\/06\/unnamed-2b.jpg","contentUrl":"https:\/\/juacontecimentos.com.br\/site\/wp-content\/uploads\/2017\/06\/unnamed-2b.jpg","width":591,"height":332},{"@type":"BreadcrumbList","@id":"https:\/\/juacontecimentos.com.br\/site\/vii-conferencia-municipal-de-assistencia-social-de-goiandira\/#breadcrumb","itemListElement":[{"@type":"ListItem","position":1,"name":"In\u00edcio","item":"https:\/\/juacontecimentos.com.br\/site\/"},{"@type":"ListItem","position":2,"name":"VII Confer\u00eancia municipal de assist\u00eancia Social de Goiandira"}]},{"@type":"WebSite","@id":"https:\/\/juacontecimentos.com.br\/site\/#website","url":"https:\/\/juacontecimentos.com.br\/site\/","name":"Jornal Ultimos Acontecimentos","description":"Catal\u00e3o e regi\u00e3o","publisher":{"@id":"https:\/\/juacontecimentos.com.br\/site\/#organization"},"potentialAction":[{"@type":"SearchAction","target":{"@type":"EntryPoint","urlTemplate":"https:\/\/juacontecimentos.com.br\/site\/?s={search_term_string}"},"query-input":{"@type":"PropertyValueSpecification","valueRequired":true,"valueName":"search_term_string"}}],"inLanguage":"pt-BR"},{"@type":"Organization","@id":"https:\/\/juacontecimentos.com.br\/site\/#organization","name":"Jornal Ultimos Acontecimentos","url":"https:\/\/juacontecimentos.com.br\/site\/","logo":{"@type":"ImageObject","inLanguage":"pt-BR","@id":"https:\/\/juacontecimentos.com.br\/site\/#\/schema\/logo\/image\/","url":"https:\/\/juacontecimentos.com.br\/site\/wp-content\/uploads\/2023\/04\/Logo_Site.png","contentUrl":"https:\/\/juacontecimentos.com.br\/site\/wp-content\/uploads\/2023\/04\/Logo_Site.png","width":2476,"height":530,"caption":"Jornal Ultimos Acontecimentos"},"image":{"@id":"https:\/\/juacontecimentos.com.br\/site\/#\/schema\/logo\/image\/"},"sameAs":["https:\/\/www.facebook.com\/jultimosacontecimentos\/"]},{"@type":"Person","@id":"https:\/\/juacontecimentos.com.br\/site\/#\/schema\/person\/082a54e6d3fdd7a633291428521c9669","name":"Reginaldo Ribeiro","image":{"@type":"ImageObject","inLanguage":"pt-BR","@id":"https:\/\/juacontecimentos.com.br\/site\/#\/schema\/person\/image\/","url":"https:\/\/secure.gravatar.com\/avatar\/5c16c6837c3490270a74d888c2a845728f06bdde1f8761de1de1d1d1ef82d12f?s=96&d=mm&r=g","contentUrl":"https:\/\/secure.gravatar.com\/avatar\/5c16c6837c3490270a74d888c2a845728f06bdde1f8761de1de1d1d1ef82d12f?s=96&d=mm&r=g","caption":"Reginaldo Ribeiro"}}]}},"_links":{"self":[{"href":"https:\/\/juacontecimentos.com.br\/site\/wp-json\/wp\/v2\/posts\/1206","targetHints":{"allow":["GET"]}}],"collection":[{"href":"https:\/\/juacontecimentos.com.br\/site\/wp-json\/wp\/v2\/posts"}],"about":[{"href":"https:\/\/juacontecimentos.com.br\/site\/wp-json\/wp\/v2\/types\/post"}],"author":[{"embeddable":true,"href":"https:\/\/juacontecimentos.com.br\/site\/wp-json\/wp\/v2\/users\/2"}],"replies":[{"embeddable":true,"href":"https:\/\/juacontecimentos.com.br\/site\/wp-json\/wp\/v2\/comments?post=1206"}],"version-history":[{"count":1,"href":"https:\/\/juacontecimentos.com.br\/site\/wp-json\/wp\/v2\/posts\/1206\/revisions"}],"predecessor-version":[{"id":1215,"href":"https:\/\/juacontecimentos.com.br\/site\/wp-json\/wp\/v2\/posts\/1206\/revisions\/1215"}],"wp:featuredmedia":[{"embeddable":true,"href":"https:\/\/juacontecimentos.com.br\/site\/wp-json\/wp\/v2\/media\/1207"}],"wp:attachment":[{"href":"https:\/\/juacontecimentos.com.br\/site\/wp-json\/wp\/v2\/media?parent=1206"}],"wp:term":[{"taxonomy":"category","embeddable":true,"href":"https:\/\/juacontecimentos.com.br\/site\/wp-json\/wp\/v2\/categories?post=1206"},{"taxonomy":"post_tag","embeddable":true,"href":"https:\/\/juacontecimentos.com.br\/site\/wp-json\/wp\/v2\/tags?post=1206"}],"curies":[{"name":"wp","href":"https:\/\/api.w.org\/{rel}","templated":true}]}}