{"id":12524,"date":"2020-12-23T06:02:32","date_gmt":"2020-12-23T09:02:32","guid":{"rendered":"http:\/\/juacontecimentos.com.br\/site\/?p=12524"},"modified":"2020-12-23T06:02:32","modified_gmt":"2020-12-23T09:02:32","slug":"caiado-pede-para-que-mp-nao-interfira-na-area-da-saude","status":"publish","type":"post","link":"https:\/\/juacontecimentos.com.br\/site\/caiado-pede-para-que-mp-nao-interfira-na-area-da-saude\/","title":{"rendered":"Caiado pede para que MP n\u00e3o &#8220;interfira na \u00e1rea da sa\u00fade&#8221;"},"content":{"rendered":"<p><img loading=\"lazy\" decoding=\"async\" class=\"alignnone size-full wp-image-12525\" src=\"http:\/\/juacontecimentos.com.br\/site\/wp-content\/uploads\/2020\/12\/image-10.jpg\" alt=\"\" width=\"800\" height=\"457\" srcset=\"https:\/\/juacontecimentos.com.br\/site\/wp-content\/uploads\/2020\/12\/image-10.jpg 800w, https:\/\/juacontecimentos.com.br\/site\/wp-content\/uploads\/2020\/12\/image-10-300x171.jpg 300w, https:\/\/juacontecimentos.com.br\/site\/wp-content\/uploads\/2020\/12\/image-10-768x439.jpg 768w\" sizes=\"auto, (max-width: 800px) 100vw, 800px\" \/><\/p>\n<div class=\"inner-news-featured text-content-color\">\n<h3>Governador diz que requisitou ao procurador-geral de Justi\u00e7a para que promotores &#8220;n\u00e3o se prestassem a querer entender de sa\u00fade p\u00fablica nesta hora&#8221; e que &#8220;deixasse isso para quem entende do assunto\u201d. Protesto seria por pedido do \u00f3rg\u00e3o sobre destina\u00e7\u00e3o de leitos ociosos de Covid-19<\/h3>\n<\/div>\n\n<div class=\"article-text\">\n<p>O governador Ronaldo Caiado (DEM) disse em uma live nas suas redes sociais na manh\u00e3 desta ter\u00e7a-feira (22) que pediu ao procurador-geral de Justi\u00e7a Aylton Vechi que o Minist\u00e9rio P\u00fablico do Estado de Goi\u00e1s (MP-GO) n\u00e3o \u201cinterferisse na \u00e1rea da sa\u00fade\u201d e que \u201cdeixasse isso para quem entende do assunto\u201d. A cr\u00edtica, segundo ele deu a entender, se deve ao fato de promotores estarem insistindo para que hospitais voltassem a fazer cirurgias eletivas em regi\u00f5es onde a Covid-19 representa uma amea\u00e7a de alta nas interna\u00e7\u00f5es.<\/p>\n<p>\u201cPedi a ele que encarecidamente que os promotores n\u00e3o se prestassem a querer entender de sa\u00fade p\u00fablica nesta hora, porque a determina\u00e7\u00e3o de alguns hospitais nossos de j\u00e1 terem de come\u00e7ar a fazer cirurgias eletivas &#8211; e n\u00f3s fizemos quest\u00e3o de manter todos os leitos &#8211; isso j\u00e1 bagun\u00e7ou um pouco, a palavra \u00e9 esta, t\u00e1 certo?\u201d, afirmou o governador na transmiss\u00e3o. \u201cEu pedi para o doutor Aylton que realmente deixasse isso com n\u00f3s que entendemos de sa\u00fade p\u00fablica.\u201d<\/p>\n<p>Caiado citou especificamente os casos de Formosa e Luzi\u00e2nia. Na primeira cidade, ele disse que l\u00e1 est\u00e1 com \u201c100% de ocupa\u00e7\u00e3o\u201d dos leitos e que \u00e9 um local que \u201cextrapolou todo o n\u00edvel de contamina\u00e7\u00e3o\u201d. \u201cFormosa \u00e9 o pior n\u00edvel de contamina\u00e7\u00e3o do Estado\u201d, afirmou. Sobre a segunda, disse apenas que \u201cexigiriam que alguns leitos fossem para cirurgia eletiva\u201d.<\/p>\n<p>O governador justifica o pedido dizendo que n\u00e3o procede o argumento de que tem leito \u201cque n\u00e3o est\u00e1 funcionando\u201d, pois estes estariam preparados para receber pacientes com Covid-19 caso haja um aumento de demanda, como previsto para janeiro pelo governo estadual, principalmente no Entorno do Distrito Federal. \u201cGente, mas n\u00f3s estamos pagando porque voc\u00ea n\u00e3o aciona um leito de UTI igual voc\u00ea d\u00e1 partida num carro, n\u00e3o \u00e9 assim, tem de ter equipe, tem de ter tudo aquilo funcionando, para que as coisas possam acontecer.\u201d<\/p>\n<p>Por meio de nota, o Minist\u00e9rio P\u00fablico afirmou apenas que, &#8220;desde o in\u00edcio da pandemia, sempre pautou sua atua\u00e7\u00e3o na defesa intransigente de preserva\u00e7\u00e3o da vida, inclusive para que a popula\u00e7\u00e3o tivesse garantido o pleno acesso aos leitos destinados \u00e0 Covid&#8221;.<\/p>\n<\/div>\n\n<p><\/p>\n","protected":false},"excerpt":{"rendered":"<p>Governador diz que requisitou ao procurador-geral de Justi\u00e7a para que promotores &#8220;n\u00e3o se prestassem a querer entender de sa\u00fade p\u00fablica nesta hora&#8221; e que &#8220;deixasse isso para quem entende do assunto\u201d. Protesto seria por pedido do \u00f3rg\u00e3o sobre destina\u00e7\u00e3o de leitos ociosos de Covid-19 O governador Ronaldo Caiado (DEM) disse em uma live nas suas<\/p>\n","protected":false},"author":2,"featured_media":12525,"comment_status":"open","ping_status":"open","sticky":false,"template":"","format":"standard","meta":{"footnotes":""},"categories":[27,22,26,23],"tags":[],"class_list":["post-12524","post","type-post","status-publish","format-standard","has-post-thumbnail","hentry","category-brasil","category-catalao","category-destaque","category-goias"],"yoast_head":"<!-- This site is optimized with the Yoast SEO plugin v25.8 - https:\/\/yoast.com\/wordpress\/plugins\/seo\/ -->\n<title>Caiado pede para que MP n\u00e3o &quot;interfira na \u00e1rea da sa\u00fade&quot; - Jornal Ultimos Acontecimentos<\/title>\n<meta name=\"robots\" content=\"index, follow, max-snippet:-1, max-image-preview:large, max-video-preview:-1\" \/>\n<link rel=\"canonical\" href=\"https:\/\/juacontecimentos.com.br\/site\/caiado-pede-para-que-mp-nao-interfira-na-area-da-saude\/\" \/>\n<meta property=\"og:locale\" content=\"pt_BR\" \/>\n<meta property=\"og:type\" content=\"article\" \/>\n<meta property=\"og:title\" content=\"Caiado pede para que MP n\u00e3o &quot;interfira na \u00e1rea da sa\u00fade&quot; - Jornal Ultimos Acontecimentos\" \/>\n<meta property=\"og:description\" content=\"Governador diz que requisitou ao procurador-geral de Justi\u00e7a para que promotores &#8220;n\u00e3o se prestassem a querer entender de sa\u00fade p\u00fablica nesta hora&#8221; e que &#8220;deixasse isso para quem entende do assunto\u201d. Protesto seria por pedido do \u00f3rg\u00e3o sobre destina\u00e7\u00e3o de leitos ociosos de Covid-19 O governador Ronaldo Caiado (DEM) disse em uma live nas suas\" \/>\n<meta property=\"og:url\" content=\"https:\/\/juacontecimentos.com.br\/site\/caiado-pede-para-que-mp-nao-interfira-na-area-da-saude\/\" \/>\n<meta property=\"og:site_name\" content=\"Jornal Ultimos Acontecimentos\" \/>\n<meta property=\"article:publisher\" content=\"https:\/\/www.facebook.com\/jultimosacontecimentos\/\" \/>\n<meta property=\"article:published_time\" content=\"2020-12-23T09:02:32+00:00\" \/>\n<meta property=\"og:image\" content=\"https:\/\/juacontecimentos.com.br\/site\/wp-content\/uploads\/2020\/12\/image-10.jpg\" \/>\n\t<meta property=\"og:image:width\" content=\"800\" \/>\n\t<meta property=\"og:image:height\" content=\"457\" \/>\n\t<meta property=\"og:image:type\" content=\"image\/jpeg\" \/>\n<meta name=\"author\" content=\"Reginaldo Ribeiro\" \/>\n<meta name=\"twitter:card\" content=\"summary_large_image\" \/>\n<meta name=\"twitter:label1\" content=\"Escrito por\" \/>\n\t<meta name=\"twitter:data1\" content=\"Reginaldo Ribeiro\" \/>\n\t<meta name=\"twitter:label2\" content=\"Est. tempo de leitura\" \/>\n\t<meta name=\"twitter:data2\" content=\"2 minutos\" \/>\n<script type=\"application\/ld+json\" class=\"yoast-schema-graph\">{\"@context\":\"https:\/\/schema.org\",\"@graph\":[{\"@type\":\"Article\",\"@id\":\"https:\/\/juacontecimentos.com.br\/site\/caiado-pede-para-que-mp-nao-interfira-na-area-da-saude\/#article\",\"isPartOf\":{\"@id\":\"https:\/\/juacontecimentos.com.br\/site\/caiado-pede-para-que-mp-nao-interfira-na-area-da-saude\/\"},\"author\":{\"name\":\"Reginaldo Ribeiro\",\"@id\":\"https:\/\/juacontecimentos.com.br\/site\/#\/schema\/person\/082a54e6d3fdd7a633291428521c9669\"},\"headline\":\"Caiado pede para que MP n\u00e3o &#8220;interfira na \u00e1rea da sa\u00fade&#8221;\",\"datePublished\":\"2020-12-23T09:02:32+00:00\",\"mainEntityOfPage\":{\"@id\":\"https:\/\/juacontecimentos.com.br\/site\/caiado-pede-para-que-mp-nao-interfira-na-area-da-saude\/\"},\"wordCount\":445,\"commentCount\":0,\"publisher\":{\"@id\":\"https:\/\/juacontecimentos.com.br\/site\/#organization\"},\"image\":{\"@id\":\"https:\/\/juacontecimentos.com.br\/site\/caiado-pede-para-que-mp-nao-interfira-na-area-da-saude\/#primaryimage\"},\"thumbnailUrl\":\"https:\/\/juacontecimentos.com.br\/site\/wp-content\/uploads\/2020\/12\/image-10.jpg\",\"articleSection\":[\"Brasil\",\"Catal\u00e3o\",\"Destaque\",\"Goi\u00e1s\"],\"inLanguage\":\"pt-BR\"},{\"@type\":\"WebPage\",\"@id\":\"https:\/\/juacontecimentos.com.br\/site\/caiado-pede-para-que-mp-nao-interfira-na-area-da-saude\/\",\"url\":\"https:\/\/juacontecimentos.com.br\/site\/caiado-pede-para-que-mp-nao-interfira-na-area-da-saude\/\",\"name\":\"Caiado pede para que MP n\u00e3o \\\"interfira na \u00e1rea da sa\u00fade\\\" - Jornal Ultimos Acontecimentos\",\"isPartOf\":{\"@id\":\"https:\/\/juacontecimentos.com.br\/site\/#website\"},\"primaryImageOfPage\":{\"@id\":\"https:\/\/juacontecimentos.com.br\/site\/caiado-pede-para-que-mp-nao-interfira-na-area-da-saude\/#primaryimage\"},\"image\":{\"@id\":\"https:\/\/juacontecimentos.com.br\/site\/caiado-pede-para-que-mp-nao-interfira-na-area-da-saude\/#primaryimage\"},\"thumbnailUrl\":\"https:\/\/juacontecimentos.com.br\/site\/wp-content\/uploads\/2020\/12\/image-10.jpg\",\"datePublished\":\"2020-12-23T09:02:32+00:00\",\"breadcrumb\":{\"@id\":\"https:\/\/juacontecimentos.com.br\/site\/caiado-pede-para-que-mp-nao-interfira-na-area-da-saude\/#breadcrumb\"},\"inLanguage\":\"pt-BR\",\"potentialAction\":[{\"@type\":\"ReadAction\",\"target\":[\"https:\/\/juacontecimentos.com.br\/site\/caiado-pede-para-que-mp-nao-interfira-na-area-da-saude\/\"]}]},{\"@type\":\"ImageObject\",\"inLanguage\":\"pt-BR\",\"@id\":\"https:\/\/juacontecimentos.com.br\/site\/caiado-pede-para-que-mp-nao-interfira-na-area-da-saude\/#primaryimage\",\"url\":\"https:\/\/juacontecimentos.com.br\/site\/wp-content\/uploads\/2020\/12\/image-10.jpg\",\"contentUrl\":\"https:\/\/juacontecimentos.com.br\/site\/wp-content\/uploads\/2020\/12\/image-10.jpg\",\"width\":800,\"height\":457},{\"@type\":\"BreadcrumbList\",\"@id\":\"https:\/\/juacontecimentos.com.br\/site\/caiado-pede-para-que-mp-nao-interfira-na-area-da-saude\/#breadcrumb\",\"itemListElement\":[{\"@type\":\"ListItem\",\"position\":1,\"name\":\"In\u00edcio\",\"item\":\"https:\/\/juacontecimentos.com.br\/site\/\"},{\"@type\":\"ListItem\",\"position\":2,\"name\":\"Caiado pede para que MP n\u00e3o &#8220;interfira na \u00e1rea da sa\u00fade&#8221;\"}]},{\"@type\":\"WebSite\",\"@id\":\"https:\/\/juacontecimentos.com.br\/site\/#website\",\"url\":\"https:\/\/juacontecimentos.com.br\/site\/\",\"name\":\"Jornal Ultimos Acontecimentos\",\"description\":\"Catal\u00e3o e regi\u00e3o\",\"publisher\":{\"@id\":\"https:\/\/juacontecimentos.com.br\/site\/#organization\"},\"potentialAction\":[{\"@type\":\"SearchAction\",\"target\":{\"@type\":\"EntryPoint\",\"urlTemplate\":\"https:\/\/juacontecimentos.com.br\/site\/?s={search_term_string}\"},\"query-input\":{\"@type\":\"PropertyValueSpecification\",\"valueRequired\":true,\"valueName\":\"search_term_string\"}}],\"inLanguage\":\"pt-BR\"},{\"@type\":\"Organization\",\"@id\":\"https:\/\/juacontecimentos.com.br\/site\/#organization\",\"name\":\"Jornal Ultimos Acontecimentos\",\"url\":\"https:\/\/juacontecimentos.com.br\/site\/\",\"logo\":{\"@type\":\"ImageObject\",\"inLanguage\":\"pt-BR\",\"@id\":\"https:\/\/juacontecimentos.com.br\/site\/#\/schema\/logo\/image\/\",\"url\":\"https:\/\/juacontecimentos.com.br\/site\/wp-content\/uploads\/2023\/04\/Logo_Site.png\",\"contentUrl\":\"https:\/\/juacontecimentos.com.br\/site\/wp-content\/uploads\/2023\/04\/Logo_Site.png\",\"width\":2476,\"height\":530,\"caption\":\"Jornal Ultimos Acontecimentos\"},\"image\":{\"@id\":\"https:\/\/juacontecimentos.com.br\/site\/#\/schema\/logo\/image\/\"},\"sameAs\":[\"https:\/\/www.facebook.com\/jultimosacontecimentos\/\"]},{\"@type\":\"Person\",\"@id\":\"https:\/\/juacontecimentos.com.br\/site\/#\/schema\/person\/082a54e6d3fdd7a633291428521c9669\",\"name\":\"Reginaldo Ribeiro\",\"image\":{\"@type\":\"ImageObject\",\"inLanguage\":\"pt-BR\",\"@id\":\"https:\/\/juacontecimentos.com.br\/site\/#\/schema\/person\/image\/\",\"url\":\"https:\/\/secure.gravatar.com\/avatar\/5c16c6837c3490270a74d888c2a845728f06bdde1f8761de1de1d1d1ef82d12f?s=96&d=mm&r=g\",\"contentUrl\":\"https:\/\/secure.gravatar.com\/avatar\/5c16c6837c3490270a74d888c2a845728f06bdde1f8761de1de1d1d1ef82d12f?s=96&d=mm&r=g\",\"caption\":\"Reginaldo Ribeiro\"}}]}<\/script>\n<!-- \/ Yoast SEO plugin. -->","yoast_head_json":{"title":"Caiado pede para que MP n\u00e3o \"interfira na \u00e1rea da sa\u00fade\" - Jornal Ultimos Acontecimentos","robots":{"index":"index","follow":"follow","max-snippet":"max-snippet:-1","max-image-preview":"max-image-preview:large","max-video-preview":"max-video-preview:-1"},"canonical":"https:\/\/juacontecimentos.com.br\/site\/caiado-pede-para-que-mp-nao-interfira-na-area-da-saude\/","og_locale":"pt_BR","og_type":"article","og_title":"Caiado pede para que MP n\u00e3o \"interfira na \u00e1rea da sa\u00fade\" - Jornal Ultimos Acontecimentos","og_description":"Governador diz que requisitou ao procurador-geral de Justi\u00e7a para que promotores &#8220;n\u00e3o se prestassem a querer entender de sa\u00fade p\u00fablica nesta hora&#8221; e que &#8220;deixasse isso para quem entende do assunto\u201d. Protesto seria por pedido do \u00f3rg\u00e3o sobre destina\u00e7\u00e3o de leitos ociosos de Covid-19 O governador Ronaldo Caiado (DEM) disse em uma live nas suas","og_url":"https:\/\/juacontecimentos.com.br\/site\/caiado-pede-para-que-mp-nao-interfira-na-area-da-saude\/","og_site_name":"Jornal Ultimos Acontecimentos","article_publisher":"https:\/\/www.facebook.com\/jultimosacontecimentos\/","article_published_time":"2020-12-23T09:02:32+00:00","og_image":[{"width":800,"height":457,"url":"https:\/\/juacontecimentos.com.br\/site\/wp-content\/uploads\/2020\/12\/image-10.jpg","type":"image\/jpeg"}],"author":"Reginaldo Ribeiro","twitter_card":"summary_large_image","twitter_misc":{"Escrito por":"Reginaldo Ribeiro","Est. tempo de leitura":"2 minutos"},"schema":{"@context":"https:\/\/schema.org","@graph":[{"@type":"Article","@id":"https:\/\/juacontecimentos.com.br\/site\/caiado-pede-para-que-mp-nao-interfira-na-area-da-saude\/#article","isPartOf":{"@id":"https:\/\/juacontecimentos.com.br\/site\/caiado-pede-para-que-mp-nao-interfira-na-area-da-saude\/"},"author":{"name":"Reginaldo Ribeiro","@id":"https:\/\/juacontecimentos.com.br\/site\/#\/schema\/person\/082a54e6d3fdd7a633291428521c9669"},"headline":"Caiado pede para que MP n\u00e3o &#8220;interfira na \u00e1rea da sa\u00fade&#8221;","datePublished":"2020-12-23T09:02:32+00:00","mainEntityOfPage":{"@id":"https:\/\/juacontecimentos.com.br\/site\/caiado-pede-para-que-mp-nao-interfira-na-area-da-saude\/"},"wordCount":445,"commentCount":0,"publisher":{"@id":"https:\/\/juacontecimentos.com.br\/site\/#organization"},"image":{"@id":"https:\/\/juacontecimentos.com.br\/site\/caiado-pede-para-que-mp-nao-interfira-na-area-da-saude\/#primaryimage"},"thumbnailUrl":"https:\/\/juacontecimentos.com.br\/site\/wp-content\/uploads\/2020\/12\/image-10.jpg","articleSection":["Brasil","Catal\u00e3o","Destaque","Goi\u00e1s"],"inLanguage":"pt-BR"},{"@type":"WebPage","@id":"https:\/\/juacontecimentos.com.br\/site\/caiado-pede-para-que-mp-nao-interfira-na-area-da-saude\/","url":"https:\/\/juacontecimentos.com.br\/site\/caiado-pede-para-que-mp-nao-interfira-na-area-da-saude\/","name":"Caiado pede para que MP n\u00e3o \"interfira na \u00e1rea da sa\u00fade\" - Jornal Ultimos Acontecimentos","isPartOf":{"@id":"https:\/\/juacontecimentos.com.br\/site\/#website"},"primaryImageOfPage":{"@id":"https:\/\/juacontecimentos.com.br\/site\/caiado-pede-para-que-mp-nao-interfira-na-area-da-saude\/#primaryimage"},"image":{"@id":"https:\/\/juacontecimentos.com.br\/site\/caiado-pede-para-que-mp-nao-interfira-na-area-da-saude\/#primaryimage"},"thumbnailUrl":"https:\/\/juacontecimentos.com.br\/site\/wp-content\/uploads\/2020\/12\/image-10.jpg","datePublished":"2020-12-23T09:02:32+00:00","breadcrumb":{"@id":"https:\/\/juacontecimentos.com.br\/site\/caiado-pede-para-que-mp-nao-interfira-na-area-da-saude\/#breadcrumb"},"inLanguage":"pt-BR","potentialAction":[{"@type":"ReadAction","target":["https:\/\/juacontecimentos.com.br\/site\/caiado-pede-para-que-mp-nao-interfira-na-area-da-saude\/"]}]},{"@type":"ImageObject","inLanguage":"pt-BR","@id":"https:\/\/juacontecimentos.com.br\/site\/caiado-pede-para-que-mp-nao-interfira-na-area-da-saude\/#primaryimage","url":"https:\/\/juacontecimentos.com.br\/site\/wp-content\/uploads\/2020\/12\/image-10.jpg","contentUrl":"https:\/\/juacontecimentos.com.br\/site\/wp-content\/uploads\/2020\/12\/image-10.jpg","width":800,"height":457},{"@type":"BreadcrumbList","@id":"https:\/\/juacontecimentos.com.br\/site\/caiado-pede-para-que-mp-nao-interfira-na-area-da-saude\/#breadcrumb","itemListElement":[{"@type":"ListItem","position":1,"name":"In\u00edcio","item":"https:\/\/juacontecimentos.com.br\/site\/"},{"@type":"ListItem","position":2,"name":"Caiado pede para que MP n\u00e3o &#8220;interfira na \u00e1rea da sa\u00fade&#8221;"}]},{"@type":"WebSite","@id":"https:\/\/juacontecimentos.com.br\/site\/#website","url":"https:\/\/juacontecimentos.com.br\/site\/","name":"Jornal Ultimos Acontecimentos","description":"Catal\u00e3o e regi\u00e3o","publisher":{"@id":"https:\/\/juacontecimentos.com.br\/site\/#organization"},"potentialAction":[{"@type":"SearchAction","target":{"@type":"EntryPoint","urlTemplate":"https:\/\/juacontecimentos.com.br\/site\/?s={search_term_string}"},"query-input":{"@type":"PropertyValueSpecification","valueRequired":true,"valueName":"search_term_string"}}],"inLanguage":"pt-BR"},{"@type":"Organization","@id":"https:\/\/juacontecimentos.com.br\/site\/#organization","name":"Jornal Ultimos Acontecimentos","url":"https:\/\/juacontecimentos.com.br\/site\/","logo":{"@type":"ImageObject","inLanguage":"pt-BR","@id":"https:\/\/juacontecimentos.com.br\/site\/#\/schema\/logo\/image\/","url":"https:\/\/juacontecimentos.com.br\/site\/wp-content\/uploads\/2023\/04\/Logo_Site.png","contentUrl":"https:\/\/juacontecimentos.com.br\/site\/wp-content\/uploads\/2023\/04\/Logo_Site.png","width":2476,"height":530,"caption":"Jornal Ultimos Acontecimentos"},"image":{"@id":"https:\/\/juacontecimentos.com.br\/site\/#\/schema\/logo\/image\/"},"sameAs":["https:\/\/www.facebook.com\/jultimosacontecimentos\/"]},{"@type":"Person","@id":"https:\/\/juacontecimentos.com.br\/site\/#\/schema\/person\/082a54e6d3fdd7a633291428521c9669","name":"Reginaldo Ribeiro","image":{"@type":"ImageObject","inLanguage":"pt-BR","@id":"https:\/\/juacontecimentos.com.br\/site\/#\/schema\/person\/image\/","url":"https:\/\/secure.gravatar.com\/avatar\/5c16c6837c3490270a74d888c2a845728f06bdde1f8761de1de1d1d1ef82d12f?s=96&d=mm&r=g","contentUrl":"https:\/\/secure.gravatar.com\/avatar\/5c16c6837c3490270a74d888c2a845728f06bdde1f8761de1de1d1d1ef82d12f?s=96&d=mm&r=g","caption":"Reginaldo Ribeiro"}}]}},"_links":{"self":[{"href":"https:\/\/juacontecimentos.com.br\/site\/wp-json\/wp\/v2\/posts\/12524","targetHints":{"allow":["GET"]}}],"collection":[{"href":"https:\/\/juacontecimentos.com.br\/site\/wp-json\/wp\/v2\/posts"}],"about":[{"href":"https:\/\/juacontecimentos.com.br\/site\/wp-json\/wp\/v2\/types\/post"}],"author":[{"embeddable":true,"href":"https:\/\/juacontecimentos.com.br\/site\/wp-json\/wp\/v2\/users\/2"}],"replies":[{"embeddable":true,"href":"https:\/\/juacontecimentos.com.br\/site\/wp-json\/wp\/v2\/comments?post=12524"}],"version-history":[{"count":1,"href":"https:\/\/juacontecimentos.com.br\/site\/wp-json\/wp\/v2\/posts\/12524\/revisions"}],"predecessor-version":[{"id":12526,"href":"https:\/\/juacontecimentos.com.br\/site\/wp-json\/wp\/v2\/posts\/12524\/revisions\/12526"}],"wp:featuredmedia":[{"embeddable":true,"href":"https:\/\/juacontecimentos.com.br\/site\/wp-json\/wp\/v2\/media\/12525"}],"wp:attachment":[{"href":"https:\/\/juacontecimentos.com.br\/site\/wp-json\/wp\/v2\/media?parent=12524"}],"wp:term":[{"taxonomy":"category","embeddable":true,"href":"https:\/\/juacontecimentos.com.br\/site\/wp-json\/wp\/v2\/categories?post=12524"},{"taxonomy":"post_tag","embeddable":true,"href":"https:\/\/juacontecimentos.com.br\/site\/wp-json\/wp\/v2\/tags?post=12524"}],"curies":[{"name":"wp","href":"https:\/\/api.w.org\/{rel}","templated":true}]}}