{"id":12661,"date":"2021-01-06T05:03:45","date_gmt":"2021-01-06T08:03:45","guid":{"rendered":"http:\/\/juacontecimentos.com.br\/site\/?p=12661"},"modified":"2021-01-06T05:03:45","modified_gmt":"2021-01-06T08:03:45","slug":"de-olho-em-2022-negociacoes-visam-acomodacoes-de-aliados-em-goias","status":"publish","type":"post","link":"https:\/\/juacontecimentos.com.br\/site\/de-olho-em-2022-negociacoes-visam-acomodacoes-de-aliados-em-goias\/","title":{"rendered":"De olho em 2022, negocia\u00e7\u00f5es visam acomoda\u00e7\u00f5es de aliados em Goi\u00e1s"},"content":{"rendered":"<p><img loading=\"lazy\" decoding=\"async\" class=\"alignnone size-full wp-image-12662\" src=\"http:\/\/juacontecimentos.com.br\/site\/wp-content\/uploads\/2021\/01\/image-3.jpg\" alt=\"\" width=\"800\" height=\"533\" srcset=\"https:\/\/juacontecimentos.com.br\/site\/wp-content\/uploads\/2021\/01\/image-3.jpg 800w, https:\/\/juacontecimentos.com.br\/site\/wp-content\/uploads\/2021\/01\/image-3-300x200.jpg 300w, https:\/\/juacontecimentos.com.br\/site\/wp-content\/uploads\/2021\/01\/image-3-768x512.jpg 768w\" sizes=\"auto, (max-width: 800px) 100vw, 800px\" \/><\/p>\n<h3>Depois do novo mapa pol\u00edtico das elei\u00e7\u00f5es municipais, Caiado busca ampliar a base e consolidar apoios partid\u00e1rios<\/h3>\n<p class=\"TEXTO\">De olho no projeto de reelei\u00e7\u00e3o em 2022, o governador Ronaldo Caiado (DEM) deve anunciar na pr\u00f3xima semana mudan\u00e7as no secretariado que visam principalmente a acomoda\u00e7\u00f5es pol\u00edticas. Depois do novo mapa pol\u00edtico das elei\u00e7\u00f5es municipais, o democrata busca ampliar a base e consolidar apoios partid\u00e1rios.<\/p>\n<p class=\"TEXTO\">As articula\u00e7\u00f5es ganharam um ingrediente na \u00faltima semana: a forma\u00e7\u00e3o do secretariado da Prefeitura de Goi\u00e2nia, principal trincheira do MDB no Estado, com uma alian\u00e7a pol\u00edtica tida como um ensaio para a frente de oposi\u00e7\u00e3o da sucess\u00e3o de 22. Foram acomodados na gest\u00e3o municipal cinco partidos, al\u00e9m do MDB, e h\u00e1 discuss\u00f5es com pelo menos mais dois.<\/p>\n<p class=\"TEXTO\">O governador est\u00e1 em viagem de descanso e deve retornar no pr\u00f3ximo final de semana. Antes de sair, pelo menos um convite j\u00e1 foi feito, justamente para a secretaria que cuida da articula\u00e7\u00e3o pol\u00edtica. O deputado estadual Ti\u00e3o Caro\u00e7o (PSDB) confirma que teve uma conversa com Caiado h\u00e1 uma semana sobre a possibilidade de assumir a Secretaria de Governo.<\/p>\n<p class=\"TEXTO\">O convite tem v\u00e1rios objetivos: melhorar a interlocu\u00e7\u00e3o com a Assembleia e com prefeitos, refor\u00e7ar o enfraquecimento do PSDB levando um de seus integrantes para a gest\u00e3o, estabelecer uma aproxima\u00e7\u00e3o com conselheiros do Tribunal de Contas do Estado (TCE-GO), dos quais Ti\u00e3o \u00e9 pr\u00f3ximo, e garantir vaga no Legislativo para a ex-vereadora e ex-candidata do PL \u00e0 Prefeitura, Cristina Lopes.<\/p>\n<p class=\"TEXTO\">Ti\u00e3o foi submetido a uma cirurgia esta semana e diz que ter\u00e1 nova conversa com o governador para baterem o martelo. Se for confirmada a ida, ele substituir\u00e1 um de seus maiores desafetos na pol\u00edtica, o ex-deputado e ex-prefeito de Formosa Ernesto Roller.<\/p>\n<p class=\"TEXTO\">Caiado oferece espa\u00e7os principalmente para o PP, PSD, PDT e PSB, mas h\u00e1 resist\u00eancias em pelo menos dois deles. O presidente estadual do PSB, deputado federal Elias Vaz, esteve ontem no Pa\u00e7o Municipal, em conversa com o prefeito em exerc\u00edcio, Rog\u00e9rio Cruz (Republicanos), e com o presidente estadual do MDB, Daniel Vilela, filho do prefeito licenciado Maguito Vilela, quando ouviu novo convite para que seu partido participe da gest\u00e3o.<\/p>\n<p class=\"TEXTO\">Embora o presidente da Assembleia, Lissauer Vieira (PSB), seja pr\u00f3ximo do governador e tenha afirmado ao POPULAR que o partido poderia integrar oficialmente a base, Elias, que foi candidato a prefeito, apoiou Maguito na campanha da capital no segundo turno, e tende a defender a composi\u00e7\u00e3o com a Prefeitura. Ele afirma que tomar\u00e1 decis\u00e3o em conjunto com a executiva da sigla.<\/p>\n<p class=\"TEXTO\">No comando do PSD, tamb\u00e9m h\u00e1 resist\u00eancias para integrar a gest\u00e3o estadual, apesar do acordo feito na campanha em Goi\u00e2nia, com apoio do governador ao senador Vanderlan Cardoso. O presidente do partido, Vilmar Rocha, n\u00e3o quer fechar compromisso para a sucess\u00e3o de 22. Nos bastidores, as informa\u00e7\u00f5es s\u00e3o de que Caiado pode oferecer a Secretaria de Educa\u00e7\u00e3o para convencer o comando da sigla.<\/p>\n<p class=\"TEXTO\">O PP, segundo partido com maior n\u00famero de prefeitos eleitos em 2020 em Goi\u00e1s, \u00e9 a sigla da base com mais tempo de televis\u00e3o, e caminha para abocanhar a \u00e1rea social do governo Caiado, al\u00e9m de j\u00e1 ocupar a Cultura. A ex-senadora L\u00facia V\u00e2nia deve ser substitu\u00edda por um nome indicado por Alexandre Baldy, presidente do PP estadual, na Secretaria de Desenvolvimento Social.<\/p>\n<p class=\"TEXTO\">O governo tentou articular a divis\u00e3o da SEDS entre o PP e o PDT, mas a informa\u00e7\u00e3o de bastidores \u00e9 que o primeiro n\u00e3o aceita, usando como argumento a estrutura do partido e a necessidade de consolida\u00e7\u00e3o da base neste momento.<\/p>\n<p class=\"TEXTO\">No dia 21 de dezembro, Caiado confirmou ao POPULAR que faria altera\u00e7\u00f5es no quadro de auxiliares. \u201cMexo na equipe, sim, at\u00e9 porque eu acho que isso \u00e9 extremamente positivo. Voc\u00ea tem um primeiro tempo de jogo e voc\u00ea tem um segundo tempo de jogo\u201d, disse. Segundo ele, as mudan\u00e7as v\u00e3o sinalizar os pontos priorit\u00e1rios das a\u00e7\u00f5es do governo para 2021 e 2022. Na ocasi\u00e3o, o democrata admitiu que disputar\u00e1 a reelei\u00e7\u00e3o.<\/p>\n<p>&nbsp;<\/p>\n<p>&nbsp;<br \/>\n<\/p>\n","protected":false},"excerpt":{"rendered":"<p>Depois do novo mapa pol\u00edtico das elei\u00e7\u00f5es municipais, Caiado busca ampliar a base e consolidar apoios partid\u00e1rios De olho no projeto de reelei\u00e7\u00e3o em 2022, o governador Ronaldo Caiado (DEM) deve anunciar na pr\u00f3xima semana mudan\u00e7as no secretariado que visam principalmente a acomoda\u00e7\u00f5es pol\u00edticas. Depois do novo mapa pol\u00edtico das elei\u00e7\u00f5es municipais, o democrata busca<\/p>\n","protected":false},"author":2,"featured_media":12662,"comment_status":"open","ping_status":"open","sticky":false,"template":"","format":"standard","meta":{"footnotes":""},"categories":[27,22,26,23],"tags":[],"class_list":["post-12661","post","type-post","status-publish","format-standard","has-post-thumbnail","hentry","category-brasil","category-catalao","category-destaque","category-goias"],"yoast_head":"<!-- This site is optimized with the Yoast SEO plugin v25.8 - https:\/\/yoast.com\/wordpress\/plugins\/seo\/ -->\n<title>De olho em 2022, negocia\u00e7\u00f5es visam acomoda\u00e7\u00f5es de aliados em Goi\u00e1s - Jornal Ultimos Acontecimentos<\/title>\n<meta name=\"robots\" content=\"index, follow, max-snippet:-1, max-image-preview:large, max-video-preview:-1\" \/>\n<link rel=\"canonical\" href=\"https:\/\/juacontecimentos.com.br\/site\/de-olho-em-2022-negociacoes-visam-acomodacoes-de-aliados-em-goias\/\" \/>\n<meta property=\"og:locale\" content=\"pt_BR\" \/>\n<meta property=\"og:type\" content=\"article\" \/>\n<meta property=\"og:title\" content=\"De olho em 2022, negocia\u00e7\u00f5es visam acomoda\u00e7\u00f5es de aliados em Goi\u00e1s - Jornal Ultimos Acontecimentos\" \/>\n<meta property=\"og:description\" content=\"Depois do novo mapa pol\u00edtico das elei\u00e7\u00f5es municipais, Caiado busca ampliar a base e consolidar apoios partid\u00e1rios De olho no projeto de reelei\u00e7\u00e3o em 2022, o governador Ronaldo Caiado (DEM) deve anunciar na pr\u00f3xima semana mudan\u00e7as no secretariado que visam principalmente a acomoda\u00e7\u00f5es pol\u00edticas. Depois do novo mapa pol\u00edtico das elei\u00e7\u00f5es municipais, o democrata busca\" \/>\n<meta property=\"og:url\" content=\"https:\/\/juacontecimentos.com.br\/site\/de-olho-em-2022-negociacoes-visam-acomodacoes-de-aliados-em-goias\/\" \/>\n<meta property=\"og:site_name\" content=\"Jornal Ultimos Acontecimentos\" \/>\n<meta property=\"article:publisher\" content=\"https:\/\/www.facebook.com\/jultimosacontecimentos\/\" \/>\n<meta property=\"article:published_time\" content=\"2021-01-06T08:03:45+00:00\" \/>\n<meta property=\"og:image\" content=\"https:\/\/juacontecimentos.com.br\/site\/wp-content\/uploads\/2021\/01\/image-3.jpg\" \/>\n\t<meta property=\"og:image:width\" content=\"800\" \/>\n\t<meta property=\"og:image:height\" content=\"533\" \/>\n\t<meta property=\"og:image:type\" content=\"image\/jpeg\" \/>\n<meta name=\"author\" content=\"Reginaldo Ribeiro\" \/>\n<meta name=\"twitter:card\" content=\"summary_large_image\" \/>\n<meta name=\"twitter:label1\" content=\"Escrito por\" \/>\n\t<meta name=\"twitter:data1\" content=\"Reginaldo Ribeiro\" \/>\n\t<meta name=\"twitter:label2\" content=\"Est. tempo de leitura\" \/>\n\t<meta name=\"twitter:data2\" content=\"4 minutos\" \/>\n<script type=\"application\/ld+json\" class=\"yoast-schema-graph\">{\"@context\":\"https:\/\/schema.org\",\"@graph\":[{\"@type\":\"Article\",\"@id\":\"https:\/\/juacontecimentos.com.br\/site\/de-olho-em-2022-negociacoes-visam-acomodacoes-de-aliados-em-goias\/#article\",\"isPartOf\":{\"@id\":\"https:\/\/juacontecimentos.com.br\/site\/de-olho-em-2022-negociacoes-visam-acomodacoes-de-aliados-em-goias\/\"},\"author\":{\"name\":\"Reginaldo Ribeiro\",\"@id\":\"https:\/\/juacontecimentos.com.br\/site\/#\/schema\/person\/082a54e6d3fdd7a633291428521c9669\"},\"headline\":\"De olho em 2022, negocia\u00e7\u00f5es visam acomoda\u00e7\u00f5es de aliados em Goi\u00e1s\",\"datePublished\":\"2021-01-06T08:03:45+00:00\",\"mainEntityOfPage\":{\"@id\":\"https:\/\/juacontecimentos.com.br\/site\/de-olho-em-2022-negociacoes-visam-acomodacoes-de-aliados-em-goias\/\"},\"wordCount\":723,\"commentCount\":0,\"publisher\":{\"@id\":\"https:\/\/juacontecimentos.com.br\/site\/#organization\"},\"image\":{\"@id\":\"https:\/\/juacontecimentos.com.br\/site\/de-olho-em-2022-negociacoes-visam-acomodacoes-de-aliados-em-goias\/#primaryimage\"},\"thumbnailUrl\":\"https:\/\/juacontecimentos.com.br\/site\/wp-content\/uploads\/2021\/01\/image-3.jpg\",\"articleSection\":[\"Brasil\",\"Catal\u00e3o\",\"Destaque\",\"Goi\u00e1s\"],\"inLanguage\":\"pt-BR\"},{\"@type\":\"WebPage\",\"@id\":\"https:\/\/juacontecimentos.com.br\/site\/de-olho-em-2022-negociacoes-visam-acomodacoes-de-aliados-em-goias\/\",\"url\":\"https:\/\/juacontecimentos.com.br\/site\/de-olho-em-2022-negociacoes-visam-acomodacoes-de-aliados-em-goias\/\",\"name\":\"De olho em 2022, negocia\u00e7\u00f5es visam acomoda\u00e7\u00f5es de aliados em Goi\u00e1s - Jornal Ultimos Acontecimentos\",\"isPartOf\":{\"@id\":\"https:\/\/juacontecimentos.com.br\/site\/#website\"},\"primaryImageOfPage\":{\"@id\":\"https:\/\/juacontecimentos.com.br\/site\/de-olho-em-2022-negociacoes-visam-acomodacoes-de-aliados-em-goias\/#primaryimage\"},\"image\":{\"@id\":\"https:\/\/juacontecimentos.com.br\/site\/de-olho-em-2022-negociacoes-visam-acomodacoes-de-aliados-em-goias\/#primaryimage\"},\"thumbnailUrl\":\"https:\/\/juacontecimentos.com.br\/site\/wp-content\/uploads\/2021\/01\/image-3.jpg\",\"datePublished\":\"2021-01-06T08:03:45+00:00\",\"breadcrumb\":{\"@id\":\"https:\/\/juacontecimentos.com.br\/site\/de-olho-em-2022-negociacoes-visam-acomodacoes-de-aliados-em-goias\/#breadcrumb\"},\"inLanguage\":\"pt-BR\",\"potentialAction\":[{\"@type\":\"ReadAction\",\"target\":[\"https:\/\/juacontecimentos.com.br\/site\/de-olho-em-2022-negociacoes-visam-acomodacoes-de-aliados-em-goias\/\"]}]},{\"@type\":\"ImageObject\",\"inLanguage\":\"pt-BR\",\"@id\":\"https:\/\/juacontecimentos.com.br\/site\/de-olho-em-2022-negociacoes-visam-acomodacoes-de-aliados-em-goias\/#primaryimage\",\"url\":\"https:\/\/juacontecimentos.com.br\/site\/wp-content\/uploads\/2021\/01\/image-3.jpg\",\"contentUrl\":\"https:\/\/juacontecimentos.com.br\/site\/wp-content\/uploads\/2021\/01\/image-3.jpg\",\"width\":800,\"height\":533},{\"@type\":\"BreadcrumbList\",\"@id\":\"https:\/\/juacontecimentos.com.br\/site\/de-olho-em-2022-negociacoes-visam-acomodacoes-de-aliados-em-goias\/#breadcrumb\",\"itemListElement\":[{\"@type\":\"ListItem\",\"position\":1,\"name\":\"In\u00edcio\",\"item\":\"https:\/\/juacontecimentos.com.br\/site\/\"},{\"@type\":\"ListItem\",\"position\":2,\"name\":\"De olho em 2022, negocia\u00e7\u00f5es visam acomoda\u00e7\u00f5es de aliados em Goi\u00e1s\"}]},{\"@type\":\"WebSite\",\"@id\":\"https:\/\/juacontecimentos.com.br\/site\/#website\",\"url\":\"https:\/\/juacontecimentos.com.br\/site\/\",\"name\":\"Jornal Ultimos Acontecimentos\",\"description\":\"Catal\u00e3o e regi\u00e3o\",\"publisher\":{\"@id\":\"https:\/\/juacontecimentos.com.br\/site\/#organization\"},\"potentialAction\":[{\"@type\":\"SearchAction\",\"target\":{\"@type\":\"EntryPoint\",\"urlTemplate\":\"https:\/\/juacontecimentos.com.br\/site\/?s={search_term_string}\"},\"query-input\":{\"@type\":\"PropertyValueSpecification\",\"valueRequired\":true,\"valueName\":\"search_term_string\"}}],\"inLanguage\":\"pt-BR\"},{\"@type\":\"Organization\",\"@id\":\"https:\/\/juacontecimentos.com.br\/site\/#organization\",\"name\":\"Jornal Ultimos Acontecimentos\",\"url\":\"https:\/\/juacontecimentos.com.br\/site\/\",\"logo\":{\"@type\":\"ImageObject\",\"inLanguage\":\"pt-BR\",\"@id\":\"https:\/\/juacontecimentos.com.br\/site\/#\/schema\/logo\/image\/\",\"url\":\"https:\/\/juacontecimentos.com.br\/site\/wp-content\/uploads\/2023\/04\/Logo_Site.png\",\"contentUrl\":\"https:\/\/juacontecimentos.com.br\/site\/wp-content\/uploads\/2023\/04\/Logo_Site.png\",\"width\":2476,\"height\":530,\"caption\":\"Jornal Ultimos Acontecimentos\"},\"image\":{\"@id\":\"https:\/\/juacontecimentos.com.br\/site\/#\/schema\/logo\/image\/\"},\"sameAs\":[\"https:\/\/www.facebook.com\/jultimosacontecimentos\/\"]},{\"@type\":\"Person\",\"@id\":\"https:\/\/juacontecimentos.com.br\/site\/#\/schema\/person\/082a54e6d3fdd7a633291428521c9669\",\"name\":\"Reginaldo Ribeiro\",\"image\":{\"@type\":\"ImageObject\",\"inLanguage\":\"pt-BR\",\"@id\":\"https:\/\/juacontecimentos.com.br\/site\/#\/schema\/person\/image\/\",\"url\":\"https:\/\/secure.gravatar.com\/avatar\/5c16c6837c3490270a74d888c2a845728f06bdde1f8761de1de1d1d1ef82d12f?s=96&d=mm&r=g\",\"contentUrl\":\"https:\/\/secure.gravatar.com\/avatar\/5c16c6837c3490270a74d888c2a845728f06bdde1f8761de1de1d1d1ef82d12f?s=96&d=mm&r=g\",\"caption\":\"Reginaldo Ribeiro\"}}]}<\/script>\n<!-- \/ Yoast SEO plugin. -->","yoast_head_json":{"title":"De olho em 2022, negocia\u00e7\u00f5es visam acomoda\u00e7\u00f5es de aliados em Goi\u00e1s - Jornal Ultimos Acontecimentos","robots":{"index":"index","follow":"follow","max-snippet":"max-snippet:-1","max-image-preview":"max-image-preview:large","max-video-preview":"max-video-preview:-1"},"canonical":"https:\/\/juacontecimentos.com.br\/site\/de-olho-em-2022-negociacoes-visam-acomodacoes-de-aliados-em-goias\/","og_locale":"pt_BR","og_type":"article","og_title":"De olho em 2022, negocia\u00e7\u00f5es visam acomoda\u00e7\u00f5es de aliados em Goi\u00e1s - Jornal Ultimos Acontecimentos","og_description":"Depois do novo mapa pol\u00edtico das elei\u00e7\u00f5es municipais, Caiado busca ampliar a base e consolidar apoios partid\u00e1rios De olho no projeto de reelei\u00e7\u00e3o em 2022, o governador Ronaldo Caiado (DEM) deve anunciar na pr\u00f3xima semana mudan\u00e7as no secretariado que visam principalmente a acomoda\u00e7\u00f5es pol\u00edticas. Depois do novo mapa pol\u00edtico das elei\u00e7\u00f5es municipais, o democrata busca","og_url":"https:\/\/juacontecimentos.com.br\/site\/de-olho-em-2022-negociacoes-visam-acomodacoes-de-aliados-em-goias\/","og_site_name":"Jornal Ultimos Acontecimentos","article_publisher":"https:\/\/www.facebook.com\/jultimosacontecimentos\/","article_published_time":"2021-01-06T08:03:45+00:00","og_image":[{"width":800,"height":533,"url":"https:\/\/juacontecimentos.com.br\/site\/wp-content\/uploads\/2021\/01\/image-3.jpg","type":"image\/jpeg"}],"author":"Reginaldo Ribeiro","twitter_card":"summary_large_image","twitter_misc":{"Escrito por":"Reginaldo Ribeiro","Est. tempo de leitura":"4 minutos"},"schema":{"@context":"https:\/\/schema.org","@graph":[{"@type":"Article","@id":"https:\/\/juacontecimentos.com.br\/site\/de-olho-em-2022-negociacoes-visam-acomodacoes-de-aliados-em-goias\/#article","isPartOf":{"@id":"https:\/\/juacontecimentos.com.br\/site\/de-olho-em-2022-negociacoes-visam-acomodacoes-de-aliados-em-goias\/"},"author":{"name":"Reginaldo Ribeiro","@id":"https:\/\/juacontecimentos.com.br\/site\/#\/schema\/person\/082a54e6d3fdd7a633291428521c9669"},"headline":"De olho em 2022, negocia\u00e7\u00f5es visam acomoda\u00e7\u00f5es de aliados em Goi\u00e1s","datePublished":"2021-01-06T08:03:45+00:00","mainEntityOfPage":{"@id":"https:\/\/juacontecimentos.com.br\/site\/de-olho-em-2022-negociacoes-visam-acomodacoes-de-aliados-em-goias\/"},"wordCount":723,"commentCount":0,"publisher":{"@id":"https:\/\/juacontecimentos.com.br\/site\/#organization"},"image":{"@id":"https:\/\/juacontecimentos.com.br\/site\/de-olho-em-2022-negociacoes-visam-acomodacoes-de-aliados-em-goias\/#primaryimage"},"thumbnailUrl":"https:\/\/juacontecimentos.com.br\/site\/wp-content\/uploads\/2021\/01\/image-3.jpg","articleSection":["Brasil","Catal\u00e3o","Destaque","Goi\u00e1s"],"inLanguage":"pt-BR"},{"@type":"WebPage","@id":"https:\/\/juacontecimentos.com.br\/site\/de-olho-em-2022-negociacoes-visam-acomodacoes-de-aliados-em-goias\/","url":"https:\/\/juacontecimentos.com.br\/site\/de-olho-em-2022-negociacoes-visam-acomodacoes-de-aliados-em-goias\/","name":"De olho em 2022, negocia\u00e7\u00f5es visam acomoda\u00e7\u00f5es de aliados em Goi\u00e1s - Jornal Ultimos Acontecimentos","isPartOf":{"@id":"https:\/\/juacontecimentos.com.br\/site\/#website"},"primaryImageOfPage":{"@id":"https:\/\/juacontecimentos.com.br\/site\/de-olho-em-2022-negociacoes-visam-acomodacoes-de-aliados-em-goias\/#primaryimage"},"image":{"@id":"https:\/\/juacontecimentos.com.br\/site\/de-olho-em-2022-negociacoes-visam-acomodacoes-de-aliados-em-goias\/#primaryimage"},"thumbnailUrl":"https:\/\/juacontecimentos.com.br\/site\/wp-content\/uploads\/2021\/01\/image-3.jpg","datePublished":"2021-01-06T08:03:45+00:00","breadcrumb":{"@id":"https:\/\/juacontecimentos.com.br\/site\/de-olho-em-2022-negociacoes-visam-acomodacoes-de-aliados-em-goias\/#breadcrumb"},"inLanguage":"pt-BR","potentialAction":[{"@type":"ReadAction","target":["https:\/\/juacontecimentos.com.br\/site\/de-olho-em-2022-negociacoes-visam-acomodacoes-de-aliados-em-goias\/"]}]},{"@type":"ImageObject","inLanguage":"pt-BR","@id":"https:\/\/juacontecimentos.com.br\/site\/de-olho-em-2022-negociacoes-visam-acomodacoes-de-aliados-em-goias\/#primaryimage","url":"https:\/\/juacontecimentos.com.br\/site\/wp-content\/uploads\/2021\/01\/image-3.jpg","contentUrl":"https:\/\/juacontecimentos.com.br\/site\/wp-content\/uploads\/2021\/01\/image-3.jpg","width":800,"height":533},{"@type":"BreadcrumbList","@id":"https:\/\/juacontecimentos.com.br\/site\/de-olho-em-2022-negociacoes-visam-acomodacoes-de-aliados-em-goias\/#breadcrumb","itemListElement":[{"@type":"ListItem","position":1,"name":"In\u00edcio","item":"https:\/\/juacontecimentos.com.br\/site\/"},{"@type":"ListItem","position":2,"name":"De olho em 2022, negocia\u00e7\u00f5es visam acomoda\u00e7\u00f5es de aliados em Goi\u00e1s"}]},{"@type":"WebSite","@id":"https:\/\/juacontecimentos.com.br\/site\/#website","url":"https:\/\/juacontecimentos.com.br\/site\/","name":"Jornal Ultimos Acontecimentos","description":"Catal\u00e3o e regi\u00e3o","publisher":{"@id":"https:\/\/juacontecimentos.com.br\/site\/#organization"},"potentialAction":[{"@type":"SearchAction","target":{"@type":"EntryPoint","urlTemplate":"https:\/\/juacontecimentos.com.br\/site\/?s={search_term_string}"},"query-input":{"@type":"PropertyValueSpecification","valueRequired":true,"valueName":"search_term_string"}}],"inLanguage":"pt-BR"},{"@type":"Organization","@id":"https:\/\/juacontecimentos.com.br\/site\/#organization","name":"Jornal Ultimos Acontecimentos","url":"https:\/\/juacontecimentos.com.br\/site\/","logo":{"@type":"ImageObject","inLanguage":"pt-BR","@id":"https:\/\/juacontecimentos.com.br\/site\/#\/schema\/logo\/image\/","url":"https:\/\/juacontecimentos.com.br\/site\/wp-content\/uploads\/2023\/04\/Logo_Site.png","contentUrl":"https:\/\/juacontecimentos.com.br\/site\/wp-content\/uploads\/2023\/04\/Logo_Site.png","width":2476,"height":530,"caption":"Jornal Ultimos Acontecimentos"},"image":{"@id":"https:\/\/juacontecimentos.com.br\/site\/#\/schema\/logo\/image\/"},"sameAs":["https:\/\/www.facebook.com\/jultimosacontecimentos\/"]},{"@type":"Person","@id":"https:\/\/juacontecimentos.com.br\/site\/#\/schema\/person\/082a54e6d3fdd7a633291428521c9669","name":"Reginaldo Ribeiro","image":{"@type":"ImageObject","inLanguage":"pt-BR","@id":"https:\/\/juacontecimentos.com.br\/site\/#\/schema\/person\/image\/","url":"https:\/\/secure.gravatar.com\/avatar\/5c16c6837c3490270a74d888c2a845728f06bdde1f8761de1de1d1d1ef82d12f?s=96&d=mm&r=g","contentUrl":"https:\/\/secure.gravatar.com\/avatar\/5c16c6837c3490270a74d888c2a845728f06bdde1f8761de1de1d1d1ef82d12f?s=96&d=mm&r=g","caption":"Reginaldo Ribeiro"}}]}},"_links":{"self":[{"href":"https:\/\/juacontecimentos.com.br\/site\/wp-json\/wp\/v2\/posts\/12661","targetHints":{"allow":["GET"]}}],"collection":[{"href":"https:\/\/juacontecimentos.com.br\/site\/wp-json\/wp\/v2\/posts"}],"about":[{"href":"https:\/\/juacontecimentos.com.br\/site\/wp-json\/wp\/v2\/types\/post"}],"author":[{"embeddable":true,"href":"https:\/\/juacontecimentos.com.br\/site\/wp-json\/wp\/v2\/users\/2"}],"replies":[{"embeddable":true,"href":"https:\/\/juacontecimentos.com.br\/site\/wp-json\/wp\/v2\/comments?post=12661"}],"version-history":[{"count":1,"href":"https:\/\/juacontecimentos.com.br\/site\/wp-json\/wp\/v2\/posts\/12661\/revisions"}],"predecessor-version":[{"id":12663,"href":"https:\/\/juacontecimentos.com.br\/site\/wp-json\/wp\/v2\/posts\/12661\/revisions\/12663"}],"wp:featuredmedia":[{"embeddable":true,"href":"https:\/\/juacontecimentos.com.br\/site\/wp-json\/wp\/v2\/media\/12662"}],"wp:attachment":[{"href":"https:\/\/juacontecimentos.com.br\/site\/wp-json\/wp\/v2\/media?parent=12661"}],"wp:term":[{"taxonomy":"category","embeddable":true,"href":"https:\/\/juacontecimentos.com.br\/site\/wp-json\/wp\/v2\/categories?post=12661"},{"taxonomy":"post_tag","embeddable":true,"href":"https:\/\/juacontecimentos.com.br\/site\/wp-json\/wp\/v2\/tags?post=12661"}],"curies":[{"name":"wp","href":"https:\/\/api.w.org\/{rel}","templated":true}]}}