{"id":12691,"date":"2021-01-08T19:46:30","date_gmt":"2021-01-08T22:46:30","guid":{"rendered":"https:\/\/juacontecimentos.com.br\/site\/?p=12691"},"modified":"2021-01-08T19:46:30","modified_gmt":"2021-01-08T22:46:30","slug":"sindicato-rural-de-catalao-realizara-eleicoes-para-nova-diretoria","status":"publish","type":"post","link":"https:\/\/juacontecimentos.com.br\/site\/sindicato-rural-de-catalao-realizara-eleicoes-para-nova-diretoria\/","title":{"rendered":"SINDICATO RURAL DE CATAL\u00c3O REALIZAR\u00c1 ELEI\u00c7\u00d5ES PARA NOVA DIRETORIA"},"content":{"rendered":"<p><img loading=\"lazy\" decoding=\"async\" class=\"alignnone size-full wp-image-12692\" src=\"https:\/\/juacontecimentos.com.br\/site\/wp-content\/uploads\/2021\/01\/IMG-20210108-WA0332.jpg\" alt=\"\" width=\"927\" height=\"636\" srcset=\"https:\/\/juacontecimentos.com.br\/site\/wp-content\/uploads\/2021\/01\/IMG-20210108-WA0332.jpg 927w, https:\/\/juacontecimentos.com.br\/site\/wp-content\/uploads\/2021\/01\/IMG-20210108-WA0332-300x206.jpg 300w, https:\/\/juacontecimentos.com.br\/site\/wp-content\/uploads\/2021\/01\/IMG-20210108-WA0332-768x527.jpg 768w\" sizes=\"auto, (max-width: 927px) 100vw, 927px\" \/><\/p>\n<p>O Sindicato Rural de Catal\u00e3o realizar\u00e1 suas elei\u00e7\u00f5es para nova diretoria no dia 15 de janeiro. A vota\u00e7\u00e3o acontecer\u00e1 das 7h30 \u00e0s 17h, na sede do Sindicato, localizada no Parque de Exposi\u00e7\u00f5es. A diretoria adotar\u00e1 todas as medidas de seguran\u00e7a e sanit\u00e1rias contra Covid 19.<\/p>\n<p>Est\u00e3o aptos a votar os produtores com mais de 6 meses de filia\u00e7\u00e3o e em dia com o Sindicato. Tamb\u00e9m s\u00e3o requisitos: que tenham propriedade dentro do munic\u00edpio e na base territorial do Sindicato. Com cerca de 700 associados, mais de 300 podem votar, sendo necess\u00e1rios 50% mais um dos votos.<\/p>\n<p>Este ano, apenas uma chapa concorrer\u00e1. O presidente Renato Ribeiro dos Santos concorrer\u00e1 \u00e0 reelei\u00e7\u00e3o. A chapa completa foi composta assim:<\/p>\n<p>Presidente: Renato Ribeiro dos Santos<\/p>\n<p>Vice &#8211; presidente: Ricardo Pires Monteiro.<\/p>\n<p>2\u00ba Vice-presidente: Ant\u00f4nio Jorge Bianco<\/p>\n<p>Vice \u2013 presidente Institucional: Cleber Pacheco da Silva.<\/p>\n<p>Vice \u2013 presidente Financeiro: Thiago Terra de Souza<\/p>\n<p>1\u00ba Suplente: Jos\u00e9 Osmar Roque J\u00fanior<\/p>\n<p>2\u00ba Suplente: Raimar Vin\u00edcius Canedo<\/p>\n<p>3\u00ba Suplente: Murilo Roberto Marques Silva<\/p>\n<p>4\u00ba Suplente: Rosemir C\u00e2ndido da Silva.<\/p>\n<p>&nbsp;<\/p>\n<p>O Conselho Fiscal ficou assim definido:<\/p>\n<p>Fiscal: Fabr\u00edcio Bueno Ferreira<\/p>\n<p>Suplente Marcos Moreira Felix<\/p>\n<p>&nbsp;<\/p>\n<p>Fiscal: Lu\u00eds Marino Hernandes<\/p>\n<p>Suplente Fernando Netto Lorenzi<\/p>\n<p>&nbsp;<\/p>\n<p>Fiscal: Daniel Marcelino Netto de Melo<\/p>\n<p>Suplente: Jo\u00e3o Marciano Rosa Neto<\/p>\n<p>&nbsp;<\/p>\n<p>Apesar de chapa \u00fanica, o presidente Renato Ribeiro ressalta a import\u00e2ncia do voto: \u201cO momento \u00e9 de exercermos nosso direito de voto, o que \u00e9 muito importante para validar nosso mandato\u201d, disse, lembrando que h\u00e1 3 anos, quando assumiu o Sindicato, eram 250 associados e hoje, esse n\u00famero saltou para cerca de 700. Renato ressalta o estreitamento das rela\u00e7\u00f5es entre entidade e produtor rural. \u201cExperimentamos essa grande procura pelo sindicato, por imaginarmos a necessidade que o homem do campo tem de se apoiar em uma entidade forte e representativa. Esse grande n\u00famero de filiados nos mostra que estamos no caminho certo\u201d.<\/p>\n<p>&nbsp;<\/p>\n<p>Por: Assessoria de Comunica\u00e7\u00e3o \/ Sindicato Rural de Catal\u00e3o<br \/>\n<\/p>\n","protected":false},"excerpt":{"rendered":"<p>O Sindicato Rural de Catal\u00e3o realizar\u00e1 suas elei\u00e7\u00f5es para nova diretoria no dia 15 de janeiro. A vota\u00e7\u00e3o acontecer\u00e1 das 7h30 \u00e0s 17h, na sede do Sindicato, localizada no Parque de Exposi\u00e7\u00f5es. A diretoria adotar\u00e1 todas as medidas de seguran\u00e7a e sanit\u00e1rias contra Covid 19. Est\u00e3o aptos a votar os produtores com mais de 6<\/p>\n","protected":false},"author":2,"featured_media":12692,"comment_status":"open","ping_status":"open","sticky":false,"template":"","format":"standard","meta":{"footnotes":""},"categories":[27,22,26,23],"tags":[],"class_list":["post-12691","post","type-post","status-publish","format-standard","has-post-thumbnail","hentry","category-brasil","category-catalao","category-destaque","category-goias"],"yoast_head":"<!-- This site is optimized with the Yoast SEO plugin v25.8 - https:\/\/yoast.com\/wordpress\/plugins\/seo\/ -->\n<title>SINDICATO RURAL DE CATAL\u00c3O REALIZAR\u00c1 ELEI\u00c7\u00d5ES PARA NOVA DIRETORIA - Jornal Ultimos Acontecimentos<\/title>\n<meta name=\"robots\" content=\"index, follow, max-snippet:-1, max-image-preview:large, max-video-preview:-1\" \/>\n<link rel=\"canonical\" href=\"https:\/\/juacontecimentos.com.br\/site\/sindicato-rural-de-catalao-realizara-eleicoes-para-nova-diretoria\/\" \/>\n<meta property=\"og:locale\" content=\"pt_BR\" \/>\n<meta property=\"og:type\" content=\"article\" \/>\n<meta property=\"og:title\" content=\"SINDICATO RURAL DE CATAL\u00c3O REALIZAR\u00c1 ELEI\u00c7\u00d5ES PARA NOVA DIRETORIA - Jornal Ultimos Acontecimentos\" \/>\n<meta property=\"og:description\" content=\"O Sindicato Rural de Catal\u00e3o realizar\u00e1 suas elei\u00e7\u00f5es para nova diretoria no dia 15 de janeiro. A vota\u00e7\u00e3o acontecer\u00e1 das 7h30 \u00e0s 17h, na sede do Sindicato, localizada no Parque de Exposi\u00e7\u00f5es. A diretoria adotar\u00e1 todas as medidas de seguran\u00e7a e sanit\u00e1rias contra Covid 19. Est\u00e3o aptos a votar os produtores com mais de 6\" \/>\n<meta property=\"og:url\" content=\"https:\/\/juacontecimentos.com.br\/site\/sindicato-rural-de-catalao-realizara-eleicoes-para-nova-diretoria\/\" \/>\n<meta property=\"og:site_name\" content=\"Jornal Ultimos Acontecimentos\" \/>\n<meta property=\"article:publisher\" content=\"https:\/\/www.facebook.com\/jultimosacontecimentos\/\" \/>\n<meta property=\"article:published_time\" content=\"2021-01-08T22:46:30+00:00\" \/>\n<meta property=\"og:image\" content=\"https:\/\/juacontecimentos.com.br\/site\/wp-content\/uploads\/2021\/01\/IMG-20210108-WA0332.jpg\" \/>\n\t<meta property=\"og:image:width\" content=\"927\" \/>\n\t<meta property=\"og:image:height\" content=\"636\" \/>\n\t<meta property=\"og:image:type\" content=\"image\/jpeg\" \/>\n<meta name=\"author\" content=\"Reginaldo Ribeiro\" \/>\n<meta name=\"twitter:card\" content=\"summary_large_image\" \/>\n<meta name=\"twitter:label1\" content=\"Escrito por\" \/>\n\t<meta name=\"twitter:data1\" content=\"Reginaldo Ribeiro\" \/>\n\t<meta name=\"twitter:label2\" content=\"Est. tempo de leitura\" \/>\n\t<meta name=\"twitter:data2\" content=\"2 minutos\" \/>\n<script type=\"application\/ld+json\" class=\"yoast-schema-graph\">{\"@context\":\"https:\/\/schema.org\",\"@graph\":[{\"@type\":\"Article\",\"@id\":\"https:\/\/juacontecimentos.com.br\/site\/sindicato-rural-de-catalao-realizara-eleicoes-para-nova-diretoria\/#article\",\"isPartOf\":{\"@id\":\"https:\/\/juacontecimentos.com.br\/site\/sindicato-rural-de-catalao-realizara-eleicoes-para-nova-diretoria\/\"},\"author\":{\"name\":\"Reginaldo Ribeiro\",\"@id\":\"https:\/\/juacontecimentos.com.br\/site\/#\/schema\/person\/082a54e6d3fdd7a633291428521c9669\"},\"headline\":\"SINDICATO RURAL DE CATAL\u00c3O REALIZAR\u00c1 ELEI\u00c7\u00d5ES PARA NOVA DIRETORIA\",\"datePublished\":\"2021-01-08T22:46:30+00:00\",\"mainEntityOfPage\":{\"@id\":\"https:\/\/juacontecimentos.com.br\/site\/sindicato-rural-de-catalao-realizara-eleicoes-para-nova-diretoria\/\"},\"wordCount\":337,\"commentCount\":0,\"publisher\":{\"@id\":\"https:\/\/juacontecimentos.com.br\/site\/#organization\"},\"image\":{\"@id\":\"https:\/\/juacontecimentos.com.br\/site\/sindicato-rural-de-catalao-realizara-eleicoes-para-nova-diretoria\/#primaryimage\"},\"thumbnailUrl\":\"https:\/\/juacontecimentos.com.br\/site\/wp-content\/uploads\/2021\/01\/IMG-20210108-WA0332.jpg\",\"articleSection\":[\"Brasil\",\"Catal\u00e3o\",\"Destaque\",\"Goi\u00e1s\"],\"inLanguage\":\"pt-BR\"},{\"@type\":\"WebPage\",\"@id\":\"https:\/\/juacontecimentos.com.br\/site\/sindicato-rural-de-catalao-realizara-eleicoes-para-nova-diretoria\/\",\"url\":\"https:\/\/juacontecimentos.com.br\/site\/sindicato-rural-de-catalao-realizara-eleicoes-para-nova-diretoria\/\",\"name\":\"SINDICATO RURAL DE CATAL\u00c3O REALIZAR\u00c1 ELEI\u00c7\u00d5ES PARA NOVA DIRETORIA - Jornal Ultimos Acontecimentos\",\"isPartOf\":{\"@id\":\"https:\/\/juacontecimentos.com.br\/site\/#website\"},\"primaryImageOfPage\":{\"@id\":\"https:\/\/juacontecimentos.com.br\/site\/sindicato-rural-de-catalao-realizara-eleicoes-para-nova-diretoria\/#primaryimage\"},\"image\":{\"@id\":\"https:\/\/juacontecimentos.com.br\/site\/sindicato-rural-de-catalao-realizara-eleicoes-para-nova-diretoria\/#primaryimage\"},\"thumbnailUrl\":\"https:\/\/juacontecimentos.com.br\/site\/wp-content\/uploads\/2021\/01\/IMG-20210108-WA0332.jpg\",\"datePublished\":\"2021-01-08T22:46:30+00:00\",\"breadcrumb\":{\"@id\":\"https:\/\/juacontecimentos.com.br\/site\/sindicato-rural-de-catalao-realizara-eleicoes-para-nova-diretoria\/#breadcrumb\"},\"inLanguage\":\"pt-BR\",\"potentialAction\":[{\"@type\":\"ReadAction\",\"target\":[\"https:\/\/juacontecimentos.com.br\/site\/sindicato-rural-de-catalao-realizara-eleicoes-para-nova-diretoria\/\"]}]},{\"@type\":\"ImageObject\",\"inLanguage\":\"pt-BR\",\"@id\":\"https:\/\/juacontecimentos.com.br\/site\/sindicato-rural-de-catalao-realizara-eleicoes-para-nova-diretoria\/#primaryimage\",\"url\":\"https:\/\/juacontecimentos.com.br\/site\/wp-content\/uploads\/2021\/01\/IMG-20210108-WA0332.jpg\",\"contentUrl\":\"https:\/\/juacontecimentos.com.br\/site\/wp-content\/uploads\/2021\/01\/IMG-20210108-WA0332.jpg\",\"width\":927,\"height\":636},{\"@type\":\"BreadcrumbList\",\"@id\":\"https:\/\/juacontecimentos.com.br\/site\/sindicato-rural-de-catalao-realizara-eleicoes-para-nova-diretoria\/#breadcrumb\",\"itemListElement\":[{\"@type\":\"ListItem\",\"position\":1,\"name\":\"In\u00edcio\",\"item\":\"https:\/\/juacontecimentos.com.br\/site\/\"},{\"@type\":\"ListItem\",\"position\":2,\"name\":\"SINDICATO RURAL DE CATAL\u00c3O REALIZAR\u00c1 ELEI\u00c7\u00d5ES PARA NOVA DIRETORIA\"}]},{\"@type\":\"WebSite\",\"@id\":\"https:\/\/juacontecimentos.com.br\/site\/#website\",\"url\":\"https:\/\/juacontecimentos.com.br\/site\/\",\"name\":\"Jornal Ultimos Acontecimentos\",\"description\":\"Catal\u00e3o e regi\u00e3o\",\"publisher\":{\"@id\":\"https:\/\/juacontecimentos.com.br\/site\/#organization\"},\"potentialAction\":[{\"@type\":\"SearchAction\",\"target\":{\"@type\":\"EntryPoint\",\"urlTemplate\":\"https:\/\/juacontecimentos.com.br\/site\/?s={search_term_string}\"},\"query-input\":{\"@type\":\"PropertyValueSpecification\",\"valueRequired\":true,\"valueName\":\"search_term_string\"}}],\"inLanguage\":\"pt-BR\"},{\"@type\":\"Organization\",\"@id\":\"https:\/\/juacontecimentos.com.br\/site\/#organization\",\"name\":\"Jornal Ultimos Acontecimentos\",\"url\":\"https:\/\/juacontecimentos.com.br\/site\/\",\"logo\":{\"@type\":\"ImageObject\",\"inLanguage\":\"pt-BR\",\"@id\":\"https:\/\/juacontecimentos.com.br\/site\/#\/schema\/logo\/image\/\",\"url\":\"https:\/\/juacontecimentos.com.br\/site\/wp-content\/uploads\/2023\/04\/Logo_Site.png\",\"contentUrl\":\"https:\/\/juacontecimentos.com.br\/site\/wp-content\/uploads\/2023\/04\/Logo_Site.png\",\"width\":2476,\"height\":530,\"caption\":\"Jornal Ultimos Acontecimentos\"},\"image\":{\"@id\":\"https:\/\/juacontecimentos.com.br\/site\/#\/schema\/logo\/image\/\"},\"sameAs\":[\"https:\/\/www.facebook.com\/jultimosacontecimentos\/\"]},{\"@type\":\"Person\",\"@id\":\"https:\/\/juacontecimentos.com.br\/site\/#\/schema\/person\/082a54e6d3fdd7a633291428521c9669\",\"name\":\"Reginaldo Ribeiro\",\"image\":{\"@type\":\"ImageObject\",\"inLanguage\":\"pt-BR\",\"@id\":\"https:\/\/juacontecimentos.com.br\/site\/#\/schema\/person\/image\/\",\"url\":\"https:\/\/secure.gravatar.com\/avatar\/5c16c6837c3490270a74d888c2a845728f06bdde1f8761de1de1d1d1ef82d12f?s=96&d=mm&r=g\",\"contentUrl\":\"https:\/\/secure.gravatar.com\/avatar\/5c16c6837c3490270a74d888c2a845728f06bdde1f8761de1de1d1d1ef82d12f?s=96&d=mm&r=g\",\"caption\":\"Reginaldo Ribeiro\"}}]}<\/script>\n<!-- \/ Yoast SEO plugin. -->","yoast_head_json":{"title":"SINDICATO RURAL DE CATAL\u00c3O REALIZAR\u00c1 ELEI\u00c7\u00d5ES PARA NOVA DIRETORIA - Jornal Ultimos Acontecimentos","robots":{"index":"index","follow":"follow","max-snippet":"max-snippet:-1","max-image-preview":"max-image-preview:large","max-video-preview":"max-video-preview:-1"},"canonical":"https:\/\/juacontecimentos.com.br\/site\/sindicato-rural-de-catalao-realizara-eleicoes-para-nova-diretoria\/","og_locale":"pt_BR","og_type":"article","og_title":"SINDICATO RURAL DE CATAL\u00c3O REALIZAR\u00c1 ELEI\u00c7\u00d5ES PARA NOVA DIRETORIA - Jornal Ultimos Acontecimentos","og_description":"O Sindicato Rural de Catal\u00e3o realizar\u00e1 suas elei\u00e7\u00f5es para nova diretoria no dia 15 de janeiro. A vota\u00e7\u00e3o acontecer\u00e1 das 7h30 \u00e0s 17h, na sede do Sindicato, localizada no Parque de Exposi\u00e7\u00f5es. A diretoria adotar\u00e1 todas as medidas de seguran\u00e7a e sanit\u00e1rias contra Covid 19. Est\u00e3o aptos a votar os produtores com mais de 6","og_url":"https:\/\/juacontecimentos.com.br\/site\/sindicato-rural-de-catalao-realizara-eleicoes-para-nova-diretoria\/","og_site_name":"Jornal Ultimos Acontecimentos","article_publisher":"https:\/\/www.facebook.com\/jultimosacontecimentos\/","article_published_time":"2021-01-08T22:46:30+00:00","og_image":[{"width":927,"height":636,"url":"https:\/\/juacontecimentos.com.br\/site\/wp-content\/uploads\/2021\/01\/IMG-20210108-WA0332.jpg","type":"image\/jpeg"}],"author":"Reginaldo Ribeiro","twitter_card":"summary_large_image","twitter_misc":{"Escrito por":"Reginaldo Ribeiro","Est. tempo de leitura":"2 minutos"},"schema":{"@context":"https:\/\/schema.org","@graph":[{"@type":"Article","@id":"https:\/\/juacontecimentos.com.br\/site\/sindicato-rural-de-catalao-realizara-eleicoes-para-nova-diretoria\/#article","isPartOf":{"@id":"https:\/\/juacontecimentos.com.br\/site\/sindicato-rural-de-catalao-realizara-eleicoes-para-nova-diretoria\/"},"author":{"name":"Reginaldo Ribeiro","@id":"https:\/\/juacontecimentos.com.br\/site\/#\/schema\/person\/082a54e6d3fdd7a633291428521c9669"},"headline":"SINDICATO RURAL DE CATAL\u00c3O REALIZAR\u00c1 ELEI\u00c7\u00d5ES PARA NOVA DIRETORIA","datePublished":"2021-01-08T22:46:30+00:00","mainEntityOfPage":{"@id":"https:\/\/juacontecimentos.com.br\/site\/sindicato-rural-de-catalao-realizara-eleicoes-para-nova-diretoria\/"},"wordCount":337,"commentCount":0,"publisher":{"@id":"https:\/\/juacontecimentos.com.br\/site\/#organization"},"image":{"@id":"https:\/\/juacontecimentos.com.br\/site\/sindicato-rural-de-catalao-realizara-eleicoes-para-nova-diretoria\/#primaryimage"},"thumbnailUrl":"https:\/\/juacontecimentos.com.br\/site\/wp-content\/uploads\/2021\/01\/IMG-20210108-WA0332.jpg","articleSection":["Brasil","Catal\u00e3o","Destaque","Goi\u00e1s"],"inLanguage":"pt-BR"},{"@type":"WebPage","@id":"https:\/\/juacontecimentos.com.br\/site\/sindicato-rural-de-catalao-realizara-eleicoes-para-nova-diretoria\/","url":"https:\/\/juacontecimentos.com.br\/site\/sindicato-rural-de-catalao-realizara-eleicoes-para-nova-diretoria\/","name":"SINDICATO RURAL DE CATAL\u00c3O REALIZAR\u00c1 ELEI\u00c7\u00d5ES PARA NOVA DIRETORIA - Jornal Ultimos Acontecimentos","isPartOf":{"@id":"https:\/\/juacontecimentos.com.br\/site\/#website"},"primaryImageOfPage":{"@id":"https:\/\/juacontecimentos.com.br\/site\/sindicato-rural-de-catalao-realizara-eleicoes-para-nova-diretoria\/#primaryimage"},"image":{"@id":"https:\/\/juacontecimentos.com.br\/site\/sindicato-rural-de-catalao-realizara-eleicoes-para-nova-diretoria\/#primaryimage"},"thumbnailUrl":"https:\/\/juacontecimentos.com.br\/site\/wp-content\/uploads\/2021\/01\/IMG-20210108-WA0332.jpg","datePublished":"2021-01-08T22:46:30+00:00","breadcrumb":{"@id":"https:\/\/juacontecimentos.com.br\/site\/sindicato-rural-de-catalao-realizara-eleicoes-para-nova-diretoria\/#breadcrumb"},"inLanguage":"pt-BR","potentialAction":[{"@type":"ReadAction","target":["https:\/\/juacontecimentos.com.br\/site\/sindicato-rural-de-catalao-realizara-eleicoes-para-nova-diretoria\/"]}]},{"@type":"ImageObject","inLanguage":"pt-BR","@id":"https:\/\/juacontecimentos.com.br\/site\/sindicato-rural-de-catalao-realizara-eleicoes-para-nova-diretoria\/#primaryimage","url":"https:\/\/juacontecimentos.com.br\/site\/wp-content\/uploads\/2021\/01\/IMG-20210108-WA0332.jpg","contentUrl":"https:\/\/juacontecimentos.com.br\/site\/wp-content\/uploads\/2021\/01\/IMG-20210108-WA0332.jpg","width":927,"height":636},{"@type":"BreadcrumbList","@id":"https:\/\/juacontecimentos.com.br\/site\/sindicato-rural-de-catalao-realizara-eleicoes-para-nova-diretoria\/#breadcrumb","itemListElement":[{"@type":"ListItem","position":1,"name":"In\u00edcio","item":"https:\/\/juacontecimentos.com.br\/site\/"},{"@type":"ListItem","position":2,"name":"SINDICATO RURAL DE CATAL\u00c3O REALIZAR\u00c1 ELEI\u00c7\u00d5ES PARA NOVA DIRETORIA"}]},{"@type":"WebSite","@id":"https:\/\/juacontecimentos.com.br\/site\/#website","url":"https:\/\/juacontecimentos.com.br\/site\/","name":"Jornal Ultimos Acontecimentos","description":"Catal\u00e3o e regi\u00e3o","publisher":{"@id":"https:\/\/juacontecimentos.com.br\/site\/#organization"},"potentialAction":[{"@type":"SearchAction","target":{"@type":"EntryPoint","urlTemplate":"https:\/\/juacontecimentos.com.br\/site\/?s={search_term_string}"},"query-input":{"@type":"PropertyValueSpecification","valueRequired":true,"valueName":"search_term_string"}}],"inLanguage":"pt-BR"},{"@type":"Organization","@id":"https:\/\/juacontecimentos.com.br\/site\/#organization","name":"Jornal Ultimos Acontecimentos","url":"https:\/\/juacontecimentos.com.br\/site\/","logo":{"@type":"ImageObject","inLanguage":"pt-BR","@id":"https:\/\/juacontecimentos.com.br\/site\/#\/schema\/logo\/image\/","url":"https:\/\/juacontecimentos.com.br\/site\/wp-content\/uploads\/2023\/04\/Logo_Site.png","contentUrl":"https:\/\/juacontecimentos.com.br\/site\/wp-content\/uploads\/2023\/04\/Logo_Site.png","width":2476,"height":530,"caption":"Jornal Ultimos Acontecimentos"},"image":{"@id":"https:\/\/juacontecimentos.com.br\/site\/#\/schema\/logo\/image\/"},"sameAs":["https:\/\/www.facebook.com\/jultimosacontecimentos\/"]},{"@type":"Person","@id":"https:\/\/juacontecimentos.com.br\/site\/#\/schema\/person\/082a54e6d3fdd7a633291428521c9669","name":"Reginaldo Ribeiro","image":{"@type":"ImageObject","inLanguage":"pt-BR","@id":"https:\/\/juacontecimentos.com.br\/site\/#\/schema\/person\/image\/","url":"https:\/\/secure.gravatar.com\/avatar\/5c16c6837c3490270a74d888c2a845728f06bdde1f8761de1de1d1d1ef82d12f?s=96&d=mm&r=g","contentUrl":"https:\/\/secure.gravatar.com\/avatar\/5c16c6837c3490270a74d888c2a845728f06bdde1f8761de1de1d1d1ef82d12f?s=96&d=mm&r=g","caption":"Reginaldo Ribeiro"}}]}},"_links":{"self":[{"href":"https:\/\/juacontecimentos.com.br\/site\/wp-json\/wp\/v2\/posts\/12691","targetHints":{"allow":["GET"]}}],"collection":[{"href":"https:\/\/juacontecimentos.com.br\/site\/wp-json\/wp\/v2\/posts"}],"about":[{"href":"https:\/\/juacontecimentos.com.br\/site\/wp-json\/wp\/v2\/types\/post"}],"author":[{"embeddable":true,"href":"https:\/\/juacontecimentos.com.br\/site\/wp-json\/wp\/v2\/users\/2"}],"replies":[{"embeddable":true,"href":"https:\/\/juacontecimentos.com.br\/site\/wp-json\/wp\/v2\/comments?post=12691"}],"version-history":[{"count":1,"href":"https:\/\/juacontecimentos.com.br\/site\/wp-json\/wp\/v2\/posts\/12691\/revisions"}],"predecessor-version":[{"id":12693,"href":"https:\/\/juacontecimentos.com.br\/site\/wp-json\/wp\/v2\/posts\/12691\/revisions\/12693"}],"wp:featuredmedia":[{"embeddable":true,"href":"https:\/\/juacontecimentos.com.br\/site\/wp-json\/wp\/v2\/media\/12692"}],"wp:attachment":[{"href":"https:\/\/juacontecimentos.com.br\/site\/wp-json\/wp\/v2\/media?parent=12691"}],"wp:term":[{"taxonomy":"category","embeddable":true,"href":"https:\/\/juacontecimentos.com.br\/site\/wp-json\/wp\/v2\/categories?post=12691"},{"taxonomy":"post_tag","embeddable":true,"href":"https:\/\/juacontecimentos.com.br\/site\/wp-json\/wp\/v2\/tags?post=12691"}],"curies":[{"name":"wp","href":"https:\/\/api.w.org\/{rel}","templated":true}]}}