{"id":12735,"date":"2021-01-11T20:12:41","date_gmt":"2021-01-11T23:12:41","guid":{"rendered":"https:\/\/juacontecimentos.com.br\/site\/?p=12735"},"modified":"2021-01-11T20:12:41","modified_gmt":"2021-01-11T23:12:41","slug":"pgj-participa-de-instalacao-da-2a-vara-dos-feitos-relativos-ao-crime-organizado-e-destaca-reflexo-no-trabalho-do-mp","status":"publish","type":"post","link":"https:\/\/juacontecimentos.com.br\/site\/pgj-participa-de-instalacao-da-2a-vara-dos-feitos-relativos-ao-crime-organizado-e-destaca-reflexo-no-trabalho-do-mp\/","title":{"rendered":"PGJ participa de instala\u00e7\u00e3o da 2\u00aa Vara dos Feitos Relativos ao Crime Organizado e destaca reflexo no trabalho do MP"},"content":{"rendered":"<p><img loading=\"lazy\" decoding=\"async\" class=\"alignnone size-full wp-image-12736\" src=\"https:\/\/juacontecimentos.com.br\/site\/wp-content\/uploads\/2021\/01\/11.1.21-PGJ-TJ-instala\u00e7\u00e3o-vara-crime-organizado.jpeg\" alt=\"\" width=\"307\" height=\"204\" srcset=\"https:\/\/juacontecimentos.com.br\/site\/wp-content\/uploads\/2021\/01\/11.1.21-PGJ-TJ-instala\u00e7\u00e3o-vara-crime-organizado.jpeg 307w, https:\/\/juacontecimentos.com.br\/site\/wp-content\/uploads\/2021\/01\/11.1.21-PGJ-TJ-instala\u00e7\u00e3o-vara-crime-organizado-300x199.jpeg 300w\" sizes=\"auto, (max-width: 307px) 100vw, 307px\" \/><\/p>\n<p>O procurador-geral de Justi\u00e7a de Goi\u00e1s, Aylton Fl\u00e1vio Vechi, participou, na manh\u00e3 desta segunda-feira (11\/1), na sede do Tribunal de Justi\u00e7a de Goi\u00e1s (TJGO), da solenidade de instala\u00e7\u00e3o da 2\u00aa Vara dos Feitos Relativos a Delitos Praticados por Organiza\u00e7\u00e3o Criminosa e de Lavagem ou Oculta\u00e7\u00e3o de Bens, Direitos e Valores do Estado. A nova unidade vai, de acordo com Vechi, trazer mais celeridade \u00e0s investiga\u00e7\u00f5es conduzidas pelo Grupo de Atua\u00e7\u00e3o Especial de Combate ao Crime Organizado (Gaeco) do Minist\u00e9rio P\u00fablico de Goi\u00e1s (MP-GO).<\/p>\n<p>\u201cO combate ao crime organizado \u00e9 uma das atribui\u00e7\u00f5es do MP e a celeridade, tanto nas investiga\u00e7\u00f5es quanto na an\u00e1lise dos pedidos, \u00e9 essencial. Por isso, a instala\u00e7\u00e3o de uma nova vara dedicada a julgar atos praticados por organiza\u00e7\u00f5es criminosas \u00e9 um ganho para o combate aos crimes por elas cometidos e, em consequ\u00eancia, um ganho para toda a sociedade, que j\u00e1 conta com a sinergia entre poderes e institui\u00e7\u00f5es\u201d, avalia Vechi.<\/p>\n<p>Para o coordenador do Gaeco, promotor de justi\u00e7a Rodney da Silva, a instala\u00e7\u00e3o da nova vara \u00e9 \u201cextremamente positiva, em raz\u00e3o da complexidade das investiga\u00e7\u00f5es envolvendo organiza\u00e7\u00f5es criminosas e a lavagem de dinheiro\u201d. Rodney explica que essa modalidade de crime, por sua natureza, requer especializa\u00e7\u00e3o, centraliza\u00e7\u00e3o de esfor\u00e7os e conhecimento dos recursos t\u00e9cnicos e tecnol\u00f3gicos utilizados pelas for\u00e7as policiais e pelo MP\/Gaeco, em face da sofistica\u00e7\u00e3o estrutural das organiza\u00e7\u00f5es criminosas. \u201cEspera-se, a partir de ent\u00e3o, ainda maior celeridade do processo, visando concretizar a efetividade da Justi\u00e7a Criminal, em condutas que resultam em graves consequ\u00eancias econ\u00f4micas e sociais para o pa\u00eds\u201d, conclui.<\/p>\n<p>O presidente do TJGO tamb\u00e9m destacou a celeridade esperada com a instala\u00e7\u00e3o da nova vara. \u201cVai agilizar mais a tramita\u00e7\u00e3o processual. A primeira vara j\u00e1 tem quase 2 mil processos\u201d, informou Walter Carlos. Os processos ser\u00e3o distribu\u00eddos entre as duas varas. A nova unidade ser\u00e1 comandada pelo juiz em substitui\u00e7\u00e3o Alessandro Pereira Pacheco.<\/p>\n<p><em>(Texto: Pedro Palazzo\/Assessoria de Comunica\u00e7\u00e3o Social do MP-GO, com informa\u00e7\u00f5es do TJGO &#8211; Foto: Cristiano Borges &#8211; Secom\/Goi\u00e1s)<\/em><br \/>\n<\/p>\n","protected":false},"excerpt":{"rendered":"<p>O procurador-geral de Justi\u00e7a de Goi\u00e1s, Aylton Fl\u00e1vio Vechi, participou, na manh\u00e3 desta segunda-feira (11\/1), na sede do Tribunal de Justi\u00e7a de Goi\u00e1s (TJGO), da solenidade de instala\u00e7\u00e3o da 2\u00aa Vara dos Feitos Relativos a Delitos Praticados por Organiza\u00e7\u00e3o Criminosa e de Lavagem ou Oculta\u00e7\u00e3o de Bens, Direitos e Valores do Estado. A nova unidade<\/p>\n","protected":false},"author":2,"featured_media":12736,"comment_status":"open","ping_status":"open","sticky":false,"template":"","format":"standard","meta":{"footnotes":""},"categories":[27,22,26,23],"tags":[],"class_list":["post-12735","post","type-post","status-publish","format-standard","has-post-thumbnail","hentry","category-brasil","category-catalao","category-destaque","category-goias"],"yoast_head":"<!-- This site is optimized with the Yoast SEO plugin v25.8 - https:\/\/yoast.com\/wordpress\/plugins\/seo\/ -->\n<title>PGJ participa de instala\u00e7\u00e3o da 2\u00aa Vara dos Feitos Relativos ao Crime Organizado e destaca reflexo no trabalho do MP - Jornal Ultimos Acontecimentos<\/title>\n<meta name=\"robots\" content=\"index, follow, max-snippet:-1, max-image-preview:large, max-video-preview:-1\" \/>\n<link rel=\"canonical\" href=\"https:\/\/juacontecimentos.com.br\/site\/pgj-participa-de-instalacao-da-2a-vara-dos-feitos-relativos-ao-crime-organizado-e-destaca-reflexo-no-trabalho-do-mp\/\" \/>\n<meta property=\"og:locale\" content=\"pt_BR\" \/>\n<meta property=\"og:type\" content=\"article\" \/>\n<meta property=\"og:title\" content=\"PGJ participa de instala\u00e7\u00e3o da 2\u00aa Vara dos Feitos Relativos ao Crime Organizado e destaca reflexo no trabalho do MP - Jornal Ultimos Acontecimentos\" \/>\n<meta property=\"og:description\" content=\"O procurador-geral de Justi\u00e7a de Goi\u00e1s, Aylton Fl\u00e1vio Vechi, participou, na manh\u00e3 desta segunda-feira (11\/1), na sede do Tribunal de Justi\u00e7a de Goi\u00e1s (TJGO), da solenidade de instala\u00e7\u00e3o da 2\u00aa Vara dos Feitos Relativos a Delitos Praticados por Organiza\u00e7\u00e3o Criminosa e de Lavagem ou Oculta\u00e7\u00e3o de Bens, Direitos e Valores do Estado. A nova unidade\" \/>\n<meta property=\"og:url\" content=\"https:\/\/juacontecimentos.com.br\/site\/pgj-participa-de-instalacao-da-2a-vara-dos-feitos-relativos-ao-crime-organizado-e-destaca-reflexo-no-trabalho-do-mp\/\" \/>\n<meta property=\"og:site_name\" content=\"Jornal Ultimos Acontecimentos\" \/>\n<meta property=\"article:publisher\" content=\"https:\/\/www.facebook.com\/jultimosacontecimentos\/\" \/>\n<meta property=\"article:published_time\" content=\"2021-01-11T23:12:41+00:00\" \/>\n<meta property=\"og:image\" content=\"https:\/\/juacontecimentos.com.br\/site\/wp-content\/uploads\/2021\/01\/11.1.21-PGJ-TJ-instala\u00e7\u00e3o-vara-crime-organizado.jpeg\" \/>\n\t<meta property=\"og:image:width\" content=\"307\" \/>\n\t<meta property=\"og:image:height\" content=\"204\" \/>\n\t<meta property=\"og:image:type\" content=\"image\/jpeg\" \/>\n<meta name=\"author\" content=\"Reginaldo Ribeiro\" \/>\n<meta name=\"twitter:card\" content=\"summary_large_image\" \/>\n<meta name=\"twitter:label1\" content=\"Escrito por\" \/>\n\t<meta name=\"twitter:data1\" content=\"Reginaldo Ribeiro\" \/>\n\t<meta name=\"twitter:label2\" content=\"Est. tempo de leitura\" \/>\n\t<meta name=\"twitter:data2\" content=\"2 minutos\" \/>\n<script type=\"application\/ld+json\" class=\"yoast-schema-graph\">{\"@context\":\"https:\/\/schema.org\",\"@graph\":[{\"@type\":\"Article\",\"@id\":\"https:\/\/juacontecimentos.com.br\/site\/pgj-participa-de-instalacao-da-2a-vara-dos-feitos-relativos-ao-crime-organizado-e-destaca-reflexo-no-trabalho-do-mp\/#article\",\"isPartOf\":{\"@id\":\"https:\/\/juacontecimentos.com.br\/site\/pgj-participa-de-instalacao-da-2a-vara-dos-feitos-relativos-ao-crime-organizado-e-destaca-reflexo-no-trabalho-do-mp\/\"},\"author\":{\"name\":\"Reginaldo Ribeiro\",\"@id\":\"https:\/\/juacontecimentos.com.br\/site\/#\/schema\/person\/082a54e6d3fdd7a633291428521c9669\"},\"headline\":\"PGJ participa de instala\u00e7\u00e3o da 2\u00aa Vara dos Feitos Relativos ao Crime Organizado e destaca reflexo no trabalho do MP\",\"datePublished\":\"2021-01-11T23:12:41+00:00\",\"mainEntityOfPage\":{\"@id\":\"https:\/\/juacontecimentos.com.br\/site\/pgj-participa-de-instalacao-da-2a-vara-dos-feitos-relativos-ao-crime-organizado-e-destaca-reflexo-no-trabalho-do-mp\/\"},\"wordCount\":390,\"commentCount\":0,\"publisher\":{\"@id\":\"https:\/\/juacontecimentos.com.br\/site\/#organization\"},\"image\":{\"@id\":\"https:\/\/juacontecimentos.com.br\/site\/pgj-participa-de-instalacao-da-2a-vara-dos-feitos-relativos-ao-crime-organizado-e-destaca-reflexo-no-trabalho-do-mp\/#primaryimage\"},\"thumbnailUrl\":\"https:\/\/juacontecimentos.com.br\/site\/wp-content\/uploads\/2021\/01\/11.1.21-PGJ-TJ-instala\u00e7\u00e3o-vara-crime-organizado.jpeg\",\"articleSection\":[\"Brasil\",\"Catal\u00e3o\",\"Destaque\",\"Goi\u00e1s\"],\"inLanguage\":\"pt-BR\"},{\"@type\":\"WebPage\",\"@id\":\"https:\/\/juacontecimentos.com.br\/site\/pgj-participa-de-instalacao-da-2a-vara-dos-feitos-relativos-ao-crime-organizado-e-destaca-reflexo-no-trabalho-do-mp\/\",\"url\":\"https:\/\/juacontecimentos.com.br\/site\/pgj-participa-de-instalacao-da-2a-vara-dos-feitos-relativos-ao-crime-organizado-e-destaca-reflexo-no-trabalho-do-mp\/\",\"name\":\"PGJ participa de instala\u00e7\u00e3o da 2\u00aa Vara dos Feitos Relativos ao Crime Organizado e destaca reflexo no trabalho do MP - Jornal Ultimos Acontecimentos\",\"isPartOf\":{\"@id\":\"https:\/\/juacontecimentos.com.br\/site\/#website\"},\"primaryImageOfPage\":{\"@id\":\"https:\/\/juacontecimentos.com.br\/site\/pgj-participa-de-instalacao-da-2a-vara-dos-feitos-relativos-ao-crime-organizado-e-destaca-reflexo-no-trabalho-do-mp\/#primaryimage\"},\"image\":{\"@id\":\"https:\/\/juacontecimentos.com.br\/site\/pgj-participa-de-instalacao-da-2a-vara-dos-feitos-relativos-ao-crime-organizado-e-destaca-reflexo-no-trabalho-do-mp\/#primaryimage\"},\"thumbnailUrl\":\"https:\/\/juacontecimentos.com.br\/site\/wp-content\/uploads\/2021\/01\/11.1.21-PGJ-TJ-instala\u00e7\u00e3o-vara-crime-organizado.jpeg\",\"datePublished\":\"2021-01-11T23:12:41+00:00\",\"breadcrumb\":{\"@id\":\"https:\/\/juacontecimentos.com.br\/site\/pgj-participa-de-instalacao-da-2a-vara-dos-feitos-relativos-ao-crime-organizado-e-destaca-reflexo-no-trabalho-do-mp\/#breadcrumb\"},\"inLanguage\":\"pt-BR\",\"potentialAction\":[{\"@type\":\"ReadAction\",\"target\":[\"https:\/\/juacontecimentos.com.br\/site\/pgj-participa-de-instalacao-da-2a-vara-dos-feitos-relativos-ao-crime-organizado-e-destaca-reflexo-no-trabalho-do-mp\/\"]}]},{\"@type\":\"ImageObject\",\"inLanguage\":\"pt-BR\",\"@id\":\"https:\/\/juacontecimentos.com.br\/site\/pgj-participa-de-instalacao-da-2a-vara-dos-feitos-relativos-ao-crime-organizado-e-destaca-reflexo-no-trabalho-do-mp\/#primaryimage\",\"url\":\"https:\/\/juacontecimentos.com.br\/site\/wp-content\/uploads\/2021\/01\/11.1.21-PGJ-TJ-instala\u00e7\u00e3o-vara-crime-organizado.jpeg\",\"contentUrl\":\"https:\/\/juacontecimentos.com.br\/site\/wp-content\/uploads\/2021\/01\/11.1.21-PGJ-TJ-instala\u00e7\u00e3o-vara-crime-organizado.jpeg\",\"width\":307,\"height\":204},{\"@type\":\"BreadcrumbList\",\"@id\":\"https:\/\/juacontecimentos.com.br\/site\/pgj-participa-de-instalacao-da-2a-vara-dos-feitos-relativos-ao-crime-organizado-e-destaca-reflexo-no-trabalho-do-mp\/#breadcrumb\",\"itemListElement\":[{\"@type\":\"ListItem\",\"position\":1,\"name\":\"In\u00edcio\",\"item\":\"https:\/\/juacontecimentos.com.br\/site\/\"},{\"@type\":\"ListItem\",\"position\":2,\"name\":\"PGJ participa de instala\u00e7\u00e3o da 2\u00aa Vara dos Feitos Relativos ao Crime Organizado e destaca reflexo no trabalho do MP\"}]},{\"@type\":\"WebSite\",\"@id\":\"https:\/\/juacontecimentos.com.br\/site\/#website\",\"url\":\"https:\/\/juacontecimentos.com.br\/site\/\",\"name\":\"Jornal Ultimos Acontecimentos\",\"description\":\"Catal\u00e3o e regi\u00e3o\",\"publisher\":{\"@id\":\"https:\/\/juacontecimentos.com.br\/site\/#organization\"},\"potentialAction\":[{\"@type\":\"SearchAction\",\"target\":{\"@type\":\"EntryPoint\",\"urlTemplate\":\"https:\/\/juacontecimentos.com.br\/site\/?s={search_term_string}\"},\"query-input\":{\"@type\":\"PropertyValueSpecification\",\"valueRequired\":true,\"valueName\":\"search_term_string\"}}],\"inLanguage\":\"pt-BR\"},{\"@type\":\"Organization\",\"@id\":\"https:\/\/juacontecimentos.com.br\/site\/#organization\",\"name\":\"Jornal Ultimos Acontecimentos\",\"url\":\"https:\/\/juacontecimentos.com.br\/site\/\",\"logo\":{\"@type\":\"ImageObject\",\"inLanguage\":\"pt-BR\",\"@id\":\"https:\/\/juacontecimentos.com.br\/site\/#\/schema\/logo\/image\/\",\"url\":\"https:\/\/juacontecimentos.com.br\/site\/wp-content\/uploads\/2023\/04\/Logo_Site.png\",\"contentUrl\":\"https:\/\/juacontecimentos.com.br\/site\/wp-content\/uploads\/2023\/04\/Logo_Site.png\",\"width\":2476,\"height\":530,\"caption\":\"Jornal Ultimos Acontecimentos\"},\"image\":{\"@id\":\"https:\/\/juacontecimentos.com.br\/site\/#\/schema\/logo\/image\/\"},\"sameAs\":[\"https:\/\/www.facebook.com\/jultimosacontecimentos\/\"]},{\"@type\":\"Person\",\"@id\":\"https:\/\/juacontecimentos.com.br\/site\/#\/schema\/person\/082a54e6d3fdd7a633291428521c9669\",\"name\":\"Reginaldo Ribeiro\",\"image\":{\"@type\":\"ImageObject\",\"inLanguage\":\"pt-BR\",\"@id\":\"https:\/\/juacontecimentos.com.br\/site\/#\/schema\/person\/image\/\",\"url\":\"https:\/\/secure.gravatar.com\/avatar\/5c16c6837c3490270a74d888c2a845728f06bdde1f8761de1de1d1d1ef82d12f?s=96&d=mm&r=g\",\"contentUrl\":\"https:\/\/secure.gravatar.com\/avatar\/5c16c6837c3490270a74d888c2a845728f06bdde1f8761de1de1d1d1ef82d12f?s=96&d=mm&r=g\",\"caption\":\"Reginaldo Ribeiro\"}}]}<\/script>\n<!-- \/ Yoast SEO plugin. -->","yoast_head_json":{"title":"PGJ participa de instala\u00e7\u00e3o da 2\u00aa Vara dos Feitos Relativos ao Crime Organizado e destaca reflexo no trabalho do MP - Jornal Ultimos Acontecimentos","robots":{"index":"index","follow":"follow","max-snippet":"max-snippet:-1","max-image-preview":"max-image-preview:large","max-video-preview":"max-video-preview:-1"},"canonical":"https:\/\/juacontecimentos.com.br\/site\/pgj-participa-de-instalacao-da-2a-vara-dos-feitos-relativos-ao-crime-organizado-e-destaca-reflexo-no-trabalho-do-mp\/","og_locale":"pt_BR","og_type":"article","og_title":"PGJ participa de instala\u00e7\u00e3o da 2\u00aa Vara dos Feitos Relativos ao Crime Organizado e destaca reflexo no trabalho do MP - Jornal Ultimos Acontecimentos","og_description":"O procurador-geral de Justi\u00e7a de Goi\u00e1s, Aylton Fl\u00e1vio Vechi, participou, na manh\u00e3 desta segunda-feira (11\/1), na sede do Tribunal de Justi\u00e7a de Goi\u00e1s (TJGO), da solenidade de instala\u00e7\u00e3o da 2\u00aa Vara dos Feitos Relativos a Delitos Praticados por Organiza\u00e7\u00e3o Criminosa e de Lavagem ou Oculta\u00e7\u00e3o de Bens, Direitos e Valores do Estado. A nova unidade","og_url":"https:\/\/juacontecimentos.com.br\/site\/pgj-participa-de-instalacao-da-2a-vara-dos-feitos-relativos-ao-crime-organizado-e-destaca-reflexo-no-trabalho-do-mp\/","og_site_name":"Jornal Ultimos Acontecimentos","article_publisher":"https:\/\/www.facebook.com\/jultimosacontecimentos\/","article_published_time":"2021-01-11T23:12:41+00:00","og_image":[{"width":307,"height":204,"url":"https:\/\/juacontecimentos.com.br\/site\/wp-content\/uploads\/2021\/01\/11.1.21-PGJ-TJ-instala\u00e7\u00e3o-vara-crime-organizado.jpeg","type":"image\/jpeg"}],"author":"Reginaldo Ribeiro","twitter_card":"summary_large_image","twitter_misc":{"Escrito por":"Reginaldo Ribeiro","Est. tempo de leitura":"2 minutos"},"schema":{"@context":"https:\/\/schema.org","@graph":[{"@type":"Article","@id":"https:\/\/juacontecimentos.com.br\/site\/pgj-participa-de-instalacao-da-2a-vara-dos-feitos-relativos-ao-crime-organizado-e-destaca-reflexo-no-trabalho-do-mp\/#article","isPartOf":{"@id":"https:\/\/juacontecimentos.com.br\/site\/pgj-participa-de-instalacao-da-2a-vara-dos-feitos-relativos-ao-crime-organizado-e-destaca-reflexo-no-trabalho-do-mp\/"},"author":{"name":"Reginaldo Ribeiro","@id":"https:\/\/juacontecimentos.com.br\/site\/#\/schema\/person\/082a54e6d3fdd7a633291428521c9669"},"headline":"PGJ participa de instala\u00e7\u00e3o da 2\u00aa Vara dos Feitos Relativos ao Crime Organizado e destaca reflexo no trabalho do MP","datePublished":"2021-01-11T23:12:41+00:00","mainEntityOfPage":{"@id":"https:\/\/juacontecimentos.com.br\/site\/pgj-participa-de-instalacao-da-2a-vara-dos-feitos-relativos-ao-crime-organizado-e-destaca-reflexo-no-trabalho-do-mp\/"},"wordCount":390,"commentCount":0,"publisher":{"@id":"https:\/\/juacontecimentos.com.br\/site\/#organization"},"image":{"@id":"https:\/\/juacontecimentos.com.br\/site\/pgj-participa-de-instalacao-da-2a-vara-dos-feitos-relativos-ao-crime-organizado-e-destaca-reflexo-no-trabalho-do-mp\/#primaryimage"},"thumbnailUrl":"https:\/\/juacontecimentos.com.br\/site\/wp-content\/uploads\/2021\/01\/11.1.21-PGJ-TJ-instala\u00e7\u00e3o-vara-crime-organizado.jpeg","articleSection":["Brasil","Catal\u00e3o","Destaque","Goi\u00e1s"],"inLanguage":"pt-BR"},{"@type":"WebPage","@id":"https:\/\/juacontecimentos.com.br\/site\/pgj-participa-de-instalacao-da-2a-vara-dos-feitos-relativos-ao-crime-organizado-e-destaca-reflexo-no-trabalho-do-mp\/","url":"https:\/\/juacontecimentos.com.br\/site\/pgj-participa-de-instalacao-da-2a-vara-dos-feitos-relativos-ao-crime-organizado-e-destaca-reflexo-no-trabalho-do-mp\/","name":"PGJ participa de instala\u00e7\u00e3o da 2\u00aa Vara dos Feitos Relativos ao Crime Organizado e destaca reflexo no trabalho do MP - Jornal Ultimos Acontecimentos","isPartOf":{"@id":"https:\/\/juacontecimentos.com.br\/site\/#website"},"primaryImageOfPage":{"@id":"https:\/\/juacontecimentos.com.br\/site\/pgj-participa-de-instalacao-da-2a-vara-dos-feitos-relativos-ao-crime-organizado-e-destaca-reflexo-no-trabalho-do-mp\/#primaryimage"},"image":{"@id":"https:\/\/juacontecimentos.com.br\/site\/pgj-participa-de-instalacao-da-2a-vara-dos-feitos-relativos-ao-crime-organizado-e-destaca-reflexo-no-trabalho-do-mp\/#primaryimage"},"thumbnailUrl":"https:\/\/juacontecimentos.com.br\/site\/wp-content\/uploads\/2021\/01\/11.1.21-PGJ-TJ-instala\u00e7\u00e3o-vara-crime-organizado.jpeg","datePublished":"2021-01-11T23:12:41+00:00","breadcrumb":{"@id":"https:\/\/juacontecimentos.com.br\/site\/pgj-participa-de-instalacao-da-2a-vara-dos-feitos-relativos-ao-crime-organizado-e-destaca-reflexo-no-trabalho-do-mp\/#breadcrumb"},"inLanguage":"pt-BR","potentialAction":[{"@type":"ReadAction","target":["https:\/\/juacontecimentos.com.br\/site\/pgj-participa-de-instalacao-da-2a-vara-dos-feitos-relativos-ao-crime-organizado-e-destaca-reflexo-no-trabalho-do-mp\/"]}]},{"@type":"ImageObject","inLanguage":"pt-BR","@id":"https:\/\/juacontecimentos.com.br\/site\/pgj-participa-de-instalacao-da-2a-vara-dos-feitos-relativos-ao-crime-organizado-e-destaca-reflexo-no-trabalho-do-mp\/#primaryimage","url":"https:\/\/juacontecimentos.com.br\/site\/wp-content\/uploads\/2021\/01\/11.1.21-PGJ-TJ-instala\u00e7\u00e3o-vara-crime-organizado.jpeg","contentUrl":"https:\/\/juacontecimentos.com.br\/site\/wp-content\/uploads\/2021\/01\/11.1.21-PGJ-TJ-instala\u00e7\u00e3o-vara-crime-organizado.jpeg","width":307,"height":204},{"@type":"BreadcrumbList","@id":"https:\/\/juacontecimentos.com.br\/site\/pgj-participa-de-instalacao-da-2a-vara-dos-feitos-relativos-ao-crime-organizado-e-destaca-reflexo-no-trabalho-do-mp\/#breadcrumb","itemListElement":[{"@type":"ListItem","position":1,"name":"In\u00edcio","item":"https:\/\/juacontecimentos.com.br\/site\/"},{"@type":"ListItem","position":2,"name":"PGJ participa de instala\u00e7\u00e3o da 2\u00aa Vara dos Feitos Relativos ao Crime Organizado e destaca reflexo no trabalho do MP"}]},{"@type":"WebSite","@id":"https:\/\/juacontecimentos.com.br\/site\/#website","url":"https:\/\/juacontecimentos.com.br\/site\/","name":"Jornal Ultimos Acontecimentos","description":"Catal\u00e3o e regi\u00e3o","publisher":{"@id":"https:\/\/juacontecimentos.com.br\/site\/#organization"},"potentialAction":[{"@type":"SearchAction","target":{"@type":"EntryPoint","urlTemplate":"https:\/\/juacontecimentos.com.br\/site\/?s={search_term_string}"},"query-input":{"@type":"PropertyValueSpecification","valueRequired":true,"valueName":"search_term_string"}}],"inLanguage":"pt-BR"},{"@type":"Organization","@id":"https:\/\/juacontecimentos.com.br\/site\/#organization","name":"Jornal Ultimos Acontecimentos","url":"https:\/\/juacontecimentos.com.br\/site\/","logo":{"@type":"ImageObject","inLanguage":"pt-BR","@id":"https:\/\/juacontecimentos.com.br\/site\/#\/schema\/logo\/image\/","url":"https:\/\/juacontecimentos.com.br\/site\/wp-content\/uploads\/2023\/04\/Logo_Site.png","contentUrl":"https:\/\/juacontecimentos.com.br\/site\/wp-content\/uploads\/2023\/04\/Logo_Site.png","width":2476,"height":530,"caption":"Jornal Ultimos Acontecimentos"},"image":{"@id":"https:\/\/juacontecimentos.com.br\/site\/#\/schema\/logo\/image\/"},"sameAs":["https:\/\/www.facebook.com\/jultimosacontecimentos\/"]},{"@type":"Person","@id":"https:\/\/juacontecimentos.com.br\/site\/#\/schema\/person\/082a54e6d3fdd7a633291428521c9669","name":"Reginaldo Ribeiro","image":{"@type":"ImageObject","inLanguage":"pt-BR","@id":"https:\/\/juacontecimentos.com.br\/site\/#\/schema\/person\/image\/","url":"https:\/\/secure.gravatar.com\/avatar\/5c16c6837c3490270a74d888c2a845728f06bdde1f8761de1de1d1d1ef82d12f?s=96&d=mm&r=g","contentUrl":"https:\/\/secure.gravatar.com\/avatar\/5c16c6837c3490270a74d888c2a845728f06bdde1f8761de1de1d1d1ef82d12f?s=96&d=mm&r=g","caption":"Reginaldo Ribeiro"}}]}},"_links":{"self":[{"href":"https:\/\/juacontecimentos.com.br\/site\/wp-json\/wp\/v2\/posts\/12735","targetHints":{"allow":["GET"]}}],"collection":[{"href":"https:\/\/juacontecimentos.com.br\/site\/wp-json\/wp\/v2\/posts"}],"about":[{"href":"https:\/\/juacontecimentos.com.br\/site\/wp-json\/wp\/v2\/types\/post"}],"author":[{"embeddable":true,"href":"https:\/\/juacontecimentos.com.br\/site\/wp-json\/wp\/v2\/users\/2"}],"replies":[{"embeddable":true,"href":"https:\/\/juacontecimentos.com.br\/site\/wp-json\/wp\/v2\/comments?post=12735"}],"version-history":[{"count":1,"href":"https:\/\/juacontecimentos.com.br\/site\/wp-json\/wp\/v2\/posts\/12735\/revisions"}],"predecessor-version":[{"id":12737,"href":"https:\/\/juacontecimentos.com.br\/site\/wp-json\/wp\/v2\/posts\/12735\/revisions\/12737"}],"wp:featuredmedia":[{"embeddable":true,"href":"https:\/\/juacontecimentos.com.br\/site\/wp-json\/wp\/v2\/media\/12736"}],"wp:attachment":[{"href":"https:\/\/juacontecimentos.com.br\/site\/wp-json\/wp\/v2\/media?parent=12735"}],"wp:term":[{"taxonomy":"category","embeddable":true,"href":"https:\/\/juacontecimentos.com.br\/site\/wp-json\/wp\/v2\/categories?post=12735"},{"taxonomy":"post_tag","embeddable":true,"href":"https:\/\/juacontecimentos.com.br\/site\/wp-json\/wp\/v2\/tags?post=12735"}],"curies":[{"name":"wp","href":"https:\/\/api.w.org\/{rel}","templated":true}]}}