{"id":12829,"date":"2021-01-19T05:36:28","date_gmt":"2021-01-19T08:36:28","guid":{"rendered":"https:\/\/juacontecimentos.com.br\/site\/?p=12829"},"modified":"2021-01-19T05:36:28","modified_gmt":"2021-01-19T08:36:28","slug":"com-derrota-em-vacina-militares-do-governo-veem-desgaste-no-exercito-e-defendem-saida-de-pazuello","status":"publish","type":"post","link":"https:\/\/juacontecimentos.com.br\/site\/com-derrota-em-vacina-militares-do-governo-veem-desgaste-no-exercito-e-defendem-saida-de-pazuello\/","title":{"rendered":"Com derrota em vacina, militares do governo veem desgaste no Ex\u00e9rcito e defendem sa\u00edda de Pazuello"},"content":{"rendered":"<h3>Com vit\u00f3ria de Doria, integrantes do centr\u00e3o tamb\u00e9m falam em mudan\u00e7a na pasta, mas Bolsonaro fez defesa enf\u00e1tica de ministro<img loading=\"lazy\" decoding=\"async\" class=\"alignnone size-full wp-image-12830\" src=\"https:\/\/juacontecimentos.com.br\/site\/wp-content\/uploads\/2021\/01\/image-1-6.jpg\" alt=\"\" width=\"800\" height=\"600\" srcset=\"https:\/\/juacontecimentos.com.br\/site\/wp-content\/uploads\/2021\/01\/image-1-6.jpg 800w, https:\/\/juacontecimentos.com.br\/site\/wp-content\/uploads\/2021\/01\/image-1-6-300x225.jpg 300w, https:\/\/juacontecimentos.com.br\/site\/wp-content\/uploads\/2021\/01\/image-1-6-768x576.jpg 768w\" sizes=\"auto, (max-width: 800px) 100vw, 800px\" \/><\/h3>\n<p>A derrota do governo federal na queda de bra\u00e7o pelo in\u00edcio da vacina\u00e7\u00e3o contra o coronav\u00edrus aumentou o apoio de militares da atual gest\u00e3o para que o ministro da Sa\u00fade, general Eduardo Pazuello, se afaste do comando da pasta respons\u00e1vel pelo combate \u00e0 pandemia.<\/p>\n<p>Para integrantes das For\u00e7as Armadas de alta patente, a vit\u00f3ria do governador de S\u00e3o Paulo, Jo\u00e3o Doria (PSDB), que conseguiu sair na frente do presidente Jair Bolsonaro (sem partido) na imuniza\u00e7\u00e3o da popula\u00e7\u00e3o, vinculou ao general da ativa uma imagem de neglig\u00eancia com a sa\u00fade da popula\u00e7\u00e3o, colocando em risco a aprova\u00e7\u00e3o das For\u00e7as Armadas.<\/p>\n<p>O diagn\u00f3stico feito \u00e0 Folha de S.Paulo, em car\u00e1ter reservado, \u00e9 de que, ao ter come\u00e7ado a encampar, desde o final do ano passado, o discurso negacionista do presidente, o militar compromete a postura institucional de independ\u00eancia do Ex\u00e9rcito.<\/p>\n<p>A avalia\u00e7\u00e3o no Ex\u00e9rcito e de militares que integram o Executivo \u00e9 de que o ministro resolveria a quest\u00e3o passando para a reserva, como os demais militares do primeiro escal\u00e3o da gest\u00e3o federal. Ele, assim, teria mais liberdade para defender posi\u00e7\u00f5es pol\u00edticas.<\/p>\n<p>Desde o ano passado, quando era pressionado por n\u00e3o conseguir conter o crescente n\u00famero de infectados e mortos com a Covid-19, no entanto, Pazuello tem resistido a essa alternativa e, de acordo com assessores do presidente, j\u00e1 disse que prefere deixar o governo a passar para a reserva. A postura resoluta tem feito com que parte do n\u00facleo verde-oliva considere que a \u00fanica alternativa se tornou realmente a sua sa\u00edda da pasta.<\/p>\n<p>O desgaste na imagem do Pazuello tamb\u00e9m levou integrantes do centr\u00e3o a retomarem press\u00e3o para uma mudan\u00e7a no comando da Sa\u00fade. O bloco de partidos aliado \u00e0 atual gest\u00e3o tem interesse no comando da pasta.<\/p>\n<p>Desde o ano passado, por\u00e9m, ministros palacianos j\u00e1 avaliavam o timing ideal para que Pazuello deixasse a pasta. Segundo relato feito \u00e0 Folha, em dezembro, em uma reuni\u00e3o no Pal\u00e1cio do Planalto, o nome do l\u00edder do governo na C\u00e2mara dos Deputados, Ricardo Barros (PP-PR), foi defendido para substituir o general no final do primeiro semestre deste ano.<\/p>\n<p>A incapacidade do Minist\u00e9rio da Sa\u00fade em adquirir doses da vacina e o fracasso da pasta na negocia\u00e7\u00e3o com a \u00cdndia, por\u00e9m, foram epis\u00f3dios considerados pelo bra\u00e7o militar a gota d&#8217;\u00e1gua para que a mudan\u00e7a no comando da pasta seja antecipada.<\/p>\n<p>A insatisfa\u00e7\u00e3o com Pazuello entre os militares do governo n\u00e3o se deve apenas \u00e0s trapalhadas do ministro relacionadas \u00e0 imuniza\u00e7\u00e3o. A avalia\u00e7\u00e3o \u00e9 tamb\u00e9m de que ele n\u00e3o tem feito uma defesa enf\u00e1tica das For\u00e7as Armadas no transporte de insumos a cidades em situa\u00e7\u00e3o de emerg\u00eancia por causa da doen\u00e7a.<\/p>\n<p>O \u00faltimo mal-estar ocorreu na crise recente em Manaus. No dia 8, o Minist\u00e9rio da Defesa iniciou opera\u00e7\u00e3o de transporte de cilindros de oxig\u00eanio para o Amazonas. No dia 11, Pazuello visitou Manaus e, na opini\u00e3o de militares do governo, n\u00e3o deu o devido destaque \u00e0 opera\u00e7\u00e3o iniciada quatro dias antes.<\/p>\n<p>O inc\u00f4modo \u00e9 tamanho que militares palacianos costumam se contrariar com mat\u00e9rias jornal\u00edsticas que lembrem da patente militar do ministro da Sa\u00fade. Para evitar uma vincula\u00e7\u00e3o com o Ex\u00e9rcito, preferem que jornalistas se refiram a ele apenas como ministro, n\u00e3o como general.<\/p>\n<p>No domingo (17), outro epis\u00f3dio gerou mais desgate na imagem de Pazuello. A PGR (Procuradoria-Geral da Rep\u00fablica) deu 15 dias para o ministro explicar por que n\u00e3o agiu para garantir o fornecimento de oxig\u00eanio aos hospitais de Manaus. O pedido foi feito com base em reportagem publicada pela Folha no s\u00e1bado (16).<\/p>\n<p>Na semana passada, com o aumento das cr\u00edticas a Pazuello, Bolsonaro fez uma defesa enf\u00e1tica do ministro e disse que n\u00e3o tem motivos de ele deixar o governo. &#8220;Pazuello est\u00e1 fazendo um trabalho excepcional. N\u00e3o vai sair de l\u00e1. N\u00e3o tem motivo de sair de l\u00e1&#8221;, disse.<\/p>\n<p>Com a derrota do domingo (17) que, segundo aliados do presidente, o deixou irritado, a aposta \u00e9 de que, em busca de culpados, Bolsonaro possa ser convencido a rifar o general da ativa, deslocando-o para outro cargo no governo.<\/p>\n<p>Auxiliares civis do presidente e parlamentares do centr\u00e3o, contudo, n\u00e3o acreditam em uma troca agora. Eles ponderam que os militares sempre reclamam, mas que Bolsonaro gosta do perfil &#8220;cumpridor de ordens&#8221; de Pazuello.<\/p>\n<p>Al\u00e9m disso, apesar da press\u00e3o de alguns integrantes do centr\u00e3o, a c\u00fapula do bloco diz ser prefer\u00edvel assumir a pasta depois que o desgaste com o in\u00edcio da campanha de imuniza\u00e7\u00e3o tenha sido superado. Para o comando do bloco, \u00e9 mais vi\u00e1vel que a troca seja efetuada durante a reforma ministerial aguardada para fevereiro.<\/p>\n<p>Al\u00e9m de Pazuello, Bolsonaro avalia outras mudan\u00e7as em sua equipe ministerial ap\u00f3s a elei\u00e7\u00e3o da presid\u00eancia da C\u00e2mara dos Deputados. S\u00e3o discutidas altera\u00e7\u00f5es em pastas como Turismo, Educa\u00e7\u00e3o, Minas e Energia e a Secretaria de Governo.<\/p>\n<p>Para o lugar do ministro Onyx Lorenzoni, por exemplo, que hoje comanda a Cidadania, a ideia \u00e9 nomear um indicado do Republicanos, sigla a qual se filiaram dois filhos do presidente: o senador Fl\u00e1vio Bolsonaro (RJ) e o vereador Carlos Bolsonaro, do Rio de Janeiro.<\/p>\n<p>Em entrevista no domingo (17), Pazuello mentiu ao afirmar que o governo federal tinha em m\u00e3os vacinas do Butantan e da AstraZeneca, e criticou o governador de S\u00e3o Paulo, que iniciou a vacina\u00e7\u00e3o no estado no domingo (17).<\/p>\n<p>At\u00e9 o in\u00edcio da manh\u00e3 desta segunda-feira (18), Bolsonaro ignorou nas redes sociais o in\u00edcio da campanha de vacina\u00e7\u00e3o em S\u00e3o Paulo. Desde domingo, ele, seus filhos e auxiliares ligados ao gabinete do \u00f3dio t\u00eam se empenhado em compartilhar publica\u00e7\u00f5es que confrontem a letargia do governo federal no enfrentamento \u00e0 pandemia.<br \/>\n<\/p>\n","protected":false},"excerpt":{"rendered":"<p>Com vit\u00f3ria de Doria, integrantes do centr\u00e3o tamb\u00e9m falam em mudan\u00e7a na pasta, mas Bolsonaro fez defesa enf\u00e1tica de ministro A derrota do governo federal na queda de bra\u00e7o pelo in\u00edcio da vacina\u00e7\u00e3o contra o coronav\u00edrus aumentou o apoio de militares da atual gest\u00e3o para que o ministro da Sa\u00fade, general Eduardo Pazuello, se afaste<\/p>\n","protected":false},"author":2,"featured_media":12830,"comment_status":"open","ping_status":"open","sticky":false,"template":"","format":"standard","meta":{"footnotes":""},"categories":[27,22,26,23],"tags":[],"class_list":["post-12829","post","type-post","status-publish","format-standard","has-post-thumbnail","hentry","category-brasil","category-catalao","category-destaque","category-goias"],"yoast_head":"<!-- This site is optimized with the Yoast SEO plugin v25.8 - https:\/\/yoast.com\/wordpress\/plugins\/seo\/ -->\n<title>Com derrota em vacina, militares do governo veem desgaste no Ex\u00e9rcito e defendem sa\u00edda de Pazuello - Jornal Ultimos Acontecimentos<\/title>\n<meta name=\"robots\" content=\"index, follow, max-snippet:-1, max-image-preview:large, max-video-preview:-1\" \/>\n<link rel=\"canonical\" href=\"https:\/\/juacontecimentos.com.br\/site\/com-derrota-em-vacina-militares-do-governo-veem-desgaste-no-exercito-e-defendem-saida-de-pazuello\/\" \/>\n<meta property=\"og:locale\" content=\"pt_BR\" \/>\n<meta property=\"og:type\" content=\"article\" \/>\n<meta property=\"og:title\" content=\"Com derrota em vacina, militares do governo veem desgaste no Ex\u00e9rcito e defendem sa\u00edda de Pazuello - Jornal Ultimos Acontecimentos\" \/>\n<meta property=\"og:description\" content=\"Com vit\u00f3ria de Doria, integrantes do centr\u00e3o tamb\u00e9m falam em mudan\u00e7a na pasta, mas Bolsonaro fez defesa enf\u00e1tica de ministro A derrota do governo federal na queda de bra\u00e7o pelo in\u00edcio da vacina\u00e7\u00e3o contra o coronav\u00edrus aumentou o apoio de militares da atual gest\u00e3o para que o ministro da Sa\u00fade, general Eduardo Pazuello, se afaste\" \/>\n<meta property=\"og:url\" content=\"https:\/\/juacontecimentos.com.br\/site\/com-derrota-em-vacina-militares-do-governo-veem-desgaste-no-exercito-e-defendem-saida-de-pazuello\/\" \/>\n<meta property=\"og:site_name\" content=\"Jornal Ultimos Acontecimentos\" \/>\n<meta property=\"article:publisher\" content=\"https:\/\/www.facebook.com\/jultimosacontecimentos\/\" \/>\n<meta property=\"article:published_time\" content=\"2021-01-19T08:36:28+00:00\" \/>\n<meta property=\"og:image\" content=\"https:\/\/juacontecimentos.com.br\/site\/wp-content\/uploads\/2021\/01\/image-1-6.jpg\" \/>\n\t<meta property=\"og:image:width\" content=\"800\" \/>\n\t<meta property=\"og:image:height\" content=\"600\" \/>\n\t<meta property=\"og:image:type\" content=\"image\/jpeg\" \/>\n<meta name=\"author\" content=\"Reginaldo Ribeiro\" \/>\n<meta name=\"twitter:card\" content=\"summary_large_image\" \/>\n<meta name=\"twitter:label1\" content=\"Escrito por\" \/>\n\t<meta name=\"twitter:data1\" content=\"Reginaldo Ribeiro\" \/>\n\t<meta name=\"twitter:label2\" content=\"Est. tempo de leitura\" \/>\n\t<meta name=\"twitter:data2\" content=\"5 minutos\" \/>\n<script type=\"application\/ld+json\" class=\"yoast-schema-graph\">{\"@context\":\"https:\/\/schema.org\",\"@graph\":[{\"@type\":\"Article\",\"@id\":\"https:\/\/juacontecimentos.com.br\/site\/com-derrota-em-vacina-militares-do-governo-veem-desgaste-no-exercito-e-defendem-saida-de-pazuello\/#article\",\"isPartOf\":{\"@id\":\"https:\/\/juacontecimentos.com.br\/site\/com-derrota-em-vacina-militares-do-governo-veem-desgaste-no-exercito-e-defendem-saida-de-pazuello\/\"},\"author\":{\"name\":\"Reginaldo Ribeiro\",\"@id\":\"https:\/\/juacontecimentos.com.br\/site\/#\/schema\/person\/082a54e6d3fdd7a633291428521c9669\"},\"headline\":\"Com derrota em vacina, militares do governo veem desgaste no Ex\u00e9rcito e defendem sa\u00edda de Pazuello\",\"datePublished\":\"2021-01-19T08:36:28+00:00\",\"mainEntityOfPage\":{\"@id\":\"https:\/\/juacontecimentos.com.br\/site\/com-derrota-em-vacina-militares-do-governo-veem-desgaste-no-exercito-e-defendem-saida-de-pazuello\/\"},\"wordCount\":1061,\"commentCount\":0,\"publisher\":{\"@id\":\"https:\/\/juacontecimentos.com.br\/site\/#organization\"},\"image\":{\"@id\":\"https:\/\/juacontecimentos.com.br\/site\/com-derrota-em-vacina-militares-do-governo-veem-desgaste-no-exercito-e-defendem-saida-de-pazuello\/#primaryimage\"},\"thumbnailUrl\":\"https:\/\/juacontecimentos.com.br\/site\/wp-content\/uploads\/2021\/01\/image-1-6.jpg\",\"articleSection\":[\"Brasil\",\"Catal\u00e3o\",\"Destaque\",\"Goi\u00e1s\"],\"inLanguage\":\"pt-BR\"},{\"@type\":\"WebPage\",\"@id\":\"https:\/\/juacontecimentos.com.br\/site\/com-derrota-em-vacina-militares-do-governo-veem-desgaste-no-exercito-e-defendem-saida-de-pazuello\/\",\"url\":\"https:\/\/juacontecimentos.com.br\/site\/com-derrota-em-vacina-militares-do-governo-veem-desgaste-no-exercito-e-defendem-saida-de-pazuello\/\",\"name\":\"Com derrota em vacina, militares do governo veem desgaste no Ex\u00e9rcito e defendem sa\u00edda de Pazuello - Jornal Ultimos Acontecimentos\",\"isPartOf\":{\"@id\":\"https:\/\/juacontecimentos.com.br\/site\/#website\"},\"primaryImageOfPage\":{\"@id\":\"https:\/\/juacontecimentos.com.br\/site\/com-derrota-em-vacina-militares-do-governo-veem-desgaste-no-exercito-e-defendem-saida-de-pazuello\/#primaryimage\"},\"image\":{\"@id\":\"https:\/\/juacontecimentos.com.br\/site\/com-derrota-em-vacina-militares-do-governo-veem-desgaste-no-exercito-e-defendem-saida-de-pazuello\/#primaryimage\"},\"thumbnailUrl\":\"https:\/\/juacontecimentos.com.br\/site\/wp-content\/uploads\/2021\/01\/image-1-6.jpg\",\"datePublished\":\"2021-01-19T08:36:28+00:00\",\"breadcrumb\":{\"@id\":\"https:\/\/juacontecimentos.com.br\/site\/com-derrota-em-vacina-militares-do-governo-veem-desgaste-no-exercito-e-defendem-saida-de-pazuello\/#breadcrumb\"},\"inLanguage\":\"pt-BR\",\"potentialAction\":[{\"@type\":\"ReadAction\",\"target\":[\"https:\/\/juacontecimentos.com.br\/site\/com-derrota-em-vacina-militares-do-governo-veem-desgaste-no-exercito-e-defendem-saida-de-pazuello\/\"]}]},{\"@type\":\"ImageObject\",\"inLanguage\":\"pt-BR\",\"@id\":\"https:\/\/juacontecimentos.com.br\/site\/com-derrota-em-vacina-militares-do-governo-veem-desgaste-no-exercito-e-defendem-saida-de-pazuello\/#primaryimage\",\"url\":\"https:\/\/juacontecimentos.com.br\/site\/wp-content\/uploads\/2021\/01\/image-1-6.jpg\",\"contentUrl\":\"https:\/\/juacontecimentos.com.br\/site\/wp-content\/uploads\/2021\/01\/image-1-6.jpg\",\"width\":800,\"height\":600},{\"@type\":\"BreadcrumbList\",\"@id\":\"https:\/\/juacontecimentos.com.br\/site\/com-derrota-em-vacina-militares-do-governo-veem-desgaste-no-exercito-e-defendem-saida-de-pazuello\/#breadcrumb\",\"itemListElement\":[{\"@type\":\"ListItem\",\"position\":1,\"name\":\"In\u00edcio\",\"item\":\"https:\/\/juacontecimentos.com.br\/site\/\"},{\"@type\":\"ListItem\",\"position\":2,\"name\":\"Com derrota em vacina, militares do governo veem desgaste no Ex\u00e9rcito e defendem sa\u00edda de Pazuello\"}]},{\"@type\":\"WebSite\",\"@id\":\"https:\/\/juacontecimentos.com.br\/site\/#website\",\"url\":\"https:\/\/juacontecimentos.com.br\/site\/\",\"name\":\"Jornal Ultimos Acontecimentos\",\"description\":\"Catal\u00e3o e regi\u00e3o\",\"publisher\":{\"@id\":\"https:\/\/juacontecimentos.com.br\/site\/#organization\"},\"potentialAction\":[{\"@type\":\"SearchAction\",\"target\":{\"@type\":\"EntryPoint\",\"urlTemplate\":\"https:\/\/juacontecimentos.com.br\/site\/?s={search_term_string}\"},\"query-input\":{\"@type\":\"PropertyValueSpecification\",\"valueRequired\":true,\"valueName\":\"search_term_string\"}}],\"inLanguage\":\"pt-BR\"},{\"@type\":\"Organization\",\"@id\":\"https:\/\/juacontecimentos.com.br\/site\/#organization\",\"name\":\"Jornal Ultimos Acontecimentos\",\"url\":\"https:\/\/juacontecimentos.com.br\/site\/\",\"logo\":{\"@type\":\"ImageObject\",\"inLanguage\":\"pt-BR\",\"@id\":\"https:\/\/juacontecimentos.com.br\/site\/#\/schema\/logo\/image\/\",\"url\":\"https:\/\/juacontecimentos.com.br\/site\/wp-content\/uploads\/2023\/04\/Logo_Site.png\",\"contentUrl\":\"https:\/\/juacontecimentos.com.br\/site\/wp-content\/uploads\/2023\/04\/Logo_Site.png\",\"width\":2476,\"height\":530,\"caption\":\"Jornal Ultimos Acontecimentos\"},\"image\":{\"@id\":\"https:\/\/juacontecimentos.com.br\/site\/#\/schema\/logo\/image\/\"},\"sameAs\":[\"https:\/\/www.facebook.com\/jultimosacontecimentos\/\"]},{\"@type\":\"Person\",\"@id\":\"https:\/\/juacontecimentos.com.br\/site\/#\/schema\/person\/082a54e6d3fdd7a633291428521c9669\",\"name\":\"Reginaldo Ribeiro\",\"image\":{\"@type\":\"ImageObject\",\"inLanguage\":\"pt-BR\",\"@id\":\"https:\/\/juacontecimentos.com.br\/site\/#\/schema\/person\/image\/\",\"url\":\"https:\/\/secure.gravatar.com\/avatar\/5c16c6837c3490270a74d888c2a845728f06bdde1f8761de1de1d1d1ef82d12f?s=96&d=mm&r=g\",\"contentUrl\":\"https:\/\/secure.gravatar.com\/avatar\/5c16c6837c3490270a74d888c2a845728f06bdde1f8761de1de1d1d1ef82d12f?s=96&d=mm&r=g\",\"caption\":\"Reginaldo Ribeiro\"}}]}<\/script>\n<!-- \/ Yoast SEO plugin. -->","yoast_head_json":{"title":"Com derrota em vacina, militares do governo veem desgaste no Ex\u00e9rcito e defendem sa\u00edda de Pazuello - Jornal Ultimos Acontecimentos","robots":{"index":"index","follow":"follow","max-snippet":"max-snippet:-1","max-image-preview":"max-image-preview:large","max-video-preview":"max-video-preview:-1"},"canonical":"https:\/\/juacontecimentos.com.br\/site\/com-derrota-em-vacina-militares-do-governo-veem-desgaste-no-exercito-e-defendem-saida-de-pazuello\/","og_locale":"pt_BR","og_type":"article","og_title":"Com derrota em vacina, militares do governo veem desgaste no Ex\u00e9rcito e defendem sa\u00edda de Pazuello - Jornal Ultimos Acontecimentos","og_description":"Com vit\u00f3ria de Doria, integrantes do centr\u00e3o tamb\u00e9m falam em mudan\u00e7a na pasta, mas Bolsonaro fez defesa enf\u00e1tica de ministro A derrota do governo federal na queda de bra\u00e7o pelo in\u00edcio da vacina\u00e7\u00e3o contra o coronav\u00edrus aumentou o apoio de militares da atual gest\u00e3o para que o ministro da Sa\u00fade, general Eduardo Pazuello, se afaste","og_url":"https:\/\/juacontecimentos.com.br\/site\/com-derrota-em-vacina-militares-do-governo-veem-desgaste-no-exercito-e-defendem-saida-de-pazuello\/","og_site_name":"Jornal Ultimos Acontecimentos","article_publisher":"https:\/\/www.facebook.com\/jultimosacontecimentos\/","article_published_time":"2021-01-19T08:36:28+00:00","og_image":[{"width":800,"height":600,"url":"https:\/\/juacontecimentos.com.br\/site\/wp-content\/uploads\/2021\/01\/image-1-6.jpg","type":"image\/jpeg"}],"author":"Reginaldo Ribeiro","twitter_card":"summary_large_image","twitter_misc":{"Escrito por":"Reginaldo Ribeiro","Est. tempo de leitura":"5 minutos"},"schema":{"@context":"https:\/\/schema.org","@graph":[{"@type":"Article","@id":"https:\/\/juacontecimentos.com.br\/site\/com-derrota-em-vacina-militares-do-governo-veem-desgaste-no-exercito-e-defendem-saida-de-pazuello\/#article","isPartOf":{"@id":"https:\/\/juacontecimentos.com.br\/site\/com-derrota-em-vacina-militares-do-governo-veem-desgaste-no-exercito-e-defendem-saida-de-pazuello\/"},"author":{"name":"Reginaldo Ribeiro","@id":"https:\/\/juacontecimentos.com.br\/site\/#\/schema\/person\/082a54e6d3fdd7a633291428521c9669"},"headline":"Com derrota em vacina, militares do governo veem desgaste no Ex\u00e9rcito e defendem sa\u00edda de Pazuello","datePublished":"2021-01-19T08:36:28+00:00","mainEntityOfPage":{"@id":"https:\/\/juacontecimentos.com.br\/site\/com-derrota-em-vacina-militares-do-governo-veem-desgaste-no-exercito-e-defendem-saida-de-pazuello\/"},"wordCount":1061,"commentCount":0,"publisher":{"@id":"https:\/\/juacontecimentos.com.br\/site\/#organization"},"image":{"@id":"https:\/\/juacontecimentos.com.br\/site\/com-derrota-em-vacina-militares-do-governo-veem-desgaste-no-exercito-e-defendem-saida-de-pazuello\/#primaryimage"},"thumbnailUrl":"https:\/\/juacontecimentos.com.br\/site\/wp-content\/uploads\/2021\/01\/image-1-6.jpg","articleSection":["Brasil","Catal\u00e3o","Destaque","Goi\u00e1s"],"inLanguage":"pt-BR"},{"@type":"WebPage","@id":"https:\/\/juacontecimentos.com.br\/site\/com-derrota-em-vacina-militares-do-governo-veem-desgaste-no-exercito-e-defendem-saida-de-pazuello\/","url":"https:\/\/juacontecimentos.com.br\/site\/com-derrota-em-vacina-militares-do-governo-veem-desgaste-no-exercito-e-defendem-saida-de-pazuello\/","name":"Com derrota em vacina, militares do governo veem desgaste no Ex\u00e9rcito e defendem sa\u00edda de Pazuello - Jornal Ultimos Acontecimentos","isPartOf":{"@id":"https:\/\/juacontecimentos.com.br\/site\/#website"},"primaryImageOfPage":{"@id":"https:\/\/juacontecimentos.com.br\/site\/com-derrota-em-vacina-militares-do-governo-veem-desgaste-no-exercito-e-defendem-saida-de-pazuello\/#primaryimage"},"image":{"@id":"https:\/\/juacontecimentos.com.br\/site\/com-derrota-em-vacina-militares-do-governo-veem-desgaste-no-exercito-e-defendem-saida-de-pazuello\/#primaryimage"},"thumbnailUrl":"https:\/\/juacontecimentos.com.br\/site\/wp-content\/uploads\/2021\/01\/image-1-6.jpg","datePublished":"2021-01-19T08:36:28+00:00","breadcrumb":{"@id":"https:\/\/juacontecimentos.com.br\/site\/com-derrota-em-vacina-militares-do-governo-veem-desgaste-no-exercito-e-defendem-saida-de-pazuello\/#breadcrumb"},"inLanguage":"pt-BR","potentialAction":[{"@type":"ReadAction","target":["https:\/\/juacontecimentos.com.br\/site\/com-derrota-em-vacina-militares-do-governo-veem-desgaste-no-exercito-e-defendem-saida-de-pazuello\/"]}]},{"@type":"ImageObject","inLanguage":"pt-BR","@id":"https:\/\/juacontecimentos.com.br\/site\/com-derrota-em-vacina-militares-do-governo-veem-desgaste-no-exercito-e-defendem-saida-de-pazuello\/#primaryimage","url":"https:\/\/juacontecimentos.com.br\/site\/wp-content\/uploads\/2021\/01\/image-1-6.jpg","contentUrl":"https:\/\/juacontecimentos.com.br\/site\/wp-content\/uploads\/2021\/01\/image-1-6.jpg","width":800,"height":600},{"@type":"BreadcrumbList","@id":"https:\/\/juacontecimentos.com.br\/site\/com-derrota-em-vacina-militares-do-governo-veem-desgaste-no-exercito-e-defendem-saida-de-pazuello\/#breadcrumb","itemListElement":[{"@type":"ListItem","position":1,"name":"In\u00edcio","item":"https:\/\/juacontecimentos.com.br\/site\/"},{"@type":"ListItem","position":2,"name":"Com derrota em vacina, militares do governo veem desgaste no Ex\u00e9rcito e defendem sa\u00edda de Pazuello"}]},{"@type":"WebSite","@id":"https:\/\/juacontecimentos.com.br\/site\/#website","url":"https:\/\/juacontecimentos.com.br\/site\/","name":"Jornal Ultimos Acontecimentos","description":"Catal\u00e3o e regi\u00e3o","publisher":{"@id":"https:\/\/juacontecimentos.com.br\/site\/#organization"},"potentialAction":[{"@type":"SearchAction","target":{"@type":"EntryPoint","urlTemplate":"https:\/\/juacontecimentos.com.br\/site\/?s={search_term_string}"},"query-input":{"@type":"PropertyValueSpecification","valueRequired":true,"valueName":"search_term_string"}}],"inLanguage":"pt-BR"},{"@type":"Organization","@id":"https:\/\/juacontecimentos.com.br\/site\/#organization","name":"Jornal Ultimos Acontecimentos","url":"https:\/\/juacontecimentos.com.br\/site\/","logo":{"@type":"ImageObject","inLanguage":"pt-BR","@id":"https:\/\/juacontecimentos.com.br\/site\/#\/schema\/logo\/image\/","url":"https:\/\/juacontecimentos.com.br\/site\/wp-content\/uploads\/2023\/04\/Logo_Site.png","contentUrl":"https:\/\/juacontecimentos.com.br\/site\/wp-content\/uploads\/2023\/04\/Logo_Site.png","width":2476,"height":530,"caption":"Jornal Ultimos Acontecimentos"},"image":{"@id":"https:\/\/juacontecimentos.com.br\/site\/#\/schema\/logo\/image\/"},"sameAs":["https:\/\/www.facebook.com\/jultimosacontecimentos\/"]},{"@type":"Person","@id":"https:\/\/juacontecimentos.com.br\/site\/#\/schema\/person\/082a54e6d3fdd7a633291428521c9669","name":"Reginaldo Ribeiro","image":{"@type":"ImageObject","inLanguage":"pt-BR","@id":"https:\/\/juacontecimentos.com.br\/site\/#\/schema\/person\/image\/","url":"https:\/\/secure.gravatar.com\/avatar\/5c16c6837c3490270a74d888c2a845728f06bdde1f8761de1de1d1d1ef82d12f?s=96&d=mm&r=g","contentUrl":"https:\/\/secure.gravatar.com\/avatar\/5c16c6837c3490270a74d888c2a845728f06bdde1f8761de1de1d1d1ef82d12f?s=96&d=mm&r=g","caption":"Reginaldo Ribeiro"}}]}},"_links":{"self":[{"href":"https:\/\/juacontecimentos.com.br\/site\/wp-json\/wp\/v2\/posts\/12829","targetHints":{"allow":["GET"]}}],"collection":[{"href":"https:\/\/juacontecimentos.com.br\/site\/wp-json\/wp\/v2\/posts"}],"about":[{"href":"https:\/\/juacontecimentos.com.br\/site\/wp-json\/wp\/v2\/types\/post"}],"author":[{"embeddable":true,"href":"https:\/\/juacontecimentos.com.br\/site\/wp-json\/wp\/v2\/users\/2"}],"replies":[{"embeddable":true,"href":"https:\/\/juacontecimentos.com.br\/site\/wp-json\/wp\/v2\/comments?post=12829"}],"version-history":[{"count":1,"href":"https:\/\/juacontecimentos.com.br\/site\/wp-json\/wp\/v2\/posts\/12829\/revisions"}],"predecessor-version":[{"id":12831,"href":"https:\/\/juacontecimentos.com.br\/site\/wp-json\/wp\/v2\/posts\/12829\/revisions\/12831"}],"wp:featuredmedia":[{"embeddable":true,"href":"https:\/\/juacontecimentos.com.br\/site\/wp-json\/wp\/v2\/media\/12830"}],"wp:attachment":[{"href":"https:\/\/juacontecimentos.com.br\/site\/wp-json\/wp\/v2\/media?parent=12829"}],"wp:term":[{"taxonomy":"category","embeddable":true,"href":"https:\/\/juacontecimentos.com.br\/site\/wp-json\/wp\/v2\/categories?post=12829"},{"taxonomy":"post_tag","embeddable":true,"href":"https:\/\/juacontecimentos.com.br\/site\/wp-json\/wp\/v2\/tags?post=12829"}],"curies":[{"name":"wp","href":"https:\/\/api.w.org\/{rel}","templated":true}]}}