{"id":12856,"date":"2021-01-21T04:24:34","date_gmt":"2021-01-21T07:24:34","guid":{"rendered":"https:\/\/juacontecimentos.com.br\/site\/?p=12856"},"modified":"2021-01-21T04:24:34","modified_gmt":"2021-01-21T07:24:34","slug":"ocupacao-de-utis-e-de-100-em-5-hospitais-privados-no-estado","status":"publish","type":"post","link":"https:\/\/juacontecimentos.com.br\/site\/ocupacao-de-utis-e-de-100-em-5-hospitais-privados-no-estado\/","title":{"rendered":"Ocupa\u00e7\u00e3o de UTIs \u00e9 de 100% em 5 hospitais privados no Estado"},"content":{"rendered":"<p>&nbsp;<\/p>\n<h3>Associa\u00e7\u00e3o em Goi\u00e1s que representa 15 estabelecimentos particulares de sa\u00fade afirma que demais locais podem chegar a \u00edndice cr\u00edtico rapidamente<img loading=\"lazy\" decoding=\"async\" class=\"alignnone size-full wp-image-12857\" src=\"https:\/\/juacontecimentos.com.br\/site\/wp-content\/uploads\/2021\/01\/image-11.jpg\" alt=\"\" width=\"800\" height=\"533\" srcset=\"https:\/\/juacontecimentos.com.br\/site\/wp-content\/uploads\/2021\/01\/image-11.jpg 800w, https:\/\/juacontecimentos.com.br\/site\/wp-content\/uploads\/2021\/01\/image-11-300x200.jpg 300w, https:\/\/juacontecimentos.com.br\/site\/wp-content\/uploads\/2021\/01\/image-11-768x512.jpg 768w\" sizes=\"auto, (max-width: 800px) 100vw, 800px\" \/><\/h3>\n<p class=\"TEXTO\">As Unidades de Terapia Intensiva (UTIs) para pacientes com coronav\u00edrus, de cinco hospitais privados de Goi\u00e2nia, est\u00e3o com a ocupa\u00e7\u00e3o em 100%. As informa\u00e7\u00f5es s\u00e3o do presidente da Associa\u00e7\u00e3o dos Hospitais Privados de Alta Complexidade do Estado de Goi\u00e1s (Ahpaceg), Haikal Yaspers Helou, e s\u00e3o referentes ao in\u00edcio da tarde desta quarta-feira (20). Os dados foram repassados em reuni\u00e3o do Centro de Opera\u00e7\u00f5es de Emerg\u00eancia (COE) estadual de combate \u00e0 Covid-19.<\/p>\n<p class=\"TEXTO\">Dos 15 hospitais filiados a Ahpaceg, 5 estavam com as UTIs lotadas por volta das 13 horas desta quarta-feira (20), o Hospital Anis Rassi, Hospital do Cora\u00e7\u00e3o, Hospital Santa B\u00e1rbara, Hospital Neurol\u00f3gico e Hospital S\u00e3o Francisco. \u201cN\u00e3o est\u00e1 tendo vaga, entra um e sai outro, relatou um deles\u201d, descreve Haikal. Segundo o presidente, os n\u00fameros de interna\u00e7\u00e3o teriam aumentado nos \u00faltimos tr\u00eas dias. Tamb\u00e9m teriam aumentado as liga\u00e7\u00f5es de pessoas pedindo vagas em unidades espec\u00edficas.<\/p>\n<p class=\"TEXTO\">\u201cDe seis (lotados) para todos \u00e9 um espa\u00e7o muito curto, porque esses hospitais come\u00e7am a redistribuir os pacientes entre n\u00f3s e ficamos todos lotados em um espa\u00e7o curto de tempo\u201d, descreveu Haikal durante a reuni\u00e3o por videoconfer\u00eancia do COE. Inicialmente ele falou que eram seis hospitais com lota\u00e7\u00e3o m\u00e1xima nas UTIs, mas em seguida corrigiu a informa\u00e7\u00e3o e explicou que recebeu o relato de cinco hospitais.<\/p>\n<p class=\"TEXTO\">Haikal explica que muitos desses pacientes das unidades lotadas s\u00e3o atendidos inicialmente na Emerg\u00eancia e, depois de internados, n\u00e3o aceitam ser transferidos para outras unidades. Assim, os pacientes graves acabam ficando concentrados em alguns hospitais.<\/p>\n<p class=\"TEXTO\">\u201cGoi\u00e2nia inteira n\u00e3o est\u00e1 lotada. Esses hospitais est\u00e3o lotados. A situa\u00e7\u00e3o est\u00e1 come\u00e7ando a ficar desconfort\u00e1vel para eles, quando eles n\u00e3o conseguem transferir o paciente\u201d, descreve o presidente da Ahpaceg.<\/p>\n<p class=\"TEXTO\">Haikal avalia que o cen\u00e1rio na segunda onda \u00e9 mais cr\u00edtico, porque desta vez, os pacientes com outras doen\u00e7as est\u00e3o procurando mais os hospitais. \u201cOs hospitais est\u00e3o cheios de outras patologias.\u201d<\/p>\n<p class=\"TEXTO\">Desde novembro de 2020 que a Ahpaceg n\u00e3o divulga de forma p\u00fablica a ocupa\u00e7\u00e3o de leitos com pacientes coronav\u00edrus. Haikal adianta que isso deve mudar ap\u00f3s reuni\u00e3o interna entre os associados e os dados devem voltar a ter publica\u00e7\u00e3o di\u00e1ria.<\/p>\n<p class=\"INTERTITULO\"><b>P\u00fablico<\/b><\/p>\n<p class=\"TEXTO\">A situa\u00e7\u00e3o da rede p\u00fablica estadual tamb\u00e9m tem preocupado gestores da Sa\u00fade e membros do Minist\u00e9rio P\u00fablico que acompanham a crise provocada pela pandemia da Covid-19. A ocupa\u00e7\u00e3o dos leitos de UTI para pacientes com coronav\u00edrus passou de cerca de 50% no in\u00edcio do ano para 81% \u00e0s 18 horas desta quarta-feira. Isso representa 184 vagas ocupadas e 45 dispon\u00edveis.<\/p>\n<p class=\"TEXTO\"><em><strong>Dos 14 hospitais com leitos de UTI Covid-19 da rede p\u00fablica estadual, sete estavam com a ocupa\u00e7\u00e3o em 100% no in\u00edcio da noite desta quarta-feira. S\u00e3o eles o Hospital Regional de Formosa, Hospital Municipal de Mineiros, Hospital das Cl\u00ednicas de Jata\u00ed, Hospital S\u00e3o Marcos de Itumbiara, Hospitais Nasr Fayad e Santa Casa de Catal\u00e3o. Destes sete, cinco possuem um total de menos de 11 leitos cr\u00edticos cada um.<\/strong><\/em><\/p>\n<p class=\"TEXTO\">Na rede p\u00fablica municipal de Goi\u00e2nia, a ocupa\u00e7\u00e3o das UTIs para Covid-19 estavam em 70,51% \u00e0s 13 horas desta quarta-feira. J\u00e1 em Aparecida de Goi\u00e2nia a ocupa\u00e7\u00e3o era 52%. Em An\u00e1polis, a ocupa\u00e7\u00e3o dos leitos cr\u00edticos coronav\u00edrus estava em 56%.<\/p>\n<p class=\"TEXTO\">Durante reuni\u00e3o do COE desta quarta, a gerente de Aten\u00e7\u00e3o Terci\u00e1ria, Danielle Jacques, falou que t\u00eam sido realizadas conversas com o Minist\u00e9rio da Sa\u00fade para conseguir a habilita\u00e7\u00e3o de novos leitos Covid-19, que foram desabilitados quando os n\u00fameros da pandemia diminu\u00edram. \u201cN\u00e3o tem como expandir e n\u00e3o ter repasses financeiros do Minist\u00e9rio da Sa\u00fade\u201d, explicou.<\/p>\n<p class=\"TEXTO\">Ainda durante a reuni\u00e3o, o procurador da rep\u00fablica Ailton Benedito, do Minist\u00e9rio P\u00fablico Federal (MPF) em Goi\u00e1s, pediu a rela\u00e7\u00e3o destes leitos com solicita\u00e7\u00e3o de habilita\u00e7\u00e3o no Minist\u00e9rio da Sa\u00fade.<\/p>\n<p class=\"TEXTO\">Com este aumento de interna\u00e7\u00f5es, outra regi\u00e3o que tem preocupado gestores da Sa\u00fade e o Minist\u00e9rio P\u00fablico, \u00e9 o Entorno do Distrito Federal. O Hospital de Campanha de \u00c1guas Lindas, financiado pelo governo federal, foi desmobilizado em outubro de 2020 e n\u00e3o h\u00e1 perspectiva dele ser reaberto. J\u00e1 os hospitais de Luzi\u00e2nia e Formosa est\u00e3o com a capacidade m\u00e1xima poss\u00edvel de leitos.<\/p>\n<p class=\"TEXTO\">Al\u00e9m da possibilidade de abrir leitos em outras regi\u00f5es, tamb\u00e9m h\u00e1 uma conversa pr\u00e9via entre os secret\u00e1rios de Sa\u00fade de Goi\u00e1s e do Distrito Federal, para uma rela\u00e7\u00e3o de coopera\u00e7\u00e3o, de acordo com o superintendente de Aten\u00e7\u00e3o Integral \u00e0 Sa\u00fade, Sandro Rodrigues.<\/p>\n<p><\/p>\n","protected":false},"excerpt":{"rendered":"<p>&nbsp; Associa\u00e7\u00e3o em Goi\u00e1s que representa 15 estabelecimentos particulares de sa\u00fade afirma que demais locais podem chegar a \u00edndice cr\u00edtico rapidamente As Unidades de Terapia Intensiva (UTIs) para pacientes com coronav\u00edrus, de cinco hospitais privados de Goi\u00e2nia, est\u00e3o com a ocupa\u00e7\u00e3o em 100%. As informa\u00e7\u00f5es s\u00e3o do presidente da Associa\u00e7\u00e3o dos Hospitais Privados de Alta<\/p>\n","protected":false},"author":2,"featured_media":12857,"comment_status":"open","ping_status":"open","sticky":false,"template":"","format":"standard","meta":{"footnotes":""},"categories":[27,22,26,23],"tags":[],"class_list":["post-12856","post","type-post","status-publish","format-standard","has-post-thumbnail","hentry","category-brasil","category-catalao","category-destaque","category-goias"],"yoast_head":"<!-- This site is optimized with the Yoast SEO plugin v25.8 - https:\/\/yoast.com\/wordpress\/plugins\/seo\/ -->\n<title>Ocupa\u00e7\u00e3o de UTIs \u00e9 de 100% em 5 hospitais privados no Estado - Jornal Ultimos Acontecimentos<\/title>\n<meta name=\"robots\" content=\"index, follow, max-snippet:-1, max-image-preview:large, max-video-preview:-1\" \/>\n<link rel=\"canonical\" href=\"https:\/\/juacontecimentos.com.br\/site\/ocupacao-de-utis-e-de-100-em-5-hospitais-privados-no-estado\/\" \/>\n<meta property=\"og:locale\" content=\"pt_BR\" \/>\n<meta property=\"og:type\" content=\"article\" \/>\n<meta property=\"og:title\" content=\"Ocupa\u00e7\u00e3o de UTIs \u00e9 de 100% em 5 hospitais privados no Estado - Jornal Ultimos Acontecimentos\" \/>\n<meta property=\"og:description\" content=\"&nbsp; Associa\u00e7\u00e3o em Goi\u00e1s que representa 15 estabelecimentos particulares de sa\u00fade afirma que demais locais podem chegar a \u00edndice cr\u00edtico rapidamente As Unidades de Terapia Intensiva (UTIs) para pacientes com coronav\u00edrus, de cinco hospitais privados de Goi\u00e2nia, est\u00e3o com a ocupa\u00e7\u00e3o em 100%. As informa\u00e7\u00f5es s\u00e3o do presidente da Associa\u00e7\u00e3o dos Hospitais Privados de Alta\" \/>\n<meta property=\"og:url\" content=\"https:\/\/juacontecimentos.com.br\/site\/ocupacao-de-utis-e-de-100-em-5-hospitais-privados-no-estado\/\" \/>\n<meta property=\"og:site_name\" content=\"Jornal Ultimos Acontecimentos\" \/>\n<meta property=\"article:publisher\" content=\"https:\/\/www.facebook.com\/jultimosacontecimentos\/\" \/>\n<meta property=\"article:published_time\" content=\"2021-01-21T07:24:34+00:00\" \/>\n<meta property=\"og:image\" content=\"https:\/\/juacontecimentos.com.br\/site\/wp-content\/uploads\/2021\/01\/image-11.jpg\" \/>\n\t<meta property=\"og:image:width\" content=\"800\" \/>\n\t<meta property=\"og:image:height\" content=\"533\" \/>\n\t<meta property=\"og:image:type\" content=\"image\/jpeg\" \/>\n<meta name=\"author\" content=\"Reginaldo Ribeiro\" \/>\n<meta name=\"twitter:card\" content=\"summary_large_image\" \/>\n<meta name=\"twitter:label1\" content=\"Escrito por\" \/>\n\t<meta name=\"twitter:data1\" content=\"Reginaldo Ribeiro\" \/>\n\t<meta name=\"twitter:label2\" content=\"Est. tempo de leitura\" \/>\n\t<meta name=\"twitter:data2\" content=\"4 minutos\" \/>\n<script type=\"application\/ld+json\" class=\"yoast-schema-graph\">{\"@context\":\"https:\/\/schema.org\",\"@graph\":[{\"@type\":\"Article\",\"@id\":\"https:\/\/juacontecimentos.com.br\/site\/ocupacao-de-utis-e-de-100-em-5-hospitais-privados-no-estado\/#article\",\"isPartOf\":{\"@id\":\"https:\/\/juacontecimentos.com.br\/site\/ocupacao-de-utis-e-de-100-em-5-hospitais-privados-no-estado\/\"},\"author\":{\"name\":\"Reginaldo Ribeiro\",\"@id\":\"https:\/\/juacontecimentos.com.br\/site\/#\/schema\/person\/082a54e6d3fdd7a633291428521c9669\"},\"headline\":\"Ocupa\u00e7\u00e3o de UTIs \u00e9 de 100% em 5 hospitais privados no Estado\",\"datePublished\":\"2021-01-21T07:24:34+00:00\",\"mainEntityOfPage\":{\"@id\":\"https:\/\/juacontecimentos.com.br\/site\/ocupacao-de-utis-e-de-100-em-5-hospitais-privados-no-estado\/\"},\"wordCount\":843,\"commentCount\":0,\"publisher\":{\"@id\":\"https:\/\/juacontecimentos.com.br\/site\/#organization\"},\"image\":{\"@id\":\"https:\/\/juacontecimentos.com.br\/site\/ocupacao-de-utis-e-de-100-em-5-hospitais-privados-no-estado\/#primaryimage\"},\"thumbnailUrl\":\"https:\/\/juacontecimentos.com.br\/site\/wp-content\/uploads\/2021\/01\/image-11.jpg\",\"articleSection\":[\"Brasil\",\"Catal\u00e3o\",\"Destaque\",\"Goi\u00e1s\"],\"inLanguage\":\"pt-BR\"},{\"@type\":\"WebPage\",\"@id\":\"https:\/\/juacontecimentos.com.br\/site\/ocupacao-de-utis-e-de-100-em-5-hospitais-privados-no-estado\/\",\"url\":\"https:\/\/juacontecimentos.com.br\/site\/ocupacao-de-utis-e-de-100-em-5-hospitais-privados-no-estado\/\",\"name\":\"Ocupa\u00e7\u00e3o de UTIs \u00e9 de 100% em 5 hospitais privados no Estado - Jornal Ultimos Acontecimentos\",\"isPartOf\":{\"@id\":\"https:\/\/juacontecimentos.com.br\/site\/#website\"},\"primaryImageOfPage\":{\"@id\":\"https:\/\/juacontecimentos.com.br\/site\/ocupacao-de-utis-e-de-100-em-5-hospitais-privados-no-estado\/#primaryimage\"},\"image\":{\"@id\":\"https:\/\/juacontecimentos.com.br\/site\/ocupacao-de-utis-e-de-100-em-5-hospitais-privados-no-estado\/#primaryimage\"},\"thumbnailUrl\":\"https:\/\/juacontecimentos.com.br\/site\/wp-content\/uploads\/2021\/01\/image-11.jpg\",\"datePublished\":\"2021-01-21T07:24:34+00:00\",\"breadcrumb\":{\"@id\":\"https:\/\/juacontecimentos.com.br\/site\/ocupacao-de-utis-e-de-100-em-5-hospitais-privados-no-estado\/#breadcrumb\"},\"inLanguage\":\"pt-BR\",\"potentialAction\":[{\"@type\":\"ReadAction\",\"target\":[\"https:\/\/juacontecimentos.com.br\/site\/ocupacao-de-utis-e-de-100-em-5-hospitais-privados-no-estado\/\"]}]},{\"@type\":\"ImageObject\",\"inLanguage\":\"pt-BR\",\"@id\":\"https:\/\/juacontecimentos.com.br\/site\/ocupacao-de-utis-e-de-100-em-5-hospitais-privados-no-estado\/#primaryimage\",\"url\":\"https:\/\/juacontecimentos.com.br\/site\/wp-content\/uploads\/2021\/01\/image-11.jpg\",\"contentUrl\":\"https:\/\/juacontecimentos.com.br\/site\/wp-content\/uploads\/2021\/01\/image-11.jpg\",\"width\":800,\"height\":533},{\"@type\":\"BreadcrumbList\",\"@id\":\"https:\/\/juacontecimentos.com.br\/site\/ocupacao-de-utis-e-de-100-em-5-hospitais-privados-no-estado\/#breadcrumb\",\"itemListElement\":[{\"@type\":\"ListItem\",\"position\":1,\"name\":\"In\u00edcio\",\"item\":\"https:\/\/juacontecimentos.com.br\/site\/\"},{\"@type\":\"ListItem\",\"position\":2,\"name\":\"Ocupa\u00e7\u00e3o de UTIs \u00e9 de 100% em 5 hospitais privados no Estado\"}]},{\"@type\":\"WebSite\",\"@id\":\"https:\/\/juacontecimentos.com.br\/site\/#website\",\"url\":\"https:\/\/juacontecimentos.com.br\/site\/\",\"name\":\"Jornal Ultimos Acontecimentos\",\"description\":\"Catal\u00e3o e regi\u00e3o\",\"publisher\":{\"@id\":\"https:\/\/juacontecimentos.com.br\/site\/#organization\"},\"potentialAction\":[{\"@type\":\"SearchAction\",\"target\":{\"@type\":\"EntryPoint\",\"urlTemplate\":\"https:\/\/juacontecimentos.com.br\/site\/?s={search_term_string}\"},\"query-input\":{\"@type\":\"PropertyValueSpecification\",\"valueRequired\":true,\"valueName\":\"search_term_string\"}}],\"inLanguage\":\"pt-BR\"},{\"@type\":\"Organization\",\"@id\":\"https:\/\/juacontecimentos.com.br\/site\/#organization\",\"name\":\"Jornal Ultimos Acontecimentos\",\"url\":\"https:\/\/juacontecimentos.com.br\/site\/\",\"logo\":{\"@type\":\"ImageObject\",\"inLanguage\":\"pt-BR\",\"@id\":\"https:\/\/juacontecimentos.com.br\/site\/#\/schema\/logo\/image\/\",\"url\":\"https:\/\/juacontecimentos.com.br\/site\/wp-content\/uploads\/2023\/04\/Logo_Site.png\",\"contentUrl\":\"https:\/\/juacontecimentos.com.br\/site\/wp-content\/uploads\/2023\/04\/Logo_Site.png\",\"width\":2476,\"height\":530,\"caption\":\"Jornal Ultimos Acontecimentos\"},\"image\":{\"@id\":\"https:\/\/juacontecimentos.com.br\/site\/#\/schema\/logo\/image\/\"},\"sameAs\":[\"https:\/\/www.facebook.com\/jultimosacontecimentos\/\"]},{\"@type\":\"Person\",\"@id\":\"https:\/\/juacontecimentos.com.br\/site\/#\/schema\/person\/082a54e6d3fdd7a633291428521c9669\",\"name\":\"Reginaldo Ribeiro\",\"image\":{\"@type\":\"ImageObject\",\"inLanguage\":\"pt-BR\",\"@id\":\"https:\/\/juacontecimentos.com.br\/site\/#\/schema\/person\/image\/\",\"url\":\"https:\/\/secure.gravatar.com\/avatar\/5c16c6837c3490270a74d888c2a845728f06bdde1f8761de1de1d1d1ef82d12f?s=96&d=mm&r=g\",\"contentUrl\":\"https:\/\/secure.gravatar.com\/avatar\/5c16c6837c3490270a74d888c2a845728f06bdde1f8761de1de1d1d1ef82d12f?s=96&d=mm&r=g\",\"caption\":\"Reginaldo Ribeiro\"}}]}<\/script>\n<!-- \/ Yoast SEO plugin. -->","yoast_head_json":{"title":"Ocupa\u00e7\u00e3o de UTIs \u00e9 de 100% em 5 hospitais privados no Estado - Jornal Ultimos Acontecimentos","robots":{"index":"index","follow":"follow","max-snippet":"max-snippet:-1","max-image-preview":"max-image-preview:large","max-video-preview":"max-video-preview:-1"},"canonical":"https:\/\/juacontecimentos.com.br\/site\/ocupacao-de-utis-e-de-100-em-5-hospitais-privados-no-estado\/","og_locale":"pt_BR","og_type":"article","og_title":"Ocupa\u00e7\u00e3o de UTIs \u00e9 de 100% em 5 hospitais privados no Estado - Jornal Ultimos Acontecimentos","og_description":"&nbsp; Associa\u00e7\u00e3o em Goi\u00e1s que representa 15 estabelecimentos particulares de sa\u00fade afirma que demais locais podem chegar a \u00edndice cr\u00edtico rapidamente As Unidades de Terapia Intensiva (UTIs) para pacientes com coronav\u00edrus, de cinco hospitais privados de Goi\u00e2nia, est\u00e3o com a ocupa\u00e7\u00e3o em 100%. As informa\u00e7\u00f5es s\u00e3o do presidente da Associa\u00e7\u00e3o dos Hospitais Privados de Alta","og_url":"https:\/\/juacontecimentos.com.br\/site\/ocupacao-de-utis-e-de-100-em-5-hospitais-privados-no-estado\/","og_site_name":"Jornal Ultimos Acontecimentos","article_publisher":"https:\/\/www.facebook.com\/jultimosacontecimentos\/","article_published_time":"2021-01-21T07:24:34+00:00","og_image":[{"width":800,"height":533,"url":"https:\/\/juacontecimentos.com.br\/site\/wp-content\/uploads\/2021\/01\/image-11.jpg","type":"image\/jpeg"}],"author":"Reginaldo Ribeiro","twitter_card":"summary_large_image","twitter_misc":{"Escrito por":"Reginaldo Ribeiro","Est. tempo de leitura":"4 minutos"},"schema":{"@context":"https:\/\/schema.org","@graph":[{"@type":"Article","@id":"https:\/\/juacontecimentos.com.br\/site\/ocupacao-de-utis-e-de-100-em-5-hospitais-privados-no-estado\/#article","isPartOf":{"@id":"https:\/\/juacontecimentos.com.br\/site\/ocupacao-de-utis-e-de-100-em-5-hospitais-privados-no-estado\/"},"author":{"name":"Reginaldo Ribeiro","@id":"https:\/\/juacontecimentos.com.br\/site\/#\/schema\/person\/082a54e6d3fdd7a633291428521c9669"},"headline":"Ocupa\u00e7\u00e3o de UTIs \u00e9 de 100% em 5 hospitais privados no Estado","datePublished":"2021-01-21T07:24:34+00:00","mainEntityOfPage":{"@id":"https:\/\/juacontecimentos.com.br\/site\/ocupacao-de-utis-e-de-100-em-5-hospitais-privados-no-estado\/"},"wordCount":843,"commentCount":0,"publisher":{"@id":"https:\/\/juacontecimentos.com.br\/site\/#organization"},"image":{"@id":"https:\/\/juacontecimentos.com.br\/site\/ocupacao-de-utis-e-de-100-em-5-hospitais-privados-no-estado\/#primaryimage"},"thumbnailUrl":"https:\/\/juacontecimentos.com.br\/site\/wp-content\/uploads\/2021\/01\/image-11.jpg","articleSection":["Brasil","Catal\u00e3o","Destaque","Goi\u00e1s"],"inLanguage":"pt-BR"},{"@type":"WebPage","@id":"https:\/\/juacontecimentos.com.br\/site\/ocupacao-de-utis-e-de-100-em-5-hospitais-privados-no-estado\/","url":"https:\/\/juacontecimentos.com.br\/site\/ocupacao-de-utis-e-de-100-em-5-hospitais-privados-no-estado\/","name":"Ocupa\u00e7\u00e3o de UTIs \u00e9 de 100% em 5 hospitais privados no Estado - Jornal Ultimos Acontecimentos","isPartOf":{"@id":"https:\/\/juacontecimentos.com.br\/site\/#website"},"primaryImageOfPage":{"@id":"https:\/\/juacontecimentos.com.br\/site\/ocupacao-de-utis-e-de-100-em-5-hospitais-privados-no-estado\/#primaryimage"},"image":{"@id":"https:\/\/juacontecimentos.com.br\/site\/ocupacao-de-utis-e-de-100-em-5-hospitais-privados-no-estado\/#primaryimage"},"thumbnailUrl":"https:\/\/juacontecimentos.com.br\/site\/wp-content\/uploads\/2021\/01\/image-11.jpg","datePublished":"2021-01-21T07:24:34+00:00","breadcrumb":{"@id":"https:\/\/juacontecimentos.com.br\/site\/ocupacao-de-utis-e-de-100-em-5-hospitais-privados-no-estado\/#breadcrumb"},"inLanguage":"pt-BR","potentialAction":[{"@type":"ReadAction","target":["https:\/\/juacontecimentos.com.br\/site\/ocupacao-de-utis-e-de-100-em-5-hospitais-privados-no-estado\/"]}]},{"@type":"ImageObject","inLanguage":"pt-BR","@id":"https:\/\/juacontecimentos.com.br\/site\/ocupacao-de-utis-e-de-100-em-5-hospitais-privados-no-estado\/#primaryimage","url":"https:\/\/juacontecimentos.com.br\/site\/wp-content\/uploads\/2021\/01\/image-11.jpg","contentUrl":"https:\/\/juacontecimentos.com.br\/site\/wp-content\/uploads\/2021\/01\/image-11.jpg","width":800,"height":533},{"@type":"BreadcrumbList","@id":"https:\/\/juacontecimentos.com.br\/site\/ocupacao-de-utis-e-de-100-em-5-hospitais-privados-no-estado\/#breadcrumb","itemListElement":[{"@type":"ListItem","position":1,"name":"In\u00edcio","item":"https:\/\/juacontecimentos.com.br\/site\/"},{"@type":"ListItem","position":2,"name":"Ocupa\u00e7\u00e3o de UTIs \u00e9 de 100% em 5 hospitais privados no Estado"}]},{"@type":"WebSite","@id":"https:\/\/juacontecimentos.com.br\/site\/#website","url":"https:\/\/juacontecimentos.com.br\/site\/","name":"Jornal Ultimos Acontecimentos","description":"Catal\u00e3o e regi\u00e3o","publisher":{"@id":"https:\/\/juacontecimentos.com.br\/site\/#organization"},"potentialAction":[{"@type":"SearchAction","target":{"@type":"EntryPoint","urlTemplate":"https:\/\/juacontecimentos.com.br\/site\/?s={search_term_string}"},"query-input":{"@type":"PropertyValueSpecification","valueRequired":true,"valueName":"search_term_string"}}],"inLanguage":"pt-BR"},{"@type":"Organization","@id":"https:\/\/juacontecimentos.com.br\/site\/#organization","name":"Jornal Ultimos Acontecimentos","url":"https:\/\/juacontecimentos.com.br\/site\/","logo":{"@type":"ImageObject","inLanguage":"pt-BR","@id":"https:\/\/juacontecimentos.com.br\/site\/#\/schema\/logo\/image\/","url":"https:\/\/juacontecimentos.com.br\/site\/wp-content\/uploads\/2023\/04\/Logo_Site.png","contentUrl":"https:\/\/juacontecimentos.com.br\/site\/wp-content\/uploads\/2023\/04\/Logo_Site.png","width":2476,"height":530,"caption":"Jornal Ultimos Acontecimentos"},"image":{"@id":"https:\/\/juacontecimentos.com.br\/site\/#\/schema\/logo\/image\/"},"sameAs":["https:\/\/www.facebook.com\/jultimosacontecimentos\/"]},{"@type":"Person","@id":"https:\/\/juacontecimentos.com.br\/site\/#\/schema\/person\/082a54e6d3fdd7a633291428521c9669","name":"Reginaldo Ribeiro","image":{"@type":"ImageObject","inLanguage":"pt-BR","@id":"https:\/\/juacontecimentos.com.br\/site\/#\/schema\/person\/image\/","url":"https:\/\/secure.gravatar.com\/avatar\/5c16c6837c3490270a74d888c2a845728f06bdde1f8761de1de1d1d1ef82d12f?s=96&d=mm&r=g","contentUrl":"https:\/\/secure.gravatar.com\/avatar\/5c16c6837c3490270a74d888c2a845728f06bdde1f8761de1de1d1d1ef82d12f?s=96&d=mm&r=g","caption":"Reginaldo Ribeiro"}}]}},"_links":{"self":[{"href":"https:\/\/juacontecimentos.com.br\/site\/wp-json\/wp\/v2\/posts\/12856","targetHints":{"allow":["GET"]}}],"collection":[{"href":"https:\/\/juacontecimentos.com.br\/site\/wp-json\/wp\/v2\/posts"}],"about":[{"href":"https:\/\/juacontecimentos.com.br\/site\/wp-json\/wp\/v2\/types\/post"}],"author":[{"embeddable":true,"href":"https:\/\/juacontecimentos.com.br\/site\/wp-json\/wp\/v2\/users\/2"}],"replies":[{"embeddable":true,"href":"https:\/\/juacontecimentos.com.br\/site\/wp-json\/wp\/v2\/comments?post=12856"}],"version-history":[{"count":1,"href":"https:\/\/juacontecimentos.com.br\/site\/wp-json\/wp\/v2\/posts\/12856\/revisions"}],"predecessor-version":[{"id":12858,"href":"https:\/\/juacontecimentos.com.br\/site\/wp-json\/wp\/v2\/posts\/12856\/revisions\/12858"}],"wp:featuredmedia":[{"embeddable":true,"href":"https:\/\/juacontecimentos.com.br\/site\/wp-json\/wp\/v2\/media\/12857"}],"wp:attachment":[{"href":"https:\/\/juacontecimentos.com.br\/site\/wp-json\/wp\/v2\/media?parent=12856"}],"wp:term":[{"taxonomy":"category","embeddable":true,"href":"https:\/\/juacontecimentos.com.br\/site\/wp-json\/wp\/v2\/categories?post=12856"},{"taxonomy":"post_tag","embeddable":true,"href":"https:\/\/juacontecimentos.com.br\/site\/wp-json\/wp\/v2\/tags?post=12856"}],"curies":[{"name":"wp","href":"https:\/\/api.w.org\/{rel}","templated":true}]}}