{"id":12859,"date":"2021-01-21T04:27:46","date_gmt":"2021-01-21T07:27:46","guid":{"rendered":"https:\/\/juacontecimentos.com.br\/site\/?p=12859"},"modified":"2021-01-21T04:27:46","modified_gmt":"2021-01-21T07:27:46","slug":"vitti-e-confirmado-na-industria-e-comercio-em-goias","status":"publish","type":"post","link":"https:\/\/juacontecimentos.com.br\/site\/vitti-e-confirmado-na-industria-e-comercio-em-goias\/","title":{"rendered":"Vitti \u00e9 confirmado na Ind\u00fastria e Com\u00e9rcio em Goi\u00e1s"},"content":{"rendered":"<h3>Indica\u00e7\u00e3o de ex-deputado sela primeira mudan\u00e7a na equipe; governo tenta atrair Republicanos, fortalecido ao comandar maior col\u00e9gio eleitoral de Goi\u00e1s<\/h3>\n<p><img loading=\"lazy\" decoding=\"async\" class=\"alignnone size-full wp-image-12860\" src=\"https:\/\/juacontecimentos.com.br\/site\/wp-content\/uploads\/2021\/01\/image-1-7.jpg\" alt=\"\" width=\"800\" height=\"533\" srcset=\"https:\/\/juacontecimentos.com.br\/site\/wp-content\/uploads\/2021\/01\/image-1-7.jpg 800w, https:\/\/juacontecimentos.com.br\/site\/wp-content\/uploads\/2021\/01\/image-1-7-300x200.jpg 300w, https:\/\/juacontecimentos.com.br\/site\/wp-content\/uploads\/2021\/01\/image-1-7-768x512.jpg 768w\" sizes=\"auto, (max-width: 800px) 100vw, 800px\" \/><\/p>\n\n\n<div class=\"container h--space-between\">\n<ul class=\"nav__editorial\">\n<li class=\"nav__editorial-item tag--capa \"><a href=\"https:\/\/www.opopular.com.br\/?ref=menu\">CAPA<\/a><\/li>\n<li class=\" nav__editorial-item tag--politica active \"><a target=\"_self\">POL\u00cdTICA<\/a><\/li>\n<li class=\" nav__editorial-item tag--economia \"><a target=\"_self\">ECONOMIA<\/a><\/li>\n<li class=\" nav__editorial-item tag--mundo \"><a target=\"_self\">MUNDO<\/a><\/li>\n<li class=\" nav__editorial-item tag--cidades \"><a target=\"_self\">CIDADES<\/a><\/li>\n<li class=\" nav__editorial-item tag--esporte \"><a target=\"_self\">ESPORTE<\/a><\/li>\n<li class=\" nav__editorial-item tag--magazine \"><a target=\"_self\">MAGAZINE<\/a><\/li>\n<li class=\" nav__editorial-item tag--ludovica without--megamenu \"><a href=\"https:\/\/www.opopular.com.br\/noticias\/ludovica\" target=\"_self\">LUDOVICA<\/a><\/li>\n<li class=\" nav__editorial-item tag--opiniao \"><a target=\"_self\">OPINI\u00c3O<\/a><\/li>\n<li class=\" nav__editorial-item tag--especiais without--megamenu \"><a href=\"https:\/\/especiais.opopular.com.br\/\" target=\"_blank\">ESPECIAIS<\/a><\/li>\n<li class=\" nav__editorial-item tag--infomercial \"><a target=\"_self\">INFOMERCIAL<\/a><\/li>\n<li class=\" nav__editorial-item tag--videos \"><a target=\"_self\">V\u00cdDEOS<\/a><\/li>\n<li class=\" nav__editorial-item tag--guias without--megamenu \"><a href=\"https:\/\/guias.opopular.com.br\/\" target=\"_blank\">GUIAS<\/a><\/li>\n<\/ul>\n<ul class=\"nav__media\">\n<li class=\" nav__editorial-item tag--podcast without--megamenu \"><a href=\"https:\/\/www.opopular.com.br\/noticias\/podcast\" target=\"_self\">PODCAST<\/a><\/li>\n<li class=\" nav__editorial-item tag--audio without--megamenu \"><a href=\"https:\/\/www.opopular.com.br\/ou%C3%A7a-a-edi%C3%A7%C3%A3o-de-hoje-1.1285877\">\u00c1UDIO<\/a><\/li>\n<li class=\" nav__editorial-item tag--flip \"><a target=\"_self\">DIGITAL<\/a><\/li>\n<\/ul>\n<\/div>\n\n<div class=\"nav__megamenu collapsed\">\n<div class=\"container\"><\/div>\n<\/div>\n\n<p><\/p>\n<div class=\"container\">\n<div class=\"row margin-top\">\n<div class=\"col-content\">\n<div class=\"row\">\n<div class=\"center-dfp page-ad\">\n<div class=\"ad-show-tblt\"><\/div>\n<\/div>\n\n<div class=\"row\">\n<div class=\"col-columnist hidden-sm col-md-2 col-sm-12\">\n<div class=\"columnist-content\">\n<div class=\"flex flex-column v--center\">\n<div class=\"columnist-img\">\n<img loading=\"lazy\" decoding=\"async\" src=\"https:\/\/www.opopular.com.br\/polopoly_fs\/1.1719288.1591022058!\/image\/image.png_gen\/derivatives\/box_100\/image.png\" width=\"100\" alt=\"Fabiana Pulcineli\" title=\"Photo: N\/A, License: N\/A, Created: 2012:05:05 16:25:36\" height=\"100\">\n<\/div>\n<div class=\"columnist-info v--center\">\n<h3>Fabiana Pulcineli<\/h3>\n<\/div>\n<\/div>\n<\/div>\n<div class=\"share-pivo\">\n<div class=\" share-news \">\n<ul class=\"flex v--center flex-column \">\n<li class=\"flex h--center v--center\"><\/li>\n<li class=\"flex h--center v--center\"><\/li>\n<li class=\"flex h--center v--center\"><\/li>\n<li class=\"flex h--center v--center\"><\/li>\n<li class=\"flex h--center v--center\"><\/li>\n<\/ul>\n<\/div>\n<\/div>\n<\/div>\n<div class=\"col-content-inner col-md-10 col-sm-12\">\n<div class=\"inner-news flex flex-column tag--politica \">\n<div class=\"inner-news-featured text-content-color\">\n<div class=\"retracts-tag\">POL\u00cdTICA<\/div>\n<h1>Vitti \u00e9 confirmado na Ind\u00fastria e Com\u00e9rcio em Goi\u00e1s<\/h1>\n<h3>Indica\u00e7\u00e3o de ex-deputado sela primeira mudan\u00e7a na equipe; governo tenta atrair Republicanos, fortalecido ao comandar maior col\u00e9gio eleitoral de Goi\u00e1s<\/h3>\n<p>20\/01\/2021 &#8211; 22:11<\/div>\n\n<img loading=\"lazy\" decoding=\"async\" src=\"https:\/\/www.opopular.com.br\/polopoly_fs\/1.2184816.1611194631!\/image\/image.jpg_gen\/derivatives\/landscape_800\/image.jpg\" width=\"800\" alt=\"POL_01_VITTI_FOTO_2COL-B_WEB\" itemprop=\"image\" title=\"Photo: Andr\u00e9 Costa, License: N\/A, Created: 2018:09:11 15:46:43\" height=\"533\">Ex-deputado Jos\u00e9 Vitti vai assumir pasta no governo de Ronaldo Caiado (Foto: Andr\u00e9 Costa)\n<div class=\"article-text\">\n<p class=\"TEXTO\">Mais focado em atrair o Republicanos para a base, o governador Ronaldo Caiado (DEM) desacelerou as conversas com outros partidos para a defini\u00e7\u00e3o da reforma do secretariado. O partido do prefeito de Goi\u00e2nia, Rog\u00e9rio Cruz, j\u00e1 mantinha conversas com o democrata, mas ganhou outro peso nas negocia\u00e7\u00f5es ao assumir o comando do maior col\u00e9gio eleitoral do Estado.<\/p>\n<p class=\"TEXTO\">Ontem Caiado fechou a primeira mudan\u00e7a, que n\u00e3o envolve partido, mas a inten\u00e7\u00e3o de fortalecer a articula\u00e7\u00e3o com o setor produtivo. Conforme informado pelo POPULAR, o ex-deputado estadual e ex-presidente da Assembleia Legislativa Jos\u00e9 Vitti (ex-PSDB e agora sem partido) vai assumir a Secretaria Estadual de Ind\u00fastria e Com\u00e9rcio (SIC).<\/p>\n<p class=\"TEXTO\">J\u00e1 as conversas com representantes de partidos seguem, mas sem defini\u00e7\u00f5es. Nos \u00faltimos dez dias, Caiado conversou com v\u00e1rios dirigentes e fez sondagens, mas \u201cnada objetivo\u201d, conforme relatos dos aliados. As informa\u00e7\u00f5es de bastidores s\u00e3o de que Caiado deve anunciar a reforma a conta-gotas.<\/p>\n<p class=\"TEXTO\">O governador j\u00e1 havia inclu\u00eddo o Republicanos na lista de articula\u00e7\u00f5es antes da morte do prefeito licenciado Maguito Vilela (MDB) e chegou a oferecer a Secretaria de Esportes para o deputado estadual e pastor Jeferson Rodrigues. Ele recusou e, diante das novas circunst\u00e2ncias, a sigla passou a ter interesses maiores.<\/p>\n<p class=\"TEXTO\">Nos bastidores, h\u00e1 informa\u00e7\u00f5es de que o Republicanos estaria de olho nas Secretarias de Educa\u00e7\u00e3o e de Comunica\u00e7\u00e3o &#8211; esta \u00faltima porque a legenda \u00e9 ligada ao Grupo Record. Rog\u00e9rio Cruz tem mantido conversas com o governador e eles devem ter novo encontro esta semana. Os sinais no Pal\u00e1cio das Esmeraldas s\u00e3o de que os acordos n\u00e3o devem incluir nenhuma das duas pastas.<\/p>\n<p class=\"TEXTO\">Com as mudan\u00e7as no xadrez pol\u00edtico, a Secretaria de Esportes foi oferecida ao Solidariedade, do deputado federal Lucas Verg\u00edlio. A inten\u00e7\u00e3o da c\u00fapula do partido era que o deputado estadual Amilton Filho assumisse a pasta para abrir vaga na Assembleia para o ex-deputado Armando Verg\u00edlio, pai de Lucas. Amilton, no entanto, est\u00e1 resistente. Antes de Armando, o suplente \u00e9 o vereador de Catal\u00e3o Rodrig\u00e3o Carvelo, que n\u00e3o deixaria o mandato para assumir na Alego.<\/p>\n<p class=\"TEXTO\">Al\u00e9m das duas siglas, PP, PSD, PDT e PL tamb\u00e9m participam das conversas com o governador. Desde o m\u00eas passado, h\u00e1 especula\u00e7\u00f5es de que o PP ficar\u00e1 com a Secretaria de Desenvolvimento Social, hoje ocupada por L\u00facia V\u00e2nia. A legenda j\u00e1 tem a Secretaria de Cultura, comandada por Adriano Baldy, irm\u00e3o do presidente do diret\u00f3rio estadual Alexandre Baldy.<\/p>\n<p class=\"TEXTO\">Ap\u00f3s a alian\u00e7a com o PSD do senador Vanderlan Cardoso nas elei\u00e7\u00f5es de Goi\u00e2nia, Caiado tamb\u00e9m gostaria de contar com o partido no governo, mas h\u00e1 resist\u00eancia do diret\u00f3rio estadual, sob comando do ex-deputado Vilmar Rocha. Nos bastidores, as especula\u00e7\u00f5es s\u00e3o de que PDT pode ficar com o Ipasgo, mas n\u00e3o h\u00e1 confirma\u00e7\u00e3o.<\/p>\n<p class=\"TEXTO\">Mudan\u00e7as j\u00e1 cogitadas h\u00e1 muito tempo, como a Secretaria de Governo, ainda n\u00e3o foram confirmadas. O deputado estadual Ti\u00e3o Caro\u00e7o (PSDB) havia admitido que o governador o convidou para a pasta. Houve rea\u00e7\u00e3o do atual titular, Ernesto Roller, que \u00e9 advers\u00e1rio pol\u00edtico do deputado em Formosa. Depois disso, as conversas n\u00e3o avan\u00e7aram.<\/p>\n<p class=\"TEXTO\">No conjunto das trocas, que t\u00eam como maior objetivo garantir acomoda\u00e7\u00f5es pol\u00edticas que fortale\u00e7am a base para 2022, o ex-prefeito de Goian\u00e9sia Renato de Castro (MDB) pode ir para a Companhia de Desenvolvimento do Estado (Codego).<\/p>\n<p class=\"TEXTO\">Na mudan\u00e7a definida ontem, Caiado conversou com Vitti depois de se reunir com o ex-secret\u00e1rio Wilder Morais (PSC) e com o atual titular da SIC, Adon\u00eddio Vieira J\u00fanior. Ainda n\u00e3o houve sinaliza\u00e7\u00e3o de outro espa\u00e7o para o ex-senador no governo. Wilder deixou a SIC para ser candidato a prefeito, mas acabou disputando a vice na chapa de Vanderlan, em articula\u00e7\u00e3o de Caiado.<\/p>\n<p class=\"TEXTO\">Vitti disse que pretende ampliar o di\u00e1logo com o setor empresarial e buscar\u00e1 sintonia com a equipe econ\u00f4mica do governo. \u201cTemos de trabalhar em sintonia com o pessoal da arrecada\u00e7\u00e3o, sem prejudicar o que move o Estado\u201d, afirmou.<\/p>\n<\/div>\n\n<\/div>\n<\/div>\n<\/div>\n\n<\/div>\n<\/div>\n<\/div>\n<\/div>\n<p><br \/>\n<\/p>\n","protected":false},"excerpt":{"rendered":"<p>Indica\u00e7\u00e3o de ex-deputado sela primeira mudan\u00e7a na equipe; governo tenta atrair Republicanos, fortalecido ao comandar maior col\u00e9gio eleitoral de Goi\u00e1s CAPA POL\u00cdTICA ECONOMIA MUNDO CIDADES ESPORTE MAGAZINE LUDOVICA OPINI\u00c3O ESPECIAIS INFOMERCIAL V\u00cdDEOS GUIAS PODCAST \u00c1UDIO DIGITAL Fabiana Pulcineli POL\u00cdTICA Vitti \u00e9 confirmado na Ind\u00fastria e Com\u00e9rcio em Goi\u00e1s Indica\u00e7\u00e3o de ex-deputado sela primeira mudan\u00e7a na<\/p>\n","protected":false},"author":2,"featured_media":12860,"comment_status":"open","ping_status":"open","sticky":false,"template":"","format":"standard","meta":{"footnotes":""},"categories":[27,22,26,23],"tags":[],"class_list":["post-12859","post","type-post","status-publish","format-standard","has-post-thumbnail","hentry","category-brasil","category-catalao","category-destaque","category-goias"],"yoast_head":"<!-- This site is optimized with the Yoast SEO plugin v25.8 - https:\/\/yoast.com\/wordpress\/plugins\/seo\/ -->\n<title>Vitti \u00e9 confirmado na Ind\u00fastria e Com\u00e9rcio em Goi\u00e1s - Jornal Ultimos Acontecimentos<\/title>\n<meta name=\"robots\" content=\"index, follow, max-snippet:-1, max-image-preview:large, max-video-preview:-1\" \/>\n<link rel=\"canonical\" href=\"https:\/\/juacontecimentos.com.br\/site\/vitti-e-confirmado-na-industria-e-comercio-em-goias\/\" \/>\n<meta property=\"og:locale\" content=\"pt_BR\" \/>\n<meta property=\"og:type\" content=\"article\" \/>\n<meta property=\"og:title\" content=\"Vitti \u00e9 confirmado na Ind\u00fastria e Com\u00e9rcio em Goi\u00e1s - Jornal Ultimos Acontecimentos\" \/>\n<meta property=\"og:description\" content=\"Indica\u00e7\u00e3o de ex-deputado sela primeira mudan\u00e7a na equipe; governo tenta atrair Republicanos, fortalecido ao comandar maior col\u00e9gio eleitoral de Goi\u00e1s CAPA POL\u00cdTICA ECONOMIA MUNDO CIDADES ESPORTE MAGAZINE LUDOVICA OPINI\u00c3O ESPECIAIS INFOMERCIAL V\u00cdDEOS GUIAS PODCAST \u00c1UDIO DIGITAL Fabiana Pulcineli POL\u00cdTICA Vitti \u00e9 confirmado na Ind\u00fastria e Com\u00e9rcio em Goi\u00e1s Indica\u00e7\u00e3o de ex-deputado sela primeira mudan\u00e7a na\" \/>\n<meta property=\"og:url\" content=\"https:\/\/juacontecimentos.com.br\/site\/vitti-e-confirmado-na-industria-e-comercio-em-goias\/\" \/>\n<meta property=\"og:site_name\" content=\"Jornal Ultimos Acontecimentos\" \/>\n<meta property=\"article:publisher\" content=\"https:\/\/www.facebook.com\/jultimosacontecimentos\/\" \/>\n<meta property=\"article:published_time\" content=\"2021-01-21T07:27:46+00:00\" \/>\n<meta property=\"og:image\" content=\"https:\/\/juacontecimentos.com.br\/site\/wp-content\/uploads\/2021\/01\/image-1-7.jpg\" \/>\n\t<meta property=\"og:image:width\" content=\"800\" \/>\n\t<meta property=\"og:image:height\" content=\"533\" \/>\n\t<meta property=\"og:image:type\" content=\"image\/jpeg\" \/>\n<meta name=\"author\" content=\"Reginaldo Ribeiro\" \/>\n<meta name=\"twitter:card\" content=\"summary_large_image\" \/>\n<meta name=\"twitter:label1\" content=\"Escrito por\" \/>\n\t<meta name=\"twitter:data1\" content=\"Reginaldo Ribeiro\" \/>\n\t<meta name=\"twitter:label2\" content=\"Est. tempo de leitura\" \/>\n\t<meta name=\"twitter:data2\" content=\"4 minutos\" \/>\n<script type=\"application\/ld+json\" class=\"yoast-schema-graph\">{\"@context\":\"https:\/\/schema.org\",\"@graph\":[{\"@type\":\"Article\",\"@id\":\"https:\/\/juacontecimentos.com.br\/site\/vitti-e-confirmado-na-industria-e-comercio-em-goias\/#article\",\"isPartOf\":{\"@id\":\"https:\/\/juacontecimentos.com.br\/site\/vitti-e-confirmado-na-industria-e-comercio-em-goias\/\"},\"author\":{\"name\":\"Reginaldo Ribeiro\",\"@id\":\"https:\/\/juacontecimentos.com.br\/site\/#\/schema\/person\/082a54e6d3fdd7a633291428521c9669\"},\"headline\":\"Vitti \u00e9 confirmado na Ind\u00fastria e Com\u00e9rcio em Goi\u00e1s\",\"datePublished\":\"2021-01-21T07:27:46+00:00\",\"mainEntityOfPage\":{\"@id\":\"https:\/\/juacontecimentos.com.br\/site\/vitti-e-confirmado-na-industria-e-comercio-em-goias\/\"},\"wordCount\":819,\"commentCount\":0,\"publisher\":{\"@id\":\"https:\/\/juacontecimentos.com.br\/site\/#organization\"},\"image\":{\"@id\":\"https:\/\/juacontecimentos.com.br\/site\/vitti-e-confirmado-na-industria-e-comercio-em-goias\/#primaryimage\"},\"thumbnailUrl\":\"https:\/\/juacontecimentos.com.br\/site\/wp-content\/uploads\/2021\/01\/image-1-7.jpg\",\"articleSection\":[\"Brasil\",\"Catal\u00e3o\",\"Destaque\",\"Goi\u00e1s\"],\"inLanguage\":\"pt-BR\"},{\"@type\":\"WebPage\",\"@id\":\"https:\/\/juacontecimentos.com.br\/site\/vitti-e-confirmado-na-industria-e-comercio-em-goias\/\",\"url\":\"https:\/\/juacontecimentos.com.br\/site\/vitti-e-confirmado-na-industria-e-comercio-em-goias\/\",\"name\":\"Vitti \u00e9 confirmado na Ind\u00fastria e Com\u00e9rcio em Goi\u00e1s - Jornal Ultimos Acontecimentos\",\"isPartOf\":{\"@id\":\"https:\/\/juacontecimentos.com.br\/site\/#website\"},\"primaryImageOfPage\":{\"@id\":\"https:\/\/juacontecimentos.com.br\/site\/vitti-e-confirmado-na-industria-e-comercio-em-goias\/#primaryimage\"},\"image\":{\"@id\":\"https:\/\/juacontecimentos.com.br\/site\/vitti-e-confirmado-na-industria-e-comercio-em-goias\/#primaryimage\"},\"thumbnailUrl\":\"https:\/\/juacontecimentos.com.br\/site\/wp-content\/uploads\/2021\/01\/image-1-7.jpg\",\"datePublished\":\"2021-01-21T07:27:46+00:00\",\"breadcrumb\":{\"@id\":\"https:\/\/juacontecimentos.com.br\/site\/vitti-e-confirmado-na-industria-e-comercio-em-goias\/#breadcrumb\"},\"inLanguage\":\"pt-BR\",\"potentialAction\":[{\"@type\":\"ReadAction\",\"target\":[\"https:\/\/juacontecimentos.com.br\/site\/vitti-e-confirmado-na-industria-e-comercio-em-goias\/\"]}]},{\"@type\":\"ImageObject\",\"inLanguage\":\"pt-BR\",\"@id\":\"https:\/\/juacontecimentos.com.br\/site\/vitti-e-confirmado-na-industria-e-comercio-em-goias\/#primaryimage\",\"url\":\"https:\/\/juacontecimentos.com.br\/site\/wp-content\/uploads\/2021\/01\/image-1-7.jpg\",\"contentUrl\":\"https:\/\/juacontecimentos.com.br\/site\/wp-content\/uploads\/2021\/01\/image-1-7.jpg\",\"width\":800,\"height\":533},{\"@type\":\"BreadcrumbList\",\"@id\":\"https:\/\/juacontecimentos.com.br\/site\/vitti-e-confirmado-na-industria-e-comercio-em-goias\/#breadcrumb\",\"itemListElement\":[{\"@type\":\"ListItem\",\"position\":1,\"name\":\"In\u00edcio\",\"item\":\"https:\/\/juacontecimentos.com.br\/site\/\"},{\"@type\":\"ListItem\",\"position\":2,\"name\":\"Vitti \u00e9 confirmado na Ind\u00fastria e Com\u00e9rcio em Goi\u00e1s\"}]},{\"@type\":\"WebSite\",\"@id\":\"https:\/\/juacontecimentos.com.br\/site\/#website\",\"url\":\"https:\/\/juacontecimentos.com.br\/site\/\",\"name\":\"Jornal Ultimos Acontecimentos\",\"description\":\"Catal\u00e3o e regi\u00e3o\",\"publisher\":{\"@id\":\"https:\/\/juacontecimentos.com.br\/site\/#organization\"},\"potentialAction\":[{\"@type\":\"SearchAction\",\"target\":{\"@type\":\"EntryPoint\",\"urlTemplate\":\"https:\/\/juacontecimentos.com.br\/site\/?s={search_term_string}\"},\"query-input\":{\"@type\":\"PropertyValueSpecification\",\"valueRequired\":true,\"valueName\":\"search_term_string\"}}],\"inLanguage\":\"pt-BR\"},{\"@type\":\"Organization\",\"@id\":\"https:\/\/juacontecimentos.com.br\/site\/#organization\",\"name\":\"Jornal Ultimos Acontecimentos\",\"url\":\"https:\/\/juacontecimentos.com.br\/site\/\",\"logo\":{\"@type\":\"ImageObject\",\"inLanguage\":\"pt-BR\",\"@id\":\"https:\/\/juacontecimentos.com.br\/site\/#\/schema\/logo\/image\/\",\"url\":\"https:\/\/juacontecimentos.com.br\/site\/wp-content\/uploads\/2023\/04\/Logo_Site.png\",\"contentUrl\":\"https:\/\/juacontecimentos.com.br\/site\/wp-content\/uploads\/2023\/04\/Logo_Site.png\",\"width\":2476,\"height\":530,\"caption\":\"Jornal Ultimos Acontecimentos\"},\"image\":{\"@id\":\"https:\/\/juacontecimentos.com.br\/site\/#\/schema\/logo\/image\/\"},\"sameAs\":[\"https:\/\/www.facebook.com\/jultimosacontecimentos\/\"]},{\"@type\":\"Person\",\"@id\":\"https:\/\/juacontecimentos.com.br\/site\/#\/schema\/person\/082a54e6d3fdd7a633291428521c9669\",\"name\":\"Reginaldo Ribeiro\",\"image\":{\"@type\":\"ImageObject\",\"inLanguage\":\"pt-BR\",\"@id\":\"https:\/\/juacontecimentos.com.br\/site\/#\/schema\/person\/image\/\",\"url\":\"https:\/\/secure.gravatar.com\/avatar\/5c16c6837c3490270a74d888c2a845728f06bdde1f8761de1de1d1d1ef82d12f?s=96&d=mm&r=g\",\"contentUrl\":\"https:\/\/secure.gravatar.com\/avatar\/5c16c6837c3490270a74d888c2a845728f06bdde1f8761de1de1d1d1ef82d12f?s=96&d=mm&r=g\",\"caption\":\"Reginaldo Ribeiro\"}}]}<\/script>\n<!-- \/ Yoast SEO plugin. -->","yoast_head_json":{"title":"Vitti \u00e9 confirmado na Ind\u00fastria e Com\u00e9rcio em Goi\u00e1s - Jornal Ultimos Acontecimentos","robots":{"index":"index","follow":"follow","max-snippet":"max-snippet:-1","max-image-preview":"max-image-preview:large","max-video-preview":"max-video-preview:-1"},"canonical":"https:\/\/juacontecimentos.com.br\/site\/vitti-e-confirmado-na-industria-e-comercio-em-goias\/","og_locale":"pt_BR","og_type":"article","og_title":"Vitti \u00e9 confirmado na Ind\u00fastria e Com\u00e9rcio em Goi\u00e1s - Jornal Ultimos Acontecimentos","og_description":"Indica\u00e7\u00e3o de ex-deputado sela primeira mudan\u00e7a na equipe; governo tenta atrair Republicanos, fortalecido ao comandar maior col\u00e9gio eleitoral de Goi\u00e1s CAPA POL\u00cdTICA ECONOMIA MUNDO CIDADES ESPORTE MAGAZINE LUDOVICA OPINI\u00c3O ESPECIAIS INFOMERCIAL V\u00cdDEOS GUIAS PODCAST \u00c1UDIO DIGITAL Fabiana Pulcineli POL\u00cdTICA Vitti \u00e9 confirmado na Ind\u00fastria e Com\u00e9rcio em Goi\u00e1s Indica\u00e7\u00e3o de ex-deputado sela primeira mudan\u00e7a na","og_url":"https:\/\/juacontecimentos.com.br\/site\/vitti-e-confirmado-na-industria-e-comercio-em-goias\/","og_site_name":"Jornal Ultimos Acontecimentos","article_publisher":"https:\/\/www.facebook.com\/jultimosacontecimentos\/","article_published_time":"2021-01-21T07:27:46+00:00","og_image":[{"width":800,"height":533,"url":"https:\/\/juacontecimentos.com.br\/site\/wp-content\/uploads\/2021\/01\/image-1-7.jpg","type":"image\/jpeg"}],"author":"Reginaldo Ribeiro","twitter_card":"summary_large_image","twitter_misc":{"Escrito por":"Reginaldo Ribeiro","Est. tempo de leitura":"4 minutos"},"schema":{"@context":"https:\/\/schema.org","@graph":[{"@type":"Article","@id":"https:\/\/juacontecimentos.com.br\/site\/vitti-e-confirmado-na-industria-e-comercio-em-goias\/#article","isPartOf":{"@id":"https:\/\/juacontecimentos.com.br\/site\/vitti-e-confirmado-na-industria-e-comercio-em-goias\/"},"author":{"name":"Reginaldo Ribeiro","@id":"https:\/\/juacontecimentos.com.br\/site\/#\/schema\/person\/082a54e6d3fdd7a633291428521c9669"},"headline":"Vitti \u00e9 confirmado na Ind\u00fastria e Com\u00e9rcio em Goi\u00e1s","datePublished":"2021-01-21T07:27:46+00:00","mainEntityOfPage":{"@id":"https:\/\/juacontecimentos.com.br\/site\/vitti-e-confirmado-na-industria-e-comercio-em-goias\/"},"wordCount":819,"commentCount":0,"publisher":{"@id":"https:\/\/juacontecimentos.com.br\/site\/#organization"},"image":{"@id":"https:\/\/juacontecimentos.com.br\/site\/vitti-e-confirmado-na-industria-e-comercio-em-goias\/#primaryimage"},"thumbnailUrl":"https:\/\/juacontecimentos.com.br\/site\/wp-content\/uploads\/2021\/01\/image-1-7.jpg","articleSection":["Brasil","Catal\u00e3o","Destaque","Goi\u00e1s"],"inLanguage":"pt-BR"},{"@type":"WebPage","@id":"https:\/\/juacontecimentos.com.br\/site\/vitti-e-confirmado-na-industria-e-comercio-em-goias\/","url":"https:\/\/juacontecimentos.com.br\/site\/vitti-e-confirmado-na-industria-e-comercio-em-goias\/","name":"Vitti \u00e9 confirmado na Ind\u00fastria e Com\u00e9rcio em Goi\u00e1s - Jornal Ultimos Acontecimentos","isPartOf":{"@id":"https:\/\/juacontecimentos.com.br\/site\/#website"},"primaryImageOfPage":{"@id":"https:\/\/juacontecimentos.com.br\/site\/vitti-e-confirmado-na-industria-e-comercio-em-goias\/#primaryimage"},"image":{"@id":"https:\/\/juacontecimentos.com.br\/site\/vitti-e-confirmado-na-industria-e-comercio-em-goias\/#primaryimage"},"thumbnailUrl":"https:\/\/juacontecimentos.com.br\/site\/wp-content\/uploads\/2021\/01\/image-1-7.jpg","datePublished":"2021-01-21T07:27:46+00:00","breadcrumb":{"@id":"https:\/\/juacontecimentos.com.br\/site\/vitti-e-confirmado-na-industria-e-comercio-em-goias\/#breadcrumb"},"inLanguage":"pt-BR","potentialAction":[{"@type":"ReadAction","target":["https:\/\/juacontecimentos.com.br\/site\/vitti-e-confirmado-na-industria-e-comercio-em-goias\/"]}]},{"@type":"ImageObject","inLanguage":"pt-BR","@id":"https:\/\/juacontecimentos.com.br\/site\/vitti-e-confirmado-na-industria-e-comercio-em-goias\/#primaryimage","url":"https:\/\/juacontecimentos.com.br\/site\/wp-content\/uploads\/2021\/01\/image-1-7.jpg","contentUrl":"https:\/\/juacontecimentos.com.br\/site\/wp-content\/uploads\/2021\/01\/image-1-7.jpg","width":800,"height":533},{"@type":"BreadcrumbList","@id":"https:\/\/juacontecimentos.com.br\/site\/vitti-e-confirmado-na-industria-e-comercio-em-goias\/#breadcrumb","itemListElement":[{"@type":"ListItem","position":1,"name":"In\u00edcio","item":"https:\/\/juacontecimentos.com.br\/site\/"},{"@type":"ListItem","position":2,"name":"Vitti \u00e9 confirmado na Ind\u00fastria e Com\u00e9rcio em Goi\u00e1s"}]},{"@type":"WebSite","@id":"https:\/\/juacontecimentos.com.br\/site\/#website","url":"https:\/\/juacontecimentos.com.br\/site\/","name":"Jornal Ultimos Acontecimentos","description":"Catal\u00e3o e regi\u00e3o","publisher":{"@id":"https:\/\/juacontecimentos.com.br\/site\/#organization"},"potentialAction":[{"@type":"SearchAction","target":{"@type":"EntryPoint","urlTemplate":"https:\/\/juacontecimentos.com.br\/site\/?s={search_term_string}"},"query-input":{"@type":"PropertyValueSpecification","valueRequired":true,"valueName":"search_term_string"}}],"inLanguage":"pt-BR"},{"@type":"Organization","@id":"https:\/\/juacontecimentos.com.br\/site\/#organization","name":"Jornal Ultimos Acontecimentos","url":"https:\/\/juacontecimentos.com.br\/site\/","logo":{"@type":"ImageObject","inLanguage":"pt-BR","@id":"https:\/\/juacontecimentos.com.br\/site\/#\/schema\/logo\/image\/","url":"https:\/\/juacontecimentos.com.br\/site\/wp-content\/uploads\/2023\/04\/Logo_Site.png","contentUrl":"https:\/\/juacontecimentos.com.br\/site\/wp-content\/uploads\/2023\/04\/Logo_Site.png","width":2476,"height":530,"caption":"Jornal Ultimos Acontecimentos"},"image":{"@id":"https:\/\/juacontecimentos.com.br\/site\/#\/schema\/logo\/image\/"},"sameAs":["https:\/\/www.facebook.com\/jultimosacontecimentos\/"]},{"@type":"Person","@id":"https:\/\/juacontecimentos.com.br\/site\/#\/schema\/person\/082a54e6d3fdd7a633291428521c9669","name":"Reginaldo Ribeiro","image":{"@type":"ImageObject","inLanguage":"pt-BR","@id":"https:\/\/juacontecimentos.com.br\/site\/#\/schema\/person\/image\/","url":"https:\/\/secure.gravatar.com\/avatar\/5c16c6837c3490270a74d888c2a845728f06bdde1f8761de1de1d1d1ef82d12f?s=96&d=mm&r=g","contentUrl":"https:\/\/secure.gravatar.com\/avatar\/5c16c6837c3490270a74d888c2a845728f06bdde1f8761de1de1d1d1ef82d12f?s=96&d=mm&r=g","caption":"Reginaldo Ribeiro"}}]}},"_links":{"self":[{"href":"https:\/\/juacontecimentos.com.br\/site\/wp-json\/wp\/v2\/posts\/12859","targetHints":{"allow":["GET"]}}],"collection":[{"href":"https:\/\/juacontecimentos.com.br\/site\/wp-json\/wp\/v2\/posts"}],"about":[{"href":"https:\/\/juacontecimentos.com.br\/site\/wp-json\/wp\/v2\/types\/post"}],"author":[{"embeddable":true,"href":"https:\/\/juacontecimentos.com.br\/site\/wp-json\/wp\/v2\/users\/2"}],"replies":[{"embeddable":true,"href":"https:\/\/juacontecimentos.com.br\/site\/wp-json\/wp\/v2\/comments?post=12859"}],"version-history":[{"count":1,"href":"https:\/\/juacontecimentos.com.br\/site\/wp-json\/wp\/v2\/posts\/12859\/revisions"}],"predecessor-version":[{"id":12861,"href":"https:\/\/juacontecimentos.com.br\/site\/wp-json\/wp\/v2\/posts\/12859\/revisions\/12861"}],"wp:featuredmedia":[{"embeddable":true,"href":"https:\/\/juacontecimentos.com.br\/site\/wp-json\/wp\/v2\/media\/12860"}],"wp:attachment":[{"href":"https:\/\/juacontecimentos.com.br\/site\/wp-json\/wp\/v2\/media?parent=12859"}],"wp:term":[{"taxonomy":"category","embeddable":true,"href":"https:\/\/juacontecimentos.com.br\/site\/wp-json\/wp\/v2\/categories?post=12859"},{"taxonomy":"post_tag","embeddable":true,"href":"https:\/\/juacontecimentos.com.br\/site\/wp-json\/wp\/v2\/tags?post=12859"}],"curies":[{"name":"wp","href":"https:\/\/api.w.org\/{rel}","templated":true}]}}