{"id":13082,"date":"2021-02-07T07:34:28","date_gmt":"2021-02-07T10:34:28","guid":{"rendered":"https:\/\/juacontecimentos.com.br\/site\/?p=13082"},"modified":"2021-02-07T07:36:45","modified_gmt":"2021-02-07T10:36:45","slug":"mp-se-manifesta-favor-de-seguimento-de-acao-que-pede-impugnacao-do-mandato-do-prefeito-de-goiania","status":"publish","type":"post","link":"https:\/\/juacontecimentos.com.br\/site\/mp-se-manifesta-favor-de-seguimento-de-acao-que-pede-impugnacao-do-mandato-do-prefeito-de-goiania\/","title":{"rendered":"MP se manifesta a favor de seguimento de a\u00e7\u00e3o que pede impugna\u00e7\u00e3o do mandato do prefeito de Goi\u00e2nia"},"content":{"rendered":"<p><strong>Elei\u00e7\u00e3o e posse at\u00edpicas do emedebista Maguito Vilela, que faleceu, ainda geram questionamentos na Justi\u00e7a<\/strong><img loading=\"lazy\" decoding=\"async\" class=\"alignnone size-full wp-image-13083\" src=\"https:\/\/juacontecimentos.com.br\/site\/wp-content\/uploads\/2021\/02\/Maguito-e-Rog\u00e9rio-Foto-Reprodu\u00e7\u00e3o.jpg\" alt=\"\" width=\"1320\" height=\"745\" srcset=\"https:\/\/juacontecimentos.com.br\/site\/wp-content\/uploads\/2021\/02\/Maguito-e-Rog\u00e9rio-Foto-Reprodu\u00e7\u00e3o.jpg 1320w, https:\/\/juacontecimentos.com.br\/site\/wp-content\/uploads\/2021\/02\/Maguito-e-Rog\u00e9rio-Foto-Reprodu\u00e7\u00e3o-300x169.jpg 300w, https:\/\/juacontecimentos.com.br\/site\/wp-content\/uploads\/2021\/02\/Maguito-e-Rog\u00e9rio-Foto-Reprodu\u00e7\u00e3o-768x433.jpg 768w, https:\/\/juacontecimentos.com.br\/site\/wp-content\/uploads\/2021\/02\/Maguito-e-Rog\u00e9rio-Foto-Reprodu\u00e7\u00e3o-1024x578.jpg 1024w\" sizes=\"auto, (max-width: 1320px) 100vw, 1320px\" \/><\/p>\n<p>H\u00e1 hist\u00f3rias passadas e presentes que podem apresentar diversas e importantes semelhan\u00e7as. Quem, diante da morte do prefeito Maguito Vilela (MDB), em 2021, n\u00e3o buscou correla\u00e7\u00e3o com a hist\u00f3ria do presidente Tancredo Neves? As mem\u00f3rias foram resgatadas e a perda de um l\u00edder pol\u00edtico rec\u00e9m-eleito pareceu se repetir.<\/p>\n<p>Em 1985, Tancredo Neves, do PMDB, j\u00e1 eleito no Col\u00e9gio Eleitoral, se internou na noite do dia 14 de mar\u00e7o, horas antes de sua posse. Constatou-se que tinha uma infec\u00e7\u00e3o avan\u00e7ada que necessitava de cirurgia. Definiu-se que a posse da Presid\u00eancia seria dada ao vice, Jos\u00e9 Sarney, do PMDB. Esperava-se que o pol\u00edtico mineiro reassumisse a Presid\u00eancia quando se recuperasse, mas isso nunca aconteceu. O ex-ministro da Justi\u00e7a de Get\u00falio Vargas passou por outras cirurgias, ficou semanas internado e n\u00e3o resistiu.<\/p>\n<p>S\u00e3o muitas as semelhan\u00e7as com a hist\u00f3ria de Maguito Vilela. O diagn\u00f3stico de Covid-19, ainda em outubro de 2020, levou o emedebista a uma interna\u00e7\u00e3o e transfer\u00eancia para S\u00e3o Paulo, no Hospital Israelita Albert Einstein, um dos mais qualificados do pa\u00eds. Ele foi entubado, teve acesso aos melhores m\u00e9dicos e estrutura para o tratamento, e nesta condi\u00e7\u00e3o foi eleito no primeiro e segundo turno.<\/p>\n<div class=\"wp-block-image\">\n<img loading=\"lazy\" decoding=\"async\" class=\"wp-image-310631 jetpack-lazy-image jetpack-lazy-image--handled\" src=\"https:\/\/i1.wp.com\/www.jornalopcao.com.br\/wp-content\/uploads\/2021\/02\/maguito-vilela.jpg?resize=335%2C223&amp;ssl=1\" srcset=\"https:\/\/i1.wp.com\/www.jornalopcao.com.br\/wp-content\/uploads\/2021\/02\/maguito-vilela.jpg?resize=620%2C413&amp;ssl=1 620w, https:\/\/i1.wp.com\/www.jornalopcao.com.br\/wp-content\/uploads\/2021\/02\/maguito-vilela.jpg?resize=300%2C200&amp;ssl=1 300w, https:\/\/i1.wp.com\/www.jornalopcao.com.br\/wp-content\/uploads\/2021\/02\/maguito-vilela.jpg?resize=768%2C512&amp;ssl=1 768w, https:\/\/i1.wp.com\/www.jornalopcao.com.br\/wp-content\/uploads\/2021\/02\/maguito-vilela.jpg?resize=1320%2C880&amp;ssl=1 1320w, https:\/\/i1.wp.com\/www.jornalopcao.com.br\/wp-content\/uploads\/2021\/02\/maguito-vilela.jpg?w=1200&amp;ssl=1 1200w\" alt=\"\" width=\"335\" height=\"223\" \/>Maguito Vilela durante campanha.\n<\/div>\n<p>Maguito foi diplomado ainda em um leito de hospital, mas apresentou piora no estado de sa\u00fade. Quem assumiu a Prefeitura de Goi\u00e2nia, no dia 1\u00ba de janeiro, foi seu vice, Rog\u00e9rio Cruz, do partido Republicanos. Todos aguardavam a sua recupera\u00e7\u00e3o para que ent\u00e3o pudesse ser declarado o gestor do Pa\u00e7o Municipal, mas, ap\u00f3s mais de 80 dias internado, morreu em decorr\u00eancia de complica\u00e7\u00f5es da Covid.<\/p>\n<p>A similitude na hist\u00f3ria dos dois pol\u00edticos \u00e9 grande. Mas a diferen\u00e7a que reside entre eles \u00e9 que cada um foi hospitalizado em um momento diferente quando observado o calend\u00e1rio do processo eleitoral. Maguito Vilela ganhou o primeiro e o segundo turno das elei\u00e7\u00f5es enquanto lutava contra a Covid-19, internado em S\u00e3o Paulo. A diploma\u00e7\u00e3o e a posse tamb\u00e9m ocorreram no mesmo cen\u00e1rio.<\/p>\n<p>A elei\u00e7\u00e3o em Goi\u00e2nia foi totalmente at\u00edpica: realizada em meio a uma pandemia e ainda com a perda tr\u00e1gica do candidato eleito. Todo esse processo deu argumento para um processo que corre na Justi\u00e7a questionando o resultado das elei\u00e7\u00f5es municipais. Movido pelo ex-vereador Paulo Daher (DEM), a Justi\u00e7a recebeu o pedido de impugna\u00e7\u00e3o de mandato da chapa encabe\u00e7ada por Maguito Vilela e Rog\u00e9rio Cruz.<\/p>\n<p>A a\u00e7\u00e3o foi apresentada ainda em 2020, antes da morte do emedebista. Como Maguito se encontrava hospitalizado e sem condi\u00e7\u00f5es de se defender em ju\u00edzo, o processo foi suspenso. No entanto, ap\u00f3s a morte, o processo foi reaberto, s\u00f3 que agora cabe ao prefeito Rog\u00e9rio Cruz apresentar a defesa.<\/p>\n<p>O assunto parecia ter esfriado e poucos acreditavam que o processo pudesse ter seguimento. Ao menos dois advogados eleitorais ouvidos pelo jornal Op\u00e7\u00e3o\u00a0\u00a0disseram acreditar no arquivamento da a\u00e7\u00e3o. No entanto, no \u00faltimo dia 18 de janeiro, o Minist\u00e9rio P\u00fablico de Goi\u00e1s se posicionou a favor de dar continuidade ao andamento do processo. Sem avaliar o m\u00e9rito da a\u00e7\u00e3o, o MP apenas manifestou concord\u00e2ncia de que a a\u00e7\u00e3o poderia ser aberta.<\/p>\n<p>A a\u00e7\u00e3o de impugna\u00e7\u00e3o segue na Justi\u00e7a Eleitoral sob sigilo. O principal argumento deste processo \u00e9 de que a forma como a campanha foi conduzida pela chapa \u201ccomprometeu a normalidade do pleito eleitoral e prejudicou a paridade de armas entre os candidatos\u201d. Segundo o advogado Fernando Salles, que atua em favor do ex-vereador e m\u00e9dico Paulo Daher (PMN), o questionamento parte do Artigo 14 da Constitui\u00e7\u00e3o, que trata dos Direitos Pol\u00edticos e que, entre outras determina\u00e7\u00f5es, diz que \u00e9 preciso estar em \u201cpleno exerc\u00edcio dos direitos pol\u00edticos\u201d para ser candidato em um pleito eleitoral.<\/p>\n<p>\u201cO candidato n\u00e3o exercia os plenos direitos pol\u00edticos na data do pleito. Essa \u00e9 a fundamenta\u00e7\u00e3o principal da a\u00e7\u00e3o. Por isso a gente requer que o diploma seja anulado. N\u00e3o preencheu todos os requisitos para assumir o Poder Executivo. Pelos boletins ele estava incapaz de discernir e compreender a realidade\u201d, alega o advogado Fernando Salles.<\/p>\n<p>Segundo o advogado, m\u00e9dicos do Hospital Albert Einstein devem ser chamados para prestar depoimento sobre o estado de sa\u00fade de Maguito durante a campanha. Os boletins m\u00e9dicos divulgados pelo hospital no decorrer da campanha foram anexados ao processo, pois, de acordo com a a\u00e7\u00e3o, termos \u201cest\u00e1vel\u201d e \u201cem recupera\u00e7\u00e3o\u201d levavam o eleitor a crer em melhoras no quadro de sa\u00fade do candidato.<\/p>\n<p>O advogado acredita que a manifesta\u00e7\u00e3o favor\u00e1vel do MP para continuidade da a\u00e7\u00e3o refor\u00e7a que os argumentos s\u00e3o v\u00e1lidos e que podem resultar na impugna\u00e7\u00e3o da chapa. \u201cO parecer do Minist\u00e9rio P\u00fablico j\u00e1 foi formulado com entendimento que ocorra a cita\u00e7\u00e3o do prefeito Rog\u00e9rio Cruz\u201d, diz. Segundo Fernando Salles, uma notifica\u00e7\u00e3o j\u00e1 foi expedida para que a defesa apresente suas argumenta\u00e7\u00f5es.<\/p>\n<h3><strong>Acompanhamento do Minist\u00e9rio P\u00fablico\u00a0<\/strong><\/h3>\n<p>Em resposta ao pedido da Justi\u00e7a Eleitoral, o Minist\u00e9rio P\u00fablico de Goi\u00e1s se manifestou em rela\u00e7\u00e3o \u00e0 a\u00e7\u00e3o que pede a impugna\u00e7\u00e3o da chapa de Maguito Vilela-Rog\u00e9rio Borges. Segundo o documento obtido pelo jornal Op\u00e7\u00e3o, o promotor de Justi\u00e7a Eleitoral, respons\u00e1vel pela 147\u00aa Zona Eleitoral de Goi\u00e2nia, Jo\u00e3o Teles de Moura, o processo deve excluir Maguito Vilela, em raz\u00e3o de sua morte e do \u201ccar\u00e1ter personal\u00edssimo da a\u00e7\u00e3o de impugna\u00e7\u00e3o de mandato eletivo\u201d<\/p>\n<p>Em contrapartida, o promotor aponta que, como se trata de a\u00e7\u00e3o ajuizada ap\u00f3s a diploma\u00e7\u00e3o, caber\u00e1 a Rog\u00e9rio Cruz apresentar a defesa. A ele foi dado o prazo de sete dias para elaborar a contesta\u00e7\u00e3o com documentos, provas e testemunhas que julgar necess\u00e1rios.<\/p>\n<p>\u201cEu tinha op\u00e7\u00e3o de pedir o arquivamento em rela\u00e7\u00e3o a Maguito, porque n\u00e3o se pode mover a\u00e7\u00e3o contra ele. A a\u00e7\u00e3o seguir\u00e1 seu curso normal, mas agora em rela\u00e7\u00e3o ao prefeito eleito [Rog\u00e9rio Cruz]\u201d, explica Jo\u00e3o Teles. \u201cEu n\u00e3o vou manifestar sobre a proced\u00eancia ou n\u00e3o da a\u00e7\u00e3o sem antes ouvir a defesa, ou sem que seja apresentado o contradit\u00f3rio. Estou pedindo para que a defesa seja apresentada \u00e0 Justi\u00e7a e que assim retorne ao Minist\u00e9rio P\u00fablico para que possa manifestar\u201d, sublinha o promotor.<\/p>\n<p>O promotor reconhece que se trata de uma a\u00e7\u00e3o totalmente at\u00edpica, a \u00fanica no Brasil com tais caracter\u00edsticas. \u201cTemos v\u00e1rios pedidos de impugna\u00e7\u00e3o. Estamos acostumados a lidar com esses processos. Mas esse \u00e9 diferente e com uma fundamenta\u00e7\u00e3o que ainda n\u00e3o t\u00ednhamos vivido\u201d, pontua.<\/p>\n<h2><strong>Defesa apresentada<\/strong><\/h2>\n<p>Em entrevista ao<strong>\u00a0Jornal Op\u00e7\u00e3o<\/strong>, o prefeito Rog\u00e9rio Cruz informou que foi notificado pela Justi\u00e7a Eleitoral e, sem dar muitos detalhes, disse que a defesa tamb\u00e9m j\u00e1 foi apresentada. \u201cAs pessoas falam o que elas querem. Mas, como foi aberta a a\u00e7\u00e3o, j\u00e1 foi enviada uma resposta\u201d, assinalou.<\/p>\n<p>Questionado se acredita que todo ineditismo que envolve a sua elei\u00e7\u00e3o na chapa encabe\u00e7ada por Maguito Vilela, Rog\u00e9rio Cruz enfatiza que n\u00e3o v\u00ea nenhuma irregularidade em todo o processo eleitoral e de posse. \u201cFoi tudo dentro da lei. N\u00e3o teve nada fora da lei, inclusive foi tudo aprovado pela C\u00e2mara Municipal.\u201d<\/p>\n<h4><strong>Posse a dist\u00e2ncia tamb\u00e9m gera questionamento<\/strong><\/h4>\n<div class=\"wp-block-image\">\n<img loading=\"lazy\" decoding=\"async\" class=\"wp-image-304610 jetpack-lazy-image jetpack-lazy-image--handled\" src=\"https:\/\/i2.wp.com\/www.jornalopcao.com.br\/wp-content\/uploads\/2021\/01\/posse.png?resize=336%2C189&amp;ssl=1\" srcset=\"https:\/\/i2.wp.com\/www.jornalopcao.com.br\/wp-content\/uploads\/2021\/01\/posse.png?w=620&amp;ssl=1 620w, https:\/\/i2.wp.com\/www.jornalopcao.com.br\/wp-content\/uploads\/2021\/01\/posse.png?resize=300%2C169&amp;ssl=1 300w, https:\/\/i2.wp.com\/www.jornalopcao.com.br\/wp-content\/uploads\/2021\/01\/posse.png?resize=600%2C339&amp;ssl=1 600w\" alt=\"\" width=\"336\" height=\"189\" \/>Solenidade de posse na C\u00e2mara Municipal | Foto: Felipe Cardoso\u00a0\n<\/div>\n<p>A posse de Maguito Vilela foi feita de forma totalmente at\u00edpica e diferente de tudo que os eleitores (al\u00e9m da Justi\u00e7a Eleitoral) estavam acostumados a acompanhar. N\u00e3o era pra ser diferente, afinal, um cen\u00e1rio de pandemia e o candidato eleito lutando contra a Covid-19, exige medidas totalmente diferentes.<\/p>\n<p>Maguito assinou o termo de posse de forma eletr\u00f4nica e a dist\u00e2ncia. Para isso o Regimento Interno da C\u00e2mara Municipal foi alterado, com base inclusive na Lei de Calamidade P\u00fablica gerada pela pandemia. No dia 1\u00ba de janeiro, um e-mail com documento foi enviado para Maguito Vilela, indicando que o emedebista assinou eletronicamente \u00e0s 15h03. Antes do in\u00edcio da solenidade de posse dos vereadores, que ocorreu por volta das 15h20.<\/p>\n<p>De forma aberta, nenhum vereador da atual legislatura questiona o processo, mas, nos bastidores, h\u00e1 vereadores que acreditam que a forma como o processo foi conduzido pode deixar brecha para contesta\u00e7\u00f5es jur\u00eddicas. Todos questionamentos t\u00eam sua motiva\u00e7\u00e3o no ineditismo que cercou as elei\u00e7\u00f5es municipais de Goi\u00e2nia, que marca de forma at\u00edpica a pol\u00edtica goiana e brasileira.<img loading=\"lazy\" decoding=\"async\" class=\"alignnone size-full wp-image-13084\" src=\"https:\/\/juacontecimentos.com.br\/site\/wp-content\/uploads\/2021\/02\/Termo-de-posse.jpg\" alt=\"\" width=\"1320\" height=\"1864\" srcset=\"https:\/\/juacontecimentos.com.br\/site\/wp-content\/uploads\/2021\/02\/Termo-de-posse.jpg 1320w, https:\/\/juacontecimentos.com.br\/site\/wp-content\/uploads\/2021\/02\/Termo-de-posse-212x300.jpg 212w, https:\/\/juacontecimentos.com.br\/site\/wp-content\/uploads\/2021\/02\/Termo-de-posse-768x1085.jpg 768w, https:\/\/juacontecimentos.com.br\/site\/wp-content\/uploads\/2021\/02\/Termo-de-posse-725x1024.jpg 725w\" sizes=\"auto, (max-width: 1320px) 100vw, 1320px\" \/><br \/>\n<\/p>\n","protected":false},"excerpt":{"rendered":"<p>Elei\u00e7\u00e3o e posse at\u00edpicas do emedebista Maguito Vilela, que faleceu, ainda geram questionamentos na Justi\u00e7a H\u00e1 hist\u00f3rias passadas e presentes que podem apresentar diversas e importantes semelhan\u00e7as. Quem, diante da morte do prefeito Maguito Vilela (MDB), em 2021, n\u00e3o buscou correla\u00e7\u00e3o com a hist\u00f3ria do presidente Tancredo Neves? As mem\u00f3rias foram resgatadas e a perda<\/p>\n","protected":false},"author":2,"featured_media":13083,"comment_status":"open","ping_status":"open","sticky":false,"template":"","format":"standard","meta":{"footnotes":""},"categories":[27,22,26,23],"tags":[],"class_list":["post-13082","post","type-post","status-publish","format-standard","has-post-thumbnail","hentry","category-brasil","category-catalao","category-destaque","category-goias"],"yoast_head":"<!-- This site is optimized with the Yoast SEO plugin v25.8 - https:\/\/yoast.com\/wordpress\/plugins\/seo\/ -->\n<title>MP se manifesta a favor de seguimento de a\u00e7\u00e3o que pede impugna\u00e7\u00e3o do mandato do prefeito de Goi\u00e2nia - Jornal Ultimos Acontecimentos<\/title>\n<meta name=\"robots\" content=\"index, follow, max-snippet:-1, max-image-preview:large, max-video-preview:-1\" \/>\n<link rel=\"canonical\" href=\"https:\/\/juacontecimentos.com.br\/site\/mp-se-manifesta-favor-de-seguimento-de-acao-que-pede-impugnacao-do-mandato-do-prefeito-de-goiania\/\" \/>\n<meta property=\"og:locale\" content=\"pt_BR\" \/>\n<meta property=\"og:type\" content=\"article\" \/>\n<meta property=\"og:title\" content=\"MP se manifesta a favor de seguimento de a\u00e7\u00e3o que pede impugna\u00e7\u00e3o do mandato do prefeito de Goi\u00e2nia - Jornal Ultimos Acontecimentos\" \/>\n<meta property=\"og:description\" content=\"Elei\u00e7\u00e3o e posse at\u00edpicas do emedebista Maguito Vilela, que faleceu, ainda geram questionamentos na Justi\u00e7a H\u00e1 hist\u00f3rias passadas e presentes que podem apresentar diversas e importantes semelhan\u00e7as. Quem, diante da morte do prefeito Maguito Vilela (MDB), em 2021, n\u00e3o buscou correla\u00e7\u00e3o com a hist\u00f3ria do presidente Tancredo Neves? As mem\u00f3rias foram resgatadas e a perda\" \/>\n<meta property=\"og:url\" content=\"https:\/\/juacontecimentos.com.br\/site\/mp-se-manifesta-favor-de-seguimento-de-acao-que-pede-impugnacao-do-mandato-do-prefeito-de-goiania\/\" \/>\n<meta property=\"og:site_name\" content=\"Jornal Ultimos Acontecimentos\" \/>\n<meta property=\"article:publisher\" content=\"https:\/\/www.facebook.com\/jultimosacontecimentos\/\" \/>\n<meta property=\"article:published_time\" content=\"2021-02-07T10:34:28+00:00\" \/>\n<meta property=\"article:modified_time\" content=\"2021-02-07T10:36:45+00:00\" \/>\n<meta property=\"og:image\" content=\"https:\/\/juacontecimentos.com.br\/site\/wp-content\/uploads\/2021\/02\/Maguito-e-Rog\u00e9rio-Foto-Reprodu\u00e7\u00e3o.jpg\" \/>\n\t<meta property=\"og:image:width\" content=\"1320\" \/>\n\t<meta property=\"og:image:height\" content=\"745\" \/>\n\t<meta property=\"og:image:type\" content=\"image\/jpeg\" \/>\n<meta name=\"author\" content=\"Reginaldo Ribeiro\" \/>\n<meta name=\"twitter:card\" content=\"summary_large_image\" \/>\n<meta name=\"twitter:label1\" content=\"Escrito por\" \/>\n\t<meta name=\"twitter:data1\" content=\"Reginaldo Ribeiro\" \/>\n\t<meta name=\"twitter:label2\" content=\"Est. tempo de leitura\" \/>\n\t<meta name=\"twitter:data2\" content=\"8 minutos\" \/>\n<script type=\"application\/ld+json\" class=\"yoast-schema-graph\">{\"@context\":\"https:\/\/schema.org\",\"@graph\":[{\"@type\":\"Article\",\"@id\":\"https:\/\/juacontecimentos.com.br\/site\/mp-se-manifesta-favor-de-seguimento-de-acao-que-pede-impugnacao-do-mandato-do-prefeito-de-goiania\/#article\",\"isPartOf\":{\"@id\":\"https:\/\/juacontecimentos.com.br\/site\/mp-se-manifesta-favor-de-seguimento-de-acao-que-pede-impugnacao-do-mandato-do-prefeito-de-goiania\/\"},\"author\":{\"name\":\"Reginaldo Ribeiro\",\"@id\":\"https:\/\/juacontecimentos.com.br\/site\/#\/schema\/person\/082a54e6d3fdd7a633291428521c9669\"},\"headline\":\"MP se manifesta a favor de seguimento de a\u00e7\u00e3o que pede impugna\u00e7\u00e3o do mandato do prefeito de Goi\u00e2nia\",\"datePublished\":\"2021-02-07T10:34:28+00:00\",\"dateModified\":\"2021-02-07T10:36:45+00:00\",\"mainEntityOfPage\":{\"@id\":\"https:\/\/juacontecimentos.com.br\/site\/mp-se-manifesta-favor-de-seguimento-de-acao-que-pede-impugnacao-do-mandato-do-prefeito-de-goiania\/\"},\"wordCount\":1526,\"commentCount\":0,\"publisher\":{\"@id\":\"https:\/\/juacontecimentos.com.br\/site\/#organization\"},\"image\":{\"@id\":\"https:\/\/juacontecimentos.com.br\/site\/mp-se-manifesta-favor-de-seguimento-de-acao-que-pede-impugnacao-do-mandato-do-prefeito-de-goiania\/#primaryimage\"},\"thumbnailUrl\":\"https:\/\/juacontecimentos.com.br\/site\/wp-content\/uploads\/2021\/02\/Maguito-e-Rog\u00e9rio-Foto-Reprodu\u00e7\u00e3o.jpg\",\"articleSection\":[\"Brasil\",\"Catal\u00e3o\",\"Destaque\",\"Goi\u00e1s\"],\"inLanguage\":\"pt-BR\"},{\"@type\":\"WebPage\",\"@id\":\"https:\/\/juacontecimentos.com.br\/site\/mp-se-manifesta-favor-de-seguimento-de-acao-que-pede-impugnacao-do-mandato-do-prefeito-de-goiania\/\",\"url\":\"https:\/\/juacontecimentos.com.br\/site\/mp-se-manifesta-favor-de-seguimento-de-acao-que-pede-impugnacao-do-mandato-do-prefeito-de-goiania\/\",\"name\":\"MP se manifesta a favor de seguimento de a\u00e7\u00e3o que pede impugna\u00e7\u00e3o do mandato do prefeito de Goi\u00e2nia - Jornal Ultimos Acontecimentos\",\"isPartOf\":{\"@id\":\"https:\/\/juacontecimentos.com.br\/site\/#website\"},\"primaryImageOfPage\":{\"@id\":\"https:\/\/juacontecimentos.com.br\/site\/mp-se-manifesta-favor-de-seguimento-de-acao-que-pede-impugnacao-do-mandato-do-prefeito-de-goiania\/#primaryimage\"},\"image\":{\"@id\":\"https:\/\/juacontecimentos.com.br\/site\/mp-se-manifesta-favor-de-seguimento-de-acao-que-pede-impugnacao-do-mandato-do-prefeito-de-goiania\/#primaryimage\"},\"thumbnailUrl\":\"https:\/\/juacontecimentos.com.br\/site\/wp-content\/uploads\/2021\/02\/Maguito-e-Rog\u00e9rio-Foto-Reprodu\u00e7\u00e3o.jpg\",\"datePublished\":\"2021-02-07T10:34:28+00:00\",\"dateModified\":\"2021-02-07T10:36:45+00:00\",\"breadcrumb\":{\"@id\":\"https:\/\/juacontecimentos.com.br\/site\/mp-se-manifesta-favor-de-seguimento-de-acao-que-pede-impugnacao-do-mandato-do-prefeito-de-goiania\/#breadcrumb\"},\"inLanguage\":\"pt-BR\",\"potentialAction\":[{\"@type\":\"ReadAction\",\"target\":[\"https:\/\/juacontecimentos.com.br\/site\/mp-se-manifesta-favor-de-seguimento-de-acao-que-pede-impugnacao-do-mandato-do-prefeito-de-goiania\/\"]}]},{\"@type\":\"ImageObject\",\"inLanguage\":\"pt-BR\",\"@id\":\"https:\/\/juacontecimentos.com.br\/site\/mp-se-manifesta-favor-de-seguimento-de-acao-que-pede-impugnacao-do-mandato-do-prefeito-de-goiania\/#primaryimage\",\"url\":\"https:\/\/juacontecimentos.com.br\/site\/wp-content\/uploads\/2021\/02\/Maguito-e-Rog\u00e9rio-Foto-Reprodu\u00e7\u00e3o.jpg\",\"contentUrl\":\"https:\/\/juacontecimentos.com.br\/site\/wp-content\/uploads\/2021\/02\/Maguito-e-Rog\u00e9rio-Foto-Reprodu\u00e7\u00e3o.jpg\",\"width\":1320,\"height\":745},{\"@type\":\"BreadcrumbList\",\"@id\":\"https:\/\/juacontecimentos.com.br\/site\/mp-se-manifesta-favor-de-seguimento-de-acao-que-pede-impugnacao-do-mandato-do-prefeito-de-goiania\/#breadcrumb\",\"itemListElement\":[{\"@type\":\"ListItem\",\"position\":1,\"name\":\"In\u00edcio\",\"item\":\"https:\/\/juacontecimentos.com.br\/site\/\"},{\"@type\":\"ListItem\",\"position\":2,\"name\":\"MP se manifesta a favor de seguimento de a\u00e7\u00e3o que pede impugna\u00e7\u00e3o do mandato do prefeito de Goi\u00e2nia\"}]},{\"@type\":\"WebSite\",\"@id\":\"https:\/\/juacontecimentos.com.br\/site\/#website\",\"url\":\"https:\/\/juacontecimentos.com.br\/site\/\",\"name\":\"Jornal Ultimos Acontecimentos\",\"description\":\"Catal\u00e3o e regi\u00e3o\",\"publisher\":{\"@id\":\"https:\/\/juacontecimentos.com.br\/site\/#organization\"},\"potentialAction\":[{\"@type\":\"SearchAction\",\"target\":{\"@type\":\"EntryPoint\",\"urlTemplate\":\"https:\/\/juacontecimentos.com.br\/site\/?s={search_term_string}\"},\"query-input\":{\"@type\":\"PropertyValueSpecification\",\"valueRequired\":true,\"valueName\":\"search_term_string\"}}],\"inLanguage\":\"pt-BR\"},{\"@type\":\"Organization\",\"@id\":\"https:\/\/juacontecimentos.com.br\/site\/#organization\",\"name\":\"Jornal Ultimos Acontecimentos\",\"url\":\"https:\/\/juacontecimentos.com.br\/site\/\",\"logo\":{\"@type\":\"ImageObject\",\"inLanguage\":\"pt-BR\",\"@id\":\"https:\/\/juacontecimentos.com.br\/site\/#\/schema\/logo\/image\/\",\"url\":\"https:\/\/juacontecimentos.com.br\/site\/wp-content\/uploads\/2023\/04\/Logo_Site.png\",\"contentUrl\":\"https:\/\/juacontecimentos.com.br\/site\/wp-content\/uploads\/2023\/04\/Logo_Site.png\",\"width\":2476,\"height\":530,\"caption\":\"Jornal Ultimos Acontecimentos\"},\"image\":{\"@id\":\"https:\/\/juacontecimentos.com.br\/site\/#\/schema\/logo\/image\/\"},\"sameAs\":[\"https:\/\/www.facebook.com\/jultimosacontecimentos\/\"]},{\"@type\":\"Person\",\"@id\":\"https:\/\/juacontecimentos.com.br\/site\/#\/schema\/person\/082a54e6d3fdd7a633291428521c9669\",\"name\":\"Reginaldo Ribeiro\",\"image\":{\"@type\":\"ImageObject\",\"inLanguage\":\"pt-BR\",\"@id\":\"https:\/\/juacontecimentos.com.br\/site\/#\/schema\/person\/image\/\",\"url\":\"https:\/\/secure.gravatar.com\/avatar\/5c16c6837c3490270a74d888c2a845728f06bdde1f8761de1de1d1d1ef82d12f?s=96&d=mm&r=g\",\"contentUrl\":\"https:\/\/secure.gravatar.com\/avatar\/5c16c6837c3490270a74d888c2a845728f06bdde1f8761de1de1d1d1ef82d12f?s=96&d=mm&r=g\",\"caption\":\"Reginaldo Ribeiro\"}}]}<\/script>\n<!-- \/ Yoast SEO plugin. -->","yoast_head_json":{"title":"MP se manifesta a favor de seguimento de a\u00e7\u00e3o que pede impugna\u00e7\u00e3o do mandato do prefeito de Goi\u00e2nia - Jornal Ultimos Acontecimentos","robots":{"index":"index","follow":"follow","max-snippet":"max-snippet:-1","max-image-preview":"max-image-preview:large","max-video-preview":"max-video-preview:-1"},"canonical":"https:\/\/juacontecimentos.com.br\/site\/mp-se-manifesta-favor-de-seguimento-de-acao-que-pede-impugnacao-do-mandato-do-prefeito-de-goiania\/","og_locale":"pt_BR","og_type":"article","og_title":"MP se manifesta a favor de seguimento de a\u00e7\u00e3o que pede impugna\u00e7\u00e3o do mandato do prefeito de Goi\u00e2nia - Jornal Ultimos Acontecimentos","og_description":"Elei\u00e7\u00e3o e posse at\u00edpicas do emedebista Maguito Vilela, que faleceu, ainda geram questionamentos na Justi\u00e7a H\u00e1 hist\u00f3rias passadas e presentes que podem apresentar diversas e importantes semelhan\u00e7as. Quem, diante da morte do prefeito Maguito Vilela (MDB), em 2021, n\u00e3o buscou correla\u00e7\u00e3o com a hist\u00f3ria do presidente Tancredo Neves? As mem\u00f3rias foram resgatadas e a perda","og_url":"https:\/\/juacontecimentos.com.br\/site\/mp-se-manifesta-favor-de-seguimento-de-acao-que-pede-impugnacao-do-mandato-do-prefeito-de-goiania\/","og_site_name":"Jornal Ultimos Acontecimentos","article_publisher":"https:\/\/www.facebook.com\/jultimosacontecimentos\/","article_published_time":"2021-02-07T10:34:28+00:00","article_modified_time":"2021-02-07T10:36:45+00:00","og_image":[{"width":1320,"height":745,"url":"https:\/\/juacontecimentos.com.br\/site\/wp-content\/uploads\/2021\/02\/Maguito-e-Rog\u00e9rio-Foto-Reprodu\u00e7\u00e3o.jpg","type":"image\/jpeg"}],"author":"Reginaldo Ribeiro","twitter_card":"summary_large_image","twitter_misc":{"Escrito por":"Reginaldo Ribeiro","Est. tempo de leitura":"8 minutos"},"schema":{"@context":"https:\/\/schema.org","@graph":[{"@type":"Article","@id":"https:\/\/juacontecimentos.com.br\/site\/mp-se-manifesta-favor-de-seguimento-de-acao-que-pede-impugnacao-do-mandato-do-prefeito-de-goiania\/#article","isPartOf":{"@id":"https:\/\/juacontecimentos.com.br\/site\/mp-se-manifesta-favor-de-seguimento-de-acao-que-pede-impugnacao-do-mandato-do-prefeito-de-goiania\/"},"author":{"name":"Reginaldo Ribeiro","@id":"https:\/\/juacontecimentos.com.br\/site\/#\/schema\/person\/082a54e6d3fdd7a633291428521c9669"},"headline":"MP se manifesta a favor de seguimento de a\u00e7\u00e3o que pede impugna\u00e7\u00e3o do mandato do prefeito de Goi\u00e2nia","datePublished":"2021-02-07T10:34:28+00:00","dateModified":"2021-02-07T10:36:45+00:00","mainEntityOfPage":{"@id":"https:\/\/juacontecimentos.com.br\/site\/mp-se-manifesta-favor-de-seguimento-de-acao-que-pede-impugnacao-do-mandato-do-prefeito-de-goiania\/"},"wordCount":1526,"commentCount":0,"publisher":{"@id":"https:\/\/juacontecimentos.com.br\/site\/#organization"},"image":{"@id":"https:\/\/juacontecimentos.com.br\/site\/mp-se-manifesta-favor-de-seguimento-de-acao-que-pede-impugnacao-do-mandato-do-prefeito-de-goiania\/#primaryimage"},"thumbnailUrl":"https:\/\/juacontecimentos.com.br\/site\/wp-content\/uploads\/2021\/02\/Maguito-e-Rog\u00e9rio-Foto-Reprodu\u00e7\u00e3o.jpg","articleSection":["Brasil","Catal\u00e3o","Destaque","Goi\u00e1s"],"inLanguage":"pt-BR"},{"@type":"WebPage","@id":"https:\/\/juacontecimentos.com.br\/site\/mp-se-manifesta-favor-de-seguimento-de-acao-que-pede-impugnacao-do-mandato-do-prefeito-de-goiania\/","url":"https:\/\/juacontecimentos.com.br\/site\/mp-se-manifesta-favor-de-seguimento-de-acao-que-pede-impugnacao-do-mandato-do-prefeito-de-goiania\/","name":"MP se manifesta a favor de seguimento de a\u00e7\u00e3o que pede impugna\u00e7\u00e3o do mandato do prefeito de Goi\u00e2nia - Jornal Ultimos Acontecimentos","isPartOf":{"@id":"https:\/\/juacontecimentos.com.br\/site\/#website"},"primaryImageOfPage":{"@id":"https:\/\/juacontecimentos.com.br\/site\/mp-se-manifesta-favor-de-seguimento-de-acao-que-pede-impugnacao-do-mandato-do-prefeito-de-goiania\/#primaryimage"},"image":{"@id":"https:\/\/juacontecimentos.com.br\/site\/mp-se-manifesta-favor-de-seguimento-de-acao-que-pede-impugnacao-do-mandato-do-prefeito-de-goiania\/#primaryimage"},"thumbnailUrl":"https:\/\/juacontecimentos.com.br\/site\/wp-content\/uploads\/2021\/02\/Maguito-e-Rog\u00e9rio-Foto-Reprodu\u00e7\u00e3o.jpg","datePublished":"2021-02-07T10:34:28+00:00","dateModified":"2021-02-07T10:36:45+00:00","breadcrumb":{"@id":"https:\/\/juacontecimentos.com.br\/site\/mp-se-manifesta-favor-de-seguimento-de-acao-que-pede-impugnacao-do-mandato-do-prefeito-de-goiania\/#breadcrumb"},"inLanguage":"pt-BR","potentialAction":[{"@type":"ReadAction","target":["https:\/\/juacontecimentos.com.br\/site\/mp-se-manifesta-favor-de-seguimento-de-acao-que-pede-impugnacao-do-mandato-do-prefeito-de-goiania\/"]}]},{"@type":"ImageObject","inLanguage":"pt-BR","@id":"https:\/\/juacontecimentos.com.br\/site\/mp-se-manifesta-favor-de-seguimento-de-acao-que-pede-impugnacao-do-mandato-do-prefeito-de-goiania\/#primaryimage","url":"https:\/\/juacontecimentos.com.br\/site\/wp-content\/uploads\/2021\/02\/Maguito-e-Rog\u00e9rio-Foto-Reprodu\u00e7\u00e3o.jpg","contentUrl":"https:\/\/juacontecimentos.com.br\/site\/wp-content\/uploads\/2021\/02\/Maguito-e-Rog\u00e9rio-Foto-Reprodu\u00e7\u00e3o.jpg","width":1320,"height":745},{"@type":"BreadcrumbList","@id":"https:\/\/juacontecimentos.com.br\/site\/mp-se-manifesta-favor-de-seguimento-de-acao-que-pede-impugnacao-do-mandato-do-prefeito-de-goiania\/#breadcrumb","itemListElement":[{"@type":"ListItem","position":1,"name":"In\u00edcio","item":"https:\/\/juacontecimentos.com.br\/site\/"},{"@type":"ListItem","position":2,"name":"MP se manifesta a favor de seguimento de a\u00e7\u00e3o que pede impugna\u00e7\u00e3o do mandato do prefeito de Goi\u00e2nia"}]},{"@type":"WebSite","@id":"https:\/\/juacontecimentos.com.br\/site\/#website","url":"https:\/\/juacontecimentos.com.br\/site\/","name":"Jornal Ultimos Acontecimentos","description":"Catal\u00e3o e regi\u00e3o","publisher":{"@id":"https:\/\/juacontecimentos.com.br\/site\/#organization"},"potentialAction":[{"@type":"SearchAction","target":{"@type":"EntryPoint","urlTemplate":"https:\/\/juacontecimentos.com.br\/site\/?s={search_term_string}"},"query-input":{"@type":"PropertyValueSpecification","valueRequired":true,"valueName":"search_term_string"}}],"inLanguage":"pt-BR"},{"@type":"Organization","@id":"https:\/\/juacontecimentos.com.br\/site\/#organization","name":"Jornal Ultimos Acontecimentos","url":"https:\/\/juacontecimentos.com.br\/site\/","logo":{"@type":"ImageObject","inLanguage":"pt-BR","@id":"https:\/\/juacontecimentos.com.br\/site\/#\/schema\/logo\/image\/","url":"https:\/\/juacontecimentos.com.br\/site\/wp-content\/uploads\/2023\/04\/Logo_Site.png","contentUrl":"https:\/\/juacontecimentos.com.br\/site\/wp-content\/uploads\/2023\/04\/Logo_Site.png","width":2476,"height":530,"caption":"Jornal Ultimos Acontecimentos"},"image":{"@id":"https:\/\/juacontecimentos.com.br\/site\/#\/schema\/logo\/image\/"},"sameAs":["https:\/\/www.facebook.com\/jultimosacontecimentos\/"]},{"@type":"Person","@id":"https:\/\/juacontecimentos.com.br\/site\/#\/schema\/person\/082a54e6d3fdd7a633291428521c9669","name":"Reginaldo Ribeiro","image":{"@type":"ImageObject","inLanguage":"pt-BR","@id":"https:\/\/juacontecimentos.com.br\/site\/#\/schema\/person\/image\/","url":"https:\/\/secure.gravatar.com\/avatar\/5c16c6837c3490270a74d888c2a845728f06bdde1f8761de1de1d1d1ef82d12f?s=96&d=mm&r=g","contentUrl":"https:\/\/secure.gravatar.com\/avatar\/5c16c6837c3490270a74d888c2a845728f06bdde1f8761de1de1d1d1ef82d12f?s=96&d=mm&r=g","caption":"Reginaldo Ribeiro"}}]}},"_links":{"self":[{"href":"https:\/\/juacontecimentos.com.br\/site\/wp-json\/wp\/v2\/posts\/13082","targetHints":{"allow":["GET"]}}],"collection":[{"href":"https:\/\/juacontecimentos.com.br\/site\/wp-json\/wp\/v2\/posts"}],"about":[{"href":"https:\/\/juacontecimentos.com.br\/site\/wp-json\/wp\/v2\/types\/post"}],"author":[{"embeddable":true,"href":"https:\/\/juacontecimentos.com.br\/site\/wp-json\/wp\/v2\/users\/2"}],"replies":[{"embeddable":true,"href":"https:\/\/juacontecimentos.com.br\/site\/wp-json\/wp\/v2\/comments?post=13082"}],"version-history":[{"count":3,"href":"https:\/\/juacontecimentos.com.br\/site\/wp-json\/wp\/v2\/posts\/13082\/revisions"}],"predecessor-version":[{"id":13087,"href":"https:\/\/juacontecimentos.com.br\/site\/wp-json\/wp\/v2\/posts\/13082\/revisions\/13087"}],"wp:featuredmedia":[{"embeddable":true,"href":"https:\/\/juacontecimentos.com.br\/site\/wp-json\/wp\/v2\/media\/13083"}],"wp:attachment":[{"href":"https:\/\/juacontecimentos.com.br\/site\/wp-json\/wp\/v2\/media?parent=13082"}],"wp:term":[{"taxonomy":"category","embeddable":true,"href":"https:\/\/juacontecimentos.com.br\/site\/wp-json\/wp\/v2\/categories?post=13082"},{"taxonomy":"post_tag","embeddable":true,"href":"https:\/\/juacontecimentos.com.br\/site\/wp-json\/wp\/v2\/tags?post=13082"}],"curies":[{"name":"wp","href":"https:\/\/api.w.org\/{rel}","templated":true}]}}