{"id":131,"date":"2017-05-11T09:53:51","date_gmt":"2017-05-11T12:53:51","guid":{"rendered":"http:\/\/juacontecimentos.com.br\/site\/?p=131"},"modified":"2017-05-14T23:42:25","modified_gmt":"2017-05-15T02:42:25","slug":"carro-e-flagrado-trafegando-a-193-kmh-na-br-050","status":"publish","type":"post","link":"https:\/\/juacontecimentos.com.br\/site\/carro-e-flagrado-trafegando-a-193-kmh-na-br-050\/","title":{"rendered":"Carro \u00e9 flagrado trafegando a 193 km\/h na BR-050"},"content":{"rendered":"<p>Um motorista foi flagrado dirigindo a 193 km\/h na BR-050, em Catal\u00e3o. No trecho, a velocidade m\u00e1xima permitida \u00e9 de 110 km\/h. Na mesma rodovia, a Pol\u00edcia Rodovi\u00e1ria Federal tamb\u00e9m autuou um ve\u00edculo que estava a 182 km\/h.<\/p>\n<p>As infra\u00e7\u00f5es foram registradas no s\u00e1bado (29). Na BR-060, os motoristas tamb\u00e9m abusaram da velocidade. Em um trecho da rodovia, um carro foi flagrado a 172 km\/h e um caminh\u00e3o, a 133 km\/h.<\/p>\n<p>Segundo a corpora\u00e7\u00e3o, no feriado do Dia do Trabalho, as infra\u00e7\u00f5es mais recorrentes foram ultrapassagens proibidas, a falta do cinto de seguran\u00e7a e o desrespeito ao limite de velocidade.<\/p>\n<p>O motorista flagrado a 193 km\/h vai receber uma multa de R$ 880 e sete pontos na carteira. Os outros infratores ser\u00e3o multados em valores que variam de R$ 130,16 a R$ 880,41, dependendo da velocidade excedida no trecho. Nos casos mais graves, o motorista pode ter a Carteira Nacional de Habilita\u00e7\u00e3o suspensa.<br \/>\n<\/p>\n","protected":false},"excerpt":{"rendered":"<p>Um motorista foi flagrado dirigindo a 193 km\/h na BR-050, em Catal\u00e3o. No trecho, a velocidade m\u00e1xima permitida \u00e9 de 110 km\/h. Na mesma rodovia, a Pol\u00edcia Rodovi\u00e1ria Federal tamb\u00e9m autuou um ve\u00edculo que estava a 182 km\/h. As infra\u00e7\u00f5es foram registradas no s\u00e1bado (29). Na BR-060, os motoristas tamb\u00e9m abusaram da velocidade. Em um<\/p>\n","protected":false},"author":2,"featured_media":132,"comment_status":"open","ping_status":"open","sticky":false,"template":"","format":"standard","meta":{"footnotes":""},"categories":[22],"tags":[],"class_list":["post-131","post","type-post","status-publish","format-standard","has-post-thumbnail","hentry","category-catalao"],"yoast_head":"<!-- This site is optimized with the Yoast SEO plugin v25.8 - https:\/\/yoast.com\/wordpress\/plugins\/seo\/ -->\n<title>Carro \u00e9 flagrado trafegando a 193 km\/h na BR-050 - Jornal Ultimos Acontecimentos<\/title>\n<meta name=\"robots\" content=\"index, follow, max-snippet:-1, max-image-preview:large, max-video-preview:-1\" \/>\n<link rel=\"canonical\" href=\"https:\/\/juacontecimentos.com.br\/site\/carro-e-flagrado-trafegando-a-193-kmh-na-br-050\/\" \/>\n<meta property=\"og:locale\" content=\"pt_BR\" \/>\n<meta property=\"og:type\" content=\"article\" \/>\n<meta property=\"og:title\" content=\"Carro \u00e9 flagrado trafegando a 193 km\/h na BR-050 - Jornal Ultimos Acontecimentos\" \/>\n<meta property=\"og:description\" content=\"Um motorista foi flagrado dirigindo a 193 km\/h na BR-050, em Catal\u00e3o. No trecho, a velocidade m\u00e1xima permitida \u00e9 de 110 km\/h. Na mesma rodovia, a Pol\u00edcia Rodovi\u00e1ria Federal tamb\u00e9m autuou um ve\u00edculo que estava a 182 km\/h. As infra\u00e7\u00f5es foram registradas no s\u00e1bado (29). Na BR-060, os motoristas tamb\u00e9m abusaram da velocidade. Em um\" \/>\n<meta property=\"og:url\" content=\"https:\/\/juacontecimentos.com.br\/site\/carro-e-flagrado-trafegando-a-193-kmh-na-br-050\/\" \/>\n<meta property=\"og:site_name\" content=\"Jornal Ultimos Acontecimentos\" \/>\n<meta property=\"article:publisher\" content=\"https:\/\/www.facebook.com\/jultimosacontecimentos\/\" \/>\n<meta property=\"article:published_time\" content=\"2017-05-11T12:53:51+00:00\" \/>\n<meta property=\"article:modified_time\" content=\"2017-05-15T02:42:25+00:00\" \/>\n<meta property=\"og:image\" content=\"https:\/\/juacontecimentos.com.br\/site\/wp-content\/uploads\/2017\/05\/carro.jpg\" \/>\n\t<meta property=\"og:image:width\" content=\"1600\" \/>\n\t<meta property=\"og:image:height\" content=\"1002\" \/>\n\t<meta property=\"og:image:type\" content=\"image\/jpeg\" \/>\n<meta name=\"author\" content=\"Reginaldo Ribeiro\" \/>\n<meta name=\"twitter:card\" content=\"summary_large_image\" \/>\n<meta name=\"twitter:label1\" content=\"Escrito por\" \/>\n\t<meta name=\"twitter:data1\" content=\"Reginaldo Ribeiro\" \/>\n\t<meta name=\"twitter:label2\" content=\"Est. tempo de leitura\" \/>\n\t<meta name=\"twitter:data2\" content=\"1 minuto\" \/>\n<script type=\"application\/ld+json\" class=\"yoast-schema-graph\">{\"@context\":\"https:\/\/schema.org\",\"@graph\":[{\"@type\":\"Article\",\"@id\":\"https:\/\/juacontecimentos.com.br\/site\/carro-e-flagrado-trafegando-a-193-kmh-na-br-050\/#article\",\"isPartOf\":{\"@id\":\"https:\/\/juacontecimentos.com.br\/site\/carro-e-flagrado-trafegando-a-193-kmh-na-br-050\/\"},\"author\":{\"name\":\"Reginaldo Ribeiro\",\"@id\":\"https:\/\/juacontecimentos.com.br\/site\/#\/schema\/person\/082a54e6d3fdd7a633291428521c9669\"},\"headline\":\"Carro \u00e9 flagrado trafegando a 193 km\/h na BR-050\",\"datePublished\":\"2017-05-11T12:53:51+00:00\",\"dateModified\":\"2017-05-15T02:42:25+00:00\",\"mainEntityOfPage\":{\"@id\":\"https:\/\/juacontecimentos.com.br\/site\/carro-e-flagrado-trafegando-a-193-kmh-na-br-050\/\"},\"wordCount\":171,\"commentCount\":0,\"publisher\":{\"@id\":\"https:\/\/juacontecimentos.com.br\/site\/#organization\"},\"image\":{\"@id\":\"https:\/\/juacontecimentos.com.br\/site\/carro-e-flagrado-trafegando-a-193-kmh-na-br-050\/#primaryimage\"},\"thumbnailUrl\":\"https:\/\/juacontecimentos.com.br\/site\/wp-content\/uploads\/2017\/05\/carro.jpg\",\"articleSection\":[\"Catal\u00e3o\"],\"inLanguage\":\"pt-BR\"},{\"@type\":\"WebPage\",\"@id\":\"https:\/\/juacontecimentos.com.br\/site\/carro-e-flagrado-trafegando-a-193-kmh-na-br-050\/\",\"url\":\"https:\/\/juacontecimentos.com.br\/site\/carro-e-flagrado-trafegando-a-193-kmh-na-br-050\/\",\"name\":\"Carro \u00e9 flagrado trafegando a 193 km\/h na BR-050 - Jornal Ultimos Acontecimentos\",\"isPartOf\":{\"@id\":\"https:\/\/juacontecimentos.com.br\/site\/#website\"},\"primaryImageOfPage\":{\"@id\":\"https:\/\/juacontecimentos.com.br\/site\/carro-e-flagrado-trafegando-a-193-kmh-na-br-050\/#primaryimage\"},\"image\":{\"@id\":\"https:\/\/juacontecimentos.com.br\/site\/carro-e-flagrado-trafegando-a-193-kmh-na-br-050\/#primaryimage\"},\"thumbnailUrl\":\"https:\/\/juacontecimentos.com.br\/site\/wp-content\/uploads\/2017\/05\/carro.jpg\",\"datePublished\":\"2017-05-11T12:53:51+00:00\",\"dateModified\":\"2017-05-15T02:42:25+00:00\",\"breadcrumb\":{\"@id\":\"https:\/\/juacontecimentos.com.br\/site\/carro-e-flagrado-trafegando-a-193-kmh-na-br-050\/#breadcrumb\"},\"inLanguage\":\"pt-BR\",\"potentialAction\":[{\"@type\":\"ReadAction\",\"target\":[\"https:\/\/juacontecimentos.com.br\/site\/carro-e-flagrado-trafegando-a-193-kmh-na-br-050\/\"]}]},{\"@type\":\"ImageObject\",\"inLanguage\":\"pt-BR\",\"@id\":\"https:\/\/juacontecimentos.com.br\/site\/carro-e-flagrado-trafegando-a-193-kmh-na-br-050\/#primaryimage\",\"url\":\"https:\/\/juacontecimentos.com.br\/site\/wp-content\/uploads\/2017\/05\/carro.jpg\",\"contentUrl\":\"https:\/\/juacontecimentos.com.br\/site\/wp-content\/uploads\/2017\/05\/carro.jpg\",\"width\":1600,\"height\":1002},{\"@type\":\"BreadcrumbList\",\"@id\":\"https:\/\/juacontecimentos.com.br\/site\/carro-e-flagrado-trafegando-a-193-kmh-na-br-050\/#breadcrumb\",\"itemListElement\":[{\"@type\":\"ListItem\",\"position\":1,\"name\":\"In\u00edcio\",\"item\":\"https:\/\/juacontecimentos.com.br\/site\/\"},{\"@type\":\"ListItem\",\"position\":2,\"name\":\"Carro \u00e9 flagrado trafegando a 193 km\/h na BR-050\"}]},{\"@type\":\"WebSite\",\"@id\":\"https:\/\/juacontecimentos.com.br\/site\/#website\",\"url\":\"https:\/\/juacontecimentos.com.br\/site\/\",\"name\":\"Jornal Ultimos Acontecimentos\",\"description\":\"Catal\u00e3o e regi\u00e3o\",\"publisher\":{\"@id\":\"https:\/\/juacontecimentos.com.br\/site\/#organization\"},\"potentialAction\":[{\"@type\":\"SearchAction\",\"target\":{\"@type\":\"EntryPoint\",\"urlTemplate\":\"https:\/\/juacontecimentos.com.br\/site\/?s={search_term_string}\"},\"query-input\":{\"@type\":\"PropertyValueSpecification\",\"valueRequired\":true,\"valueName\":\"search_term_string\"}}],\"inLanguage\":\"pt-BR\"},{\"@type\":\"Organization\",\"@id\":\"https:\/\/juacontecimentos.com.br\/site\/#organization\",\"name\":\"Jornal Ultimos Acontecimentos\",\"url\":\"https:\/\/juacontecimentos.com.br\/site\/\",\"logo\":{\"@type\":\"ImageObject\",\"inLanguage\":\"pt-BR\",\"@id\":\"https:\/\/juacontecimentos.com.br\/site\/#\/schema\/logo\/image\/\",\"url\":\"https:\/\/juacontecimentos.com.br\/site\/wp-content\/uploads\/2023\/04\/Logo_Site.png\",\"contentUrl\":\"https:\/\/juacontecimentos.com.br\/site\/wp-content\/uploads\/2023\/04\/Logo_Site.png\",\"width\":2476,\"height\":530,\"caption\":\"Jornal Ultimos Acontecimentos\"},\"image\":{\"@id\":\"https:\/\/juacontecimentos.com.br\/site\/#\/schema\/logo\/image\/\"},\"sameAs\":[\"https:\/\/www.facebook.com\/jultimosacontecimentos\/\"]},{\"@type\":\"Person\",\"@id\":\"https:\/\/juacontecimentos.com.br\/site\/#\/schema\/person\/082a54e6d3fdd7a633291428521c9669\",\"name\":\"Reginaldo Ribeiro\",\"image\":{\"@type\":\"ImageObject\",\"inLanguage\":\"pt-BR\",\"@id\":\"https:\/\/juacontecimentos.com.br\/site\/#\/schema\/person\/image\/\",\"url\":\"https:\/\/secure.gravatar.com\/avatar\/5c16c6837c3490270a74d888c2a845728f06bdde1f8761de1de1d1d1ef82d12f?s=96&d=mm&r=g\",\"contentUrl\":\"https:\/\/secure.gravatar.com\/avatar\/5c16c6837c3490270a74d888c2a845728f06bdde1f8761de1de1d1d1ef82d12f?s=96&d=mm&r=g\",\"caption\":\"Reginaldo Ribeiro\"}}]}<\/script>\n<!-- \/ Yoast SEO plugin. -->","yoast_head_json":{"title":"Carro \u00e9 flagrado trafegando a 193 km\/h na BR-050 - Jornal Ultimos Acontecimentos","robots":{"index":"index","follow":"follow","max-snippet":"max-snippet:-1","max-image-preview":"max-image-preview:large","max-video-preview":"max-video-preview:-1"},"canonical":"https:\/\/juacontecimentos.com.br\/site\/carro-e-flagrado-trafegando-a-193-kmh-na-br-050\/","og_locale":"pt_BR","og_type":"article","og_title":"Carro \u00e9 flagrado trafegando a 193 km\/h na BR-050 - Jornal Ultimos Acontecimentos","og_description":"Um motorista foi flagrado dirigindo a 193 km\/h na BR-050, em Catal\u00e3o. No trecho, a velocidade m\u00e1xima permitida \u00e9 de 110 km\/h. Na mesma rodovia, a Pol\u00edcia Rodovi\u00e1ria Federal tamb\u00e9m autuou um ve\u00edculo que estava a 182 km\/h. As infra\u00e7\u00f5es foram registradas no s\u00e1bado (29). Na BR-060, os motoristas tamb\u00e9m abusaram da velocidade. Em um","og_url":"https:\/\/juacontecimentos.com.br\/site\/carro-e-flagrado-trafegando-a-193-kmh-na-br-050\/","og_site_name":"Jornal Ultimos Acontecimentos","article_publisher":"https:\/\/www.facebook.com\/jultimosacontecimentos\/","article_published_time":"2017-05-11T12:53:51+00:00","article_modified_time":"2017-05-15T02:42:25+00:00","og_image":[{"width":1600,"height":1002,"url":"https:\/\/juacontecimentos.com.br\/site\/wp-content\/uploads\/2017\/05\/carro.jpg","type":"image\/jpeg"}],"author":"Reginaldo Ribeiro","twitter_card":"summary_large_image","twitter_misc":{"Escrito por":"Reginaldo Ribeiro","Est. tempo de leitura":"1 minuto"},"schema":{"@context":"https:\/\/schema.org","@graph":[{"@type":"Article","@id":"https:\/\/juacontecimentos.com.br\/site\/carro-e-flagrado-trafegando-a-193-kmh-na-br-050\/#article","isPartOf":{"@id":"https:\/\/juacontecimentos.com.br\/site\/carro-e-flagrado-trafegando-a-193-kmh-na-br-050\/"},"author":{"name":"Reginaldo Ribeiro","@id":"https:\/\/juacontecimentos.com.br\/site\/#\/schema\/person\/082a54e6d3fdd7a633291428521c9669"},"headline":"Carro \u00e9 flagrado trafegando a 193 km\/h na BR-050","datePublished":"2017-05-11T12:53:51+00:00","dateModified":"2017-05-15T02:42:25+00:00","mainEntityOfPage":{"@id":"https:\/\/juacontecimentos.com.br\/site\/carro-e-flagrado-trafegando-a-193-kmh-na-br-050\/"},"wordCount":171,"commentCount":0,"publisher":{"@id":"https:\/\/juacontecimentos.com.br\/site\/#organization"},"image":{"@id":"https:\/\/juacontecimentos.com.br\/site\/carro-e-flagrado-trafegando-a-193-kmh-na-br-050\/#primaryimage"},"thumbnailUrl":"https:\/\/juacontecimentos.com.br\/site\/wp-content\/uploads\/2017\/05\/carro.jpg","articleSection":["Catal\u00e3o"],"inLanguage":"pt-BR"},{"@type":"WebPage","@id":"https:\/\/juacontecimentos.com.br\/site\/carro-e-flagrado-trafegando-a-193-kmh-na-br-050\/","url":"https:\/\/juacontecimentos.com.br\/site\/carro-e-flagrado-trafegando-a-193-kmh-na-br-050\/","name":"Carro \u00e9 flagrado trafegando a 193 km\/h na BR-050 - Jornal Ultimos Acontecimentos","isPartOf":{"@id":"https:\/\/juacontecimentos.com.br\/site\/#website"},"primaryImageOfPage":{"@id":"https:\/\/juacontecimentos.com.br\/site\/carro-e-flagrado-trafegando-a-193-kmh-na-br-050\/#primaryimage"},"image":{"@id":"https:\/\/juacontecimentos.com.br\/site\/carro-e-flagrado-trafegando-a-193-kmh-na-br-050\/#primaryimage"},"thumbnailUrl":"https:\/\/juacontecimentos.com.br\/site\/wp-content\/uploads\/2017\/05\/carro.jpg","datePublished":"2017-05-11T12:53:51+00:00","dateModified":"2017-05-15T02:42:25+00:00","breadcrumb":{"@id":"https:\/\/juacontecimentos.com.br\/site\/carro-e-flagrado-trafegando-a-193-kmh-na-br-050\/#breadcrumb"},"inLanguage":"pt-BR","potentialAction":[{"@type":"ReadAction","target":["https:\/\/juacontecimentos.com.br\/site\/carro-e-flagrado-trafegando-a-193-kmh-na-br-050\/"]}]},{"@type":"ImageObject","inLanguage":"pt-BR","@id":"https:\/\/juacontecimentos.com.br\/site\/carro-e-flagrado-trafegando-a-193-kmh-na-br-050\/#primaryimage","url":"https:\/\/juacontecimentos.com.br\/site\/wp-content\/uploads\/2017\/05\/carro.jpg","contentUrl":"https:\/\/juacontecimentos.com.br\/site\/wp-content\/uploads\/2017\/05\/carro.jpg","width":1600,"height":1002},{"@type":"BreadcrumbList","@id":"https:\/\/juacontecimentos.com.br\/site\/carro-e-flagrado-trafegando-a-193-kmh-na-br-050\/#breadcrumb","itemListElement":[{"@type":"ListItem","position":1,"name":"In\u00edcio","item":"https:\/\/juacontecimentos.com.br\/site\/"},{"@type":"ListItem","position":2,"name":"Carro \u00e9 flagrado trafegando a 193 km\/h na BR-050"}]},{"@type":"WebSite","@id":"https:\/\/juacontecimentos.com.br\/site\/#website","url":"https:\/\/juacontecimentos.com.br\/site\/","name":"Jornal Ultimos Acontecimentos","description":"Catal\u00e3o e regi\u00e3o","publisher":{"@id":"https:\/\/juacontecimentos.com.br\/site\/#organization"},"potentialAction":[{"@type":"SearchAction","target":{"@type":"EntryPoint","urlTemplate":"https:\/\/juacontecimentos.com.br\/site\/?s={search_term_string}"},"query-input":{"@type":"PropertyValueSpecification","valueRequired":true,"valueName":"search_term_string"}}],"inLanguage":"pt-BR"},{"@type":"Organization","@id":"https:\/\/juacontecimentos.com.br\/site\/#organization","name":"Jornal Ultimos Acontecimentos","url":"https:\/\/juacontecimentos.com.br\/site\/","logo":{"@type":"ImageObject","inLanguage":"pt-BR","@id":"https:\/\/juacontecimentos.com.br\/site\/#\/schema\/logo\/image\/","url":"https:\/\/juacontecimentos.com.br\/site\/wp-content\/uploads\/2023\/04\/Logo_Site.png","contentUrl":"https:\/\/juacontecimentos.com.br\/site\/wp-content\/uploads\/2023\/04\/Logo_Site.png","width":2476,"height":530,"caption":"Jornal Ultimos Acontecimentos"},"image":{"@id":"https:\/\/juacontecimentos.com.br\/site\/#\/schema\/logo\/image\/"},"sameAs":["https:\/\/www.facebook.com\/jultimosacontecimentos\/"]},{"@type":"Person","@id":"https:\/\/juacontecimentos.com.br\/site\/#\/schema\/person\/082a54e6d3fdd7a633291428521c9669","name":"Reginaldo Ribeiro","image":{"@type":"ImageObject","inLanguage":"pt-BR","@id":"https:\/\/juacontecimentos.com.br\/site\/#\/schema\/person\/image\/","url":"https:\/\/secure.gravatar.com\/avatar\/5c16c6837c3490270a74d888c2a845728f06bdde1f8761de1de1d1d1ef82d12f?s=96&d=mm&r=g","contentUrl":"https:\/\/secure.gravatar.com\/avatar\/5c16c6837c3490270a74d888c2a845728f06bdde1f8761de1de1d1d1ef82d12f?s=96&d=mm&r=g","caption":"Reginaldo Ribeiro"}}]}},"_links":{"self":[{"href":"https:\/\/juacontecimentos.com.br\/site\/wp-json\/wp\/v2\/posts\/131","targetHints":{"allow":["GET"]}}],"collection":[{"href":"https:\/\/juacontecimentos.com.br\/site\/wp-json\/wp\/v2\/posts"}],"about":[{"href":"https:\/\/juacontecimentos.com.br\/site\/wp-json\/wp\/v2\/types\/post"}],"author":[{"embeddable":true,"href":"https:\/\/juacontecimentos.com.br\/site\/wp-json\/wp\/v2\/users\/2"}],"replies":[{"embeddable":true,"href":"https:\/\/juacontecimentos.com.br\/site\/wp-json\/wp\/v2\/comments?post=131"}],"version-history":[{"count":2,"href":"https:\/\/juacontecimentos.com.br\/site\/wp-json\/wp\/v2\/posts\/131\/revisions"}],"predecessor-version":[{"id":134,"href":"https:\/\/juacontecimentos.com.br\/site\/wp-json\/wp\/v2\/posts\/131\/revisions\/134"}],"wp:featuredmedia":[{"embeddable":true,"href":"https:\/\/juacontecimentos.com.br\/site\/wp-json\/wp\/v2\/media\/132"}],"wp:attachment":[{"href":"https:\/\/juacontecimentos.com.br\/site\/wp-json\/wp\/v2\/media?parent=131"}],"wp:term":[{"taxonomy":"category","embeddable":true,"href":"https:\/\/juacontecimentos.com.br\/site\/wp-json\/wp\/v2\/categories?post=131"},{"taxonomy":"post_tag","embeddable":true,"href":"https:\/\/juacontecimentos.com.br\/site\/wp-json\/wp\/v2\/tags?post=131"}],"curies":[{"name":"wp","href":"https:\/\/api.w.org\/{rel}","templated":true}]}}