{"id":13181,"date":"2021-02-09T05:45:25","date_gmt":"2021-02-09T08:45:25","guid":{"rendered":"https:\/\/juacontecimentos.com.br\/site\/?p=13181"},"modified":"2021-02-09T05:45:25","modified_gmt":"2021-02-09T08:45:25","slug":"joao-doria-faz-ofensiva-para-receber-parte-do-dem","status":"publish","type":"post","link":"https:\/\/juacontecimentos.com.br\/site\/joao-doria-faz-ofensiva-para-receber-parte-do-dem\/","title":{"rendered":"Jo\u00e3o Doria faz ofensiva para receber parte do DEM"},"content":{"rendered":"<p><img loading=\"lazy\" decoding=\"async\" class=\"alignnone size-full wp-image-13182\" src=\"https:\/\/juacontecimentos.com.br\/site\/wp-content\/uploads\/2021\/02\/image-3-4.jpg\" alt=\"\" width=\"800\" height=\"594\" srcset=\"https:\/\/juacontecimentos.com.br\/site\/wp-content\/uploads\/2021\/02\/image-3-4.jpg 800w, https:\/\/juacontecimentos.com.br\/site\/wp-content\/uploads\/2021\/02\/image-3-4-300x223.jpg 300w, https:\/\/juacontecimentos.com.br\/site\/wp-content\/uploads\/2021\/02\/image-3-4-768x570.jpg 768w\" sizes=\"auto, (max-width: 800px) 100vw, 800px\" \/><\/p>\n<p class=\"TEXTO\">Preocupado com o racha no PSDB apresentado na elei\u00e7\u00e3o da C\u00e2mara dos Deputados, quando boa parte do partido apoiou o candidato de Jair Bolsonaro \u00e0 presid\u00eancia da Casa, o governador Jo\u00e3o Doria (SP) decidiu apresentar um ultimato \u00e0 c\u00fapula tucana.<\/p>\n<p class=\"TEXTO\">Em jantar na noite de ontem no Pal\u00e1cio dos Bandeirantes, estava previsto que Doria iria colocar na mesa a proposta de expurgar o partido do grupo de A\u00e9cio Neves (MG) e de absorver dissidentes do DEM ligados ao ex-presidente da C\u00e2mara, Rodrigo Maia.<\/p>\n<p class=\"TEXTO\">O deputado do PSDB mineiro \u00e9 visto pelo entorno do governador como o motor do governismo latente no partido e principal obst\u00e1culo interno para a candidatura de Doria, hoje maior rival de Bolsonaro em cargo eletivo, \u00e0 Presid\u00eancia no ano que vem.<\/p>\n<p class=\"TEXTO\">A proposta ser\u00e1 servida de entrada no Bandeirantes, j\u00e1 que foi informada no convite aos comensais desta noite. Na pr\u00e1tica, ela coloca o partido alinhado \u00e0 tese da postula\u00e7\u00e3o de Doria em 2022, refor\u00e7ando sua posi\u00e7\u00e3o no momento em que at\u00e9 aqui aliado DEM rachou e assumiu ares neobolsonaristas.<\/p>\n<p class=\"TEXTO\">A alternativa, pela l\u00f3gica, seria a sa\u00edda de Doria do PSDB. Mas seus aliados n\u00e3o consideram essa hip\u00f3tese prov\u00e1vel hoje.<\/p>\n<p class=\"TEXTO\">A contrariedade com o mineiro \u00e9 partilhada pela ala hist\u00f3rica do partido, a velha guarda liderada por Fernando Henrique Cardoso. O ex-presidente e outros integrantes do grupo, como o senador Jos\u00e9 Serra (SP) e o ex-senador Aloysio Nunes Ferreira (SP), foram convidados para o jantar.<\/p>\n<p class=\"TEXTO\">Devem participar membros da c\u00fapula tucana, como o presidente do partido, Bruno Ara\u00fajo, e o l\u00edder do partido na C\u00e2mara, Rodrigo de Castro (MG), que \u00e9 pr\u00f3ximo de A\u00e9cio.<\/p>\n<p class=\"INTERTITULO\"><b>Plano<\/b><\/p>\n<p class=\"TEXTO\">O plano de Doria havia sido delineado j\u00e1 na v\u00e9spera da elei\u00e7\u00e3o no Congresso, ocorrida na segunda passada (1\u00ba), quando ficou clara a implos\u00e3o do DEM.<\/p>\n<p class=\"TEXTO\">O partido de Rodrigo Maia deixou naquele domingo (31) o apoio ao candidato dele \u00e0 sua sucess\u00e3o, Baleia Rossi (MDB), que tamb\u00e9m era o nome de Doria na disputa com Arthur Lira (PP-AL), o rei do Centr\u00e3o apoiado pelo Planalto.<\/p>\n<p class=\"TEXTO\">A desist\u00eancia do DEM, patrocinada pelo presidente da sigla, ACM Neto, quase levou o PSDB junto. Na noite de domingo, Bruno Ara\u00fajo ligou para Doria e o informou que seria muito dif\u00edcil segurar o partido no bloco de apoio a Baleia.<\/p>\n<p class=\"TEXTO\">No come\u00e7o da madrugada de segunda, os deputados Rodrigo de Castro, Carlos Sampaio (SP) e Eduardo Cury (SP) foram \u00e0 casa de Lira anunciar que o partido deveria ficar independente &#8211; na pr\u00e1tica, liberando os cerca de 15 ou 20 de 31 deputados que votariam de qualquer forma no l\u00edder do Centr\u00e3o.<\/p>\n<p class=\"TEXTO\">Maia entrou em a\u00e7\u00e3o e contatou A\u00e9cio, visto como apoiador dos deputados. O mineiro argumentou que os deputados estavam votando porque a torneira de emendas parlamentares do Planalto havia secado para eles nos dois \u00faltimos anos, mas disse que trabalharia para o PSDB se manter nominalmente no bloco de Baleia.<\/p>\n<p class=\"TEXTO\">Esse relato d\u00e1 matizes \u00e0 crise na segunda cedo, quando s\u00f3 transparecera que Doria e FHC haviam trabalhado para que o partido ficasse no bloco. Para seus interlocutores, foi uma prova de que A\u00e9cio n\u00e3o teria operado para Lira.<\/p>\n<p class=\"TEXTO\">Mas, na vis\u00e3o dos aliados do governador paulista, o gesto de A\u00e9cio foi apenas um ato de respeito prestado a Maia na despedida do cargo.<\/p>\n<p class=\"TEXTO\">No domingo (7), Doria recebeu o ex-presidente da C\u00e2mara e o seu vice-governador, Rodrigo Garcia, que tamb\u00e9m \u00e9 do DEM. Ambos foram convidados para integrar o PSDB, algo que o tucano confirmou em entrevista coletiva na tarde de ontem.<\/p>\n<p class=\"TEXTO\">\u201cFicaremos muito felizes se eles aceitarem\u201d, disse. \u201cFez bem o PSDB em convidar Rodrigo Maia para entrar no partido. Presidiu corretamente a C\u00e2mara e \u00e9 bom quadro pol\u00edtico. Tomara que aceite\u201d, escreveu FHC no Twitter no come\u00e7o da noite.<\/p>\n<p class=\"TEXTO\">No caso de Garcia, a possibilidade \u00e9 bastante grande, j\u00e1 que o DEM deixou de ser um partido com o qual Doria conta para 2022.<\/p>\n<p><\/p>\n","protected":false},"excerpt":{"rendered":"<p>Preocupado com o racha no PSDB apresentado na elei\u00e7\u00e3o da C\u00e2mara dos Deputados, quando boa parte do partido apoiou o candidato de Jair Bolsonaro \u00e0 presid\u00eancia da Casa, o governador Jo\u00e3o Doria (SP) decidiu apresentar um ultimato \u00e0 c\u00fapula tucana. Em jantar na noite de ontem no Pal\u00e1cio dos Bandeirantes, estava previsto que Doria iria<\/p>\n","protected":false},"author":2,"featured_media":13183,"comment_status":"open","ping_status":"open","sticky":false,"template":"","format":"standard","meta":{"footnotes":""},"categories":[27,22,26,23],"tags":[],"class_list":["post-13181","post","type-post","status-publish","format-standard","has-post-thumbnail","hentry","category-brasil","category-catalao","category-destaque","category-goias"],"yoast_head":"<!-- This site is optimized with the Yoast SEO plugin v25.8 - https:\/\/yoast.com\/wordpress\/plugins\/seo\/ -->\n<title>Jo\u00e3o Doria faz ofensiva para receber parte do DEM - Jornal Ultimos Acontecimentos<\/title>\n<meta name=\"robots\" content=\"index, follow, max-snippet:-1, max-image-preview:large, max-video-preview:-1\" \/>\n<link rel=\"canonical\" href=\"https:\/\/juacontecimentos.com.br\/site\/joao-doria-faz-ofensiva-para-receber-parte-do-dem\/\" \/>\n<meta property=\"og:locale\" content=\"pt_BR\" \/>\n<meta property=\"og:type\" content=\"article\" \/>\n<meta property=\"og:title\" content=\"Jo\u00e3o Doria faz ofensiva para receber parte do DEM - Jornal Ultimos Acontecimentos\" \/>\n<meta property=\"og:description\" content=\"Preocupado com o racha no PSDB apresentado na elei\u00e7\u00e3o da C\u00e2mara dos Deputados, quando boa parte do partido apoiou o candidato de Jair Bolsonaro \u00e0 presid\u00eancia da Casa, o governador Jo\u00e3o Doria (SP) decidiu apresentar um ultimato \u00e0 c\u00fapula tucana. Em jantar na noite de ontem no Pal\u00e1cio dos Bandeirantes, estava previsto que Doria iria\" \/>\n<meta property=\"og:url\" content=\"https:\/\/juacontecimentos.com.br\/site\/joao-doria-faz-ofensiva-para-receber-parte-do-dem\/\" \/>\n<meta property=\"og:site_name\" content=\"Jornal Ultimos Acontecimentos\" \/>\n<meta property=\"article:publisher\" content=\"https:\/\/www.facebook.com\/jultimosacontecimentos\/\" \/>\n<meta property=\"article:published_time\" content=\"2021-02-09T08:45:25+00:00\" \/>\n<meta property=\"og:image\" content=\"https:\/\/juacontecimentos.com.br\/site\/wp-content\/uploads\/2021\/02\/image-3-5.jpg\" \/>\n\t<meta property=\"og:image:width\" content=\"800\" \/>\n\t<meta property=\"og:image:height\" content=\"594\" \/>\n\t<meta property=\"og:image:type\" content=\"image\/jpeg\" \/>\n<meta name=\"author\" content=\"Reginaldo Ribeiro\" \/>\n<meta name=\"twitter:card\" content=\"summary_large_image\" \/>\n<meta name=\"twitter:label1\" content=\"Escrito por\" \/>\n\t<meta name=\"twitter:data1\" content=\"Reginaldo Ribeiro\" \/>\n\t<meta name=\"twitter:label2\" content=\"Est. tempo de leitura\" \/>\n\t<meta name=\"twitter:data2\" content=\"3 minutos\" \/>\n<script type=\"application\/ld+json\" class=\"yoast-schema-graph\">{\"@context\":\"https:\/\/schema.org\",\"@graph\":[{\"@type\":\"Article\",\"@id\":\"https:\/\/juacontecimentos.com.br\/site\/joao-doria-faz-ofensiva-para-receber-parte-do-dem\/#article\",\"isPartOf\":{\"@id\":\"https:\/\/juacontecimentos.com.br\/site\/joao-doria-faz-ofensiva-para-receber-parte-do-dem\/\"},\"author\":{\"name\":\"Reginaldo Ribeiro\",\"@id\":\"https:\/\/juacontecimentos.com.br\/site\/#\/schema\/person\/082a54e6d3fdd7a633291428521c9669\"},\"headline\":\"Jo\u00e3o Doria faz ofensiva para receber parte do DEM\",\"datePublished\":\"2021-02-09T08:45:25+00:00\",\"mainEntityOfPage\":{\"@id\":\"https:\/\/juacontecimentos.com.br\/site\/joao-doria-faz-ofensiva-para-receber-parte-do-dem\/\"},\"wordCount\":684,\"commentCount\":0,\"publisher\":{\"@id\":\"https:\/\/juacontecimentos.com.br\/site\/#organization\"},\"image\":{\"@id\":\"https:\/\/juacontecimentos.com.br\/site\/joao-doria-faz-ofensiva-para-receber-parte-do-dem\/#primaryimage\"},\"thumbnailUrl\":\"https:\/\/juacontecimentos.com.br\/site\/wp-content\/uploads\/2021\/02\/image-3-5.jpg\",\"articleSection\":[\"Brasil\",\"Catal\u00e3o\",\"Destaque\",\"Goi\u00e1s\"],\"inLanguage\":\"pt-BR\"},{\"@type\":\"WebPage\",\"@id\":\"https:\/\/juacontecimentos.com.br\/site\/joao-doria-faz-ofensiva-para-receber-parte-do-dem\/\",\"url\":\"https:\/\/juacontecimentos.com.br\/site\/joao-doria-faz-ofensiva-para-receber-parte-do-dem\/\",\"name\":\"Jo\u00e3o Doria faz ofensiva para receber parte do DEM - Jornal Ultimos Acontecimentos\",\"isPartOf\":{\"@id\":\"https:\/\/juacontecimentos.com.br\/site\/#website\"},\"primaryImageOfPage\":{\"@id\":\"https:\/\/juacontecimentos.com.br\/site\/joao-doria-faz-ofensiva-para-receber-parte-do-dem\/#primaryimage\"},\"image\":{\"@id\":\"https:\/\/juacontecimentos.com.br\/site\/joao-doria-faz-ofensiva-para-receber-parte-do-dem\/#primaryimage\"},\"thumbnailUrl\":\"https:\/\/juacontecimentos.com.br\/site\/wp-content\/uploads\/2021\/02\/image-3-5.jpg\",\"datePublished\":\"2021-02-09T08:45:25+00:00\",\"breadcrumb\":{\"@id\":\"https:\/\/juacontecimentos.com.br\/site\/joao-doria-faz-ofensiva-para-receber-parte-do-dem\/#breadcrumb\"},\"inLanguage\":\"pt-BR\",\"potentialAction\":[{\"@type\":\"ReadAction\",\"target\":[\"https:\/\/juacontecimentos.com.br\/site\/joao-doria-faz-ofensiva-para-receber-parte-do-dem\/\"]}]},{\"@type\":\"ImageObject\",\"inLanguage\":\"pt-BR\",\"@id\":\"https:\/\/juacontecimentos.com.br\/site\/joao-doria-faz-ofensiva-para-receber-parte-do-dem\/#primaryimage\",\"url\":\"https:\/\/juacontecimentos.com.br\/site\/wp-content\/uploads\/2021\/02\/image-3-5.jpg\",\"contentUrl\":\"https:\/\/juacontecimentos.com.br\/site\/wp-content\/uploads\/2021\/02\/image-3-5.jpg\",\"width\":800,\"height\":594},{\"@type\":\"BreadcrumbList\",\"@id\":\"https:\/\/juacontecimentos.com.br\/site\/joao-doria-faz-ofensiva-para-receber-parte-do-dem\/#breadcrumb\",\"itemListElement\":[{\"@type\":\"ListItem\",\"position\":1,\"name\":\"In\u00edcio\",\"item\":\"https:\/\/juacontecimentos.com.br\/site\/\"},{\"@type\":\"ListItem\",\"position\":2,\"name\":\"Jo\u00e3o Doria faz ofensiva para receber parte do DEM\"}]},{\"@type\":\"WebSite\",\"@id\":\"https:\/\/juacontecimentos.com.br\/site\/#website\",\"url\":\"https:\/\/juacontecimentos.com.br\/site\/\",\"name\":\"Jornal Ultimos Acontecimentos\",\"description\":\"Catal\u00e3o e regi\u00e3o\",\"publisher\":{\"@id\":\"https:\/\/juacontecimentos.com.br\/site\/#organization\"},\"potentialAction\":[{\"@type\":\"SearchAction\",\"target\":{\"@type\":\"EntryPoint\",\"urlTemplate\":\"https:\/\/juacontecimentos.com.br\/site\/?s={search_term_string}\"},\"query-input\":{\"@type\":\"PropertyValueSpecification\",\"valueRequired\":true,\"valueName\":\"search_term_string\"}}],\"inLanguage\":\"pt-BR\"},{\"@type\":\"Organization\",\"@id\":\"https:\/\/juacontecimentos.com.br\/site\/#organization\",\"name\":\"Jornal Ultimos Acontecimentos\",\"url\":\"https:\/\/juacontecimentos.com.br\/site\/\",\"logo\":{\"@type\":\"ImageObject\",\"inLanguage\":\"pt-BR\",\"@id\":\"https:\/\/juacontecimentos.com.br\/site\/#\/schema\/logo\/image\/\",\"url\":\"https:\/\/juacontecimentos.com.br\/site\/wp-content\/uploads\/2023\/04\/Logo_Site.png\",\"contentUrl\":\"https:\/\/juacontecimentos.com.br\/site\/wp-content\/uploads\/2023\/04\/Logo_Site.png\",\"width\":2476,\"height\":530,\"caption\":\"Jornal Ultimos Acontecimentos\"},\"image\":{\"@id\":\"https:\/\/juacontecimentos.com.br\/site\/#\/schema\/logo\/image\/\"},\"sameAs\":[\"https:\/\/www.facebook.com\/jultimosacontecimentos\/\"]},{\"@type\":\"Person\",\"@id\":\"https:\/\/juacontecimentos.com.br\/site\/#\/schema\/person\/082a54e6d3fdd7a633291428521c9669\",\"name\":\"Reginaldo Ribeiro\",\"image\":{\"@type\":\"ImageObject\",\"inLanguage\":\"pt-BR\",\"@id\":\"https:\/\/juacontecimentos.com.br\/site\/#\/schema\/person\/image\/\",\"url\":\"https:\/\/secure.gravatar.com\/avatar\/5c16c6837c3490270a74d888c2a845728f06bdde1f8761de1de1d1d1ef82d12f?s=96&d=mm&r=g\",\"contentUrl\":\"https:\/\/secure.gravatar.com\/avatar\/5c16c6837c3490270a74d888c2a845728f06bdde1f8761de1de1d1d1ef82d12f?s=96&d=mm&r=g\",\"caption\":\"Reginaldo Ribeiro\"}}]}<\/script>\n<!-- \/ Yoast SEO plugin. -->","yoast_head_json":{"title":"Jo\u00e3o Doria faz ofensiva para receber parte do DEM - Jornal Ultimos Acontecimentos","robots":{"index":"index","follow":"follow","max-snippet":"max-snippet:-1","max-image-preview":"max-image-preview:large","max-video-preview":"max-video-preview:-1"},"canonical":"https:\/\/juacontecimentos.com.br\/site\/joao-doria-faz-ofensiva-para-receber-parte-do-dem\/","og_locale":"pt_BR","og_type":"article","og_title":"Jo\u00e3o Doria faz ofensiva para receber parte do DEM - Jornal Ultimos Acontecimentos","og_description":"Preocupado com o racha no PSDB apresentado na elei\u00e7\u00e3o da C\u00e2mara dos Deputados, quando boa parte do partido apoiou o candidato de Jair Bolsonaro \u00e0 presid\u00eancia da Casa, o governador Jo\u00e3o Doria (SP) decidiu apresentar um ultimato \u00e0 c\u00fapula tucana. Em jantar na noite de ontem no Pal\u00e1cio dos Bandeirantes, estava previsto que Doria iria","og_url":"https:\/\/juacontecimentos.com.br\/site\/joao-doria-faz-ofensiva-para-receber-parte-do-dem\/","og_site_name":"Jornal Ultimos Acontecimentos","article_publisher":"https:\/\/www.facebook.com\/jultimosacontecimentos\/","article_published_time":"2021-02-09T08:45:25+00:00","og_image":[{"width":800,"height":594,"url":"https:\/\/juacontecimentos.com.br\/site\/wp-content\/uploads\/2021\/02\/image-3-5.jpg","type":"image\/jpeg"}],"author":"Reginaldo Ribeiro","twitter_card":"summary_large_image","twitter_misc":{"Escrito por":"Reginaldo Ribeiro","Est. tempo de leitura":"3 minutos"},"schema":{"@context":"https:\/\/schema.org","@graph":[{"@type":"Article","@id":"https:\/\/juacontecimentos.com.br\/site\/joao-doria-faz-ofensiva-para-receber-parte-do-dem\/#article","isPartOf":{"@id":"https:\/\/juacontecimentos.com.br\/site\/joao-doria-faz-ofensiva-para-receber-parte-do-dem\/"},"author":{"name":"Reginaldo Ribeiro","@id":"https:\/\/juacontecimentos.com.br\/site\/#\/schema\/person\/082a54e6d3fdd7a633291428521c9669"},"headline":"Jo\u00e3o Doria faz ofensiva para receber parte do DEM","datePublished":"2021-02-09T08:45:25+00:00","mainEntityOfPage":{"@id":"https:\/\/juacontecimentos.com.br\/site\/joao-doria-faz-ofensiva-para-receber-parte-do-dem\/"},"wordCount":684,"commentCount":0,"publisher":{"@id":"https:\/\/juacontecimentos.com.br\/site\/#organization"},"image":{"@id":"https:\/\/juacontecimentos.com.br\/site\/joao-doria-faz-ofensiva-para-receber-parte-do-dem\/#primaryimage"},"thumbnailUrl":"https:\/\/juacontecimentos.com.br\/site\/wp-content\/uploads\/2021\/02\/image-3-5.jpg","articleSection":["Brasil","Catal\u00e3o","Destaque","Goi\u00e1s"],"inLanguage":"pt-BR"},{"@type":"WebPage","@id":"https:\/\/juacontecimentos.com.br\/site\/joao-doria-faz-ofensiva-para-receber-parte-do-dem\/","url":"https:\/\/juacontecimentos.com.br\/site\/joao-doria-faz-ofensiva-para-receber-parte-do-dem\/","name":"Jo\u00e3o Doria faz ofensiva para receber parte do DEM - Jornal Ultimos Acontecimentos","isPartOf":{"@id":"https:\/\/juacontecimentos.com.br\/site\/#website"},"primaryImageOfPage":{"@id":"https:\/\/juacontecimentos.com.br\/site\/joao-doria-faz-ofensiva-para-receber-parte-do-dem\/#primaryimage"},"image":{"@id":"https:\/\/juacontecimentos.com.br\/site\/joao-doria-faz-ofensiva-para-receber-parte-do-dem\/#primaryimage"},"thumbnailUrl":"https:\/\/juacontecimentos.com.br\/site\/wp-content\/uploads\/2021\/02\/image-3-5.jpg","datePublished":"2021-02-09T08:45:25+00:00","breadcrumb":{"@id":"https:\/\/juacontecimentos.com.br\/site\/joao-doria-faz-ofensiva-para-receber-parte-do-dem\/#breadcrumb"},"inLanguage":"pt-BR","potentialAction":[{"@type":"ReadAction","target":["https:\/\/juacontecimentos.com.br\/site\/joao-doria-faz-ofensiva-para-receber-parte-do-dem\/"]}]},{"@type":"ImageObject","inLanguage":"pt-BR","@id":"https:\/\/juacontecimentos.com.br\/site\/joao-doria-faz-ofensiva-para-receber-parte-do-dem\/#primaryimage","url":"https:\/\/juacontecimentos.com.br\/site\/wp-content\/uploads\/2021\/02\/image-3-5.jpg","contentUrl":"https:\/\/juacontecimentos.com.br\/site\/wp-content\/uploads\/2021\/02\/image-3-5.jpg","width":800,"height":594},{"@type":"BreadcrumbList","@id":"https:\/\/juacontecimentos.com.br\/site\/joao-doria-faz-ofensiva-para-receber-parte-do-dem\/#breadcrumb","itemListElement":[{"@type":"ListItem","position":1,"name":"In\u00edcio","item":"https:\/\/juacontecimentos.com.br\/site\/"},{"@type":"ListItem","position":2,"name":"Jo\u00e3o Doria faz ofensiva para receber parte do DEM"}]},{"@type":"WebSite","@id":"https:\/\/juacontecimentos.com.br\/site\/#website","url":"https:\/\/juacontecimentos.com.br\/site\/","name":"Jornal Ultimos Acontecimentos","description":"Catal\u00e3o e regi\u00e3o","publisher":{"@id":"https:\/\/juacontecimentos.com.br\/site\/#organization"},"potentialAction":[{"@type":"SearchAction","target":{"@type":"EntryPoint","urlTemplate":"https:\/\/juacontecimentos.com.br\/site\/?s={search_term_string}"},"query-input":{"@type":"PropertyValueSpecification","valueRequired":true,"valueName":"search_term_string"}}],"inLanguage":"pt-BR"},{"@type":"Organization","@id":"https:\/\/juacontecimentos.com.br\/site\/#organization","name":"Jornal Ultimos Acontecimentos","url":"https:\/\/juacontecimentos.com.br\/site\/","logo":{"@type":"ImageObject","inLanguage":"pt-BR","@id":"https:\/\/juacontecimentos.com.br\/site\/#\/schema\/logo\/image\/","url":"https:\/\/juacontecimentos.com.br\/site\/wp-content\/uploads\/2023\/04\/Logo_Site.png","contentUrl":"https:\/\/juacontecimentos.com.br\/site\/wp-content\/uploads\/2023\/04\/Logo_Site.png","width":2476,"height":530,"caption":"Jornal Ultimos Acontecimentos"},"image":{"@id":"https:\/\/juacontecimentos.com.br\/site\/#\/schema\/logo\/image\/"},"sameAs":["https:\/\/www.facebook.com\/jultimosacontecimentos\/"]},{"@type":"Person","@id":"https:\/\/juacontecimentos.com.br\/site\/#\/schema\/person\/082a54e6d3fdd7a633291428521c9669","name":"Reginaldo Ribeiro","image":{"@type":"ImageObject","inLanguage":"pt-BR","@id":"https:\/\/juacontecimentos.com.br\/site\/#\/schema\/person\/image\/","url":"https:\/\/secure.gravatar.com\/avatar\/5c16c6837c3490270a74d888c2a845728f06bdde1f8761de1de1d1d1ef82d12f?s=96&d=mm&r=g","contentUrl":"https:\/\/secure.gravatar.com\/avatar\/5c16c6837c3490270a74d888c2a845728f06bdde1f8761de1de1d1d1ef82d12f?s=96&d=mm&r=g","caption":"Reginaldo Ribeiro"}}]}},"_links":{"self":[{"href":"https:\/\/juacontecimentos.com.br\/site\/wp-json\/wp\/v2\/posts\/13181","targetHints":{"allow":["GET"]}}],"collection":[{"href":"https:\/\/juacontecimentos.com.br\/site\/wp-json\/wp\/v2\/posts"}],"about":[{"href":"https:\/\/juacontecimentos.com.br\/site\/wp-json\/wp\/v2\/types\/post"}],"author":[{"embeddable":true,"href":"https:\/\/juacontecimentos.com.br\/site\/wp-json\/wp\/v2\/users\/2"}],"replies":[{"embeddable":true,"href":"https:\/\/juacontecimentos.com.br\/site\/wp-json\/wp\/v2\/comments?post=13181"}],"version-history":[{"count":1,"href":"https:\/\/juacontecimentos.com.br\/site\/wp-json\/wp\/v2\/posts\/13181\/revisions"}],"predecessor-version":[{"id":13184,"href":"https:\/\/juacontecimentos.com.br\/site\/wp-json\/wp\/v2\/posts\/13181\/revisions\/13184"}],"wp:featuredmedia":[{"embeddable":true,"href":"https:\/\/juacontecimentos.com.br\/site\/wp-json\/wp\/v2\/media\/13183"}],"wp:attachment":[{"href":"https:\/\/juacontecimentos.com.br\/site\/wp-json\/wp\/v2\/media?parent=13181"}],"wp:term":[{"taxonomy":"category","embeddable":true,"href":"https:\/\/juacontecimentos.com.br\/site\/wp-json\/wp\/v2\/categories?post=13181"},{"taxonomy":"post_tag","embeddable":true,"href":"https:\/\/juacontecimentos.com.br\/site\/wp-json\/wp\/v2\/tags?post=13181"}],"curies":[{"name":"wp","href":"https:\/\/api.w.org\/{rel}","templated":true}]}}