{"id":13252,"date":"2021-02-11T18:37:52","date_gmt":"2021-02-11T21:37:52","guid":{"rendered":"https:\/\/juacontecimentos.com.br\/site\/?p=13252"},"modified":"2021-02-11T18:37:52","modified_gmt":"2021-02-11T21:37:52","slug":"mp-investiga-vacinacao-em-personal-trainers-veterinarios-e-politicos-em-orizona","status":"publish","type":"post","link":"https:\/\/juacontecimentos.com.br\/site\/mp-investiga-vacinacao-em-personal-trainers-veterinarios-e-politicos-em-orizona\/","title":{"rendered":"MP investiga vacina\u00e7\u00e3o em personal trainers, veterin\u00e1rios e pol\u00edticos em Orizona"},"content":{"rendered":"<h3>Lista divulgada pela prefeitura incluiu nomes de funcion\u00e1rios p\u00fablicos e agentes pol\u00edticos, incluindo o do secret\u00e1rio de sa\u00fade do munic\u00edpio, antes da imuniza\u00e7\u00e3o de idosos<img loading=\"lazy\" decoding=\"async\" class=\"alignnone size-full wp-image-13253\" src=\"https:\/\/juacontecimentos.com.br\/site\/wp-content\/uploads\/2021\/02\/image-1.png\" alt=\"\" width=\"800\" height=\"565\" srcset=\"https:\/\/juacontecimentos.com.br\/site\/wp-content\/uploads\/2021\/02\/image-1.png 800w, https:\/\/juacontecimentos.com.br\/site\/wp-content\/uploads\/2021\/02\/image-1-300x212.png 300w, https:\/\/juacontecimentos.com.br\/site\/wp-content\/uploads\/2021\/02\/image-1-768x542.png 768w, https:\/\/juacontecimentos.com.br\/site\/wp-content\/uploads\/2021\/02\/image-1-184x130.png 184w\" sizes=\"auto, (max-width: 800px) 100vw, 800px\" \/><\/h3>\n<p>O Minist\u00e9rio P\u00fablico do Estado de Goi\u00e1s (MP-GO) instaurou inqu\u00e9rito civil p\u00fablico para apurar improbidade administrativa na execu\u00e7\u00e3o do Plano Nacional de Vacina\u00e7\u00e3o (PNV) contra a Covid-19 em Orizona. Em lista divulgada pela prefeitura constam nomes de funcion\u00e1rios p\u00fablicos, agentes pol\u00edticos, incluindo o secret\u00e1rio de sa\u00fade do munic\u00edpio, m\u00e9dicos veterin\u00e1rios e personal trainers que foram imunizados antes de idosos. Ao POPULAR, o titular da pasta, Renato Vieira da Cunha, afirmou que o munic\u00edpio est\u00e1 seguindo rigorosamente as orienta\u00e7\u00f5es da Secretaria de Estado de Sa\u00fade de Goi\u00e1s (SES-GO) e do Minist\u00e9rio da Sa\u00fade (MS).<\/p>\n<p>Titular da promotoria de Vian\u00f3polis e S\u00e3o Miguel do Passa Quatro e h\u00e1 mais de um ano atuando em Orizona, o promotor, Lucas C\u00e9sar Costa Ferreira, contou que no dia 27 de janeiro solicitou que os munic\u00edpios, onde atua, publicassem a lista com os nomes das pessoas que foram imunizadas. No entanto, no dia 27 a Prefeitura de Orizona respondeu a solicita\u00e7\u00e3o pedindo que ele reconsiderasse o pedido alegando viola\u00e7\u00e3o da privacidade das pessoas que est\u00e3o sendo vacinadas. Nesta segunda-feira, o promotor enviou uma reitera\u00e7\u00e3o da solicita\u00e7\u00e3o e a lista, que deve ser atualizada em tempo real. At\u00e9 o fim desta manh\u00e3, a rela\u00e7\u00e3o contava com 365 nomes. O documento foi enviado ao MP na ter\u00e7a-feira e publicado no Portal da Transpar\u00eancia na quarta.<\/p>\n<p>De acordo com o promotor, a lista est\u00e1 sendo analisada, mas o nome do secret\u00e1rio ocupa a posi\u00e7\u00e3o 43\u00aa. Ap\u00f3s a publica\u00e7\u00e3o dos nomes, Lucas contou que moradores de Orizona est\u00e3o ligando na promotoria e informando nomes que est\u00e3o na lista e que n\u00e3o se encaixam nos grupos priorit\u00e1rios.<\/p>\n<p>Lucas pontua que o PNV deu uma diretriz para a imuniza\u00e7\u00e3o e como n\u00e3o h\u00e1 oferta de vacina para todos, neste momento, \u00e9 necess\u00e1rio eleger prioridades dentro dos grupos priorit\u00e1rios. \u201c\u00c9 aquele trabalhador da sa\u00fade, m\u00e9dicos, enfermeiros, auxiliares, t\u00e9cnicos, limpeza e seguran\u00e7a, que vai para um hospital todos os dias atender pacientes com Covid-19 e os idosos.\u201d<\/p>\n<p>A princ\u00edpio, de acordo com o promotor, n\u00e3o ser\u00e1 solicitado o afastamento do secret\u00e1rio. O foco do inqu\u00e9rito \u00e9 apurar se houve desvio na execu\u00e7\u00e3o do PNV e em seguida regularizar e readequar o plano no munic\u00edpio prestigiando os idosos.<\/p>\n<p>Lucas tamb\u00e9m notificou o titular da sa\u00fade de Orizona para no prazo de cinco dias \u00fateis prestar esclarecimentos por escrito para responder por que recebeu a dose e explicar porque favoreceu outros grupos que n\u00e3o s\u00e3o prioridade m\u00e1xima dentro dos grupos eleg\u00edveis. \u201c\u00c9 uma quest\u00e3o de bom senso e humanidade eu n\u00e3o vou me vacinar sendo que tem um idoso que ainda n\u00e3o foi imunizado.\u201d<\/p>\n<p>O secret\u00e1rio de Sa\u00fade, Renato Vieira da Cunha, afirmou que o munic\u00edpio est\u00e1 seguindo rigorosamente as orienta\u00e7\u00f5es e notas t\u00e9cnicas emitidas pela SES e pelo MS. O titular da pasta explicou que na primeira remessa foram enviadas 210 doses do imunizante que foram destinadas aos trabalhadores de sa\u00fade que atuam na linha de frente do combate da pandemia da rede p\u00fablica e da privada, os idosos acima de 60 anos institucionalizados e os deficientes f\u00edsicos acima de 18 anos institucionalizados.<\/p>\n<p>O segundo lote de imunizantes com 160 doses, de acordo com Renato, tamb\u00e9m foi utilizado para vacinar as pessoas que se encaixam nesse grupo. \u201cN\u00e3o deixou de vacinar um m\u00e9dico para vacinar quem n\u00e3o estivesse neste grupo. N\u00e3o houve fura fila.\u201d<\/p>\n<p>De acordo com o secret\u00e1rio, o munic\u00edpio elaborou um plano de vacina\u00e7\u00e3o e depois que todos os que se encaixavam neste perfil foram imunizados, demais trabalhadores da sa\u00fade como m\u00e9dicos veterin\u00e1rios, psic\u00f3logos e farmac\u00eauticos foram imunizados. Em seguida, o munic\u00edpio recebeu mais uma remessa com 160 doses e todas est\u00e3o sendo aplicadas nos idosos acima de 90 anos e 60 anos acamados. \u201cTerminando esse grupo e sobrando doses, a inten\u00e7\u00e3o \u00e9 ir baixando a faixa et\u00e1ria que esgotar.\u201d<\/p>\n<p>A apura\u00e7\u00e3o do MP visa a apurar se houve ou n\u00e3o poss\u00edveis desvios e identificar os poss\u00edveis respons\u00e1veis pelo ato, que podem responder por improbidade administrativa e ou criminalmente.<br \/>\n<\/p>\n","protected":false},"excerpt":{"rendered":"<p>Lista divulgada pela prefeitura incluiu nomes de funcion\u00e1rios p\u00fablicos e agentes pol\u00edticos, incluindo o do secret\u00e1rio de sa\u00fade do munic\u00edpio, antes da imuniza\u00e7\u00e3o de idosos O Minist\u00e9rio P\u00fablico do Estado de Goi\u00e1s (MP-GO) instaurou inqu\u00e9rito civil p\u00fablico para apurar improbidade administrativa na execu\u00e7\u00e3o do Plano Nacional de Vacina\u00e7\u00e3o (PNV) contra a Covid-19 em Orizona. Em<\/p>\n","protected":false},"author":2,"featured_media":13253,"comment_status":"open","ping_status":"open","sticky":false,"template":"","format":"standard","meta":{"footnotes":""},"categories":[27,22,26,23],"tags":[],"class_list":["post-13252","post","type-post","status-publish","format-standard","has-post-thumbnail","hentry","category-brasil","category-catalao","category-destaque","category-goias"],"yoast_head":"<!-- This site is optimized with the Yoast SEO plugin v25.8 - https:\/\/yoast.com\/wordpress\/plugins\/seo\/ -->\n<title>MP investiga vacina\u00e7\u00e3o em personal trainers, veterin\u00e1rios e pol\u00edticos em Orizona - Jornal Ultimos Acontecimentos<\/title>\n<meta name=\"robots\" content=\"index, follow, max-snippet:-1, max-image-preview:large, max-video-preview:-1\" \/>\n<link rel=\"canonical\" href=\"https:\/\/juacontecimentos.com.br\/site\/mp-investiga-vacinacao-em-personal-trainers-veterinarios-e-politicos-em-orizona\/\" \/>\n<meta property=\"og:locale\" content=\"pt_BR\" \/>\n<meta property=\"og:type\" content=\"article\" \/>\n<meta property=\"og:title\" content=\"MP investiga vacina\u00e7\u00e3o em personal trainers, veterin\u00e1rios e pol\u00edticos em Orizona - Jornal Ultimos Acontecimentos\" \/>\n<meta property=\"og:description\" content=\"Lista divulgada pela prefeitura incluiu nomes de funcion\u00e1rios p\u00fablicos e agentes pol\u00edticos, incluindo o do secret\u00e1rio de sa\u00fade do munic\u00edpio, antes da imuniza\u00e7\u00e3o de idosos O Minist\u00e9rio P\u00fablico do Estado de Goi\u00e1s (MP-GO) instaurou inqu\u00e9rito civil p\u00fablico para apurar improbidade administrativa na execu\u00e7\u00e3o do Plano Nacional de Vacina\u00e7\u00e3o (PNV) contra a Covid-19 em Orizona. Em\" \/>\n<meta property=\"og:url\" content=\"https:\/\/juacontecimentos.com.br\/site\/mp-investiga-vacinacao-em-personal-trainers-veterinarios-e-politicos-em-orizona\/\" \/>\n<meta property=\"og:site_name\" content=\"Jornal Ultimos Acontecimentos\" \/>\n<meta property=\"article:publisher\" content=\"https:\/\/www.facebook.com\/jultimosacontecimentos\/\" \/>\n<meta property=\"article:published_time\" content=\"2021-02-11T21:37:52+00:00\" \/>\n<meta property=\"og:image\" content=\"https:\/\/juacontecimentos.com.br\/site\/wp-content\/uploads\/2021\/02\/image-1.png\" \/>\n\t<meta property=\"og:image:width\" content=\"800\" \/>\n\t<meta property=\"og:image:height\" content=\"565\" \/>\n\t<meta property=\"og:image:type\" content=\"image\/png\" \/>\n<meta name=\"author\" content=\"Reginaldo Ribeiro\" \/>\n<meta name=\"twitter:card\" content=\"summary_large_image\" \/>\n<meta name=\"twitter:label1\" content=\"Escrito por\" \/>\n\t<meta name=\"twitter:data1\" content=\"Reginaldo Ribeiro\" \/>\n\t<meta name=\"twitter:label2\" content=\"Est. tempo de leitura\" \/>\n\t<meta name=\"twitter:data2\" content=\"4 minutos\" \/>\n<script type=\"application\/ld+json\" class=\"yoast-schema-graph\">{\"@context\":\"https:\/\/schema.org\",\"@graph\":[{\"@type\":\"Article\",\"@id\":\"https:\/\/juacontecimentos.com.br\/site\/mp-investiga-vacinacao-em-personal-trainers-veterinarios-e-politicos-em-orizona\/#article\",\"isPartOf\":{\"@id\":\"https:\/\/juacontecimentos.com.br\/site\/mp-investiga-vacinacao-em-personal-trainers-veterinarios-e-politicos-em-orizona\/\"},\"author\":{\"name\":\"Reginaldo Ribeiro\",\"@id\":\"https:\/\/juacontecimentos.com.br\/site\/#\/schema\/person\/082a54e6d3fdd7a633291428521c9669\"},\"headline\":\"MP investiga vacina\u00e7\u00e3o em personal trainers, veterin\u00e1rios e pol\u00edticos em Orizona\",\"datePublished\":\"2021-02-11T21:37:52+00:00\",\"mainEntityOfPage\":{\"@id\":\"https:\/\/juacontecimentos.com.br\/site\/mp-investiga-vacinacao-em-personal-trainers-veterinarios-e-politicos-em-orizona\/\"},\"wordCount\":780,\"commentCount\":0,\"publisher\":{\"@id\":\"https:\/\/juacontecimentos.com.br\/site\/#organization\"},\"image\":{\"@id\":\"https:\/\/juacontecimentos.com.br\/site\/mp-investiga-vacinacao-em-personal-trainers-veterinarios-e-politicos-em-orizona\/#primaryimage\"},\"thumbnailUrl\":\"https:\/\/juacontecimentos.com.br\/site\/wp-content\/uploads\/2021\/02\/image-1.png\",\"articleSection\":[\"Brasil\",\"Catal\u00e3o\",\"Destaque\",\"Goi\u00e1s\"],\"inLanguage\":\"pt-BR\"},{\"@type\":\"WebPage\",\"@id\":\"https:\/\/juacontecimentos.com.br\/site\/mp-investiga-vacinacao-em-personal-trainers-veterinarios-e-politicos-em-orizona\/\",\"url\":\"https:\/\/juacontecimentos.com.br\/site\/mp-investiga-vacinacao-em-personal-trainers-veterinarios-e-politicos-em-orizona\/\",\"name\":\"MP investiga vacina\u00e7\u00e3o em personal trainers, veterin\u00e1rios e pol\u00edticos em Orizona - Jornal Ultimos Acontecimentos\",\"isPartOf\":{\"@id\":\"https:\/\/juacontecimentos.com.br\/site\/#website\"},\"primaryImageOfPage\":{\"@id\":\"https:\/\/juacontecimentos.com.br\/site\/mp-investiga-vacinacao-em-personal-trainers-veterinarios-e-politicos-em-orizona\/#primaryimage\"},\"image\":{\"@id\":\"https:\/\/juacontecimentos.com.br\/site\/mp-investiga-vacinacao-em-personal-trainers-veterinarios-e-politicos-em-orizona\/#primaryimage\"},\"thumbnailUrl\":\"https:\/\/juacontecimentos.com.br\/site\/wp-content\/uploads\/2021\/02\/image-1.png\",\"datePublished\":\"2021-02-11T21:37:52+00:00\",\"breadcrumb\":{\"@id\":\"https:\/\/juacontecimentos.com.br\/site\/mp-investiga-vacinacao-em-personal-trainers-veterinarios-e-politicos-em-orizona\/#breadcrumb\"},\"inLanguage\":\"pt-BR\",\"potentialAction\":[{\"@type\":\"ReadAction\",\"target\":[\"https:\/\/juacontecimentos.com.br\/site\/mp-investiga-vacinacao-em-personal-trainers-veterinarios-e-politicos-em-orizona\/\"]}]},{\"@type\":\"ImageObject\",\"inLanguage\":\"pt-BR\",\"@id\":\"https:\/\/juacontecimentos.com.br\/site\/mp-investiga-vacinacao-em-personal-trainers-veterinarios-e-politicos-em-orizona\/#primaryimage\",\"url\":\"https:\/\/juacontecimentos.com.br\/site\/wp-content\/uploads\/2021\/02\/image-1.png\",\"contentUrl\":\"https:\/\/juacontecimentos.com.br\/site\/wp-content\/uploads\/2021\/02\/image-1.png\",\"width\":800,\"height\":565},{\"@type\":\"BreadcrumbList\",\"@id\":\"https:\/\/juacontecimentos.com.br\/site\/mp-investiga-vacinacao-em-personal-trainers-veterinarios-e-politicos-em-orizona\/#breadcrumb\",\"itemListElement\":[{\"@type\":\"ListItem\",\"position\":1,\"name\":\"In\u00edcio\",\"item\":\"https:\/\/juacontecimentos.com.br\/site\/\"},{\"@type\":\"ListItem\",\"position\":2,\"name\":\"MP investiga vacina\u00e7\u00e3o em personal trainers, veterin\u00e1rios e pol\u00edticos em Orizona\"}]},{\"@type\":\"WebSite\",\"@id\":\"https:\/\/juacontecimentos.com.br\/site\/#website\",\"url\":\"https:\/\/juacontecimentos.com.br\/site\/\",\"name\":\"Jornal Ultimos Acontecimentos\",\"description\":\"Catal\u00e3o e regi\u00e3o\",\"publisher\":{\"@id\":\"https:\/\/juacontecimentos.com.br\/site\/#organization\"},\"potentialAction\":[{\"@type\":\"SearchAction\",\"target\":{\"@type\":\"EntryPoint\",\"urlTemplate\":\"https:\/\/juacontecimentos.com.br\/site\/?s={search_term_string}\"},\"query-input\":{\"@type\":\"PropertyValueSpecification\",\"valueRequired\":true,\"valueName\":\"search_term_string\"}}],\"inLanguage\":\"pt-BR\"},{\"@type\":\"Organization\",\"@id\":\"https:\/\/juacontecimentos.com.br\/site\/#organization\",\"name\":\"Jornal Ultimos Acontecimentos\",\"url\":\"https:\/\/juacontecimentos.com.br\/site\/\",\"logo\":{\"@type\":\"ImageObject\",\"inLanguage\":\"pt-BR\",\"@id\":\"https:\/\/juacontecimentos.com.br\/site\/#\/schema\/logo\/image\/\",\"url\":\"https:\/\/juacontecimentos.com.br\/site\/wp-content\/uploads\/2023\/04\/Logo_Site.png\",\"contentUrl\":\"https:\/\/juacontecimentos.com.br\/site\/wp-content\/uploads\/2023\/04\/Logo_Site.png\",\"width\":2476,\"height\":530,\"caption\":\"Jornal Ultimos Acontecimentos\"},\"image\":{\"@id\":\"https:\/\/juacontecimentos.com.br\/site\/#\/schema\/logo\/image\/\"},\"sameAs\":[\"https:\/\/www.facebook.com\/jultimosacontecimentos\/\"]},{\"@type\":\"Person\",\"@id\":\"https:\/\/juacontecimentos.com.br\/site\/#\/schema\/person\/082a54e6d3fdd7a633291428521c9669\",\"name\":\"Reginaldo Ribeiro\",\"image\":{\"@type\":\"ImageObject\",\"inLanguage\":\"pt-BR\",\"@id\":\"https:\/\/juacontecimentos.com.br\/site\/#\/schema\/person\/image\/\",\"url\":\"https:\/\/secure.gravatar.com\/avatar\/5c16c6837c3490270a74d888c2a845728f06bdde1f8761de1de1d1d1ef82d12f?s=96&d=mm&r=g\",\"contentUrl\":\"https:\/\/secure.gravatar.com\/avatar\/5c16c6837c3490270a74d888c2a845728f06bdde1f8761de1de1d1d1ef82d12f?s=96&d=mm&r=g\",\"caption\":\"Reginaldo Ribeiro\"}}]}<\/script>\n<!-- \/ Yoast SEO plugin. -->","yoast_head_json":{"title":"MP investiga vacina\u00e7\u00e3o em personal trainers, veterin\u00e1rios e pol\u00edticos em Orizona - Jornal Ultimos Acontecimentos","robots":{"index":"index","follow":"follow","max-snippet":"max-snippet:-1","max-image-preview":"max-image-preview:large","max-video-preview":"max-video-preview:-1"},"canonical":"https:\/\/juacontecimentos.com.br\/site\/mp-investiga-vacinacao-em-personal-trainers-veterinarios-e-politicos-em-orizona\/","og_locale":"pt_BR","og_type":"article","og_title":"MP investiga vacina\u00e7\u00e3o em personal trainers, veterin\u00e1rios e pol\u00edticos em Orizona - Jornal Ultimos Acontecimentos","og_description":"Lista divulgada pela prefeitura incluiu nomes de funcion\u00e1rios p\u00fablicos e agentes pol\u00edticos, incluindo o do secret\u00e1rio de sa\u00fade do munic\u00edpio, antes da imuniza\u00e7\u00e3o de idosos O Minist\u00e9rio P\u00fablico do Estado de Goi\u00e1s (MP-GO) instaurou inqu\u00e9rito civil p\u00fablico para apurar improbidade administrativa na execu\u00e7\u00e3o do Plano Nacional de Vacina\u00e7\u00e3o (PNV) contra a Covid-19 em Orizona. Em","og_url":"https:\/\/juacontecimentos.com.br\/site\/mp-investiga-vacinacao-em-personal-trainers-veterinarios-e-politicos-em-orizona\/","og_site_name":"Jornal Ultimos Acontecimentos","article_publisher":"https:\/\/www.facebook.com\/jultimosacontecimentos\/","article_published_time":"2021-02-11T21:37:52+00:00","og_image":[{"width":800,"height":565,"url":"https:\/\/juacontecimentos.com.br\/site\/wp-content\/uploads\/2021\/02\/image-1.png","type":"image\/png"}],"author":"Reginaldo Ribeiro","twitter_card":"summary_large_image","twitter_misc":{"Escrito por":"Reginaldo Ribeiro","Est. tempo de leitura":"4 minutos"},"schema":{"@context":"https:\/\/schema.org","@graph":[{"@type":"Article","@id":"https:\/\/juacontecimentos.com.br\/site\/mp-investiga-vacinacao-em-personal-trainers-veterinarios-e-politicos-em-orizona\/#article","isPartOf":{"@id":"https:\/\/juacontecimentos.com.br\/site\/mp-investiga-vacinacao-em-personal-trainers-veterinarios-e-politicos-em-orizona\/"},"author":{"name":"Reginaldo Ribeiro","@id":"https:\/\/juacontecimentos.com.br\/site\/#\/schema\/person\/082a54e6d3fdd7a633291428521c9669"},"headline":"MP investiga vacina\u00e7\u00e3o em personal trainers, veterin\u00e1rios e pol\u00edticos em Orizona","datePublished":"2021-02-11T21:37:52+00:00","mainEntityOfPage":{"@id":"https:\/\/juacontecimentos.com.br\/site\/mp-investiga-vacinacao-em-personal-trainers-veterinarios-e-politicos-em-orizona\/"},"wordCount":780,"commentCount":0,"publisher":{"@id":"https:\/\/juacontecimentos.com.br\/site\/#organization"},"image":{"@id":"https:\/\/juacontecimentos.com.br\/site\/mp-investiga-vacinacao-em-personal-trainers-veterinarios-e-politicos-em-orizona\/#primaryimage"},"thumbnailUrl":"https:\/\/juacontecimentos.com.br\/site\/wp-content\/uploads\/2021\/02\/image-1.png","articleSection":["Brasil","Catal\u00e3o","Destaque","Goi\u00e1s"],"inLanguage":"pt-BR"},{"@type":"WebPage","@id":"https:\/\/juacontecimentos.com.br\/site\/mp-investiga-vacinacao-em-personal-trainers-veterinarios-e-politicos-em-orizona\/","url":"https:\/\/juacontecimentos.com.br\/site\/mp-investiga-vacinacao-em-personal-trainers-veterinarios-e-politicos-em-orizona\/","name":"MP investiga vacina\u00e7\u00e3o em personal trainers, veterin\u00e1rios e pol\u00edticos em Orizona - Jornal Ultimos Acontecimentos","isPartOf":{"@id":"https:\/\/juacontecimentos.com.br\/site\/#website"},"primaryImageOfPage":{"@id":"https:\/\/juacontecimentos.com.br\/site\/mp-investiga-vacinacao-em-personal-trainers-veterinarios-e-politicos-em-orizona\/#primaryimage"},"image":{"@id":"https:\/\/juacontecimentos.com.br\/site\/mp-investiga-vacinacao-em-personal-trainers-veterinarios-e-politicos-em-orizona\/#primaryimage"},"thumbnailUrl":"https:\/\/juacontecimentos.com.br\/site\/wp-content\/uploads\/2021\/02\/image-1.png","datePublished":"2021-02-11T21:37:52+00:00","breadcrumb":{"@id":"https:\/\/juacontecimentos.com.br\/site\/mp-investiga-vacinacao-em-personal-trainers-veterinarios-e-politicos-em-orizona\/#breadcrumb"},"inLanguage":"pt-BR","potentialAction":[{"@type":"ReadAction","target":["https:\/\/juacontecimentos.com.br\/site\/mp-investiga-vacinacao-em-personal-trainers-veterinarios-e-politicos-em-orizona\/"]}]},{"@type":"ImageObject","inLanguage":"pt-BR","@id":"https:\/\/juacontecimentos.com.br\/site\/mp-investiga-vacinacao-em-personal-trainers-veterinarios-e-politicos-em-orizona\/#primaryimage","url":"https:\/\/juacontecimentos.com.br\/site\/wp-content\/uploads\/2021\/02\/image-1.png","contentUrl":"https:\/\/juacontecimentos.com.br\/site\/wp-content\/uploads\/2021\/02\/image-1.png","width":800,"height":565},{"@type":"BreadcrumbList","@id":"https:\/\/juacontecimentos.com.br\/site\/mp-investiga-vacinacao-em-personal-trainers-veterinarios-e-politicos-em-orizona\/#breadcrumb","itemListElement":[{"@type":"ListItem","position":1,"name":"In\u00edcio","item":"https:\/\/juacontecimentos.com.br\/site\/"},{"@type":"ListItem","position":2,"name":"MP investiga vacina\u00e7\u00e3o em personal trainers, veterin\u00e1rios e pol\u00edticos em Orizona"}]},{"@type":"WebSite","@id":"https:\/\/juacontecimentos.com.br\/site\/#website","url":"https:\/\/juacontecimentos.com.br\/site\/","name":"Jornal Ultimos Acontecimentos","description":"Catal\u00e3o e regi\u00e3o","publisher":{"@id":"https:\/\/juacontecimentos.com.br\/site\/#organization"},"potentialAction":[{"@type":"SearchAction","target":{"@type":"EntryPoint","urlTemplate":"https:\/\/juacontecimentos.com.br\/site\/?s={search_term_string}"},"query-input":{"@type":"PropertyValueSpecification","valueRequired":true,"valueName":"search_term_string"}}],"inLanguage":"pt-BR"},{"@type":"Organization","@id":"https:\/\/juacontecimentos.com.br\/site\/#organization","name":"Jornal Ultimos Acontecimentos","url":"https:\/\/juacontecimentos.com.br\/site\/","logo":{"@type":"ImageObject","inLanguage":"pt-BR","@id":"https:\/\/juacontecimentos.com.br\/site\/#\/schema\/logo\/image\/","url":"https:\/\/juacontecimentos.com.br\/site\/wp-content\/uploads\/2023\/04\/Logo_Site.png","contentUrl":"https:\/\/juacontecimentos.com.br\/site\/wp-content\/uploads\/2023\/04\/Logo_Site.png","width":2476,"height":530,"caption":"Jornal Ultimos Acontecimentos"},"image":{"@id":"https:\/\/juacontecimentos.com.br\/site\/#\/schema\/logo\/image\/"},"sameAs":["https:\/\/www.facebook.com\/jultimosacontecimentos\/"]},{"@type":"Person","@id":"https:\/\/juacontecimentos.com.br\/site\/#\/schema\/person\/082a54e6d3fdd7a633291428521c9669","name":"Reginaldo Ribeiro","image":{"@type":"ImageObject","inLanguage":"pt-BR","@id":"https:\/\/juacontecimentos.com.br\/site\/#\/schema\/person\/image\/","url":"https:\/\/secure.gravatar.com\/avatar\/5c16c6837c3490270a74d888c2a845728f06bdde1f8761de1de1d1d1ef82d12f?s=96&d=mm&r=g","contentUrl":"https:\/\/secure.gravatar.com\/avatar\/5c16c6837c3490270a74d888c2a845728f06bdde1f8761de1de1d1d1ef82d12f?s=96&d=mm&r=g","caption":"Reginaldo Ribeiro"}}]}},"_links":{"self":[{"href":"https:\/\/juacontecimentos.com.br\/site\/wp-json\/wp\/v2\/posts\/13252","targetHints":{"allow":["GET"]}}],"collection":[{"href":"https:\/\/juacontecimentos.com.br\/site\/wp-json\/wp\/v2\/posts"}],"about":[{"href":"https:\/\/juacontecimentos.com.br\/site\/wp-json\/wp\/v2\/types\/post"}],"author":[{"embeddable":true,"href":"https:\/\/juacontecimentos.com.br\/site\/wp-json\/wp\/v2\/users\/2"}],"replies":[{"embeddable":true,"href":"https:\/\/juacontecimentos.com.br\/site\/wp-json\/wp\/v2\/comments?post=13252"}],"version-history":[{"count":1,"href":"https:\/\/juacontecimentos.com.br\/site\/wp-json\/wp\/v2\/posts\/13252\/revisions"}],"predecessor-version":[{"id":13254,"href":"https:\/\/juacontecimentos.com.br\/site\/wp-json\/wp\/v2\/posts\/13252\/revisions\/13254"}],"wp:featuredmedia":[{"embeddable":true,"href":"https:\/\/juacontecimentos.com.br\/site\/wp-json\/wp\/v2\/media\/13253"}],"wp:attachment":[{"href":"https:\/\/juacontecimentos.com.br\/site\/wp-json\/wp\/v2\/media?parent=13252"}],"wp:term":[{"taxonomy":"category","embeddable":true,"href":"https:\/\/juacontecimentos.com.br\/site\/wp-json\/wp\/v2\/categories?post=13252"},{"taxonomy":"post_tag","embeddable":true,"href":"https:\/\/juacontecimentos.com.br\/site\/wp-json\/wp\/v2\/tags?post=13252"}],"curies":[{"name":"wp","href":"https:\/\/api.w.org\/{rel}","templated":true}]}}