{"id":13290,"date":"2021-02-13T03:59:07","date_gmt":"2021-02-13T06:59:07","guid":{"rendered":"https:\/\/juacontecimentos.com.br\/site\/?p=13290"},"modified":"2021-02-13T03:59:07","modified_gmt":"2021-02-13T06:59:07","slug":"em-nota-marconi-e-jose-eliton-criticam-privatizacao-da-celg-gt","status":"publish","type":"post","link":"https:\/\/juacontecimentos.com.br\/site\/em-nota-marconi-e-jose-eliton-criticam-privatizacao-da-celg-gt\/","title":{"rendered":"Em nota, Marconi e Jos\u00e9 Eliton criticam privatiza\u00e7\u00e3o da Celg GT"},"content":{"rendered":"<h3>Ex-governadores condenaram a venda da empresa, que est\u00e1 sendo preparada pelo governo Caiado; Celg D foi desestatizada no governo tucano<img loading=\"lazy\" decoding=\"async\" class=\"alignnone size-full wp-image-13291\" src=\"https:\/\/juacontecimentos.com.br\/site\/wp-content\/uploads\/2021\/02\/image-13.jpg\" alt=\"\" width=\"800\" height=\"533\" srcset=\"https:\/\/juacontecimentos.com.br\/site\/wp-content\/uploads\/2021\/02\/image-13.jpg 800w, https:\/\/juacontecimentos.com.br\/site\/wp-content\/uploads\/2021\/02\/image-13-300x200.jpg 300w, https:\/\/juacontecimentos.com.br\/site\/wp-content\/uploads\/2021\/02\/image-13-768x512.jpg 768w\" sizes=\"auto, (max-width: 800px) 100vw, 800px\" \/><\/h3>\n<p class=\"TEXTO\">Os ex-governadores Marconi Perillo (PSDB) e Jos\u00e9 Eliton (PSDB) assinaram nota criticando o governo de Ronaldo Caiado (DEM) em rela\u00e7\u00e3o \u00e0 privatiza\u00e7\u00e3o da Celg GT. Nesta semana, a assembleia de acionistas da empresa se reuniu e deu sinal verde para o processo de desestatiza\u00e7\u00e3o. Os tucanos, em cujas administra\u00e7\u00f5es a Celg D foi vendida \u00e0 Enel, atacaram a a\u00e7\u00e3o do governo atual. \u201c\u00c9 a dilapida\u00e7\u00e3o do patrim\u00f4nio p\u00fablico por um governo inepto que n\u00e3o tem realiza\u00e7\u00f5es em Goi\u00e1s, que usurpa obras feitas ou iniciadas por outros governos.\u201d<\/p>\n<p class=\"TEXTO\">O texto assinado por eles come\u00e7a acusando o atual governo de provocar rombo nas contas p\u00fablicas, devido \u00e0 suspens\u00e3o do pagamento da d\u00edvida com a Uni\u00e3o \u2013 autorizada pelo ministro do STF Gilmar Mendes. Tamb\u00e9m criticam a utiliza\u00e7\u00e3o de recursos de dep\u00f3sitos judiciais para custeio da previd\u00eancia social e pagamento de precat\u00f3rios \u2013 medida que foi aprovada na Assembleia Legislativa de Goi\u00e1s. \u201cAumentando o estoque da d\u00edvida do Estado em aproximadamente R$ 6 bilh\u00f5es\u201d, escrevem.<\/p>\n<p class=\"TEXTO\">Para os ex-governadores, tais medidas inverteram a curva da rela\u00e7\u00e3o d\u00edvida versus Receita Corrente L\u00edquida (RCL). \u201cQue em 1999, em nosso primeiro governo, era de 3,6 e em 2018 fechou o ano em 0,92, menor patamar dos \u00faltimos 50 anos\u201d. Os tucanos acusam o atual governo de ser \u201caquele que mais endividou o Estado em apenas dois anos\u201d. \u201cCom o agravante de que todo o recurso captado pelo aumento do endividamento do tesouro foi destinado a custeio da m\u00e1quina p\u00fablica, sem qualquer contrapartida de investimentos.\u201d<\/p>\n<p class=\"INTERTITULO\"><b>Celg D<\/b><\/p>\n<p class=\"TEXTO\">Os ex-governadores criticam tamb\u00e9m a privatiza\u00e7\u00e3o da Celg GT, embora a Celg D tenha sido vendida para a Enel durante a gest\u00e3o de Marconi. Inclusive, na \u00e9poca, Caiado, que era senador, foi um dos principais cr\u00edticos da venda. Agora os pap\u00e9is parecem invertidos.<\/p>\n<p class=\"TEXTO\">\u201cA Celg GT tem um patrim\u00f4nio l\u00edquido de R$ 931,4 milh\u00f5es, segundo o balan\u00e7o publicado pela Estatal. Em 2018 teve um lucro l\u00edquido de R$ 58,5 milh\u00f5es. A empresa tem um endividamento baix\u00edssimo, aproximadamente 80 milh\u00f5es sendo basicamente formado de financiamentos para a realiza\u00e7\u00e3o de investimentos\u201d, escrevem.<\/p>\n<p class=\"TEXTO\">Marconi e Eliton ainda afirmam que pagaram mais de R$ 40 bilh\u00f5es de amortiza\u00e7\u00e3o, servi\u00e7os e encargos da d\u00edvida com a Uni\u00e3o durante suas gest\u00f5es. Eles tamb\u00e9m reivindicam que pagavam a folha dos servidores dentro do m\u00eas. \u201cSomente de 2016 at\u00e9 2018, pagamos, parte antes do dia 30 de cada m\u00eas e parte na data legal de pagamento salarial. Imp\u00f5e destacar que parte da folha de dezembro\/2018 foi paga em dezembro e a parte remanescente deveria ser paga at\u00e9 o 5\u00ba dia \u00fatil do m\u00eas de janeiro.\u201d<\/p>\n<p class=\"TEXTO\">Os tucanos acusam, ainda, que o atraso do pagamento da folha de dezembro de 2018 foi uma op\u00e7\u00e3o da administra\u00e7\u00e3o caiadista. Na \u00e9poca, ainda no in\u00edcio da gest\u00e3o do atual governador, a sua equipe econ\u00f4mica argumentou que o ex-governador Jos\u00e9 Eliton n\u00e3o deixou o valor para o pagamento da folha empenhado.<\/p>\n<p class=\"TEXTO\">Na nota, os ex-governadores tamb\u00e9m afirmam que o governo atual divulga n\u00fameros falsos sobre as gest\u00f5es passadas. \u201cAs contas p\u00fablicas fecharam 2018 com um d\u00e9ficit de R$ 1,341 bilh\u00e3o, longe dos n\u00fameros fake propalado pelo governo atual\u201d.<\/p>\n<p class=\"TEXTO\">A reportagem entrou em contato com o governo do Estado, que disse que iria responder \u00e0 nota dos tucanos, rebatendo os n\u00fameros apresentados por eles. Entretanto, a resposta n\u00e3o foi enviada at\u00e9 o fechamento desta edi\u00e7\u00e3o, \u00e0s 22h35 de sexta (12).<\/p>\n<p><\/p>\n","protected":false},"excerpt":{"rendered":"<p>Ex-governadores condenaram a venda da empresa, que est\u00e1 sendo preparada pelo governo Caiado; Celg D foi desestatizada no governo tucano Os ex-governadores Marconi Perillo (PSDB) e Jos\u00e9 Eliton (PSDB) assinaram nota criticando o governo de Ronaldo Caiado (DEM) em rela\u00e7\u00e3o \u00e0 privatiza\u00e7\u00e3o da Celg GT. Nesta semana, a assembleia de acionistas da empresa se reuniu<\/p>\n","protected":false},"author":2,"featured_media":13291,"comment_status":"open","ping_status":"open","sticky":false,"template":"","format":"standard","meta":{"footnotes":""},"categories":[27,22,26,23],"tags":[],"class_list":["post-13290","post","type-post","status-publish","format-standard","has-post-thumbnail","hentry","category-brasil","category-catalao","category-destaque","category-goias"],"yoast_head":"<!-- This site is optimized with the Yoast SEO plugin v25.8 - https:\/\/yoast.com\/wordpress\/plugins\/seo\/ -->\n<title>Em nota, Marconi e Jos\u00e9 Eliton criticam privatiza\u00e7\u00e3o da Celg GT - Jornal Ultimos Acontecimentos<\/title>\n<meta name=\"robots\" content=\"index, follow, max-snippet:-1, max-image-preview:large, max-video-preview:-1\" \/>\n<link rel=\"canonical\" href=\"https:\/\/juacontecimentos.com.br\/site\/em-nota-marconi-e-jose-eliton-criticam-privatizacao-da-celg-gt\/\" \/>\n<meta property=\"og:locale\" content=\"pt_BR\" \/>\n<meta property=\"og:type\" content=\"article\" \/>\n<meta property=\"og:title\" content=\"Em nota, Marconi e Jos\u00e9 Eliton criticam privatiza\u00e7\u00e3o da Celg GT - Jornal Ultimos Acontecimentos\" \/>\n<meta property=\"og:description\" content=\"Ex-governadores condenaram a venda da empresa, que est\u00e1 sendo preparada pelo governo Caiado; Celg D foi desestatizada no governo tucano Os ex-governadores Marconi Perillo (PSDB) e Jos\u00e9 Eliton (PSDB) assinaram nota criticando o governo de Ronaldo Caiado (DEM) em rela\u00e7\u00e3o \u00e0 privatiza\u00e7\u00e3o da Celg GT. Nesta semana, a assembleia de acionistas da empresa se reuniu\" \/>\n<meta property=\"og:url\" content=\"https:\/\/juacontecimentos.com.br\/site\/em-nota-marconi-e-jose-eliton-criticam-privatizacao-da-celg-gt\/\" \/>\n<meta property=\"og:site_name\" content=\"Jornal Ultimos Acontecimentos\" \/>\n<meta property=\"article:publisher\" content=\"https:\/\/www.facebook.com\/jultimosacontecimentos\/\" \/>\n<meta property=\"article:published_time\" content=\"2021-02-13T06:59:07+00:00\" \/>\n<meta property=\"og:image\" content=\"https:\/\/juacontecimentos.com.br\/site\/wp-content\/uploads\/2021\/02\/image-13.jpg\" \/>\n\t<meta property=\"og:image:width\" content=\"800\" \/>\n\t<meta property=\"og:image:height\" content=\"533\" \/>\n\t<meta property=\"og:image:type\" content=\"image\/jpeg\" \/>\n<meta name=\"author\" content=\"Reginaldo Ribeiro\" \/>\n<meta name=\"twitter:card\" content=\"summary_large_image\" \/>\n<meta name=\"twitter:label1\" content=\"Escrito por\" \/>\n\t<meta name=\"twitter:data1\" content=\"Reginaldo Ribeiro\" \/>\n\t<meta name=\"twitter:label2\" content=\"Est. tempo de leitura\" \/>\n\t<meta name=\"twitter:data2\" content=\"3 minutos\" \/>\n<script type=\"application\/ld+json\" class=\"yoast-schema-graph\">{\"@context\":\"https:\/\/schema.org\",\"@graph\":[{\"@type\":\"Article\",\"@id\":\"https:\/\/juacontecimentos.com.br\/site\/em-nota-marconi-e-jose-eliton-criticam-privatizacao-da-celg-gt\/#article\",\"isPartOf\":{\"@id\":\"https:\/\/juacontecimentos.com.br\/site\/em-nota-marconi-e-jose-eliton-criticam-privatizacao-da-celg-gt\/\"},\"author\":{\"name\":\"Reginaldo Ribeiro\",\"@id\":\"https:\/\/juacontecimentos.com.br\/site\/#\/schema\/person\/082a54e6d3fdd7a633291428521c9669\"},\"headline\":\"Em nota, Marconi e Jos\u00e9 Eliton criticam privatiza\u00e7\u00e3o da Celg GT\",\"datePublished\":\"2021-02-13T06:59:07+00:00\",\"mainEntityOfPage\":{\"@id\":\"https:\/\/juacontecimentos.com.br\/site\/em-nota-marconi-e-jose-eliton-criticam-privatizacao-da-celg-gt\/\"},\"wordCount\":631,\"commentCount\":0,\"publisher\":{\"@id\":\"https:\/\/juacontecimentos.com.br\/site\/#organization\"},\"image\":{\"@id\":\"https:\/\/juacontecimentos.com.br\/site\/em-nota-marconi-e-jose-eliton-criticam-privatizacao-da-celg-gt\/#primaryimage\"},\"thumbnailUrl\":\"https:\/\/juacontecimentos.com.br\/site\/wp-content\/uploads\/2021\/02\/image-13.jpg\",\"articleSection\":[\"Brasil\",\"Catal\u00e3o\",\"Destaque\",\"Goi\u00e1s\"],\"inLanguage\":\"pt-BR\"},{\"@type\":\"WebPage\",\"@id\":\"https:\/\/juacontecimentos.com.br\/site\/em-nota-marconi-e-jose-eliton-criticam-privatizacao-da-celg-gt\/\",\"url\":\"https:\/\/juacontecimentos.com.br\/site\/em-nota-marconi-e-jose-eliton-criticam-privatizacao-da-celg-gt\/\",\"name\":\"Em nota, Marconi e Jos\u00e9 Eliton criticam privatiza\u00e7\u00e3o da Celg GT - Jornal Ultimos Acontecimentos\",\"isPartOf\":{\"@id\":\"https:\/\/juacontecimentos.com.br\/site\/#website\"},\"primaryImageOfPage\":{\"@id\":\"https:\/\/juacontecimentos.com.br\/site\/em-nota-marconi-e-jose-eliton-criticam-privatizacao-da-celg-gt\/#primaryimage\"},\"image\":{\"@id\":\"https:\/\/juacontecimentos.com.br\/site\/em-nota-marconi-e-jose-eliton-criticam-privatizacao-da-celg-gt\/#primaryimage\"},\"thumbnailUrl\":\"https:\/\/juacontecimentos.com.br\/site\/wp-content\/uploads\/2021\/02\/image-13.jpg\",\"datePublished\":\"2021-02-13T06:59:07+00:00\",\"breadcrumb\":{\"@id\":\"https:\/\/juacontecimentos.com.br\/site\/em-nota-marconi-e-jose-eliton-criticam-privatizacao-da-celg-gt\/#breadcrumb\"},\"inLanguage\":\"pt-BR\",\"potentialAction\":[{\"@type\":\"ReadAction\",\"target\":[\"https:\/\/juacontecimentos.com.br\/site\/em-nota-marconi-e-jose-eliton-criticam-privatizacao-da-celg-gt\/\"]}]},{\"@type\":\"ImageObject\",\"inLanguage\":\"pt-BR\",\"@id\":\"https:\/\/juacontecimentos.com.br\/site\/em-nota-marconi-e-jose-eliton-criticam-privatizacao-da-celg-gt\/#primaryimage\",\"url\":\"https:\/\/juacontecimentos.com.br\/site\/wp-content\/uploads\/2021\/02\/image-13.jpg\",\"contentUrl\":\"https:\/\/juacontecimentos.com.br\/site\/wp-content\/uploads\/2021\/02\/image-13.jpg\",\"width\":800,\"height\":533},{\"@type\":\"BreadcrumbList\",\"@id\":\"https:\/\/juacontecimentos.com.br\/site\/em-nota-marconi-e-jose-eliton-criticam-privatizacao-da-celg-gt\/#breadcrumb\",\"itemListElement\":[{\"@type\":\"ListItem\",\"position\":1,\"name\":\"In\u00edcio\",\"item\":\"https:\/\/juacontecimentos.com.br\/site\/\"},{\"@type\":\"ListItem\",\"position\":2,\"name\":\"Em nota, Marconi e Jos\u00e9 Eliton criticam privatiza\u00e7\u00e3o da Celg GT\"}]},{\"@type\":\"WebSite\",\"@id\":\"https:\/\/juacontecimentos.com.br\/site\/#website\",\"url\":\"https:\/\/juacontecimentos.com.br\/site\/\",\"name\":\"Jornal Ultimos Acontecimentos\",\"description\":\"Catal\u00e3o e regi\u00e3o\",\"publisher\":{\"@id\":\"https:\/\/juacontecimentos.com.br\/site\/#organization\"},\"potentialAction\":[{\"@type\":\"SearchAction\",\"target\":{\"@type\":\"EntryPoint\",\"urlTemplate\":\"https:\/\/juacontecimentos.com.br\/site\/?s={search_term_string}\"},\"query-input\":{\"@type\":\"PropertyValueSpecification\",\"valueRequired\":true,\"valueName\":\"search_term_string\"}}],\"inLanguage\":\"pt-BR\"},{\"@type\":\"Organization\",\"@id\":\"https:\/\/juacontecimentos.com.br\/site\/#organization\",\"name\":\"Jornal Ultimos Acontecimentos\",\"url\":\"https:\/\/juacontecimentos.com.br\/site\/\",\"logo\":{\"@type\":\"ImageObject\",\"inLanguage\":\"pt-BR\",\"@id\":\"https:\/\/juacontecimentos.com.br\/site\/#\/schema\/logo\/image\/\",\"url\":\"https:\/\/juacontecimentos.com.br\/site\/wp-content\/uploads\/2023\/04\/Logo_Site.png\",\"contentUrl\":\"https:\/\/juacontecimentos.com.br\/site\/wp-content\/uploads\/2023\/04\/Logo_Site.png\",\"width\":2476,\"height\":530,\"caption\":\"Jornal Ultimos Acontecimentos\"},\"image\":{\"@id\":\"https:\/\/juacontecimentos.com.br\/site\/#\/schema\/logo\/image\/\"},\"sameAs\":[\"https:\/\/www.facebook.com\/jultimosacontecimentos\/\"]},{\"@type\":\"Person\",\"@id\":\"https:\/\/juacontecimentos.com.br\/site\/#\/schema\/person\/082a54e6d3fdd7a633291428521c9669\",\"name\":\"Reginaldo Ribeiro\",\"image\":{\"@type\":\"ImageObject\",\"inLanguage\":\"pt-BR\",\"@id\":\"https:\/\/juacontecimentos.com.br\/site\/#\/schema\/person\/image\/\",\"url\":\"https:\/\/secure.gravatar.com\/avatar\/5c16c6837c3490270a74d888c2a845728f06bdde1f8761de1de1d1d1ef82d12f?s=96&d=mm&r=g\",\"contentUrl\":\"https:\/\/secure.gravatar.com\/avatar\/5c16c6837c3490270a74d888c2a845728f06bdde1f8761de1de1d1d1ef82d12f?s=96&d=mm&r=g\",\"caption\":\"Reginaldo Ribeiro\"}}]}<\/script>\n<!-- \/ Yoast SEO plugin. -->","yoast_head_json":{"title":"Em nota, Marconi e Jos\u00e9 Eliton criticam privatiza\u00e7\u00e3o da Celg GT - Jornal Ultimos Acontecimentos","robots":{"index":"index","follow":"follow","max-snippet":"max-snippet:-1","max-image-preview":"max-image-preview:large","max-video-preview":"max-video-preview:-1"},"canonical":"https:\/\/juacontecimentos.com.br\/site\/em-nota-marconi-e-jose-eliton-criticam-privatizacao-da-celg-gt\/","og_locale":"pt_BR","og_type":"article","og_title":"Em nota, Marconi e Jos\u00e9 Eliton criticam privatiza\u00e7\u00e3o da Celg GT - Jornal Ultimos Acontecimentos","og_description":"Ex-governadores condenaram a venda da empresa, que est\u00e1 sendo preparada pelo governo Caiado; Celg D foi desestatizada no governo tucano Os ex-governadores Marconi Perillo (PSDB) e Jos\u00e9 Eliton (PSDB) assinaram nota criticando o governo de Ronaldo Caiado (DEM) em rela\u00e7\u00e3o \u00e0 privatiza\u00e7\u00e3o da Celg GT. Nesta semana, a assembleia de acionistas da empresa se reuniu","og_url":"https:\/\/juacontecimentos.com.br\/site\/em-nota-marconi-e-jose-eliton-criticam-privatizacao-da-celg-gt\/","og_site_name":"Jornal Ultimos Acontecimentos","article_publisher":"https:\/\/www.facebook.com\/jultimosacontecimentos\/","article_published_time":"2021-02-13T06:59:07+00:00","og_image":[{"width":800,"height":533,"url":"https:\/\/juacontecimentos.com.br\/site\/wp-content\/uploads\/2021\/02\/image-13.jpg","type":"image\/jpeg"}],"author":"Reginaldo Ribeiro","twitter_card":"summary_large_image","twitter_misc":{"Escrito por":"Reginaldo Ribeiro","Est. tempo de leitura":"3 minutos"},"schema":{"@context":"https:\/\/schema.org","@graph":[{"@type":"Article","@id":"https:\/\/juacontecimentos.com.br\/site\/em-nota-marconi-e-jose-eliton-criticam-privatizacao-da-celg-gt\/#article","isPartOf":{"@id":"https:\/\/juacontecimentos.com.br\/site\/em-nota-marconi-e-jose-eliton-criticam-privatizacao-da-celg-gt\/"},"author":{"name":"Reginaldo Ribeiro","@id":"https:\/\/juacontecimentos.com.br\/site\/#\/schema\/person\/082a54e6d3fdd7a633291428521c9669"},"headline":"Em nota, Marconi e Jos\u00e9 Eliton criticam privatiza\u00e7\u00e3o da Celg GT","datePublished":"2021-02-13T06:59:07+00:00","mainEntityOfPage":{"@id":"https:\/\/juacontecimentos.com.br\/site\/em-nota-marconi-e-jose-eliton-criticam-privatizacao-da-celg-gt\/"},"wordCount":631,"commentCount":0,"publisher":{"@id":"https:\/\/juacontecimentos.com.br\/site\/#organization"},"image":{"@id":"https:\/\/juacontecimentos.com.br\/site\/em-nota-marconi-e-jose-eliton-criticam-privatizacao-da-celg-gt\/#primaryimage"},"thumbnailUrl":"https:\/\/juacontecimentos.com.br\/site\/wp-content\/uploads\/2021\/02\/image-13.jpg","articleSection":["Brasil","Catal\u00e3o","Destaque","Goi\u00e1s"],"inLanguage":"pt-BR"},{"@type":"WebPage","@id":"https:\/\/juacontecimentos.com.br\/site\/em-nota-marconi-e-jose-eliton-criticam-privatizacao-da-celg-gt\/","url":"https:\/\/juacontecimentos.com.br\/site\/em-nota-marconi-e-jose-eliton-criticam-privatizacao-da-celg-gt\/","name":"Em nota, Marconi e Jos\u00e9 Eliton criticam privatiza\u00e7\u00e3o da Celg GT - Jornal Ultimos Acontecimentos","isPartOf":{"@id":"https:\/\/juacontecimentos.com.br\/site\/#website"},"primaryImageOfPage":{"@id":"https:\/\/juacontecimentos.com.br\/site\/em-nota-marconi-e-jose-eliton-criticam-privatizacao-da-celg-gt\/#primaryimage"},"image":{"@id":"https:\/\/juacontecimentos.com.br\/site\/em-nota-marconi-e-jose-eliton-criticam-privatizacao-da-celg-gt\/#primaryimage"},"thumbnailUrl":"https:\/\/juacontecimentos.com.br\/site\/wp-content\/uploads\/2021\/02\/image-13.jpg","datePublished":"2021-02-13T06:59:07+00:00","breadcrumb":{"@id":"https:\/\/juacontecimentos.com.br\/site\/em-nota-marconi-e-jose-eliton-criticam-privatizacao-da-celg-gt\/#breadcrumb"},"inLanguage":"pt-BR","potentialAction":[{"@type":"ReadAction","target":["https:\/\/juacontecimentos.com.br\/site\/em-nota-marconi-e-jose-eliton-criticam-privatizacao-da-celg-gt\/"]}]},{"@type":"ImageObject","inLanguage":"pt-BR","@id":"https:\/\/juacontecimentos.com.br\/site\/em-nota-marconi-e-jose-eliton-criticam-privatizacao-da-celg-gt\/#primaryimage","url":"https:\/\/juacontecimentos.com.br\/site\/wp-content\/uploads\/2021\/02\/image-13.jpg","contentUrl":"https:\/\/juacontecimentos.com.br\/site\/wp-content\/uploads\/2021\/02\/image-13.jpg","width":800,"height":533},{"@type":"BreadcrumbList","@id":"https:\/\/juacontecimentos.com.br\/site\/em-nota-marconi-e-jose-eliton-criticam-privatizacao-da-celg-gt\/#breadcrumb","itemListElement":[{"@type":"ListItem","position":1,"name":"In\u00edcio","item":"https:\/\/juacontecimentos.com.br\/site\/"},{"@type":"ListItem","position":2,"name":"Em nota, Marconi e Jos\u00e9 Eliton criticam privatiza\u00e7\u00e3o da Celg GT"}]},{"@type":"WebSite","@id":"https:\/\/juacontecimentos.com.br\/site\/#website","url":"https:\/\/juacontecimentos.com.br\/site\/","name":"Jornal Ultimos Acontecimentos","description":"Catal\u00e3o e regi\u00e3o","publisher":{"@id":"https:\/\/juacontecimentos.com.br\/site\/#organization"},"potentialAction":[{"@type":"SearchAction","target":{"@type":"EntryPoint","urlTemplate":"https:\/\/juacontecimentos.com.br\/site\/?s={search_term_string}"},"query-input":{"@type":"PropertyValueSpecification","valueRequired":true,"valueName":"search_term_string"}}],"inLanguage":"pt-BR"},{"@type":"Organization","@id":"https:\/\/juacontecimentos.com.br\/site\/#organization","name":"Jornal Ultimos Acontecimentos","url":"https:\/\/juacontecimentos.com.br\/site\/","logo":{"@type":"ImageObject","inLanguage":"pt-BR","@id":"https:\/\/juacontecimentos.com.br\/site\/#\/schema\/logo\/image\/","url":"https:\/\/juacontecimentos.com.br\/site\/wp-content\/uploads\/2023\/04\/Logo_Site.png","contentUrl":"https:\/\/juacontecimentos.com.br\/site\/wp-content\/uploads\/2023\/04\/Logo_Site.png","width":2476,"height":530,"caption":"Jornal Ultimos Acontecimentos"},"image":{"@id":"https:\/\/juacontecimentos.com.br\/site\/#\/schema\/logo\/image\/"},"sameAs":["https:\/\/www.facebook.com\/jultimosacontecimentos\/"]},{"@type":"Person","@id":"https:\/\/juacontecimentos.com.br\/site\/#\/schema\/person\/082a54e6d3fdd7a633291428521c9669","name":"Reginaldo Ribeiro","image":{"@type":"ImageObject","inLanguage":"pt-BR","@id":"https:\/\/juacontecimentos.com.br\/site\/#\/schema\/person\/image\/","url":"https:\/\/secure.gravatar.com\/avatar\/5c16c6837c3490270a74d888c2a845728f06bdde1f8761de1de1d1d1ef82d12f?s=96&d=mm&r=g","contentUrl":"https:\/\/secure.gravatar.com\/avatar\/5c16c6837c3490270a74d888c2a845728f06bdde1f8761de1de1d1d1ef82d12f?s=96&d=mm&r=g","caption":"Reginaldo Ribeiro"}}]}},"_links":{"self":[{"href":"https:\/\/juacontecimentos.com.br\/site\/wp-json\/wp\/v2\/posts\/13290","targetHints":{"allow":["GET"]}}],"collection":[{"href":"https:\/\/juacontecimentos.com.br\/site\/wp-json\/wp\/v2\/posts"}],"about":[{"href":"https:\/\/juacontecimentos.com.br\/site\/wp-json\/wp\/v2\/types\/post"}],"author":[{"embeddable":true,"href":"https:\/\/juacontecimentos.com.br\/site\/wp-json\/wp\/v2\/users\/2"}],"replies":[{"embeddable":true,"href":"https:\/\/juacontecimentos.com.br\/site\/wp-json\/wp\/v2\/comments?post=13290"}],"version-history":[{"count":1,"href":"https:\/\/juacontecimentos.com.br\/site\/wp-json\/wp\/v2\/posts\/13290\/revisions"}],"predecessor-version":[{"id":13292,"href":"https:\/\/juacontecimentos.com.br\/site\/wp-json\/wp\/v2\/posts\/13290\/revisions\/13292"}],"wp:featuredmedia":[{"embeddable":true,"href":"https:\/\/juacontecimentos.com.br\/site\/wp-json\/wp\/v2\/media\/13291"}],"wp:attachment":[{"href":"https:\/\/juacontecimentos.com.br\/site\/wp-json\/wp\/v2\/media?parent=13290"}],"wp:term":[{"taxonomy":"category","embeddable":true,"href":"https:\/\/juacontecimentos.com.br\/site\/wp-json\/wp\/v2\/categories?post=13290"},{"taxonomy":"post_tag","embeddable":true,"href":"https:\/\/juacontecimentos.com.br\/site\/wp-json\/wp\/v2\/tags?post=13290"}],"curies":[{"name":"wp","href":"https:\/\/api.w.org\/{rel}","templated":true}]}}