{"id":13344,"date":"2021-02-18T05:49:21","date_gmt":"2021-02-18T08:49:21","guid":{"rendered":"https:\/\/juacontecimentos.com.br\/site\/?p=13344"},"modified":"2021-02-18T05:49:21","modified_gmt":"2021-02-18T08:49:21","slug":"mp-investigara-cumprimento-regras-para-enfrentamento-pandemia-nos-municipios","status":"publish","type":"post","link":"https:\/\/juacontecimentos.com.br\/site\/mp-investigara-cumprimento-regras-para-enfrentamento-pandemia-nos-municipios\/","title":{"rendered":"MP investigar\u00e1 cumprimento regras para enfrentamento \u00e0 pandemia nos munic\u00edpios"},"content":{"rendered":"<h3>Procurador-geral afirma que nota t\u00e9cnica da Secretaria Estadual de Sa\u00fade tem for\u00e7a de lei<img loading=\"lazy\" decoding=\"async\" class=\"alignnone size-full wp-image-13345\" src=\"https:\/\/juacontecimentos.com.br\/site\/wp-content\/uploads\/2021\/02\/image-2-7.jpg\" alt=\"\" width=\"800\" height=\"534\" srcset=\"https:\/\/juacontecimentos.com.br\/site\/wp-content\/uploads\/2021\/02\/image-2-7.jpg 800w, https:\/\/juacontecimentos.com.br\/site\/wp-content\/uploads\/2021\/02\/image-2-7-300x200.jpg 300w, https:\/\/juacontecimentos.com.br\/site\/wp-content\/uploads\/2021\/02\/image-2-7-768x513.jpg 768w\" sizes=\"auto, (max-width: 800px) 100vw, 800px\" \/><\/h3>\n\n<div class=\"products\">\n<div class=\"flex h--space-between\">\n<ul class=\"products__list\">\n<li><a href=\"https:\/\/ludovica.opopular.com.br\/\" target=\"_blank\">Ludovica<\/a><\/li>\n<\/ul>\n<\/div>\n<\/div>\n\n<div class=\"container h--space-between\"><a class=\"pop-logo\" href=\"https:\/\/www.opopular.com.br\/\"><img loading=\"lazy\" decoding=\"async\" src=\"https:\/\/www.opopular.com.br\/img\/opopular-6\/o-popular-negativo.svg\" alt=\"O Popular\" width=\"201\" height=\"33\"><\/a><\/p>\n<ul class=\"nav__actions\">\n<li class=\"whatsapp\">\n<div class=\"flat-button\"><a href=\"https:\/\/api.whatsapp.com\/send?phone=5562999952795\" target=\"_blank\">62 99995 2795<\/a><\/div>\n<\/li>\n<li class=\"search-input\">\n<form class=\"flex\" action=\"https:\/\/www.opopular.com.br\/busca\"><input id=\"search\" name=\"q\" type=\"text\" \/><\/p>\n<div class=\"flat-button\">BUSCAR<\/div>\n<\/form>\n<\/li>\n<li class=\"button-group\">\n<div class=\"logout\">\n<div class=\"logout__content\"><span class=\"name\">PAULO<\/span><a class=\"flat-button account logout\" href=\"https:\/\/www.opopular.com.br\/membership\/logout?site=opopular.d\">SAIR?<\/a><\/div>\n<\/div>\n<\/li>\n<li><a class=\"raised-button primary\" href=\"https:\/\/uaiz.opopular.com.br\/anuncie-pop\" target=\"_blank\">ANUNCIE AQUI<\/a><\/li>\n<li><a class=\"raised-button secondary header-price\" href=\"https:\/\/www.opopular.com.br\/popstore-web\/?token=ca83760812f553d33974556341a9fec\" target=\"_blank\">ASSINE J\u00c1<\/a>\n<div><img decoding=\"async\" src=\"https:\/\/www.opopular.com.br\/img\/opopular-6\/header-button-price-1r90c.svg\" alt=\"A partir de R$ 1,90 no primeiro m\u00eas\" \/><\/div>\n<\/li>\n<\/ul>\n<\/div>\n<div class=\"container h--space-between\">\n<ul class=\"nav__editorial\">\n<li class=\"nav__editorial-item tag--capa \"><a href=\"https:\/\/www.opopular.com.br\/?ref=menu\">CAPA<\/a><\/li>\n<li class=\" nav__editorial-item tag--politica \"><a target=\"_self\">POL\u00cdTICA<\/a><\/li>\n<li class=\" nav__editorial-item tag--economia \"><a target=\"_self\">ECONOMIA<\/a><\/li>\n<li class=\" nav__editorial-item tag--mundo \"><a target=\"_self\">MUNDO<\/a><\/li>\n<li class=\" nav__editorial-item tag--cidades active \"><a target=\"_self\">CIDADES<\/a><\/li>\n<li class=\" nav__editorial-item tag--esporte \"><a target=\"_self\">ESPORTE<\/a><\/li>\n<li class=\" nav__editorial-item tag--magazine \"><a target=\"_self\">MAGAZINE<\/a><\/li>\n<li class=\" nav__editorial-item tag--ludovica without--megamenu \"><a href=\"https:\/\/www.opopular.com.br\/noticias\/ludovica\" target=\"_self\">LUDOVICA<\/a><\/li>\n<li class=\" nav__editorial-item tag--opiniao \"><a target=\"_self\">OPINI\u00c3O<\/a><\/li>\n<li class=\" nav__editorial-item tag--especiais without--megamenu \"><a href=\"https:\/\/especiais.opopular.com.br\/\" target=\"_blank\">ESPECIAIS<\/a><\/li>\n<li class=\" nav__editorial-item tag--infomercial \"><a target=\"_self\">INFOMERCIAL<\/a><\/li>\n<li class=\" nav__editorial-item tag--videos \"><a target=\"_self\">V\u00cdDEOS<\/a><\/li>\n<li class=\" nav__editorial-item tag--guias without--megamenu \"><a href=\"https:\/\/guias.opopular.com.br\/\" target=\"_blank\">GUIAS<\/a><\/li>\n<\/ul>\n<ul class=\"nav__media\">\n<li class=\" nav__editorial-item tag--podcast without--megamenu \"><a href=\"https:\/\/www.opopular.com.br\/noticias\/podcast\" target=\"_self\">PODCAST<\/a><\/li>\n<li class=\" nav__editorial-item tag--audio without--megamenu \"><a href=\"https:\/\/www.opopular.com.br\/ou%C3%A7a-a-edi%C3%A7%C3%A3o-de-hoje-1.1285877\">\u00c1UDIO<\/a><\/li>\n<li class=\" nav__editorial-item tag--flip \"><a target=\"_self\">DIGITAL<\/a><\/li>\n<\/ul>\n<\/div>\n\n<div class=\"nav__megamenu collapsed\">\n<div class=\"container\"><\/div>\n<\/div>\n\n<p><\/p>\n<div class=\"container\">\n<div class=\"row margin-top\">\n<div class=\"col-content\">\n<div class=\"row\">\n<div class=\"center-dfp page-ad\">\n<div class=\"ad-show-tblt\"><\/div>\n<\/div>\n\n<div class=\"row\">\n<div class=\"col-columnist hidden-sm col-md-2 col-sm-12\">\n<div class=\"columnist-content\">\n<div class=\"flex flex-column v--center\">\n<div class=\"columnist-info v--center\">\n<h3>Mariana Carneiro<\/h3>\n<p>mariana.carneiro@opopular.com.br<\/p><\/div>\n<\/div>\n<\/div>\n<div class=\"share-pivo\">\n<div class=\" share-news \">\n<ul class=\"flex v--center flex-column \">\n<li class=\"flex h--center v--center\"><\/li>\n<li class=\"flex h--center v--center\"><\/li>\n<li class=\"flex h--center v--center\"><\/li>\n<li class=\"flex h--center v--center\"><\/li>\n<li class=\"flex h--center v--center\"><\/li>\n<\/ul>\n<\/div>\n<\/div>\n<\/div>\n<div class=\"col-content-inner col-md-10 col-sm-12\">\n<div class=\"inner-news flex flex-column tag--cidades \">\n<div class=\"inner-news-featured text-content-color\">\n<div class=\"retracts-tag\">CIDADES<\/div>\n<h1>MP investigar\u00e1 cumprimento regras para enfrentamento \u00e0 pandemia nos munic\u00edpios<\/h1>\n<h3>Procurador-geral afirma que nota t\u00e9cnica da Secretaria Estadual de Sa\u00fade tem for\u00e7a de lei<\/h3>\n<p>17\/02\/2021 &#8211; 20:10<\/div>\n\n<img loading=\"lazy\" decoding=\"async\" width=\"800\" alt=\"Procurador-geral de Justi\u00e7a de Goi\u00e1s, Aylton Vechi\" itemprop=\"image\" title=\"Photo: Douglas Schinatto, License: N\/A, Created: 2019:03:08 16:15:46\" height=\"534\" src=\"https:\/\/www.opopular.com.br\/polopoly_fs\/1.2059209.1613604202!\/image\/image.jpg_gen\/derivatives\/landscape_800\/image.jpg\">Procurador-geral de Justi\u00e7a de Goi\u00e1s, Aylton Vechi (Foto: Douglas Schinatto)\n<div class=\"article-text\">\n<p class=\"TEXTO\">Os promotores e procuradores de Goi\u00e1s devem receber ainda hoje (18) uma lista do Minist\u00e9rio P\u00fablico (MPGO) com o estado em epidemiol\u00f3gico dos munic\u00edpios em que atuam. A inten\u00e7\u00e3o \u00e9 dar condi\u00e7\u00f5es para que eles possam cobrar dos prefeitos o cumprimento das recomenda\u00e7\u00f5es da nota t\u00e9cnica da Secretaria de Estado de Sa\u00fade de Goi\u00e1s (SES-GO) para a preven\u00e7\u00e3o da dissemina\u00e7\u00e3o do coronav\u00edrus (Sars-CoV-2).<\/p>\n<p class=\"TEXTO\">\u201c\u00c9 claro que os procuradores e promotores t\u00eam autonomia para agirem sozinhos, mas essa documenta\u00e7\u00e3o que ser\u00e1 enviada d\u00e1 mais respaldo para eles\u201d, afirma o procurador-geral de Justi\u00e7a, Aylton Vechi. Entretanto, o MP-GO s\u00f3 poder\u00e1 come\u00e7ar a agir depois de um posicionamento dos munic\u00edpios.<\/p>\n<p class=\"TEXTO\">Em reuni\u00e3o com o governador Ronaldo Caiado (DEM) ontem (17), o procurador-geral de Justi\u00e7a afirmou que o MP-GO vai trabalhar ativamente em conjunto com o governo estadual para fazer com que a nota t\u00e9cnica da SES-GO seja posta em pr\u00e1tica pelos munic\u00edpios, conforme a classifica\u00e7\u00e3o de risco para a Covid-19 (alerta, cr\u00edtica ou calamidade).<\/p>\n<p class=\"TEXTO\">Vechi explica que, em alguns casos, algumas promotorias que atendem diferentes munic\u00edpios dever\u00e3o at\u00e9 mesmo trabalhar juntas. Ele esclarece que o intuito \u00e9 fazer com que as cidades que ficam pr\u00f3ximas umas das outras adotem posturas e procedimentos parecidos.<\/p>\n<p class=\"TEXTO\">\u201cPrecisamos acabar com esse individualismo. N\u00e3o tem como uma cidade que \u00e9 vizinha da outra n\u00e3o ser afetada pelo cen\u00e1rio epidemiol\u00f3gico e decis\u00f5es que a outra toma. Precisa haver essa sintonia fina entre elas\u201d, destaca.<\/p>\n<p class=\"INTERTITULO\"><b>San\u00e7\u00f5es<\/b><\/p>\n<p class=\"TEXTO\">O procurador-geral explica que a nota t\u00e9cnica \u00e9 um documento que tem validade jur\u00eddica e poder\u00e1 ser usada pelo MP-GO para fazer, inicialmente, recomenda\u00e7\u00f5es para os munic\u00edpios, como, por exemplo, j\u00e1 \u00e9 feito pelo \u00f3rg\u00e3o no processo de vacina\u00e7\u00e3o contra a Covid-19. \u201cCaso as recomenda\u00e7\u00f5es n\u00e3o sejam o suficiente para os munic\u00edpios se adequarem \u00e0s normas exigidas, entraremos com outras medidas\u201d, diz.<\/p>\n<p class=\"TEXTO\">Vechi esclarece, por exemplo, que, caso um estabelecimento esteja aberto fora do permitido, a fiscaliza\u00e7\u00e3o municipal ser\u00e1 chamada para fazer o controle. \u201cCaso exista omiss\u00e3o da parte do munic\u00edpio podemos fazer a san\u00e7\u00e3o do gestor que n\u00e3o est\u00e1 cumprindo com a obriga\u00e7\u00e3o dele\u201d, relata.<\/p>\n<p class=\"TEXTO\">Na hip\u00f3tese de os munic\u00edpios n\u00e3o acatarem as recomenda\u00e7\u00f5es do MP-GO, o \u00f3rg\u00e3o pode entrar com a\u00e7\u00f5es na esfera c\u00edvel e at\u00e9 mesmo criminal, com base na lei de improbidade administrativa e nas multas administrativas, daqueles que n\u00e3o cumprirem as normas e a legisla\u00e7\u00e3o para conter o avan\u00e7o da Covid-19.<\/p>\n<p class=\"TEXTO\">Entretanto, o procurador-geral acredita que a maioria dos prefeitos vai agir de forma positiva e em harmonia com o governo estadual. \u201cDurante a reuni\u00e3o que tivemos com o governador, ele colocou a Pol\u00edcia Militar \u00e0 disposi\u00e7\u00e3o. Estamos vivendo um momento perigoso. Acredito que esse \u00e9 um momento onde todos os gestores tenham consci\u00eancia disso e hajam de acordo\u201d, finaliza.<\/p>\n<\/div>\n\n<\/div>\n<\/div>\n<\/div>\n\n<\/div>\n<\/div>\n<\/div>\n<\/div>\n<p><br \/>\n<\/p>\n","protected":false},"excerpt":{"rendered":"<p>Procurador-geral afirma que nota t\u00e9cnica da Secretaria Estadual de Sa\u00fade tem for\u00e7a de lei Ludovica 62 99995 2795 BUSCAR PAULOSAIR? ANUNCIE AQUI ASSINE J\u00c1 CAPA POL\u00cdTICA ECONOMIA MUNDO CIDADES ESPORTE MAGAZINE LUDOVICA OPINI\u00c3O ESPECIAIS INFOMERCIAL V\u00cdDEOS GUIAS PODCAST \u00c1UDIO DIGITAL Mariana Carneiro mariana.carneiro@opopular.com.br CIDADES MP investigar\u00e1 cumprimento regras para enfrentamento \u00e0 pandemia nos munic\u00edpios Procurador-geral<\/p>\n","protected":false},"author":2,"featured_media":13345,"comment_status":"open","ping_status":"open","sticky":false,"template":"","format":"standard","meta":{"footnotes":""},"categories":[27,22,26,23],"tags":[],"class_list":["post-13344","post","type-post","status-publish","format-standard","has-post-thumbnail","hentry","category-brasil","category-catalao","category-destaque","category-goias"],"yoast_head":"<!-- This site is optimized with the Yoast SEO plugin v25.8 - https:\/\/yoast.com\/wordpress\/plugins\/seo\/ -->\n<title>MP investigar\u00e1 cumprimento regras para enfrentamento \u00e0 pandemia nos munic\u00edpios - Jornal Ultimos Acontecimentos<\/title>\n<meta name=\"robots\" content=\"index, follow, max-snippet:-1, max-image-preview:large, max-video-preview:-1\" \/>\n<link rel=\"canonical\" href=\"https:\/\/juacontecimentos.com.br\/site\/mp-investigara-cumprimento-regras-para-enfrentamento-pandemia-nos-municipios\/\" \/>\n<meta property=\"og:locale\" content=\"pt_BR\" \/>\n<meta property=\"og:type\" content=\"article\" \/>\n<meta property=\"og:title\" content=\"MP investigar\u00e1 cumprimento regras para enfrentamento \u00e0 pandemia nos munic\u00edpios - Jornal Ultimos Acontecimentos\" \/>\n<meta property=\"og:description\" content=\"Procurador-geral afirma que nota t\u00e9cnica da Secretaria Estadual de Sa\u00fade tem for\u00e7a de lei Ludovica 62 99995 2795 BUSCAR PAULOSAIR? ANUNCIE AQUI ASSINE J\u00c1 CAPA POL\u00cdTICA ECONOMIA MUNDO CIDADES ESPORTE MAGAZINE LUDOVICA OPINI\u00c3O ESPECIAIS INFOMERCIAL V\u00cdDEOS GUIAS PODCAST \u00c1UDIO DIGITAL Mariana Carneiro mariana.carneiro@opopular.com.br CIDADES MP investigar\u00e1 cumprimento regras para enfrentamento \u00e0 pandemia nos munic\u00edpios Procurador-geral\" \/>\n<meta property=\"og:url\" content=\"https:\/\/juacontecimentos.com.br\/site\/mp-investigara-cumprimento-regras-para-enfrentamento-pandemia-nos-municipios\/\" \/>\n<meta property=\"og:site_name\" content=\"Jornal Ultimos Acontecimentos\" \/>\n<meta property=\"article:publisher\" content=\"https:\/\/www.facebook.com\/jultimosacontecimentos\/\" \/>\n<meta property=\"article:published_time\" content=\"2021-02-18T08:49:21+00:00\" \/>\n<meta property=\"og:image\" content=\"https:\/\/juacontecimentos.com.br\/site\/wp-content\/uploads\/2021\/02\/image-2-7.jpg\" \/>\n\t<meta property=\"og:image:width\" content=\"800\" \/>\n\t<meta property=\"og:image:height\" content=\"534\" \/>\n\t<meta property=\"og:image:type\" content=\"image\/jpeg\" \/>\n<meta name=\"author\" content=\"Reginaldo Ribeiro\" \/>\n<meta name=\"twitter:card\" content=\"summary_large_image\" \/>\n<meta name=\"twitter:label1\" content=\"Escrito por\" \/>\n\t<meta name=\"twitter:data1\" content=\"Reginaldo Ribeiro\" \/>\n\t<meta name=\"twitter:label2\" content=\"Est. tempo de leitura\" \/>\n\t<meta name=\"twitter:data2\" content=\"3 minutos\" \/>\n<script type=\"application\/ld+json\" class=\"yoast-schema-graph\">{\"@context\":\"https:\/\/schema.org\",\"@graph\":[{\"@type\":\"Article\",\"@id\":\"https:\/\/juacontecimentos.com.br\/site\/mp-investigara-cumprimento-regras-para-enfrentamento-pandemia-nos-municipios\/#article\",\"isPartOf\":{\"@id\":\"https:\/\/juacontecimentos.com.br\/site\/mp-investigara-cumprimento-regras-para-enfrentamento-pandemia-nos-municipios\/\"},\"author\":{\"name\":\"Reginaldo Ribeiro\",\"@id\":\"https:\/\/juacontecimentos.com.br\/site\/#\/schema\/person\/082a54e6d3fdd7a633291428521c9669\"},\"headline\":\"MP investigar\u00e1 cumprimento regras para enfrentamento \u00e0 pandemia nos munic\u00edpios\",\"datePublished\":\"2021-02-18T08:49:21+00:00\",\"mainEntityOfPage\":{\"@id\":\"https:\/\/juacontecimentos.com.br\/site\/mp-investigara-cumprimento-regras-para-enfrentamento-pandemia-nos-municipios\/\"},\"wordCount\":607,\"commentCount\":0,\"publisher\":{\"@id\":\"https:\/\/juacontecimentos.com.br\/site\/#organization\"},\"image\":{\"@id\":\"https:\/\/juacontecimentos.com.br\/site\/mp-investigara-cumprimento-regras-para-enfrentamento-pandemia-nos-municipios\/#primaryimage\"},\"thumbnailUrl\":\"https:\/\/juacontecimentos.com.br\/site\/wp-content\/uploads\/2021\/02\/image-2-7.jpg\",\"articleSection\":[\"Brasil\",\"Catal\u00e3o\",\"Destaque\",\"Goi\u00e1s\"],\"inLanguage\":\"pt-BR\"},{\"@type\":\"WebPage\",\"@id\":\"https:\/\/juacontecimentos.com.br\/site\/mp-investigara-cumprimento-regras-para-enfrentamento-pandemia-nos-municipios\/\",\"url\":\"https:\/\/juacontecimentos.com.br\/site\/mp-investigara-cumprimento-regras-para-enfrentamento-pandemia-nos-municipios\/\",\"name\":\"MP investigar\u00e1 cumprimento regras para enfrentamento \u00e0 pandemia nos munic\u00edpios - Jornal Ultimos Acontecimentos\",\"isPartOf\":{\"@id\":\"https:\/\/juacontecimentos.com.br\/site\/#website\"},\"primaryImageOfPage\":{\"@id\":\"https:\/\/juacontecimentos.com.br\/site\/mp-investigara-cumprimento-regras-para-enfrentamento-pandemia-nos-municipios\/#primaryimage\"},\"image\":{\"@id\":\"https:\/\/juacontecimentos.com.br\/site\/mp-investigara-cumprimento-regras-para-enfrentamento-pandemia-nos-municipios\/#primaryimage\"},\"thumbnailUrl\":\"https:\/\/juacontecimentos.com.br\/site\/wp-content\/uploads\/2021\/02\/image-2-7.jpg\",\"datePublished\":\"2021-02-18T08:49:21+00:00\",\"breadcrumb\":{\"@id\":\"https:\/\/juacontecimentos.com.br\/site\/mp-investigara-cumprimento-regras-para-enfrentamento-pandemia-nos-municipios\/#breadcrumb\"},\"inLanguage\":\"pt-BR\",\"potentialAction\":[{\"@type\":\"ReadAction\",\"target\":[\"https:\/\/juacontecimentos.com.br\/site\/mp-investigara-cumprimento-regras-para-enfrentamento-pandemia-nos-municipios\/\"]}]},{\"@type\":\"ImageObject\",\"inLanguage\":\"pt-BR\",\"@id\":\"https:\/\/juacontecimentos.com.br\/site\/mp-investigara-cumprimento-regras-para-enfrentamento-pandemia-nos-municipios\/#primaryimage\",\"url\":\"https:\/\/juacontecimentos.com.br\/site\/wp-content\/uploads\/2021\/02\/image-2-7.jpg\",\"contentUrl\":\"https:\/\/juacontecimentos.com.br\/site\/wp-content\/uploads\/2021\/02\/image-2-7.jpg\",\"width\":800,\"height\":534},{\"@type\":\"BreadcrumbList\",\"@id\":\"https:\/\/juacontecimentos.com.br\/site\/mp-investigara-cumprimento-regras-para-enfrentamento-pandemia-nos-municipios\/#breadcrumb\",\"itemListElement\":[{\"@type\":\"ListItem\",\"position\":1,\"name\":\"In\u00edcio\",\"item\":\"https:\/\/juacontecimentos.com.br\/site\/\"},{\"@type\":\"ListItem\",\"position\":2,\"name\":\"MP investigar\u00e1 cumprimento regras para enfrentamento \u00e0 pandemia nos munic\u00edpios\"}]},{\"@type\":\"WebSite\",\"@id\":\"https:\/\/juacontecimentos.com.br\/site\/#website\",\"url\":\"https:\/\/juacontecimentos.com.br\/site\/\",\"name\":\"Jornal Ultimos Acontecimentos\",\"description\":\"Catal\u00e3o e regi\u00e3o\",\"publisher\":{\"@id\":\"https:\/\/juacontecimentos.com.br\/site\/#organization\"},\"potentialAction\":[{\"@type\":\"SearchAction\",\"target\":{\"@type\":\"EntryPoint\",\"urlTemplate\":\"https:\/\/juacontecimentos.com.br\/site\/?s={search_term_string}\"},\"query-input\":{\"@type\":\"PropertyValueSpecification\",\"valueRequired\":true,\"valueName\":\"search_term_string\"}}],\"inLanguage\":\"pt-BR\"},{\"@type\":\"Organization\",\"@id\":\"https:\/\/juacontecimentos.com.br\/site\/#organization\",\"name\":\"Jornal Ultimos Acontecimentos\",\"url\":\"https:\/\/juacontecimentos.com.br\/site\/\",\"logo\":{\"@type\":\"ImageObject\",\"inLanguage\":\"pt-BR\",\"@id\":\"https:\/\/juacontecimentos.com.br\/site\/#\/schema\/logo\/image\/\",\"url\":\"https:\/\/juacontecimentos.com.br\/site\/wp-content\/uploads\/2023\/04\/Logo_Site.png\",\"contentUrl\":\"https:\/\/juacontecimentos.com.br\/site\/wp-content\/uploads\/2023\/04\/Logo_Site.png\",\"width\":2476,\"height\":530,\"caption\":\"Jornal Ultimos Acontecimentos\"},\"image\":{\"@id\":\"https:\/\/juacontecimentos.com.br\/site\/#\/schema\/logo\/image\/\"},\"sameAs\":[\"https:\/\/www.facebook.com\/jultimosacontecimentos\/\"]},{\"@type\":\"Person\",\"@id\":\"https:\/\/juacontecimentos.com.br\/site\/#\/schema\/person\/082a54e6d3fdd7a633291428521c9669\",\"name\":\"Reginaldo Ribeiro\",\"image\":{\"@type\":\"ImageObject\",\"inLanguage\":\"pt-BR\",\"@id\":\"https:\/\/juacontecimentos.com.br\/site\/#\/schema\/person\/image\/\",\"url\":\"https:\/\/secure.gravatar.com\/avatar\/5c16c6837c3490270a74d888c2a845728f06bdde1f8761de1de1d1d1ef82d12f?s=96&d=mm&r=g\",\"contentUrl\":\"https:\/\/secure.gravatar.com\/avatar\/5c16c6837c3490270a74d888c2a845728f06bdde1f8761de1de1d1d1ef82d12f?s=96&d=mm&r=g\",\"caption\":\"Reginaldo Ribeiro\"}}]}<\/script>\n<!-- \/ Yoast SEO plugin. -->","yoast_head_json":{"title":"MP investigar\u00e1 cumprimento regras para enfrentamento \u00e0 pandemia nos munic\u00edpios - Jornal Ultimos Acontecimentos","robots":{"index":"index","follow":"follow","max-snippet":"max-snippet:-1","max-image-preview":"max-image-preview:large","max-video-preview":"max-video-preview:-1"},"canonical":"https:\/\/juacontecimentos.com.br\/site\/mp-investigara-cumprimento-regras-para-enfrentamento-pandemia-nos-municipios\/","og_locale":"pt_BR","og_type":"article","og_title":"MP investigar\u00e1 cumprimento regras para enfrentamento \u00e0 pandemia nos munic\u00edpios - Jornal Ultimos Acontecimentos","og_description":"Procurador-geral afirma que nota t\u00e9cnica da Secretaria Estadual de Sa\u00fade tem for\u00e7a de lei Ludovica 62 99995 2795 BUSCAR PAULOSAIR? ANUNCIE AQUI ASSINE J\u00c1 CAPA POL\u00cdTICA ECONOMIA MUNDO CIDADES ESPORTE MAGAZINE LUDOVICA OPINI\u00c3O ESPECIAIS INFOMERCIAL V\u00cdDEOS GUIAS PODCAST \u00c1UDIO DIGITAL Mariana Carneiro mariana.carneiro@opopular.com.br CIDADES MP investigar\u00e1 cumprimento regras para enfrentamento \u00e0 pandemia nos munic\u00edpios Procurador-geral","og_url":"https:\/\/juacontecimentos.com.br\/site\/mp-investigara-cumprimento-regras-para-enfrentamento-pandemia-nos-municipios\/","og_site_name":"Jornal Ultimos Acontecimentos","article_publisher":"https:\/\/www.facebook.com\/jultimosacontecimentos\/","article_published_time":"2021-02-18T08:49:21+00:00","og_image":[{"width":800,"height":534,"url":"https:\/\/juacontecimentos.com.br\/site\/wp-content\/uploads\/2021\/02\/image-2-7.jpg","type":"image\/jpeg"}],"author":"Reginaldo Ribeiro","twitter_card":"summary_large_image","twitter_misc":{"Escrito por":"Reginaldo Ribeiro","Est. tempo de leitura":"3 minutos"},"schema":{"@context":"https:\/\/schema.org","@graph":[{"@type":"Article","@id":"https:\/\/juacontecimentos.com.br\/site\/mp-investigara-cumprimento-regras-para-enfrentamento-pandemia-nos-municipios\/#article","isPartOf":{"@id":"https:\/\/juacontecimentos.com.br\/site\/mp-investigara-cumprimento-regras-para-enfrentamento-pandemia-nos-municipios\/"},"author":{"name":"Reginaldo Ribeiro","@id":"https:\/\/juacontecimentos.com.br\/site\/#\/schema\/person\/082a54e6d3fdd7a633291428521c9669"},"headline":"MP investigar\u00e1 cumprimento regras para enfrentamento \u00e0 pandemia nos munic\u00edpios","datePublished":"2021-02-18T08:49:21+00:00","mainEntityOfPage":{"@id":"https:\/\/juacontecimentos.com.br\/site\/mp-investigara-cumprimento-regras-para-enfrentamento-pandemia-nos-municipios\/"},"wordCount":607,"commentCount":0,"publisher":{"@id":"https:\/\/juacontecimentos.com.br\/site\/#organization"},"image":{"@id":"https:\/\/juacontecimentos.com.br\/site\/mp-investigara-cumprimento-regras-para-enfrentamento-pandemia-nos-municipios\/#primaryimage"},"thumbnailUrl":"https:\/\/juacontecimentos.com.br\/site\/wp-content\/uploads\/2021\/02\/image-2-7.jpg","articleSection":["Brasil","Catal\u00e3o","Destaque","Goi\u00e1s"],"inLanguage":"pt-BR"},{"@type":"WebPage","@id":"https:\/\/juacontecimentos.com.br\/site\/mp-investigara-cumprimento-regras-para-enfrentamento-pandemia-nos-municipios\/","url":"https:\/\/juacontecimentos.com.br\/site\/mp-investigara-cumprimento-regras-para-enfrentamento-pandemia-nos-municipios\/","name":"MP investigar\u00e1 cumprimento regras para enfrentamento \u00e0 pandemia nos munic\u00edpios - Jornal Ultimos Acontecimentos","isPartOf":{"@id":"https:\/\/juacontecimentos.com.br\/site\/#website"},"primaryImageOfPage":{"@id":"https:\/\/juacontecimentos.com.br\/site\/mp-investigara-cumprimento-regras-para-enfrentamento-pandemia-nos-municipios\/#primaryimage"},"image":{"@id":"https:\/\/juacontecimentos.com.br\/site\/mp-investigara-cumprimento-regras-para-enfrentamento-pandemia-nos-municipios\/#primaryimage"},"thumbnailUrl":"https:\/\/juacontecimentos.com.br\/site\/wp-content\/uploads\/2021\/02\/image-2-7.jpg","datePublished":"2021-02-18T08:49:21+00:00","breadcrumb":{"@id":"https:\/\/juacontecimentos.com.br\/site\/mp-investigara-cumprimento-regras-para-enfrentamento-pandemia-nos-municipios\/#breadcrumb"},"inLanguage":"pt-BR","potentialAction":[{"@type":"ReadAction","target":["https:\/\/juacontecimentos.com.br\/site\/mp-investigara-cumprimento-regras-para-enfrentamento-pandemia-nos-municipios\/"]}]},{"@type":"ImageObject","inLanguage":"pt-BR","@id":"https:\/\/juacontecimentos.com.br\/site\/mp-investigara-cumprimento-regras-para-enfrentamento-pandemia-nos-municipios\/#primaryimage","url":"https:\/\/juacontecimentos.com.br\/site\/wp-content\/uploads\/2021\/02\/image-2-7.jpg","contentUrl":"https:\/\/juacontecimentos.com.br\/site\/wp-content\/uploads\/2021\/02\/image-2-7.jpg","width":800,"height":534},{"@type":"BreadcrumbList","@id":"https:\/\/juacontecimentos.com.br\/site\/mp-investigara-cumprimento-regras-para-enfrentamento-pandemia-nos-municipios\/#breadcrumb","itemListElement":[{"@type":"ListItem","position":1,"name":"In\u00edcio","item":"https:\/\/juacontecimentos.com.br\/site\/"},{"@type":"ListItem","position":2,"name":"MP investigar\u00e1 cumprimento regras para enfrentamento \u00e0 pandemia nos munic\u00edpios"}]},{"@type":"WebSite","@id":"https:\/\/juacontecimentos.com.br\/site\/#website","url":"https:\/\/juacontecimentos.com.br\/site\/","name":"Jornal Ultimos Acontecimentos","description":"Catal\u00e3o e regi\u00e3o","publisher":{"@id":"https:\/\/juacontecimentos.com.br\/site\/#organization"},"potentialAction":[{"@type":"SearchAction","target":{"@type":"EntryPoint","urlTemplate":"https:\/\/juacontecimentos.com.br\/site\/?s={search_term_string}"},"query-input":{"@type":"PropertyValueSpecification","valueRequired":true,"valueName":"search_term_string"}}],"inLanguage":"pt-BR"},{"@type":"Organization","@id":"https:\/\/juacontecimentos.com.br\/site\/#organization","name":"Jornal Ultimos Acontecimentos","url":"https:\/\/juacontecimentos.com.br\/site\/","logo":{"@type":"ImageObject","inLanguage":"pt-BR","@id":"https:\/\/juacontecimentos.com.br\/site\/#\/schema\/logo\/image\/","url":"https:\/\/juacontecimentos.com.br\/site\/wp-content\/uploads\/2023\/04\/Logo_Site.png","contentUrl":"https:\/\/juacontecimentos.com.br\/site\/wp-content\/uploads\/2023\/04\/Logo_Site.png","width":2476,"height":530,"caption":"Jornal Ultimos Acontecimentos"},"image":{"@id":"https:\/\/juacontecimentos.com.br\/site\/#\/schema\/logo\/image\/"},"sameAs":["https:\/\/www.facebook.com\/jultimosacontecimentos\/"]},{"@type":"Person","@id":"https:\/\/juacontecimentos.com.br\/site\/#\/schema\/person\/082a54e6d3fdd7a633291428521c9669","name":"Reginaldo Ribeiro","image":{"@type":"ImageObject","inLanguage":"pt-BR","@id":"https:\/\/juacontecimentos.com.br\/site\/#\/schema\/person\/image\/","url":"https:\/\/secure.gravatar.com\/avatar\/5c16c6837c3490270a74d888c2a845728f06bdde1f8761de1de1d1d1ef82d12f?s=96&d=mm&r=g","contentUrl":"https:\/\/secure.gravatar.com\/avatar\/5c16c6837c3490270a74d888c2a845728f06bdde1f8761de1de1d1d1ef82d12f?s=96&d=mm&r=g","caption":"Reginaldo Ribeiro"}}]}},"_links":{"self":[{"href":"https:\/\/juacontecimentos.com.br\/site\/wp-json\/wp\/v2\/posts\/13344","targetHints":{"allow":["GET"]}}],"collection":[{"href":"https:\/\/juacontecimentos.com.br\/site\/wp-json\/wp\/v2\/posts"}],"about":[{"href":"https:\/\/juacontecimentos.com.br\/site\/wp-json\/wp\/v2\/types\/post"}],"author":[{"embeddable":true,"href":"https:\/\/juacontecimentos.com.br\/site\/wp-json\/wp\/v2\/users\/2"}],"replies":[{"embeddable":true,"href":"https:\/\/juacontecimentos.com.br\/site\/wp-json\/wp\/v2\/comments?post=13344"}],"version-history":[{"count":1,"href":"https:\/\/juacontecimentos.com.br\/site\/wp-json\/wp\/v2\/posts\/13344\/revisions"}],"predecessor-version":[{"id":13346,"href":"https:\/\/juacontecimentos.com.br\/site\/wp-json\/wp\/v2\/posts\/13344\/revisions\/13346"}],"wp:featuredmedia":[{"embeddable":true,"href":"https:\/\/juacontecimentos.com.br\/site\/wp-json\/wp\/v2\/media\/13345"}],"wp:attachment":[{"href":"https:\/\/juacontecimentos.com.br\/site\/wp-json\/wp\/v2\/media?parent=13344"}],"wp:term":[{"taxonomy":"category","embeddable":true,"href":"https:\/\/juacontecimentos.com.br\/site\/wp-json\/wp\/v2\/categories?post=13344"},{"taxonomy":"post_tag","embeddable":true,"href":"https:\/\/juacontecimentos.com.br\/site\/wp-json\/wp\/v2\/tags?post=13344"}],"curies":[{"name":"wp","href":"https:\/\/api.w.org\/{rel}","templated":true}]}}