{"id":13471,"date":"2021-02-27T06:39:12","date_gmt":"2021-02-27T09:39:12","guid":{"rendered":"https:\/\/juacontecimentos.com.br\/site\/?p=13471"},"modified":"2021-02-27T06:39:12","modified_gmt":"2021-02-27T09:39:12","slug":"lideres-politicos-em-goias-nao-veem-logica-em-rateio-de-vacinas","status":"publish","type":"post","link":"https:\/\/juacontecimentos.com.br\/site\/lideres-politicos-em-goias-nao-veem-logica-em-rateio-de-vacinas\/","title":{"rendered":"L\u00edderes pol\u00edticos em Goi\u00e1s n\u00e3o veem l\u00f3gica em rateio de vacinas"},"content":{"rendered":"<h3>Segundo lideran\u00e7as, governador est\u00e1 em saia justa, tentando evitar cr\u00edticas diretas a Jair Bolsonaro e manter a coer\u00eancia do discurso de 2020, quando condenou a \u2018corrida dos Estados\u2019<img loading=\"lazy\" decoding=\"async\" class=\"alignnone size-full wp-image-13472\" src=\"https:\/\/juacontecimentos.com.br\/site\/wp-content\/uploads\/2021\/02\/image-19.jpg\" alt=\"\" width=\"800\" height=\"533\" srcset=\"https:\/\/juacontecimentos.com.br\/site\/wp-content\/uploads\/2021\/02\/image-19.jpg 800w, https:\/\/juacontecimentos.com.br\/site\/wp-content\/uploads\/2021\/02\/image-19-300x200.jpg 300w, https:\/\/juacontecimentos.com.br\/site\/wp-content\/uploads\/2021\/02\/image-19-768x512.jpg 768w\" sizes=\"auto, (max-width: 800px) 100vw, 800px\" \/><\/h3>\n<p class=\"TEXTO\">A pergunta mais repetida no meio pol\u00edtico goiano desde quinta-feira (25) \u00e9 qual a l\u00f3gica da compra de vacinas contra Covid-19 por Goi\u00e1s para entregar nas m\u00e3os do governo federal e receber apenas uma pequena parcela das doses, como anunciou o governador Ronaldo Caiado (DEM). A d\u00favida \u00e9 refor\u00e7ada por discursos divergentes de governadores de outros Estados e de t\u00e9cnicos da \u00e1rea da sa\u00fade.<\/p>\n<p class=\"TEXTO\">Na Assembleia Legislativa, que aprovou esta semana cr\u00e9dito suplementar de R$ 60 milh\u00f5es para a compra de cerca de 1 milh\u00e3o de doses, parlamentares da base e da oposi\u00e7\u00e3o se disseram surpresos com a informa\u00e7\u00e3o do governador e cobraram explica\u00e7\u00f5es sobre a decis\u00e3o. A maioria defendeu que isso deveria ter sido esclarecido antes da vota\u00e7\u00e3o, nos dias 24 e 25.<\/p>\n<p class=\"TEXTO\">Caiado reafirmou nesta sexta-feira (26) que todas as doses adquiridas por Goi\u00e1s ser\u00e3o destinadas ao Minist\u00e9rio da Sa\u00fade, que far\u00e1 a distribui\u00e7\u00e3o proporcional a cada Estado, como estabelece o Plano Nacional de Imuniza\u00e7\u00e3o (PNI). \u201cSe comprarmos um milh\u00e3o de doses, teremos direito a 3,33% de um milh\u00e3o de doses (ou seja, 33 mil). A mesma coisa com outros Estados que comprarem, \u00e9 um cons\u00f3rcio\u201d, afirmou.<\/p>\n<p class=\"TEXTO\">O governador tamb\u00e9m disse que os governos ter\u00e3o ressarcimento do Minist\u00e9rio pela compra e que os recursos n\u00e3o sair\u00e3o do caixa do Estado.<\/p>\n<p class=\"TEXTO\">A Secretaria Estadual de Sa\u00fade (SES) vinha informando que as doses seriam em \u201ccar\u00e1ter complementar ao PNI\u201d e que n\u00e3o haveria distribui\u00e7\u00e3o ao Pa\u00eds de forma proporcional como disse o governador. Segundo t\u00e9cnicos da \u00e1rea da sa\u00fade que participam das discuss\u00f5es entre os Estados, os entes podem comprar e receber diretamente as vacinas conforme a Lei do Sistema \u00danico de Sa\u00fade (SUS) e as provid\u00eancias devem ser definidas pela Comiss\u00e3o Intergestores Bipartite (CIB).<\/p>\n<p class=\"TEXTO\">Ainda de acordo com o pessoal do setor, n\u00e3o h\u00e1 garantia de ressarcimento por parte da Uni\u00e3o porque a quest\u00e3o ainda n\u00e3o foi votada.<\/p>\n<p class=\"TEXTO\">A discuss\u00e3o de compra de vacinas por parte dos Estados surgiu desde a semana passada, diante dos cronogramas n\u00e3o cumpridos pelo Minist\u00e9rio da Sa\u00fade e da demora nas negocia\u00e7\u00f5es da Uni\u00e3o com laborat\u00f3rios. A busca foi refor\u00e7ada pela decis\u00e3o do Supremo Tribunal Federal (STF) que permitiu que Estados e munic\u00edpios corram atr\u00e1s da imuniza\u00e7\u00e3o em caso de descumprimento do PNI (leia mais na p\u00e1gina 6).<\/p>\n<p class=\"TEXTO\">Por meio do F\u00f3rum de Governadores, os Estados passaram a discutir a\u00e7\u00e3o conjunta, mas nem todos aderiram \u00e0 ideia e alguns afirmam que n\u00e3o pretendem destinar as doses ao Minist\u00e9rio da Sa\u00fade, como Rio Grande do Sul e Bahia.<\/p>\n<p class=\"INTERTITULO\"><b>Motiva\u00e7\u00f5es<\/b><\/p>\n<p class=\"TEXTO\">Na tentativa de descortinar a posi\u00e7\u00e3o de Caiado, lideran\u00e7as pol\u00edticas apontam que o governador segue em saia justa na tentativa de evitar confronto com o presidente Jair Bolsonaro (sem partido). O POPULAR j\u00e1 mostrou a virada de 180 graus do governador na rela\u00e7\u00e3o com o presidente, considerando as diverg\u00eancias sobre o coronav\u00edrus no in\u00edcio da pandemia, h\u00e1 quase um ano, e a mudan\u00e7a de discurso mais adiante, tanto pela depend\u00eancia de socorro federal para equilibrar as contas do Estado quanto pela aposta de que Bolsonaro segue em alta junto \u00e0 popula\u00e7\u00e3o goiana e o enfrentamento desgastaria o democrata em seu eleitorado.<\/p>\n<p class=\"TEXTO\">Caiado passou a fazer elogios p\u00fablicos ao presidente e defendeu o apoio do DEM nacional \u00e0 reelei\u00e7\u00e3o de Bolsonaro.<\/p>\n<p class=\"TEXTO\">A preocupa\u00e7\u00e3o em manter a coer\u00eancia do discurso &#8211; j\u00e1 que fez ataques ao governador de S\u00e3o Paulo, Jo\u00e3o Doria (PSDB), em dezembro por buscar a vacina de forma independente do governo federal, criticando uma \u201ccorrida dos Estados\u201d pela imuniza\u00e7\u00e3o &#8211; e a narrativa de solidariedade e uni\u00e3o na tentativa de se posicionar como um player nacional tamb\u00e9m estariam por tr\u00e1s da postura do governador.<\/p>\n<p class=\"TEXTO\">Os atores pol\u00edticos consideram que o governo falhou na comunica\u00e7\u00e3o e que as explica\u00e7\u00f5es n\u00e3o apresentam l\u00f3gica, em especial pelo fato de que Caiado evita fazer cr\u00edticas ao governo federal. Eles tamb\u00e9m levantam questionamentos sobre como ficam os governadores que n\u00e3o querem comprar vacinas ou aqueles que j\u00e1 afirmaram que n\u00e3o v\u00e3o destinar as doses para o Minist\u00e9rio da Sa\u00fade &#8211; eles receberiam o mesmo porcentual do plano nacional de imuniza\u00e7\u00e3o? -, sobre a concentra\u00e7\u00e3o de recursos e a n\u00e3o garantia de ressarcimento da Uni\u00e3o e sobre o poder de negocia\u00e7\u00e3o dos Estados na compara\u00e7\u00e3o com o governo federal.<\/p>\n<p class=\"TEXTO\">\u201cA posi\u00e7\u00e3o da Assembleia \u00e9 de que as vacinas t\u00eam de ficar em Goi\u00e1s. \u00c9 uma quest\u00e3o l\u00f3gica\u201d, afirmou o presidente da Assembleia, Lissauer Vieira (PSB), ap\u00f3s a vota\u00e7\u00e3o de quinta-feira.<\/p>\n<p class=\"TEXTO\"><strong>Deputados defendem que vacinas fiquem em Goi\u00e1s<\/strong><\/p>\n<p class=\"TEXTO\">O deputado estadual oposicionista Humberto Te\u00f3filo (PSL) afirma que apresentar\u00e1 projeto de lei na pr\u00f3xima semana que estabelece que as vacinas adquiridas pelo governo de Goi\u00e1s contra a Covid-19 sejam usadas \u201cprioritariamente para vacinar os goianos\u201d. Ele disse ter se surpreendido com as declara\u00e7\u00f5es do governador Ronaldo Caiado (DEM) de que as doses n\u00e3o ficar\u00e3o no Estado e que foi induzido a erro ao votar o projeto de lei que autoriza o cr\u00e9dito or\u00e7ament\u00e1rio de R$ 60 milh\u00f5es para a compra.<\/p>\n<p class=\"TEXTO\">Te\u00f3filo disse que tamb\u00e9m estudou medidas judiciais contra a decis\u00e3o do governo goiano, mas que a \u201cdiscuss\u00e3o \u00e9 muito complexa\u201d e por isso levantar\u00e1 o debate no \u00e2mbito do Legislativo. Outros parlamentares tamb\u00e9m informaram que est\u00e3o levantando quest\u00f5es legais sobre a destina\u00e7\u00e3o das doses.<\/p>\n<p class=\"TEXTO\">Em grupo do WhatsApp da Assembleia Legislativa, v\u00e1rios deputados levantaram d\u00favidas sobre a quest\u00e3o. O presidente da Casa, Lissauer Vieira (PSB), e o l\u00edder do Governo na Casa, Bruno Peixoto (MDB), se comprometeram a se encontrar com o governador para tratar dos esclarecimentos e dar retorno aos colegas na pr\u00f3xima semana.<\/p>\n<p class=\"TEXTO\">Na quinta-feira, ap\u00f3s a vota\u00e7\u00e3o, Lissauer, que \u00e9 aliado do governador, disse que a defini\u00e7\u00e3o do destino das doses cabe ao Executivo, mas que a posi\u00e7\u00e3o da Alego era em favor da distribui\u00e7\u00e3o local.<\/p>\n<p class=\"TEXTO\">\u201cAcabamos votando \u00e0s cegas e ficamos sem argumento para responder aos eleitores e cidad\u00e3os goianos que esperam a vacina. At\u00e9 podemos enviar as doses para o Plano Nacional de Imuniza\u00e7\u00e3o, mas o natural seria que tiv\u00e9ssemos o aumento da participa\u00e7\u00e3o e n\u00e3o fic\u00e1ssemos apenas com 3,3%. Se n\u00e3o vira um Estado muito caridoso, n\u00e9?\u201d, afirmou o deputado estadual Thiago Albernaz (Solidariedade), que \u00e9 da base.<\/p>\n<p class=\"TEXTO\">\u201cN\u00e3o se trata de falta de empatia. A responsabilidade do PNI \u00e9 do governo federal, que \u00e9 o maior detentor de recursos. Se cada Estado vai ter de entrar, por incompet\u00eancia do governo federal, que seja para cada um cuidar do seu. Agir de forma diferente \u00e9 subservi\u00eancia a Bolsonaro\u201d, afirma o deputado Lucas Calil (PSD), que \u00e9 da oposi\u00e7\u00e3o.<\/p>\n<p class=\"TEXTO\">\u201cFicaram muitas d\u00favidas realmente, porque votamos uma coisa pensando que era outra. Todos queremos ajudar, mas me parece estranho que seja dessa forma. Esper\u00e1vamos que isso (a compra direta) iria agilizar a vacina\u00e7\u00e3o em Goi\u00e1s\u201d, disse o deputado Virmondes Cruvinel (Cidadania).<\/p>\n<p><\/p>\n","protected":false},"excerpt":{"rendered":"<p>Segundo lideran\u00e7as, governador est\u00e1 em saia justa, tentando evitar cr\u00edticas diretas a Jair Bolsonaro e manter a coer\u00eancia do discurso de 2020, quando condenou a \u2018corrida dos Estados\u2019 A pergunta mais repetida no meio pol\u00edtico goiano desde quinta-feira (25) \u00e9 qual a l\u00f3gica da compra de vacinas contra Covid-19 por Goi\u00e1s para entregar nas m\u00e3os<\/p>\n","protected":false},"author":2,"featured_media":13472,"comment_status":"open","ping_status":"open","sticky":false,"template":"","format":"standard","meta":{"footnotes":""},"categories":[27,22,26,23],"tags":[],"class_list":["post-13471","post","type-post","status-publish","format-standard","has-post-thumbnail","hentry","category-brasil","category-catalao","category-destaque","category-goias"],"yoast_head":"<!-- This site is optimized with the Yoast SEO plugin v25.8 - https:\/\/yoast.com\/wordpress\/plugins\/seo\/ -->\n<title>L\u00edderes pol\u00edticos em Goi\u00e1s n\u00e3o veem l\u00f3gica em rateio de vacinas - Jornal Ultimos Acontecimentos<\/title>\n<meta name=\"robots\" content=\"index, follow, max-snippet:-1, max-image-preview:large, max-video-preview:-1\" \/>\n<link rel=\"canonical\" href=\"https:\/\/juacontecimentos.com.br\/site\/lideres-politicos-em-goias-nao-veem-logica-em-rateio-de-vacinas\/\" \/>\n<meta property=\"og:locale\" content=\"pt_BR\" \/>\n<meta property=\"og:type\" content=\"article\" \/>\n<meta property=\"og:title\" content=\"L\u00edderes pol\u00edticos em Goi\u00e1s n\u00e3o veem l\u00f3gica em rateio de vacinas - Jornal Ultimos Acontecimentos\" \/>\n<meta property=\"og:description\" content=\"Segundo lideran\u00e7as, governador est\u00e1 em saia justa, tentando evitar cr\u00edticas diretas a Jair Bolsonaro e manter a coer\u00eancia do discurso de 2020, quando condenou a \u2018corrida dos Estados\u2019 A pergunta mais repetida no meio pol\u00edtico goiano desde quinta-feira (25) \u00e9 qual a l\u00f3gica da compra de vacinas contra Covid-19 por Goi\u00e1s para entregar nas m\u00e3os\" \/>\n<meta property=\"og:url\" content=\"https:\/\/juacontecimentos.com.br\/site\/lideres-politicos-em-goias-nao-veem-logica-em-rateio-de-vacinas\/\" \/>\n<meta property=\"og:site_name\" content=\"Jornal Ultimos Acontecimentos\" \/>\n<meta property=\"article:publisher\" content=\"https:\/\/www.facebook.com\/jultimosacontecimentos\/\" \/>\n<meta property=\"article:published_time\" content=\"2021-02-27T09:39:12+00:00\" \/>\n<meta property=\"og:image\" content=\"https:\/\/juacontecimentos.com.br\/site\/wp-content\/uploads\/2021\/02\/image-19.jpg\" \/>\n\t<meta property=\"og:image:width\" content=\"800\" \/>\n\t<meta property=\"og:image:height\" content=\"533\" \/>\n\t<meta property=\"og:image:type\" content=\"image\/jpeg\" \/>\n<meta name=\"author\" content=\"Reginaldo Ribeiro\" \/>\n<meta name=\"twitter:card\" content=\"summary_large_image\" \/>\n<meta name=\"twitter:label1\" content=\"Escrito por\" \/>\n\t<meta name=\"twitter:data1\" content=\"Reginaldo Ribeiro\" \/>\n\t<meta name=\"twitter:label2\" content=\"Est. tempo de leitura\" \/>\n\t<meta name=\"twitter:data2\" content=\"6 minutos\" \/>\n<script type=\"application\/ld+json\" class=\"yoast-schema-graph\">{\"@context\":\"https:\/\/schema.org\",\"@graph\":[{\"@type\":\"Article\",\"@id\":\"https:\/\/juacontecimentos.com.br\/site\/lideres-politicos-em-goias-nao-veem-logica-em-rateio-de-vacinas\/#article\",\"isPartOf\":{\"@id\":\"https:\/\/juacontecimentos.com.br\/site\/lideres-politicos-em-goias-nao-veem-logica-em-rateio-de-vacinas\/\"},\"author\":{\"name\":\"Reginaldo Ribeiro\",\"@id\":\"https:\/\/juacontecimentos.com.br\/site\/#\/schema\/person\/082a54e6d3fdd7a633291428521c9669\"},\"headline\":\"L\u00edderes pol\u00edticos em Goi\u00e1s n\u00e3o veem l\u00f3gica em rateio de vacinas\",\"datePublished\":\"2021-02-27T09:39:12+00:00\",\"mainEntityOfPage\":{\"@id\":\"https:\/\/juacontecimentos.com.br\/site\/lideres-politicos-em-goias-nao-veem-logica-em-rateio-de-vacinas\/\"},\"wordCount\":1284,\"commentCount\":0,\"publisher\":{\"@id\":\"https:\/\/juacontecimentos.com.br\/site\/#organization\"},\"image\":{\"@id\":\"https:\/\/juacontecimentos.com.br\/site\/lideres-politicos-em-goias-nao-veem-logica-em-rateio-de-vacinas\/#primaryimage\"},\"thumbnailUrl\":\"https:\/\/juacontecimentos.com.br\/site\/wp-content\/uploads\/2021\/02\/image-19.jpg\",\"articleSection\":[\"Brasil\",\"Catal\u00e3o\",\"Destaque\",\"Goi\u00e1s\"],\"inLanguage\":\"pt-BR\"},{\"@type\":\"WebPage\",\"@id\":\"https:\/\/juacontecimentos.com.br\/site\/lideres-politicos-em-goias-nao-veem-logica-em-rateio-de-vacinas\/\",\"url\":\"https:\/\/juacontecimentos.com.br\/site\/lideres-politicos-em-goias-nao-veem-logica-em-rateio-de-vacinas\/\",\"name\":\"L\u00edderes pol\u00edticos em Goi\u00e1s n\u00e3o veem l\u00f3gica em rateio de vacinas - Jornal Ultimos Acontecimentos\",\"isPartOf\":{\"@id\":\"https:\/\/juacontecimentos.com.br\/site\/#website\"},\"primaryImageOfPage\":{\"@id\":\"https:\/\/juacontecimentos.com.br\/site\/lideres-politicos-em-goias-nao-veem-logica-em-rateio-de-vacinas\/#primaryimage\"},\"image\":{\"@id\":\"https:\/\/juacontecimentos.com.br\/site\/lideres-politicos-em-goias-nao-veem-logica-em-rateio-de-vacinas\/#primaryimage\"},\"thumbnailUrl\":\"https:\/\/juacontecimentos.com.br\/site\/wp-content\/uploads\/2021\/02\/image-19.jpg\",\"datePublished\":\"2021-02-27T09:39:12+00:00\",\"breadcrumb\":{\"@id\":\"https:\/\/juacontecimentos.com.br\/site\/lideres-politicos-em-goias-nao-veem-logica-em-rateio-de-vacinas\/#breadcrumb\"},\"inLanguage\":\"pt-BR\",\"potentialAction\":[{\"@type\":\"ReadAction\",\"target\":[\"https:\/\/juacontecimentos.com.br\/site\/lideres-politicos-em-goias-nao-veem-logica-em-rateio-de-vacinas\/\"]}]},{\"@type\":\"ImageObject\",\"inLanguage\":\"pt-BR\",\"@id\":\"https:\/\/juacontecimentos.com.br\/site\/lideres-politicos-em-goias-nao-veem-logica-em-rateio-de-vacinas\/#primaryimage\",\"url\":\"https:\/\/juacontecimentos.com.br\/site\/wp-content\/uploads\/2021\/02\/image-19.jpg\",\"contentUrl\":\"https:\/\/juacontecimentos.com.br\/site\/wp-content\/uploads\/2021\/02\/image-19.jpg\",\"width\":800,\"height\":533},{\"@type\":\"BreadcrumbList\",\"@id\":\"https:\/\/juacontecimentos.com.br\/site\/lideres-politicos-em-goias-nao-veem-logica-em-rateio-de-vacinas\/#breadcrumb\",\"itemListElement\":[{\"@type\":\"ListItem\",\"position\":1,\"name\":\"In\u00edcio\",\"item\":\"https:\/\/juacontecimentos.com.br\/site\/\"},{\"@type\":\"ListItem\",\"position\":2,\"name\":\"L\u00edderes pol\u00edticos em Goi\u00e1s n\u00e3o veem l\u00f3gica em rateio de vacinas\"}]},{\"@type\":\"WebSite\",\"@id\":\"https:\/\/juacontecimentos.com.br\/site\/#website\",\"url\":\"https:\/\/juacontecimentos.com.br\/site\/\",\"name\":\"Jornal Ultimos Acontecimentos\",\"description\":\"Catal\u00e3o e regi\u00e3o\",\"publisher\":{\"@id\":\"https:\/\/juacontecimentos.com.br\/site\/#organization\"},\"potentialAction\":[{\"@type\":\"SearchAction\",\"target\":{\"@type\":\"EntryPoint\",\"urlTemplate\":\"https:\/\/juacontecimentos.com.br\/site\/?s={search_term_string}\"},\"query-input\":{\"@type\":\"PropertyValueSpecification\",\"valueRequired\":true,\"valueName\":\"search_term_string\"}}],\"inLanguage\":\"pt-BR\"},{\"@type\":\"Organization\",\"@id\":\"https:\/\/juacontecimentos.com.br\/site\/#organization\",\"name\":\"Jornal Ultimos Acontecimentos\",\"url\":\"https:\/\/juacontecimentos.com.br\/site\/\",\"logo\":{\"@type\":\"ImageObject\",\"inLanguage\":\"pt-BR\",\"@id\":\"https:\/\/juacontecimentos.com.br\/site\/#\/schema\/logo\/image\/\",\"url\":\"https:\/\/juacontecimentos.com.br\/site\/wp-content\/uploads\/2023\/04\/Logo_Site.png\",\"contentUrl\":\"https:\/\/juacontecimentos.com.br\/site\/wp-content\/uploads\/2023\/04\/Logo_Site.png\",\"width\":2476,\"height\":530,\"caption\":\"Jornal Ultimos Acontecimentos\"},\"image\":{\"@id\":\"https:\/\/juacontecimentos.com.br\/site\/#\/schema\/logo\/image\/\"},\"sameAs\":[\"https:\/\/www.facebook.com\/jultimosacontecimentos\/\"]},{\"@type\":\"Person\",\"@id\":\"https:\/\/juacontecimentos.com.br\/site\/#\/schema\/person\/082a54e6d3fdd7a633291428521c9669\",\"name\":\"Reginaldo Ribeiro\",\"image\":{\"@type\":\"ImageObject\",\"inLanguage\":\"pt-BR\",\"@id\":\"https:\/\/juacontecimentos.com.br\/site\/#\/schema\/person\/image\/\",\"url\":\"https:\/\/secure.gravatar.com\/avatar\/5c16c6837c3490270a74d888c2a845728f06bdde1f8761de1de1d1d1ef82d12f?s=96&d=mm&r=g\",\"contentUrl\":\"https:\/\/secure.gravatar.com\/avatar\/5c16c6837c3490270a74d888c2a845728f06bdde1f8761de1de1d1d1ef82d12f?s=96&d=mm&r=g\",\"caption\":\"Reginaldo Ribeiro\"}}]}<\/script>\n<!-- \/ Yoast SEO plugin. -->","yoast_head_json":{"title":"L\u00edderes pol\u00edticos em Goi\u00e1s n\u00e3o veem l\u00f3gica em rateio de vacinas - Jornal Ultimos Acontecimentos","robots":{"index":"index","follow":"follow","max-snippet":"max-snippet:-1","max-image-preview":"max-image-preview:large","max-video-preview":"max-video-preview:-1"},"canonical":"https:\/\/juacontecimentos.com.br\/site\/lideres-politicos-em-goias-nao-veem-logica-em-rateio-de-vacinas\/","og_locale":"pt_BR","og_type":"article","og_title":"L\u00edderes pol\u00edticos em Goi\u00e1s n\u00e3o veem l\u00f3gica em rateio de vacinas - Jornal Ultimos Acontecimentos","og_description":"Segundo lideran\u00e7as, governador est\u00e1 em saia justa, tentando evitar cr\u00edticas diretas a Jair Bolsonaro e manter a coer\u00eancia do discurso de 2020, quando condenou a \u2018corrida dos Estados\u2019 A pergunta mais repetida no meio pol\u00edtico goiano desde quinta-feira (25) \u00e9 qual a l\u00f3gica da compra de vacinas contra Covid-19 por Goi\u00e1s para entregar nas m\u00e3os","og_url":"https:\/\/juacontecimentos.com.br\/site\/lideres-politicos-em-goias-nao-veem-logica-em-rateio-de-vacinas\/","og_site_name":"Jornal Ultimos Acontecimentos","article_publisher":"https:\/\/www.facebook.com\/jultimosacontecimentos\/","article_published_time":"2021-02-27T09:39:12+00:00","og_image":[{"width":800,"height":533,"url":"https:\/\/juacontecimentos.com.br\/site\/wp-content\/uploads\/2021\/02\/image-19.jpg","type":"image\/jpeg"}],"author":"Reginaldo Ribeiro","twitter_card":"summary_large_image","twitter_misc":{"Escrito por":"Reginaldo Ribeiro","Est. tempo de leitura":"6 minutos"},"schema":{"@context":"https:\/\/schema.org","@graph":[{"@type":"Article","@id":"https:\/\/juacontecimentos.com.br\/site\/lideres-politicos-em-goias-nao-veem-logica-em-rateio-de-vacinas\/#article","isPartOf":{"@id":"https:\/\/juacontecimentos.com.br\/site\/lideres-politicos-em-goias-nao-veem-logica-em-rateio-de-vacinas\/"},"author":{"name":"Reginaldo Ribeiro","@id":"https:\/\/juacontecimentos.com.br\/site\/#\/schema\/person\/082a54e6d3fdd7a633291428521c9669"},"headline":"L\u00edderes pol\u00edticos em Goi\u00e1s n\u00e3o veem l\u00f3gica em rateio de vacinas","datePublished":"2021-02-27T09:39:12+00:00","mainEntityOfPage":{"@id":"https:\/\/juacontecimentos.com.br\/site\/lideres-politicos-em-goias-nao-veem-logica-em-rateio-de-vacinas\/"},"wordCount":1284,"commentCount":0,"publisher":{"@id":"https:\/\/juacontecimentos.com.br\/site\/#organization"},"image":{"@id":"https:\/\/juacontecimentos.com.br\/site\/lideres-politicos-em-goias-nao-veem-logica-em-rateio-de-vacinas\/#primaryimage"},"thumbnailUrl":"https:\/\/juacontecimentos.com.br\/site\/wp-content\/uploads\/2021\/02\/image-19.jpg","articleSection":["Brasil","Catal\u00e3o","Destaque","Goi\u00e1s"],"inLanguage":"pt-BR"},{"@type":"WebPage","@id":"https:\/\/juacontecimentos.com.br\/site\/lideres-politicos-em-goias-nao-veem-logica-em-rateio-de-vacinas\/","url":"https:\/\/juacontecimentos.com.br\/site\/lideres-politicos-em-goias-nao-veem-logica-em-rateio-de-vacinas\/","name":"L\u00edderes pol\u00edticos em Goi\u00e1s n\u00e3o veem l\u00f3gica em rateio de vacinas - Jornal Ultimos Acontecimentos","isPartOf":{"@id":"https:\/\/juacontecimentos.com.br\/site\/#website"},"primaryImageOfPage":{"@id":"https:\/\/juacontecimentos.com.br\/site\/lideres-politicos-em-goias-nao-veem-logica-em-rateio-de-vacinas\/#primaryimage"},"image":{"@id":"https:\/\/juacontecimentos.com.br\/site\/lideres-politicos-em-goias-nao-veem-logica-em-rateio-de-vacinas\/#primaryimage"},"thumbnailUrl":"https:\/\/juacontecimentos.com.br\/site\/wp-content\/uploads\/2021\/02\/image-19.jpg","datePublished":"2021-02-27T09:39:12+00:00","breadcrumb":{"@id":"https:\/\/juacontecimentos.com.br\/site\/lideres-politicos-em-goias-nao-veem-logica-em-rateio-de-vacinas\/#breadcrumb"},"inLanguage":"pt-BR","potentialAction":[{"@type":"ReadAction","target":["https:\/\/juacontecimentos.com.br\/site\/lideres-politicos-em-goias-nao-veem-logica-em-rateio-de-vacinas\/"]}]},{"@type":"ImageObject","inLanguage":"pt-BR","@id":"https:\/\/juacontecimentos.com.br\/site\/lideres-politicos-em-goias-nao-veem-logica-em-rateio-de-vacinas\/#primaryimage","url":"https:\/\/juacontecimentos.com.br\/site\/wp-content\/uploads\/2021\/02\/image-19.jpg","contentUrl":"https:\/\/juacontecimentos.com.br\/site\/wp-content\/uploads\/2021\/02\/image-19.jpg","width":800,"height":533},{"@type":"BreadcrumbList","@id":"https:\/\/juacontecimentos.com.br\/site\/lideres-politicos-em-goias-nao-veem-logica-em-rateio-de-vacinas\/#breadcrumb","itemListElement":[{"@type":"ListItem","position":1,"name":"In\u00edcio","item":"https:\/\/juacontecimentos.com.br\/site\/"},{"@type":"ListItem","position":2,"name":"L\u00edderes pol\u00edticos em Goi\u00e1s n\u00e3o veem l\u00f3gica em rateio de vacinas"}]},{"@type":"WebSite","@id":"https:\/\/juacontecimentos.com.br\/site\/#website","url":"https:\/\/juacontecimentos.com.br\/site\/","name":"Jornal Ultimos Acontecimentos","description":"Catal\u00e3o e regi\u00e3o","publisher":{"@id":"https:\/\/juacontecimentos.com.br\/site\/#organization"},"potentialAction":[{"@type":"SearchAction","target":{"@type":"EntryPoint","urlTemplate":"https:\/\/juacontecimentos.com.br\/site\/?s={search_term_string}"},"query-input":{"@type":"PropertyValueSpecification","valueRequired":true,"valueName":"search_term_string"}}],"inLanguage":"pt-BR"},{"@type":"Organization","@id":"https:\/\/juacontecimentos.com.br\/site\/#organization","name":"Jornal Ultimos Acontecimentos","url":"https:\/\/juacontecimentos.com.br\/site\/","logo":{"@type":"ImageObject","inLanguage":"pt-BR","@id":"https:\/\/juacontecimentos.com.br\/site\/#\/schema\/logo\/image\/","url":"https:\/\/juacontecimentos.com.br\/site\/wp-content\/uploads\/2023\/04\/Logo_Site.png","contentUrl":"https:\/\/juacontecimentos.com.br\/site\/wp-content\/uploads\/2023\/04\/Logo_Site.png","width":2476,"height":530,"caption":"Jornal Ultimos Acontecimentos"},"image":{"@id":"https:\/\/juacontecimentos.com.br\/site\/#\/schema\/logo\/image\/"},"sameAs":["https:\/\/www.facebook.com\/jultimosacontecimentos\/"]},{"@type":"Person","@id":"https:\/\/juacontecimentos.com.br\/site\/#\/schema\/person\/082a54e6d3fdd7a633291428521c9669","name":"Reginaldo Ribeiro","image":{"@type":"ImageObject","inLanguage":"pt-BR","@id":"https:\/\/juacontecimentos.com.br\/site\/#\/schema\/person\/image\/","url":"https:\/\/secure.gravatar.com\/avatar\/5c16c6837c3490270a74d888c2a845728f06bdde1f8761de1de1d1d1ef82d12f?s=96&d=mm&r=g","contentUrl":"https:\/\/secure.gravatar.com\/avatar\/5c16c6837c3490270a74d888c2a845728f06bdde1f8761de1de1d1d1ef82d12f?s=96&d=mm&r=g","caption":"Reginaldo Ribeiro"}}]}},"_links":{"self":[{"href":"https:\/\/juacontecimentos.com.br\/site\/wp-json\/wp\/v2\/posts\/13471","targetHints":{"allow":["GET"]}}],"collection":[{"href":"https:\/\/juacontecimentos.com.br\/site\/wp-json\/wp\/v2\/posts"}],"about":[{"href":"https:\/\/juacontecimentos.com.br\/site\/wp-json\/wp\/v2\/types\/post"}],"author":[{"embeddable":true,"href":"https:\/\/juacontecimentos.com.br\/site\/wp-json\/wp\/v2\/users\/2"}],"replies":[{"embeddable":true,"href":"https:\/\/juacontecimentos.com.br\/site\/wp-json\/wp\/v2\/comments?post=13471"}],"version-history":[{"count":1,"href":"https:\/\/juacontecimentos.com.br\/site\/wp-json\/wp\/v2\/posts\/13471\/revisions"}],"predecessor-version":[{"id":13473,"href":"https:\/\/juacontecimentos.com.br\/site\/wp-json\/wp\/v2\/posts\/13471\/revisions\/13473"}],"wp:featuredmedia":[{"embeddable":true,"href":"https:\/\/juacontecimentos.com.br\/site\/wp-json\/wp\/v2\/media\/13472"}],"wp:attachment":[{"href":"https:\/\/juacontecimentos.com.br\/site\/wp-json\/wp\/v2\/media?parent=13471"}],"wp:term":[{"taxonomy":"category","embeddable":true,"href":"https:\/\/juacontecimentos.com.br\/site\/wp-json\/wp\/v2\/categories?post=13471"},{"taxonomy":"post_tag","embeddable":true,"href":"https:\/\/juacontecimentos.com.br\/site\/wp-json\/wp\/v2\/tags?post=13471"}],"curies":[{"name":"wp","href":"https:\/\/api.w.org\/{rel}","templated":true}]}}