{"id":13687,"date":"2021-03-16T05:22:44","date_gmt":"2021-03-16T08:22:44","guid":{"rendered":"https:\/\/juacontecimentos.com.br\/site\/?p=13687"},"modified":"2021-03-16T05:22:44","modified_gmt":"2021-03-16T08:22:44","slug":"confaz-prorroga-incentivos-fiscais-para-remedios-e-material-de-saude","status":"publish","type":"post","link":"https:\/\/juacontecimentos.com.br\/site\/confaz-prorroga-incentivos-fiscais-para-remedios-e-material-de-saude\/","title":{"rendered":"Confaz prorroga incentivos fiscais para rem\u00e9dios e material de sa\u00fade"},"content":{"rendered":"<div id=\"attachment_13688\" style=\"width: 1180px\" class=\"wp-caption alignnone\"><img loading=\"lazy\" decoding=\"async\" aria-describedby=\"caption-attachment-13688\" class=\"size-full wp-image-13688\" src=\"https:\/\/juacontecimentos.com.br\/site\/wp-content\/uploads\/2021\/03\/remedios_agencia_brasil.jpg\" alt=\"\" width=\"1170\" height=\"700\" srcset=\"https:\/\/juacontecimentos.com.br\/site\/wp-content\/uploads\/2021\/03\/remedios_agencia_brasil.jpg 1170w, https:\/\/juacontecimentos.com.br\/site\/wp-content\/uploads\/2021\/03\/remedios_agencia_brasil-300x179.jpg 300w, https:\/\/juacontecimentos.com.br\/site\/wp-content\/uploads\/2021\/03\/remedios_agencia_brasil-768x459.jpg 768w, https:\/\/juacontecimentos.com.br\/site\/wp-content\/uploads\/2021\/03\/remedios_agencia_brasil-1024x613.jpg 1024w\" sizes=\"auto, (max-width: 1170px) 100vw, 1170px\" \/><p id=\"caption-attachment-13688\" class=\"wp-caption-text\"><\/dd>\n<dd class=\"wp-caption-dd\">Medicamentos e materiais de sa\u00fade continuar\u00e3o a pagar menos Imposto sobre Circula\u00e7\u00e3o de Mercadorias e Servi\u00e7os (ICMS), tributo arrecadado pelos estados. O Conselho Nacional de Pol\u00edtica Fazend\u00e1ria (Confaz) aprovou a prorroga\u00e7\u00e3o de 228 incentivos fiscais do ICMS que venceriam no fim do m\u00eas.<br \/>Se os benef\u00edcios n\u00e3o fossem estendidos, uma s\u00e9rie de itens teria aumento expressivo de pre\u00e7os a partir de abril. O encontro ocorreu na \u00faltima sexta-feira (12), mas a informa\u00e7\u00e3o s\u00f3 foi divulgada nesse domingo (14) pelo Minist\u00e9rio da Economia.<br \/>Os benef\u00edcios fiscais abrangem diversas atividades e setores da economia. Entre as medidas prorrogadas est\u00e3o a isen\u00e7\u00e3o de ICMS para a compra de medicamentos, insumos e equipamentos para a presta\u00e7\u00e3o de servi\u00e7os de sa\u00fade. Tamb\u00e9m foi estendida a isen\u00e7\u00e3o do imposto para a compra de ve\u00edculos adaptados por pessoas com defici\u00eancia.<br \/>Outros incentivos prorrogados foram a redu\u00e7\u00e3o na tributa\u00e7\u00e3o nas vendas dos seguintes produtos: insumos agropecu\u00e1rios, refei\u00e7\u00f5es, equipamentos industriais e aeron\u00e1uticos, implementos agr\u00edcolas e materiais de constru\u00e7\u00e3o, entre outros.<br \/>As decis\u00f5es do Confaz precisam ser tomadas por consenso entre os estados e o Distrito Federal. De acordo com o \u00f3rg\u00e3o, o acordo decorreu de negocia\u00e7\u00e3o entre o Minist\u00e9rio da Economia, representado pelo secret\u00e1rio especial de Fazenda, Waldery Rodrigues, e os secret\u00e1rios estaduais de Fazenda, liderados pelo secret\u00e1rio Rafael Fonteles, do Piau\u00ed.<br \/>Em nota, o Minist\u00e9rio da Economia e o Confaz afirmaram que a prorroga\u00e7\u00e3o dos benef\u00edcios permite a manuten\u00e7\u00e3o das atividades de v\u00e1rios setores da economia num momento de agravamento da pandemia de covid-19. Segundo a Secretaria Especial de Fazenda do Minist\u00e9rio da Economia, o acordo representa uma das a\u00e7\u00f5es mais importantes para a retomada do crescimento econ\u00f4mico neste ano.<strong>\u00a0 Fonte: (Ag\u00eancia Brasil)<\/strong><\/p><\/div>\n<p>&nbsp;<\/p>\n<p>&nbsp;<br \/>\n<\/p>\n","protected":false},"excerpt":{"rendered":"<p>&nbsp; &nbsp;<\/p>\n","protected":false},"author":2,"featured_media":13688,"comment_status":"open","ping_status":"open","sticky":false,"template":"","format":"standard","meta":{"footnotes":""},"categories":[27,22,26,23],"tags":[],"class_list":["post-13687","post","type-post","status-publish","format-standard","has-post-thumbnail","hentry","category-brasil","category-catalao","category-destaque","category-goias"],"yoast_head":"<!-- This site is optimized with the Yoast SEO plugin v25.8 - https:\/\/yoast.com\/wordpress\/plugins\/seo\/ -->\n<title>Confaz prorroga incentivos fiscais para rem\u00e9dios e material de sa\u00fade - Jornal Ultimos Acontecimentos<\/title>\n<meta name=\"robots\" content=\"index, follow, max-snippet:-1, max-image-preview:large, max-video-preview:-1\" \/>\n<link rel=\"canonical\" href=\"https:\/\/juacontecimentos.com.br\/site\/confaz-prorroga-incentivos-fiscais-para-remedios-e-material-de-saude\/\" \/>\n<meta property=\"og:locale\" content=\"pt_BR\" \/>\n<meta property=\"og:type\" content=\"article\" \/>\n<meta property=\"og:title\" content=\"Confaz prorroga incentivos fiscais para rem\u00e9dios e material de sa\u00fade - Jornal Ultimos Acontecimentos\" \/>\n<meta property=\"og:description\" content=\"&nbsp; &nbsp;\" \/>\n<meta property=\"og:url\" content=\"https:\/\/juacontecimentos.com.br\/site\/confaz-prorroga-incentivos-fiscais-para-remedios-e-material-de-saude\/\" \/>\n<meta property=\"og:site_name\" content=\"Jornal Ultimos Acontecimentos\" \/>\n<meta property=\"article:publisher\" content=\"https:\/\/www.facebook.com\/jultimosacontecimentos\/\" \/>\n<meta property=\"article:published_time\" content=\"2021-03-16T08:22:44+00:00\" \/>\n<meta property=\"og:image\" content=\"https:\/\/juacontecimentos.com.br\/site\/wp-content\/uploads\/2021\/03\/remedios_agencia_brasil.jpg\" \/>\n\t<meta property=\"og:image:width\" content=\"1170\" \/>\n\t<meta property=\"og:image:height\" content=\"700\" \/>\n\t<meta property=\"og:image:type\" content=\"image\/jpeg\" \/>\n<meta name=\"author\" content=\"Reginaldo Ribeiro\" \/>\n<meta name=\"twitter:card\" content=\"summary_large_image\" \/>\n<meta name=\"twitter:label1\" content=\"Escrito por\" \/>\n\t<meta name=\"twitter:data1\" content=\"Reginaldo Ribeiro\" \/>\n\t<meta name=\"twitter:label2\" content=\"Est. tempo de leitura\" \/>\n\t<meta name=\"twitter:data2\" content=\"2 minutos\" \/>\n<script type=\"application\/ld+json\" class=\"yoast-schema-graph\">{\"@context\":\"https:\/\/schema.org\",\"@graph\":[{\"@type\":\"Article\",\"@id\":\"https:\/\/juacontecimentos.com.br\/site\/confaz-prorroga-incentivos-fiscais-para-remedios-e-material-de-saude\/#article\",\"isPartOf\":{\"@id\":\"https:\/\/juacontecimentos.com.br\/site\/confaz-prorroga-incentivos-fiscais-para-remedios-e-material-de-saude\/\"},\"author\":{\"name\":\"Reginaldo Ribeiro\",\"@id\":\"https:\/\/juacontecimentos.com.br\/site\/#\/schema\/person\/082a54e6d3fdd7a633291428521c9669\"},\"headline\":\"Confaz prorroga incentivos fiscais para rem\u00e9dios e material de sa\u00fade\",\"datePublished\":\"2021-03-16T08:22:44+00:00\",\"mainEntityOfPage\":{\"@id\":\"https:\/\/juacontecimentos.com.br\/site\/confaz-prorroga-incentivos-fiscais-para-remedios-e-material-de-saude\/\"},\"wordCount\":340,\"commentCount\":0,\"publisher\":{\"@id\":\"https:\/\/juacontecimentos.com.br\/site\/#organization\"},\"image\":{\"@id\":\"https:\/\/juacontecimentos.com.br\/site\/confaz-prorroga-incentivos-fiscais-para-remedios-e-material-de-saude\/#primaryimage\"},\"thumbnailUrl\":\"https:\/\/juacontecimentos.com.br\/site\/wp-content\/uploads\/2021\/03\/remedios_agencia_brasil.jpg\",\"articleSection\":[\"Brasil\",\"Catal\u00e3o\",\"Destaque\",\"Goi\u00e1s\"],\"inLanguage\":\"pt-BR\"},{\"@type\":\"WebPage\",\"@id\":\"https:\/\/juacontecimentos.com.br\/site\/confaz-prorroga-incentivos-fiscais-para-remedios-e-material-de-saude\/\",\"url\":\"https:\/\/juacontecimentos.com.br\/site\/confaz-prorroga-incentivos-fiscais-para-remedios-e-material-de-saude\/\",\"name\":\"Confaz prorroga incentivos fiscais para rem\u00e9dios e material de sa\u00fade - Jornal Ultimos Acontecimentos\",\"isPartOf\":{\"@id\":\"https:\/\/juacontecimentos.com.br\/site\/#website\"},\"primaryImageOfPage\":{\"@id\":\"https:\/\/juacontecimentos.com.br\/site\/confaz-prorroga-incentivos-fiscais-para-remedios-e-material-de-saude\/#primaryimage\"},\"image\":{\"@id\":\"https:\/\/juacontecimentos.com.br\/site\/confaz-prorroga-incentivos-fiscais-para-remedios-e-material-de-saude\/#primaryimage\"},\"thumbnailUrl\":\"https:\/\/juacontecimentos.com.br\/site\/wp-content\/uploads\/2021\/03\/remedios_agencia_brasil.jpg\",\"datePublished\":\"2021-03-16T08:22:44+00:00\",\"breadcrumb\":{\"@id\":\"https:\/\/juacontecimentos.com.br\/site\/confaz-prorroga-incentivos-fiscais-para-remedios-e-material-de-saude\/#breadcrumb\"},\"inLanguage\":\"pt-BR\",\"potentialAction\":[{\"@type\":\"ReadAction\",\"target\":[\"https:\/\/juacontecimentos.com.br\/site\/confaz-prorroga-incentivos-fiscais-para-remedios-e-material-de-saude\/\"]}]},{\"@type\":\"ImageObject\",\"inLanguage\":\"pt-BR\",\"@id\":\"https:\/\/juacontecimentos.com.br\/site\/confaz-prorroga-incentivos-fiscais-para-remedios-e-material-de-saude\/#primaryimage\",\"url\":\"https:\/\/juacontecimentos.com.br\/site\/wp-content\/uploads\/2021\/03\/remedios_agencia_brasil.jpg\",\"contentUrl\":\"https:\/\/juacontecimentos.com.br\/site\/wp-content\/uploads\/2021\/03\/remedios_agencia_brasil.jpg\",\"width\":1170,\"height\":700,\"caption\":\"Rem\u00e9dios\"},{\"@type\":\"BreadcrumbList\",\"@id\":\"https:\/\/juacontecimentos.com.br\/site\/confaz-prorroga-incentivos-fiscais-para-remedios-e-material-de-saude\/#breadcrumb\",\"itemListElement\":[{\"@type\":\"ListItem\",\"position\":1,\"name\":\"In\u00edcio\",\"item\":\"https:\/\/juacontecimentos.com.br\/site\/\"},{\"@type\":\"ListItem\",\"position\":2,\"name\":\"Confaz prorroga incentivos fiscais para rem\u00e9dios e material de sa\u00fade\"}]},{\"@type\":\"WebSite\",\"@id\":\"https:\/\/juacontecimentos.com.br\/site\/#website\",\"url\":\"https:\/\/juacontecimentos.com.br\/site\/\",\"name\":\"Jornal Ultimos Acontecimentos\",\"description\":\"Catal\u00e3o e regi\u00e3o\",\"publisher\":{\"@id\":\"https:\/\/juacontecimentos.com.br\/site\/#organization\"},\"potentialAction\":[{\"@type\":\"SearchAction\",\"target\":{\"@type\":\"EntryPoint\",\"urlTemplate\":\"https:\/\/juacontecimentos.com.br\/site\/?s={search_term_string}\"},\"query-input\":{\"@type\":\"PropertyValueSpecification\",\"valueRequired\":true,\"valueName\":\"search_term_string\"}}],\"inLanguage\":\"pt-BR\"},{\"@type\":\"Organization\",\"@id\":\"https:\/\/juacontecimentos.com.br\/site\/#organization\",\"name\":\"Jornal Ultimos Acontecimentos\",\"url\":\"https:\/\/juacontecimentos.com.br\/site\/\",\"logo\":{\"@type\":\"ImageObject\",\"inLanguage\":\"pt-BR\",\"@id\":\"https:\/\/juacontecimentos.com.br\/site\/#\/schema\/logo\/image\/\",\"url\":\"https:\/\/juacontecimentos.com.br\/site\/wp-content\/uploads\/2023\/04\/Logo_Site.png\",\"contentUrl\":\"https:\/\/juacontecimentos.com.br\/site\/wp-content\/uploads\/2023\/04\/Logo_Site.png\",\"width\":2476,\"height\":530,\"caption\":\"Jornal Ultimos Acontecimentos\"},\"image\":{\"@id\":\"https:\/\/juacontecimentos.com.br\/site\/#\/schema\/logo\/image\/\"},\"sameAs\":[\"https:\/\/www.facebook.com\/jultimosacontecimentos\/\"]},{\"@type\":\"Person\",\"@id\":\"https:\/\/juacontecimentos.com.br\/site\/#\/schema\/person\/082a54e6d3fdd7a633291428521c9669\",\"name\":\"Reginaldo Ribeiro\",\"image\":{\"@type\":\"ImageObject\",\"inLanguage\":\"pt-BR\",\"@id\":\"https:\/\/juacontecimentos.com.br\/site\/#\/schema\/person\/image\/\",\"url\":\"https:\/\/secure.gravatar.com\/avatar\/5c16c6837c3490270a74d888c2a845728f06bdde1f8761de1de1d1d1ef82d12f?s=96&d=mm&r=g\",\"contentUrl\":\"https:\/\/secure.gravatar.com\/avatar\/5c16c6837c3490270a74d888c2a845728f06bdde1f8761de1de1d1d1ef82d12f?s=96&d=mm&r=g\",\"caption\":\"Reginaldo Ribeiro\"}}]}<\/script>\n<!-- \/ Yoast SEO plugin. -->","yoast_head_json":{"title":"Confaz prorroga incentivos fiscais para rem\u00e9dios e material de sa\u00fade - Jornal Ultimos Acontecimentos","robots":{"index":"index","follow":"follow","max-snippet":"max-snippet:-1","max-image-preview":"max-image-preview:large","max-video-preview":"max-video-preview:-1"},"canonical":"https:\/\/juacontecimentos.com.br\/site\/confaz-prorroga-incentivos-fiscais-para-remedios-e-material-de-saude\/","og_locale":"pt_BR","og_type":"article","og_title":"Confaz prorroga incentivos fiscais para rem\u00e9dios e material de sa\u00fade - Jornal Ultimos Acontecimentos","og_description":"&nbsp; &nbsp;","og_url":"https:\/\/juacontecimentos.com.br\/site\/confaz-prorroga-incentivos-fiscais-para-remedios-e-material-de-saude\/","og_site_name":"Jornal Ultimos Acontecimentos","article_publisher":"https:\/\/www.facebook.com\/jultimosacontecimentos\/","article_published_time":"2021-03-16T08:22:44+00:00","og_image":[{"width":1170,"height":700,"url":"https:\/\/juacontecimentos.com.br\/site\/wp-content\/uploads\/2021\/03\/remedios_agencia_brasil.jpg","type":"image\/jpeg"}],"author":"Reginaldo Ribeiro","twitter_card":"summary_large_image","twitter_misc":{"Escrito por":"Reginaldo Ribeiro","Est. tempo de leitura":"2 minutos"},"schema":{"@context":"https:\/\/schema.org","@graph":[{"@type":"Article","@id":"https:\/\/juacontecimentos.com.br\/site\/confaz-prorroga-incentivos-fiscais-para-remedios-e-material-de-saude\/#article","isPartOf":{"@id":"https:\/\/juacontecimentos.com.br\/site\/confaz-prorroga-incentivos-fiscais-para-remedios-e-material-de-saude\/"},"author":{"name":"Reginaldo Ribeiro","@id":"https:\/\/juacontecimentos.com.br\/site\/#\/schema\/person\/082a54e6d3fdd7a633291428521c9669"},"headline":"Confaz prorroga incentivos fiscais para rem\u00e9dios e material de sa\u00fade","datePublished":"2021-03-16T08:22:44+00:00","mainEntityOfPage":{"@id":"https:\/\/juacontecimentos.com.br\/site\/confaz-prorroga-incentivos-fiscais-para-remedios-e-material-de-saude\/"},"wordCount":340,"commentCount":0,"publisher":{"@id":"https:\/\/juacontecimentos.com.br\/site\/#organization"},"image":{"@id":"https:\/\/juacontecimentos.com.br\/site\/confaz-prorroga-incentivos-fiscais-para-remedios-e-material-de-saude\/#primaryimage"},"thumbnailUrl":"https:\/\/juacontecimentos.com.br\/site\/wp-content\/uploads\/2021\/03\/remedios_agencia_brasil.jpg","articleSection":["Brasil","Catal\u00e3o","Destaque","Goi\u00e1s"],"inLanguage":"pt-BR"},{"@type":"WebPage","@id":"https:\/\/juacontecimentos.com.br\/site\/confaz-prorroga-incentivos-fiscais-para-remedios-e-material-de-saude\/","url":"https:\/\/juacontecimentos.com.br\/site\/confaz-prorroga-incentivos-fiscais-para-remedios-e-material-de-saude\/","name":"Confaz prorroga incentivos fiscais para rem\u00e9dios e material de sa\u00fade - Jornal Ultimos Acontecimentos","isPartOf":{"@id":"https:\/\/juacontecimentos.com.br\/site\/#website"},"primaryImageOfPage":{"@id":"https:\/\/juacontecimentos.com.br\/site\/confaz-prorroga-incentivos-fiscais-para-remedios-e-material-de-saude\/#primaryimage"},"image":{"@id":"https:\/\/juacontecimentos.com.br\/site\/confaz-prorroga-incentivos-fiscais-para-remedios-e-material-de-saude\/#primaryimage"},"thumbnailUrl":"https:\/\/juacontecimentos.com.br\/site\/wp-content\/uploads\/2021\/03\/remedios_agencia_brasil.jpg","datePublished":"2021-03-16T08:22:44+00:00","breadcrumb":{"@id":"https:\/\/juacontecimentos.com.br\/site\/confaz-prorroga-incentivos-fiscais-para-remedios-e-material-de-saude\/#breadcrumb"},"inLanguage":"pt-BR","potentialAction":[{"@type":"ReadAction","target":["https:\/\/juacontecimentos.com.br\/site\/confaz-prorroga-incentivos-fiscais-para-remedios-e-material-de-saude\/"]}]},{"@type":"ImageObject","inLanguage":"pt-BR","@id":"https:\/\/juacontecimentos.com.br\/site\/confaz-prorroga-incentivos-fiscais-para-remedios-e-material-de-saude\/#primaryimage","url":"https:\/\/juacontecimentos.com.br\/site\/wp-content\/uploads\/2021\/03\/remedios_agencia_brasil.jpg","contentUrl":"https:\/\/juacontecimentos.com.br\/site\/wp-content\/uploads\/2021\/03\/remedios_agencia_brasil.jpg","width":1170,"height":700,"caption":"Rem\u00e9dios"},{"@type":"BreadcrumbList","@id":"https:\/\/juacontecimentos.com.br\/site\/confaz-prorroga-incentivos-fiscais-para-remedios-e-material-de-saude\/#breadcrumb","itemListElement":[{"@type":"ListItem","position":1,"name":"In\u00edcio","item":"https:\/\/juacontecimentos.com.br\/site\/"},{"@type":"ListItem","position":2,"name":"Confaz prorroga incentivos fiscais para rem\u00e9dios e material de sa\u00fade"}]},{"@type":"WebSite","@id":"https:\/\/juacontecimentos.com.br\/site\/#website","url":"https:\/\/juacontecimentos.com.br\/site\/","name":"Jornal Ultimos Acontecimentos","description":"Catal\u00e3o e regi\u00e3o","publisher":{"@id":"https:\/\/juacontecimentos.com.br\/site\/#organization"},"potentialAction":[{"@type":"SearchAction","target":{"@type":"EntryPoint","urlTemplate":"https:\/\/juacontecimentos.com.br\/site\/?s={search_term_string}"},"query-input":{"@type":"PropertyValueSpecification","valueRequired":true,"valueName":"search_term_string"}}],"inLanguage":"pt-BR"},{"@type":"Organization","@id":"https:\/\/juacontecimentos.com.br\/site\/#organization","name":"Jornal Ultimos Acontecimentos","url":"https:\/\/juacontecimentos.com.br\/site\/","logo":{"@type":"ImageObject","inLanguage":"pt-BR","@id":"https:\/\/juacontecimentos.com.br\/site\/#\/schema\/logo\/image\/","url":"https:\/\/juacontecimentos.com.br\/site\/wp-content\/uploads\/2023\/04\/Logo_Site.png","contentUrl":"https:\/\/juacontecimentos.com.br\/site\/wp-content\/uploads\/2023\/04\/Logo_Site.png","width":2476,"height":530,"caption":"Jornal Ultimos Acontecimentos"},"image":{"@id":"https:\/\/juacontecimentos.com.br\/site\/#\/schema\/logo\/image\/"},"sameAs":["https:\/\/www.facebook.com\/jultimosacontecimentos\/"]},{"@type":"Person","@id":"https:\/\/juacontecimentos.com.br\/site\/#\/schema\/person\/082a54e6d3fdd7a633291428521c9669","name":"Reginaldo Ribeiro","image":{"@type":"ImageObject","inLanguage":"pt-BR","@id":"https:\/\/juacontecimentos.com.br\/site\/#\/schema\/person\/image\/","url":"https:\/\/secure.gravatar.com\/avatar\/5c16c6837c3490270a74d888c2a845728f06bdde1f8761de1de1d1d1ef82d12f?s=96&d=mm&r=g","contentUrl":"https:\/\/secure.gravatar.com\/avatar\/5c16c6837c3490270a74d888c2a845728f06bdde1f8761de1de1d1d1ef82d12f?s=96&d=mm&r=g","caption":"Reginaldo Ribeiro"}}]}},"_links":{"self":[{"href":"https:\/\/juacontecimentos.com.br\/site\/wp-json\/wp\/v2\/posts\/13687","targetHints":{"allow":["GET"]}}],"collection":[{"href":"https:\/\/juacontecimentos.com.br\/site\/wp-json\/wp\/v2\/posts"}],"about":[{"href":"https:\/\/juacontecimentos.com.br\/site\/wp-json\/wp\/v2\/types\/post"}],"author":[{"embeddable":true,"href":"https:\/\/juacontecimentos.com.br\/site\/wp-json\/wp\/v2\/users\/2"}],"replies":[{"embeddable":true,"href":"https:\/\/juacontecimentos.com.br\/site\/wp-json\/wp\/v2\/comments?post=13687"}],"version-history":[{"count":1,"href":"https:\/\/juacontecimentos.com.br\/site\/wp-json\/wp\/v2\/posts\/13687\/revisions"}],"predecessor-version":[{"id":13689,"href":"https:\/\/juacontecimentos.com.br\/site\/wp-json\/wp\/v2\/posts\/13687\/revisions\/13689"}],"wp:featuredmedia":[{"embeddable":true,"href":"https:\/\/juacontecimentos.com.br\/site\/wp-json\/wp\/v2\/media\/13688"}],"wp:attachment":[{"href":"https:\/\/juacontecimentos.com.br\/site\/wp-json\/wp\/v2\/media?parent=13687"}],"wp:term":[{"taxonomy":"category","embeddable":true,"href":"https:\/\/juacontecimentos.com.br\/site\/wp-json\/wp\/v2\/categories?post=13687"},{"taxonomy":"post_tag","embeddable":true,"href":"https:\/\/juacontecimentos.com.br\/site\/wp-json\/wp\/v2\/tags?post=13687"}],"curies":[{"name":"wp","href":"https:\/\/api.w.org\/{rel}","templated":true}]}}