{"id":13693,"date":"2021-03-16T06:26:12","date_gmt":"2021-03-16T09:26:12","guid":{"rendered":"https:\/\/juacontecimentos.com.br\/site\/?p=13693"},"modified":"2021-03-16T06:26:12","modified_gmt":"2021-03-16T09:26:12","slug":"era-so-o-que-faltava-prefeito-de-catalao-proibe-acesso-da-imprensa-em-jogo-do-goiano","status":"publish","type":"post","link":"https:\/\/juacontecimentos.com.br\/site\/era-so-o-que-faltava-prefeito-de-catalao-proibe-acesso-da-imprensa-em-jogo-do-goiano\/","title":{"rendered":"Era s\u00f3 o que faltava! Prefeito de Catal\u00e3o pro\u00edbe acesso da imprensa em jogo do Goiano"},"content":{"rendered":"<h4 class=\"one-news-subtitle\">A cr\u00f4nica esportiva foi impedida de trabalhar na cobertura jornal\u00edstica do jogo por determina\u00e7\u00e3o do Prefeito Adib Elias (Podemos)<img loading=\"lazy\" decoding=\"async\" class=\"alignnone size-full wp-image-13694\" src=\"https:\/\/juacontecimentos.com.br\/site\/wp-content\/uploads\/2021\/03\/0002050535687_img.png\" alt=\"\" width=\"275\" height=\"183\" \/><\/h4>\n<p>Catal\u00e3o, GO, 15 (AFI) \u2013 Um fato ilegal e lament\u00e1vel aconteceu nesta segunda-feira, em Catal\u00e3o, na partida entre CRAC 1 x 1 An\u00e1polis, pelo Campeonato Goiano. A cr\u00f4nica esportiva foi impedida de trabalhar na cobertura jornal\u00edstica do jogo por determina\u00e7\u00e3o do\u00a0<strong>Prefeito Adib Elias<\/strong>\u00a0(Podemos).<\/p>\n<p>Antes da partida, Adib Elias tentou fazer com que a partida n\u00e3o fosse realizada tendo como argumento a pandemia do coronav\u00edrus, mas como a Federa\u00e7\u00e3o Goiana manteve a partida, a cr\u00f4nica esportiva acabou sendo penalizada e proibida de entrar no Est\u00e1dio \u201cClube do Povo\u201d, em Catal\u00e3o.<strong><br \/>\n<\/strong><\/p>\n<div class=\"hover_show_parent wd50 image_div_right\"><\/div>\n<p><strong>REVOLTA GERAL ENTRE OS CRONISTAS ESPORTIVOS<\/strong><\/p>\n<p>O presidente da\u00a0<strong>Associa\u00e7\u00e3o dos Cronistas Esportivos do Estado de Goi\u00e1s<\/strong>,\u00a0<strong>Lucimar Augusto<\/strong>, ficou revoltado e divulgou uma nota de rep\u00fadio, prometendo provid\u00eancias contra a ilegalidade praticada pelo Prefeito Adib Elias.<\/p>\n<p>\u201cEsta decis\u00e3o \u00e9 um cerceamento e censura \u00e0 Liberdade de Express\u00e3o e o livre acesso dos cronistas esportivos assegurados pela Lei Federal n\u00b0 9.615 (Lei Pel\u00e9) em seu artigo 90-F, inclu\u00eddo pela Lei n\u00b0 12.395 de 2011\u201d, comenta Lucimar Augusto, acrescentando:<\/p>\n<p>\u201cOs profissionais, que s\u00e3o de An\u00e1polis, tiveram que rodar quase 600 km e foram impedidos de trabalhar\u201d.<\/p>\n<p>Outras entidades estaduais de cronistas esportivos j\u00e1 se solidarizam \u00e0 ACEEG, lembrando at\u00e9 mesmo que a atitude de Adib Elias est\u00e1 configurada como crime previsto no inciso I, do artigo 197, do C\u00f3digo Penal.<strong><br \/>\n<\/strong><\/p>\n<div class=\"image_div_left hover_show_parent wd50\">\n<div>Adib Elias, atrapalhando a imprensa esportiva<\/div>\n<\/div>\n<p><strong>ADIB ELIAS FOI TRATAR-SE DA COVID EM S\u00c3O PAULO<\/strong><\/p>\n<p>Prefeito reeleito de Catal\u00e3o, Adib Elias contraiu a doen\u00e7a do coronav\u00edrus no in\u00edcio do ano e, ao inv\u00e9s de tratar-se em sua cidade, optou por ir para o INCOR, na capital paulista, deixando claro que n\u00e3o confia no pr\u00f3prio trabalho que executa na sa\u00fade do munic\u00edpio que administra.<strong><em><br \/>\n<\/em><\/strong><\/p>\n<p><strong><em>CONFIRA A NOTA DE REP\u00daDIO ELABORADA PELA ACEEG<\/em><\/strong><em><br \/>\n<\/em><\/p>\n<p><em>A Associa\u00e7\u00e3o dos Cronistas Esportivos do Estado de Goi\u00e1s, atrav\u00e9s do seu presidente Lucimar Augusto, vem a p\u00fablico repudiar a decis\u00e3o do prefeito da Cidade de Catal\u00e3o, Adib Elias, de proibir o acesso dos cronistas e da imprensa de forma em geral ao Est\u00e1dio Clube do Povo, neste munic\u00edpio, para a cobertura do Jogo, Crac e An\u00e1polis, realizado hoje, 15\/03\/21 pela quarta rodada do campeonato goiano 2021.<\/em><\/p>\n<p><em>A proibi\u00e7\u00e3o foi comunicada somente hoje momentos antes do in\u00edcio do evento, atrav\u00e9s desta nota: &#8220;O Prefeito Adib Elias entrou em contato com a Federa\u00e7\u00e3o Goiana de Futebol, solicitando o adiantamento do jogo do CRAC, mas por falta de disposi\u00e7\u00e3o de calend\u00e1rio n\u00e3o foi poss\u00edvel, de acordo com a organiza\u00e7\u00e3o. Portanto o jogo vai acontecer somente com os dois times em campo, ou seja, com os port\u00f5es fechados, sem a presen\u00e7a at\u00e9 mesmo da imprensa.&#8221;<\/em><\/p>\n<p><em>Esta decis\u00e3o \u00e9 um cerceamento e censura \u00e0 Liberdade de Express\u00e3o e o livre acesso dos cronistas esportivos assegurados pela Lei Federal n\u00b0 9.615 ( Lei Pel\u00e9) em seu ART 90-F, inclu\u00eddo pela Lei n\u00b0 12.395 de 2011: &#8220;Os profissionais credenciados pelas associa\u00e7\u00f5es de cronistas esportivos, quando em servi\u00e7o, t\u00eam acesso as pra\u00e7as, est\u00e1dios e gin\u00e1sios esportivos em todo territ\u00f3rio Nacional, obrigando-se a ocupar os locais a eles reservados pelas respectivas entidades de administra\u00e7\u00e3o do desporto&#8221;.<\/em><\/p>\n<p><em>\u00c9 extremamente preocupante a viola\u00e7\u00e3o destes preceitos legais causando revolta, constrangimento e preju\u00edzos financeiros. Visto que muitos profissionais de diversos ve\u00edculos de comunica\u00e7\u00e3o da cidade e de outros munic\u00edpios ( An\u00e1polis e Goi\u00e2nia) j\u00e1 se encontravam no local da partida.<\/em><\/p>\n<p><em>Os cronistas esportivos de Goi\u00e1s v\u00eam cumprindo fielmente os r\u00edgidos protocolos sanit\u00e1rios de sa\u00fade impostos pela CBF e FGF.<\/em><\/p>\n<p><em>N\u00e3o havia motivos legais nem de sa\u00fade para tal proibi\u00e7\u00e3o.<\/em><\/p>\n<p><em>A ACEEG repudia com veem\u00eancia este ato de viol\u00eancia contra o acesso dos cronistas esportivos ao Est\u00e1dio Clube do Povo e contra a liberdade de express\u00e3o.<\/em><\/p>\n<p><em>A ACEEG pede provid\u00eancias \u00e0s atividades competentes.<\/em><\/p>\n<p><em>Lucimar Augusto &#8211; <\/em><em>Presidente &#8211; ACEEG<\/em><\/p>\n<p><strong>\u00a0<\/strong><\/p>\n<p><strong>\u00a0<\/strong><br \/>\n<\/p>\n","protected":false},"excerpt":{"rendered":"<p>A cr\u00f4nica esportiva foi impedida de trabalhar na cobertura jornal\u00edstica do jogo por determina\u00e7\u00e3o do Prefeito Adib Elias (Podemos) Catal\u00e3o, GO, 15 (AFI) \u2013 Um fato ilegal e lament\u00e1vel aconteceu nesta segunda-feira, em Catal\u00e3o, na partida entre CRAC 1 x 1 An\u00e1polis, pelo Campeonato Goiano. A cr\u00f4nica esportiva foi impedida de trabalhar na cobertura jornal\u00edstica<\/p>\n","protected":false},"author":2,"featured_media":13694,"comment_status":"open","ping_status":"open","sticky":false,"template":"","format":"standard","meta":{"footnotes":""},"categories":[27,22,26,23],"tags":[],"class_list":["post-13693","post","type-post","status-publish","format-standard","has-post-thumbnail","hentry","category-brasil","category-catalao","category-destaque","category-goias"],"yoast_head":"<!-- This site is optimized with the Yoast SEO plugin v25.8 - https:\/\/yoast.com\/wordpress\/plugins\/seo\/ -->\n<title>Era s\u00f3 o que faltava! Prefeito de Catal\u00e3o pro\u00edbe acesso da imprensa em jogo do Goiano - Jornal Ultimos Acontecimentos<\/title>\n<meta name=\"robots\" content=\"index, follow, max-snippet:-1, max-image-preview:large, max-video-preview:-1\" \/>\n<link rel=\"canonical\" href=\"https:\/\/juacontecimentos.com.br\/site\/era-so-o-que-faltava-prefeito-de-catalao-proibe-acesso-da-imprensa-em-jogo-do-goiano\/\" \/>\n<meta property=\"og:locale\" content=\"pt_BR\" \/>\n<meta property=\"og:type\" content=\"article\" \/>\n<meta property=\"og:title\" content=\"Era s\u00f3 o que faltava! Prefeito de Catal\u00e3o pro\u00edbe acesso da imprensa em jogo do Goiano - Jornal Ultimos Acontecimentos\" \/>\n<meta property=\"og:description\" content=\"A cr\u00f4nica esportiva foi impedida de trabalhar na cobertura jornal\u00edstica do jogo por determina\u00e7\u00e3o do Prefeito Adib Elias (Podemos) Catal\u00e3o, GO, 15 (AFI) \u2013 Um fato ilegal e lament\u00e1vel aconteceu nesta segunda-feira, em Catal\u00e3o, na partida entre CRAC 1 x 1 An\u00e1polis, pelo Campeonato Goiano. A cr\u00f4nica esportiva foi impedida de trabalhar na cobertura jornal\u00edstica\" \/>\n<meta property=\"og:url\" content=\"https:\/\/juacontecimentos.com.br\/site\/era-so-o-que-faltava-prefeito-de-catalao-proibe-acesso-da-imprensa-em-jogo-do-goiano\/\" \/>\n<meta property=\"og:site_name\" content=\"Jornal Ultimos Acontecimentos\" \/>\n<meta property=\"article:publisher\" content=\"https:\/\/www.facebook.com\/jultimosacontecimentos\/\" \/>\n<meta property=\"article:published_time\" content=\"2021-03-16T09:26:12+00:00\" \/>\n<meta property=\"og:image\" content=\"https:\/\/juacontecimentos.com.br\/site\/wp-content\/uploads\/2021\/03\/0002050535687_img.png\" \/>\n\t<meta property=\"og:image:width\" content=\"275\" \/>\n\t<meta property=\"og:image:height\" content=\"183\" \/>\n\t<meta property=\"og:image:type\" content=\"image\/png\" \/>\n<meta name=\"author\" content=\"Reginaldo Ribeiro\" \/>\n<meta name=\"twitter:card\" content=\"summary_large_image\" \/>\n<meta name=\"twitter:label1\" content=\"Escrito por\" \/>\n\t<meta name=\"twitter:data1\" content=\"Reginaldo Ribeiro\" \/>\n\t<meta name=\"twitter:label2\" content=\"Est. tempo de leitura\" \/>\n\t<meta name=\"twitter:data2\" content=\"4 minutos\" \/>\n<script type=\"application\/ld+json\" class=\"yoast-schema-graph\">{\"@context\":\"https:\/\/schema.org\",\"@graph\":[{\"@type\":\"Article\",\"@id\":\"https:\/\/juacontecimentos.com.br\/site\/era-so-o-que-faltava-prefeito-de-catalao-proibe-acesso-da-imprensa-em-jogo-do-goiano\/#article\",\"isPartOf\":{\"@id\":\"https:\/\/juacontecimentos.com.br\/site\/era-so-o-que-faltava-prefeito-de-catalao-proibe-acesso-da-imprensa-em-jogo-do-goiano\/\"},\"author\":{\"name\":\"Reginaldo Ribeiro\",\"@id\":\"https:\/\/juacontecimentos.com.br\/site\/#\/schema\/person\/082a54e6d3fdd7a633291428521c9669\"},\"headline\":\"Era s\u00f3 o que faltava! Prefeito de Catal\u00e3o pro\u00edbe acesso da imprensa em jogo do Goiano\",\"datePublished\":\"2021-03-16T09:26:12+00:00\",\"mainEntityOfPage\":{\"@id\":\"https:\/\/juacontecimentos.com.br\/site\/era-so-o-que-faltava-prefeito-de-catalao-proibe-acesso-da-imprensa-em-jogo-do-goiano\/\"},\"wordCount\":720,\"commentCount\":0,\"publisher\":{\"@id\":\"https:\/\/juacontecimentos.com.br\/site\/#organization\"},\"image\":{\"@id\":\"https:\/\/juacontecimentos.com.br\/site\/era-so-o-que-faltava-prefeito-de-catalao-proibe-acesso-da-imprensa-em-jogo-do-goiano\/#primaryimage\"},\"thumbnailUrl\":\"https:\/\/juacontecimentos.com.br\/site\/wp-content\/uploads\/2021\/03\/0002050535687_img.png\",\"articleSection\":[\"Brasil\",\"Catal\u00e3o\",\"Destaque\",\"Goi\u00e1s\"],\"inLanguage\":\"pt-BR\"},{\"@type\":\"WebPage\",\"@id\":\"https:\/\/juacontecimentos.com.br\/site\/era-so-o-que-faltava-prefeito-de-catalao-proibe-acesso-da-imprensa-em-jogo-do-goiano\/\",\"url\":\"https:\/\/juacontecimentos.com.br\/site\/era-so-o-que-faltava-prefeito-de-catalao-proibe-acesso-da-imprensa-em-jogo-do-goiano\/\",\"name\":\"Era s\u00f3 o que faltava! Prefeito de Catal\u00e3o pro\u00edbe acesso da imprensa em jogo do Goiano - Jornal Ultimos Acontecimentos\",\"isPartOf\":{\"@id\":\"https:\/\/juacontecimentos.com.br\/site\/#website\"},\"primaryImageOfPage\":{\"@id\":\"https:\/\/juacontecimentos.com.br\/site\/era-so-o-que-faltava-prefeito-de-catalao-proibe-acesso-da-imprensa-em-jogo-do-goiano\/#primaryimage\"},\"image\":{\"@id\":\"https:\/\/juacontecimentos.com.br\/site\/era-so-o-que-faltava-prefeito-de-catalao-proibe-acesso-da-imprensa-em-jogo-do-goiano\/#primaryimage\"},\"thumbnailUrl\":\"https:\/\/juacontecimentos.com.br\/site\/wp-content\/uploads\/2021\/03\/0002050535687_img.png\",\"datePublished\":\"2021-03-16T09:26:12+00:00\",\"breadcrumb\":{\"@id\":\"https:\/\/juacontecimentos.com.br\/site\/era-so-o-que-faltava-prefeito-de-catalao-proibe-acesso-da-imprensa-em-jogo-do-goiano\/#breadcrumb\"},\"inLanguage\":\"pt-BR\",\"potentialAction\":[{\"@type\":\"ReadAction\",\"target\":[\"https:\/\/juacontecimentos.com.br\/site\/era-so-o-que-faltava-prefeito-de-catalao-proibe-acesso-da-imprensa-em-jogo-do-goiano\/\"]}]},{\"@type\":\"ImageObject\",\"inLanguage\":\"pt-BR\",\"@id\":\"https:\/\/juacontecimentos.com.br\/site\/era-so-o-que-faltava-prefeito-de-catalao-proibe-acesso-da-imprensa-em-jogo-do-goiano\/#primaryimage\",\"url\":\"https:\/\/juacontecimentos.com.br\/site\/wp-content\/uploads\/2021\/03\/0002050535687_img.png\",\"contentUrl\":\"https:\/\/juacontecimentos.com.br\/site\/wp-content\/uploads\/2021\/03\/0002050535687_img.png\",\"width\":275,\"height\":183},{\"@type\":\"BreadcrumbList\",\"@id\":\"https:\/\/juacontecimentos.com.br\/site\/era-so-o-que-faltava-prefeito-de-catalao-proibe-acesso-da-imprensa-em-jogo-do-goiano\/#breadcrumb\",\"itemListElement\":[{\"@type\":\"ListItem\",\"position\":1,\"name\":\"In\u00edcio\",\"item\":\"https:\/\/juacontecimentos.com.br\/site\/\"},{\"@type\":\"ListItem\",\"position\":2,\"name\":\"Era s\u00f3 o que faltava! Prefeito de Catal\u00e3o pro\u00edbe acesso da imprensa em jogo do Goiano\"}]},{\"@type\":\"WebSite\",\"@id\":\"https:\/\/juacontecimentos.com.br\/site\/#website\",\"url\":\"https:\/\/juacontecimentos.com.br\/site\/\",\"name\":\"Jornal Ultimos Acontecimentos\",\"description\":\"Catal\u00e3o e regi\u00e3o\",\"publisher\":{\"@id\":\"https:\/\/juacontecimentos.com.br\/site\/#organization\"},\"potentialAction\":[{\"@type\":\"SearchAction\",\"target\":{\"@type\":\"EntryPoint\",\"urlTemplate\":\"https:\/\/juacontecimentos.com.br\/site\/?s={search_term_string}\"},\"query-input\":{\"@type\":\"PropertyValueSpecification\",\"valueRequired\":true,\"valueName\":\"search_term_string\"}}],\"inLanguage\":\"pt-BR\"},{\"@type\":\"Organization\",\"@id\":\"https:\/\/juacontecimentos.com.br\/site\/#organization\",\"name\":\"Jornal Ultimos Acontecimentos\",\"url\":\"https:\/\/juacontecimentos.com.br\/site\/\",\"logo\":{\"@type\":\"ImageObject\",\"inLanguage\":\"pt-BR\",\"@id\":\"https:\/\/juacontecimentos.com.br\/site\/#\/schema\/logo\/image\/\",\"url\":\"https:\/\/juacontecimentos.com.br\/site\/wp-content\/uploads\/2023\/04\/Logo_Site.png\",\"contentUrl\":\"https:\/\/juacontecimentos.com.br\/site\/wp-content\/uploads\/2023\/04\/Logo_Site.png\",\"width\":2476,\"height\":530,\"caption\":\"Jornal Ultimos Acontecimentos\"},\"image\":{\"@id\":\"https:\/\/juacontecimentos.com.br\/site\/#\/schema\/logo\/image\/\"},\"sameAs\":[\"https:\/\/www.facebook.com\/jultimosacontecimentos\/\"]},{\"@type\":\"Person\",\"@id\":\"https:\/\/juacontecimentos.com.br\/site\/#\/schema\/person\/082a54e6d3fdd7a633291428521c9669\",\"name\":\"Reginaldo Ribeiro\",\"image\":{\"@type\":\"ImageObject\",\"inLanguage\":\"pt-BR\",\"@id\":\"https:\/\/juacontecimentos.com.br\/site\/#\/schema\/person\/image\/\",\"url\":\"https:\/\/secure.gravatar.com\/avatar\/5c16c6837c3490270a74d888c2a845728f06bdde1f8761de1de1d1d1ef82d12f?s=96&d=mm&r=g\",\"contentUrl\":\"https:\/\/secure.gravatar.com\/avatar\/5c16c6837c3490270a74d888c2a845728f06bdde1f8761de1de1d1d1ef82d12f?s=96&d=mm&r=g\",\"caption\":\"Reginaldo Ribeiro\"}}]}<\/script>\n<!-- \/ Yoast SEO plugin. -->","yoast_head_json":{"title":"Era s\u00f3 o que faltava! Prefeito de Catal\u00e3o pro\u00edbe acesso da imprensa em jogo do Goiano - Jornal Ultimos Acontecimentos","robots":{"index":"index","follow":"follow","max-snippet":"max-snippet:-1","max-image-preview":"max-image-preview:large","max-video-preview":"max-video-preview:-1"},"canonical":"https:\/\/juacontecimentos.com.br\/site\/era-so-o-que-faltava-prefeito-de-catalao-proibe-acesso-da-imprensa-em-jogo-do-goiano\/","og_locale":"pt_BR","og_type":"article","og_title":"Era s\u00f3 o que faltava! Prefeito de Catal\u00e3o pro\u00edbe acesso da imprensa em jogo do Goiano - Jornal Ultimos Acontecimentos","og_description":"A cr\u00f4nica esportiva foi impedida de trabalhar na cobertura jornal\u00edstica do jogo por determina\u00e7\u00e3o do Prefeito Adib Elias (Podemos) Catal\u00e3o, GO, 15 (AFI) \u2013 Um fato ilegal e lament\u00e1vel aconteceu nesta segunda-feira, em Catal\u00e3o, na partida entre CRAC 1 x 1 An\u00e1polis, pelo Campeonato Goiano. A cr\u00f4nica esportiva foi impedida de trabalhar na cobertura jornal\u00edstica","og_url":"https:\/\/juacontecimentos.com.br\/site\/era-so-o-que-faltava-prefeito-de-catalao-proibe-acesso-da-imprensa-em-jogo-do-goiano\/","og_site_name":"Jornal Ultimos Acontecimentos","article_publisher":"https:\/\/www.facebook.com\/jultimosacontecimentos\/","article_published_time":"2021-03-16T09:26:12+00:00","og_image":[{"width":275,"height":183,"url":"https:\/\/juacontecimentos.com.br\/site\/wp-content\/uploads\/2021\/03\/0002050535687_img.png","type":"image\/png"}],"author":"Reginaldo Ribeiro","twitter_card":"summary_large_image","twitter_misc":{"Escrito por":"Reginaldo Ribeiro","Est. tempo de leitura":"4 minutos"},"schema":{"@context":"https:\/\/schema.org","@graph":[{"@type":"Article","@id":"https:\/\/juacontecimentos.com.br\/site\/era-so-o-que-faltava-prefeito-de-catalao-proibe-acesso-da-imprensa-em-jogo-do-goiano\/#article","isPartOf":{"@id":"https:\/\/juacontecimentos.com.br\/site\/era-so-o-que-faltava-prefeito-de-catalao-proibe-acesso-da-imprensa-em-jogo-do-goiano\/"},"author":{"name":"Reginaldo Ribeiro","@id":"https:\/\/juacontecimentos.com.br\/site\/#\/schema\/person\/082a54e6d3fdd7a633291428521c9669"},"headline":"Era s\u00f3 o que faltava! Prefeito de Catal\u00e3o pro\u00edbe acesso da imprensa em jogo do Goiano","datePublished":"2021-03-16T09:26:12+00:00","mainEntityOfPage":{"@id":"https:\/\/juacontecimentos.com.br\/site\/era-so-o-que-faltava-prefeito-de-catalao-proibe-acesso-da-imprensa-em-jogo-do-goiano\/"},"wordCount":720,"commentCount":0,"publisher":{"@id":"https:\/\/juacontecimentos.com.br\/site\/#organization"},"image":{"@id":"https:\/\/juacontecimentos.com.br\/site\/era-so-o-que-faltava-prefeito-de-catalao-proibe-acesso-da-imprensa-em-jogo-do-goiano\/#primaryimage"},"thumbnailUrl":"https:\/\/juacontecimentos.com.br\/site\/wp-content\/uploads\/2021\/03\/0002050535687_img.png","articleSection":["Brasil","Catal\u00e3o","Destaque","Goi\u00e1s"],"inLanguage":"pt-BR"},{"@type":"WebPage","@id":"https:\/\/juacontecimentos.com.br\/site\/era-so-o-que-faltava-prefeito-de-catalao-proibe-acesso-da-imprensa-em-jogo-do-goiano\/","url":"https:\/\/juacontecimentos.com.br\/site\/era-so-o-que-faltava-prefeito-de-catalao-proibe-acesso-da-imprensa-em-jogo-do-goiano\/","name":"Era s\u00f3 o que faltava! Prefeito de Catal\u00e3o pro\u00edbe acesso da imprensa em jogo do Goiano - Jornal Ultimos Acontecimentos","isPartOf":{"@id":"https:\/\/juacontecimentos.com.br\/site\/#website"},"primaryImageOfPage":{"@id":"https:\/\/juacontecimentos.com.br\/site\/era-so-o-que-faltava-prefeito-de-catalao-proibe-acesso-da-imprensa-em-jogo-do-goiano\/#primaryimage"},"image":{"@id":"https:\/\/juacontecimentos.com.br\/site\/era-so-o-que-faltava-prefeito-de-catalao-proibe-acesso-da-imprensa-em-jogo-do-goiano\/#primaryimage"},"thumbnailUrl":"https:\/\/juacontecimentos.com.br\/site\/wp-content\/uploads\/2021\/03\/0002050535687_img.png","datePublished":"2021-03-16T09:26:12+00:00","breadcrumb":{"@id":"https:\/\/juacontecimentos.com.br\/site\/era-so-o-que-faltava-prefeito-de-catalao-proibe-acesso-da-imprensa-em-jogo-do-goiano\/#breadcrumb"},"inLanguage":"pt-BR","potentialAction":[{"@type":"ReadAction","target":["https:\/\/juacontecimentos.com.br\/site\/era-so-o-que-faltava-prefeito-de-catalao-proibe-acesso-da-imprensa-em-jogo-do-goiano\/"]}]},{"@type":"ImageObject","inLanguage":"pt-BR","@id":"https:\/\/juacontecimentos.com.br\/site\/era-so-o-que-faltava-prefeito-de-catalao-proibe-acesso-da-imprensa-em-jogo-do-goiano\/#primaryimage","url":"https:\/\/juacontecimentos.com.br\/site\/wp-content\/uploads\/2021\/03\/0002050535687_img.png","contentUrl":"https:\/\/juacontecimentos.com.br\/site\/wp-content\/uploads\/2021\/03\/0002050535687_img.png","width":275,"height":183},{"@type":"BreadcrumbList","@id":"https:\/\/juacontecimentos.com.br\/site\/era-so-o-que-faltava-prefeito-de-catalao-proibe-acesso-da-imprensa-em-jogo-do-goiano\/#breadcrumb","itemListElement":[{"@type":"ListItem","position":1,"name":"In\u00edcio","item":"https:\/\/juacontecimentos.com.br\/site\/"},{"@type":"ListItem","position":2,"name":"Era s\u00f3 o que faltava! Prefeito de Catal\u00e3o pro\u00edbe acesso da imprensa em jogo do Goiano"}]},{"@type":"WebSite","@id":"https:\/\/juacontecimentos.com.br\/site\/#website","url":"https:\/\/juacontecimentos.com.br\/site\/","name":"Jornal Ultimos Acontecimentos","description":"Catal\u00e3o e regi\u00e3o","publisher":{"@id":"https:\/\/juacontecimentos.com.br\/site\/#organization"},"potentialAction":[{"@type":"SearchAction","target":{"@type":"EntryPoint","urlTemplate":"https:\/\/juacontecimentos.com.br\/site\/?s={search_term_string}"},"query-input":{"@type":"PropertyValueSpecification","valueRequired":true,"valueName":"search_term_string"}}],"inLanguage":"pt-BR"},{"@type":"Organization","@id":"https:\/\/juacontecimentos.com.br\/site\/#organization","name":"Jornal Ultimos Acontecimentos","url":"https:\/\/juacontecimentos.com.br\/site\/","logo":{"@type":"ImageObject","inLanguage":"pt-BR","@id":"https:\/\/juacontecimentos.com.br\/site\/#\/schema\/logo\/image\/","url":"https:\/\/juacontecimentos.com.br\/site\/wp-content\/uploads\/2023\/04\/Logo_Site.png","contentUrl":"https:\/\/juacontecimentos.com.br\/site\/wp-content\/uploads\/2023\/04\/Logo_Site.png","width":2476,"height":530,"caption":"Jornal Ultimos Acontecimentos"},"image":{"@id":"https:\/\/juacontecimentos.com.br\/site\/#\/schema\/logo\/image\/"},"sameAs":["https:\/\/www.facebook.com\/jultimosacontecimentos\/"]},{"@type":"Person","@id":"https:\/\/juacontecimentos.com.br\/site\/#\/schema\/person\/082a54e6d3fdd7a633291428521c9669","name":"Reginaldo Ribeiro","image":{"@type":"ImageObject","inLanguage":"pt-BR","@id":"https:\/\/juacontecimentos.com.br\/site\/#\/schema\/person\/image\/","url":"https:\/\/secure.gravatar.com\/avatar\/5c16c6837c3490270a74d888c2a845728f06bdde1f8761de1de1d1d1ef82d12f?s=96&d=mm&r=g","contentUrl":"https:\/\/secure.gravatar.com\/avatar\/5c16c6837c3490270a74d888c2a845728f06bdde1f8761de1de1d1d1ef82d12f?s=96&d=mm&r=g","caption":"Reginaldo Ribeiro"}}]}},"_links":{"self":[{"href":"https:\/\/juacontecimentos.com.br\/site\/wp-json\/wp\/v2\/posts\/13693","targetHints":{"allow":["GET"]}}],"collection":[{"href":"https:\/\/juacontecimentos.com.br\/site\/wp-json\/wp\/v2\/posts"}],"about":[{"href":"https:\/\/juacontecimentos.com.br\/site\/wp-json\/wp\/v2\/types\/post"}],"author":[{"embeddable":true,"href":"https:\/\/juacontecimentos.com.br\/site\/wp-json\/wp\/v2\/users\/2"}],"replies":[{"embeddable":true,"href":"https:\/\/juacontecimentos.com.br\/site\/wp-json\/wp\/v2\/comments?post=13693"}],"version-history":[{"count":1,"href":"https:\/\/juacontecimentos.com.br\/site\/wp-json\/wp\/v2\/posts\/13693\/revisions"}],"predecessor-version":[{"id":13698,"href":"https:\/\/juacontecimentos.com.br\/site\/wp-json\/wp\/v2\/posts\/13693\/revisions\/13698"}],"wp:featuredmedia":[{"embeddable":true,"href":"https:\/\/juacontecimentos.com.br\/site\/wp-json\/wp\/v2\/media\/13694"}],"wp:attachment":[{"href":"https:\/\/juacontecimentos.com.br\/site\/wp-json\/wp\/v2\/media?parent=13693"}],"wp:term":[{"taxonomy":"category","embeddable":true,"href":"https:\/\/juacontecimentos.com.br\/site\/wp-json\/wp\/v2\/categories?post=13693"},{"taxonomy":"post_tag","embeddable":true,"href":"https:\/\/juacontecimentos.com.br\/site\/wp-json\/wp\/v2\/tags?post=13693"}],"curies":[{"name":"wp","href":"https:\/\/api.w.org\/{rel}","templated":true}]}}