{"id":1370,"date":"2017-07-07T07:50:28","date_gmt":"2017-07-07T10:50:28","guid":{"rendered":"http:\/\/juacontecimentos.com.br\/site\/?p=1370"},"modified":"2017-07-07T07:50:28","modified_gmt":"2017-07-07T10:50:28","slug":"fies-sera-pago-com-desconto-direto-no-salario-dos-trabalhadores","status":"publish","type":"post","link":"https:\/\/juacontecimentos.com.br\/site\/fies-sera-pago-com-desconto-direto-no-salario-dos-trabalhadores\/","title":{"rendered":"Fies ser\u00e1 pago com desconto direto no sal\u00e1rio dos trabalhadores"},"content":{"rendered":"<h3 class=\"_3HgHomnInOZzirwB_afB-o\">Um dos novos tipos de empr\u00e9stimo ir\u00e1 oferecer 100 mil vagas por ano com juro zero<\/h3>\n<p>Sabrina Craide \u2013 Rep\u00f3rter da Ag\u00eancia Brasil<\/p>\n<p>A partir do ano que vem, os estudantes universit\u00e1rios que financiarem o pagamento das mensalidades de faculdades privadas por meio do Financiamento Estudantil (Fies) v\u00e3o come\u00e7ar a pagar o empr\u00e9stimo assim que tiverem renda formal, ap\u00f3s deixar a faculdade. O dinheiro ser\u00e1 descontado diretamente do sal\u00e1rio do empregado, por meio do eSocial, sistema j\u00e1 utilizado atualmente pelas empresas para pagar contribui\u00e7\u00f5es e prestar informa\u00e7\u00f5es ao governo.<\/p>\n<p>A empresa que contratar um empregado que financiou o estudo superior com o Fies ir\u00e1 fazer o recolhimento do valor mensalmente pelo eSocial, descontando do sal\u00e1rio do trabalhador, como \u00e9 feito atualmente no caso do Fundo de Garantia do Tempo de Servi\u00e7o (FGTS). Se o trabalhador for aut\u00f4nomo, dever\u00e1 fazer o recolhimento diretamente. Se a pessoa n\u00e3o tiver emprego formal, ir\u00e1 pagar apenas taxa de co-participa\u00e7\u00e3o, como \u00e9 feito enquanto est\u00e1 cursando a universidade. N\u00e3o haver\u00e1 mais car\u00eancia estabelecida para o pagamento do financiamento, como existe atualmente.<\/p>\n<p>\u201cA ideia \u00e9 ser quase um cr\u00e9dito consignado, por isso o risco do cr\u00e9dito tamb\u00e9m vai ser muito menor. No cr\u00e9dito consignado, o pagamento da parcela \u00e9 sacado diretamente do sal\u00e1rio da pessoa que contraiu o cr\u00e9dito e, no caso do Fies, ele vai usar uma nova sistem\u00e1tica que \u00e9 o eSocial, que a partir de janeiro de 2018 ser\u00e1 obrigat\u00f3rio para empresas grandes\u201d, explicou o secret\u00e1rio de Acompanhamento Econ\u00f4mico do Minist\u00e9rio da Fazenda, Mansueto Almeida.<\/p>\n<p>As mudan\u00e7as no Fies foram apresentadas hoje (6), em cerim\u00f4nia no Pal\u00e1cio do Planalto. Ser\u00e3o tr\u00eas tipos de financiamento. A primeira modalidade ter\u00e1 financiamento com recursos p\u00fablicos e ir\u00e1 oferecer 100 mil vagas por ano, com juro zero para os estudantes que tiverem uma renda per capita mensal familiar de tr\u00eas sal\u00e1rios m\u00ednimos. Atualmente, a taxa de juros do Fies \u00e9 de 6,5% ao ano.<\/p>\n<p>O risco do financiamento, que atualmente \u00e9 apenas do governo, ser\u00e1 compartilhado com as universidades privadas. \u201cNo mundo todo, as universidades compartilham o custo com o governo. Aqui, grande parte do risco da inadimpl\u00eancia ficava concentrada no Tesouro Nacional, agora se corrige isso\u201d, explicou Mansueto. Segundo ele, o governo vai colocar R$ 2 bilh\u00f5es nos pr\u00f3ximos quatro anos para o Fundo de Garantia de Opera\u00e7\u00f5es de Cr\u00e9dito Educativo (Fgeduc).<\/p>\n<p>Outra mudan\u00e7a anunciada hoje foi a fixa\u00e7\u00e3o de um limite m\u00e9dio de 10% da renda do trabalhador para o pagamento do Fies, no caso do financiamento com recursos p\u00fablicos. Atualmente, n\u00e3o h\u00e1 limite para o endividamento dos alunos. \u201cO Fies n\u00e3o \u00e9 o \u00fanico item consign\u00e1vel, o trabalhador pode consignar para outros fins, at\u00e9 para cr\u00e9dito pessoal. Ent\u00e3o, n\u00e3o faz sentido o Fies comprometer mais do que isso. No Fies antigo, n\u00e3o havia limite, agora vai ter esse limite m\u00e9dio de 10%\u201d, explicou o ministro da Educa\u00e7\u00e3o, Mendon\u00e7a Filho.<\/p>\n<p>O MEC ainda n\u00e3o definiu quais os cursos ser\u00e3o priorizados nas ofertas de vagas do Fies, mas Mendon\u00e7a Filho disse que o minist\u00e9rio dever\u00e1 enfatizar as \u00e1reas que possam gerar melhor renda e tenham maior demanda do mercado de trabalho.<\/p>\n<p>As novas regras do Fies v\u00e3o valer apenas para contratos firmados a partir do ano que vem. Neste semestre, o MEC vai oferecer 75 mil novas vagas de contratos de financiamento, ainda com as regras atuais: podem participar os estudantes com que fizeram o Exame Nacional do Ensino M\u00e9dio (Enem) 2016 e tiveram m\u00e9dia das notas igual ou superior a 450 pontos e nota na reda\u00e7\u00e3o superior a zero. O estudante tamb\u00e9m precisa ter renda familiar mensal bruta per capita de at\u00e9 tr\u00eas sal\u00e1rios m\u00ednimos.<\/p>\n<p>Segundo o Minist\u00e9rio da Educa\u00e7\u00e3o, atualmente h\u00e1 mais de 2,5 milh\u00f5es de contratos ativos no Fies.<\/p>\n<p><strong>Fundos Regionais<\/strong><\/p>\n<p>A segunda modalidade de financiamento do Fies ser\u00e1 destinada a alunos com renda familiar per capita de at\u00e9 cinco sal\u00e1rios m\u00ednimos. A fonte de recursos ser\u00e3o os fundos constitucionais regionais, com juros baixos e risco de inadimpl\u00eancia assumido pelos bancos. Ser\u00e3o ofertadas 150 mil vagas em 2018 para as regi\u00f5es Norte, Nordeste e Centro-Oeste.<\/p>\n<p>Na terceira modalidade, o Fies ter\u00e1 como fontes de recursos o Banco Nacional de Desenvolvimento Econ\u00f4mico e Social (BNDES) e os fundos regionais de desenvolvimento das regi\u00f5es Norte, Nordeste e Centro-Oeste, com juros baixos, tamb\u00e9m para estudantes com renda familiar per capita mensal de at\u00e9 cinco sal\u00e1rios m\u00ednimos. O risco de cr\u00e9dito tamb\u00e9m ser\u00e1 dos bancos. Ser\u00e3o ofertadas 60 mil vagas no pr\u00f3ximo ano. Nessa modalidade, o MEC discute com o Minist\u00e9rio do Trabalho uma nova linha de financiamento que pode garantir mais 20 mil vagas adicionais em 2018.<\/p>\n<p>Segundo o ministro da Integra\u00e7\u00e3o Nacional, Helder Barbalho, n\u00e3o h\u00e1 risco de faltar recursos para apoiar os futuros projetos de desenvolvimento para as regi\u00f5es Norte, Nordeste e Centro-Oeste, pois a programa\u00e7\u00e3o financeira para os pr\u00f3ximos quatro anos \u00e9 mais do que suficiente para fazer frente \u00e0s demandas por financiamentos.<br \/>\n<\/p>\n","protected":false},"excerpt":{"rendered":"<p>Um dos novos tipos de empr\u00e9stimo ir\u00e1 oferecer 100 mil vagas por ano com juro zero Sabrina Craide \u2013 Rep\u00f3rter da Ag\u00eancia Brasil A partir do ano que vem, os estudantes universit\u00e1rios que financiarem o pagamento das mensalidades de faculdades privadas por meio do Financiamento Estudantil (Fies) v\u00e3o come\u00e7ar a pagar o empr\u00e9stimo assim que<\/p>\n","protected":false},"author":2,"featured_media":1371,"comment_status":"open","ping_status":"open","sticky":false,"template":"","format":"standard","meta":{"footnotes":""},"categories":[27,26,23],"tags":[],"class_list":["post-1370","post","type-post","status-publish","format-standard","has-post-thumbnail","hentry","category-brasil","category-destaque","category-goias"],"yoast_head":"<!-- This site is optimized with the Yoast SEO plugin v25.8 - https:\/\/yoast.com\/wordpress\/plugins\/seo\/ -->\n<title>Fies ser\u00e1 pago com desconto direto no sal\u00e1rio dos trabalhadores - Jornal Ultimos Acontecimentos<\/title>\n<meta name=\"robots\" content=\"index, follow, max-snippet:-1, max-image-preview:large, max-video-preview:-1\" \/>\n<link rel=\"canonical\" href=\"https:\/\/juacontecimentos.com.br\/site\/fies-sera-pago-com-desconto-direto-no-salario-dos-trabalhadores\/\" \/>\n<meta property=\"og:locale\" content=\"pt_BR\" \/>\n<meta property=\"og:type\" content=\"article\" \/>\n<meta property=\"og:title\" content=\"Fies ser\u00e1 pago com desconto direto no sal\u00e1rio dos trabalhadores - Jornal Ultimos Acontecimentos\" \/>\n<meta property=\"og:description\" content=\"Um dos novos tipos de empr\u00e9stimo ir\u00e1 oferecer 100 mil vagas por ano com juro zero Sabrina Craide \u2013 Rep\u00f3rter da Ag\u00eancia Brasil A partir do ano que vem, os estudantes universit\u00e1rios que financiarem o pagamento das mensalidades de faculdades privadas por meio do Financiamento Estudantil (Fies) v\u00e3o come\u00e7ar a pagar o empr\u00e9stimo assim que\" \/>\n<meta property=\"og:url\" content=\"https:\/\/juacontecimentos.com.br\/site\/fies-sera-pago-com-desconto-direto-no-salario-dos-trabalhadores\/\" \/>\n<meta property=\"og:site_name\" content=\"Jornal Ultimos Acontecimentos\" \/>\n<meta property=\"article:publisher\" content=\"https:\/\/www.facebook.com\/jultimosacontecimentos\/\" \/>\n<meta property=\"article:published_time\" content=\"2017-07-07T10:50:28+00:00\" \/>\n<meta property=\"og:image\" content=\"https:\/\/juacontecimentos.com.br\/site\/wp-content\/uploads\/2017\/07\/display-6.jpg\" \/>\n\t<meta property=\"og:image:width\" content=\"500\" \/>\n\t<meta property=\"og:image:height\" content=\"281\" \/>\n\t<meta property=\"og:image:type\" content=\"image\/jpeg\" \/>\n<meta name=\"author\" content=\"Reginaldo Ribeiro\" \/>\n<meta name=\"twitter:card\" content=\"summary_large_image\" \/>\n<meta name=\"twitter:label1\" content=\"Escrito por\" \/>\n\t<meta name=\"twitter:data1\" content=\"Reginaldo Ribeiro\" \/>\n\t<meta name=\"twitter:label2\" content=\"Est. tempo de leitura\" \/>\n\t<meta name=\"twitter:data2\" content=\"4 minutos\" \/>\n<script type=\"application\/ld+json\" class=\"yoast-schema-graph\">{\"@context\":\"https:\/\/schema.org\",\"@graph\":[{\"@type\":\"Article\",\"@id\":\"https:\/\/juacontecimentos.com.br\/site\/fies-sera-pago-com-desconto-direto-no-salario-dos-trabalhadores\/#article\",\"isPartOf\":{\"@id\":\"https:\/\/juacontecimentos.com.br\/site\/fies-sera-pago-com-desconto-direto-no-salario-dos-trabalhadores\/\"},\"author\":{\"name\":\"Reginaldo Ribeiro\",\"@id\":\"https:\/\/juacontecimentos.com.br\/site\/#\/schema\/person\/082a54e6d3fdd7a633291428521c9669\"},\"headline\":\"Fies ser\u00e1 pago com desconto direto no sal\u00e1rio dos trabalhadores\",\"datePublished\":\"2017-07-07T10:50:28+00:00\",\"mainEntityOfPage\":{\"@id\":\"https:\/\/juacontecimentos.com.br\/site\/fies-sera-pago-com-desconto-direto-no-salario-dos-trabalhadores\/\"},\"wordCount\":887,\"commentCount\":0,\"publisher\":{\"@id\":\"https:\/\/juacontecimentos.com.br\/site\/#organization\"},\"image\":{\"@id\":\"https:\/\/juacontecimentos.com.br\/site\/fies-sera-pago-com-desconto-direto-no-salario-dos-trabalhadores\/#primaryimage\"},\"thumbnailUrl\":\"https:\/\/juacontecimentos.com.br\/site\/wp-content\/uploads\/2017\/07\/display-6.jpg\",\"articleSection\":[\"Brasil\",\"Destaque\",\"Goi\u00e1s\"],\"inLanguage\":\"pt-BR\"},{\"@type\":\"WebPage\",\"@id\":\"https:\/\/juacontecimentos.com.br\/site\/fies-sera-pago-com-desconto-direto-no-salario-dos-trabalhadores\/\",\"url\":\"https:\/\/juacontecimentos.com.br\/site\/fies-sera-pago-com-desconto-direto-no-salario-dos-trabalhadores\/\",\"name\":\"Fies ser\u00e1 pago com desconto direto no sal\u00e1rio dos trabalhadores - Jornal Ultimos Acontecimentos\",\"isPartOf\":{\"@id\":\"https:\/\/juacontecimentos.com.br\/site\/#website\"},\"primaryImageOfPage\":{\"@id\":\"https:\/\/juacontecimentos.com.br\/site\/fies-sera-pago-com-desconto-direto-no-salario-dos-trabalhadores\/#primaryimage\"},\"image\":{\"@id\":\"https:\/\/juacontecimentos.com.br\/site\/fies-sera-pago-com-desconto-direto-no-salario-dos-trabalhadores\/#primaryimage\"},\"thumbnailUrl\":\"https:\/\/juacontecimentos.com.br\/site\/wp-content\/uploads\/2017\/07\/display-6.jpg\",\"datePublished\":\"2017-07-07T10:50:28+00:00\",\"breadcrumb\":{\"@id\":\"https:\/\/juacontecimentos.com.br\/site\/fies-sera-pago-com-desconto-direto-no-salario-dos-trabalhadores\/#breadcrumb\"},\"inLanguage\":\"pt-BR\",\"potentialAction\":[{\"@type\":\"ReadAction\",\"target\":[\"https:\/\/juacontecimentos.com.br\/site\/fies-sera-pago-com-desconto-direto-no-salario-dos-trabalhadores\/\"]}]},{\"@type\":\"ImageObject\",\"inLanguage\":\"pt-BR\",\"@id\":\"https:\/\/juacontecimentos.com.br\/site\/fies-sera-pago-com-desconto-direto-no-salario-dos-trabalhadores\/#primaryimage\",\"url\":\"https:\/\/juacontecimentos.com.br\/site\/wp-content\/uploads\/2017\/07\/display-6.jpg\",\"contentUrl\":\"https:\/\/juacontecimentos.com.br\/site\/wp-content\/uploads\/2017\/07\/display-6.jpg\",\"width\":500,\"height\":281},{\"@type\":\"BreadcrumbList\",\"@id\":\"https:\/\/juacontecimentos.com.br\/site\/fies-sera-pago-com-desconto-direto-no-salario-dos-trabalhadores\/#breadcrumb\",\"itemListElement\":[{\"@type\":\"ListItem\",\"position\":1,\"name\":\"In\u00edcio\",\"item\":\"https:\/\/juacontecimentos.com.br\/site\/\"},{\"@type\":\"ListItem\",\"position\":2,\"name\":\"Fies ser\u00e1 pago com desconto direto no sal\u00e1rio dos trabalhadores\"}]},{\"@type\":\"WebSite\",\"@id\":\"https:\/\/juacontecimentos.com.br\/site\/#website\",\"url\":\"https:\/\/juacontecimentos.com.br\/site\/\",\"name\":\"Jornal Ultimos Acontecimentos\",\"description\":\"Catal\u00e3o e regi\u00e3o\",\"publisher\":{\"@id\":\"https:\/\/juacontecimentos.com.br\/site\/#organization\"},\"potentialAction\":[{\"@type\":\"SearchAction\",\"target\":{\"@type\":\"EntryPoint\",\"urlTemplate\":\"https:\/\/juacontecimentos.com.br\/site\/?s={search_term_string}\"},\"query-input\":{\"@type\":\"PropertyValueSpecification\",\"valueRequired\":true,\"valueName\":\"search_term_string\"}}],\"inLanguage\":\"pt-BR\"},{\"@type\":\"Organization\",\"@id\":\"https:\/\/juacontecimentos.com.br\/site\/#organization\",\"name\":\"Jornal Ultimos Acontecimentos\",\"url\":\"https:\/\/juacontecimentos.com.br\/site\/\",\"logo\":{\"@type\":\"ImageObject\",\"inLanguage\":\"pt-BR\",\"@id\":\"https:\/\/juacontecimentos.com.br\/site\/#\/schema\/logo\/image\/\",\"url\":\"https:\/\/juacontecimentos.com.br\/site\/wp-content\/uploads\/2023\/04\/Logo_Site.png\",\"contentUrl\":\"https:\/\/juacontecimentos.com.br\/site\/wp-content\/uploads\/2023\/04\/Logo_Site.png\",\"width\":2476,\"height\":530,\"caption\":\"Jornal Ultimos Acontecimentos\"},\"image\":{\"@id\":\"https:\/\/juacontecimentos.com.br\/site\/#\/schema\/logo\/image\/\"},\"sameAs\":[\"https:\/\/www.facebook.com\/jultimosacontecimentos\/\"]},{\"@type\":\"Person\",\"@id\":\"https:\/\/juacontecimentos.com.br\/site\/#\/schema\/person\/082a54e6d3fdd7a633291428521c9669\",\"name\":\"Reginaldo Ribeiro\",\"image\":{\"@type\":\"ImageObject\",\"inLanguage\":\"pt-BR\",\"@id\":\"https:\/\/juacontecimentos.com.br\/site\/#\/schema\/person\/image\/\",\"url\":\"https:\/\/secure.gravatar.com\/avatar\/5c16c6837c3490270a74d888c2a845728f06bdde1f8761de1de1d1d1ef82d12f?s=96&d=mm&r=g\",\"contentUrl\":\"https:\/\/secure.gravatar.com\/avatar\/5c16c6837c3490270a74d888c2a845728f06bdde1f8761de1de1d1d1ef82d12f?s=96&d=mm&r=g\",\"caption\":\"Reginaldo Ribeiro\"}}]}<\/script>\n<!-- \/ Yoast SEO plugin. -->","yoast_head_json":{"title":"Fies ser\u00e1 pago com desconto direto no sal\u00e1rio dos trabalhadores - Jornal Ultimos Acontecimentos","robots":{"index":"index","follow":"follow","max-snippet":"max-snippet:-1","max-image-preview":"max-image-preview:large","max-video-preview":"max-video-preview:-1"},"canonical":"https:\/\/juacontecimentos.com.br\/site\/fies-sera-pago-com-desconto-direto-no-salario-dos-trabalhadores\/","og_locale":"pt_BR","og_type":"article","og_title":"Fies ser\u00e1 pago com desconto direto no sal\u00e1rio dos trabalhadores - Jornal Ultimos Acontecimentos","og_description":"Um dos novos tipos de empr\u00e9stimo ir\u00e1 oferecer 100 mil vagas por ano com juro zero Sabrina Craide \u2013 Rep\u00f3rter da Ag\u00eancia Brasil A partir do ano que vem, os estudantes universit\u00e1rios que financiarem o pagamento das mensalidades de faculdades privadas por meio do Financiamento Estudantil (Fies) v\u00e3o come\u00e7ar a pagar o empr\u00e9stimo assim que","og_url":"https:\/\/juacontecimentos.com.br\/site\/fies-sera-pago-com-desconto-direto-no-salario-dos-trabalhadores\/","og_site_name":"Jornal Ultimos Acontecimentos","article_publisher":"https:\/\/www.facebook.com\/jultimosacontecimentos\/","article_published_time":"2017-07-07T10:50:28+00:00","og_image":[{"width":500,"height":281,"url":"https:\/\/juacontecimentos.com.br\/site\/wp-content\/uploads\/2017\/07\/display-6.jpg","type":"image\/jpeg"}],"author":"Reginaldo Ribeiro","twitter_card":"summary_large_image","twitter_misc":{"Escrito por":"Reginaldo Ribeiro","Est. tempo de leitura":"4 minutos"},"schema":{"@context":"https:\/\/schema.org","@graph":[{"@type":"Article","@id":"https:\/\/juacontecimentos.com.br\/site\/fies-sera-pago-com-desconto-direto-no-salario-dos-trabalhadores\/#article","isPartOf":{"@id":"https:\/\/juacontecimentos.com.br\/site\/fies-sera-pago-com-desconto-direto-no-salario-dos-trabalhadores\/"},"author":{"name":"Reginaldo Ribeiro","@id":"https:\/\/juacontecimentos.com.br\/site\/#\/schema\/person\/082a54e6d3fdd7a633291428521c9669"},"headline":"Fies ser\u00e1 pago com desconto direto no sal\u00e1rio dos trabalhadores","datePublished":"2017-07-07T10:50:28+00:00","mainEntityOfPage":{"@id":"https:\/\/juacontecimentos.com.br\/site\/fies-sera-pago-com-desconto-direto-no-salario-dos-trabalhadores\/"},"wordCount":887,"commentCount":0,"publisher":{"@id":"https:\/\/juacontecimentos.com.br\/site\/#organization"},"image":{"@id":"https:\/\/juacontecimentos.com.br\/site\/fies-sera-pago-com-desconto-direto-no-salario-dos-trabalhadores\/#primaryimage"},"thumbnailUrl":"https:\/\/juacontecimentos.com.br\/site\/wp-content\/uploads\/2017\/07\/display-6.jpg","articleSection":["Brasil","Destaque","Goi\u00e1s"],"inLanguage":"pt-BR"},{"@type":"WebPage","@id":"https:\/\/juacontecimentos.com.br\/site\/fies-sera-pago-com-desconto-direto-no-salario-dos-trabalhadores\/","url":"https:\/\/juacontecimentos.com.br\/site\/fies-sera-pago-com-desconto-direto-no-salario-dos-trabalhadores\/","name":"Fies ser\u00e1 pago com desconto direto no sal\u00e1rio dos trabalhadores - Jornal Ultimos Acontecimentos","isPartOf":{"@id":"https:\/\/juacontecimentos.com.br\/site\/#website"},"primaryImageOfPage":{"@id":"https:\/\/juacontecimentos.com.br\/site\/fies-sera-pago-com-desconto-direto-no-salario-dos-trabalhadores\/#primaryimage"},"image":{"@id":"https:\/\/juacontecimentos.com.br\/site\/fies-sera-pago-com-desconto-direto-no-salario-dos-trabalhadores\/#primaryimage"},"thumbnailUrl":"https:\/\/juacontecimentos.com.br\/site\/wp-content\/uploads\/2017\/07\/display-6.jpg","datePublished":"2017-07-07T10:50:28+00:00","breadcrumb":{"@id":"https:\/\/juacontecimentos.com.br\/site\/fies-sera-pago-com-desconto-direto-no-salario-dos-trabalhadores\/#breadcrumb"},"inLanguage":"pt-BR","potentialAction":[{"@type":"ReadAction","target":["https:\/\/juacontecimentos.com.br\/site\/fies-sera-pago-com-desconto-direto-no-salario-dos-trabalhadores\/"]}]},{"@type":"ImageObject","inLanguage":"pt-BR","@id":"https:\/\/juacontecimentos.com.br\/site\/fies-sera-pago-com-desconto-direto-no-salario-dos-trabalhadores\/#primaryimage","url":"https:\/\/juacontecimentos.com.br\/site\/wp-content\/uploads\/2017\/07\/display-6.jpg","contentUrl":"https:\/\/juacontecimentos.com.br\/site\/wp-content\/uploads\/2017\/07\/display-6.jpg","width":500,"height":281},{"@type":"BreadcrumbList","@id":"https:\/\/juacontecimentos.com.br\/site\/fies-sera-pago-com-desconto-direto-no-salario-dos-trabalhadores\/#breadcrumb","itemListElement":[{"@type":"ListItem","position":1,"name":"In\u00edcio","item":"https:\/\/juacontecimentos.com.br\/site\/"},{"@type":"ListItem","position":2,"name":"Fies ser\u00e1 pago com desconto direto no sal\u00e1rio dos trabalhadores"}]},{"@type":"WebSite","@id":"https:\/\/juacontecimentos.com.br\/site\/#website","url":"https:\/\/juacontecimentos.com.br\/site\/","name":"Jornal Ultimos Acontecimentos","description":"Catal\u00e3o e regi\u00e3o","publisher":{"@id":"https:\/\/juacontecimentos.com.br\/site\/#organization"},"potentialAction":[{"@type":"SearchAction","target":{"@type":"EntryPoint","urlTemplate":"https:\/\/juacontecimentos.com.br\/site\/?s={search_term_string}"},"query-input":{"@type":"PropertyValueSpecification","valueRequired":true,"valueName":"search_term_string"}}],"inLanguage":"pt-BR"},{"@type":"Organization","@id":"https:\/\/juacontecimentos.com.br\/site\/#organization","name":"Jornal Ultimos Acontecimentos","url":"https:\/\/juacontecimentos.com.br\/site\/","logo":{"@type":"ImageObject","inLanguage":"pt-BR","@id":"https:\/\/juacontecimentos.com.br\/site\/#\/schema\/logo\/image\/","url":"https:\/\/juacontecimentos.com.br\/site\/wp-content\/uploads\/2023\/04\/Logo_Site.png","contentUrl":"https:\/\/juacontecimentos.com.br\/site\/wp-content\/uploads\/2023\/04\/Logo_Site.png","width":2476,"height":530,"caption":"Jornal Ultimos Acontecimentos"},"image":{"@id":"https:\/\/juacontecimentos.com.br\/site\/#\/schema\/logo\/image\/"},"sameAs":["https:\/\/www.facebook.com\/jultimosacontecimentos\/"]},{"@type":"Person","@id":"https:\/\/juacontecimentos.com.br\/site\/#\/schema\/person\/082a54e6d3fdd7a633291428521c9669","name":"Reginaldo Ribeiro","image":{"@type":"ImageObject","inLanguage":"pt-BR","@id":"https:\/\/juacontecimentos.com.br\/site\/#\/schema\/person\/image\/","url":"https:\/\/secure.gravatar.com\/avatar\/5c16c6837c3490270a74d888c2a845728f06bdde1f8761de1de1d1d1ef82d12f?s=96&d=mm&r=g","contentUrl":"https:\/\/secure.gravatar.com\/avatar\/5c16c6837c3490270a74d888c2a845728f06bdde1f8761de1de1d1d1ef82d12f?s=96&d=mm&r=g","caption":"Reginaldo Ribeiro"}}]}},"_links":{"self":[{"href":"https:\/\/juacontecimentos.com.br\/site\/wp-json\/wp\/v2\/posts\/1370","targetHints":{"allow":["GET"]}}],"collection":[{"href":"https:\/\/juacontecimentos.com.br\/site\/wp-json\/wp\/v2\/posts"}],"about":[{"href":"https:\/\/juacontecimentos.com.br\/site\/wp-json\/wp\/v2\/types\/post"}],"author":[{"embeddable":true,"href":"https:\/\/juacontecimentos.com.br\/site\/wp-json\/wp\/v2\/users\/2"}],"replies":[{"embeddable":true,"href":"https:\/\/juacontecimentos.com.br\/site\/wp-json\/wp\/v2\/comments?post=1370"}],"version-history":[{"count":1,"href":"https:\/\/juacontecimentos.com.br\/site\/wp-json\/wp\/v2\/posts\/1370\/revisions"}],"predecessor-version":[{"id":1372,"href":"https:\/\/juacontecimentos.com.br\/site\/wp-json\/wp\/v2\/posts\/1370\/revisions\/1372"}],"wp:featuredmedia":[{"embeddable":true,"href":"https:\/\/juacontecimentos.com.br\/site\/wp-json\/wp\/v2\/media\/1371"}],"wp:attachment":[{"href":"https:\/\/juacontecimentos.com.br\/site\/wp-json\/wp\/v2\/media?parent=1370"}],"wp:term":[{"taxonomy":"category","embeddable":true,"href":"https:\/\/juacontecimentos.com.br\/site\/wp-json\/wp\/v2\/categories?post=1370"},{"taxonomy":"post_tag","embeddable":true,"href":"https:\/\/juacontecimentos.com.br\/site\/wp-json\/wp\/v2\/tags?post=1370"}],"curies":[{"name":"wp","href":"https:\/\/api.w.org\/{rel}","templated":true}]}}