{"id":13730,"date":"2021-03-18T05:14:37","date_gmt":"2021-03-18T08:14:37","guid":{"rendered":"https:\/\/juacontecimentos.com.br\/site\/?p=13730"},"modified":"2021-03-18T05:14:37","modified_gmt":"2021-03-18T08:14:37","slug":"prefeituras-se-dividem-sobre-seguir-ou-nao-novo-decreto-estadual-de-combate-covid-19","status":"publish","type":"post","link":"https:\/\/juacontecimentos.com.br\/site\/prefeituras-se-dividem-sobre-seguir-ou-nao-novo-decreto-estadual-de-combate-covid-19\/","title":{"rendered":"Prefeituras se dividem sobre seguir ou n\u00e3o novo decreto estadual de combate \u00e0 Covid-19"},"content":{"rendered":"<h3>Apesar de determina\u00e7\u00e3o do Estado, prefeituras se dividem sobre seguir ou n\u00e3o novo modelo de combate \u00e0 Covid-19; entre as grandes cidades, maioria diz que n\u00e3o vai<img loading=\"lazy\" decoding=\"async\" class=\"alignnone size-full wp-image-13731\" src=\"https:\/\/juacontecimentos.com.br\/site\/wp-content\/uploads\/2021\/03\/image-3-3.jpg\" alt=\"\" width=\"800\" height=\"533\" srcset=\"https:\/\/juacontecimentos.com.br\/site\/wp-content\/uploads\/2021\/03\/image-3-3.jpg 800w, https:\/\/juacontecimentos.com.br\/site\/wp-content\/uploads\/2021\/03\/image-3-3-300x200.jpg 300w, https:\/\/juacontecimentos.com.br\/site\/wp-content\/uploads\/2021\/03\/image-3-3-768x512.jpg 768w\" sizes=\"auto, (max-width: 800px) 100vw, 800px\" \/><\/h3>\n<p class=\"TEXTO\">Levantamento feito na tarde desta quarta-feira (17) mostra que muitas das maiores cidades em Goi\u00e1s e das principais por regi\u00e3o n\u00e3o querem seguir o decreto estadual que restabelece o sistema de revezamento das atividades econ\u00f4micas com 14 dias de suspens\u00e3o e 14 de libera\u00e7\u00e3o. Das 15 prefeituras consultadas, 10 disseram que v\u00e3o continuar com seus respectivos decretos municipais, defendendo que eles tamb\u00e9m s\u00e3o bastante restritivos, como Aparecida ou Goi\u00e2nia ou que atendem \u00e0s necessidades tanto sanit\u00e1rias como econ\u00f4micas, como \u00c1guas Lindas.<\/p>\n<p class=\"TEXTO\">Em live nas redes sociais, o prefeito de \u00c1guas Lindas, Lucas de Carvalho, disse que atender ao que determina o Estado prejudicaria a popula\u00e7\u00e3o local, pois, entre outros motivos, boa parte se desloca diariamente para o Distrito Federal a trabalho.<\/p>\n<p class=\"TEXTO\">De Formosa, o prefeito Gustavo Marques disse que a cidade vai seguir o decreto estadual a partir desta quinta (18) e lamenta ser, segundo ele, o \u00fanico munic\u00edpio da regi\u00e3o a adotar o revezamento. \u201cSomos o maior munic\u00edpio daqui, temos hospital, temos tudo, mas infelizmente somos os \u00fanicos daqui a seguir direito o decreto\u201d, comentou.<\/p>\n<p class=\"TEXTO\">Em Trindade, a assessoria do prefeito Marden J\u00fanior disse que ele est\u00e1 em reuni\u00f5es com diversos setores da sociedade para tomar uma decis\u00e3o em consenso, mas que at\u00e9 o momento o decreto municipal em vigor atende \u00e0 realidade epidemiol\u00f3gica local.<\/p>\n<p class=\"TEXTO\">A prefeitura de Aparecida diz que n\u00e3o quer conflito com o Estado, mas que vai manter o modelo de isolamento social intermitente por escalonamento regional por acreditar que, na pr\u00e1tica, o impacto \u00e9 o mesmo que o do revezamento 14&#215;14, mas atendendo melhor ao contexto da cidade. \u201cAl\u00e9m disso, v\u00e1rias atividades econ\u00f4micas n\u00e3o essenciais est\u00e3o com as atividades suspensas, independente do escalonamento.\u201d<\/p>\n<p>Fonte: O Popular<br \/>\n<\/p>\n","protected":false},"excerpt":{"rendered":"<p>Apesar de determina\u00e7\u00e3o do Estado, prefeituras se dividem sobre seguir ou n\u00e3o novo modelo de combate \u00e0 Covid-19; entre as grandes cidades, maioria diz que n\u00e3o vai Levantamento feito na tarde desta quarta-feira (17) mostra que muitas das maiores cidades em Goi\u00e1s e das principais por regi\u00e3o n\u00e3o querem seguir o decreto estadual que restabelece<\/p>\n","protected":false},"author":2,"featured_media":13731,"comment_status":"open","ping_status":"open","sticky":false,"template":"","format":"standard","meta":{"footnotes":""},"categories":[27,22,26,23],"tags":[],"class_list":["post-13730","post","type-post","status-publish","format-standard","has-post-thumbnail","hentry","category-brasil","category-catalao","category-destaque","category-goias"],"yoast_head":"<!-- This site is optimized with the Yoast SEO plugin v25.8 - https:\/\/yoast.com\/wordpress\/plugins\/seo\/ -->\n<title>Prefeituras se dividem sobre seguir ou n\u00e3o novo decreto estadual de combate \u00e0 Covid-19 - Jornal Ultimos Acontecimentos<\/title>\n<meta name=\"robots\" content=\"index, follow, max-snippet:-1, max-image-preview:large, max-video-preview:-1\" \/>\n<link rel=\"canonical\" href=\"https:\/\/juacontecimentos.com.br\/site\/prefeituras-se-dividem-sobre-seguir-ou-nao-novo-decreto-estadual-de-combate-covid-19\/\" \/>\n<meta property=\"og:locale\" content=\"pt_BR\" \/>\n<meta property=\"og:type\" content=\"article\" \/>\n<meta property=\"og:title\" content=\"Prefeituras se dividem sobre seguir ou n\u00e3o novo decreto estadual de combate \u00e0 Covid-19 - Jornal Ultimos Acontecimentos\" \/>\n<meta property=\"og:description\" content=\"Apesar de determina\u00e7\u00e3o do Estado, prefeituras se dividem sobre seguir ou n\u00e3o novo modelo de combate \u00e0 Covid-19; entre as grandes cidades, maioria diz que n\u00e3o vai Levantamento feito na tarde desta quarta-feira (17) mostra que muitas das maiores cidades em Goi\u00e1s e das principais por regi\u00e3o n\u00e3o querem seguir o decreto estadual que restabelece\" \/>\n<meta property=\"og:url\" content=\"https:\/\/juacontecimentos.com.br\/site\/prefeituras-se-dividem-sobre-seguir-ou-nao-novo-decreto-estadual-de-combate-covid-19\/\" \/>\n<meta property=\"og:site_name\" content=\"Jornal Ultimos Acontecimentos\" \/>\n<meta property=\"article:publisher\" content=\"https:\/\/www.facebook.com\/jultimosacontecimentos\/\" \/>\n<meta property=\"article:published_time\" content=\"2021-03-18T08:14:37+00:00\" \/>\n<meta property=\"og:image\" content=\"https:\/\/juacontecimentos.com.br\/site\/wp-content\/uploads\/2021\/03\/image-3-3.jpg\" \/>\n\t<meta property=\"og:image:width\" content=\"800\" \/>\n\t<meta property=\"og:image:height\" content=\"533\" \/>\n\t<meta property=\"og:image:type\" content=\"image\/jpeg\" \/>\n<meta name=\"author\" content=\"Reginaldo Ribeiro\" \/>\n<meta name=\"twitter:card\" content=\"summary_large_image\" \/>\n<meta name=\"twitter:label1\" content=\"Escrito por\" \/>\n\t<meta name=\"twitter:data1\" content=\"Reginaldo Ribeiro\" \/>\n\t<meta name=\"twitter:label2\" content=\"Est. tempo de leitura\" \/>\n\t<meta name=\"twitter:data2\" content=\"2 minutos\" \/>\n<script type=\"application\/ld+json\" class=\"yoast-schema-graph\">{\"@context\":\"https:\/\/schema.org\",\"@graph\":[{\"@type\":\"Article\",\"@id\":\"https:\/\/juacontecimentos.com.br\/site\/prefeituras-se-dividem-sobre-seguir-ou-nao-novo-decreto-estadual-de-combate-covid-19\/#article\",\"isPartOf\":{\"@id\":\"https:\/\/juacontecimentos.com.br\/site\/prefeituras-se-dividem-sobre-seguir-ou-nao-novo-decreto-estadual-de-combate-covid-19\/\"},\"author\":{\"name\":\"Reginaldo Ribeiro\",\"@id\":\"https:\/\/juacontecimentos.com.br\/site\/#\/schema\/person\/082a54e6d3fdd7a633291428521c9669\"},\"headline\":\"Prefeituras se dividem sobre seguir ou n\u00e3o novo decreto estadual de combate \u00e0 Covid-19\",\"datePublished\":\"2021-03-18T08:14:37+00:00\",\"mainEntityOfPage\":{\"@id\":\"https:\/\/juacontecimentos.com.br\/site\/prefeituras-se-dividem-sobre-seguir-ou-nao-novo-decreto-estadual-de-combate-covid-19\/\"},\"wordCount\":343,\"commentCount\":0,\"publisher\":{\"@id\":\"https:\/\/juacontecimentos.com.br\/site\/#organization\"},\"image\":{\"@id\":\"https:\/\/juacontecimentos.com.br\/site\/prefeituras-se-dividem-sobre-seguir-ou-nao-novo-decreto-estadual-de-combate-covid-19\/#primaryimage\"},\"thumbnailUrl\":\"https:\/\/juacontecimentos.com.br\/site\/wp-content\/uploads\/2021\/03\/image-3-3.jpg\",\"articleSection\":[\"Brasil\",\"Catal\u00e3o\",\"Destaque\",\"Goi\u00e1s\"],\"inLanguage\":\"pt-BR\"},{\"@type\":\"WebPage\",\"@id\":\"https:\/\/juacontecimentos.com.br\/site\/prefeituras-se-dividem-sobre-seguir-ou-nao-novo-decreto-estadual-de-combate-covid-19\/\",\"url\":\"https:\/\/juacontecimentos.com.br\/site\/prefeituras-se-dividem-sobre-seguir-ou-nao-novo-decreto-estadual-de-combate-covid-19\/\",\"name\":\"Prefeituras se dividem sobre seguir ou n\u00e3o novo decreto estadual de combate \u00e0 Covid-19 - Jornal Ultimos Acontecimentos\",\"isPartOf\":{\"@id\":\"https:\/\/juacontecimentos.com.br\/site\/#website\"},\"primaryImageOfPage\":{\"@id\":\"https:\/\/juacontecimentos.com.br\/site\/prefeituras-se-dividem-sobre-seguir-ou-nao-novo-decreto-estadual-de-combate-covid-19\/#primaryimage\"},\"image\":{\"@id\":\"https:\/\/juacontecimentos.com.br\/site\/prefeituras-se-dividem-sobre-seguir-ou-nao-novo-decreto-estadual-de-combate-covid-19\/#primaryimage\"},\"thumbnailUrl\":\"https:\/\/juacontecimentos.com.br\/site\/wp-content\/uploads\/2021\/03\/image-3-3.jpg\",\"datePublished\":\"2021-03-18T08:14:37+00:00\",\"breadcrumb\":{\"@id\":\"https:\/\/juacontecimentos.com.br\/site\/prefeituras-se-dividem-sobre-seguir-ou-nao-novo-decreto-estadual-de-combate-covid-19\/#breadcrumb\"},\"inLanguage\":\"pt-BR\",\"potentialAction\":[{\"@type\":\"ReadAction\",\"target\":[\"https:\/\/juacontecimentos.com.br\/site\/prefeituras-se-dividem-sobre-seguir-ou-nao-novo-decreto-estadual-de-combate-covid-19\/\"]}]},{\"@type\":\"ImageObject\",\"inLanguage\":\"pt-BR\",\"@id\":\"https:\/\/juacontecimentos.com.br\/site\/prefeituras-se-dividem-sobre-seguir-ou-nao-novo-decreto-estadual-de-combate-covid-19\/#primaryimage\",\"url\":\"https:\/\/juacontecimentos.com.br\/site\/wp-content\/uploads\/2021\/03\/image-3-3.jpg\",\"contentUrl\":\"https:\/\/juacontecimentos.com.br\/site\/wp-content\/uploads\/2021\/03\/image-3-3.jpg\",\"width\":800,\"height\":533},{\"@type\":\"BreadcrumbList\",\"@id\":\"https:\/\/juacontecimentos.com.br\/site\/prefeituras-se-dividem-sobre-seguir-ou-nao-novo-decreto-estadual-de-combate-covid-19\/#breadcrumb\",\"itemListElement\":[{\"@type\":\"ListItem\",\"position\":1,\"name\":\"In\u00edcio\",\"item\":\"https:\/\/juacontecimentos.com.br\/site\/\"},{\"@type\":\"ListItem\",\"position\":2,\"name\":\"Prefeituras se dividem sobre seguir ou n\u00e3o novo decreto estadual de combate \u00e0 Covid-19\"}]},{\"@type\":\"WebSite\",\"@id\":\"https:\/\/juacontecimentos.com.br\/site\/#website\",\"url\":\"https:\/\/juacontecimentos.com.br\/site\/\",\"name\":\"Jornal Ultimos Acontecimentos\",\"description\":\"Catal\u00e3o e regi\u00e3o\",\"publisher\":{\"@id\":\"https:\/\/juacontecimentos.com.br\/site\/#organization\"},\"potentialAction\":[{\"@type\":\"SearchAction\",\"target\":{\"@type\":\"EntryPoint\",\"urlTemplate\":\"https:\/\/juacontecimentos.com.br\/site\/?s={search_term_string}\"},\"query-input\":{\"@type\":\"PropertyValueSpecification\",\"valueRequired\":true,\"valueName\":\"search_term_string\"}}],\"inLanguage\":\"pt-BR\"},{\"@type\":\"Organization\",\"@id\":\"https:\/\/juacontecimentos.com.br\/site\/#organization\",\"name\":\"Jornal Ultimos Acontecimentos\",\"url\":\"https:\/\/juacontecimentos.com.br\/site\/\",\"logo\":{\"@type\":\"ImageObject\",\"inLanguage\":\"pt-BR\",\"@id\":\"https:\/\/juacontecimentos.com.br\/site\/#\/schema\/logo\/image\/\",\"url\":\"https:\/\/juacontecimentos.com.br\/site\/wp-content\/uploads\/2023\/04\/Logo_Site.png\",\"contentUrl\":\"https:\/\/juacontecimentos.com.br\/site\/wp-content\/uploads\/2023\/04\/Logo_Site.png\",\"width\":2476,\"height\":530,\"caption\":\"Jornal Ultimos Acontecimentos\"},\"image\":{\"@id\":\"https:\/\/juacontecimentos.com.br\/site\/#\/schema\/logo\/image\/\"},\"sameAs\":[\"https:\/\/www.facebook.com\/jultimosacontecimentos\/\"]},{\"@type\":\"Person\",\"@id\":\"https:\/\/juacontecimentos.com.br\/site\/#\/schema\/person\/082a54e6d3fdd7a633291428521c9669\",\"name\":\"Reginaldo Ribeiro\",\"image\":{\"@type\":\"ImageObject\",\"inLanguage\":\"pt-BR\",\"@id\":\"https:\/\/juacontecimentos.com.br\/site\/#\/schema\/person\/image\/\",\"url\":\"https:\/\/secure.gravatar.com\/avatar\/5c16c6837c3490270a74d888c2a845728f06bdde1f8761de1de1d1d1ef82d12f?s=96&d=mm&r=g\",\"contentUrl\":\"https:\/\/secure.gravatar.com\/avatar\/5c16c6837c3490270a74d888c2a845728f06bdde1f8761de1de1d1d1ef82d12f?s=96&d=mm&r=g\",\"caption\":\"Reginaldo Ribeiro\"}}]}<\/script>\n<!-- \/ Yoast SEO plugin. -->","yoast_head_json":{"title":"Prefeituras se dividem sobre seguir ou n\u00e3o novo decreto estadual de combate \u00e0 Covid-19 - Jornal Ultimos Acontecimentos","robots":{"index":"index","follow":"follow","max-snippet":"max-snippet:-1","max-image-preview":"max-image-preview:large","max-video-preview":"max-video-preview:-1"},"canonical":"https:\/\/juacontecimentos.com.br\/site\/prefeituras-se-dividem-sobre-seguir-ou-nao-novo-decreto-estadual-de-combate-covid-19\/","og_locale":"pt_BR","og_type":"article","og_title":"Prefeituras se dividem sobre seguir ou n\u00e3o novo decreto estadual de combate \u00e0 Covid-19 - Jornal Ultimos Acontecimentos","og_description":"Apesar de determina\u00e7\u00e3o do Estado, prefeituras se dividem sobre seguir ou n\u00e3o novo modelo de combate \u00e0 Covid-19; entre as grandes cidades, maioria diz que n\u00e3o vai Levantamento feito na tarde desta quarta-feira (17) mostra que muitas das maiores cidades em Goi\u00e1s e das principais por regi\u00e3o n\u00e3o querem seguir o decreto estadual que restabelece","og_url":"https:\/\/juacontecimentos.com.br\/site\/prefeituras-se-dividem-sobre-seguir-ou-nao-novo-decreto-estadual-de-combate-covid-19\/","og_site_name":"Jornal Ultimos Acontecimentos","article_publisher":"https:\/\/www.facebook.com\/jultimosacontecimentos\/","article_published_time":"2021-03-18T08:14:37+00:00","og_image":[{"width":800,"height":533,"url":"https:\/\/juacontecimentos.com.br\/site\/wp-content\/uploads\/2021\/03\/image-3-3.jpg","type":"image\/jpeg"}],"author":"Reginaldo Ribeiro","twitter_card":"summary_large_image","twitter_misc":{"Escrito por":"Reginaldo Ribeiro","Est. tempo de leitura":"2 minutos"},"schema":{"@context":"https:\/\/schema.org","@graph":[{"@type":"Article","@id":"https:\/\/juacontecimentos.com.br\/site\/prefeituras-se-dividem-sobre-seguir-ou-nao-novo-decreto-estadual-de-combate-covid-19\/#article","isPartOf":{"@id":"https:\/\/juacontecimentos.com.br\/site\/prefeituras-se-dividem-sobre-seguir-ou-nao-novo-decreto-estadual-de-combate-covid-19\/"},"author":{"name":"Reginaldo Ribeiro","@id":"https:\/\/juacontecimentos.com.br\/site\/#\/schema\/person\/082a54e6d3fdd7a633291428521c9669"},"headline":"Prefeituras se dividem sobre seguir ou n\u00e3o novo decreto estadual de combate \u00e0 Covid-19","datePublished":"2021-03-18T08:14:37+00:00","mainEntityOfPage":{"@id":"https:\/\/juacontecimentos.com.br\/site\/prefeituras-se-dividem-sobre-seguir-ou-nao-novo-decreto-estadual-de-combate-covid-19\/"},"wordCount":343,"commentCount":0,"publisher":{"@id":"https:\/\/juacontecimentos.com.br\/site\/#organization"},"image":{"@id":"https:\/\/juacontecimentos.com.br\/site\/prefeituras-se-dividem-sobre-seguir-ou-nao-novo-decreto-estadual-de-combate-covid-19\/#primaryimage"},"thumbnailUrl":"https:\/\/juacontecimentos.com.br\/site\/wp-content\/uploads\/2021\/03\/image-3-3.jpg","articleSection":["Brasil","Catal\u00e3o","Destaque","Goi\u00e1s"],"inLanguage":"pt-BR"},{"@type":"WebPage","@id":"https:\/\/juacontecimentos.com.br\/site\/prefeituras-se-dividem-sobre-seguir-ou-nao-novo-decreto-estadual-de-combate-covid-19\/","url":"https:\/\/juacontecimentos.com.br\/site\/prefeituras-se-dividem-sobre-seguir-ou-nao-novo-decreto-estadual-de-combate-covid-19\/","name":"Prefeituras se dividem sobre seguir ou n\u00e3o novo decreto estadual de combate \u00e0 Covid-19 - Jornal Ultimos Acontecimentos","isPartOf":{"@id":"https:\/\/juacontecimentos.com.br\/site\/#website"},"primaryImageOfPage":{"@id":"https:\/\/juacontecimentos.com.br\/site\/prefeituras-se-dividem-sobre-seguir-ou-nao-novo-decreto-estadual-de-combate-covid-19\/#primaryimage"},"image":{"@id":"https:\/\/juacontecimentos.com.br\/site\/prefeituras-se-dividem-sobre-seguir-ou-nao-novo-decreto-estadual-de-combate-covid-19\/#primaryimage"},"thumbnailUrl":"https:\/\/juacontecimentos.com.br\/site\/wp-content\/uploads\/2021\/03\/image-3-3.jpg","datePublished":"2021-03-18T08:14:37+00:00","breadcrumb":{"@id":"https:\/\/juacontecimentos.com.br\/site\/prefeituras-se-dividem-sobre-seguir-ou-nao-novo-decreto-estadual-de-combate-covid-19\/#breadcrumb"},"inLanguage":"pt-BR","potentialAction":[{"@type":"ReadAction","target":["https:\/\/juacontecimentos.com.br\/site\/prefeituras-se-dividem-sobre-seguir-ou-nao-novo-decreto-estadual-de-combate-covid-19\/"]}]},{"@type":"ImageObject","inLanguage":"pt-BR","@id":"https:\/\/juacontecimentos.com.br\/site\/prefeituras-se-dividem-sobre-seguir-ou-nao-novo-decreto-estadual-de-combate-covid-19\/#primaryimage","url":"https:\/\/juacontecimentos.com.br\/site\/wp-content\/uploads\/2021\/03\/image-3-3.jpg","contentUrl":"https:\/\/juacontecimentos.com.br\/site\/wp-content\/uploads\/2021\/03\/image-3-3.jpg","width":800,"height":533},{"@type":"BreadcrumbList","@id":"https:\/\/juacontecimentos.com.br\/site\/prefeituras-se-dividem-sobre-seguir-ou-nao-novo-decreto-estadual-de-combate-covid-19\/#breadcrumb","itemListElement":[{"@type":"ListItem","position":1,"name":"In\u00edcio","item":"https:\/\/juacontecimentos.com.br\/site\/"},{"@type":"ListItem","position":2,"name":"Prefeituras se dividem sobre seguir ou n\u00e3o novo decreto estadual de combate \u00e0 Covid-19"}]},{"@type":"WebSite","@id":"https:\/\/juacontecimentos.com.br\/site\/#website","url":"https:\/\/juacontecimentos.com.br\/site\/","name":"Jornal Ultimos Acontecimentos","description":"Catal\u00e3o e regi\u00e3o","publisher":{"@id":"https:\/\/juacontecimentos.com.br\/site\/#organization"},"potentialAction":[{"@type":"SearchAction","target":{"@type":"EntryPoint","urlTemplate":"https:\/\/juacontecimentos.com.br\/site\/?s={search_term_string}"},"query-input":{"@type":"PropertyValueSpecification","valueRequired":true,"valueName":"search_term_string"}}],"inLanguage":"pt-BR"},{"@type":"Organization","@id":"https:\/\/juacontecimentos.com.br\/site\/#organization","name":"Jornal Ultimos Acontecimentos","url":"https:\/\/juacontecimentos.com.br\/site\/","logo":{"@type":"ImageObject","inLanguage":"pt-BR","@id":"https:\/\/juacontecimentos.com.br\/site\/#\/schema\/logo\/image\/","url":"https:\/\/juacontecimentos.com.br\/site\/wp-content\/uploads\/2023\/04\/Logo_Site.png","contentUrl":"https:\/\/juacontecimentos.com.br\/site\/wp-content\/uploads\/2023\/04\/Logo_Site.png","width":2476,"height":530,"caption":"Jornal Ultimos Acontecimentos"},"image":{"@id":"https:\/\/juacontecimentos.com.br\/site\/#\/schema\/logo\/image\/"},"sameAs":["https:\/\/www.facebook.com\/jultimosacontecimentos\/"]},{"@type":"Person","@id":"https:\/\/juacontecimentos.com.br\/site\/#\/schema\/person\/082a54e6d3fdd7a633291428521c9669","name":"Reginaldo Ribeiro","image":{"@type":"ImageObject","inLanguage":"pt-BR","@id":"https:\/\/juacontecimentos.com.br\/site\/#\/schema\/person\/image\/","url":"https:\/\/secure.gravatar.com\/avatar\/5c16c6837c3490270a74d888c2a845728f06bdde1f8761de1de1d1d1ef82d12f?s=96&d=mm&r=g","contentUrl":"https:\/\/secure.gravatar.com\/avatar\/5c16c6837c3490270a74d888c2a845728f06bdde1f8761de1de1d1d1ef82d12f?s=96&d=mm&r=g","caption":"Reginaldo Ribeiro"}}]}},"_links":{"self":[{"href":"https:\/\/juacontecimentos.com.br\/site\/wp-json\/wp\/v2\/posts\/13730","targetHints":{"allow":["GET"]}}],"collection":[{"href":"https:\/\/juacontecimentos.com.br\/site\/wp-json\/wp\/v2\/posts"}],"about":[{"href":"https:\/\/juacontecimentos.com.br\/site\/wp-json\/wp\/v2\/types\/post"}],"author":[{"embeddable":true,"href":"https:\/\/juacontecimentos.com.br\/site\/wp-json\/wp\/v2\/users\/2"}],"replies":[{"embeddable":true,"href":"https:\/\/juacontecimentos.com.br\/site\/wp-json\/wp\/v2\/comments?post=13730"}],"version-history":[{"count":1,"href":"https:\/\/juacontecimentos.com.br\/site\/wp-json\/wp\/v2\/posts\/13730\/revisions"}],"predecessor-version":[{"id":13732,"href":"https:\/\/juacontecimentos.com.br\/site\/wp-json\/wp\/v2\/posts\/13730\/revisions\/13732"}],"wp:featuredmedia":[{"embeddable":true,"href":"https:\/\/juacontecimentos.com.br\/site\/wp-json\/wp\/v2\/media\/13731"}],"wp:attachment":[{"href":"https:\/\/juacontecimentos.com.br\/site\/wp-json\/wp\/v2\/media?parent=13730"}],"wp:term":[{"taxonomy":"category","embeddable":true,"href":"https:\/\/juacontecimentos.com.br\/site\/wp-json\/wp\/v2\/categories?post=13730"},{"taxonomy":"post_tag","embeddable":true,"href":"https:\/\/juacontecimentos.com.br\/site\/wp-json\/wp\/v2\/tags?post=13730"}],"curies":[{"name":"wp","href":"https:\/\/api.w.org\/{rel}","templated":true}]}}