{"id":13794,"date":"2021-03-23T11:13:42","date_gmt":"2021-03-23T14:13:42","guid":{"rendered":"https:\/\/juacontecimentos.com.br\/site\/?p=13794"},"modified":"2021-03-23T11:13:42","modified_gmt":"2021-03-23T14:13:42","slug":"instituto-mosaic-abre-inscricoes-para-terceira-edicao-do-edital-da-agua","status":"publish","type":"post","link":"https:\/\/juacontecimentos.com.br\/site\/instituto-mosaic-abre-inscricoes-para-terceira-edicao-do-edital-da-agua\/","title":{"rendered":"Instituto Mosaic abre inscri\u00e7\u00f5es para terceira edi\u00e7\u00e3o do Edital da \u00c1gua"},"content":{"rendered":"<h2 class=\"m_7527557802995513263xmsonormal\"><i><span>Neste ano, o programa ampliar\u00e1 o n\u00famero de projetos apoiados e \u00e1rea de abrang\u00eancia, incentivando projetos em solu\u00e7\u00f5es de \u00e1gua localmente<\/span><\/i><u><\/u><u><\/u><\/h2>\n<p><img loading=\"lazy\" decoding=\"async\" class=\"alignnone  wp-image-13795\" src=\"https:\/\/juacontecimentos.com.br\/site\/wp-content\/uploads\/2021\/03\/image004.jpg\" alt=\"\" width=\"585\" height=\"585\" srcset=\"https:\/\/juacontecimentos.com.br\/site\/wp-content\/uploads\/2021\/03\/image004.jpg 425w, https:\/\/juacontecimentos.com.br\/site\/wp-content\/uploads\/2021\/03\/image004-150x150.jpg 150w, https:\/\/juacontecimentos.com.br\/site\/wp-content\/uploads\/2021\/03\/image004-300x300.jpg 300w\" sizes=\"auto, (max-width: 585px) 100vw, 585px\" \/><\/p>\n<p style=\"font-weight: 400\">No Dia Mundial da \u00c1gua, 22 de mar\u00e7o, o Instituto Mosaic,\u00a0entidade social mantida pela Mosaic Fertilizantes, uma das maiores produtoras globais de fosfatados e pot\u00e1ssio combinados, por meio do Instituto Mosaic, abre as inscri\u00e7\u00f5es para a terceira edi\u00e7\u00e3o do Edital da \u00c1gua, que vai beneficiar projetos com at\u00e9 R$ 45 mil cada um, para desenvolvimento de suas atividades.<\/p>\n<p style=\"font-weight: 400\">\n<p style=\"font-weight: 400\">Neste ano, ser\u00e3o selecionadas 15 iniciativas, que poder\u00e3o abranger 32 munic\u00edpios brasileiros, garantindo maior alcance do edital, que visa apoiar a\u00e7\u00f5es transformadoras da comunidade para valorizar e incentivar as pr\u00e1ticas de gest\u00e3o da \u00e1gua com foco na disponibiliza\u00e7\u00e3o do recurso com qualidade para as gera\u00e7\u00f5es futuras.<\/p>\n<p style=\"font-weight: 400\">\n<p style=\"font-weight: 400\">N\u00f3s\u00a0queremos incentivar as boas pr\u00e1ticas de gest\u00e3o de nossos recursos h\u00eddricos, mobilizando e investindo em institui\u00e7\u00f5es que possuem iniciativas\u00a0ou ideias\u00a0para serem implementadas\u00a0e\u00a0auxiliar no desenvolvimento socioecon\u00f4mico das comunidades\u201d, comenta Paulo Eduardo Batista, diretor de Performance Social da Mosaic Fertilizantes.<\/p>\n<p style=\"font-weight: 400\">\n<p style=\"font-weight: 400\">Podem participar do Edital projetos de desenvolvimento cient\u00ed\ufb01co, pesquisa e teste de novas tecnologias para a boa gest\u00e3o da \u00e1gua, bem como propostas que engajem e bene\ufb01ciem diretamente comunidades, como iniciativas de recupera\u00e7\u00e3o de nascentes, instala\u00e7\u00e3o de sistemas de coleta de \u00e1guas pluviais, implanta\u00e7\u00e3o de sistemas tratamento e\/ou reuso, limpeza e conserva\u00e7\u00e3o de \u00e1reas preserva\u00e7\u00e3o permanente, entre outros.<\/p>\n<p style=\"font-weight: 400\">\n<p style=\"font-weight: 400\">A primeira edi\u00e7\u00e3o do Edital da \u00c1gua foi ganhadora de duas categorias do Pr\u00eamio Cases de Sucesso em \u00c1gua e Saneamento Ambiental 2019, realizado pela Rede Brasil do Pacto Global, da ONU, sendo reconhecida nas modalidades A\u00e7\u00e3o Coletiva e Prote\u00e7\u00e3o e Restaura\u00e7\u00e3o de Ecossistemas.<\/p>\n<p style=\"font-weight: 400\">\n<p style=\"font-weight: 400\"><strong>Inscri\u00e7\u00f5es Edital da \u00c1gua<\/strong><\/p>\n<p style=\"font-weight: 400\"><strong>Prazo:<\/strong>\u00a0de 22 de mar\u00e7o, Dia Mundial da \u00c1gua, at\u00e9 as 18h de 23 de abril<\/p>\n<p style=\"font-weight: 400\"><strong>Cidades:\u00a0<\/strong>Bahia (BA): Barreiras | Candeias; Goi\u00e1s (GO): An\u00e1polis | Catal\u00e3o | Ouvidor | Rio Verde;<strong>\u00a0<\/strong>Maranh\u00e3o (MA): S\u00e3o Luis; Mato Grosso (MT): Rondon\u00f3polis | Sorriso; Mato Grosso do Sul (MS): Campo Grande; Minas Gerais (MG): Arax\u00e1 | Alfenas | Conquista | Delta | Patos de Minas | Patroc\u00ednio | Sacramento | Tapira | Uberaba;<strong>\u00a0<\/strong>Paran\u00e1 (PR): Paranagu\u00e1;<strong>\u00a0<\/strong>Santa Catarina (SC): S\u00e3o Francisco do Sul; S\u00e3o Paulo (SP): Campinas | Cajati | Cubat\u00e3o | Pariquera-a\u00e7u | Registro Jacupiranga | S\u00e3o Paulo; Sergipe (SE): Barra dos Coqueiros | Capela | General Maynard Japaratuba | Ros\u00e1rio do Catete; e Rio Grande do Sul (RS): Rio Grande<\/p>\n<p style=\"font-weight: 400\"><strong>Processo:<\/strong>\u00a0preencher o formul\u00e1rio de inscri\u00e7\u00e3o, a planilha de or\u00e7amento e cronograma do projeto, dispon\u00edveis em\u00a0<a href=\"https:\/\/urldefense.com\/v3\/__http:\/www.mosaicco.com.br__;!!HhhKMSGjjQV-!rB6Mg_kc66oPhSKTcje48qqgycKAHJAG4sV0z7ERTfBsSaTyTtgHhXcCbAhTgg$\">www.mosaicco.com.br<\/a>; reunir os documentos obrigat\u00f3rios e complementares; e enviar a documenta\u00e7\u00e3o ao IDIS (<a href=\"mailto:editalagua2021@idis.org.br\">editalagua2021@idis.org.br<\/a>), efetivando a inscri\u00e7\u00e3o.<\/p>\n<p style=\"font-weight: 400\">\n<p style=\"font-weight: 400\"><strong>Sobre Mosaic Fertilizantes<\/strong><\/p>\n<p style=\"font-weight: 400\">Com a miss\u00e3o de ajudar o mundo a produzir os alimentos de que precisa, a Mosaic atua da mina ao campo. A empresa entrega cerca de 27,2 milh\u00f5es de toneladas de fertilizantes ao ano para 40 pa\u00edses, sendo uma das maiores produtoras globais de fosfatados e pot\u00e1ssio combinados. No Brasil, por meio da Mosaic Fertilizantes, opera na minera\u00e7\u00e3o, produ\u00e7\u00e3o, importa\u00e7\u00e3o, comercializa\u00e7\u00e3o e distribui\u00e7\u00e3o de fertilizantes para aplica\u00e7\u00e3o em diversas culturas agr\u00edcolas, ingredientes para nutri\u00e7\u00e3o animal e produtos industriais. Presente em dez estados brasileiros e no Paraguai, a empresa promove a\u00e7\u00f5es que visam transformar a produtividade do campo, a realidade dos locais onde atua e a disponibilidade de alimentos no mundo. Para mais informa\u00e7\u00f5es, visite\u00a0<a href=\"https:\/\/nam03.safelinks.protection.outlook.com\/?url=http%3A%2F%2Fwww.mosaicco.com.br%2F&amp;data=02%7C01%7CRenata.Henriques%40mosaicco.com%7Cf9bb590c3b2e4303c6ad08d849137618%7C1273caf713b74a89b44a3967d45ba0a9%7C0%7C0%7C637339695229215601&amp;sdata=2Nlk2IrOMDKlk1oyu8w52lvOVdCUTupfxNhqOZmqJHs%3D&amp;reserved=0\">www.mosaicco.com.br<\/a>. Siga-nos no\u00a0<a href=\"https:\/\/nam03.safelinks.protection.outlook.com\/?url=https%3A%2F%2Fwww.facebook.com%2Fmosaicfertilizantes&amp;data=02%7C01%7CRenata.Henriques%40mosaicco.com%7Cf9bb590c3b2e4303c6ad08d849137618%7C1273caf713b74a89b44a3967d45ba0a9%7C0%7C0%7C637339695229220576&amp;sdata=DgW5bDXv5fXIMtYKE6KN4yH2l4o2AQBxKg8nd1fTQeg%3D&amp;reserved=0\">Facebook<\/a>,\u00a0<a href=\"https:\/\/nam03.safelinks.protection.outlook.com\/?url=https%3A%2F%2Fwww.instagram.com%2Fmosaicfertilizantes%2F&amp;data=02%7C01%7CRenata.Henriques%40mosaicco.com%7Cf9bb590c3b2e4303c6ad08d849137618%7C1273caf713b74a89b44a3967d45ba0a9%7C0%7C0%7C637339695229225567&amp;sdata=%2FVI8RIaRzKKq52gs%2FBoKdKKJWwrL%2Fhn4bHzQV77qhEg%3D&amp;reserved=0\">Instagram<\/a>\u00a0e\u00a0<a href=\"https:\/\/nam03.safelinks.protection.outlook.com\/?url=https%3A%2F%2Fwww.linkedin.com%2Fcompany%2Fmosaicbr%2F&amp;data=02%7C01%7CRenata.Henriques%40mosaicco.com%7Cf9bb590c3b2e4303c6ad08d849137618%7C1273caf713b74a89b44a3967d45ba0a9%7C0%7C0%7C637339695229230541&amp;sdata=Ne966Xsrx%2Bjcs5qupKKdHJx5DDvRaMwN5GRs9w5B5pI%3D&amp;reserved=0\">LinkedIn<\/a>.<\/p>\n<p><\/p>\n","protected":false},"excerpt":{"rendered":"<p>Neste ano, o programa ampliar\u00e1 o n\u00famero de projetos apoiados e \u00e1rea de abrang\u00eancia, incentivando projetos em solu\u00e7\u00f5es de \u00e1gua localmente No Dia Mundial da \u00c1gua, 22 de mar\u00e7o, o Instituto Mosaic,\u00a0entidade social mantida pela Mosaic Fertilizantes, uma das maiores produtoras globais de fosfatados e pot\u00e1ssio combinados, por meio do Instituto Mosaic, abre as inscri\u00e7\u00f5es<\/p>\n","protected":false},"author":2,"featured_media":13795,"comment_status":"open","ping_status":"open","sticky":false,"template":"","format":"standard","meta":{"footnotes":""},"categories":[27,22,26,23],"tags":[],"class_list":["post-13794","post","type-post","status-publish","format-standard","has-post-thumbnail","hentry","category-brasil","category-catalao","category-destaque","category-goias"],"yoast_head":"<!-- This site is optimized with the Yoast SEO plugin v25.8 - https:\/\/yoast.com\/wordpress\/plugins\/seo\/ -->\n<title>Instituto Mosaic abre inscri\u00e7\u00f5es para terceira edi\u00e7\u00e3o do Edital da \u00c1gua - Jornal Ultimos Acontecimentos<\/title>\n<meta name=\"robots\" content=\"index, follow, max-snippet:-1, max-image-preview:large, max-video-preview:-1\" \/>\n<link rel=\"canonical\" href=\"https:\/\/juacontecimentos.com.br\/site\/instituto-mosaic-abre-inscricoes-para-terceira-edicao-do-edital-da-agua\/\" \/>\n<meta property=\"og:locale\" content=\"pt_BR\" \/>\n<meta property=\"og:type\" content=\"article\" \/>\n<meta property=\"og:title\" content=\"Instituto Mosaic abre inscri\u00e7\u00f5es para terceira edi\u00e7\u00e3o do Edital da \u00c1gua - Jornal Ultimos Acontecimentos\" \/>\n<meta property=\"og:description\" content=\"Neste ano, o programa ampliar\u00e1 o n\u00famero de projetos apoiados e \u00e1rea de abrang\u00eancia, incentivando projetos em solu\u00e7\u00f5es de \u00e1gua localmente No Dia Mundial da \u00c1gua, 22 de mar\u00e7o, o Instituto Mosaic,\u00a0entidade social mantida pela Mosaic Fertilizantes, uma das maiores produtoras globais de fosfatados e pot\u00e1ssio combinados, por meio do Instituto Mosaic, abre as inscri\u00e7\u00f5es\" \/>\n<meta property=\"og:url\" content=\"https:\/\/juacontecimentos.com.br\/site\/instituto-mosaic-abre-inscricoes-para-terceira-edicao-do-edital-da-agua\/\" \/>\n<meta property=\"og:site_name\" content=\"Jornal Ultimos Acontecimentos\" \/>\n<meta property=\"article:publisher\" content=\"https:\/\/www.facebook.com\/jultimosacontecimentos\/\" \/>\n<meta property=\"article:published_time\" content=\"2021-03-23T14:13:42+00:00\" \/>\n<meta property=\"og:image\" content=\"https:\/\/juacontecimentos.com.br\/site\/wp-content\/uploads\/2021\/03\/image004.jpg\" \/>\n\t<meta property=\"og:image:width\" content=\"425\" \/>\n\t<meta property=\"og:image:height\" content=\"425\" \/>\n\t<meta property=\"og:image:type\" content=\"image\/jpeg\" \/>\n<meta name=\"author\" content=\"Reginaldo Ribeiro\" \/>\n<meta name=\"twitter:card\" content=\"summary_large_image\" \/>\n<meta name=\"twitter:label1\" content=\"Escrito por\" \/>\n\t<meta name=\"twitter:data1\" content=\"Reginaldo Ribeiro\" \/>\n\t<meta name=\"twitter:label2\" content=\"Est. tempo de leitura\" \/>\n\t<meta name=\"twitter:data2\" content=\"3 minutos\" \/>\n<script type=\"application\/ld+json\" class=\"yoast-schema-graph\">{\"@context\":\"https:\/\/schema.org\",\"@graph\":[{\"@type\":\"Article\",\"@id\":\"https:\/\/juacontecimentos.com.br\/site\/instituto-mosaic-abre-inscricoes-para-terceira-edicao-do-edital-da-agua\/#article\",\"isPartOf\":{\"@id\":\"https:\/\/juacontecimentos.com.br\/site\/instituto-mosaic-abre-inscricoes-para-terceira-edicao-do-edital-da-agua\/\"},\"author\":{\"name\":\"Reginaldo Ribeiro\",\"@id\":\"https:\/\/juacontecimentos.com.br\/site\/#\/schema\/person\/082a54e6d3fdd7a633291428521c9669\"},\"headline\":\"Instituto Mosaic abre inscri\u00e7\u00f5es para terceira edi\u00e7\u00e3o do Edital da \u00c1gua\",\"datePublished\":\"2021-03-23T14:13:42+00:00\",\"mainEntityOfPage\":{\"@id\":\"https:\/\/juacontecimentos.com.br\/site\/instituto-mosaic-abre-inscricoes-para-terceira-edicao-do-edital-da-agua\/\"},\"wordCount\":615,\"commentCount\":0,\"publisher\":{\"@id\":\"https:\/\/juacontecimentos.com.br\/site\/#organization\"},\"image\":{\"@id\":\"https:\/\/juacontecimentos.com.br\/site\/instituto-mosaic-abre-inscricoes-para-terceira-edicao-do-edital-da-agua\/#primaryimage\"},\"thumbnailUrl\":\"https:\/\/juacontecimentos.com.br\/site\/wp-content\/uploads\/2021\/03\/image004.jpg\",\"articleSection\":[\"Brasil\",\"Catal\u00e3o\",\"Destaque\",\"Goi\u00e1s\"],\"inLanguage\":\"pt-BR\"},{\"@type\":\"WebPage\",\"@id\":\"https:\/\/juacontecimentos.com.br\/site\/instituto-mosaic-abre-inscricoes-para-terceira-edicao-do-edital-da-agua\/\",\"url\":\"https:\/\/juacontecimentos.com.br\/site\/instituto-mosaic-abre-inscricoes-para-terceira-edicao-do-edital-da-agua\/\",\"name\":\"Instituto Mosaic abre inscri\u00e7\u00f5es para terceira edi\u00e7\u00e3o do Edital da \u00c1gua - Jornal Ultimos Acontecimentos\",\"isPartOf\":{\"@id\":\"https:\/\/juacontecimentos.com.br\/site\/#website\"},\"primaryImageOfPage\":{\"@id\":\"https:\/\/juacontecimentos.com.br\/site\/instituto-mosaic-abre-inscricoes-para-terceira-edicao-do-edital-da-agua\/#primaryimage\"},\"image\":{\"@id\":\"https:\/\/juacontecimentos.com.br\/site\/instituto-mosaic-abre-inscricoes-para-terceira-edicao-do-edital-da-agua\/#primaryimage\"},\"thumbnailUrl\":\"https:\/\/juacontecimentos.com.br\/site\/wp-content\/uploads\/2021\/03\/image004.jpg\",\"datePublished\":\"2021-03-23T14:13:42+00:00\",\"breadcrumb\":{\"@id\":\"https:\/\/juacontecimentos.com.br\/site\/instituto-mosaic-abre-inscricoes-para-terceira-edicao-do-edital-da-agua\/#breadcrumb\"},\"inLanguage\":\"pt-BR\",\"potentialAction\":[{\"@type\":\"ReadAction\",\"target\":[\"https:\/\/juacontecimentos.com.br\/site\/instituto-mosaic-abre-inscricoes-para-terceira-edicao-do-edital-da-agua\/\"]}]},{\"@type\":\"ImageObject\",\"inLanguage\":\"pt-BR\",\"@id\":\"https:\/\/juacontecimentos.com.br\/site\/instituto-mosaic-abre-inscricoes-para-terceira-edicao-do-edital-da-agua\/#primaryimage\",\"url\":\"https:\/\/juacontecimentos.com.br\/site\/wp-content\/uploads\/2021\/03\/image004.jpg\",\"contentUrl\":\"https:\/\/juacontecimentos.com.br\/site\/wp-content\/uploads\/2021\/03\/image004.jpg\",\"width\":425,\"height\":425},{\"@type\":\"BreadcrumbList\",\"@id\":\"https:\/\/juacontecimentos.com.br\/site\/instituto-mosaic-abre-inscricoes-para-terceira-edicao-do-edital-da-agua\/#breadcrumb\",\"itemListElement\":[{\"@type\":\"ListItem\",\"position\":1,\"name\":\"In\u00edcio\",\"item\":\"https:\/\/juacontecimentos.com.br\/site\/\"},{\"@type\":\"ListItem\",\"position\":2,\"name\":\"Instituto Mosaic abre inscri\u00e7\u00f5es para terceira edi\u00e7\u00e3o do Edital da \u00c1gua\"}]},{\"@type\":\"WebSite\",\"@id\":\"https:\/\/juacontecimentos.com.br\/site\/#website\",\"url\":\"https:\/\/juacontecimentos.com.br\/site\/\",\"name\":\"Jornal Ultimos Acontecimentos\",\"description\":\"Catal\u00e3o e regi\u00e3o\",\"publisher\":{\"@id\":\"https:\/\/juacontecimentos.com.br\/site\/#organization\"},\"potentialAction\":[{\"@type\":\"SearchAction\",\"target\":{\"@type\":\"EntryPoint\",\"urlTemplate\":\"https:\/\/juacontecimentos.com.br\/site\/?s={search_term_string}\"},\"query-input\":{\"@type\":\"PropertyValueSpecification\",\"valueRequired\":true,\"valueName\":\"search_term_string\"}}],\"inLanguage\":\"pt-BR\"},{\"@type\":\"Organization\",\"@id\":\"https:\/\/juacontecimentos.com.br\/site\/#organization\",\"name\":\"Jornal Ultimos Acontecimentos\",\"url\":\"https:\/\/juacontecimentos.com.br\/site\/\",\"logo\":{\"@type\":\"ImageObject\",\"inLanguage\":\"pt-BR\",\"@id\":\"https:\/\/juacontecimentos.com.br\/site\/#\/schema\/logo\/image\/\",\"url\":\"https:\/\/juacontecimentos.com.br\/site\/wp-content\/uploads\/2023\/04\/Logo_Site.png\",\"contentUrl\":\"https:\/\/juacontecimentos.com.br\/site\/wp-content\/uploads\/2023\/04\/Logo_Site.png\",\"width\":2476,\"height\":530,\"caption\":\"Jornal Ultimos Acontecimentos\"},\"image\":{\"@id\":\"https:\/\/juacontecimentos.com.br\/site\/#\/schema\/logo\/image\/\"},\"sameAs\":[\"https:\/\/www.facebook.com\/jultimosacontecimentos\/\"]},{\"@type\":\"Person\",\"@id\":\"https:\/\/juacontecimentos.com.br\/site\/#\/schema\/person\/082a54e6d3fdd7a633291428521c9669\",\"name\":\"Reginaldo Ribeiro\",\"image\":{\"@type\":\"ImageObject\",\"inLanguage\":\"pt-BR\",\"@id\":\"https:\/\/juacontecimentos.com.br\/site\/#\/schema\/person\/image\/\",\"url\":\"https:\/\/secure.gravatar.com\/avatar\/5c16c6837c3490270a74d888c2a845728f06bdde1f8761de1de1d1d1ef82d12f?s=96&d=mm&r=g\",\"contentUrl\":\"https:\/\/secure.gravatar.com\/avatar\/5c16c6837c3490270a74d888c2a845728f06bdde1f8761de1de1d1d1ef82d12f?s=96&d=mm&r=g\",\"caption\":\"Reginaldo Ribeiro\"}}]}<\/script>\n<!-- \/ Yoast SEO plugin. -->","yoast_head_json":{"title":"Instituto Mosaic abre inscri\u00e7\u00f5es para terceira edi\u00e7\u00e3o do Edital da \u00c1gua - Jornal Ultimos Acontecimentos","robots":{"index":"index","follow":"follow","max-snippet":"max-snippet:-1","max-image-preview":"max-image-preview:large","max-video-preview":"max-video-preview:-1"},"canonical":"https:\/\/juacontecimentos.com.br\/site\/instituto-mosaic-abre-inscricoes-para-terceira-edicao-do-edital-da-agua\/","og_locale":"pt_BR","og_type":"article","og_title":"Instituto Mosaic abre inscri\u00e7\u00f5es para terceira edi\u00e7\u00e3o do Edital da \u00c1gua - Jornal Ultimos Acontecimentos","og_description":"Neste ano, o programa ampliar\u00e1 o n\u00famero de projetos apoiados e \u00e1rea de abrang\u00eancia, incentivando projetos em solu\u00e7\u00f5es de \u00e1gua localmente No Dia Mundial da \u00c1gua, 22 de mar\u00e7o, o Instituto Mosaic,\u00a0entidade social mantida pela Mosaic Fertilizantes, uma das maiores produtoras globais de fosfatados e pot\u00e1ssio combinados, por meio do Instituto Mosaic, abre as inscri\u00e7\u00f5es","og_url":"https:\/\/juacontecimentos.com.br\/site\/instituto-mosaic-abre-inscricoes-para-terceira-edicao-do-edital-da-agua\/","og_site_name":"Jornal Ultimos Acontecimentos","article_publisher":"https:\/\/www.facebook.com\/jultimosacontecimentos\/","article_published_time":"2021-03-23T14:13:42+00:00","og_image":[{"width":425,"height":425,"url":"https:\/\/juacontecimentos.com.br\/site\/wp-content\/uploads\/2021\/03\/image004.jpg","type":"image\/jpeg"}],"author":"Reginaldo Ribeiro","twitter_card":"summary_large_image","twitter_misc":{"Escrito por":"Reginaldo Ribeiro","Est. tempo de leitura":"3 minutos"},"schema":{"@context":"https:\/\/schema.org","@graph":[{"@type":"Article","@id":"https:\/\/juacontecimentos.com.br\/site\/instituto-mosaic-abre-inscricoes-para-terceira-edicao-do-edital-da-agua\/#article","isPartOf":{"@id":"https:\/\/juacontecimentos.com.br\/site\/instituto-mosaic-abre-inscricoes-para-terceira-edicao-do-edital-da-agua\/"},"author":{"name":"Reginaldo Ribeiro","@id":"https:\/\/juacontecimentos.com.br\/site\/#\/schema\/person\/082a54e6d3fdd7a633291428521c9669"},"headline":"Instituto Mosaic abre inscri\u00e7\u00f5es para terceira edi\u00e7\u00e3o do Edital da \u00c1gua","datePublished":"2021-03-23T14:13:42+00:00","mainEntityOfPage":{"@id":"https:\/\/juacontecimentos.com.br\/site\/instituto-mosaic-abre-inscricoes-para-terceira-edicao-do-edital-da-agua\/"},"wordCount":615,"commentCount":0,"publisher":{"@id":"https:\/\/juacontecimentos.com.br\/site\/#organization"},"image":{"@id":"https:\/\/juacontecimentos.com.br\/site\/instituto-mosaic-abre-inscricoes-para-terceira-edicao-do-edital-da-agua\/#primaryimage"},"thumbnailUrl":"https:\/\/juacontecimentos.com.br\/site\/wp-content\/uploads\/2021\/03\/image004.jpg","articleSection":["Brasil","Catal\u00e3o","Destaque","Goi\u00e1s"],"inLanguage":"pt-BR"},{"@type":"WebPage","@id":"https:\/\/juacontecimentos.com.br\/site\/instituto-mosaic-abre-inscricoes-para-terceira-edicao-do-edital-da-agua\/","url":"https:\/\/juacontecimentos.com.br\/site\/instituto-mosaic-abre-inscricoes-para-terceira-edicao-do-edital-da-agua\/","name":"Instituto Mosaic abre inscri\u00e7\u00f5es para terceira edi\u00e7\u00e3o do Edital da \u00c1gua - Jornal Ultimos Acontecimentos","isPartOf":{"@id":"https:\/\/juacontecimentos.com.br\/site\/#website"},"primaryImageOfPage":{"@id":"https:\/\/juacontecimentos.com.br\/site\/instituto-mosaic-abre-inscricoes-para-terceira-edicao-do-edital-da-agua\/#primaryimage"},"image":{"@id":"https:\/\/juacontecimentos.com.br\/site\/instituto-mosaic-abre-inscricoes-para-terceira-edicao-do-edital-da-agua\/#primaryimage"},"thumbnailUrl":"https:\/\/juacontecimentos.com.br\/site\/wp-content\/uploads\/2021\/03\/image004.jpg","datePublished":"2021-03-23T14:13:42+00:00","breadcrumb":{"@id":"https:\/\/juacontecimentos.com.br\/site\/instituto-mosaic-abre-inscricoes-para-terceira-edicao-do-edital-da-agua\/#breadcrumb"},"inLanguage":"pt-BR","potentialAction":[{"@type":"ReadAction","target":["https:\/\/juacontecimentos.com.br\/site\/instituto-mosaic-abre-inscricoes-para-terceira-edicao-do-edital-da-agua\/"]}]},{"@type":"ImageObject","inLanguage":"pt-BR","@id":"https:\/\/juacontecimentos.com.br\/site\/instituto-mosaic-abre-inscricoes-para-terceira-edicao-do-edital-da-agua\/#primaryimage","url":"https:\/\/juacontecimentos.com.br\/site\/wp-content\/uploads\/2021\/03\/image004.jpg","contentUrl":"https:\/\/juacontecimentos.com.br\/site\/wp-content\/uploads\/2021\/03\/image004.jpg","width":425,"height":425},{"@type":"BreadcrumbList","@id":"https:\/\/juacontecimentos.com.br\/site\/instituto-mosaic-abre-inscricoes-para-terceira-edicao-do-edital-da-agua\/#breadcrumb","itemListElement":[{"@type":"ListItem","position":1,"name":"In\u00edcio","item":"https:\/\/juacontecimentos.com.br\/site\/"},{"@type":"ListItem","position":2,"name":"Instituto Mosaic abre inscri\u00e7\u00f5es para terceira edi\u00e7\u00e3o do Edital da \u00c1gua"}]},{"@type":"WebSite","@id":"https:\/\/juacontecimentos.com.br\/site\/#website","url":"https:\/\/juacontecimentos.com.br\/site\/","name":"Jornal Ultimos Acontecimentos","description":"Catal\u00e3o e regi\u00e3o","publisher":{"@id":"https:\/\/juacontecimentos.com.br\/site\/#organization"},"potentialAction":[{"@type":"SearchAction","target":{"@type":"EntryPoint","urlTemplate":"https:\/\/juacontecimentos.com.br\/site\/?s={search_term_string}"},"query-input":{"@type":"PropertyValueSpecification","valueRequired":true,"valueName":"search_term_string"}}],"inLanguage":"pt-BR"},{"@type":"Organization","@id":"https:\/\/juacontecimentos.com.br\/site\/#organization","name":"Jornal Ultimos Acontecimentos","url":"https:\/\/juacontecimentos.com.br\/site\/","logo":{"@type":"ImageObject","inLanguage":"pt-BR","@id":"https:\/\/juacontecimentos.com.br\/site\/#\/schema\/logo\/image\/","url":"https:\/\/juacontecimentos.com.br\/site\/wp-content\/uploads\/2023\/04\/Logo_Site.png","contentUrl":"https:\/\/juacontecimentos.com.br\/site\/wp-content\/uploads\/2023\/04\/Logo_Site.png","width":2476,"height":530,"caption":"Jornal Ultimos Acontecimentos"},"image":{"@id":"https:\/\/juacontecimentos.com.br\/site\/#\/schema\/logo\/image\/"},"sameAs":["https:\/\/www.facebook.com\/jultimosacontecimentos\/"]},{"@type":"Person","@id":"https:\/\/juacontecimentos.com.br\/site\/#\/schema\/person\/082a54e6d3fdd7a633291428521c9669","name":"Reginaldo Ribeiro","image":{"@type":"ImageObject","inLanguage":"pt-BR","@id":"https:\/\/juacontecimentos.com.br\/site\/#\/schema\/person\/image\/","url":"https:\/\/secure.gravatar.com\/avatar\/5c16c6837c3490270a74d888c2a845728f06bdde1f8761de1de1d1d1ef82d12f?s=96&d=mm&r=g","contentUrl":"https:\/\/secure.gravatar.com\/avatar\/5c16c6837c3490270a74d888c2a845728f06bdde1f8761de1de1d1d1ef82d12f?s=96&d=mm&r=g","caption":"Reginaldo Ribeiro"}}]}},"_links":{"self":[{"href":"https:\/\/juacontecimentos.com.br\/site\/wp-json\/wp\/v2\/posts\/13794","targetHints":{"allow":["GET"]}}],"collection":[{"href":"https:\/\/juacontecimentos.com.br\/site\/wp-json\/wp\/v2\/posts"}],"about":[{"href":"https:\/\/juacontecimentos.com.br\/site\/wp-json\/wp\/v2\/types\/post"}],"author":[{"embeddable":true,"href":"https:\/\/juacontecimentos.com.br\/site\/wp-json\/wp\/v2\/users\/2"}],"replies":[{"embeddable":true,"href":"https:\/\/juacontecimentos.com.br\/site\/wp-json\/wp\/v2\/comments?post=13794"}],"version-history":[{"count":1,"href":"https:\/\/juacontecimentos.com.br\/site\/wp-json\/wp\/v2\/posts\/13794\/revisions"}],"predecessor-version":[{"id":13796,"href":"https:\/\/juacontecimentos.com.br\/site\/wp-json\/wp\/v2\/posts\/13794\/revisions\/13796"}],"wp:featuredmedia":[{"embeddable":true,"href":"https:\/\/juacontecimentos.com.br\/site\/wp-json\/wp\/v2\/media\/13795"}],"wp:attachment":[{"href":"https:\/\/juacontecimentos.com.br\/site\/wp-json\/wp\/v2\/media?parent=13794"}],"wp:term":[{"taxonomy":"category","embeddable":true,"href":"https:\/\/juacontecimentos.com.br\/site\/wp-json\/wp\/v2\/categories?post=13794"},{"taxonomy":"post_tag","embeddable":true,"href":"https:\/\/juacontecimentos.com.br\/site\/wp-json\/wp\/v2\/tags?post=13794"}],"curies":[{"name":"wp","href":"https:\/\/api.w.org\/{rel}","templated":true}]}}