{"id":13845,"date":"2021-03-25T09:40:37","date_gmt":"2021-03-25T12:40:37","guid":{"rendered":"https:\/\/juacontecimentos.com.br\/site\/?p=13845"},"modified":"2021-03-25T09:40:37","modified_gmt":"2021-03-25T12:40:37","slug":"proporcao-de-mortes-por-covid-19-entre-idosos-acima-de-80-anos-recua-em-goias","status":"publish","type":"post","link":"https:\/\/juacontecimentos.com.br\/site\/proporcao-de-mortes-por-covid-19-entre-idosos-acima-de-80-anos-recua-em-goias\/","title":{"rendered":"Propor\u00e7\u00e3o de mortes por Covid-19 entre idosos acima de 80 anos recua em Goi\u00e1s"},"content":{"rendered":"<h3>Em agosto de 2020, essa popula\u00e7\u00e3o respondia por 14% de todos os \u00f3bitos por Covid-19 em Goi\u00e1s, \u00edndice que caiu para 7% em mar\u00e7o<img loading=\"lazy\" decoding=\"async\" class=\"alignnone size-medium wp-image-13846\" src=\"https:\/\/juacontecimentos.com.br\/site\/wp-content\/uploads\/2021\/03\/image-4-300x200.jpeg\" alt=\"\" width=\"300\" height=\"200\" srcset=\"https:\/\/juacontecimentos.com.br\/site\/wp-content\/uploads\/2021\/03\/image-4-300x200.jpeg 300w, https:\/\/juacontecimentos.com.br\/site\/wp-content\/uploads\/2021\/03\/image-4-768x513.jpeg 768w, https:\/\/juacontecimentos.com.br\/site\/wp-content\/uploads\/2021\/03\/image-4.jpeg 800w\" sizes=\"auto, (max-width: 300px) 100vw, 300px\" \/><\/h3>\n<p class=\"INTERTITULO\">A participa\u00e7\u00e3o de pessoas com mais de 80 anos &#8211; faixa et\u00e1ria que recebe a segunda dose da vacina em Goi\u00e1s &#8211; no total de mortes por Covid-19 no Estado est\u00e1 50% menor, em plena segunda onda da doen\u00e7a, que em agosto do ano passado, m\u00eas em que a doen\u00e7a atingiu seu pico em 2020, de acordo com dados do Registro Civil. Enquanto ao longo deste m\u00eas essa popula\u00e7\u00e3o representou 7% de todos os \u00f3bitos, em agosto de 2020 o n\u00famero era de 14,7%.<\/p>\n<p class=\"INTERTITULO\">A superintendente de Vigil\u00e2ncia em Sa\u00fade da Secretaria de Estado de Sa\u00fade de Goi\u00e1s (SES-GO), Fl\u00favia Amorim, afirma que tem notado leve queda nas interna\u00e7\u00f5es de pessoas a partir dessa faixa et\u00e1ria e tamb\u00e9m nas mortes. Mas explica que ainda n\u00e3o \u00e9 poss\u00edvel afirmar precisamente se essa redu\u00e7\u00e3o \u00e9 resultado de um isolamento social feito por essas pessoas e pelos familiares dela ou at\u00e9 pelo fato de que uma grande parte desse grupo et\u00e1rio j\u00e1 se infectou ao longo do ano passado. \u201cPrecisamos de mais tempo para afirmar com precis\u00e3o\u201d, afirma.<\/p>\n<p class=\"INTERTITULO\"><b>Vacina\u00e7\u00e3o<\/b><\/p>\n<p class=\"TEXTO\">A superintendente aponta ainda que, apesar da possibilidade da redu\u00e7\u00e3o ser efeito da vacina\u00e7\u00e3o, ainda n\u00e3o \u00e9 poss\u00edvel confirmar essa informa\u00e7\u00e3o. \u201cAinda \u00e9 cedo para dizer que \u00e9 por conta da imuniza\u00e7\u00e3o\u201d, esclarece. Segundo ela, \u00e9 necess\u00e1rio esperar um pouco mais de tempo para se notar com consist\u00eancia os efeitos positivos da vacina\u00e7\u00e3o. \u201cIsso porque \u00e9 necess\u00e1rio que eles tomem a segunda dose\u201d, esclarece. Entretanto, a superintendente aponta que as expectativas para os pr\u00f3ximos dias s\u00e3o de uma queda constante nesses n\u00fameros. \u201cAcreditamos que conseguiremos ver um impacto positivo do efeito da vacina\u00e7\u00e3o neste grupo daqui cerca de 20 dias\u201d, estima.<\/p>\n<p class=\"TEXTO\"><strong>Goi\u00e2nia tamb\u00e9m percebe queda<\/strong><\/p>\n<p class=\"TEXTO_DESTAQ\">Em Goi\u00e2nia, a Secretaria Municipal de Sa\u00fade (SMS) tamb\u00e9m percebeu uma queda na quantidade mortes entre pessoas com idade igual ou superior a 80 anos. O superintendente de Vigil\u00e2ncia em Sa\u00fade da capital, Yves Ternes, explica que o assunto foi discutindo inclusive na \u00faltima reuni\u00e3o do Centro de Opera\u00e7\u00f5es de Emerg\u00eancias (COE) em Sa\u00fade P\u00fablica de Goi\u00e2nia. \u201cFoi percept\u00edvel essa redu\u00e7\u00e3o\u201d, aponta.<\/p>\n<p class=\"TEXTO_DESTAQ\">Ternes, assim com a superintendente de Vigil\u00e2ncia em Sa\u00fade da Secretaria de Estado de Sa\u00fade de Goi\u00e1s (SES-GO), Fl\u00favia Amorim, acredita que, por enquanto, a vacina\u00e7\u00e3o ainda n\u00e3o surtiu tanto efeito na redu\u00e7\u00e3o desse n\u00famero, mas que nas pr\u00f3ximas semanas ela deva ser respons\u00e1vel por uma queda em mortes e hospitaliza\u00e7\u00f5es. \u201cAgora que estamos come\u00e7ando a aplicar a segunda dose nessa popula\u00e7\u00e3o\u201d, afirma.<\/p>\n<p class=\"TEXTO_DESTAQ\">Ternes acredita que, na capital, parte dessa redu\u00e7\u00e3o percebida pela Prefeitura se deu devido as medidas de isolamento adotadas pela administra\u00e7\u00e3o municipal. \u201cAcredito que o decreto tenha surtido efeito e essas pessoas estejam ficando mais em casa\u201d, aposta o superintendente.<img loading=\"lazy\" decoding=\"async\" class=\"alignnone size-medium wp-image-13847\" src=\"https:\/\/juacontecimentos.com.br\/site\/wp-content\/uploads\/2021\/03\/image-17-277x300.jpg\" alt=\"\" width=\"277\" height=\"300\" srcset=\"https:\/\/juacontecimentos.com.br\/site\/wp-content\/uploads\/2021\/03\/image-17-277x300.jpg 277w, https:\/\/juacontecimentos.com.br\/site\/wp-content\/uploads\/2021\/03\/image-17-768x832.jpg 768w, https:\/\/juacontecimentos.com.br\/site\/wp-content\/uploads\/2021\/03\/image-17.jpg 800w\" sizes=\"auto, (max-width: 277px) 100vw, 277px\" \/><\/p>\n<p><\/p>\n","protected":false},"excerpt":{"rendered":"<p>Em agosto de 2020, essa popula\u00e7\u00e3o respondia por 14% de todos os \u00f3bitos por Covid-19 em Goi\u00e1s, \u00edndice que caiu para 7% em mar\u00e7o A participa\u00e7\u00e3o de pessoas com mais de 80 anos &#8211; faixa et\u00e1ria que recebe a segunda dose da vacina em Goi\u00e1s &#8211; no total de mortes por Covid-19 no Estado est\u00e1<\/p>\n","protected":false},"author":2,"featured_media":13846,"comment_status":"open","ping_status":"open","sticky":false,"template":"","format":"standard","meta":{"footnotes":""},"categories":[27,22,26,23],"tags":[],"class_list":["post-13845","post","type-post","status-publish","format-standard","has-post-thumbnail","hentry","category-brasil","category-catalao","category-destaque","category-goias"],"yoast_head":"<!-- This site is optimized with the Yoast SEO plugin v25.8 - https:\/\/yoast.com\/wordpress\/plugins\/seo\/ -->\n<title>Propor\u00e7\u00e3o de mortes por Covid-19 entre idosos acima de 80 anos recua em Goi\u00e1s - Jornal Ultimos Acontecimentos<\/title>\n<meta name=\"robots\" content=\"index, follow, max-snippet:-1, max-image-preview:large, max-video-preview:-1\" \/>\n<link rel=\"canonical\" href=\"https:\/\/juacontecimentos.com.br\/site\/proporcao-de-mortes-por-covid-19-entre-idosos-acima-de-80-anos-recua-em-goias\/\" \/>\n<meta property=\"og:locale\" content=\"pt_BR\" \/>\n<meta property=\"og:type\" content=\"article\" \/>\n<meta property=\"og:title\" content=\"Propor\u00e7\u00e3o de mortes por Covid-19 entre idosos acima de 80 anos recua em Goi\u00e1s - Jornal Ultimos Acontecimentos\" \/>\n<meta property=\"og:description\" content=\"Em agosto de 2020, essa popula\u00e7\u00e3o respondia por 14% de todos os \u00f3bitos por Covid-19 em Goi\u00e1s, \u00edndice que caiu para 7% em mar\u00e7o A participa\u00e7\u00e3o de pessoas com mais de 80 anos &#8211; faixa et\u00e1ria que recebe a segunda dose da vacina em Goi\u00e1s &#8211; no total de mortes por Covid-19 no Estado est\u00e1\" \/>\n<meta property=\"og:url\" content=\"https:\/\/juacontecimentos.com.br\/site\/proporcao-de-mortes-por-covid-19-entre-idosos-acima-de-80-anos-recua-em-goias\/\" \/>\n<meta property=\"og:site_name\" content=\"Jornal Ultimos Acontecimentos\" \/>\n<meta property=\"article:publisher\" content=\"https:\/\/www.facebook.com\/jultimosacontecimentos\/\" \/>\n<meta property=\"article:published_time\" content=\"2021-03-25T12:40:37+00:00\" \/>\n<meta property=\"og:image\" content=\"https:\/\/juacontecimentos.com.br\/site\/wp-content\/uploads\/2021\/03\/image-4.jpeg\" \/>\n\t<meta property=\"og:image:width\" content=\"800\" \/>\n\t<meta property=\"og:image:height\" content=\"534\" \/>\n\t<meta property=\"og:image:type\" content=\"image\/jpeg\" \/>\n<meta name=\"author\" content=\"Reginaldo Ribeiro\" \/>\n<meta name=\"twitter:card\" content=\"summary_large_image\" \/>\n<meta name=\"twitter:label1\" content=\"Escrito por\" \/>\n\t<meta name=\"twitter:data1\" content=\"Reginaldo Ribeiro\" \/>\n\t<meta name=\"twitter:label2\" content=\"Est. tempo de leitura\" \/>\n\t<meta name=\"twitter:data2\" content=\"3 minutos\" \/>\n<script type=\"application\/ld+json\" class=\"yoast-schema-graph\">{\"@context\":\"https:\/\/schema.org\",\"@graph\":[{\"@type\":\"Article\",\"@id\":\"https:\/\/juacontecimentos.com.br\/site\/proporcao-de-mortes-por-covid-19-entre-idosos-acima-de-80-anos-recua-em-goias\/#article\",\"isPartOf\":{\"@id\":\"https:\/\/juacontecimentos.com.br\/site\/proporcao-de-mortes-por-covid-19-entre-idosos-acima-de-80-anos-recua-em-goias\/\"},\"author\":{\"name\":\"Reginaldo Ribeiro\",\"@id\":\"https:\/\/juacontecimentos.com.br\/site\/#\/schema\/person\/082a54e6d3fdd7a633291428521c9669\"},\"headline\":\"Propor\u00e7\u00e3o de mortes por Covid-19 entre idosos acima de 80 anos recua em Goi\u00e1s\",\"datePublished\":\"2021-03-25T12:40:37+00:00\",\"mainEntityOfPage\":{\"@id\":\"https:\/\/juacontecimentos.com.br\/site\/proporcao-de-mortes-por-covid-19-entre-idosos-acima-de-80-anos-recua-em-goias\/\"},\"wordCount\":538,\"commentCount\":0,\"publisher\":{\"@id\":\"https:\/\/juacontecimentos.com.br\/site\/#organization\"},\"image\":{\"@id\":\"https:\/\/juacontecimentos.com.br\/site\/proporcao-de-mortes-por-covid-19-entre-idosos-acima-de-80-anos-recua-em-goias\/#primaryimage\"},\"thumbnailUrl\":\"https:\/\/juacontecimentos.com.br\/site\/wp-content\/uploads\/2021\/03\/image-4.jpeg\",\"articleSection\":[\"Brasil\",\"Catal\u00e3o\",\"Destaque\",\"Goi\u00e1s\"],\"inLanguage\":\"pt-BR\"},{\"@type\":\"WebPage\",\"@id\":\"https:\/\/juacontecimentos.com.br\/site\/proporcao-de-mortes-por-covid-19-entre-idosos-acima-de-80-anos-recua-em-goias\/\",\"url\":\"https:\/\/juacontecimentos.com.br\/site\/proporcao-de-mortes-por-covid-19-entre-idosos-acima-de-80-anos-recua-em-goias\/\",\"name\":\"Propor\u00e7\u00e3o de mortes por Covid-19 entre idosos acima de 80 anos recua em Goi\u00e1s - Jornal Ultimos Acontecimentos\",\"isPartOf\":{\"@id\":\"https:\/\/juacontecimentos.com.br\/site\/#website\"},\"primaryImageOfPage\":{\"@id\":\"https:\/\/juacontecimentos.com.br\/site\/proporcao-de-mortes-por-covid-19-entre-idosos-acima-de-80-anos-recua-em-goias\/#primaryimage\"},\"image\":{\"@id\":\"https:\/\/juacontecimentos.com.br\/site\/proporcao-de-mortes-por-covid-19-entre-idosos-acima-de-80-anos-recua-em-goias\/#primaryimage\"},\"thumbnailUrl\":\"https:\/\/juacontecimentos.com.br\/site\/wp-content\/uploads\/2021\/03\/image-4.jpeg\",\"datePublished\":\"2021-03-25T12:40:37+00:00\",\"breadcrumb\":{\"@id\":\"https:\/\/juacontecimentos.com.br\/site\/proporcao-de-mortes-por-covid-19-entre-idosos-acima-de-80-anos-recua-em-goias\/#breadcrumb\"},\"inLanguage\":\"pt-BR\",\"potentialAction\":[{\"@type\":\"ReadAction\",\"target\":[\"https:\/\/juacontecimentos.com.br\/site\/proporcao-de-mortes-por-covid-19-entre-idosos-acima-de-80-anos-recua-em-goias\/\"]}]},{\"@type\":\"ImageObject\",\"inLanguage\":\"pt-BR\",\"@id\":\"https:\/\/juacontecimentos.com.br\/site\/proporcao-de-mortes-por-covid-19-entre-idosos-acima-de-80-anos-recua-em-goias\/#primaryimage\",\"url\":\"https:\/\/juacontecimentos.com.br\/site\/wp-content\/uploads\/2021\/03\/image-4.jpeg\",\"contentUrl\":\"https:\/\/juacontecimentos.com.br\/site\/wp-content\/uploads\/2021\/03\/image-4.jpeg\",\"width\":800,\"height\":534},{\"@type\":\"BreadcrumbList\",\"@id\":\"https:\/\/juacontecimentos.com.br\/site\/proporcao-de-mortes-por-covid-19-entre-idosos-acima-de-80-anos-recua-em-goias\/#breadcrumb\",\"itemListElement\":[{\"@type\":\"ListItem\",\"position\":1,\"name\":\"In\u00edcio\",\"item\":\"https:\/\/juacontecimentos.com.br\/site\/\"},{\"@type\":\"ListItem\",\"position\":2,\"name\":\"Propor\u00e7\u00e3o de mortes por Covid-19 entre idosos acima de 80 anos recua em Goi\u00e1s\"}]},{\"@type\":\"WebSite\",\"@id\":\"https:\/\/juacontecimentos.com.br\/site\/#website\",\"url\":\"https:\/\/juacontecimentos.com.br\/site\/\",\"name\":\"Jornal Ultimos Acontecimentos\",\"description\":\"Catal\u00e3o e regi\u00e3o\",\"publisher\":{\"@id\":\"https:\/\/juacontecimentos.com.br\/site\/#organization\"},\"potentialAction\":[{\"@type\":\"SearchAction\",\"target\":{\"@type\":\"EntryPoint\",\"urlTemplate\":\"https:\/\/juacontecimentos.com.br\/site\/?s={search_term_string}\"},\"query-input\":{\"@type\":\"PropertyValueSpecification\",\"valueRequired\":true,\"valueName\":\"search_term_string\"}}],\"inLanguage\":\"pt-BR\"},{\"@type\":\"Organization\",\"@id\":\"https:\/\/juacontecimentos.com.br\/site\/#organization\",\"name\":\"Jornal Ultimos Acontecimentos\",\"url\":\"https:\/\/juacontecimentos.com.br\/site\/\",\"logo\":{\"@type\":\"ImageObject\",\"inLanguage\":\"pt-BR\",\"@id\":\"https:\/\/juacontecimentos.com.br\/site\/#\/schema\/logo\/image\/\",\"url\":\"https:\/\/juacontecimentos.com.br\/site\/wp-content\/uploads\/2023\/04\/Logo_Site.png\",\"contentUrl\":\"https:\/\/juacontecimentos.com.br\/site\/wp-content\/uploads\/2023\/04\/Logo_Site.png\",\"width\":2476,\"height\":530,\"caption\":\"Jornal Ultimos Acontecimentos\"},\"image\":{\"@id\":\"https:\/\/juacontecimentos.com.br\/site\/#\/schema\/logo\/image\/\"},\"sameAs\":[\"https:\/\/www.facebook.com\/jultimosacontecimentos\/\"]},{\"@type\":\"Person\",\"@id\":\"https:\/\/juacontecimentos.com.br\/site\/#\/schema\/person\/082a54e6d3fdd7a633291428521c9669\",\"name\":\"Reginaldo Ribeiro\",\"image\":{\"@type\":\"ImageObject\",\"inLanguage\":\"pt-BR\",\"@id\":\"https:\/\/juacontecimentos.com.br\/site\/#\/schema\/person\/image\/\",\"url\":\"https:\/\/secure.gravatar.com\/avatar\/5c16c6837c3490270a74d888c2a845728f06bdde1f8761de1de1d1d1ef82d12f?s=96&d=mm&r=g\",\"contentUrl\":\"https:\/\/secure.gravatar.com\/avatar\/5c16c6837c3490270a74d888c2a845728f06bdde1f8761de1de1d1d1ef82d12f?s=96&d=mm&r=g\",\"caption\":\"Reginaldo Ribeiro\"}}]}<\/script>\n<!-- \/ Yoast SEO plugin. -->","yoast_head_json":{"title":"Propor\u00e7\u00e3o de mortes por Covid-19 entre idosos acima de 80 anos recua em Goi\u00e1s - Jornal Ultimos Acontecimentos","robots":{"index":"index","follow":"follow","max-snippet":"max-snippet:-1","max-image-preview":"max-image-preview:large","max-video-preview":"max-video-preview:-1"},"canonical":"https:\/\/juacontecimentos.com.br\/site\/proporcao-de-mortes-por-covid-19-entre-idosos-acima-de-80-anos-recua-em-goias\/","og_locale":"pt_BR","og_type":"article","og_title":"Propor\u00e7\u00e3o de mortes por Covid-19 entre idosos acima de 80 anos recua em Goi\u00e1s - Jornal Ultimos Acontecimentos","og_description":"Em agosto de 2020, essa popula\u00e7\u00e3o respondia por 14% de todos os \u00f3bitos por Covid-19 em Goi\u00e1s, \u00edndice que caiu para 7% em mar\u00e7o A participa\u00e7\u00e3o de pessoas com mais de 80 anos &#8211; faixa et\u00e1ria que recebe a segunda dose da vacina em Goi\u00e1s &#8211; no total de mortes por Covid-19 no Estado est\u00e1","og_url":"https:\/\/juacontecimentos.com.br\/site\/proporcao-de-mortes-por-covid-19-entre-idosos-acima-de-80-anos-recua-em-goias\/","og_site_name":"Jornal Ultimos Acontecimentos","article_publisher":"https:\/\/www.facebook.com\/jultimosacontecimentos\/","article_published_time":"2021-03-25T12:40:37+00:00","og_image":[{"width":800,"height":534,"url":"https:\/\/juacontecimentos.com.br\/site\/wp-content\/uploads\/2021\/03\/image-4.jpeg","type":"image\/jpeg"}],"author":"Reginaldo Ribeiro","twitter_card":"summary_large_image","twitter_misc":{"Escrito por":"Reginaldo Ribeiro","Est. tempo de leitura":"3 minutos"},"schema":{"@context":"https:\/\/schema.org","@graph":[{"@type":"Article","@id":"https:\/\/juacontecimentos.com.br\/site\/proporcao-de-mortes-por-covid-19-entre-idosos-acima-de-80-anos-recua-em-goias\/#article","isPartOf":{"@id":"https:\/\/juacontecimentos.com.br\/site\/proporcao-de-mortes-por-covid-19-entre-idosos-acima-de-80-anos-recua-em-goias\/"},"author":{"name":"Reginaldo Ribeiro","@id":"https:\/\/juacontecimentos.com.br\/site\/#\/schema\/person\/082a54e6d3fdd7a633291428521c9669"},"headline":"Propor\u00e7\u00e3o de mortes por Covid-19 entre idosos acima de 80 anos recua em Goi\u00e1s","datePublished":"2021-03-25T12:40:37+00:00","mainEntityOfPage":{"@id":"https:\/\/juacontecimentos.com.br\/site\/proporcao-de-mortes-por-covid-19-entre-idosos-acima-de-80-anos-recua-em-goias\/"},"wordCount":538,"commentCount":0,"publisher":{"@id":"https:\/\/juacontecimentos.com.br\/site\/#organization"},"image":{"@id":"https:\/\/juacontecimentos.com.br\/site\/proporcao-de-mortes-por-covid-19-entre-idosos-acima-de-80-anos-recua-em-goias\/#primaryimage"},"thumbnailUrl":"https:\/\/juacontecimentos.com.br\/site\/wp-content\/uploads\/2021\/03\/image-4.jpeg","articleSection":["Brasil","Catal\u00e3o","Destaque","Goi\u00e1s"],"inLanguage":"pt-BR"},{"@type":"WebPage","@id":"https:\/\/juacontecimentos.com.br\/site\/proporcao-de-mortes-por-covid-19-entre-idosos-acima-de-80-anos-recua-em-goias\/","url":"https:\/\/juacontecimentos.com.br\/site\/proporcao-de-mortes-por-covid-19-entre-idosos-acima-de-80-anos-recua-em-goias\/","name":"Propor\u00e7\u00e3o de mortes por Covid-19 entre idosos acima de 80 anos recua em Goi\u00e1s - Jornal Ultimos Acontecimentos","isPartOf":{"@id":"https:\/\/juacontecimentos.com.br\/site\/#website"},"primaryImageOfPage":{"@id":"https:\/\/juacontecimentos.com.br\/site\/proporcao-de-mortes-por-covid-19-entre-idosos-acima-de-80-anos-recua-em-goias\/#primaryimage"},"image":{"@id":"https:\/\/juacontecimentos.com.br\/site\/proporcao-de-mortes-por-covid-19-entre-idosos-acima-de-80-anos-recua-em-goias\/#primaryimage"},"thumbnailUrl":"https:\/\/juacontecimentos.com.br\/site\/wp-content\/uploads\/2021\/03\/image-4.jpeg","datePublished":"2021-03-25T12:40:37+00:00","breadcrumb":{"@id":"https:\/\/juacontecimentos.com.br\/site\/proporcao-de-mortes-por-covid-19-entre-idosos-acima-de-80-anos-recua-em-goias\/#breadcrumb"},"inLanguage":"pt-BR","potentialAction":[{"@type":"ReadAction","target":["https:\/\/juacontecimentos.com.br\/site\/proporcao-de-mortes-por-covid-19-entre-idosos-acima-de-80-anos-recua-em-goias\/"]}]},{"@type":"ImageObject","inLanguage":"pt-BR","@id":"https:\/\/juacontecimentos.com.br\/site\/proporcao-de-mortes-por-covid-19-entre-idosos-acima-de-80-anos-recua-em-goias\/#primaryimage","url":"https:\/\/juacontecimentos.com.br\/site\/wp-content\/uploads\/2021\/03\/image-4.jpeg","contentUrl":"https:\/\/juacontecimentos.com.br\/site\/wp-content\/uploads\/2021\/03\/image-4.jpeg","width":800,"height":534},{"@type":"BreadcrumbList","@id":"https:\/\/juacontecimentos.com.br\/site\/proporcao-de-mortes-por-covid-19-entre-idosos-acima-de-80-anos-recua-em-goias\/#breadcrumb","itemListElement":[{"@type":"ListItem","position":1,"name":"In\u00edcio","item":"https:\/\/juacontecimentos.com.br\/site\/"},{"@type":"ListItem","position":2,"name":"Propor\u00e7\u00e3o de mortes por Covid-19 entre idosos acima de 80 anos recua em Goi\u00e1s"}]},{"@type":"WebSite","@id":"https:\/\/juacontecimentos.com.br\/site\/#website","url":"https:\/\/juacontecimentos.com.br\/site\/","name":"Jornal Ultimos Acontecimentos","description":"Catal\u00e3o e regi\u00e3o","publisher":{"@id":"https:\/\/juacontecimentos.com.br\/site\/#organization"},"potentialAction":[{"@type":"SearchAction","target":{"@type":"EntryPoint","urlTemplate":"https:\/\/juacontecimentos.com.br\/site\/?s={search_term_string}"},"query-input":{"@type":"PropertyValueSpecification","valueRequired":true,"valueName":"search_term_string"}}],"inLanguage":"pt-BR"},{"@type":"Organization","@id":"https:\/\/juacontecimentos.com.br\/site\/#organization","name":"Jornal Ultimos Acontecimentos","url":"https:\/\/juacontecimentos.com.br\/site\/","logo":{"@type":"ImageObject","inLanguage":"pt-BR","@id":"https:\/\/juacontecimentos.com.br\/site\/#\/schema\/logo\/image\/","url":"https:\/\/juacontecimentos.com.br\/site\/wp-content\/uploads\/2023\/04\/Logo_Site.png","contentUrl":"https:\/\/juacontecimentos.com.br\/site\/wp-content\/uploads\/2023\/04\/Logo_Site.png","width":2476,"height":530,"caption":"Jornal Ultimos Acontecimentos"},"image":{"@id":"https:\/\/juacontecimentos.com.br\/site\/#\/schema\/logo\/image\/"},"sameAs":["https:\/\/www.facebook.com\/jultimosacontecimentos\/"]},{"@type":"Person","@id":"https:\/\/juacontecimentos.com.br\/site\/#\/schema\/person\/082a54e6d3fdd7a633291428521c9669","name":"Reginaldo Ribeiro","image":{"@type":"ImageObject","inLanguage":"pt-BR","@id":"https:\/\/juacontecimentos.com.br\/site\/#\/schema\/person\/image\/","url":"https:\/\/secure.gravatar.com\/avatar\/5c16c6837c3490270a74d888c2a845728f06bdde1f8761de1de1d1d1ef82d12f?s=96&d=mm&r=g","contentUrl":"https:\/\/secure.gravatar.com\/avatar\/5c16c6837c3490270a74d888c2a845728f06bdde1f8761de1de1d1d1ef82d12f?s=96&d=mm&r=g","caption":"Reginaldo Ribeiro"}}]}},"_links":{"self":[{"href":"https:\/\/juacontecimentos.com.br\/site\/wp-json\/wp\/v2\/posts\/13845","targetHints":{"allow":["GET"]}}],"collection":[{"href":"https:\/\/juacontecimentos.com.br\/site\/wp-json\/wp\/v2\/posts"}],"about":[{"href":"https:\/\/juacontecimentos.com.br\/site\/wp-json\/wp\/v2\/types\/post"}],"author":[{"embeddable":true,"href":"https:\/\/juacontecimentos.com.br\/site\/wp-json\/wp\/v2\/users\/2"}],"replies":[{"embeddable":true,"href":"https:\/\/juacontecimentos.com.br\/site\/wp-json\/wp\/v2\/comments?post=13845"}],"version-history":[{"count":1,"href":"https:\/\/juacontecimentos.com.br\/site\/wp-json\/wp\/v2\/posts\/13845\/revisions"}],"predecessor-version":[{"id":13848,"href":"https:\/\/juacontecimentos.com.br\/site\/wp-json\/wp\/v2\/posts\/13845\/revisions\/13848"}],"wp:featuredmedia":[{"embeddable":true,"href":"https:\/\/juacontecimentos.com.br\/site\/wp-json\/wp\/v2\/media\/13846"}],"wp:attachment":[{"href":"https:\/\/juacontecimentos.com.br\/site\/wp-json\/wp\/v2\/media?parent=13845"}],"wp:term":[{"taxonomy":"category","embeddable":true,"href":"https:\/\/juacontecimentos.com.br\/site\/wp-json\/wp\/v2\/categories?post=13845"},{"taxonomy":"post_tag","embeddable":true,"href":"https:\/\/juacontecimentos.com.br\/site\/wp-json\/wp\/v2\/tags?post=13845"}],"curies":[{"name":"wp","href":"https:\/\/api.w.org\/{rel}","templated":true}]}}