{"id":13904,"date":"2021-03-31T21:02:21","date_gmt":"2021-04-01T00:02:21","guid":{"rendered":"https:\/\/juacontecimentos.com.br\/site\/?p=13904"},"modified":"2021-03-31T21:02:21","modified_gmt":"2021-04-01T00:02:21","slug":"luiz-bittencourt-avisa-que-deixara-seinfra","status":"publish","type":"post","link":"https:\/\/juacontecimentos.com.br\/site\/luiz-bittencourt-avisa-que-deixara-seinfra\/","title":{"rendered":"Luiz Bittencourt avisa que deixar\u00e1 Seinfra"},"content":{"rendered":"<h3>A decis\u00e3o veio ap\u00f3s o prefeito de Goi\u00e2nia, Rog\u00e9rio Cruz (Republicanos), ter suspendido, via decreto, todos os contratos de reconstru\u00e7\u00e3o e recupera\u00e7\u00e3o de asfalto na capital<img loading=\"lazy\" decoding=\"async\" class=\"alignnone size-medium wp-image-13905\" src=\"https:\/\/juacontecimentos.com.br\/site\/wp-content\/uploads\/2021\/03\/image-19-300x231.jpg\" alt=\"\" width=\"300\" height=\"231\" srcset=\"https:\/\/juacontecimentos.com.br\/site\/wp-content\/uploads\/2021\/03\/image-19-300x231.jpg 300w, https:\/\/juacontecimentos.com.br\/site\/wp-content\/uploads\/2021\/03\/image-19-768x592.jpg 768w, https:\/\/juacontecimentos.com.br\/site\/wp-content\/uploads\/2021\/03\/image-19.jpg 800w\" sizes=\"auto, (max-width: 300px) 100vw, 300px\" \/><\/h3>\n<p>O ex-deputado federal Luiz Bittencourt vai deixar a secretaria municipal de Infraestrutura (Seinfra). Conforme o apurado, ele j\u00e1 vinha cogitando a possibilidade h\u00e1 mais de duas semanas, mas a decis\u00e3o veio ap\u00f3s o prefeito de Goi\u00e2nia, Rog\u00e9rio Cruz (Republicanos),\u00a0<a href=\"https:\/\/www.opopular.com.br\/noticias\/politica\/rog%C3%A9rio-cruz-suspende-contratos-de-asfalto-e-concentra-poderes-na-segov-1.2224386\">ter suspendido, via decreto, todos os contratos de reconstru\u00e7\u00e3o e recupera\u00e7\u00e3o de asfalto na capital<\/a>.<\/p>\n<p>Luiz Bittencourt j\u00e1 deixou o grupo de WhatsApp dos secret\u00e1rios municipais e avisou a aliados que deve oficializar o pedido de exonera\u00e7\u00e3o na segunda. Nos bastidores, a sa\u00edda \u00e9 vista como o in\u00edcio do desembarque do MDB do Pa\u00e7o Municipal, que pode ser consolidado no in\u00edcio da semana que vem. &#8220;Ele sai na segunda, independente de os outros sa\u00edrem ou n\u00e3o&#8221;, afirma uma pessoa ligada ao secret\u00e1rio.<\/p>\n<p>O rompimento de emedebistas com a gest\u00e3o municipal j\u00e1 \u00e9 tido por alguns integrantes do partido como irrevers\u00edvel e tem como pano de fundo a reforma administrativa realizada por Rog\u00e9rio com o objetivo de abrir espa\u00e7o para seu partido, ligado \u00e0 Igreja Universal do Reino de Deus, e a vereadores.<\/p>\n<p>Neste contexto, a \u00faltima troca feita pelo prefeito aumentou ainda mais a insatisfa\u00e7\u00e3o de emedebistas. Rog\u00e9rio nomeou Luan Deodato Alves, filho do vereador Cl\u00e9cio Alves (MDB), para a presid\u00eancia da Ag\u00eancia Municipal de Meio Ambiente (Amma), no lugar de Zilma Peixoto; Ela havia sido convidada para o cargo pelo presidente do MDB em Goi\u00e1s, Daniel Vilela.<\/p>\n<p>O ato cont\u00ednuo seria\u00a0<a href=\"https:\/\/www.opopular.com.br\/noticias\/politica\/rog%C3%A9rio-cruz-diz-que-continua-de-p%C3%A9-convite-para-zilma-peixoto-assumir-cargo-na-casa-civil-1.2224718\">a ida de Zilma para a Superintend\u00eancia da Casa Civil e Articula\u00e7\u00e3o Pol\u00edtica<\/a>. No entanto, ela recusou o novo posto alegando que recebeu ontem o convite do prefeito Rog\u00e9rio Cruz (Republicanos) e esperava que tivesse tempo para fazer alguns alinhamentos com a equipe da Amma antes do decreto, que a pegou a de surpresa.<\/p>\n<p>\u201cEu pedi ao prefeito que n\u00e3o anunciasse sem que eu falasse para os meus servidores. Fiquei sabendo agora que j\u00e1 est\u00e1 na Casa Civil a minha exonera\u00e7\u00e3o e nomea\u00e7\u00e3o. Dada a essa falta de respeito e compreens\u00e3o, eu prefiro n\u00e3o come\u00e7ar nada. Eu desembarco do governo, consciente do meu trabalho, agradecendo a toda equipe da Amma\u201d.<br \/>\n<\/p>\n","protected":false},"excerpt":{"rendered":"<p>A decis\u00e3o veio ap\u00f3s o prefeito de Goi\u00e2nia, Rog\u00e9rio Cruz (Republicanos), ter suspendido, via decreto, todos os contratos de reconstru\u00e7\u00e3o e recupera\u00e7\u00e3o de asfalto na capital O ex-deputado federal Luiz Bittencourt vai deixar a secretaria municipal de Infraestrutura (Seinfra). Conforme o apurado, ele j\u00e1 vinha cogitando a possibilidade h\u00e1 mais de duas semanas, mas a<\/p>\n","protected":false},"author":2,"featured_media":13905,"comment_status":"open","ping_status":"open","sticky":false,"template":"","format":"standard","meta":{"footnotes":""},"categories":[27,22,26,23],"tags":[],"class_list":["post-13904","post","type-post","status-publish","format-standard","has-post-thumbnail","hentry","category-brasil","category-catalao","category-destaque","category-goias"],"yoast_head":"<!-- This site is optimized with the Yoast SEO plugin v25.8 - https:\/\/yoast.com\/wordpress\/plugins\/seo\/ -->\n<title>Luiz Bittencourt avisa que deixar\u00e1 Seinfra - Jornal Ultimos Acontecimentos<\/title>\n<meta name=\"robots\" content=\"index, follow, max-snippet:-1, max-image-preview:large, max-video-preview:-1\" \/>\n<link rel=\"canonical\" href=\"https:\/\/juacontecimentos.com.br\/site\/luiz-bittencourt-avisa-que-deixara-seinfra\/\" \/>\n<meta property=\"og:locale\" content=\"pt_BR\" \/>\n<meta property=\"og:type\" content=\"article\" \/>\n<meta property=\"og:title\" content=\"Luiz Bittencourt avisa que deixar\u00e1 Seinfra - Jornal Ultimos Acontecimentos\" \/>\n<meta property=\"og:description\" content=\"A decis\u00e3o veio ap\u00f3s o prefeito de Goi\u00e2nia, Rog\u00e9rio Cruz (Republicanos), ter suspendido, via decreto, todos os contratos de reconstru\u00e7\u00e3o e recupera\u00e7\u00e3o de asfalto na capital O ex-deputado federal Luiz Bittencourt vai deixar a secretaria municipal de Infraestrutura (Seinfra). Conforme o apurado, ele j\u00e1 vinha cogitando a possibilidade h\u00e1 mais de duas semanas, mas a\" \/>\n<meta property=\"og:url\" content=\"https:\/\/juacontecimentos.com.br\/site\/luiz-bittencourt-avisa-que-deixara-seinfra\/\" \/>\n<meta property=\"og:site_name\" content=\"Jornal Ultimos Acontecimentos\" \/>\n<meta property=\"article:publisher\" content=\"https:\/\/www.facebook.com\/jultimosacontecimentos\/\" \/>\n<meta property=\"article:published_time\" content=\"2021-04-01T00:02:21+00:00\" \/>\n<meta property=\"og:image\" content=\"https:\/\/juacontecimentos.com.br\/site\/wp-content\/uploads\/2021\/03\/image-19.jpg\" \/>\n\t<meta property=\"og:image:width\" content=\"800\" \/>\n\t<meta property=\"og:image:height\" content=\"617\" \/>\n\t<meta property=\"og:image:type\" content=\"image\/jpeg\" \/>\n<meta name=\"author\" content=\"Reginaldo Ribeiro\" \/>\n<meta name=\"twitter:card\" content=\"summary_large_image\" \/>\n<meta name=\"twitter:label1\" content=\"Escrito por\" \/>\n\t<meta name=\"twitter:data1\" content=\"Reginaldo Ribeiro\" \/>\n\t<meta name=\"twitter:label2\" content=\"Est. tempo de leitura\" \/>\n\t<meta name=\"twitter:data2\" content=\"2 minutos\" \/>\n<script type=\"application\/ld+json\" class=\"yoast-schema-graph\">{\"@context\":\"https:\/\/schema.org\",\"@graph\":[{\"@type\":\"Article\",\"@id\":\"https:\/\/juacontecimentos.com.br\/site\/luiz-bittencourt-avisa-que-deixara-seinfra\/#article\",\"isPartOf\":{\"@id\":\"https:\/\/juacontecimentos.com.br\/site\/luiz-bittencourt-avisa-que-deixara-seinfra\/\"},\"author\":{\"name\":\"Reginaldo Ribeiro\",\"@id\":\"https:\/\/juacontecimentos.com.br\/site\/#\/schema\/person\/082a54e6d3fdd7a633291428521c9669\"},\"headline\":\"Luiz Bittencourt avisa que deixar\u00e1 Seinfra\",\"datePublished\":\"2021-04-01T00:02:21+00:00\",\"mainEntityOfPage\":{\"@id\":\"https:\/\/juacontecimentos.com.br\/site\/luiz-bittencourt-avisa-que-deixara-seinfra\/\"},\"wordCount\":412,\"commentCount\":0,\"publisher\":{\"@id\":\"https:\/\/juacontecimentos.com.br\/site\/#organization\"},\"image\":{\"@id\":\"https:\/\/juacontecimentos.com.br\/site\/luiz-bittencourt-avisa-que-deixara-seinfra\/#primaryimage\"},\"thumbnailUrl\":\"https:\/\/juacontecimentos.com.br\/site\/wp-content\/uploads\/2021\/03\/image-19.jpg\",\"articleSection\":[\"Brasil\",\"Catal\u00e3o\",\"Destaque\",\"Goi\u00e1s\"],\"inLanguage\":\"pt-BR\"},{\"@type\":\"WebPage\",\"@id\":\"https:\/\/juacontecimentos.com.br\/site\/luiz-bittencourt-avisa-que-deixara-seinfra\/\",\"url\":\"https:\/\/juacontecimentos.com.br\/site\/luiz-bittencourt-avisa-que-deixara-seinfra\/\",\"name\":\"Luiz Bittencourt avisa que deixar\u00e1 Seinfra - Jornal Ultimos Acontecimentos\",\"isPartOf\":{\"@id\":\"https:\/\/juacontecimentos.com.br\/site\/#website\"},\"primaryImageOfPage\":{\"@id\":\"https:\/\/juacontecimentos.com.br\/site\/luiz-bittencourt-avisa-que-deixara-seinfra\/#primaryimage\"},\"image\":{\"@id\":\"https:\/\/juacontecimentos.com.br\/site\/luiz-bittencourt-avisa-que-deixara-seinfra\/#primaryimage\"},\"thumbnailUrl\":\"https:\/\/juacontecimentos.com.br\/site\/wp-content\/uploads\/2021\/03\/image-19.jpg\",\"datePublished\":\"2021-04-01T00:02:21+00:00\",\"breadcrumb\":{\"@id\":\"https:\/\/juacontecimentos.com.br\/site\/luiz-bittencourt-avisa-que-deixara-seinfra\/#breadcrumb\"},\"inLanguage\":\"pt-BR\",\"potentialAction\":[{\"@type\":\"ReadAction\",\"target\":[\"https:\/\/juacontecimentos.com.br\/site\/luiz-bittencourt-avisa-que-deixara-seinfra\/\"]}]},{\"@type\":\"ImageObject\",\"inLanguage\":\"pt-BR\",\"@id\":\"https:\/\/juacontecimentos.com.br\/site\/luiz-bittencourt-avisa-que-deixara-seinfra\/#primaryimage\",\"url\":\"https:\/\/juacontecimentos.com.br\/site\/wp-content\/uploads\/2021\/03\/image-19.jpg\",\"contentUrl\":\"https:\/\/juacontecimentos.com.br\/site\/wp-content\/uploads\/2021\/03\/image-19.jpg\",\"width\":800,\"height\":617},{\"@type\":\"BreadcrumbList\",\"@id\":\"https:\/\/juacontecimentos.com.br\/site\/luiz-bittencourt-avisa-que-deixara-seinfra\/#breadcrumb\",\"itemListElement\":[{\"@type\":\"ListItem\",\"position\":1,\"name\":\"In\u00edcio\",\"item\":\"https:\/\/juacontecimentos.com.br\/site\/\"},{\"@type\":\"ListItem\",\"position\":2,\"name\":\"Luiz Bittencourt avisa que deixar\u00e1 Seinfra\"}]},{\"@type\":\"WebSite\",\"@id\":\"https:\/\/juacontecimentos.com.br\/site\/#website\",\"url\":\"https:\/\/juacontecimentos.com.br\/site\/\",\"name\":\"Jornal Ultimos Acontecimentos\",\"description\":\"Catal\u00e3o e regi\u00e3o\",\"publisher\":{\"@id\":\"https:\/\/juacontecimentos.com.br\/site\/#organization\"},\"potentialAction\":[{\"@type\":\"SearchAction\",\"target\":{\"@type\":\"EntryPoint\",\"urlTemplate\":\"https:\/\/juacontecimentos.com.br\/site\/?s={search_term_string}\"},\"query-input\":{\"@type\":\"PropertyValueSpecification\",\"valueRequired\":true,\"valueName\":\"search_term_string\"}}],\"inLanguage\":\"pt-BR\"},{\"@type\":\"Organization\",\"@id\":\"https:\/\/juacontecimentos.com.br\/site\/#organization\",\"name\":\"Jornal Ultimos Acontecimentos\",\"url\":\"https:\/\/juacontecimentos.com.br\/site\/\",\"logo\":{\"@type\":\"ImageObject\",\"inLanguage\":\"pt-BR\",\"@id\":\"https:\/\/juacontecimentos.com.br\/site\/#\/schema\/logo\/image\/\",\"url\":\"https:\/\/juacontecimentos.com.br\/site\/wp-content\/uploads\/2023\/04\/Logo_Site.png\",\"contentUrl\":\"https:\/\/juacontecimentos.com.br\/site\/wp-content\/uploads\/2023\/04\/Logo_Site.png\",\"width\":2476,\"height\":530,\"caption\":\"Jornal Ultimos Acontecimentos\"},\"image\":{\"@id\":\"https:\/\/juacontecimentos.com.br\/site\/#\/schema\/logo\/image\/\"},\"sameAs\":[\"https:\/\/www.facebook.com\/jultimosacontecimentos\/\"]},{\"@type\":\"Person\",\"@id\":\"https:\/\/juacontecimentos.com.br\/site\/#\/schema\/person\/082a54e6d3fdd7a633291428521c9669\",\"name\":\"Reginaldo Ribeiro\",\"image\":{\"@type\":\"ImageObject\",\"inLanguage\":\"pt-BR\",\"@id\":\"https:\/\/juacontecimentos.com.br\/site\/#\/schema\/person\/image\/\",\"url\":\"https:\/\/secure.gravatar.com\/avatar\/5c16c6837c3490270a74d888c2a845728f06bdde1f8761de1de1d1d1ef82d12f?s=96&d=mm&r=g\",\"contentUrl\":\"https:\/\/secure.gravatar.com\/avatar\/5c16c6837c3490270a74d888c2a845728f06bdde1f8761de1de1d1d1ef82d12f?s=96&d=mm&r=g\",\"caption\":\"Reginaldo Ribeiro\"}}]}<\/script>\n<!-- \/ Yoast SEO plugin. -->","yoast_head_json":{"title":"Luiz Bittencourt avisa que deixar\u00e1 Seinfra - Jornal Ultimos Acontecimentos","robots":{"index":"index","follow":"follow","max-snippet":"max-snippet:-1","max-image-preview":"max-image-preview:large","max-video-preview":"max-video-preview:-1"},"canonical":"https:\/\/juacontecimentos.com.br\/site\/luiz-bittencourt-avisa-que-deixara-seinfra\/","og_locale":"pt_BR","og_type":"article","og_title":"Luiz Bittencourt avisa que deixar\u00e1 Seinfra - Jornal Ultimos Acontecimentos","og_description":"A decis\u00e3o veio ap\u00f3s o prefeito de Goi\u00e2nia, Rog\u00e9rio Cruz (Republicanos), ter suspendido, via decreto, todos os contratos de reconstru\u00e7\u00e3o e recupera\u00e7\u00e3o de asfalto na capital O ex-deputado federal Luiz Bittencourt vai deixar a secretaria municipal de Infraestrutura (Seinfra). Conforme o apurado, ele j\u00e1 vinha cogitando a possibilidade h\u00e1 mais de duas semanas, mas a","og_url":"https:\/\/juacontecimentos.com.br\/site\/luiz-bittencourt-avisa-que-deixara-seinfra\/","og_site_name":"Jornal Ultimos Acontecimentos","article_publisher":"https:\/\/www.facebook.com\/jultimosacontecimentos\/","article_published_time":"2021-04-01T00:02:21+00:00","og_image":[{"width":800,"height":617,"url":"https:\/\/juacontecimentos.com.br\/site\/wp-content\/uploads\/2021\/03\/image-19.jpg","type":"image\/jpeg"}],"author":"Reginaldo Ribeiro","twitter_card":"summary_large_image","twitter_misc":{"Escrito por":"Reginaldo Ribeiro","Est. tempo de leitura":"2 minutos"},"schema":{"@context":"https:\/\/schema.org","@graph":[{"@type":"Article","@id":"https:\/\/juacontecimentos.com.br\/site\/luiz-bittencourt-avisa-que-deixara-seinfra\/#article","isPartOf":{"@id":"https:\/\/juacontecimentos.com.br\/site\/luiz-bittencourt-avisa-que-deixara-seinfra\/"},"author":{"name":"Reginaldo Ribeiro","@id":"https:\/\/juacontecimentos.com.br\/site\/#\/schema\/person\/082a54e6d3fdd7a633291428521c9669"},"headline":"Luiz Bittencourt avisa que deixar\u00e1 Seinfra","datePublished":"2021-04-01T00:02:21+00:00","mainEntityOfPage":{"@id":"https:\/\/juacontecimentos.com.br\/site\/luiz-bittencourt-avisa-que-deixara-seinfra\/"},"wordCount":412,"commentCount":0,"publisher":{"@id":"https:\/\/juacontecimentos.com.br\/site\/#organization"},"image":{"@id":"https:\/\/juacontecimentos.com.br\/site\/luiz-bittencourt-avisa-que-deixara-seinfra\/#primaryimage"},"thumbnailUrl":"https:\/\/juacontecimentos.com.br\/site\/wp-content\/uploads\/2021\/03\/image-19.jpg","articleSection":["Brasil","Catal\u00e3o","Destaque","Goi\u00e1s"],"inLanguage":"pt-BR"},{"@type":"WebPage","@id":"https:\/\/juacontecimentos.com.br\/site\/luiz-bittencourt-avisa-que-deixara-seinfra\/","url":"https:\/\/juacontecimentos.com.br\/site\/luiz-bittencourt-avisa-que-deixara-seinfra\/","name":"Luiz Bittencourt avisa que deixar\u00e1 Seinfra - Jornal Ultimos Acontecimentos","isPartOf":{"@id":"https:\/\/juacontecimentos.com.br\/site\/#website"},"primaryImageOfPage":{"@id":"https:\/\/juacontecimentos.com.br\/site\/luiz-bittencourt-avisa-que-deixara-seinfra\/#primaryimage"},"image":{"@id":"https:\/\/juacontecimentos.com.br\/site\/luiz-bittencourt-avisa-que-deixara-seinfra\/#primaryimage"},"thumbnailUrl":"https:\/\/juacontecimentos.com.br\/site\/wp-content\/uploads\/2021\/03\/image-19.jpg","datePublished":"2021-04-01T00:02:21+00:00","breadcrumb":{"@id":"https:\/\/juacontecimentos.com.br\/site\/luiz-bittencourt-avisa-que-deixara-seinfra\/#breadcrumb"},"inLanguage":"pt-BR","potentialAction":[{"@type":"ReadAction","target":["https:\/\/juacontecimentos.com.br\/site\/luiz-bittencourt-avisa-que-deixara-seinfra\/"]}]},{"@type":"ImageObject","inLanguage":"pt-BR","@id":"https:\/\/juacontecimentos.com.br\/site\/luiz-bittencourt-avisa-que-deixara-seinfra\/#primaryimage","url":"https:\/\/juacontecimentos.com.br\/site\/wp-content\/uploads\/2021\/03\/image-19.jpg","contentUrl":"https:\/\/juacontecimentos.com.br\/site\/wp-content\/uploads\/2021\/03\/image-19.jpg","width":800,"height":617},{"@type":"BreadcrumbList","@id":"https:\/\/juacontecimentos.com.br\/site\/luiz-bittencourt-avisa-que-deixara-seinfra\/#breadcrumb","itemListElement":[{"@type":"ListItem","position":1,"name":"In\u00edcio","item":"https:\/\/juacontecimentos.com.br\/site\/"},{"@type":"ListItem","position":2,"name":"Luiz Bittencourt avisa que deixar\u00e1 Seinfra"}]},{"@type":"WebSite","@id":"https:\/\/juacontecimentos.com.br\/site\/#website","url":"https:\/\/juacontecimentos.com.br\/site\/","name":"Jornal Ultimos Acontecimentos","description":"Catal\u00e3o e regi\u00e3o","publisher":{"@id":"https:\/\/juacontecimentos.com.br\/site\/#organization"},"potentialAction":[{"@type":"SearchAction","target":{"@type":"EntryPoint","urlTemplate":"https:\/\/juacontecimentos.com.br\/site\/?s={search_term_string}"},"query-input":{"@type":"PropertyValueSpecification","valueRequired":true,"valueName":"search_term_string"}}],"inLanguage":"pt-BR"},{"@type":"Organization","@id":"https:\/\/juacontecimentos.com.br\/site\/#organization","name":"Jornal Ultimos Acontecimentos","url":"https:\/\/juacontecimentos.com.br\/site\/","logo":{"@type":"ImageObject","inLanguage":"pt-BR","@id":"https:\/\/juacontecimentos.com.br\/site\/#\/schema\/logo\/image\/","url":"https:\/\/juacontecimentos.com.br\/site\/wp-content\/uploads\/2023\/04\/Logo_Site.png","contentUrl":"https:\/\/juacontecimentos.com.br\/site\/wp-content\/uploads\/2023\/04\/Logo_Site.png","width":2476,"height":530,"caption":"Jornal Ultimos Acontecimentos"},"image":{"@id":"https:\/\/juacontecimentos.com.br\/site\/#\/schema\/logo\/image\/"},"sameAs":["https:\/\/www.facebook.com\/jultimosacontecimentos\/"]},{"@type":"Person","@id":"https:\/\/juacontecimentos.com.br\/site\/#\/schema\/person\/082a54e6d3fdd7a633291428521c9669","name":"Reginaldo Ribeiro","image":{"@type":"ImageObject","inLanguage":"pt-BR","@id":"https:\/\/juacontecimentos.com.br\/site\/#\/schema\/person\/image\/","url":"https:\/\/secure.gravatar.com\/avatar\/5c16c6837c3490270a74d888c2a845728f06bdde1f8761de1de1d1d1ef82d12f?s=96&d=mm&r=g","contentUrl":"https:\/\/secure.gravatar.com\/avatar\/5c16c6837c3490270a74d888c2a845728f06bdde1f8761de1de1d1d1ef82d12f?s=96&d=mm&r=g","caption":"Reginaldo Ribeiro"}}]}},"_links":{"self":[{"href":"https:\/\/juacontecimentos.com.br\/site\/wp-json\/wp\/v2\/posts\/13904","targetHints":{"allow":["GET"]}}],"collection":[{"href":"https:\/\/juacontecimentos.com.br\/site\/wp-json\/wp\/v2\/posts"}],"about":[{"href":"https:\/\/juacontecimentos.com.br\/site\/wp-json\/wp\/v2\/types\/post"}],"author":[{"embeddable":true,"href":"https:\/\/juacontecimentos.com.br\/site\/wp-json\/wp\/v2\/users\/2"}],"replies":[{"embeddable":true,"href":"https:\/\/juacontecimentos.com.br\/site\/wp-json\/wp\/v2\/comments?post=13904"}],"version-history":[{"count":1,"href":"https:\/\/juacontecimentos.com.br\/site\/wp-json\/wp\/v2\/posts\/13904\/revisions"}],"predecessor-version":[{"id":13906,"href":"https:\/\/juacontecimentos.com.br\/site\/wp-json\/wp\/v2\/posts\/13904\/revisions\/13906"}],"wp:featuredmedia":[{"embeddable":true,"href":"https:\/\/juacontecimentos.com.br\/site\/wp-json\/wp\/v2\/media\/13905"}],"wp:attachment":[{"href":"https:\/\/juacontecimentos.com.br\/site\/wp-json\/wp\/v2\/media?parent=13904"}],"wp:term":[{"taxonomy":"category","embeddable":true,"href":"https:\/\/juacontecimentos.com.br\/site\/wp-json\/wp\/v2\/categories?post=13904"},{"taxonomy":"post_tag","embeddable":true,"href":"https:\/\/juacontecimentos.com.br\/site\/wp-json\/wp\/v2\/tags?post=13904"}],"curies":[{"name":"wp","href":"https:\/\/api.w.org\/{rel}","templated":true}]}}