{"id":13910,"date":"2021-03-31T21:21:39","date_gmt":"2021-04-01T00:21:39","guid":{"rendered":"https:\/\/juacontecimentos.com.br\/site\/?p=13910"},"modified":"2021-03-31T21:21:39","modified_gmt":"2021-04-01T00:21:39","slug":"presidentes-do-senado-e-camara-acatam-sugestoes-de-sandro-mabel-e-defendem-compra-de-vacinas-pelo-setor-privado","status":"publish","type":"post","link":"https:\/\/juacontecimentos.com.br\/site\/presidentes-do-senado-e-camara-acatam-sugestoes-de-sandro-mabel-e-defendem-compra-de-vacinas-pelo-setor-privado\/","title":{"rendered":"Presidentes do Senado e C\u00e2mara acatam sugest\u00f5es de Sandro Mabel e defendem compra de vacinas pelo setor privado"},"content":{"rendered":"<p><img loading=\"lazy\" decoding=\"async\" class=\"alignnone size-medium wp-image-13911\" src=\"https:\/\/juacontecimentos.com.br\/site\/wp-content\/uploads\/2021\/03\/kkkkkkk-620x341-300x165.jpg\" alt=\"\" width=\"300\" height=\"165\" srcset=\"https:\/\/juacontecimentos.com.br\/site\/wp-content\/uploads\/2021\/03\/kkkkkkk-620x341-300x165.jpg 300w, https:\/\/juacontecimentos.com.br\/site\/wp-content\/uploads\/2021\/03\/kkkkkkk-620x341.jpg 620w\" sizes=\"auto, (max-width: 300px) 100vw, 300px\" \/><\/p>\n<p>Os presidentes do Senado, Rodrigo Pacheco, e da C\u00e2mara dos Deputados, Arthur Lira, acataram integralmente as sugest\u00f5es a eles encaminhadas na semana passada pelo presidente da Federa\u00e7\u00e3o das Ind\u00fastrias do Estado de Goi\u00e1s (Fieg), Sandro Mabel. Em entrevista coletiva nesta quarta-feira (31), Pacheco e Lira defenderam a compra de vacinas pelo setor privado para ajudar o governo a acelerar a imuniza\u00e7\u00e3o no pa\u00eds.<\/p>\n<p>\u201cFico feliz em poder colaborar com a luta contra o coronav\u00edrus com propostas efetivas e a\u00e7\u00f5es concretas. Obrigado, senador\u201d, anotou o l\u00edder empresarial de Goi\u00e1s nas redes sociais.<\/p>\n<p>No documento que encamihou ao presidente do Senado, Sandro Mabel ressaltou o grave momento da pandemia causado pelo coronav\u00edrus, com novas cepas altamente contagiosas e letais, e pontua que o objetivo n\u00e3o \u00e9 \u201catropelar o sistema ou a burocracia, mas de m\u00fatua colabora\u00e7\u00e3o do setor privado com o Poder P\u00fablico ao Plano de Imuniza\u00e7\u00e3o\u201d.<\/p>\n<p>Segundo ele, no ritmo atual da vacina\u00e7\u00e3o, o Brasil vai demorar muito para sair da crise e, por isso, n\u00e3o h\u00e1 outra solu\u00e7\u00e3o a n\u00e3o ser a vacina\u00e7\u00e3o em massa de toda a popula\u00e7\u00e3o.<\/p>\n<p>Leia a \u00edntegra \u00a0o of\u00edcio que Mabel entregou a Rodrigo Pacheco:<\/p>\n<p><em>Ao Excelent\u00edssimo Senhor<\/em><br \/>\n<em>Senador RODRIGO PACHECO<\/em><br \/>\n<em>Presidente do Senado Federal<\/em><br \/>\n<em>Bras\u00edlia \u2013 DF<\/em><\/p>\n<p><em>Assunto: Altera\u00e7\u00e3o na lei para aquisi\u00e7\u00e3o de vacina pela iniciativa privada<\/em><\/p>\n<p><em>Senhor Presidente,<\/em><\/p>\n<p><em>Estamos vivendo o mais grave momento da pandemia da COVID-19 no Brasil, onde chegamos a triste confirma\u00e7\u00e3o de mais de 11 milh\u00f5es de casos confirmados e quase 300 mil \u00f3bitos, conforme dados divulgados pelo Minist\u00e9rio da Sa\u00fade no dia 17\/03\/2021. Na contram\u00e3o de Pa\u00edses que tiveram a r\u00e1pida iniciativa de buscar a imuniza\u00e7\u00e3o da popula\u00e7\u00e3o, no Brasil apenas 4,48% da popula\u00e7\u00e3o brasileira foi vacinada at\u00e9 o momento.<\/em><\/p>\n<p><em>Diante desse quadro, associados as medidas de isolamento e suspens\u00e3o de atividades empresariais, a iniciativa privada pode e deve contribuir com o Governo, na ado\u00e7\u00e3o de medidas que garanta a sa\u00fade da popula\u00e7\u00e3o. Assim, gostar\u00edamos de encaminhar Vossa Excel\u00eancia uma proposta de altera\u00e7\u00e3o da Lei n\u00ba 14.125\/2021 para permitir que a iniciativa privada possa adquirir as vacinas e imunizar, exclusivamente seus funcion\u00e1rios e familiares, com a assist\u00eancia direta do sindicato laboral representante de cada categoria.<\/em><\/p>\n<p><em>O objetivo aqui n\u00e3o \u00e9 \u201catropelar o sistema ou a burocracia\u201d, mas de m\u00fatua colabora\u00e7\u00e3o do setor privado com o Poder P\u00fablico ao Plano Nacional de Imuniza\u00e7\u00e3o, uma vez que ao vacinar seus empregados, reduz o quantitativo de pessoas aguardando a vacina\u00e7\u00e3o. No ritmo atual da vacina\u00e7\u00e3o, o Brasil vai demorar muito para sair dessa crise e n\u00e3o h\u00e1 outra solu\u00e7\u00e3o que n\u00e3o seja a vacina\u00e7\u00e3o de toda a popula\u00e7\u00e3o.<\/em><\/p>\n<p><em>Sugest\u00e3o:<\/em><\/p>\n<p><em>\u201cO Art. 2\u00ba da Lei n\u00ba 14.125\/2021 passa a vigorar com a seguinte reda\u00e7\u00e3o:<\/em><\/p>\n<p><em>\u201cArt. 2\u00ba Pessoas jur\u00eddicas de direito privado poder\u00e3o adquirir diretamente, seja no mercado interno brasileiro ou via importa\u00e7\u00e3o, vacinas contra a Covid-19 que tenham autoriza\u00e7\u00e3o tempor\u00e1ria para uso emergencial, autoriza\u00e7\u00e3o excepcional e tempor\u00e1ria para importa\u00e7\u00e3o e distribui\u00e7\u00e3o ou registro sanit\u00e1rio concedidos pela Anvisa, destinadas a atender especificamente os empregados, dependentes e prestadores terceirizados vinculados \u00e0 atividade empresarial.<\/em><\/p>\n<p><em>Par\u00e1grafo \u00fanico. A aquisi\u00e7\u00e3o de vacinas de que trata o caput desse artigo s\u00f3 ter\u00e1 validade com a aquiesc\u00eancia, por escrito, do Sindicato Laboral que representa a categoria de empregados, que tamb\u00e9m dever\u00e1 acompanhar desde o pedido de compra, distribui\u00e7\u00e3o e o ato vacinal. (NR)<\/em><\/p>\n<p><em>Nosso prop\u00f3sito \u00e9 contribuir para imuniza\u00e7\u00e3o de todo o pa\u00eds e juntos retomarmos o caminho do crescimento e desenvolvimento.<\/em><\/p>\n<p><em>Agradecemos a Vossa Excel\u00eancia pela aten\u00e7\u00e3o e nos colocamos \u00e0 disposi\u00e7\u00e3o.<\/em><\/p>\n<p><em>Respeitosamente,<\/em><\/p>\n<p><strong>SANDRO MABEL<\/strong><br \/>\nPresidente da FIEG e conselhos Regionais do Sesi e Senai Goi\u00e1s<br \/>\n<\/p>\n","protected":false},"excerpt":{"rendered":"<p>Os presidentes do Senado, Rodrigo Pacheco, e da C\u00e2mara dos Deputados, Arthur Lira, acataram integralmente as sugest\u00f5es a eles encaminhadas na semana passada pelo presidente da Federa\u00e7\u00e3o das Ind\u00fastrias do Estado de Goi\u00e1s (Fieg), Sandro Mabel. Em entrevista coletiva nesta quarta-feira (31), Pacheco e Lira defenderam a compra de vacinas pelo setor privado para ajudar<\/p>\n","protected":false},"author":2,"featured_media":13911,"comment_status":"open","ping_status":"open","sticky":false,"template":"","format":"standard","meta":{"footnotes":""},"categories":[26,24,23,21],"tags":[],"class_list":["post-13910","post","type-post","status-publish","format-standard","has-post-thumbnail","hentry","category-destaque","category-edicoes","category-goias","category-videos"],"yoast_head":"<!-- This site is optimized with the Yoast SEO plugin v25.8 - https:\/\/yoast.com\/wordpress\/plugins\/seo\/ -->\n<title>Presidentes do Senado e C\u00e2mara acatam sugest\u00f5es de Sandro Mabel e defendem compra de vacinas pelo setor privado - Jornal Ultimos Acontecimentos<\/title>\n<meta name=\"robots\" content=\"index, follow, max-snippet:-1, max-image-preview:large, max-video-preview:-1\" \/>\n<link rel=\"canonical\" href=\"https:\/\/juacontecimentos.com.br\/site\/presidentes-do-senado-e-camara-acatam-sugestoes-de-sandro-mabel-e-defendem-compra-de-vacinas-pelo-setor-privado\/\" \/>\n<meta property=\"og:locale\" content=\"pt_BR\" \/>\n<meta property=\"og:type\" content=\"article\" \/>\n<meta property=\"og:title\" content=\"Presidentes do Senado e C\u00e2mara acatam sugest\u00f5es de Sandro Mabel e defendem compra de vacinas pelo setor privado - Jornal Ultimos Acontecimentos\" \/>\n<meta property=\"og:description\" content=\"Os presidentes do Senado, Rodrigo Pacheco, e da C\u00e2mara dos Deputados, Arthur Lira, acataram integralmente as sugest\u00f5es a eles encaminhadas na semana passada pelo presidente da Federa\u00e7\u00e3o das Ind\u00fastrias do Estado de Goi\u00e1s (Fieg), Sandro Mabel. Em entrevista coletiva nesta quarta-feira (31), Pacheco e Lira defenderam a compra de vacinas pelo setor privado para ajudar\" \/>\n<meta property=\"og:url\" content=\"https:\/\/juacontecimentos.com.br\/site\/presidentes-do-senado-e-camara-acatam-sugestoes-de-sandro-mabel-e-defendem-compra-de-vacinas-pelo-setor-privado\/\" \/>\n<meta property=\"og:site_name\" content=\"Jornal Ultimos Acontecimentos\" \/>\n<meta property=\"article:publisher\" content=\"https:\/\/www.facebook.com\/jultimosacontecimentos\/\" \/>\n<meta property=\"article:published_time\" content=\"2021-04-01T00:21:39+00:00\" \/>\n<meta property=\"og:image\" content=\"https:\/\/juacontecimentos.com.br\/site\/wp-content\/uploads\/2021\/03\/kkkkkkk-620x341.jpg\" \/>\n\t<meta property=\"og:image:width\" content=\"620\" \/>\n\t<meta property=\"og:image:height\" content=\"341\" \/>\n\t<meta property=\"og:image:type\" content=\"image\/jpeg\" \/>\n<meta name=\"author\" content=\"Reginaldo Ribeiro\" \/>\n<meta name=\"twitter:card\" content=\"summary_large_image\" \/>\n<meta name=\"twitter:label1\" content=\"Escrito por\" \/>\n\t<meta name=\"twitter:data1\" content=\"Reginaldo Ribeiro\" \/>\n\t<meta name=\"twitter:label2\" content=\"Est. tempo de leitura\" \/>\n\t<meta name=\"twitter:data2\" content=\"3 minutos\" \/>\n<script type=\"application\/ld+json\" class=\"yoast-schema-graph\">{\"@context\":\"https:\/\/schema.org\",\"@graph\":[{\"@type\":\"Article\",\"@id\":\"https:\/\/juacontecimentos.com.br\/site\/presidentes-do-senado-e-camara-acatam-sugestoes-de-sandro-mabel-e-defendem-compra-de-vacinas-pelo-setor-privado\/#article\",\"isPartOf\":{\"@id\":\"https:\/\/juacontecimentos.com.br\/site\/presidentes-do-senado-e-camara-acatam-sugestoes-de-sandro-mabel-e-defendem-compra-de-vacinas-pelo-setor-privado\/\"},\"author\":{\"name\":\"Reginaldo Ribeiro\",\"@id\":\"https:\/\/juacontecimentos.com.br\/site\/#\/schema\/person\/082a54e6d3fdd7a633291428521c9669\"},\"headline\":\"Presidentes do Senado e C\u00e2mara acatam sugest\u00f5es de Sandro Mabel e defendem compra de vacinas pelo setor privado\",\"datePublished\":\"2021-04-01T00:21:39+00:00\",\"mainEntityOfPage\":{\"@id\":\"https:\/\/juacontecimentos.com.br\/site\/presidentes-do-senado-e-camara-acatam-sugestoes-de-sandro-mabel-e-defendem-compra-de-vacinas-pelo-setor-privado\/\"},\"wordCount\":677,\"commentCount\":0,\"publisher\":{\"@id\":\"https:\/\/juacontecimentos.com.br\/site\/#organization\"},\"image\":{\"@id\":\"https:\/\/juacontecimentos.com.br\/site\/presidentes-do-senado-e-camara-acatam-sugestoes-de-sandro-mabel-e-defendem-compra-de-vacinas-pelo-setor-privado\/#primaryimage\"},\"thumbnailUrl\":\"https:\/\/juacontecimentos.com.br\/site\/wp-content\/uploads\/2021\/03\/kkkkkkk-620x341.jpg\",\"articleSection\":[\"Destaque\",\"Edi\u00e7\u00f5es\",\"Goi\u00e1s\",\"V\u00eddeos\"],\"inLanguage\":\"pt-BR\"},{\"@type\":\"WebPage\",\"@id\":\"https:\/\/juacontecimentos.com.br\/site\/presidentes-do-senado-e-camara-acatam-sugestoes-de-sandro-mabel-e-defendem-compra-de-vacinas-pelo-setor-privado\/\",\"url\":\"https:\/\/juacontecimentos.com.br\/site\/presidentes-do-senado-e-camara-acatam-sugestoes-de-sandro-mabel-e-defendem-compra-de-vacinas-pelo-setor-privado\/\",\"name\":\"Presidentes do Senado e C\u00e2mara acatam sugest\u00f5es de Sandro Mabel e defendem compra de vacinas pelo setor privado - Jornal Ultimos Acontecimentos\",\"isPartOf\":{\"@id\":\"https:\/\/juacontecimentos.com.br\/site\/#website\"},\"primaryImageOfPage\":{\"@id\":\"https:\/\/juacontecimentos.com.br\/site\/presidentes-do-senado-e-camara-acatam-sugestoes-de-sandro-mabel-e-defendem-compra-de-vacinas-pelo-setor-privado\/#primaryimage\"},\"image\":{\"@id\":\"https:\/\/juacontecimentos.com.br\/site\/presidentes-do-senado-e-camara-acatam-sugestoes-de-sandro-mabel-e-defendem-compra-de-vacinas-pelo-setor-privado\/#primaryimage\"},\"thumbnailUrl\":\"https:\/\/juacontecimentos.com.br\/site\/wp-content\/uploads\/2021\/03\/kkkkkkk-620x341.jpg\",\"datePublished\":\"2021-04-01T00:21:39+00:00\",\"breadcrumb\":{\"@id\":\"https:\/\/juacontecimentos.com.br\/site\/presidentes-do-senado-e-camara-acatam-sugestoes-de-sandro-mabel-e-defendem-compra-de-vacinas-pelo-setor-privado\/#breadcrumb\"},\"inLanguage\":\"pt-BR\",\"potentialAction\":[{\"@type\":\"ReadAction\",\"target\":[\"https:\/\/juacontecimentos.com.br\/site\/presidentes-do-senado-e-camara-acatam-sugestoes-de-sandro-mabel-e-defendem-compra-de-vacinas-pelo-setor-privado\/\"]}]},{\"@type\":\"ImageObject\",\"inLanguage\":\"pt-BR\",\"@id\":\"https:\/\/juacontecimentos.com.br\/site\/presidentes-do-senado-e-camara-acatam-sugestoes-de-sandro-mabel-e-defendem-compra-de-vacinas-pelo-setor-privado\/#primaryimage\",\"url\":\"https:\/\/juacontecimentos.com.br\/site\/wp-content\/uploads\/2021\/03\/kkkkkkk-620x341.jpg\",\"contentUrl\":\"https:\/\/juacontecimentos.com.br\/site\/wp-content\/uploads\/2021\/03\/kkkkkkk-620x341.jpg\",\"width\":620,\"height\":341},{\"@type\":\"BreadcrumbList\",\"@id\":\"https:\/\/juacontecimentos.com.br\/site\/presidentes-do-senado-e-camara-acatam-sugestoes-de-sandro-mabel-e-defendem-compra-de-vacinas-pelo-setor-privado\/#breadcrumb\",\"itemListElement\":[{\"@type\":\"ListItem\",\"position\":1,\"name\":\"In\u00edcio\",\"item\":\"https:\/\/juacontecimentos.com.br\/site\/\"},{\"@type\":\"ListItem\",\"position\":2,\"name\":\"Presidentes do Senado e C\u00e2mara acatam sugest\u00f5es de Sandro Mabel e defendem compra de vacinas pelo setor privado\"}]},{\"@type\":\"WebSite\",\"@id\":\"https:\/\/juacontecimentos.com.br\/site\/#website\",\"url\":\"https:\/\/juacontecimentos.com.br\/site\/\",\"name\":\"Jornal Ultimos Acontecimentos\",\"description\":\"Catal\u00e3o e regi\u00e3o\",\"publisher\":{\"@id\":\"https:\/\/juacontecimentos.com.br\/site\/#organization\"},\"potentialAction\":[{\"@type\":\"SearchAction\",\"target\":{\"@type\":\"EntryPoint\",\"urlTemplate\":\"https:\/\/juacontecimentos.com.br\/site\/?s={search_term_string}\"},\"query-input\":{\"@type\":\"PropertyValueSpecification\",\"valueRequired\":true,\"valueName\":\"search_term_string\"}}],\"inLanguage\":\"pt-BR\"},{\"@type\":\"Organization\",\"@id\":\"https:\/\/juacontecimentos.com.br\/site\/#organization\",\"name\":\"Jornal Ultimos Acontecimentos\",\"url\":\"https:\/\/juacontecimentos.com.br\/site\/\",\"logo\":{\"@type\":\"ImageObject\",\"inLanguage\":\"pt-BR\",\"@id\":\"https:\/\/juacontecimentos.com.br\/site\/#\/schema\/logo\/image\/\",\"url\":\"https:\/\/juacontecimentos.com.br\/site\/wp-content\/uploads\/2023\/04\/Logo_Site.png\",\"contentUrl\":\"https:\/\/juacontecimentos.com.br\/site\/wp-content\/uploads\/2023\/04\/Logo_Site.png\",\"width\":2476,\"height\":530,\"caption\":\"Jornal Ultimos Acontecimentos\"},\"image\":{\"@id\":\"https:\/\/juacontecimentos.com.br\/site\/#\/schema\/logo\/image\/\"},\"sameAs\":[\"https:\/\/www.facebook.com\/jultimosacontecimentos\/\"]},{\"@type\":\"Person\",\"@id\":\"https:\/\/juacontecimentos.com.br\/site\/#\/schema\/person\/082a54e6d3fdd7a633291428521c9669\",\"name\":\"Reginaldo Ribeiro\",\"image\":{\"@type\":\"ImageObject\",\"inLanguage\":\"pt-BR\",\"@id\":\"https:\/\/juacontecimentos.com.br\/site\/#\/schema\/person\/image\/\",\"url\":\"https:\/\/secure.gravatar.com\/avatar\/5c16c6837c3490270a74d888c2a845728f06bdde1f8761de1de1d1d1ef82d12f?s=96&d=mm&r=g\",\"contentUrl\":\"https:\/\/secure.gravatar.com\/avatar\/5c16c6837c3490270a74d888c2a845728f06bdde1f8761de1de1d1d1ef82d12f?s=96&d=mm&r=g\",\"caption\":\"Reginaldo Ribeiro\"}}]}<\/script>\n<!-- \/ Yoast SEO plugin. -->","yoast_head_json":{"title":"Presidentes do Senado e C\u00e2mara acatam sugest\u00f5es de Sandro Mabel e defendem compra de vacinas pelo setor privado - Jornal Ultimos Acontecimentos","robots":{"index":"index","follow":"follow","max-snippet":"max-snippet:-1","max-image-preview":"max-image-preview:large","max-video-preview":"max-video-preview:-1"},"canonical":"https:\/\/juacontecimentos.com.br\/site\/presidentes-do-senado-e-camara-acatam-sugestoes-de-sandro-mabel-e-defendem-compra-de-vacinas-pelo-setor-privado\/","og_locale":"pt_BR","og_type":"article","og_title":"Presidentes do Senado e C\u00e2mara acatam sugest\u00f5es de Sandro Mabel e defendem compra de vacinas pelo setor privado - Jornal Ultimos Acontecimentos","og_description":"Os presidentes do Senado, Rodrigo Pacheco, e da C\u00e2mara dos Deputados, Arthur Lira, acataram integralmente as sugest\u00f5es a eles encaminhadas na semana passada pelo presidente da Federa\u00e7\u00e3o das Ind\u00fastrias do Estado de Goi\u00e1s (Fieg), Sandro Mabel. Em entrevista coletiva nesta quarta-feira (31), Pacheco e Lira defenderam a compra de vacinas pelo setor privado para ajudar","og_url":"https:\/\/juacontecimentos.com.br\/site\/presidentes-do-senado-e-camara-acatam-sugestoes-de-sandro-mabel-e-defendem-compra-de-vacinas-pelo-setor-privado\/","og_site_name":"Jornal Ultimos Acontecimentos","article_publisher":"https:\/\/www.facebook.com\/jultimosacontecimentos\/","article_published_time":"2021-04-01T00:21:39+00:00","og_image":[{"width":620,"height":341,"url":"https:\/\/juacontecimentos.com.br\/site\/wp-content\/uploads\/2021\/03\/kkkkkkk-620x341.jpg","type":"image\/jpeg"}],"author":"Reginaldo Ribeiro","twitter_card":"summary_large_image","twitter_misc":{"Escrito por":"Reginaldo Ribeiro","Est. tempo de leitura":"3 minutos"},"schema":{"@context":"https:\/\/schema.org","@graph":[{"@type":"Article","@id":"https:\/\/juacontecimentos.com.br\/site\/presidentes-do-senado-e-camara-acatam-sugestoes-de-sandro-mabel-e-defendem-compra-de-vacinas-pelo-setor-privado\/#article","isPartOf":{"@id":"https:\/\/juacontecimentos.com.br\/site\/presidentes-do-senado-e-camara-acatam-sugestoes-de-sandro-mabel-e-defendem-compra-de-vacinas-pelo-setor-privado\/"},"author":{"name":"Reginaldo Ribeiro","@id":"https:\/\/juacontecimentos.com.br\/site\/#\/schema\/person\/082a54e6d3fdd7a633291428521c9669"},"headline":"Presidentes do Senado e C\u00e2mara acatam sugest\u00f5es de Sandro Mabel e defendem compra de vacinas pelo setor privado","datePublished":"2021-04-01T00:21:39+00:00","mainEntityOfPage":{"@id":"https:\/\/juacontecimentos.com.br\/site\/presidentes-do-senado-e-camara-acatam-sugestoes-de-sandro-mabel-e-defendem-compra-de-vacinas-pelo-setor-privado\/"},"wordCount":677,"commentCount":0,"publisher":{"@id":"https:\/\/juacontecimentos.com.br\/site\/#organization"},"image":{"@id":"https:\/\/juacontecimentos.com.br\/site\/presidentes-do-senado-e-camara-acatam-sugestoes-de-sandro-mabel-e-defendem-compra-de-vacinas-pelo-setor-privado\/#primaryimage"},"thumbnailUrl":"https:\/\/juacontecimentos.com.br\/site\/wp-content\/uploads\/2021\/03\/kkkkkkk-620x341.jpg","articleSection":["Destaque","Edi\u00e7\u00f5es","Goi\u00e1s","V\u00eddeos"],"inLanguage":"pt-BR"},{"@type":"WebPage","@id":"https:\/\/juacontecimentos.com.br\/site\/presidentes-do-senado-e-camara-acatam-sugestoes-de-sandro-mabel-e-defendem-compra-de-vacinas-pelo-setor-privado\/","url":"https:\/\/juacontecimentos.com.br\/site\/presidentes-do-senado-e-camara-acatam-sugestoes-de-sandro-mabel-e-defendem-compra-de-vacinas-pelo-setor-privado\/","name":"Presidentes do Senado e C\u00e2mara acatam sugest\u00f5es de Sandro Mabel e defendem compra de vacinas pelo setor privado - Jornal Ultimos Acontecimentos","isPartOf":{"@id":"https:\/\/juacontecimentos.com.br\/site\/#website"},"primaryImageOfPage":{"@id":"https:\/\/juacontecimentos.com.br\/site\/presidentes-do-senado-e-camara-acatam-sugestoes-de-sandro-mabel-e-defendem-compra-de-vacinas-pelo-setor-privado\/#primaryimage"},"image":{"@id":"https:\/\/juacontecimentos.com.br\/site\/presidentes-do-senado-e-camara-acatam-sugestoes-de-sandro-mabel-e-defendem-compra-de-vacinas-pelo-setor-privado\/#primaryimage"},"thumbnailUrl":"https:\/\/juacontecimentos.com.br\/site\/wp-content\/uploads\/2021\/03\/kkkkkkk-620x341.jpg","datePublished":"2021-04-01T00:21:39+00:00","breadcrumb":{"@id":"https:\/\/juacontecimentos.com.br\/site\/presidentes-do-senado-e-camara-acatam-sugestoes-de-sandro-mabel-e-defendem-compra-de-vacinas-pelo-setor-privado\/#breadcrumb"},"inLanguage":"pt-BR","potentialAction":[{"@type":"ReadAction","target":["https:\/\/juacontecimentos.com.br\/site\/presidentes-do-senado-e-camara-acatam-sugestoes-de-sandro-mabel-e-defendem-compra-de-vacinas-pelo-setor-privado\/"]}]},{"@type":"ImageObject","inLanguage":"pt-BR","@id":"https:\/\/juacontecimentos.com.br\/site\/presidentes-do-senado-e-camara-acatam-sugestoes-de-sandro-mabel-e-defendem-compra-de-vacinas-pelo-setor-privado\/#primaryimage","url":"https:\/\/juacontecimentos.com.br\/site\/wp-content\/uploads\/2021\/03\/kkkkkkk-620x341.jpg","contentUrl":"https:\/\/juacontecimentos.com.br\/site\/wp-content\/uploads\/2021\/03\/kkkkkkk-620x341.jpg","width":620,"height":341},{"@type":"BreadcrumbList","@id":"https:\/\/juacontecimentos.com.br\/site\/presidentes-do-senado-e-camara-acatam-sugestoes-de-sandro-mabel-e-defendem-compra-de-vacinas-pelo-setor-privado\/#breadcrumb","itemListElement":[{"@type":"ListItem","position":1,"name":"In\u00edcio","item":"https:\/\/juacontecimentos.com.br\/site\/"},{"@type":"ListItem","position":2,"name":"Presidentes do Senado e C\u00e2mara acatam sugest\u00f5es de Sandro Mabel e defendem compra de vacinas pelo setor privado"}]},{"@type":"WebSite","@id":"https:\/\/juacontecimentos.com.br\/site\/#website","url":"https:\/\/juacontecimentos.com.br\/site\/","name":"Jornal Ultimos Acontecimentos","description":"Catal\u00e3o e regi\u00e3o","publisher":{"@id":"https:\/\/juacontecimentos.com.br\/site\/#organization"},"potentialAction":[{"@type":"SearchAction","target":{"@type":"EntryPoint","urlTemplate":"https:\/\/juacontecimentos.com.br\/site\/?s={search_term_string}"},"query-input":{"@type":"PropertyValueSpecification","valueRequired":true,"valueName":"search_term_string"}}],"inLanguage":"pt-BR"},{"@type":"Organization","@id":"https:\/\/juacontecimentos.com.br\/site\/#organization","name":"Jornal Ultimos Acontecimentos","url":"https:\/\/juacontecimentos.com.br\/site\/","logo":{"@type":"ImageObject","inLanguage":"pt-BR","@id":"https:\/\/juacontecimentos.com.br\/site\/#\/schema\/logo\/image\/","url":"https:\/\/juacontecimentos.com.br\/site\/wp-content\/uploads\/2023\/04\/Logo_Site.png","contentUrl":"https:\/\/juacontecimentos.com.br\/site\/wp-content\/uploads\/2023\/04\/Logo_Site.png","width":2476,"height":530,"caption":"Jornal Ultimos Acontecimentos"},"image":{"@id":"https:\/\/juacontecimentos.com.br\/site\/#\/schema\/logo\/image\/"},"sameAs":["https:\/\/www.facebook.com\/jultimosacontecimentos\/"]},{"@type":"Person","@id":"https:\/\/juacontecimentos.com.br\/site\/#\/schema\/person\/082a54e6d3fdd7a633291428521c9669","name":"Reginaldo Ribeiro","image":{"@type":"ImageObject","inLanguage":"pt-BR","@id":"https:\/\/juacontecimentos.com.br\/site\/#\/schema\/person\/image\/","url":"https:\/\/secure.gravatar.com\/avatar\/5c16c6837c3490270a74d888c2a845728f06bdde1f8761de1de1d1d1ef82d12f?s=96&d=mm&r=g","contentUrl":"https:\/\/secure.gravatar.com\/avatar\/5c16c6837c3490270a74d888c2a845728f06bdde1f8761de1de1d1d1ef82d12f?s=96&d=mm&r=g","caption":"Reginaldo Ribeiro"}}]}},"_links":{"self":[{"href":"https:\/\/juacontecimentos.com.br\/site\/wp-json\/wp\/v2\/posts\/13910","targetHints":{"allow":["GET"]}}],"collection":[{"href":"https:\/\/juacontecimentos.com.br\/site\/wp-json\/wp\/v2\/posts"}],"about":[{"href":"https:\/\/juacontecimentos.com.br\/site\/wp-json\/wp\/v2\/types\/post"}],"author":[{"embeddable":true,"href":"https:\/\/juacontecimentos.com.br\/site\/wp-json\/wp\/v2\/users\/2"}],"replies":[{"embeddable":true,"href":"https:\/\/juacontecimentos.com.br\/site\/wp-json\/wp\/v2\/comments?post=13910"}],"version-history":[{"count":1,"href":"https:\/\/juacontecimentos.com.br\/site\/wp-json\/wp\/v2\/posts\/13910\/revisions"}],"predecessor-version":[{"id":13912,"href":"https:\/\/juacontecimentos.com.br\/site\/wp-json\/wp\/v2\/posts\/13910\/revisions\/13912"}],"wp:featuredmedia":[{"embeddable":true,"href":"https:\/\/juacontecimentos.com.br\/site\/wp-json\/wp\/v2\/media\/13911"}],"wp:attachment":[{"href":"https:\/\/juacontecimentos.com.br\/site\/wp-json\/wp\/v2\/media?parent=13910"}],"wp:term":[{"taxonomy":"category","embeddable":true,"href":"https:\/\/juacontecimentos.com.br\/site\/wp-json\/wp\/v2\/categories?post=13910"},{"taxonomy":"post_tag","embeddable":true,"href":"https:\/\/juacontecimentos.com.br\/site\/wp-json\/wp\/v2\/tags?post=13910"}],"curies":[{"name":"wp","href":"https:\/\/api.w.org\/{rel}","templated":true}]}}