{"id":14049,"date":"2021-04-11T08:16:55","date_gmt":"2021-04-11T11:16:55","guid":{"rendered":"https:\/\/juacontecimentos.com.br\/site\/?p=14049"},"modified":"2021-04-11T08:17:11","modified_gmt":"2021-04-11T11:17:11","slug":"general-mourao-e-cotado-para-disputar-presidencia-contra-bolsonaro","status":"publish","type":"post","link":"https:\/\/juacontecimentos.com.br\/site\/general-mourao-e-cotado-para-disputar-presidencia-contra-bolsonaro\/","title":{"rendered":"General Mour\u00e3o \u00e9 cotado para disputar Presid\u00eancia contra Bolsonaro"},"content":{"rendered":"<p><img loading=\"lazy\" decoding=\"async\" class=\"alignnone size-medium wp-image-14050\" src=\"https:\/\/juacontecimentos.com.br\/site\/wp-content\/uploads\/2021\/04\/Bolsonaro-e-Mour\u00e3o-1-1-300x168.jpg\" alt=\"\" width=\"300\" height=\"168\" srcset=\"https:\/\/juacontecimentos.com.br\/site\/wp-content\/uploads\/2021\/04\/Bolsonaro-e-Mour\u00e3o-1-1-300x168.jpg 300w, https:\/\/juacontecimentos.com.br\/site\/wp-content\/uploads\/2021\/04\/Bolsonaro-e-Mour\u00e3o-1-1-768x430.jpg 768w, https:\/\/juacontecimentos.com.br\/site\/wp-content\/uploads\/2021\/04\/Bolsonaro-e-Mour\u00e3o-1-1.jpg 980w\" sizes=\"auto, (max-width: 300px) 100vw, 300px\" \/><\/p>\n<p><strong>O militar \u00e9 leal, mas o presidente o rejeita. O PRTB pode banc\u00e1-lo para presidente, governador ou senador<\/strong><\/p>\n<p>O presidente Jair Bolsonaro n\u00e3o gosta de seu vice, o general Hamilton Mour\u00e3o. Primeiro, porque \u00e9 um general, e ele n\u00e3o passou de capit\u00e3o. Segundo, avalia que o vice n\u00e3o o defende com suficiente energia. Terceiro, parece acreditar que o militar conspira contra ele, torcendo, subterraneamente, contra o governo \u2014 por um poss\u00edvel impeachment \u2014 e sua reelei\u00e7\u00e3o.<\/p>\n<div class=\"wp-caption aligncenter\">\n<p><img loading=\"lazy\" decoding=\"async\" class=\"size-large wp-image-174796 jetpack-lazy-image jetpack-lazy-image--handled\" src=\"https:\/\/i2.wp.com\/www.jornalopcao.com.br\/wp-content\/uploads\/2019\/03\/Bolsonaro-e-Mour%C3%A3o-1-1.jpg?resize=620%2C347&amp;ssl=1\" srcset=\"https:\/\/i2.wp.com\/www.jornalopcao.com.br\/wp-content\/uploads\/2019\/03\/Bolsonaro-e-Mour\u00e3o-1-1.jpg?resize=620%2C347&amp;ssl=1 620w, https:\/\/i2.wp.com\/www.jornalopcao.com.br\/wp-content\/uploads\/2019\/03\/Bolsonaro-e-Mour\u00e3o-1-1.jpg?resize=300%2C168&amp;ssl=1 300w, https:\/\/i2.wp.com\/www.jornalopcao.com.br\/wp-content\/uploads\/2019\/03\/Bolsonaro-e-Mour\u00e3o-1-1.jpg?resize=768%2C430&amp;ssl=1 768w, https:\/\/i2.wp.com\/www.jornalopcao.com.br\/wp-content\/uploads\/2019\/03\/Bolsonaro-e-Mour\u00e3o-1-1.jpg?resize=600%2C336&amp;ssl=1 600w, https:\/\/i2.wp.com\/www.jornalopcao.com.br\/wp-content\/uploads\/2019\/03\/Bolsonaro-e-Mour\u00e3o-1-1.jpg?w=980&amp;ssl=1 980w\" alt=\"\" width=\"620\" height=\"347\" \/><\/p>\n<p class=\"wp-caption-text\">Jair Bolsonaro, presidente da Rep\u00fablica, e Hamilton Mour\u00e3o, vice-presidente: cena que dificilmente se repetir\u00e1 em 2022 | Foto: Reprodu\u00e7\u00e3o<\/p>\n<\/div>\n<p>Discreto, Mour\u00e3o n\u00e3o diz, publicamente, que n\u00e3o aprecia Bolsonaro. Mas ningu\u00e9m gosta de uma pessoa que n\u00e3o lhe tem apre\u00e7o. Mais preparado do que o capit\u00e3o, que pouco entende de Amaz\u00f4nia e parece acreditar que a ci\u00eancia \u00e9 uma \u201carma\u201d comunista, Mour\u00e3o tem dado provas de que \u00e9 um ap\u00f3stolo da democracia. O capit\u00e3o deixa a impress\u00e3o de que apenas tolera a democracia, considerando-a uma esp\u00e9cie de empecilho aos seus projetos aparentemente autorit\u00e1rios. Se um filho diz que, para fechar o Supremo Tribunal Federal, basta um cabo e um soldado, e o presidente n\u00e3o o admoesta, \u00e9 sinal que concorda com a prega\u00e7\u00e3o autorit\u00e1ria.<\/p>\n<p>A m\u00e1 gest\u00e3o da quest\u00e3o ambiental, que est\u00e1 prejudicando a imagem do Brasil \u2014 internamente e no exterior \u2014, portanto de sua economia, \u00e9 bem compreendida por Mour\u00e3o. Mas n\u00e3o por Bolsonaro, que parece n\u00e3o perceber o cerco que os Estados Unidos e a Europa est\u00e3o promovendo contra o pa\u00eds.<\/p>\n<p>Dados a compet\u00eancia e ao conhecimento de Mour\u00e3o a respeito das quest\u00f5es internas e internacionais, h\u00e1 quem postule que, em 2022, deve ser candidato a presidente da Rep\u00fablica. No caso da direita civilizada, seria uma op\u00e7\u00e3o palat\u00e1vel tanto contra Bolsonaro, l\u00edder de uma direita n\u00e3o iluminista, quanto de Lula da Silva, l\u00edder de uma esquerda que, quando no poder, se corrompeu e corrompeu o sistema pol\u00edtica e empresarial.<\/p>\n<p>Por ser vice-presidente, e leal, mesmo a quem n\u00e3o merece, Mour\u00e3o n\u00e3o admite nem discutir sua candidatura a presidente. Mas h\u00e1 quem aposte que est\u00e1 pronto para a disputa. No PRTB, seu partido, h\u00e1 quem avalie que, se n\u00e3o disputar a Presid\u00eancia, ser\u00e1 candidato a senador, a governador ou deputado federal. Ele teria tomado gosto pela pol\u00edtica e n\u00e3o quer sair do palco nos pr\u00f3ximos anos.<\/p>\n<p>Uma coisa \u00e9 certa: Bolsonaro est\u00e1 disposto a afastar Mour\u00e3o da chapa majorit\u00e1ria em 2022. Seu vice ser\u00e1 um integrante do centr\u00e3o ou ent\u00e3o um pol\u00edtico terrivelmente evang\u00e9lico.<\/p>\n<p>A direita brasileira hoje tem tr\u00eas alternativas \u2014 Bolsonaro, Mour\u00e3o e Sergio Moro.<br \/>\n<\/p>\n","protected":false},"excerpt":{"rendered":"<p>O militar \u00e9 leal, mas o presidente o rejeita. O PRTB pode banc\u00e1-lo para presidente, governador ou senador O presidente Jair Bolsonaro n\u00e3o gosta de seu vice, o general Hamilton Mour\u00e3o. Primeiro, porque \u00e9 um general, e ele n\u00e3o passou de capit\u00e3o. Segundo, avalia que o vice n\u00e3o o defende com suficiente energia. Terceiro, parece<\/p>\n","protected":false},"author":2,"featured_media":14050,"comment_status":"open","ping_status":"open","sticky":false,"template":"","format":"standard","meta":{"footnotes":""},"categories":[27,22,26,23],"tags":[],"class_list":["post-14049","post","type-post","status-publish","format-standard","has-post-thumbnail","hentry","category-brasil","category-catalao","category-destaque","category-goias"],"yoast_head":"<!-- This site is optimized with the Yoast SEO plugin v25.8 - https:\/\/yoast.com\/wordpress\/plugins\/seo\/ -->\n<title>General Mour\u00e3o \u00e9 cotado para disputar Presid\u00eancia contra Bolsonaro - Jornal Ultimos Acontecimentos<\/title>\n<meta name=\"robots\" content=\"index, follow, max-snippet:-1, max-image-preview:large, max-video-preview:-1\" \/>\n<link rel=\"canonical\" href=\"https:\/\/juacontecimentos.com.br\/site\/general-mourao-e-cotado-para-disputar-presidencia-contra-bolsonaro\/\" \/>\n<meta property=\"og:locale\" content=\"pt_BR\" \/>\n<meta property=\"og:type\" content=\"article\" \/>\n<meta property=\"og:title\" content=\"General Mour\u00e3o \u00e9 cotado para disputar Presid\u00eancia contra Bolsonaro - Jornal Ultimos Acontecimentos\" \/>\n<meta property=\"og:description\" content=\"O militar \u00e9 leal, mas o presidente o rejeita. O PRTB pode banc\u00e1-lo para presidente, governador ou senador O presidente Jair Bolsonaro n\u00e3o gosta de seu vice, o general Hamilton Mour\u00e3o. Primeiro, porque \u00e9 um general, e ele n\u00e3o passou de capit\u00e3o. Segundo, avalia que o vice n\u00e3o o defende com suficiente energia. Terceiro, parece\" \/>\n<meta property=\"og:url\" content=\"https:\/\/juacontecimentos.com.br\/site\/general-mourao-e-cotado-para-disputar-presidencia-contra-bolsonaro\/\" \/>\n<meta property=\"og:site_name\" content=\"Jornal Ultimos Acontecimentos\" \/>\n<meta property=\"article:publisher\" content=\"https:\/\/www.facebook.com\/jultimosacontecimentos\/\" \/>\n<meta property=\"article:published_time\" content=\"2021-04-11T11:16:55+00:00\" \/>\n<meta property=\"article:modified_time\" content=\"2021-04-11T11:17:11+00:00\" \/>\n<meta property=\"og:image\" content=\"https:\/\/juacontecimentos.com.br\/site\/wp-content\/uploads\/2021\/04\/Bolsonaro-e-Mour\u00e3o-1-1.jpg\" \/>\n\t<meta property=\"og:image:width\" content=\"980\" \/>\n\t<meta property=\"og:image:height\" content=\"549\" \/>\n\t<meta property=\"og:image:type\" content=\"image\/jpeg\" \/>\n<meta name=\"author\" content=\"Reginaldo Ribeiro\" \/>\n<meta name=\"twitter:card\" content=\"summary_large_image\" \/>\n<meta name=\"twitter:label1\" content=\"Escrito por\" \/>\n\t<meta name=\"twitter:data1\" content=\"Reginaldo Ribeiro\" \/>\n\t<meta name=\"twitter:label2\" content=\"Est. tempo de leitura\" \/>\n\t<meta name=\"twitter:data2\" content=\"2 minutos\" \/>\n<script type=\"application\/ld+json\" class=\"yoast-schema-graph\">{\"@context\":\"https:\/\/schema.org\",\"@graph\":[{\"@type\":\"Article\",\"@id\":\"https:\/\/juacontecimentos.com.br\/site\/general-mourao-e-cotado-para-disputar-presidencia-contra-bolsonaro\/#article\",\"isPartOf\":{\"@id\":\"https:\/\/juacontecimentos.com.br\/site\/general-mourao-e-cotado-para-disputar-presidencia-contra-bolsonaro\/\"},\"author\":{\"name\":\"Reginaldo Ribeiro\",\"@id\":\"https:\/\/juacontecimentos.com.br\/site\/#\/schema\/person\/082a54e6d3fdd7a633291428521c9669\"},\"headline\":\"General Mour\u00e3o \u00e9 cotado para disputar Presid\u00eancia contra Bolsonaro\",\"datePublished\":\"2021-04-11T11:16:55+00:00\",\"dateModified\":\"2021-04-11T11:17:11+00:00\",\"mainEntityOfPage\":{\"@id\":\"https:\/\/juacontecimentos.com.br\/site\/general-mourao-e-cotado-para-disputar-presidencia-contra-bolsonaro\/\"},\"wordCount\":480,\"commentCount\":0,\"publisher\":{\"@id\":\"https:\/\/juacontecimentos.com.br\/site\/#organization\"},\"image\":{\"@id\":\"https:\/\/juacontecimentos.com.br\/site\/general-mourao-e-cotado-para-disputar-presidencia-contra-bolsonaro\/#primaryimage\"},\"thumbnailUrl\":\"https:\/\/juacontecimentos.com.br\/site\/wp-content\/uploads\/2021\/04\/Bolsonaro-e-Mour\u00e3o-1-1.jpg\",\"articleSection\":[\"Brasil\",\"Catal\u00e3o\",\"Destaque\",\"Goi\u00e1s\"],\"inLanguage\":\"pt-BR\"},{\"@type\":\"WebPage\",\"@id\":\"https:\/\/juacontecimentos.com.br\/site\/general-mourao-e-cotado-para-disputar-presidencia-contra-bolsonaro\/\",\"url\":\"https:\/\/juacontecimentos.com.br\/site\/general-mourao-e-cotado-para-disputar-presidencia-contra-bolsonaro\/\",\"name\":\"General Mour\u00e3o \u00e9 cotado para disputar Presid\u00eancia contra Bolsonaro - Jornal Ultimos Acontecimentos\",\"isPartOf\":{\"@id\":\"https:\/\/juacontecimentos.com.br\/site\/#website\"},\"primaryImageOfPage\":{\"@id\":\"https:\/\/juacontecimentos.com.br\/site\/general-mourao-e-cotado-para-disputar-presidencia-contra-bolsonaro\/#primaryimage\"},\"image\":{\"@id\":\"https:\/\/juacontecimentos.com.br\/site\/general-mourao-e-cotado-para-disputar-presidencia-contra-bolsonaro\/#primaryimage\"},\"thumbnailUrl\":\"https:\/\/juacontecimentos.com.br\/site\/wp-content\/uploads\/2021\/04\/Bolsonaro-e-Mour\u00e3o-1-1.jpg\",\"datePublished\":\"2021-04-11T11:16:55+00:00\",\"dateModified\":\"2021-04-11T11:17:11+00:00\",\"breadcrumb\":{\"@id\":\"https:\/\/juacontecimentos.com.br\/site\/general-mourao-e-cotado-para-disputar-presidencia-contra-bolsonaro\/#breadcrumb\"},\"inLanguage\":\"pt-BR\",\"potentialAction\":[{\"@type\":\"ReadAction\",\"target\":[\"https:\/\/juacontecimentos.com.br\/site\/general-mourao-e-cotado-para-disputar-presidencia-contra-bolsonaro\/\"]}]},{\"@type\":\"ImageObject\",\"inLanguage\":\"pt-BR\",\"@id\":\"https:\/\/juacontecimentos.com.br\/site\/general-mourao-e-cotado-para-disputar-presidencia-contra-bolsonaro\/#primaryimage\",\"url\":\"https:\/\/juacontecimentos.com.br\/site\/wp-content\/uploads\/2021\/04\/Bolsonaro-e-Mour\u00e3o-1-1.jpg\",\"contentUrl\":\"https:\/\/juacontecimentos.com.br\/site\/wp-content\/uploads\/2021\/04\/Bolsonaro-e-Mour\u00e3o-1-1.jpg\",\"width\":980,\"height\":549},{\"@type\":\"BreadcrumbList\",\"@id\":\"https:\/\/juacontecimentos.com.br\/site\/general-mourao-e-cotado-para-disputar-presidencia-contra-bolsonaro\/#breadcrumb\",\"itemListElement\":[{\"@type\":\"ListItem\",\"position\":1,\"name\":\"In\u00edcio\",\"item\":\"https:\/\/juacontecimentos.com.br\/site\/\"},{\"@type\":\"ListItem\",\"position\":2,\"name\":\"General Mour\u00e3o \u00e9 cotado para disputar Presid\u00eancia contra Bolsonaro\"}]},{\"@type\":\"WebSite\",\"@id\":\"https:\/\/juacontecimentos.com.br\/site\/#website\",\"url\":\"https:\/\/juacontecimentos.com.br\/site\/\",\"name\":\"Jornal Ultimos Acontecimentos\",\"description\":\"Catal\u00e3o e regi\u00e3o\",\"publisher\":{\"@id\":\"https:\/\/juacontecimentos.com.br\/site\/#organization\"},\"potentialAction\":[{\"@type\":\"SearchAction\",\"target\":{\"@type\":\"EntryPoint\",\"urlTemplate\":\"https:\/\/juacontecimentos.com.br\/site\/?s={search_term_string}\"},\"query-input\":{\"@type\":\"PropertyValueSpecification\",\"valueRequired\":true,\"valueName\":\"search_term_string\"}}],\"inLanguage\":\"pt-BR\"},{\"@type\":\"Organization\",\"@id\":\"https:\/\/juacontecimentos.com.br\/site\/#organization\",\"name\":\"Jornal Ultimos Acontecimentos\",\"url\":\"https:\/\/juacontecimentos.com.br\/site\/\",\"logo\":{\"@type\":\"ImageObject\",\"inLanguage\":\"pt-BR\",\"@id\":\"https:\/\/juacontecimentos.com.br\/site\/#\/schema\/logo\/image\/\",\"url\":\"https:\/\/juacontecimentos.com.br\/site\/wp-content\/uploads\/2023\/04\/Logo_Site.png\",\"contentUrl\":\"https:\/\/juacontecimentos.com.br\/site\/wp-content\/uploads\/2023\/04\/Logo_Site.png\",\"width\":2476,\"height\":530,\"caption\":\"Jornal Ultimos Acontecimentos\"},\"image\":{\"@id\":\"https:\/\/juacontecimentos.com.br\/site\/#\/schema\/logo\/image\/\"},\"sameAs\":[\"https:\/\/www.facebook.com\/jultimosacontecimentos\/\"]},{\"@type\":\"Person\",\"@id\":\"https:\/\/juacontecimentos.com.br\/site\/#\/schema\/person\/082a54e6d3fdd7a633291428521c9669\",\"name\":\"Reginaldo Ribeiro\",\"image\":{\"@type\":\"ImageObject\",\"inLanguage\":\"pt-BR\",\"@id\":\"https:\/\/juacontecimentos.com.br\/site\/#\/schema\/person\/image\/\",\"url\":\"https:\/\/secure.gravatar.com\/avatar\/5c16c6837c3490270a74d888c2a845728f06bdde1f8761de1de1d1d1ef82d12f?s=96&d=mm&r=g\",\"contentUrl\":\"https:\/\/secure.gravatar.com\/avatar\/5c16c6837c3490270a74d888c2a845728f06bdde1f8761de1de1d1d1ef82d12f?s=96&d=mm&r=g\",\"caption\":\"Reginaldo Ribeiro\"}}]}<\/script>\n<!-- \/ Yoast SEO plugin. -->","yoast_head_json":{"title":"General Mour\u00e3o \u00e9 cotado para disputar Presid\u00eancia contra Bolsonaro - Jornal Ultimos Acontecimentos","robots":{"index":"index","follow":"follow","max-snippet":"max-snippet:-1","max-image-preview":"max-image-preview:large","max-video-preview":"max-video-preview:-1"},"canonical":"https:\/\/juacontecimentos.com.br\/site\/general-mourao-e-cotado-para-disputar-presidencia-contra-bolsonaro\/","og_locale":"pt_BR","og_type":"article","og_title":"General Mour\u00e3o \u00e9 cotado para disputar Presid\u00eancia contra Bolsonaro - Jornal Ultimos Acontecimentos","og_description":"O militar \u00e9 leal, mas o presidente o rejeita. O PRTB pode banc\u00e1-lo para presidente, governador ou senador O presidente Jair Bolsonaro n\u00e3o gosta de seu vice, o general Hamilton Mour\u00e3o. Primeiro, porque \u00e9 um general, e ele n\u00e3o passou de capit\u00e3o. Segundo, avalia que o vice n\u00e3o o defende com suficiente energia. Terceiro, parece","og_url":"https:\/\/juacontecimentos.com.br\/site\/general-mourao-e-cotado-para-disputar-presidencia-contra-bolsonaro\/","og_site_name":"Jornal Ultimos Acontecimentos","article_publisher":"https:\/\/www.facebook.com\/jultimosacontecimentos\/","article_published_time":"2021-04-11T11:16:55+00:00","article_modified_time":"2021-04-11T11:17:11+00:00","og_image":[{"width":980,"height":549,"url":"https:\/\/juacontecimentos.com.br\/site\/wp-content\/uploads\/2021\/04\/Bolsonaro-e-Mour\u00e3o-1-1.jpg","type":"image\/jpeg"}],"author":"Reginaldo Ribeiro","twitter_card":"summary_large_image","twitter_misc":{"Escrito por":"Reginaldo Ribeiro","Est. tempo de leitura":"2 minutos"},"schema":{"@context":"https:\/\/schema.org","@graph":[{"@type":"Article","@id":"https:\/\/juacontecimentos.com.br\/site\/general-mourao-e-cotado-para-disputar-presidencia-contra-bolsonaro\/#article","isPartOf":{"@id":"https:\/\/juacontecimentos.com.br\/site\/general-mourao-e-cotado-para-disputar-presidencia-contra-bolsonaro\/"},"author":{"name":"Reginaldo Ribeiro","@id":"https:\/\/juacontecimentos.com.br\/site\/#\/schema\/person\/082a54e6d3fdd7a633291428521c9669"},"headline":"General Mour\u00e3o \u00e9 cotado para disputar Presid\u00eancia contra Bolsonaro","datePublished":"2021-04-11T11:16:55+00:00","dateModified":"2021-04-11T11:17:11+00:00","mainEntityOfPage":{"@id":"https:\/\/juacontecimentos.com.br\/site\/general-mourao-e-cotado-para-disputar-presidencia-contra-bolsonaro\/"},"wordCount":480,"commentCount":0,"publisher":{"@id":"https:\/\/juacontecimentos.com.br\/site\/#organization"},"image":{"@id":"https:\/\/juacontecimentos.com.br\/site\/general-mourao-e-cotado-para-disputar-presidencia-contra-bolsonaro\/#primaryimage"},"thumbnailUrl":"https:\/\/juacontecimentos.com.br\/site\/wp-content\/uploads\/2021\/04\/Bolsonaro-e-Mour\u00e3o-1-1.jpg","articleSection":["Brasil","Catal\u00e3o","Destaque","Goi\u00e1s"],"inLanguage":"pt-BR"},{"@type":"WebPage","@id":"https:\/\/juacontecimentos.com.br\/site\/general-mourao-e-cotado-para-disputar-presidencia-contra-bolsonaro\/","url":"https:\/\/juacontecimentos.com.br\/site\/general-mourao-e-cotado-para-disputar-presidencia-contra-bolsonaro\/","name":"General Mour\u00e3o \u00e9 cotado para disputar Presid\u00eancia contra Bolsonaro - Jornal Ultimos Acontecimentos","isPartOf":{"@id":"https:\/\/juacontecimentos.com.br\/site\/#website"},"primaryImageOfPage":{"@id":"https:\/\/juacontecimentos.com.br\/site\/general-mourao-e-cotado-para-disputar-presidencia-contra-bolsonaro\/#primaryimage"},"image":{"@id":"https:\/\/juacontecimentos.com.br\/site\/general-mourao-e-cotado-para-disputar-presidencia-contra-bolsonaro\/#primaryimage"},"thumbnailUrl":"https:\/\/juacontecimentos.com.br\/site\/wp-content\/uploads\/2021\/04\/Bolsonaro-e-Mour\u00e3o-1-1.jpg","datePublished":"2021-04-11T11:16:55+00:00","dateModified":"2021-04-11T11:17:11+00:00","breadcrumb":{"@id":"https:\/\/juacontecimentos.com.br\/site\/general-mourao-e-cotado-para-disputar-presidencia-contra-bolsonaro\/#breadcrumb"},"inLanguage":"pt-BR","potentialAction":[{"@type":"ReadAction","target":["https:\/\/juacontecimentos.com.br\/site\/general-mourao-e-cotado-para-disputar-presidencia-contra-bolsonaro\/"]}]},{"@type":"ImageObject","inLanguage":"pt-BR","@id":"https:\/\/juacontecimentos.com.br\/site\/general-mourao-e-cotado-para-disputar-presidencia-contra-bolsonaro\/#primaryimage","url":"https:\/\/juacontecimentos.com.br\/site\/wp-content\/uploads\/2021\/04\/Bolsonaro-e-Mour\u00e3o-1-1.jpg","contentUrl":"https:\/\/juacontecimentos.com.br\/site\/wp-content\/uploads\/2021\/04\/Bolsonaro-e-Mour\u00e3o-1-1.jpg","width":980,"height":549},{"@type":"BreadcrumbList","@id":"https:\/\/juacontecimentos.com.br\/site\/general-mourao-e-cotado-para-disputar-presidencia-contra-bolsonaro\/#breadcrumb","itemListElement":[{"@type":"ListItem","position":1,"name":"In\u00edcio","item":"https:\/\/juacontecimentos.com.br\/site\/"},{"@type":"ListItem","position":2,"name":"General Mour\u00e3o \u00e9 cotado para disputar Presid\u00eancia contra Bolsonaro"}]},{"@type":"WebSite","@id":"https:\/\/juacontecimentos.com.br\/site\/#website","url":"https:\/\/juacontecimentos.com.br\/site\/","name":"Jornal Ultimos Acontecimentos","description":"Catal\u00e3o e regi\u00e3o","publisher":{"@id":"https:\/\/juacontecimentos.com.br\/site\/#organization"},"potentialAction":[{"@type":"SearchAction","target":{"@type":"EntryPoint","urlTemplate":"https:\/\/juacontecimentos.com.br\/site\/?s={search_term_string}"},"query-input":{"@type":"PropertyValueSpecification","valueRequired":true,"valueName":"search_term_string"}}],"inLanguage":"pt-BR"},{"@type":"Organization","@id":"https:\/\/juacontecimentos.com.br\/site\/#organization","name":"Jornal Ultimos Acontecimentos","url":"https:\/\/juacontecimentos.com.br\/site\/","logo":{"@type":"ImageObject","inLanguage":"pt-BR","@id":"https:\/\/juacontecimentos.com.br\/site\/#\/schema\/logo\/image\/","url":"https:\/\/juacontecimentos.com.br\/site\/wp-content\/uploads\/2023\/04\/Logo_Site.png","contentUrl":"https:\/\/juacontecimentos.com.br\/site\/wp-content\/uploads\/2023\/04\/Logo_Site.png","width":2476,"height":530,"caption":"Jornal Ultimos Acontecimentos"},"image":{"@id":"https:\/\/juacontecimentos.com.br\/site\/#\/schema\/logo\/image\/"},"sameAs":["https:\/\/www.facebook.com\/jultimosacontecimentos\/"]},{"@type":"Person","@id":"https:\/\/juacontecimentos.com.br\/site\/#\/schema\/person\/082a54e6d3fdd7a633291428521c9669","name":"Reginaldo Ribeiro","image":{"@type":"ImageObject","inLanguage":"pt-BR","@id":"https:\/\/juacontecimentos.com.br\/site\/#\/schema\/person\/image\/","url":"https:\/\/secure.gravatar.com\/avatar\/5c16c6837c3490270a74d888c2a845728f06bdde1f8761de1de1d1d1ef82d12f?s=96&d=mm&r=g","contentUrl":"https:\/\/secure.gravatar.com\/avatar\/5c16c6837c3490270a74d888c2a845728f06bdde1f8761de1de1d1d1ef82d12f?s=96&d=mm&r=g","caption":"Reginaldo Ribeiro"}}]}},"_links":{"self":[{"href":"https:\/\/juacontecimentos.com.br\/site\/wp-json\/wp\/v2\/posts\/14049","targetHints":{"allow":["GET"]}}],"collection":[{"href":"https:\/\/juacontecimentos.com.br\/site\/wp-json\/wp\/v2\/posts"}],"about":[{"href":"https:\/\/juacontecimentos.com.br\/site\/wp-json\/wp\/v2\/types\/post"}],"author":[{"embeddable":true,"href":"https:\/\/juacontecimentos.com.br\/site\/wp-json\/wp\/v2\/users\/2"}],"replies":[{"embeddable":true,"href":"https:\/\/juacontecimentos.com.br\/site\/wp-json\/wp\/v2\/comments?post=14049"}],"version-history":[{"count":2,"href":"https:\/\/juacontecimentos.com.br\/site\/wp-json\/wp\/v2\/posts\/14049\/revisions"}],"predecessor-version":[{"id":14052,"href":"https:\/\/juacontecimentos.com.br\/site\/wp-json\/wp\/v2\/posts\/14049\/revisions\/14052"}],"wp:featuredmedia":[{"embeddable":true,"href":"https:\/\/juacontecimentos.com.br\/site\/wp-json\/wp\/v2\/media\/14050"}],"wp:attachment":[{"href":"https:\/\/juacontecimentos.com.br\/site\/wp-json\/wp\/v2\/media?parent=14049"}],"wp:term":[{"taxonomy":"category","embeddable":true,"href":"https:\/\/juacontecimentos.com.br\/site\/wp-json\/wp\/v2\/categories?post=14049"},{"taxonomy":"post_tag","embeddable":true,"href":"https:\/\/juacontecimentos.com.br\/site\/wp-json\/wp\/v2\/tags?post=14049"}],"curies":[{"name":"wp","href":"https:\/\/api.w.org\/{rel}","templated":true}]}}