{"id":14125,"date":"2021-04-15T05:06:11","date_gmt":"2021-04-15T08:06:11","guid":{"rendered":"https:\/\/juacontecimentos.com.br\/site\/?p=14125"},"modified":"2021-04-15T05:06:11","modified_gmt":"2021-04-15T08:06:11","slug":"por-10-1-stf-confirma-cpi-da-covid-e-mostra-unidade-entre-parlamentares","status":"publish","type":"post","link":"https:\/\/juacontecimentos.com.br\/site\/por-10-1-stf-confirma-cpi-da-covid-e-mostra-unidade-entre-parlamentares\/","title":{"rendered":"Por 10 a 1, STF confirma CPI da Covid e mostra unidade entre parlamentares"},"content":{"rendered":"<h3>Corte deixa Senado sob press\u00e3o para investigar a\u00e7\u00f5es e omiss\u00f5es do governo no combate \u00e0 Covid-19; decis\u00e3o constitui derrota para Bolsonaro<img loading=\"lazy\" decoding=\"async\" class=\"alignnone size-medium wp-image-14126\" src=\"https:\/\/juacontecimentos.com.br\/site\/wp-content\/uploads\/2021\/04\/image-3-2-300x200.jpg\" alt=\"\" width=\"300\" height=\"200\" srcset=\"https:\/\/juacontecimentos.com.br\/site\/wp-content\/uploads\/2021\/04\/image-3-2-300x200.jpg 300w, https:\/\/juacontecimentos.com.br\/site\/wp-content\/uploads\/2021\/04\/image-3-2-768x512.jpg 768w, https:\/\/juacontecimentos.com.br\/site\/wp-content\/uploads\/2021\/04\/image-3-2.jpg 800w\" sizes=\"auto, (max-width: 300px) 100vw, 300px\" \/><\/h3>\n<p class=\"TEXTO\">O STF (Supremo Tribunal Federal) decidiu nesta quarta-feira (14) confirmar a decis\u00e3o do ministro Lu\u00eds Roberto Barroso de mandar o Senado instalar a CPI da Covid. Por 10 votos a 1, os ministros concordaram que, como a minoria da Casa Legislativa conseguiu apoio de um ter\u00e7o dos parlamentares, h\u00e1 o direito de abrir uma comiss\u00e3o para apurar a\u00e7\u00f5es e poss\u00edveis omiss\u00f5es do governo Jair Bolsonaro na condu\u00e7\u00e3o da crise sanit\u00e1ria decorrente da pandemia do coronav\u00edrus.<\/p>\n<p class=\"TEXTO\">A decis\u00e3o representa uma derrota para o presidente Jair Bolsonaro, que trabalhou para evitar a instala\u00e7\u00e3o da comiss\u00e3o, e refor\u00e7ou a press\u00e3o sobre o Senado.<\/p>\n<p class=\"TEXTO\">O placar tamb\u00e9m indicou uma unidade do Supremo em meio \u00e0 crise entre os Poderes e aos ataques de Bolsonaro a Barroso ap\u00f3s a decis\u00e3o monocr\u00e1tica do ministro. At\u00e9 o ministro Kassio Nunes Marques, indicado pelo atual presidente e tratado como aliado por bolsonaristas, endossou a maioria.<\/p>\n<p class=\"TEXTO\">Na vota\u00e7\u00e3o desta quarta, os magistrados entenderam que est\u00e3o presentes os tr\u00eas requisitos exigidos pela Constitui\u00e7\u00e3o para cria\u00e7\u00e3o de CPI, que s\u00e3o, al\u00e9m da assinatura de ao menos 27 senadores, a indica\u00e7\u00e3o de fato determinado a ser investigado e a defini\u00e7\u00e3o de prazo de dura\u00e7\u00e3o.<\/p>\n<p class=\"TEXTO\">Apenas o ministro Marco Aur\u00e9lio divergiu. Ele defendeu que decis\u00f5es tomadas pelo relator de maneira individual em mandados de seguran\u00e7a n\u00e3o precisam ser analisadas pelo plen\u00e1rio.<\/p>\n<p class=\"TEXTO\">O magistrado n\u00e3o votou em rela\u00e7\u00e3o ao m\u00e9rito da ordem de instala\u00e7\u00e3o da CPI e apenas afirmou que n\u00e3o concordava com a forma do julgamento.<\/p>\n<p class=\"TEXTO\">\u201cO que ocorre se o plen\u00e1rio admitir hoje o instituto do referendo da liminar em mandado de seguran\u00e7a? Estar\u00e1 a impetra\u00e7\u00e3o esvaziada. Estar\u00e1 inobservada a pr\u00f3pria lei que rege essa interpreta\u00e7\u00e3o, no que sinaliza que a atribui\u00e7\u00e3o para implemento de tutela de urg\u00eancia ou para indeferir a tutela \u00e9 unicamente do relator\u201d, disse.<\/p>\n<p class=\"TEXTO\">Ap\u00f3s a ordem judicial de Barroso, Bolsonaro mobilizou sua base aliada e conseguiu ampliar o objeto da CPI para que tamb\u00e9m apure os repasses do governo federal a Estados e munic\u00edpios, o que dilui a press\u00e3o de uma investiga\u00e7\u00e3o focada apenas no Pal\u00e1cio do Planalto.<\/p>\n<p class=\"TEXTO\">O requerimento de cria\u00e7\u00e3o da CPI foi lido na ter\u00e7a-feira (13) pelo presidente do Senado, Rodrigo Pacheco (DEM-MG).<\/p>\n<p class=\"TEXTO\">Em meio \u00e0 press\u00e3o da base governista para tentar minar a comiss\u00e3o, Pacheco decidiu unir dois requerimentos apresentados por senadores, formando uma \u00fanica comiss\u00e3o que, al\u00e9m de investigar a gest\u00e3o do presidente Bolsonaro, tamb\u00e9m tratar\u00e1 de repasses de verbas federais para Estados e munic\u00edpios.<\/p>\n<p class=\"TEXTO\">No julgamento desta quarta-feira, o STF deixou claro que a decis\u00e3o respeita a jurisprud\u00eancia da corte que prev\u00ea decis\u00e3o para determinar a cria\u00e7\u00e3o da comiss\u00e3o quando est\u00e3o presentes os tr\u00eas requisitos previstos na Constitui\u00e7\u00e3o.<\/p>\n<p class=\"TEXTO\">Os ministros afirmaram, por\u00e9m, que a ordem do Supremo n\u00e3o representa uma intromiss\u00e3o nos trabalhos do Legislativo. Isso quer dizer que o Supremo n\u00e3o determinar\u00e1 data de instala\u00e7\u00e3o, composi\u00e7\u00e3o do colegiado nem cronograma de trabalho da CPI.<\/p>\n<p class=\"TEXTO\">N\u00e3o \u00e9 a primeira vez que o STF determina a instala\u00e7\u00e3o de CPIs a pedido da oposi\u00e7\u00e3o. Em 2005, o Supremo mandou instaurar a dos Bingos, em 2007, a do Apag\u00e3o A\u00e9reo, e, em 2014, a da Petrobras.<\/p>\n<p class=\"INTERTITULO\"><b>Instala\u00e7\u00e3o<\/b><\/p>\n<p class=\"TEXTO\">A decis\u00e3o do plen\u00e1rio do Supremo foi recebida pelos senadores como uma press\u00e3o contra eventuais medidas que busquem retardar a comiss\u00e3o.<\/p>\n<p class=\"TEXTO\">Pouco antes da leitura do requerimento da CPI, na ter\u00e7a, o l\u00edder do governo no Congresso, Eduardo Gomes (MDB-TO), pediu que a instala\u00e7\u00e3o s\u00f3 ocorresse quando os senadores e demais envolvidos estivessem imunizados contra a Covid-19.<\/p>\n<p class=\"TEXTO\">No plen\u00e1rio do Supremo, por\u00e9m, n\u00e3o houve indica\u00e7\u00f5es dos ministros para deixar os trabalhos para depois da pandemia, como chegou a ser cogitado, e l\u00edderes de bancadas avaliaram que a decis\u00e3o colegiada cumpriu a Constitui\u00e7\u00e3o.<\/p>\n<p class=\"TEXTO\">\u201c\u00c9 o seguimento estrito do que diz a Constitui\u00e7\u00e3o. N\u00e3o h\u00e1 espa\u00e7o para criatividade excessiva\u201d, afirmou o l\u00edder do Cidadania, Alessandro Vieira (Cidadania-SE), um dos congressistas que ingressaram com mandado de seguran\u00e7a requerendo a instala\u00e7\u00e3o da CPI.<\/p>\n<p class=\"TEXTO\">A decis\u00e3o de Barroso foi duramente criticada por Bolsonaro, que acusou o ministro de atuar com vi\u00e9s pol\u00edtico e disse que o Supremo interfere nos demais Poderes.<\/p>\n<p><\/p>\n","protected":false},"excerpt":{"rendered":"<p>Corte deixa Senado sob press\u00e3o para investigar a\u00e7\u00f5es e omiss\u00f5es do governo no combate \u00e0 Covid-19; decis\u00e3o constitui derrota para Bolsonaro O STF (Supremo Tribunal Federal) decidiu nesta quarta-feira (14) confirmar a decis\u00e3o do ministro Lu\u00eds Roberto Barroso de mandar o Senado instalar a CPI da Covid. Por 10 votos a 1, os ministros concordaram<\/p>\n","protected":false},"author":2,"featured_media":14126,"comment_status":"open","ping_status":"open","sticky":false,"template":"","format":"standard","meta":{"footnotes":""},"categories":[27,22,26,23],"tags":[],"class_list":["post-14125","post","type-post","status-publish","format-standard","has-post-thumbnail","hentry","category-brasil","category-catalao","category-destaque","category-goias"],"yoast_head":"<!-- This site is optimized with the Yoast SEO plugin v25.8 - https:\/\/yoast.com\/wordpress\/plugins\/seo\/ -->\n<title>Por 10 a 1, STF confirma CPI da Covid e mostra unidade entre parlamentares - Jornal Ultimos Acontecimentos<\/title>\n<meta name=\"robots\" content=\"index, follow, max-snippet:-1, max-image-preview:large, max-video-preview:-1\" \/>\n<link rel=\"canonical\" href=\"https:\/\/juacontecimentos.com.br\/site\/por-10-1-stf-confirma-cpi-da-covid-e-mostra-unidade-entre-parlamentares\/\" \/>\n<meta property=\"og:locale\" content=\"pt_BR\" \/>\n<meta property=\"og:type\" content=\"article\" \/>\n<meta property=\"og:title\" content=\"Por 10 a 1, STF confirma CPI da Covid e mostra unidade entre parlamentares - Jornal Ultimos Acontecimentos\" \/>\n<meta property=\"og:description\" content=\"Corte deixa Senado sob press\u00e3o para investigar a\u00e7\u00f5es e omiss\u00f5es do governo no combate \u00e0 Covid-19; decis\u00e3o constitui derrota para Bolsonaro O STF (Supremo Tribunal Federal) decidiu nesta quarta-feira (14) confirmar a decis\u00e3o do ministro Lu\u00eds Roberto Barroso de mandar o Senado instalar a CPI da Covid. Por 10 votos a 1, os ministros concordaram\" \/>\n<meta property=\"og:url\" content=\"https:\/\/juacontecimentos.com.br\/site\/por-10-1-stf-confirma-cpi-da-covid-e-mostra-unidade-entre-parlamentares\/\" \/>\n<meta property=\"og:site_name\" content=\"Jornal Ultimos Acontecimentos\" \/>\n<meta property=\"article:publisher\" content=\"https:\/\/www.facebook.com\/jultimosacontecimentos\/\" \/>\n<meta property=\"article:published_time\" content=\"2021-04-15T08:06:11+00:00\" \/>\n<meta property=\"og:image\" content=\"https:\/\/juacontecimentos.com.br\/site\/wp-content\/uploads\/2021\/04\/image-3-2.jpg\" \/>\n\t<meta property=\"og:image:width\" content=\"800\" \/>\n\t<meta property=\"og:image:height\" content=\"533\" \/>\n\t<meta property=\"og:image:type\" content=\"image\/jpeg\" \/>\n<meta name=\"author\" content=\"Reginaldo Ribeiro\" \/>\n<meta name=\"twitter:card\" content=\"summary_large_image\" \/>\n<meta name=\"twitter:label1\" content=\"Escrito por\" \/>\n\t<meta name=\"twitter:data1\" content=\"Reginaldo Ribeiro\" \/>\n\t<meta name=\"twitter:label2\" content=\"Est. tempo de leitura\" \/>\n\t<meta name=\"twitter:data2\" content=\"4 minutos\" \/>\n<script type=\"application\/ld+json\" class=\"yoast-schema-graph\">{\"@context\":\"https:\/\/schema.org\",\"@graph\":[{\"@type\":\"Article\",\"@id\":\"https:\/\/juacontecimentos.com.br\/site\/por-10-1-stf-confirma-cpi-da-covid-e-mostra-unidade-entre-parlamentares\/#article\",\"isPartOf\":{\"@id\":\"https:\/\/juacontecimentos.com.br\/site\/por-10-1-stf-confirma-cpi-da-covid-e-mostra-unidade-entre-parlamentares\/\"},\"author\":{\"name\":\"Reginaldo Ribeiro\",\"@id\":\"https:\/\/juacontecimentos.com.br\/site\/#\/schema\/person\/082a54e6d3fdd7a633291428521c9669\"},\"headline\":\"Por 10 a 1, STF confirma CPI da Covid e mostra unidade entre parlamentares\",\"datePublished\":\"2021-04-15T08:06:11+00:00\",\"mainEntityOfPage\":{\"@id\":\"https:\/\/juacontecimentos.com.br\/site\/por-10-1-stf-confirma-cpi-da-covid-e-mostra-unidade-entre-parlamentares\/\"},\"wordCount\":796,\"commentCount\":0,\"publisher\":{\"@id\":\"https:\/\/juacontecimentos.com.br\/site\/#organization\"},\"image\":{\"@id\":\"https:\/\/juacontecimentos.com.br\/site\/por-10-1-stf-confirma-cpi-da-covid-e-mostra-unidade-entre-parlamentares\/#primaryimage\"},\"thumbnailUrl\":\"https:\/\/juacontecimentos.com.br\/site\/wp-content\/uploads\/2021\/04\/image-3-2.jpg\",\"articleSection\":[\"Brasil\",\"Catal\u00e3o\",\"Destaque\",\"Goi\u00e1s\"],\"inLanguage\":\"pt-BR\"},{\"@type\":\"WebPage\",\"@id\":\"https:\/\/juacontecimentos.com.br\/site\/por-10-1-stf-confirma-cpi-da-covid-e-mostra-unidade-entre-parlamentares\/\",\"url\":\"https:\/\/juacontecimentos.com.br\/site\/por-10-1-stf-confirma-cpi-da-covid-e-mostra-unidade-entre-parlamentares\/\",\"name\":\"Por 10 a 1, STF confirma CPI da Covid e mostra unidade entre parlamentares - Jornal Ultimos Acontecimentos\",\"isPartOf\":{\"@id\":\"https:\/\/juacontecimentos.com.br\/site\/#website\"},\"primaryImageOfPage\":{\"@id\":\"https:\/\/juacontecimentos.com.br\/site\/por-10-1-stf-confirma-cpi-da-covid-e-mostra-unidade-entre-parlamentares\/#primaryimage\"},\"image\":{\"@id\":\"https:\/\/juacontecimentos.com.br\/site\/por-10-1-stf-confirma-cpi-da-covid-e-mostra-unidade-entre-parlamentares\/#primaryimage\"},\"thumbnailUrl\":\"https:\/\/juacontecimentos.com.br\/site\/wp-content\/uploads\/2021\/04\/image-3-2.jpg\",\"datePublished\":\"2021-04-15T08:06:11+00:00\",\"breadcrumb\":{\"@id\":\"https:\/\/juacontecimentos.com.br\/site\/por-10-1-stf-confirma-cpi-da-covid-e-mostra-unidade-entre-parlamentares\/#breadcrumb\"},\"inLanguage\":\"pt-BR\",\"potentialAction\":[{\"@type\":\"ReadAction\",\"target\":[\"https:\/\/juacontecimentos.com.br\/site\/por-10-1-stf-confirma-cpi-da-covid-e-mostra-unidade-entre-parlamentares\/\"]}]},{\"@type\":\"ImageObject\",\"inLanguage\":\"pt-BR\",\"@id\":\"https:\/\/juacontecimentos.com.br\/site\/por-10-1-stf-confirma-cpi-da-covid-e-mostra-unidade-entre-parlamentares\/#primaryimage\",\"url\":\"https:\/\/juacontecimentos.com.br\/site\/wp-content\/uploads\/2021\/04\/image-3-2.jpg\",\"contentUrl\":\"https:\/\/juacontecimentos.com.br\/site\/wp-content\/uploads\/2021\/04\/image-3-2.jpg\",\"width\":800,\"height\":533},{\"@type\":\"BreadcrumbList\",\"@id\":\"https:\/\/juacontecimentos.com.br\/site\/por-10-1-stf-confirma-cpi-da-covid-e-mostra-unidade-entre-parlamentares\/#breadcrumb\",\"itemListElement\":[{\"@type\":\"ListItem\",\"position\":1,\"name\":\"In\u00edcio\",\"item\":\"https:\/\/juacontecimentos.com.br\/site\/\"},{\"@type\":\"ListItem\",\"position\":2,\"name\":\"Por 10 a 1, STF confirma CPI da Covid e mostra unidade entre parlamentares\"}]},{\"@type\":\"WebSite\",\"@id\":\"https:\/\/juacontecimentos.com.br\/site\/#website\",\"url\":\"https:\/\/juacontecimentos.com.br\/site\/\",\"name\":\"Jornal Ultimos Acontecimentos\",\"description\":\"Catal\u00e3o e regi\u00e3o\",\"publisher\":{\"@id\":\"https:\/\/juacontecimentos.com.br\/site\/#organization\"},\"potentialAction\":[{\"@type\":\"SearchAction\",\"target\":{\"@type\":\"EntryPoint\",\"urlTemplate\":\"https:\/\/juacontecimentos.com.br\/site\/?s={search_term_string}\"},\"query-input\":{\"@type\":\"PropertyValueSpecification\",\"valueRequired\":true,\"valueName\":\"search_term_string\"}}],\"inLanguage\":\"pt-BR\"},{\"@type\":\"Organization\",\"@id\":\"https:\/\/juacontecimentos.com.br\/site\/#organization\",\"name\":\"Jornal Ultimos Acontecimentos\",\"url\":\"https:\/\/juacontecimentos.com.br\/site\/\",\"logo\":{\"@type\":\"ImageObject\",\"inLanguage\":\"pt-BR\",\"@id\":\"https:\/\/juacontecimentos.com.br\/site\/#\/schema\/logo\/image\/\",\"url\":\"https:\/\/juacontecimentos.com.br\/site\/wp-content\/uploads\/2023\/04\/Logo_Site.png\",\"contentUrl\":\"https:\/\/juacontecimentos.com.br\/site\/wp-content\/uploads\/2023\/04\/Logo_Site.png\",\"width\":2476,\"height\":530,\"caption\":\"Jornal Ultimos Acontecimentos\"},\"image\":{\"@id\":\"https:\/\/juacontecimentos.com.br\/site\/#\/schema\/logo\/image\/\"},\"sameAs\":[\"https:\/\/www.facebook.com\/jultimosacontecimentos\/\"]},{\"@type\":\"Person\",\"@id\":\"https:\/\/juacontecimentos.com.br\/site\/#\/schema\/person\/082a54e6d3fdd7a633291428521c9669\",\"name\":\"Reginaldo Ribeiro\",\"image\":{\"@type\":\"ImageObject\",\"inLanguage\":\"pt-BR\",\"@id\":\"https:\/\/juacontecimentos.com.br\/site\/#\/schema\/person\/image\/\",\"url\":\"https:\/\/secure.gravatar.com\/avatar\/5c16c6837c3490270a74d888c2a845728f06bdde1f8761de1de1d1d1ef82d12f?s=96&d=mm&r=g\",\"contentUrl\":\"https:\/\/secure.gravatar.com\/avatar\/5c16c6837c3490270a74d888c2a845728f06bdde1f8761de1de1d1d1ef82d12f?s=96&d=mm&r=g\",\"caption\":\"Reginaldo Ribeiro\"}}]}<\/script>\n<!-- \/ Yoast SEO plugin. -->","yoast_head_json":{"title":"Por 10 a 1, STF confirma CPI da Covid e mostra unidade entre parlamentares - Jornal Ultimos Acontecimentos","robots":{"index":"index","follow":"follow","max-snippet":"max-snippet:-1","max-image-preview":"max-image-preview:large","max-video-preview":"max-video-preview:-1"},"canonical":"https:\/\/juacontecimentos.com.br\/site\/por-10-1-stf-confirma-cpi-da-covid-e-mostra-unidade-entre-parlamentares\/","og_locale":"pt_BR","og_type":"article","og_title":"Por 10 a 1, STF confirma CPI da Covid e mostra unidade entre parlamentares - Jornal Ultimos Acontecimentos","og_description":"Corte deixa Senado sob press\u00e3o para investigar a\u00e7\u00f5es e omiss\u00f5es do governo no combate \u00e0 Covid-19; decis\u00e3o constitui derrota para Bolsonaro O STF (Supremo Tribunal Federal) decidiu nesta quarta-feira (14) confirmar a decis\u00e3o do ministro Lu\u00eds Roberto Barroso de mandar o Senado instalar a CPI da Covid. Por 10 votos a 1, os ministros concordaram","og_url":"https:\/\/juacontecimentos.com.br\/site\/por-10-1-stf-confirma-cpi-da-covid-e-mostra-unidade-entre-parlamentares\/","og_site_name":"Jornal Ultimos Acontecimentos","article_publisher":"https:\/\/www.facebook.com\/jultimosacontecimentos\/","article_published_time":"2021-04-15T08:06:11+00:00","og_image":[{"width":800,"height":533,"url":"https:\/\/juacontecimentos.com.br\/site\/wp-content\/uploads\/2021\/04\/image-3-2.jpg","type":"image\/jpeg"}],"author":"Reginaldo Ribeiro","twitter_card":"summary_large_image","twitter_misc":{"Escrito por":"Reginaldo Ribeiro","Est. tempo de leitura":"4 minutos"},"schema":{"@context":"https:\/\/schema.org","@graph":[{"@type":"Article","@id":"https:\/\/juacontecimentos.com.br\/site\/por-10-1-stf-confirma-cpi-da-covid-e-mostra-unidade-entre-parlamentares\/#article","isPartOf":{"@id":"https:\/\/juacontecimentos.com.br\/site\/por-10-1-stf-confirma-cpi-da-covid-e-mostra-unidade-entre-parlamentares\/"},"author":{"name":"Reginaldo Ribeiro","@id":"https:\/\/juacontecimentos.com.br\/site\/#\/schema\/person\/082a54e6d3fdd7a633291428521c9669"},"headline":"Por 10 a 1, STF confirma CPI da Covid e mostra unidade entre parlamentares","datePublished":"2021-04-15T08:06:11+00:00","mainEntityOfPage":{"@id":"https:\/\/juacontecimentos.com.br\/site\/por-10-1-stf-confirma-cpi-da-covid-e-mostra-unidade-entre-parlamentares\/"},"wordCount":796,"commentCount":0,"publisher":{"@id":"https:\/\/juacontecimentos.com.br\/site\/#organization"},"image":{"@id":"https:\/\/juacontecimentos.com.br\/site\/por-10-1-stf-confirma-cpi-da-covid-e-mostra-unidade-entre-parlamentares\/#primaryimage"},"thumbnailUrl":"https:\/\/juacontecimentos.com.br\/site\/wp-content\/uploads\/2021\/04\/image-3-2.jpg","articleSection":["Brasil","Catal\u00e3o","Destaque","Goi\u00e1s"],"inLanguage":"pt-BR"},{"@type":"WebPage","@id":"https:\/\/juacontecimentos.com.br\/site\/por-10-1-stf-confirma-cpi-da-covid-e-mostra-unidade-entre-parlamentares\/","url":"https:\/\/juacontecimentos.com.br\/site\/por-10-1-stf-confirma-cpi-da-covid-e-mostra-unidade-entre-parlamentares\/","name":"Por 10 a 1, STF confirma CPI da Covid e mostra unidade entre parlamentares - Jornal Ultimos Acontecimentos","isPartOf":{"@id":"https:\/\/juacontecimentos.com.br\/site\/#website"},"primaryImageOfPage":{"@id":"https:\/\/juacontecimentos.com.br\/site\/por-10-1-stf-confirma-cpi-da-covid-e-mostra-unidade-entre-parlamentares\/#primaryimage"},"image":{"@id":"https:\/\/juacontecimentos.com.br\/site\/por-10-1-stf-confirma-cpi-da-covid-e-mostra-unidade-entre-parlamentares\/#primaryimage"},"thumbnailUrl":"https:\/\/juacontecimentos.com.br\/site\/wp-content\/uploads\/2021\/04\/image-3-2.jpg","datePublished":"2021-04-15T08:06:11+00:00","breadcrumb":{"@id":"https:\/\/juacontecimentos.com.br\/site\/por-10-1-stf-confirma-cpi-da-covid-e-mostra-unidade-entre-parlamentares\/#breadcrumb"},"inLanguage":"pt-BR","potentialAction":[{"@type":"ReadAction","target":["https:\/\/juacontecimentos.com.br\/site\/por-10-1-stf-confirma-cpi-da-covid-e-mostra-unidade-entre-parlamentares\/"]}]},{"@type":"ImageObject","inLanguage":"pt-BR","@id":"https:\/\/juacontecimentos.com.br\/site\/por-10-1-stf-confirma-cpi-da-covid-e-mostra-unidade-entre-parlamentares\/#primaryimage","url":"https:\/\/juacontecimentos.com.br\/site\/wp-content\/uploads\/2021\/04\/image-3-2.jpg","contentUrl":"https:\/\/juacontecimentos.com.br\/site\/wp-content\/uploads\/2021\/04\/image-3-2.jpg","width":800,"height":533},{"@type":"BreadcrumbList","@id":"https:\/\/juacontecimentos.com.br\/site\/por-10-1-stf-confirma-cpi-da-covid-e-mostra-unidade-entre-parlamentares\/#breadcrumb","itemListElement":[{"@type":"ListItem","position":1,"name":"In\u00edcio","item":"https:\/\/juacontecimentos.com.br\/site\/"},{"@type":"ListItem","position":2,"name":"Por 10 a 1, STF confirma CPI da Covid e mostra unidade entre parlamentares"}]},{"@type":"WebSite","@id":"https:\/\/juacontecimentos.com.br\/site\/#website","url":"https:\/\/juacontecimentos.com.br\/site\/","name":"Jornal Ultimos Acontecimentos","description":"Catal\u00e3o e regi\u00e3o","publisher":{"@id":"https:\/\/juacontecimentos.com.br\/site\/#organization"},"potentialAction":[{"@type":"SearchAction","target":{"@type":"EntryPoint","urlTemplate":"https:\/\/juacontecimentos.com.br\/site\/?s={search_term_string}"},"query-input":{"@type":"PropertyValueSpecification","valueRequired":true,"valueName":"search_term_string"}}],"inLanguage":"pt-BR"},{"@type":"Organization","@id":"https:\/\/juacontecimentos.com.br\/site\/#organization","name":"Jornal Ultimos Acontecimentos","url":"https:\/\/juacontecimentos.com.br\/site\/","logo":{"@type":"ImageObject","inLanguage":"pt-BR","@id":"https:\/\/juacontecimentos.com.br\/site\/#\/schema\/logo\/image\/","url":"https:\/\/juacontecimentos.com.br\/site\/wp-content\/uploads\/2023\/04\/Logo_Site.png","contentUrl":"https:\/\/juacontecimentos.com.br\/site\/wp-content\/uploads\/2023\/04\/Logo_Site.png","width":2476,"height":530,"caption":"Jornal Ultimos Acontecimentos"},"image":{"@id":"https:\/\/juacontecimentos.com.br\/site\/#\/schema\/logo\/image\/"},"sameAs":["https:\/\/www.facebook.com\/jultimosacontecimentos\/"]},{"@type":"Person","@id":"https:\/\/juacontecimentos.com.br\/site\/#\/schema\/person\/082a54e6d3fdd7a633291428521c9669","name":"Reginaldo Ribeiro","image":{"@type":"ImageObject","inLanguage":"pt-BR","@id":"https:\/\/juacontecimentos.com.br\/site\/#\/schema\/person\/image\/","url":"https:\/\/secure.gravatar.com\/avatar\/5c16c6837c3490270a74d888c2a845728f06bdde1f8761de1de1d1d1ef82d12f?s=96&d=mm&r=g","contentUrl":"https:\/\/secure.gravatar.com\/avatar\/5c16c6837c3490270a74d888c2a845728f06bdde1f8761de1de1d1d1ef82d12f?s=96&d=mm&r=g","caption":"Reginaldo Ribeiro"}}]}},"_links":{"self":[{"href":"https:\/\/juacontecimentos.com.br\/site\/wp-json\/wp\/v2\/posts\/14125","targetHints":{"allow":["GET"]}}],"collection":[{"href":"https:\/\/juacontecimentos.com.br\/site\/wp-json\/wp\/v2\/posts"}],"about":[{"href":"https:\/\/juacontecimentos.com.br\/site\/wp-json\/wp\/v2\/types\/post"}],"author":[{"embeddable":true,"href":"https:\/\/juacontecimentos.com.br\/site\/wp-json\/wp\/v2\/users\/2"}],"replies":[{"embeddable":true,"href":"https:\/\/juacontecimentos.com.br\/site\/wp-json\/wp\/v2\/comments?post=14125"}],"version-history":[{"count":1,"href":"https:\/\/juacontecimentos.com.br\/site\/wp-json\/wp\/v2\/posts\/14125\/revisions"}],"predecessor-version":[{"id":14127,"href":"https:\/\/juacontecimentos.com.br\/site\/wp-json\/wp\/v2\/posts\/14125\/revisions\/14127"}],"wp:featuredmedia":[{"embeddable":true,"href":"https:\/\/juacontecimentos.com.br\/site\/wp-json\/wp\/v2\/media\/14126"}],"wp:attachment":[{"href":"https:\/\/juacontecimentos.com.br\/site\/wp-json\/wp\/v2\/media?parent=14125"}],"wp:term":[{"taxonomy":"category","embeddable":true,"href":"https:\/\/juacontecimentos.com.br\/site\/wp-json\/wp\/v2\/categories?post=14125"},{"taxonomy":"post_tag","embeddable":true,"href":"https:\/\/juacontecimentos.com.br\/site\/wp-json\/wp\/v2\/tags?post=14125"}],"curies":[{"name":"wp","href":"https:\/\/api.w.org\/{rel}","templated":true}]}}