{"id":1417,"date":"2017-07-10T08:18:54","date_gmt":"2017-07-10T11:18:54","guid":{"rendered":"http:\/\/juacontecimentos.com.br\/site\/?p=1417"},"modified":"2017-07-10T08:18:54","modified_gmt":"2017-07-10T11:18:54","slug":"habitacao-marconi-anuncia-mais-r-607-milhoes-para-moradia-popular-em-goias","status":"publish","type":"post","link":"https:\/\/juacontecimentos.com.br\/site\/habitacao-marconi-anuncia-mais-r-607-milhoes-para-moradia-popular-em-goias\/","title":{"rendered":"HABITA\u00c7\u00c3O  &#8211; Marconi anuncia mais R$ 607 milh\u00f5es para moradia popular em Goi\u00e1s"},"content":{"rendered":"<p>O Goi\u00e1s na Frente Habita\u00e7\u00e3o, segmento do programa de investimentos voltado para a moradia popular, ser\u00e1 apresentado pelo governador Marconi Perillo ainda neste m\u00eas. A informa\u00e7\u00f5es foi divulgada neste domingo (9\/7) pelo governo de Goi\u00e1s. O ato administrativo ser\u00e1 realizado no Residencial Nelson Mandela, ainda neste m\u00eas de julho, ocasi\u00e3o em que Marconi vai anunciar os primeiros R$ 607 milh\u00f5es para a constru\u00e7\u00e3o de unidades habitacionais em todas as regi\u00f5es do Estado.<\/p>\n<p>A principal a\u00e7\u00e3o ser\u00e1 a assinatura de conv\u00eanios para repasse de recursos do Cheque Mais Moradia para as prefeituras que apresentarem \u00e1reas para a constru\u00e7\u00e3o das casas do programa. O Goi\u00e1s na Frente Habita\u00e7\u00e3o estabeleceu a constru\u00e7\u00e3o de 30 mil unidades habitacionais em todo o Estado, com libera\u00e7\u00e3o dos recursos no decorrer deste ano e do ano que vem.<\/p>\n<div>Segundo balan\u00e7o preliminar da Agehab, 52 munic\u00edpios, de todas as regi\u00f5es, j\u00e1 apresentaram as \u00e1reas ao Governo de Goi\u00e1s. Juntas, elas receber\u00e3o as primeiras 7.418 unidades habitacionais, com investimento total de R$ 91 milh\u00f5es em recursos do Tesouro Estadual e R$ 516,15 milh\u00f5es em recursos federais, num total de R$ 607,1 milh\u00f5es em investimentos.<\/div>\n<div><\/div>\n<div>Os novos investimentos v\u00e3o impulsionar o programa habitacional do Governo de Goi\u00e1s, que est\u00e1 com unidades em constru\u00e7\u00e3o e em entrega em todo o Estado. \u00c9 o caso do Nelson Mandela, no Conjunto Vera Cruz, em Goi\u00e2nia, conjunto de apartamentos que est\u00e1 em fase final de implanta\u00e7\u00e3o. Em junho, Marconi entregou 1.061 moradias em todo o Estado, resultado da parceria entre Estado, Uni\u00e3o e munic\u00edpios. Entre as unidades entregues est\u00e3o as do Residencial Luciano Peixoto, em Piren\u00f3polis inteiramente abastecidas com energia fotovoltaica, resultado dos investimentos do programa estadual Goi\u00e1s Solar.<\/div>\n<div>O Goi\u00e1s na Frente Habita\u00e7\u00e3o vai reunir todas as a\u00e7\u00f5es do setor desenvolvidas pelo Governo de Goi\u00e1s por meio da Agehab \u2013 Cheque Mais Moradia (constru\u00e7\u00e3o e reforma de moradias), Cheque Comunit\u00e1rio (constru\u00e7\u00e3o e reforma de equipamentos comunit\u00e1rios nos munic\u00edpios, em parceria com as prefeituras e as entidades sociais) e Casa Legal (escritura\u00e7\u00e3o de moradias).<\/div>\n<div><\/div>\n<div>O Governo de Goi\u00e1s vai instalar no Nelson Mandela estrutura de atendimento aos prefeitos e benefici\u00e1rios dos programas habitacionais, para impulsionar as a\u00e7\u00f5es do Goi\u00e1s na Frente Habita\u00e7\u00e3o. O Goi\u00e1s na Frente \u00e9 formado por R$ 10 bilh\u00f5es em investimentos p\u00fablicos e privados destinados \u00e0 realiza\u00e7\u00e3o de obras de infraestrutura econ\u00f4mica e social, em todas as \u00e1reas, com destaque para Sa\u00fade, Educa\u00e7\u00e3o e Seguran\u00e7a P\u00fablica.<\/div>\n<div><\/div>\n<div>Dos quase R$ 10 bilh\u00f5es, R$ 6,6 bilh\u00f5es s\u00e3o exclusivamente de recursos p\u00fablicos, entre eles os conv\u00eanios do Governo de Goi\u00e1s com a Uni\u00e3o para a constru\u00e7\u00e3o de moradias populares. A meta do governo Marconi \u00e9 reduzir o d\u00e9ficit habitacional em todo o Estado e propiciar moradia digna para os cidad\u00e3os goianos de menor poder aquisitivo.<\/div>\n<p><\/p>\n","protected":false},"excerpt":{"rendered":"<p>O Goi\u00e1s na Frente Habita\u00e7\u00e3o, segmento do programa de investimentos voltado para a moradia popular, ser\u00e1 apresentado pelo governador Marconi Perillo ainda neste m\u00eas. A informa\u00e7\u00f5es foi divulgada neste domingo (9\/7) pelo governo de Goi\u00e1s. O ato administrativo ser\u00e1 realizado no Residencial Nelson Mandela, ainda neste m\u00eas de julho, ocasi\u00e3o em que Marconi vai anunciar<\/p>\n","protected":false},"author":2,"featured_media":1418,"comment_status":"open","ping_status":"open","sticky":false,"template":"","format":"standard","meta":{"footnotes":""},"categories":[27,26,23],"tags":[],"class_list":["post-1417","post","type-post","status-publish","format-standard","has-post-thumbnail","hentry","category-brasil","category-destaque","category-goias"],"yoast_head":"<!-- This site is optimized with the Yoast SEO plugin v25.8 - https:\/\/yoast.com\/wordpress\/plugins\/seo\/ -->\n<title>HABITA\u00c7\u00c3O - Marconi anuncia mais R$ 607 milh\u00f5es para moradia popular em Goi\u00e1s - Jornal Ultimos Acontecimentos<\/title>\n<meta name=\"robots\" content=\"index, follow, max-snippet:-1, max-image-preview:large, max-video-preview:-1\" \/>\n<link rel=\"canonical\" href=\"https:\/\/juacontecimentos.com.br\/site\/habitacao-marconi-anuncia-mais-r-607-milhoes-para-moradia-popular-em-goias\/\" \/>\n<meta property=\"og:locale\" content=\"pt_BR\" \/>\n<meta property=\"og:type\" content=\"article\" \/>\n<meta property=\"og:title\" content=\"HABITA\u00c7\u00c3O - Marconi anuncia mais R$ 607 milh\u00f5es para moradia popular em Goi\u00e1s - Jornal Ultimos Acontecimentos\" \/>\n<meta property=\"og:description\" content=\"O Goi\u00e1s na Frente Habita\u00e7\u00e3o, segmento do programa de investimentos voltado para a moradia popular, ser\u00e1 apresentado pelo governador Marconi Perillo ainda neste m\u00eas. A informa\u00e7\u00f5es foi divulgada neste domingo (9\/7) pelo governo de Goi\u00e1s. O ato administrativo ser\u00e1 realizado no Residencial Nelson Mandela, ainda neste m\u00eas de julho, ocasi\u00e3o em que Marconi vai anunciar\" \/>\n<meta property=\"og:url\" content=\"https:\/\/juacontecimentos.com.br\/site\/habitacao-marconi-anuncia-mais-r-607-milhoes-para-moradia-popular-em-goias\/\" \/>\n<meta property=\"og:site_name\" content=\"Jornal Ultimos Acontecimentos\" \/>\n<meta property=\"article:publisher\" content=\"https:\/\/www.facebook.com\/jultimosacontecimentos\/\" \/>\n<meta property=\"article:published_time\" content=\"2017-07-10T11:18:54+00:00\" \/>\n<meta property=\"og:image\" content=\"https:\/\/juacontecimentos.com.br\/site\/wp-content\/uploads\/2017\/07\/marconi-anuncia-mais-r-6-7-milhoes-para-moradia-popular-em-goias.jpg\" \/>\n\t<meta property=\"og:image:width\" content=\"620\" \/>\n\t<meta property=\"og:image:height\" content=\"414\" \/>\n\t<meta property=\"og:image:type\" content=\"image\/jpeg\" \/>\n<meta name=\"author\" content=\"Reginaldo Ribeiro\" \/>\n<meta name=\"twitter:card\" content=\"summary_large_image\" \/>\n<meta name=\"twitter:label1\" content=\"Escrito por\" \/>\n\t<meta name=\"twitter:data1\" content=\"Reginaldo Ribeiro\" \/>\n\t<meta name=\"twitter:label2\" content=\"Est. tempo de leitura\" \/>\n\t<meta name=\"twitter:data2\" content=\"3 minutos\" \/>\n<script type=\"application\/ld+json\" class=\"yoast-schema-graph\">{\"@context\":\"https:\/\/schema.org\",\"@graph\":[{\"@type\":\"Article\",\"@id\":\"https:\/\/juacontecimentos.com.br\/site\/habitacao-marconi-anuncia-mais-r-607-milhoes-para-moradia-popular-em-goias\/#article\",\"isPartOf\":{\"@id\":\"https:\/\/juacontecimentos.com.br\/site\/habitacao-marconi-anuncia-mais-r-607-milhoes-para-moradia-popular-em-goias\/\"},\"author\":{\"name\":\"Reginaldo Ribeiro\",\"@id\":\"https:\/\/juacontecimentos.com.br\/site\/#\/schema\/person\/082a54e6d3fdd7a633291428521c9669\"},\"headline\":\"HABITA\u00c7\u00c3O &#8211; Marconi anuncia mais R$ 607 milh\u00f5es para moradia popular em Goi\u00e1s\",\"datePublished\":\"2017-07-10T11:18:54+00:00\",\"mainEntityOfPage\":{\"@id\":\"https:\/\/juacontecimentos.com.br\/site\/habitacao-marconi-anuncia-mais-r-607-milhoes-para-moradia-popular-em-goias\/\"},\"wordCount\":518,\"commentCount\":0,\"publisher\":{\"@id\":\"https:\/\/juacontecimentos.com.br\/site\/#organization\"},\"image\":{\"@id\":\"https:\/\/juacontecimentos.com.br\/site\/habitacao-marconi-anuncia-mais-r-607-milhoes-para-moradia-popular-em-goias\/#primaryimage\"},\"thumbnailUrl\":\"https:\/\/juacontecimentos.com.br\/site\/wp-content\/uploads\/2017\/07\/marconi-anuncia-mais-r-6-7-milhoes-para-moradia-popular-em-goias.jpg\",\"articleSection\":[\"Brasil\",\"Destaque\",\"Goi\u00e1s\"],\"inLanguage\":\"pt-BR\"},{\"@type\":\"WebPage\",\"@id\":\"https:\/\/juacontecimentos.com.br\/site\/habitacao-marconi-anuncia-mais-r-607-milhoes-para-moradia-popular-em-goias\/\",\"url\":\"https:\/\/juacontecimentos.com.br\/site\/habitacao-marconi-anuncia-mais-r-607-milhoes-para-moradia-popular-em-goias\/\",\"name\":\"HABITA\u00c7\u00c3O - Marconi anuncia mais R$ 607 milh\u00f5es para moradia popular em Goi\u00e1s - Jornal Ultimos Acontecimentos\",\"isPartOf\":{\"@id\":\"https:\/\/juacontecimentos.com.br\/site\/#website\"},\"primaryImageOfPage\":{\"@id\":\"https:\/\/juacontecimentos.com.br\/site\/habitacao-marconi-anuncia-mais-r-607-milhoes-para-moradia-popular-em-goias\/#primaryimage\"},\"image\":{\"@id\":\"https:\/\/juacontecimentos.com.br\/site\/habitacao-marconi-anuncia-mais-r-607-milhoes-para-moradia-popular-em-goias\/#primaryimage\"},\"thumbnailUrl\":\"https:\/\/juacontecimentos.com.br\/site\/wp-content\/uploads\/2017\/07\/marconi-anuncia-mais-r-6-7-milhoes-para-moradia-popular-em-goias.jpg\",\"datePublished\":\"2017-07-10T11:18:54+00:00\",\"breadcrumb\":{\"@id\":\"https:\/\/juacontecimentos.com.br\/site\/habitacao-marconi-anuncia-mais-r-607-milhoes-para-moradia-popular-em-goias\/#breadcrumb\"},\"inLanguage\":\"pt-BR\",\"potentialAction\":[{\"@type\":\"ReadAction\",\"target\":[\"https:\/\/juacontecimentos.com.br\/site\/habitacao-marconi-anuncia-mais-r-607-milhoes-para-moradia-popular-em-goias\/\"]}]},{\"@type\":\"ImageObject\",\"inLanguage\":\"pt-BR\",\"@id\":\"https:\/\/juacontecimentos.com.br\/site\/habitacao-marconi-anuncia-mais-r-607-milhoes-para-moradia-popular-em-goias\/#primaryimage\",\"url\":\"https:\/\/juacontecimentos.com.br\/site\/wp-content\/uploads\/2017\/07\/marconi-anuncia-mais-r-6-7-milhoes-para-moradia-popular-em-goias.jpg\",\"contentUrl\":\"https:\/\/juacontecimentos.com.br\/site\/wp-content\/uploads\/2017\/07\/marconi-anuncia-mais-r-6-7-milhoes-para-moradia-popular-em-goias.jpg\",\"width\":620,\"height\":414},{\"@type\":\"BreadcrumbList\",\"@id\":\"https:\/\/juacontecimentos.com.br\/site\/habitacao-marconi-anuncia-mais-r-607-milhoes-para-moradia-popular-em-goias\/#breadcrumb\",\"itemListElement\":[{\"@type\":\"ListItem\",\"position\":1,\"name\":\"In\u00edcio\",\"item\":\"https:\/\/juacontecimentos.com.br\/site\/\"},{\"@type\":\"ListItem\",\"position\":2,\"name\":\"HABITA\u00c7\u00c3O &#8211; Marconi anuncia mais R$ 607 milh\u00f5es para moradia popular em Goi\u00e1s\"}]},{\"@type\":\"WebSite\",\"@id\":\"https:\/\/juacontecimentos.com.br\/site\/#website\",\"url\":\"https:\/\/juacontecimentos.com.br\/site\/\",\"name\":\"Jornal Ultimos Acontecimentos\",\"description\":\"Catal\u00e3o e regi\u00e3o\",\"publisher\":{\"@id\":\"https:\/\/juacontecimentos.com.br\/site\/#organization\"},\"potentialAction\":[{\"@type\":\"SearchAction\",\"target\":{\"@type\":\"EntryPoint\",\"urlTemplate\":\"https:\/\/juacontecimentos.com.br\/site\/?s={search_term_string}\"},\"query-input\":{\"@type\":\"PropertyValueSpecification\",\"valueRequired\":true,\"valueName\":\"search_term_string\"}}],\"inLanguage\":\"pt-BR\"},{\"@type\":\"Organization\",\"@id\":\"https:\/\/juacontecimentos.com.br\/site\/#organization\",\"name\":\"Jornal Ultimos Acontecimentos\",\"url\":\"https:\/\/juacontecimentos.com.br\/site\/\",\"logo\":{\"@type\":\"ImageObject\",\"inLanguage\":\"pt-BR\",\"@id\":\"https:\/\/juacontecimentos.com.br\/site\/#\/schema\/logo\/image\/\",\"url\":\"https:\/\/juacontecimentos.com.br\/site\/wp-content\/uploads\/2023\/04\/Logo_Site.png\",\"contentUrl\":\"https:\/\/juacontecimentos.com.br\/site\/wp-content\/uploads\/2023\/04\/Logo_Site.png\",\"width\":2476,\"height\":530,\"caption\":\"Jornal Ultimos Acontecimentos\"},\"image\":{\"@id\":\"https:\/\/juacontecimentos.com.br\/site\/#\/schema\/logo\/image\/\"},\"sameAs\":[\"https:\/\/www.facebook.com\/jultimosacontecimentos\/\"]},{\"@type\":\"Person\",\"@id\":\"https:\/\/juacontecimentos.com.br\/site\/#\/schema\/person\/082a54e6d3fdd7a633291428521c9669\",\"name\":\"Reginaldo Ribeiro\",\"image\":{\"@type\":\"ImageObject\",\"inLanguage\":\"pt-BR\",\"@id\":\"https:\/\/juacontecimentos.com.br\/site\/#\/schema\/person\/image\/\",\"url\":\"https:\/\/secure.gravatar.com\/avatar\/5c16c6837c3490270a74d888c2a845728f06bdde1f8761de1de1d1d1ef82d12f?s=96&d=mm&r=g\",\"contentUrl\":\"https:\/\/secure.gravatar.com\/avatar\/5c16c6837c3490270a74d888c2a845728f06bdde1f8761de1de1d1d1ef82d12f?s=96&d=mm&r=g\",\"caption\":\"Reginaldo Ribeiro\"}}]}<\/script>\n<!-- \/ Yoast SEO plugin. -->","yoast_head_json":{"title":"HABITA\u00c7\u00c3O - Marconi anuncia mais R$ 607 milh\u00f5es para moradia popular em Goi\u00e1s - Jornal Ultimos Acontecimentos","robots":{"index":"index","follow":"follow","max-snippet":"max-snippet:-1","max-image-preview":"max-image-preview:large","max-video-preview":"max-video-preview:-1"},"canonical":"https:\/\/juacontecimentos.com.br\/site\/habitacao-marconi-anuncia-mais-r-607-milhoes-para-moradia-popular-em-goias\/","og_locale":"pt_BR","og_type":"article","og_title":"HABITA\u00c7\u00c3O - Marconi anuncia mais R$ 607 milh\u00f5es para moradia popular em Goi\u00e1s - Jornal Ultimos Acontecimentos","og_description":"O Goi\u00e1s na Frente Habita\u00e7\u00e3o, segmento do programa de investimentos voltado para a moradia popular, ser\u00e1 apresentado pelo governador Marconi Perillo ainda neste m\u00eas. A informa\u00e7\u00f5es foi divulgada neste domingo (9\/7) pelo governo de Goi\u00e1s. O ato administrativo ser\u00e1 realizado no Residencial Nelson Mandela, ainda neste m\u00eas de julho, ocasi\u00e3o em que Marconi vai anunciar","og_url":"https:\/\/juacontecimentos.com.br\/site\/habitacao-marconi-anuncia-mais-r-607-milhoes-para-moradia-popular-em-goias\/","og_site_name":"Jornal Ultimos Acontecimentos","article_publisher":"https:\/\/www.facebook.com\/jultimosacontecimentos\/","article_published_time":"2017-07-10T11:18:54+00:00","og_image":[{"width":620,"height":414,"url":"https:\/\/juacontecimentos.com.br\/site\/wp-content\/uploads\/2017\/07\/marconi-anuncia-mais-r-6-7-milhoes-para-moradia-popular-em-goias.jpg","type":"image\/jpeg"}],"author":"Reginaldo Ribeiro","twitter_card":"summary_large_image","twitter_misc":{"Escrito por":"Reginaldo Ribeiro","Est. tempo de leitura":"3 minutos"},"schema":{"@context":"https:\/\/schema.org","@graph":[{"@type":"Article","@id":"https:\/\/juacontecimentos.com.br\/site\/habitacao-marconi-anuncia-mais-r-607-milhoes-para-moradia-popular-em-goias\/#article","isPartOf":{"@id":"https:\/\/juacontecimentos.com.br\/site\/habitacao-marconi-anuncia-mais-r-607-milhoes-para-moradia-popular-em-goias\/"},"author":{"name":"Reginaldo Ribeiro","@id":"https:\/\/juacontecimentos.com.br\/site\/#\/schema\/person\/082a54e6d3fdd7a633291428521c9669"},"headline":"HABITA\u00c7\u00c3O &#8211; Marconi anuncia mais R$ 607 milh\u00f5es para moradia popular em Goi\u00e1s","datePublished":"2017-07-10T11:18:54+00:00","mainEntityOfPage":{"@id":"https:\/\/juacontecimentos.com.br\/site\/habitacao-marconi-anuncia-mais-r-607-milhoes-para-moradia-popular-em-goias\/"},"wordCount":518,"commentCount":0,"publisher":{"@id":"https:\/\/juacontecimentos.com.br\/site\/#organization"},"image":{"@id":"https:\/\/juacontecimentos.com.br\/site\/habitacao-marconi-anuncia-mais-r-607-milhoes-para-moradia-popular-em-goias\/#primaryimage"},"thumbnailUrl":"https:\/\/juacontecimentos.com.br\/site\/wp-content\/uploads\/2017\/07\/marconi-anuncia-mais-r-6-7-milhoes-para-moradia-popular-em-goias.jpg","articleSection":["Brasil","Destaque","Goi\u00e1s"],"inLanguage":"pt-BR"},{"@type":"WebPage","@id":"https:\/\/juacontecimentos.com.br\/site\/habitacao-marconi-anuncia-mais-r-607-milhoes-para-moradia-popular-em-goias\/","url":"https:\/\/juacontecimentos.com.br\/site\/habitacao-marconi-anuncia-mais-r-607-milhoes-para-moradia-popular-em-goias\/","name":"HABITA\u00c7\u00c3O - Marconi anuncia mais R$ 607 milh\u00f5es para moradia popular em Goi\u00e1s - Jornal Ultimos Acontecimentos","isPartOf":{"@id":"https:\/\/juacontecimentos.com.br\/site\/#website"},"primaryImageOfPage":{"@id":"https:\/\/juacontecimentos.com.br\/site\/habitacao-marconi-anuncia-mais-r-607-milhoes-para-moradia-popular-em-goias\/#primaryimage"},"image":{"@id":"https:\/\/juacontecimentos.com.br\/site\/habitacao-marconi-anuncia-mais-r-607-milhoes-para-moradia-popular-em-goias\/#primaryimage"},"thumbnailUrl":"https:\/\/juacontecimentos.com.br\/site\/wp-content\/uploads\/2017\/07\/marconi-anuncia-mais-r-6-7-milhoes-para-moradia-popular-em-goias.jpg","datePublished":"2017-07-10T11:18:54+00:00","breadcrumb":{"@id":"https:\/\/juacontecimentos.com.br\/site\/habitacao-marconi-anuncia-mais-r-607-milhoes-para-moradia-popular-em-goias\/#breadcrumb"},"inLanguage":"pt-BR","potentialAction":[{"@type":"ReadAction","target":["https:\/\/juacontecimentos.com.br\/site\/habitacao-marconi-anuncia-mais-r-607-milhoes-para-moradia-popular-em-goias\/"]}]},{"@type":"ImageObject","inLanguage":"pt-BR","@id":"https:\/\/juacontecimentos.com.br\/site\/habitacao-marconi-anuncia-mais-r-607-milhoes-para-moradia-popular-em-goias\/#primaryimage","url":"https:\/\/juacontecimentos.com.br\/site\/wp-content\/uploads\/2017\/07\/marconi-anuncia-mais-r-6-7-milhoes-para-moradia-popular-em-goias.jpg","contentUrl":"https:\/\/juacontecimentos.com.br\/site\/wp-content\/uploads\/2017\/07\/marconi-anuncia-mais-r-6-7-milhoes-para-moradia-popular-em-goias.jpg","width":620,"height":414},{"@type":"BreadcrumbList","@id":"https:\/\/juacontecimentos.com.br\/site\/habitacao-marconi-anuncia-mais-r-607-milhoes-para-moradia-popular-em-goias\/#breadcrumb","itemListElement":[{"@type":"ListItem","position":1,"name":"In\u00edcio","item":"https:\/\/juacontecimentos.com.br\/site\/"},{"@type":"ListItem","position":2,"name":"HABITA\u00c7\u00c3O &#8211; Marconi anuncia mais R$ 607 milh\u00f5es para moradia popular em Goi\u00e1s"}]},{"@type":"WebSite","@id":"https:\/\/juacontecimentos.com.br\/site\/#website","url":"https:\/\/juacontecimentos.com.br\/site\/","name":"Jornal Ultimos Acontecimentos","description":"Catal\u00e3o e regi\u00e3o","publisher":{"@id":"https:\/\/juacontecimentos.com.br\/site\/#organization"},"potentialAction":[{"@type":"SearchAction","target":{"@type":"EntryPoint","urlTemplate":"https:\/\/juacontecimentos.com.br\/site\/?s={search_term_string}"},"query-input":{"@type":"PropertyValueSpecification","valueRequired":true,"valueName":"search_term_string"}}],"inLanguage":"pt-BR"},{"@type":"Organization","@id":"https:\/\/juacontecimentos.com.br\/site\/#organization","name":"Jornal Ultimos Acontecimentos","url":"https:\/\/juacontecimentos.com.br\/site\/","logo":{"@type":"ImageObject","inLanguage":"pt-BR","@id":"https:\/\/juacontecimentos.com.br\/site\/#\/schema\/logo\/image\/","url":"https:\/\/juacontecimentos.com.br\/site\/wp-content\/uploads\/2023\/04\/Logo_Site.png","contentUrl":"https:\/\/juacontecimentos.com.br\/site\/wp-content\/uploads\/2023\/04\/Logo_Site.png","width":2476,"height":530,"caption":"Jornal Ultimos Acontecimentos"},"image":{"@id":"https:\/\/juacontecimentos.com.br\/site\/#\/schema\/logo\/image\/"},"sameAs":["https:\/\/www.facebook.com\/jultimosacontecimentos\/"]},{"@type":"Person","@id":"https:\/\/juacontecimentos.com.br\/site\/#\/schema\/person\/082a54e6d3fdd7a633291428521c9669","name":"Reginaldo Ribeiro","image":{"@type":"ImageObject","inLanguage":"pt-BR","@id":"https:\/\/juacontecimentos.com.br\/site\/#\/schema\/person\/image\/","url":"https:\/\/secure.gravatar.com\/avatar\/5c16c6837c3490270a74d888c2a845728f06bdde1f8761de1de1d1d1ef82d12f?s=96&d=mm&r=g","contentUrl":"https:\/\/secure.gravatar.com\/avatar\/5c16c6837c3490270a74d888c2a845728f06bdde1f8761de1de1d1d1ef82d12f?s=96&d=mm&r=g","caption":"Reginaldo Ribeiro"}}]}},"_links":{"self":[{"href":"https:\/\/juacontecimentos.com.br\/site\/wp-json\/wp\/v2\/posts\/1417","targetHints":{"allow":["GET"]}}],"collection":[{"href":"https:\/\/juacontecimentos.com.br\/site\/wp-json\/wp\/v2\/posts"}],"about":[{"href":"https:\/\/juacontecimentos.com.br\/site\/wp-json\/wp\/v2\/types\/post"}],"author":[{"embeddable":true,"href":"https:\/\/juacontecimentos.com.br\/site\/wp-json\/wp\/v2\/users\/2"}],"replies":[{"embeddable":true,"href":"https:\/\/juacontecimentos.com.br\/site\/wp-json\/wp\/v2\/comments?post=1417"}],"version-history":[{"count":1,"href":"https:\/\/juacontecimentos.com.br\/site\/wp-json\/wp\/v2\/posts\/1417\/revisions"}],"predecessor-version":[{"id":1419,"href":"https:\/\/juacontecimentos.com.br\/site\/wp-json\/wp\/v2\/posts\/1417\/revisions\/1419"}],"wp:featuredmedia":[{"embeddable":true,"href":"https:\/\/juacontecimentos.com.br\/site\/wp-json\/wp\/v2\/media\/1418"}],"wp:attachment":[{"href":"https:\/\/juacontecimentos.com.br\/site\/wp-json\/wp\/v2\/media?parent=1417"}],"wp:term":[{"taxonomy":"category","embeddable":true,"href":"https:\/\/juacontecimentos.com.br\/site\/wp-json\/wp\/v2\/categories?post=1417"},{"taxonomy":"post_tag","embeddable":true,"href":"https:\/\/juacontecimentos.com.br\/site\/wp-json\/wp\/v2\/tags?post=1417"}],"curies":[{"name":"wp","href":"https:\/\/api.w.org\/{rel}","templated":true}]}}