{"id":14466,"date":"2021-04-30T04:14:33","date_gmt":"2021-04-30T07:14:33","guid":{"rendered":"https:\/\/juacontecimentos.com.br\/site\/?p=14466"},"modified":"2021-04-30T04:14:33","modified_gmt":"2021-04-30T07:14:33","slug":"educacao-publica-de-goias-sera-melhor-que-privada-diz-caiado-em-catalao","status":"publish","type":"post","link":"https:\/\/juacontecimentos.com.br\/site\/educacao-publica-de-goias-sera-melhor-que-privada-diz-caiado-em-catalao\/","title":{"rendered":"\u201cEduca\u00e7\u00e3o p\u00fablica de Goi\u00e1s ser\u00e1 melhor que a privada\u201d, diz Caiado em Catal\u00e3o"},"content":{"rendered":"<p>Governador reinaugurou col\u00e9gio reformado<img loading=\"lazy\" decoding=\"async\" class=\"alignnone size-full wp-image-14467\" src=\"https:\/\/juacontecimentos.com.br\/site\/wp-content\/uploads\/2021\/04\/educacao-publica-de-goias-sera-melhor-que-a-privada-diz-caiado-em-catalao.jpeg\" alt=\"\" width=\"627\" height=\"400\" srcset=\"https:\/\/juacontecimentos.com.br\/site\/wp-content\/uploads\/2021\/04\/educacao-publica-de-goias-sera-melhor-que-a-privada-diz-caiado-em-catalao.jpeg 627w, https:\/\/juacontecimentos.com.br\/site\/wp-content\/uploads\/2021\/04\/educacao-publica-de-goias-sera-melhor-que-a-privada-diz-caiado-em-catalao-300x191.jpeg 300w\" sizes=\"auto, (max-width: 627px) 100vw, 627px\" \/><\/p>\n<p>O governador Ronaldo Caiado entregou, nesta quinta-feira (28\/4), a reforma e revitaliza\u00e7\u00e3o do Col\u00e9gio Estadual Doutor David Persicano, em Catal\u00e3o, no Sudeste goiano. Entre as obras realizadas na unidade escolar que atende 497 estudantes do ensino fundamental, est\u00e3o a reforma da quadra de esportes coberta, a nova cozinha completamente equipada, a troca do telhado, reparos nos banheiros e na instala\u00e7\u00e3o el\u00e9trica e a pintura dos muros.<\/p>\n<p>O governador escreveu em uma das paredes que \u201ca educa\u00e7\u00e3o \u00e9 o que me faz brilhar os olhos. Vamos revolucionar a educa\u00e7\u00e3o no Estado de Goi\u00e1s. Obrigado, professoras e professores. Voc\u00eas s\u00e3o respons\u00e1veis por essa nova gera\u00e7\u00e3o\u201d. Durante discurso, anunciou que Goi\u00e1s continuar\u00e1 os investimentos em educa\u00e7\u00e3o para que o Estado supere o ensino da rede privada.<\/p>\n<p>\u201cVamos encerrar o mandato com a educa\u00e7\u00e3o p\u00fablica de Goi\u00e1s melhor do que a privada. Tenham certeza. Com toda a tecnologia, todo o avan\u00e7o para voc\u00eas poderem se equiparar e super\u00e1-las\u201d, garantiu Caiado.<\/p>\n<p>A institui\u00e7\u00e3o conta agora tamb\u00e9m com 50 novas carteiras, c\u00e2meras de monitoramento e aparelhos de ar-condicionado. At\u00e9 o momento, a escola recebeu R$ 65 mil dos programas Reformar I e II, al\u00e9m de R$ 157,5 mil do Equipar. Mais R$ 330.000,00 ser\u00e3o destinados ao projeto de constru\u00e7\u00e3o do novo refeit\u00f3rio, que deve passar por processo licitat\u00f3rio em breve.<\/p>\n<p>O governador assegurou ainda que pretende transformar a Educa\u00e7\u00e3o goiana em refer\u00eancia nacional. \u201cQuero implantar a melhor educa\u00e7\u00e3o do pa\u00eds. Quero trazer para Goi\u00e1s e implantar o que existe de melhor em t\u00e9cnicas e metodologias\u201d, disse.<\/p>\n<p>Em Catal\u00e3o, a rede estadual de ensino possui 15 unidades escolares e mais de 8 mil estudantes. Foram entregues aos alunos do munic\u00edpio 10.742 pares de t\u00eanis, 8.572 kits de uniformes, al\u00e9m de material escolar. O Governo de Goi\u00e1s j\u00e1 repassou, apenas para as escolas estaduais, mais de R$ 4,5 milh\u00f5es.<\/p>\n<p>Prefeito de Catal\u00e3o, Adib Elias acompanhou o governador durante a entrega da reforma da escola e relembrou que, durante 20 anos, esperava melhorias na educa\u00e7\u00e3o do munic\u00edpio. \u201cEst\u00e1 a\u00ed um modelo que quer\u00edamos para n\u00f3s, que a gente tem certeza que est\u00e1 dando certo\u201d, declarou. Na vis\u00e3o do prefeito, os gestores p\u00fablicos servem para dar \u201calegria ao povo\u201d e ainda a \u201ccerteza de que est\u00e3o sendo conduzidos por m\u00e3os fortes, mas tamb\u00e9m corretas\u201d, opinou.<\/p>\n<p>Acompanharam a vistoria ainda o presidente da Goinfra, Pedro Sales; o vice-prefeito de Catal\u00e3o, Jo\u00e3o Sebba; a diretora do Col\u00e9gio Estadual Doutor David Persicano, professora Nara R\u00fabia; o diretor do Col\u00e9gio Estadual Major Em\u00eddio, professor Euler Cardoso; a coordenadora Regional de Educa\u00e7\u00e3o de Morrinhos, Walkyria Helena Romano; o prefeito de Goiandira, Allison Peixoto; o comandante do 18\u00ba BPM, major Jota J\u00fanior; o presidente da C\u00e2mara Municipal de Catal\u00e3o, vereador Jair Humberto; vereadores, servidores da Educa\u00e7\u00e3o e professores.<br \/>\n<\/p>\n","protected":false},"excerpt":{"rendered":"<p>Governador reinaugurou col\u00e9gio reformado O governador Ronaldo Caiado entregou, nesta quinta-feira (28\/4), a reforma e revitaliza\u00e7\u00e3o do Col\u00e9gio Estadual Doutor David Persicano, em Catal\u00e3o, no Sudeste goiano. Entre as obras realizadas na unidade escolar que atende 497 estudantes do ensino fundamental, est\u00e3o a reforma da quadra de esportes coberta, a nova cozinha completamente equipada, a<\/p>\n","protected":false},"author":2,"featured_media":14467,"comment_status":"open","ping_status":"open","sticky":false,"template":"","format":"standard","meta":{"footnotes":""},"categories":[27,22,26,23],"tags":[],"class_list":["post-14466","post","type-post","status-publish","format-standard","has-post-thumbnail","hentry","category-brasil","category-catalao","category-destaque","category-goias"],"yoast_head":"<!-- This site is optimized with the Yoast SEO plugin v25.8 - https:\/\/yoast.com\/wordpress\/plugins\/seo\/ -->\n<title>\u201cEduca\u00e7\u00e3o p\u00fablica de Goi\u00e1s ser\u00e1 melhor que a privada\u201d, diz Caiado em Catal\u00e3o - Jornal Ultimos Acontecimentos<\/title>\n<meta name=\"robots\" content=\"index, follow, max-snippet:-1, max-image-preview:large, max-video-preview:-1\" \/>\n<link rel=\"canonical\" href=\"https:\/\/juacontecimentos.com.br\/site\/educacao-publica-de-goias-sera-melhor-que-privada-diz-caiado-em-catalao\/\" \/>\n<meta property=\"og:locale\" content=\"pt_BR\" \/>\n<meta property=\"og:type\" content=\"article\" \/>\n<meta property=\"og:title\" content=\"\u201cEduca\u00e7\u00e3o p\u00fablica de Goi\u00e1s ser\u00e1 melhor que a privada\u201d, diz Caiado em Catal\u00e3o - Jornal Ultimos Acontecimentos\" \/>\n<meta property=\"og:description\" content=\"Governador reinaugurou col\u00e9gio reformado O governador Ronaldo Caiado entregou, nesta quinta-feira (28\/4), a reforma e revitaliza\u00e7\u00e3o do Col\u00e9gio Estadual Doutor David Persicano, em Catal\u00e3o, no Sudeste goiano. Entre as obras realizadas na unidade escolar que atende 497 estudantes do ensino fundamental, est\u00e3o a reforma da quadra de esportes coberta, a nova cozinha completamente equipada, a\" \/>\n<meta property=\"og:url\" content=\"https:\/\/juacontecimentos.com.br\/site\/educacao-publica-de-goias-sera-melhor-que-privada-diz-caiado-em-catalao\/\" \/>\n<meta property=\"og:site_name\" content=\"Jornal Ultimos Acontecimentos\" \/>\n<meta property=\"article:publisher\" content=\"https:\/\/www.facebook.com\/jultimosacontecimentos\/\" \/>\n<meta property=\"article:published_time\" content=\"2021-04-30T07:14:33+00:00\" \/>\n<meta property=\"og:image\" content=\"https:\/\/juacontecimentos.com.br\/site\/wp-content\/uploads\/2021\/04\/educacao-publica-de-goias-sera-melhor-que-a-privada-diz-caiado-em-catalao.jpeg\" \/>\n\t<meta property=\"og:image:width\" content=\"627\" \/>\n\t<meta property=\"og:image:height\" content=\"400\" \/>\n\t<meta property=\"og:image:type\" content=\"image\/jpeg\" \/>\n<meta name=\"author\" content=\"Reginaldo Ribeiro\" \/>\n<meta name=\"twitter:card\" content=\"summary_large_image\" \/>\n<meta name=\"twitter:label1\" content=\"Escrito por\" \/>\n\t<meta name=\"twitter:data1\" content=\"Reginaldo Ribeiro\" \/>\n\t<meta name=\"twitter:label2\" content=\"Est. tempo de leitura\" \/>\n\t<meta name=\"twitter:data2\" content=\"3 minutos\" \/>\n<script type=\"application\/ld+json\" class=\"yoast-schema-graph\">{\"@context\":\"https:\/\/schema.org\",\"@graph\":[{\"@type\":\"Article\",\"@id\":\"https:\/\/juacontecimentos.com.br\/site\/educacao-publica-de-goias-sera-melhor-que-privada-diz-caiado-em-catalao\/#article\",\"isPartOf\":{\"@id\":\"https:\/\/juacontecimentos.com.br\/site\/educacao-publica-de-goias-sera-melhor-que-privada-diz-caiado-em-catalao\/\"},\"author\":{\"name\":\"Reginaldo Ribeiro\",\"@id\":\"https:\/\/juacontecimentos.com.br\/site\/#\/schema\/person\/082a54e6d3fdd7a633291428521c9669\"},\"headline\":\"\u201cEduca\u00e7\u00e3o p\u00fablica de Goi\u00e1s ser\u00e1 melhor que a privada\u201d, diz Caiado em Catal\u00e3o\",\"datePublished\":\"2021-04-30T07:14:33+00:00\",\"mainEntityOfPage\":{\"@id\":\"https:\/\/juacontecimentos.com.br\/site\/educacao-publica-de-goias-sera-melhor-que-privada-diz-caiado-em-catalao\/\"},\"wordCount\":522,\"commentCount\":0,\"publisher\":{\"@id\":\"https:\/\/juacontecimentos.com.br\/site\/#organization\"},\"image\":{\"@id\":\"https:\/\/juacontecimentos.com.br\/site\/educacao-publica-de-goias-sera-melhor-que-privada-diz-caiado-em-catalao\/#primaryimage\"},\"thumbnailUrl\":\"https:\/\/juacontecimentos.com.br\/site\/wp-content\/uploads\/2021\/04\/educacao-publica-de-goias-sera-melhor-que-a-privada-diz-caiado-em-catalao.jpeg\",\"articleSection\":[\"Brasil\",\"Catal\u00e3o\",\"Destaque\",\"Goi\u00e1s\"],\"inLanguage\":\"pt-BR\"},{\"@type\":\"WebPage\",\"@id\":\"https:\/\/juacontecimentos.com.br\/site\/educacao-publica-de-goias-sera-melhor-que-privada-diz-caiado-em-catalao\/\",\"url\":\"https:\/\/juacontecimentos.com.br\/site\/educacao-publica-de-goias-sera-melhor-que-privada-diz-caiado-em-catalao\/\",\"name\":\"\u201cEduca\u00e7\u00e3o p\u00fablica de Goi\u00e1s ser\u00e1 melhor que a privada\u201d, diz Caiado em Catal\u00e3o - Jornal Ultimos Acontecimentos\",\"isPartOf\":{\"@id\":\"https:\/\/juacontecimentos.com.br\/site\/#website\"},\"primaryImageOfPage\":{\"@id\":\"https:\/\/juacontecimentos.com.br\/site\/educacao-publica-de-goias-sera-melhor-que-privada-diz-caiado-em-catalao\/#primaryimage\"},\"image\":{\"@id\":\"https:\/\/juacontecimentos.com.br\/site\/educacao-publica-de-goias-sera-melhor-que-privada-diz-caiado-em-catalao\/#primaryimage\"},\"thumbnailUrl\":\"https:\/\/juacontecimentos.com.br\/site\/wp-content\/uploads\/2021\/04\/educacao-publica-de-goias-sera-melhor-que-a-privada-diz-caiado-em-catalao.jpeg\",\"datePublished\":\"2021-04-30T07:14:33+00:00\",\"breadcrumb\":{\"@id\":\"https:\/\/juacontecimentos.com.br\/site\/educacao-publica-de-goias-sera-melhor-que-privada-diz-caiado-em-catalao\/#breadcrumb\"},\"inLanguage\":\"pt-BR\",\"potentialAction\":[{\"@type\":\"ReadAction\",\"target\":[\"https:\/\/juacontecimentos.com.br\/site\/educacao-publica-de-goias-sera-melhor-que-privada-diz-caiado-em-catalao\/\"]}]},{\"@type\":\"ImageObject\",\"inLanguage\":\"pt-BR\",\"@id\":\"https:\/\/juacontecimentos.com.br\/site\/educacao-publica-de-goias-sera-melhor-que-privada-diz-caiado-em-catalao\/#primaryimage\",\"url\":\"https:\/\/juacontecimentos.com.br\/site\/wp-content\/uploads\/2021\/04\/educacao-publica-de-goias-sera-melhor-que-a-privada-diz-caiado-em-catalao.jpeg\",\"contentUrl\":\"https:\/\/juacontecimentos.com.br\/site\/wp-content\/uploads\/2021\/04\/educacao-publica-de-goias-sera-melhor-que-a-privada-diz-caiado-em-catalao.jpeg\",\"width\":627,\"height\":400},{\"@type\":\"BreadcrumbList\",\"@id\":\"https:\/\/juacontecimentos.com.br\/site\/educacao-publica-de-goias-sera-melhor-que-privada-diz-caiado-em-catalao\/#breadcrumb\",\"itemListElement\":[{\"@type\":\"ListItem\",\"position\":1,\"name\":\"In\u00edcio\",\"item\":\"https:\/\/juacontecimentos.com.br\/site\/\"},{\"@type\":\"ListItem\",\"position\":2,\"name\":\"\u201cEduca\u00e7\u00e3o p\u00fablica de Goi\u00e1s ser\u00e1 melhor que a privada\u201d, diz Caiado em Catal\u00e3o\"}]},{\"@type\":\"WebSite\",\"@id\":\"https:\/\/juacontecimentos.com.br\/site\/#website\",\"url\":\"https:\/\/juacontecimentos.com.br\/site\/\",\"name\":\"Jornal Ultimos Acontecimentos\",\"description\":\"Catal\u00e3o e regi\u00e3o\",\"publisher\":{\"@id\":\"https:\/\/juacontecimentos.com.br\/site\/#organization\"},\"potentialAction\":[{\"@type\":\"SearchAction\",\"target\":{\"@type\":\"EntryPoint\",\"urlTemplate\":\"https:\/\/juacontecimentos.com.br\/site\/?s={search_term_string}\"},\"query-input\":{\"@type\":\"PropertyValueSpecification\",\"valueRequired\":true,\"valueName\":\"search_term_string\"}}],\"inLanguage\":\"pt-BR\"},{\"@type\":\"Organization\",\"@id\":\"https:\/\/juacontecimentos.com.br\/site\/#organization\",\"name\":\"Jornal Ultimos Acontecimentos\",\"url\":\"https:\/\/juacontecimentos.com.br\/site\/\",\"logo\":{\"@type\":\"ImageObject\",\"inLanguage\":\"pt-BR\",\"@id\":\"https:\/\/juacontecimentos.com.br\/site\/#\/schema\/logo\/image\/\",\"url\":\"https:\/\/juacontecimentos.com.br\/site\/wp-content\/uploads\/2023\/04\/Logo_Site.png\",\"contentUrl\":\"https:\/\/juacontecimentos.com.br\/site\/wp-content\/uploads\/2023\/04\/Logo_Site.png\",\"width\":2476,\"height\":530,\"caption\":\"Jornal Ultimos Acontecimentos\"},\"image\":{\"@id\":\"https:\/\/juacontecimentos.com.br\/site\/#\/schema\/logo\/image\/\"},\"sameAs\":[\"https:\/\/www.facebook.com\/jultimosacontecimentos\/\"]},{\"@type\":\"Person\",\"@id\":\"https:\/\/juacontecimentos.com.br\/site\/#\/schema\/person\/082a54e6d3fdd7a633291428521c9669\",\"name\":\"Reginaldo Ribeiro\",\"image\":{\"@type\":\"ImageObject\",\"inLanguage\":\"pt-BR\",\"@id\":\"https:\/\/juacontecimentos.com.br\/site\/#\/schema\/person\/image\/\",\"url\":\"https:\/\/secure.gravatar.com\/avatar\/5c16c6837c3490270a74d888c2a845728f06bdde1f8761de1de1d1d1ef82d12f?s=96&d=mm&r=g\",\"contentUrl\":\"https:\/\/secure.gravatar.com\/avatar\/5c16c6837c3490270a74d888c2a845728f06bdde1f8761de1de1d1d1ef82d12f?s=96&d=mm&r=g\",\"caption\":\"Reginaldo Ribeiro\"}}]}<\/script>\n<!-- \/ Yoast SEO plugin. -->","yoast_head_json":{"title":"\u201cEduca\u00e7\u00e3o p\u00fablica de Goi\u00e1s ser\u00e1 melhor que a privada\u201d, diz Caiado em Catal\u00e3o - Jornal Ultimos Acontecimentos","robots":{"index":"index","follow":"follow","max-snippet":"max-snippet:-1","max-image-preview":"max-image-preview:large","max-video-preview":"max-video-preview:-1"},"canonical":"https:\/\/juacontecimentos.com.br\/site\/educacao-publica-de-goias-sera-melhor-que-privada-diz-caiado-em-catalao\/","og_locale":"pt_BR","og_type":"article","og_title":"\u201cEduca\u00e7\u00e3o p\u00fablica de Goi\u00e1s ser\u00e1 melhor que a privada\u201d, diz Caiado em Catal\u00e3o - Jornal Ultimos Acontecimentos","og_description":"Governador reinaugurou col\u00e9gio reformado O governador Ronaldo Caiado entregou, nesta quinta-feira (28\/4), a reforma e revitaliza\u00e7\u00e3o do Col\u00e9gio Estadual Doutor David Persicano, em Catal\u00e3o, no Sudeste goiano. Entre as obras realizadas na unidade escolar que atende 497 estudantes do ensino fundamental, est\u00e3o a reforma da quadra de esportes coberta, a nova cozinha completamente equipada, a","og_url":"https:\/\/juacontecimentos.com.br\/site\/educacao-publica-de-goias-sera-melhor-que-privada-diz-caiado-em-catalao\/","og_site_name":"Jornal Ultimos Acontecimentos","article_publisher":"https:\/\/www.facebook.com\/jultimosacontecimentos\/","article_published_time":"2021-04-30T07:14:33+00:00","og_image":[{"width":627,"height":400,"url":"https:\/\/juacontecimentos.com.br\/site\/wp-content\/uploads\/2021\/04\/educacao-publica-de-goias-sera-melhor-que-a-privada-diz-caiado-em-catalao.jpeg","type":"image\/jpeg"}],"author":"Reginaldo Ribeiro","twitter_card":"summary_large_image","twitter_misc":{"Escrito por":"Reginaldo Ribeiro","Est. tempo de leitura":"3 minutos"},"schema":{"@context":"https:\/\/schema.org","@graph":[{"@type":"Article","@id":"https:\/\/juacontecimentos.com.br\/site\/educacao-publica-de-goias-sera-melhor-que-privada-diz-caiado-em-catalao\/#article","isPartOf":{"@id":"https:\/\/juacontecimentos.com.br\/site\/educacao-publica-de-goias-sera-melhor-que-privada-diz-caiado-em-catalao\/"},"author":{"name":"Reginaldo Ribeiro","@id":"https:\/\/juacontecimentos.com.br\/site\/#\/schema\/person\/082a54e6d3fdd7a633291428521c9669"},"headline":"\u201cEduca\u00e7\u00e3o p\u00fablica de Goi\u00e1s ser\u00e1 melhor que a privada\u201d, diz Caiado em Catal\u00e3o","datePublished":"2021-04-30T07:14:33+00:00","mainEntityOfPage":{"@id":"https:\/\/juacontecimentos.com.br\/site\/educacao-publica-de-goias-sera-melhor-que-privada-diz-caiado-em-catalao\/"},"wordCount":522,"commentCount":0,"publisher":{"@id":"https:\/\/juacontecimentos.com.br\/site\/#organization"},"image":{"@id":"https:\/\/juacontecimentos.com.br\/site\/educacao-publica-de-goias-sera-melhor-que-privada-diz-caiado-em-catalao\/#primaryimage"},"thumbnailUrl":"https:\/\/juacontecimentos.com.br\/site\/wp-content\/uploads\/2021\/04\/educacao-publica-de-goias-sera-melhor-que-a-privada-diz-caiado-em-catalao.jpeg","articleSection":["Brasil","Catal\u00e3o","Destaque","Goi\u00e1s"],"inLanguage":"pt-BR"},{"@type":"WebPage","@id":"https:\/\/juacontecimentos.com.br\/site\/educacao-publica-de-goias-sera-melhor-que-privada-diz-caiado-em-catalao\/","url":"https:\/\/juacontecimentos.com.br\/site\/educacao-publica-de-goias-sera-melhor-que-privada-diz-caiado-em-catalao\/","name":"\u201cEduca\u00e7\u00e3o p\u00fablica de Goi\u00e1s ser\u00e1 melhor que a privada\u201d, diz Caiado em Catal\u00e3o - Jornal Ultimos Acontecimentos","isPartOf":{"@id":"https:\/\/juacontecimentos.com.br\/site\/#website"},"primaryImageOfPage":{"@id":"https:\/\/juacontecimentos.com.br\/site\/educacao-publica-de-goias-sera-melhor-que-privada-diz-caiado-em-catalao\/#primaryimage"},"image":{"@id":"https:\/\/juacontecimentos.com.br\/site\/educacao-publica-de-goias-sera-melhor-que-privada-diz-caiado-em-catalao\/#primaryimage"},"thumbnailUrl":"https:\/\/juacontecimentos.com.br\/site\/wp-content\/uploads\/2021\/04\/educacao-publica-de-goias-sera-melhor-que-a-privada-diz-caiado-em-catalao.jpeg","datePublished":"2021-04-30T07:14:33+00:00","breadcrumb":{"@id":"https:\/\/juacontecimentos.com.br\/site\/educacao-publica-de-goias-sera-melhor-que-privada-diz-caiado-em-catalao\/#breadcrumb"},"inLanguage":"pt-BR","potentialAction":[{"@type":"ReadAction","target":["https:\/\/juacontecimentos.com.br\/site\/educacao-publica-de-goias-sera-melhor-que-privada-diz-caiado-em-catalao\/"]}]},{"@type":"ImageObject","inLanguage":"pt-BR","@id":"https:\/\/juacontecimentos.com.br\/site\/educacao-publica-de-goias-sera-melhor-que-privada-diz-caiado-em-catalao\/#primaryimage","url":"https:\/\/juacontecimentos.com.br\/site\/wp-content\/uploads\/2021\/04\/educacao-publica-de-goias-sera-melhor-que-a-privada-diz-caiado-em-catalao.jpeg","contentUrl":"https:\/\/juacontecimentos.com.br\/site\/wp-content\/uploads\/2021\/04\/educacao-publica-de-goias-sera-melhor-que-a-privada-diz-caiado-em-catalao.jpeg","width":627,"height":400},{"@type":"BreadcrumbList","@id":"https:\/\/juacontecimentos.com.br\/site\/educacao-publica-de-goias-sera-melhor-que-privada-diz-caiado-em-catalao\/#breadcrumb","itemListElement":[{"@type":"ListItem","position":1,"name":"In\u00edcio","item":"https:\/\/juacontecimentos.com.br\/site\/"},{"@type":"ListItem","position":2,"name":"\u201cEduca\u00e7\u00e3o p\u00fablica de Goi\u00e1s ser\u00e1 melhor que a privada\u201d, diz Caiado em Catal\u00e3o"}]},{"@type":"WebSite","@id":"https:\/\/juacontecimentos.com.br\/site\/#website","url":"https:\/\/juacontecimentos.com.br\/site\/","name":"Jornal Ultimos Acontecimentos","description":"Catal\u00e3o e regi\u00e3o","publisher":{"@id":"https:\/\/juacontecimentos.com.br\/site\/#organization"},"potentialAction":[{"@type":"SearchAction","target":{"@type":"EntryPoint","urlTemplate":"https:\/\/juacontecimentos.com.br\/site\/?s={search_term_string}"},"query-input":{"@type":"PropertyValueSpecification","valueRequired":true,"valueName":"search_term_string"}}],"inLanguage":"pt-BR"},{"@type":"Organization","@id":"https:\/\/juacontecimentos.com.br\/site\/#organization","name":"Jornal Ultimos Acontecimentos","url":"https:\/\/juacontecimentos.com.br\/site\/","logo":{"@type":"ImageObject","inLanguage":"pt-BR","@id":"https:\/\/juacontecimentos.com.br\/site\/#\/schema\/logo\/image\/","url":"https:\/\/juacontecimentos.com.br\/site\/wp-content\/uploads\/2023\/04\/Logo_Site.png","contentUrl":"https:\/\/juacontecimentos.com.br\/site\/wp-content\/uploads\/2023\/04\/Logo_Site.png","width":2476,"height":530,"caption":"Jornal Ultimos Acontecimentos"},"image":{"@id":"https:\/\/juacontecimentos.com.br\/site\/#\/schema\/logo\/image\/"},"sameAs":["https:\/\/www.facebook.com\/jultimosacontecimentos\/"]},{"@type":"Person","@id":"https:\/\/juacontecimentos.com.br\/site\/#\/schema\/person\/082a54e6d3fdd7a633291428521c9669","name":"Reginaldo Ribeiro","image":{"@type":"ImageObject","inLanguage":"pt-BR","@id":"https:\/\/juacontecimentos.com.br\/site\/#\/schema\/person\/image\/","url":"https:\/\/secure.gravatar.com\/avatar\/5c16c6837c3490270a74d888c2a845728f06bdde1f8761de1de1d1d1ef82d12f?s=96&d=mm&r=g","contentUrl":"https:\/\/secure.gravatar.com\/avatar\/5c16c6837c3490270a74d888c2a845728f06bdde1f8761de1de1d1d1ef82d12f?s=96&d=mm&r=g","caption":"Reginaldo Ribeiro"}}]}},"_links":{"self":[{"href":"https:\/\/juacontecimentos.com.br\/site\/wp-json\/wp\/v2\/posts\/14466","targetHints":{"allow":["GET"]}}],"collection":[{"href":"https:\/\/juacontecimentos.com.br\/site\/wp-json\/wp\/v2\/posts"}],"about":[{"href":"https:\/\/juacontecimentos.com.br\/site\/wp-json\/wp\/v2\/types\/post"}],"author":[{"embeddable":true,"href":"https:\/\/juacontecimentos.com.br\/site\/wp-json\/wp\/v2\/users\/2"}],"replies":[{"embeddable":true,"href":"https:\/\/juacontecimentos.com.br\/site\/wp-json\/wp\/v2\/comments?post=14466"}],"version-history":[{"count":1,"href":"https:\/\/juacontecimentos.com.br\/site\/wp-json\/wp\/v2\/posts\/14466\/revisions"}],"predecessor-version":[{"id":14468,"href":"https:\/\/juacontecimentos.com.br\/site\/wp-json\/wp\/v2\/posts\/14466\/revisions\/14468"}],"wp:featuredmedia":[{"embeddable":true,"href":"https:\/\/juacontecimentos.com.br\/site\/wp-json\/wp\/v2\/media\/14467"}],"wp:attachment":[{"href":"https:\/\/juacontecimentos.com.br\/site\/wp-json\/wp\/v2\/media?parent=14466"}],"wp:term":[{"taxonomy":"category","embeddable":true,"href":"https:\/\/juacontecimentos.com.br\/site\/wp-json\/wp\/v2\/categories?post=14466"},{"taxonomy":"post_tag","embeddable":true,"href":"https:\/\/juacontecimentos.com.br\/site\/wp-json\/wp\/v2\/tags?post=14466"}],"curies":[{"name":"wp","href":"https:\/\/api.w.org\/{rel}","templated":true}]}}