{"id":14605,"date":"2021-05-06T08:02:35","date_gmt":"2021-05-06T11:02:35","guid":{"rendered":"https:\/\/juacontecimentos.com.br\/site\/?p=14605"},"modified":"2021-05-06T08:09:57","modified_gmt":"2021-05-06T11:09:57","slug":"educacaoouvidor-escola-professora-ediene-da-silva-dias-entrega-material-escolar-didatico-do-projeto-alfabetizacao-e-reforco","status":"publish","type":"post","link":"https:\/\/juacontecimentos.com.br\/site\/educacaoouvidor-escola-professora-ediene-da-silva-dias-entrega-material-escolar-didatico-do-projeto-alfabetizacao-e-reforco\/","title":{"rendered":"EDUCA\u00c7\u00c3OOUVIDOR | Escola Professora &#8220;Ediene da Silva Dias&#8217; entrega material escolar did\u00e1tico do Projeto Alfabetiza\u00e7\u00e3o e Refor\u00e7o"},"content":{"rendered":"<p><img loading=\"lazy\" decoding=\"async\" class=\"alignnone size-large wp-image-14606\" src=\"https:\/\/juacontecimentos.com.br\/site\/wp-content\/uploads\/2021\/05\/FB_IMG_1620298703821-1024x768.jpg\" alt=\"\" width=\"900\" height=\"675\" srcset=\"https:\/\/juacontecimentos.com.br\/site\/wp-content\/uploads\/2021\/05\/FB_IMG_1620298703821-1024x768.jpg 1024w, https:\/\/juacontecimentos.com.br\/site\/wp-content\/uploads\/2021\/05\/FB_IMG_1620298703821-300x225.jpg 300w, https:\/\/juacontecimentos.com.br\/site\/wp-content\/uploads\/2021\/05\/FB_IMG_1620298703821-768x576.jpg 768w, https:\/\/juacontecimentos.com.br\/site\/wp-content\/uploads\/2021\/05\/FB_IMG_1620298703821.jpg 1032w\" sizes=\"auto, (max-width: 900px) 100vw, 900px\" \/><\/p>\n<div>A Escola Municipal Professora &#8220;Ediene da Silva Dias&#8221;, desde o \u00faltimo dia (28), vem realizando a entrega do material escolar did\u00e1tico para os alunos do projeto Alfabetiza\u00e7\u00e3o e Refor\u00e7o, promovido pela Secretaria de Educa\u00e7\u00e3o em parceria com a escola, para os alunos do 2\u00ba ao 5\u00ba ano, que necessitam de aulas de refor\u00e7o nas componentes de matem\u00e1tica e l\u00edngua portuguesa.<\/div>\n<div><\/div>\n<div>A coordenadora pedag\u00f3gica e respons\u00e1vel pelo projeto, Rog\u00e9ria Nascimento, informou que a implementa\u00e7\u00e3o do projeto, contribuiu imensamente para um avan\u00e7o no desenvolvimento da capacidade de cada um dos alunos benefici\u00e1rios. \u201cQuero ressaltar que devido a\u00e7\u00f5es como esta em nosso munic\u00edpio, o nosso \u00edndice IDEB \u00e9 um dos maiores do estado de goi\u00e1s. Quero tamb\u00e9m, agradecer ao Prefeito Cebinha, que \u00e9 um grande incentivador da educa\u00e7\u00e3o em nosso munic\u00edpio, \u00e0 Secret\u00e1ria de Educa\u00e7\u00e3o Shirley Helena, \u00e0 Diretora D\u00e9bora Jacob Neto Barbosa, sempre \u00e0 frente dos projetos pedag\u00f3gicos, aos professores e coordenadores da escola pelo empenho na realiza\u00e7\u00e3o do projeto\u201d, concluiu Rog\u00e9ria.<\/div>\n<div>Fonte: Ascom prefeitura.<\/div>\n<div><img loading=\"lazy\" decoding=\"async\" class=\"alignnone size-large wp-image-14607\" src=\"https:\/\/juacontecimentos.com.br\/site\/wp-content\/uploads\/2021\/05\/FB_IMG_1620298729248-768x1024.jpg\" alt=\"\" width=\"768\" height=\"1024\" srcset=\"https:\/\/juacontecimentos.com.br\/site\/wp-content\/uploads\/2021\/05\/FB_IMG_1620298729248-768x1024.jpg 768w, https:\/\/juacontecimentos.com.br\/site\/wp-content\/uploads\/2021\/05\/FB_IMG_1620298729248-225x300.jpg 225w, https:\/\/juacontecimentos.com.br\/site\/wp-content\/uploads\/2021\/05\/FB_IMG_1620298729248.jpg 774w\" sizes=\"auto, (max-width: 768px) 100vw, 768px\" \/> <img loading=\"lazy\" decoding=\"async\" class=\"alignnone size-large wp-image-14608\" src=\"https:\/\/juacontecimentos.com.br\/site\/wp-content\/uploads\/2021\/05\/FB_IMG_1620298711344-766x1024.jpg\" alt=\"\" width=\"766\" height=\"1024\" srcset=\"https:\/\/juacontecimentos.com.br\/site\/wp-content\/uploads\/2021\/05\/FB_IMG_1620298711344-766x1024.jpg 766w, https:\/\/juacontecimentos.com.br\/site\/wp-content\/uploads\/2021\/05\/FB_IMG_1620298711344-225x300.jpg 225w, https:\/\/juacontecimentos.com.br\/site\/wp-content\/uploads\/2021\/05\/FB_IMG_1620298711344-768x1026.jpg 768w, https:\/\/juacontecimentos.com.br\/site\/wp-content\/uploads\/2021\/05\/FB_IMG_1620298711344.jpg 958w\" sizes=\"auto, (max-width: 766px) 100vw, 766px\" \/> <img loading=\"lazy\" decoding=\"async\" class=\"alignnone size-large wp-image-14609\" src=\"https:\/\/juacontecimentos.com.br\/site\/wp-content\/uploads\/2021\/05\/FB_IMG_1620298721372-766x1024.jpg\" alt=\"\" width=\"766\" height=\"1024\" srcset=\"https:\/\/juacontecimentos.com.br\/site\/wp-content\/uploads\/2021\/05\/FB_IMG_1620298721372-766x1024.jpg 766w, https:\/\/juacontecimentos.com.br\/site\/wp-content\/uploads\/2021\/05\/FB_IMG_1620298721372-225x300.jpg 225w, https:\/\/juacontecimentos.com.br\/site\/wp-content\/uploads\/2021\/05\/FB_IMG_1620298721372-768x1026.jpg 768w, https:\/\/juacontecimentos.com.br\/site\/wp-content\/uploads\/2021\/05\/FB_IMG_1620298721372.jpg 958w\" sizes=\"auto, (max-width: 766px) 100vw, 766px\" \/> <img loading=\"lazy\" decoding=\"async\" class=\"alignnone size-large wp-image-14610\" src=\"https:\/\/juacontecimentos.com.br\/site\/wp-content\/uploads\/2021\/05\/FB_IMG_1620298715356-496x1024.jpg\" alt=\"\" width=\"496\" height=\"1024\" srcset=\"https:\/\/juacontecimentos.com.br\/site\/wp-content\/uploads\/2021\/05\/FB_IMG_1620298715356-496x1024.jpg 496w, https:\/\/juacontecimentos.com.br\/site\/wp-content\/uploads\/2021\/05\/FB_IMG_1620298715356-145x300.jpg 145w, https:\/\/juacontecimentos.com.br\/site\/wp-content\/uploads\/2021\/05\/FB_IMG_1620298715356-768x1586.jpg 768w, https:\/\/juacontecimentos.com.br\/site\/wp-content\/uploads\/2021\/05\/FB_IMG_1620298715356.jpg 976w\" sizes=\"auto, (max-width: 496px) 100vw, 496px\" \/><\/div>\n<p><\/p>\n","protected":false},"excerpt":{"rendered":"<p>A Escola Municipal Professora &#8220;Ediene da Silva Dias&#8221;, desde o \u00faltimo dia (28), vem realizando a entrega do material escolar did\u00e1tico para os alunos do projeto Alfabetiza\u00e7\u00e3o e Refor\u00e7o, promovido pela Secretaria de Educa\u00e7\u00e3o em parceria com a escola, para os alunos do 2\u00ba ao 5\u00ba ano, que necessitam de aulas de refor\u00e7o nas componentes<\/p>\n","protected":false},"author":2,"featured_media":14606,"comment_status":"open","ping_status":"open","sticky":false,"template":"","format":"standard","meta":{"footnotes":""},"categories":[27,22,26,23],"tags":[],"class_list":["post-14605","post","type-post","status-publish","format-standard","has-post-thumbnail","hentry","category-brasil","category-catalao","category-destaque","category-goias"],"yoast_head":"<!-- This site is optimized with the Yoast SEO plugin v25.8 - https:\/\/yoast.com\/wordpress\/plugins\/seo\/ -->\n<title>EDUCA\u00c7\u00c3OOUVIDOR | Escola Professora &quot;Ediene da Silva Dias&#039; entrega material escolar did\u00e1tico do Projeto Alfabetiza\u00e7\u00e3o e Refor\u00e7o - Jornal Ultimos Acontecimentos<\/title>\n<meta name=\"robots\" content=\"index, follow, max-snippet:-1, max-image-preview:large, max-video-preview:-1\" \/>\n<link rel=\"canonical\" href=\"https:\/\/juacontecimentos.com.br\/site\/educacaoouvidor-escola-professora-ediene-da-silva-dias-entrega-material-escolar-didatico-do-projeto-alfabetizacao-e-reforco\/\" \/>\n<meta property=\"og:locale\" content=\"pt_BR\" \/>\n<meta property=\"og:type\" content=\"article\" \/>\n<meta property=\"og:title\" content=\"EDUCA\u00c7\u00c3OOUVIDOR | Escola Professora &quot;Ediene da Silva Dias&#039; entrega material escolar did\u00e1tico do Projeto Alfabetiza\u00e7\u00e3o e Refor\u00e7o - Jornal Ultimos Acontecimentos\" \/>\n<meta property=\"og:description\" content=\"A Escola Municipal Professora &#8220;Ediene da Silva Dias&#8221;, desde o \u00faltimo dia (28), vem realizando a entrega do material escolar did\u00e1tico para os alunos do projeto Alfabetiza\u00e7\u00e3o e Refor\u00e7o, promovido pela Secretaria de Educa\u00e7\u00e3o em parceria com a escola, para os alunos do 2\u00ba ao 5\u00ba ano, que necessitam de aulas de refor\u00e7o nas componentes\" \/>\n<meta property=\"og:url\" content=\"https:\/\/juacontecimentos.com.br\/site\/educacaoouvidor-escola-professora-ediene-da-silva-dias-entrega-material-escolar-didatico-do-projeto-alfabetizacao-e-reforco\/\" \/>\n<meta property=\"og:site_name\" content=\"Jornal Ultimos Acontecimentos\" \/>\n<meta property=\"article:publisher\" content=\"https:\/\/www.facebook.com\/jultimosacontecimentos\/\" \/>\n<meta property=\"article:published_time\" content=\"2021-05-06T11:02:35+00:00\" \/>\n<meta property=\"article:modified_time\" content=\"2021-05-06T11:09:57+00:00\" \/>\n<meta property=\"og:image\" content=\"https:\/\/juacontecimentos.com.br\/site\/wp-content\/uploads\/2021\/05\/FB_IMG_1620298703821.jpg\" \/>\n\t<meta property=\"og:image:width\" content=\"1032\" \/>\n\t<meta property=\"og:image:height\" content=\"774\" \/>\n\t<meta property=\"og:image:type\" content=\"image\/jpeg\" \/>\n<meta name=\"author\" content=\"Reginaldo Ribeiro\" \/>\n<meta name=\"twitter:card\" content=\"summary_large_image\" \/>\n<meta name=\"twitter:label1\" content=\"Escrito por\" \/>\n\t<meta name=\"twitter:data1\" content=\"Reginaldo Ribeiro\" \/>\n\t<meta name=\"twitter:label2\" content=\"Est. tempo de leitura\" \/>\n\t<meta name=\"twitter:data2\" content=\"1 minuto\" \/>\n<script type=\"application\/ld+json\" class=\"yoast-schema-graph\">{\"@context\":\"https:\/\/schema.org\",\"@graph\":[{\"@type\":\"Article\",\"@id\":\"https:\/\/juacontecimentos.com.br\/site\/educacaoouvidor-escola-professora-ediene-da-silva-dias-entrega-material-escolar-didatico-do-projeto-alfabetizacao-e-reforco\/#article\",\"isPartOf\":{\"@id\":\"https:\/\/juacontecimentos.com.br\/site\/educacaoouvidor-escola-professora-ediene-da-silva-dias-entrega-material-escolar-didatico-do-projeto-alfabetizacao-e-reforco\/\"},\"author\":{\"name\":\"Reginaldo Ribeiro\",\"@id\":\"https:\/\/juacontecimentos.com.br\/site\/#\/schema\/person\/082a54e6d3fdd7a633291428521c9669\"},\"headline\":\"EDUCA\u00c7\u00c3OOUVIDOR | Escola Professora &#8220;Ediene da Silva Dias&#8217; entrega material escolar did\u00e1tico do Projeto Alfabetiza\u00e7\u00e3o e Refor\u00e7o\",\"datePublished\":\"2021-05-06T11:02:35+00:00\",\"dateModified\":\"2021-05-06T11:09:57+00:00\",\"mainEntityOfPage\":{\"@id\":\"https:\/\/juacontecimentos.com.br\/site\/educacaoouvidor-escola-professora-ediene-da-silva-dias-entrega-material-escolar-didatico-do-projeto-alfabetizacao-e-reforco\/\"},\"wordCount\":200,\"commentCount\":0,\"publisher\":{\"@id\":\"https:\/\/juacontecimentos.com.br\/site\/#organization\"},\"image\":{\"@id\":\"https:\/\/juacontecimentos.com.br\/site\/educacaoouvidor-escola-professora-ediene-da-silva-dias-entrega-material-escolar-didatico-do-projeto-alfabetizacao-e-reforco\/#primaryimage\"},\"thumbnailUrl\":\"https:\/\/juacontecimentos.com.br\/site\/wp-content\/uploads\/2021\/05\/FB_IMG_1620298703821.jpg\",\"articleSection\":[\"Brasil\",\"Catal\u00e3o\",\"Destaque\",\"Goi\u00e1s\"],\"inLanguage\":\"pt-BR\"},{\"@type\":\"WebPage\",\"@id\":\"https:\/\/juacontecimentos.com.br\/site\/educacaoouvidor-escola-professora-ediene-da-silva-dias-entrega-material-escolar-didatico-do-projeto-alfabetizacao-e-reforco\/\",\"url\":\"https:\/\/juacontecimentos.com.br\/site\/educacaoouvidor-escola-professora-ediene-da-silva-dias-entrega-material-escolar-didatico-do-projeto-alfabetizacao-e-reforco\/\",\"name\":\"EDUCA\u00c7\u00c3OOUVIDOR | Escola Professora \\\"Ediene da Silva Dias' entrega material escolar did\u00e1tico do Projeto Alfabetiza\u00e7\u00e3o e Refor\u00e7o - Jornal Ultimos Acontecimentos\",\"isPartOf\":{\"@id\":\"https:\/\/juacontecimentos.com.br\/site\/#website\"},\"primaryImageOfPage\":{\"@id\":\"https:\/\/juacontecimentos.com.br\/site\/educacaoouvidor-escola-professora-ediene-da-silva-dias-entrega-material-escolar-didatico-do-projeto-alfabetizacao-e-reforco\/#primaryimage\"},\"image\":{\"@id\":\"https:\/\/juacontecimentos.com.br\/site\/educacaoouvidor-escola-professora-ediene-da-silva-dias-entrega-material-escolar-didatico-do-projeto-alfabetizacao-e-reforco\/#primaryimage\"},\"thumbnailUrl\":\"https:\/\/juacontecimentos.com.br\/site\/wp-content\/uploads\/2021\/05\/FB_IMG_1620298703821.jpg\",\"datePublished\":\"2021-05-06T11:02:35+00:00\",\"dateModified\":\"2021-05-06T11:09:57+00:00\",\"breadcrumb\":{\"@id\":\"https:\/\/juacontecimentos.com.br\/site\/educacaoouvidor-escola-professora-ediene-da-silva-dias-entrega-material-escolar-didatico-do-projeto-alfabetizacao-e-reforco\/#breadcrumb\"},\"inLanguage\":\"pt-BR\",\"potentialAction\":[{\"@type\":\"ReadAction\",\"target\":[\"https:\/\/juacontecimentos.com.br\/site\/educacaoouvidor-escola-professora-ediene-da-silva-dias-entrega-material-escolar-didatico-do-projeto-alfabetizacao-e-reforco\/\"]}]},{\"@type\":\"ImageObject\",\"inLanguage\":\"pt-BR\",\"@id\":\"https:\/\/juacontecimentos.com.br\/site\/educacaoouvidor-escola-professora-ediene-da-silva-dias-entrega-material-escolar-didatico-do-projeto-alfabetizacao-e-reforco\/#primaryimage\",\"url\":\"https:\/\/juacontecimentos.com.br\/site\/wp-content\/uploads\/2021\/05\/FB_IMG_1620298703821.jpg\",\"contentUrl\":\"https:\/\/juacontecimentos.com.br\/site\/wp-content\/uploads\/2021\/05\/FB_IMG_1620298703821.jpg\",\"width\":1032,\"height\":774},{\"@type\":\"BreadcrumbList\",\"@id\":\"https:\/\/juacontecimentos.com.br\/site\/educacaoouvidor-escola-professora-ediene-da-silva-dias-entrega-material-escolar-didatico-do-projeto-alfabetizacao-e-reforco\/#breadcrumb\",\"itemListElement\":[{\"@type\":\"ListItem\",\"position\":1,\"name\":\"In\u00edcio\",\"item\":\"https:\/\/juacontecimentos.com.br\/site\/\"},{\"@type\":\"ListItem\",\"position\":2,\"name\":\"EDUCA\u00c7\u00c3OOUVIDOR | Escola Professora &#8220;Ediene da Silva Dias&#8217; entrega material escolar did\u00e1tico do Projeto Alfabetiza\u00e7\u00e3o e Refor\u00e7o\"}]},{\"@type\":\"WebSite\",\"@id\":\"https:\/\/juacontecimentos.com.br\/site\/#website\",\"url\":\"https:\/\/juacontecimentos.com.br\/site\/\",\"name\":\"Jornal Ultimos Acontecimentos\",\"description\":\"Catal\u00e3o e regi\u00e3o\",\"publisher\":{\"@id\":\"https:\/\/juacontecimentos.com.br\/site\/#organization\"},\"potentialAction\":[{\"@type\":\"SearchAction\",\"target\":{\"@type\":\"EntryPoint\",\"urlTemplate\":\"https:\/\/juacontecimentos.com.br\/site\/?s={search_term_string}\"},\"query-input\":{\"@type\":\"PropertyValueSpecification\",\"valueRequired\":true,\"valueName\":\"search_term_string\"}}],\"inLanguage\":\"pt-BR\"},{\"@type\":\"Organization\",\"@id\":\"https:\/\/juacontecimentos.com.br\/site\/#organization\",\"name\":\"Jornal Ultimos Acontecimentos\",\"url\":\"https:\/\/juacontecimentos.com.br\/site\/\",\"logo\":{\"@type\":\"ImageObject\",\"inLanguage\":\"pt-BR\",\"@id\":\"https:\/\/juacontecimentos.com.br\/site\/#\/schema\/logo\/image\/\",\"url\":\"https:\/\/juacontecimentos.com.br\/site\/wp-content\/uploads\/2023\/04\/Logo_Site.png\",\"contentUrl\":\"https:\/\/juacontecimentos.com.br\/site\/wp-content\/uploads\/2023\/04\/Logo_Site.png\",\"width\":2476,\"height\":530,\"caption\":\"Jornal Ultimos Acontecimentos\"},\"image\":{\"@id\":\"https:\/\/juacontecimentos.com.br\/site\/#\/schema\/logo\/image\/\"},\"sameAs\":[\"https:\/\/www.facebook.com\/jultimosacontecimentos\/\"]},{\"@type\":\"Person\",\"@id\":\"https:\/\/juacontecimentos.com.br\/site\/#\/schema\/person\/082a54e6d3fdd7a633291428521c9669\",\"name\":\"Reginaldo Ribeiro\",\"image\":{\"@type\":\"ImageObject\",\"inLanguage\":\"pt-BR\",\"@id\":\"https:\/\/juacontecimentos.com.br\/site\/#\/schema\/person\/image\/\",\"url\":\"https:\/\/secure.gravatar.com\/avatar\/5c16c6837c3490270a74d888c2a845728f06bdde1f8761de1de1d1d1ef82d12f?s=96&d=mm&r=g\",\"contentUrl\":\"https:\/\/secure.gravatar.com\/avatar\/5c16c6837c3490270a74d888c2a845728f06bdde1f8761de1de1d1d1ef82d12f?s=96&d=mm&r=g\",\"caption\":\"Reginaldo Ribeiro\"}}]}<\/script>\n<!-- \/ Yoast SEO plugin. -->","yoast_head_json":{"title":"EDUCA\u00c7\u00c3OOUVIDOR | Escola Professora \"Ediene da Silva Dias' entrega material escolar did\u00e1tico do Projeto Alfabetiza\u00e7\u00e3o e Refor\u00e7o - Jornal Ultimos Acontecimentos","robots":{"index":"index","follow":"follow","max-snippet":"max-snippet:-1","max-image-preview":"max-image-preview:large","max-video-preview":"max-video-preview:-1"},"canonical":"https:\/\/juacontecimentos.com.br\/site\/educacaoouvidor-escola-professora-ediene-da-silva-dias-entrega-material-escolar-didatico-do-projeto-alfabetizacao-e-reforco\/","og_locale":"pt_BR","og_type":"article","og_title":"EDUCA\u00c7\u00c3OOUVIDOR | Escola Professora \"Ediene da Silva Dias' entrega material escolar did\u00e1tico do Projeto Alfabetiza\u00e7\u00e3o e Refor\u00e7o - Jornal Ultimos Acontecimentos","og_description":"A Escola Municipal Professora &#8220;Ediene da Silva Dias&#8221;, desde o \u00faltimo dia (28), vem realizando a entrega do material escolar did\u00e1tico para os alunos do projeto Alfabetiza\u00e7\u00e3o e Refor\u00e7o, promovido pela Secretaria de Educa\u00e7\u00e3o em parceria com a escola, para os alunos do 2\u00ba ao 5\u00ba ano, que necessitam de aulas de refor\u00e7o nas componentes","og_url":"https:\/\/juacontecimentos.com.br\/site\/educacaoouvidor-escola-professora-ediene-da-silva-dias-entrega-material-escolar-didatico-do-projeto-alfabetizacao-e-reforco\/","og_site_name":"Jornal Ultimos Acontecimentos","article_publisher":"https:\/\/www.facebook.com\/jultimosacontecimentos\/","article_published_time":"2021-05-06T11:02:35+00:00","article_modified_time":"2021-05-06T11:09:57+00:00","og_image":[{"width":1032,"height":774,"url":"https:\/\/juacontecimentos.com.br\/site\/wp-content\/uploads\/2021\/05\/FB_IMG_1620298703821.jpg","type":"image\/jpeg"}],"author":"Reginaldo Ribeiro","twitter_card":"summary_large_image","twitter_misc":{"Escrito por":"Reginaldo Ribeiro","Est. tempo de leitura":"1 minuto"},"schema":{"@context":"https:\/\/schema.org","@graph":[{"@type":"Article","@id":"https:\/\/juacontecimentos.com.br\/site\/educacaoouvidor-escola-professora-ediene-da-silva-dias-entrega-material-escolar-didatico-do-projeto-alfabetizacao-e-reforco\/#article","isPartOf":{"@id":"https:\/\/juacontecimentos.com.br\/site\/educacaoouvidor-escola-professora-ediene-da-silva-dias-entrega-material-escolar-didatico-do-projeto-alfabetizacao-e-reforco\/"},"author":{"name":"Reginaldo Ribeiro","@id":"https:\/\/juacontecimentos.com.br\/site\/#\/schema\/person\/082a54e6d3fdd7a633291428521c9669"},"headline":"EDUCA\u00c7\u00c3OOUVIDOR | Escola Professora &#8220;Ediene da Silva Dias&#8217; entrega material escolar did\u00e1tico do Projeto Alfabetiza\u00e7\u00e3o e Refor\u00e7o","datePublished":"2021-05-06T11:02:35+00:00","dateModified":"2021-05-06T11:09:57+00:00","mainEntityOfPage":{"@id":"https:\/\/juacontecimentos.com.br\/site\/educacaoouvidor-escola-professora-ediene-da-silva-dias-entrega-material-escolar-didatico-do-projeto-alfabetizacao-e-reforco\/"},"wordCount":200,"commentCount":0,"publisher":{"@id":"https:\/\/juacontecimentos.com.br\/site\/#organization"},"image":{"@id":"https:\/\/juacontecimentos.com.br\/site\/educacaoouvidor-escola-professora-ediene-da-silva-dias-entrega-material-escolar-didatico-do-projeto-alfabetizacao-e-reforco\/#primaryimage"},"thumbnailUrl":"https:\/\/juacontecimentos.com.br\/site\/wp-content\/uploads\/2021\/05\/FB_IMG_1620298703821.jpg","articleSection":["Brasil","Catal\u00e3o","Destaque","Goi\u00e1s"],"inLanguage":"pt-BR"},{"@type":"WebPage","@id":"https:\/\/juacontecimentos.com.br\/site\/educacaoouvidor-escola-professora-ediene-da-silva-dias-entrega-material-escolar-didatico-do-projeto-alfabetizacao-e-reforco\/","url":"https:\/\/juacontecimentos.com.br\/site\/educacaoouvidor-escola-professora-ediene-da-silva-dias-entrega-material-escolar-didatico-do-projeto-alfabetizacao-e-reforco\/","name":"EDUCA\u00c7\u00c3OOUVIDOR | Escola Professora \"Ediene da Silva Dias' entrega material escolar did\u00e1tico do Projeto Alfabetiza\u00e7\u00e3o e Refor\u00e7o - Jornal Ultimos Acontecimentos","isPartOf":{"@id":"https:\/\/juacontecimentos.com.br\/site\/#website"},"primaryImageOfPage":{"@id":"https:\/\/juacontecimentos.com.br\/site\/educacaoouvidor-escola-professora-ediene-da-silva-dias-entrega-material-escolar-didatico-do-projeto-alfabetizacao-e-reforco\/#primaryimage"},"image":{"@id":"https:\/\/juacontecimentos.com.br\/site\/educacaoouvidor-escola-professora-ediene-da-silva-dias-entrega-material-escolar-didatico-do-projeto-alfabetizacao-e-reforco\/#primaryimage"},"thumbnailUrl":"https:\/\/juacontecimentos.com.br\/site\/wp-content\/uploads\/2021\/05\/FB_IMG_1620298703821.jpg","datePublished":"2021-05-06T11:02:35+00:00","dateModified":"2021-05-06T11:09:57+00:00","breadcrumb":{"@id":"https:\/\/juacontecimentos.com.br\/site\/educacaoouvidor-escola-professora-ediene-da-silva-dias-entrega-material-escolar-didatico-do-projeto-alfabetizacao-e-reforco\/#breadcrumb"},"inLanguage":"pt-BR","potentialAction":[{"@type":"ReadAction","target":["https:\/\/juacontecimentos.com.br\/site\/educacaoouvidor-escola-professora-ediene-da-silva-dias-entrega-material-escolar-didatico-do-projeto-alfabetizacao-e-reforco\/"]}]},{"@type":"ImageObject","inLanguage":"pt-BR","@id":"https:\/\/juacontecimentos.com.br\/site\/educacaoouvidor-escola-professora-ediene-da-silva-dias-entrega-material-escolar-didatico-do-projeto-alfabetizacao-e-reforco\/#primaryimage","url":"https:\/\/juacontecimentos.com.br\/site\/wp-content\/uploads\/2021\/05\/FB_IMG_1620298703821.jpg","contentUrl":"https:\/\/juacontecimentos.com.br\/site\/wp-content\/uploads\/2021\/05\/FB_IMG_1620298703821.jpg","width":1032,"height":774},{"@type":"BreadcrumbList","@id":"https:\/\/juacontecimentos.com.br\/site\/educacaoouvidor-escola-professora-ediene-da-silva-dias-entrega-material-escolar-didatico-do-projeto-alfabetizacao-e-reforco\/#breadcrumb","itemListElement":[{"@type":"ListItem","position":1,"name":"In\u00edcio","item":"https:\/\/juacontecimentos.com.br\/site\/"},{"@type":"ListItem","position":2,"name":"EDUCA\u00c7\u00c3OOUVIDOR | Escola Professora &#8220;Ediene da Silva Dias&#8217; entrega material escolar did\u00e1tico do Projeto Alfabetiza\u00e7\u00e3o e Refor\u00e7o"}]},{"@type":"WebSite","@id":"https:\/\/juacontecimentos.com.br\/site\/#website","url":"https:\/\/juacontecimentos.com.br\/site\/","name":"Jornal Ultimos Acontecimentos","description":"Catal\u00e3o e regi\u00e3o","publisher":{"@id":"https:\/\/juacontecimentos.com.br\/site\/#organization"},"potentialAction":[{"@type":"SearchAction","target":{"@type":"EntryPoint","urlTemplate":"https:\/\/juacontecimentos.com.br\/site\/?s={search_term_string}"},"query-input":{"@type":"PropertyValueSpecification","valueRequired":true,"valueName":"search_term_string"}}],"inLanguage":"pt-BR"},{"@type":"Organization","@id":"https:\/\/juacontecimentos.com.br\/site\/#organization","name":"Jornal Ultimos Acontecimentos","url":"https:\/\/juacontecimentos.com.br\/site\/","logo":{"@type":"ImageObject","inLanguage":"pt-BR","@id":"https:\/\/juacontecimentos.com.br\/site\/#\/schema\/logo\/image\/","url":"https:\/\/juacontecimentos.com.br\/site\/wp-content\/uploads\/2023\/04\/Logo_Site.png","contentUrl":"https:\/\/juacontecimentos.com.br\/site\/wp-content\/uploads\/2023\/04\/Logo_Site.png","width":2476,"height":530,"caption":"Jornal Ultimos Acontecimentos"},"image":{"@id":"https:\/\/juacontecimentos.com.br\/site\/#\/schema\/logo\/image\/"},"sameAs":["https:\/\/www.facebook.com\/jultimosacontecimentos\/"]},{"@type":"Person","@id":"https:\/\/juacontecimentos.com.br\/site\/#\/schema\/person\/082a54e6d3fdd7a633291428521c9669","name":"Reginaldo Ribeiro","image":{"@type":"ImageObject","inLanguage":"pt-BR","@id":"https:\/\/juacontecimentos.com.br\/site\/#\/schema\/person\/image\/","url":"https:\/\/secure.gravatar.com\/avatar\/5c16c6837c3490270a74d888c2a845728f06bdde1f8761de1de1d1d1ef82d12f?s=96&d=mm&r=g","contentUrl":"https:\/\/secure.gravatar.com\/avatar\/5c16c6837c3490270a74d888c2a845728f06bdde1f8761de1de1d1d1ef82d12f?s=96&d=mm&r=g","caption":"Reginaldo Ribeiro"}}]}},"_links":{"self":[{"href":"https:\/\/juacontecimentos.com.br\/site\/wp-json\/wp\/v2\/posts\/14605","targetHints":{"allow":["GET"]}}],"collection":[{"href":"https:\/\/juacontecimentos.com.br\/site\/wp-json\/wp\/v2\/posts"}],"about":[{"href":"https:\/\/juacontecimentos.com.br\/site\/wp-json\/wp\/v2\/types\/post"}],"author":[{"embeddable":true,"href":"https:\/\/juacontecimentos.com.br\/site\/wp-json\/wp\/v2\/users\/2"}],"replies":[{"embeddable":true,"href":"https:\/\/juacontecimentos.com.br\/site\/wp-json\/wp\/v2\/comments?post=14605"}],"version-history":[{"count":3,"href":"https:\/\/juacontecimentos.com.br\/site\/wp-json\/wp\/v2\/posts\/14605\/revisions"}],"predecessor-version":[{"id":14613,"href":"https:\/\/juacontecimentos.com.br\/site\/wp-json\/wp\/v2\/posts\/14605\/revisions\/14613"}],"wp:featuredmedia":[{"embeddable":true,"href":"https:\/\/juacontecimentos.com.br\/site\/wp-json\/wp\/v2\/media\/14606"}],"wp:attachment":[{"href":"https:\/\/juacontecimentos.com.br\/site\/wp-json\/wp\/v2\/media?parent=14605"}],"wp:term":[{"taxonomy":"category","embeddable":true,"href":"https:\/\/juacontecimentos.com.br\/site\/wp-json\/wp\/v2\/categories?post=14605"},{"taxonomy":"post_tag","embeddable":true,"href":"https:\/\/juacontecimentos.com.br\/site\/wp-json\/wp\/v2\/tags?post=14605"}],"curies":[{"name":"wp","href":"https:\/\/api.w.org\/{rel}","templated":true}]}}