{"id":1493,"date":"2017-07-13T04:38:38","date_gmt":"2017-07-13T07:38:38","guid":{"rendered":"http:\/\/juacontecimentos.com.br\/site\/?p=1493"},"modified":"2017-07-13T04:38:38","modified_gmt":"2017-07-13T07:38:38","slug":"cresce-articulacao-para-que-marconi-assuma-presidencia-nacional-do-psdb","status":"publish","type":"post","link":"https:\/\/juacontecimentos.com.br\/site\/cresce-articulacao-para-que-marconi-assuma-presidencia-nacional-do-psdb\/","title":{"rendered":"Cresce articula\u00e7\u00e3o para que Marconi assuma presid\u00eancia nacional do PSDB"},"content":{"rendered":"<div class=\"nav\">\n\n<div class=\"navbar-header _2yOR4aNyz8o3DtLtMqdi67\"><\/div>\n\n<\/div>\n<div>\n<div>\n<div class=\"_3j9F5MklSWIXi3EsfQ8EPu\">\n<div class=\"_2CNSjZW7Cr8T0ZsdqRdqm2\">\n<div>\n<div>\n<div><iframe width=\"300\" height=\"250\" frameborder=\"0\"><\/iframe>O governador \u00e9 o nome preferido de Alckmin para suceder Tasso no comando da legenda<\/div>\n<div><\/div>\n<\/div>\n<\/div>\n<\/div>\n<div class=\"_2L2S85wNme2fZF6PNpvtEQ\"><span>Postado por\u00a0<\/span><span><a href=\"http:\/\/www.dm.com.br\/search\/helton+Lenine\">helton Lenine<\/a><\/span><span>\u00a0<\/span><\/div>\n<div class=\"_3YFjasNAqTCxCiB4_fs0N6\">\n<div class=\"_136rRaSvI5wwJYBatrLww-\">\n<p>Seja qual for a dire\u00e7\u00e3o que o PSDB decida tomar nas elei\u00e7\u00f5es de 2018, o governador Marconi Perillo manter\u00e1 posi\u00e7\u00e3o fundamental nas articula\u00e7\u00f5es nacionais do partido. O governador de Goi\u00e1s \u00e9 o favorito do colega Geraldo Alckmin (SP) para suceder o senador Tasso Jereissati na presid\u00eancia do Diret\u00f3rio Nacional do PSDB, afirmou o jornal O Estado de S.Paulo de ontem (12).<\/p>\n<p>Em sua coluna na edi\u00e7\u00e3o de ontem do Estad\u00e3o, a jornalista Vera Magalh\u00e3es afirma que a troca definitiva de comando do PSDB \u00e9 \u201co interesse mais imediato de Geraldo Alckmin para pavimentar sua candidatura presidencial em 2018, e foi a principal raz\u00e3o que o levou a convocar a reuni\u00e3o de segunda-feira (10 de julho) \u2013 antes, inclusive, do dilema sobre ficar ou sair do governo Michel Temer\u201d.<\/p>\n<p>Embora esteja inteiramente voltado para a administra\u00e7\u00e3o, em plena agenda do programa de investimentos Goi\u00e1s na Frente, Marconi Perillo se mant\u00e9m atuante na pol\u00edtica nacional, demandado pelas lideran\u00e7as do PSDB, entre elas Alckmin, Doria e os outros governadores. No quarto mandato \u00e0 frente do Pal\u00e1cio das Esmeraldas, o goiano \u00e9 considerado um decano entre os chefes de Executivo e suas administra\u00e7\u00f5es s\u00e3o consideradas modelo pelos colegas.<\/p>\n<p>Al\u00e9m da experi\u00eancia administrativa, Marconi comanda o F\u00f3rum de Governadores do Brasil Central. Pesa a seu favor sua rela\u00e7\u00e3o antiga de amizade pessoal com o ex-presidente da Rep\u00fablica Fernando Henrique Cardoso, presidente de honra e farol pol\u00edtico da legenda tucana.<\/p>\n<p>Al\u00e9m disso, enquanto a maioria dos Estados est\u00e1 em crise, Goi\u00e1s \u00e9 um exemplo para o Pa\u00eds em termos de gest\u00e3o eficiente e respons\u00e1vel. Mesmo nos momentos mais agudos da crise econ\u00f4mica nacional, Marconi manteve os sal\u00e1rios do funcionalismo e os servi\u00e7os p\u00fablicos rigorosamente em dia. Agora, o governador comanda o maior programa estadual de investimentos do Pa\u00eds, o Goi\u00e1s na Frente, outra vitrine para o Brasil. S\u00e3o quase R$ 10 bilh\u00f5es de investimentos, dos quais R$ 6,6 bilh\u00f5es em recursos p\u00fablicos.<\/p>\n<p>Internamente, o posicionamento de Marconi Perillo j\u00e1 \u00e9 conhecido. Ele tem defendido que o PSDB, por ser uma das legendas mais importantes do cen\u00e1rio pol\u00edtico brasileiro, leve em conta, em todas as decis\u00f5es pol\u00edticas de grande repercuss\u00e3o, as responsabilidades que o partido tem com a governabilidade e com o Brasil. \u201cEssa crise n\u00e3o \u00e9 nossa. O PSDB precisa de uma tese para decidir sua posi\u00e7\u00e3o em rela\u00e7\u00e3o ao governo do presidente Michel Temer\u201d, disse Marconi na segunda-feira, ao comentar a proposta de desembarque da base do Planalto, em discuss\u00e3o no partido.<\/p>\n<\/div>\n<\/div>\n<\/div>\n<\/div>\n<\/div>\n<p><\/p>\n","protected":false},"excerpt":{"rendered":"<p>O governador \u00e9 o nome preferido de Alckmin para suceder Tasso no comando da legenda Postado por\u00a0helton Lenine\u00a0 Seja qual for a dire\u00e7\u00e3o que o PSDB decida tomar nas elei\u00e7\u00f5es de 2018, o governador Marconi Perillo manter\u00e1 posi\u00e7\u00e3o fundamental nas articula\u00e7\u00f5es nacionais do partido. O governador de Goi\u00e1s \u00e9 o favorito do colega Geraldo Alckmin<\/p>\n","protected":false},"author":2,"featured_media":1494,"comment_status":"open","ping_status":"open","sticky":false,"template":"","format":"standard","meta":{"footnotes":""},"categories":[22,26,23],"tags":[],"class_list":["post-1493","post","type-post","status-publish","format-standard","has-post-thumbnail","hentry","category-catalao","category-destaque","category-goias"],"yoast_head":"<!-- This site is optimized with the Yoast SEO plugin v25.8 - https:\/\/yoast.com\/wordpress\/plugins\/seo\/ -->\n<title>Cresce articula\u00e7\u00e3o para que Marconi assuma presid\u00eancia nacional do PSDB - Jornal Ultimos Acontecimentos<\/title>\n<meta name=\"robots\" content=\"index, follow, max-snippet:-1, max-image-preview:large, max-video-preview:-1\" \/>\n<link rel=\"canonical\" href=\"https:\/\/juacontecimentos.com.br\/site\/cresce-articulacao-para-que-marconi-assuma-presidencia-nacional-do-psdb\/\" \/>\n<meta property=\"og:locale\" content=\"pt_BR\" \/>\n<meta property=\"og:type\" content=\"article\" \/>\n<meta property=\"og:title\" content=\"Cresce articula\u00e7\u00e3o para que Marconi assuma presid\u00eancia nacional do PSDB - Jornal Ultimos Acontecimentos\" \/>\n<meta property=\"og:description\" content=\"O governador \u00e9 o nome preferido de Alckmin para suceder Tasso no comando da legenda Postado por\u00a0helton Lenine\u00a0 Seja qual for a dire\u00e7\u00e3o que o PSDB decida tomar nas elei\u00e7\u00f5es de 2018, o governador Marconi Perillo manter\u00e1 posi\u00e7\u00e3o fundamental nas articula\u00e7\u00f5es nacionais do partido. O governador de Goi\u00e1s \u00e9 o favorito do colega Geraldo Alckmin\" \/>\n<meta property=\"og:url\" content=\"https:\/\/juacontecimentos.com.br\/site\/cresce-articulacao-para-que-marconi-assuma-presidencia-nacional-do-psdb\/\" \/>\n<meta property=\"og:site_name\" content=\"Jornal Ultimos Acontecimentos\" \/>\n<meta property=\"article:publisher\" content=\"https:\/\/www.facebook.com\/jultimosacontecimentos\/\" \/>\n<meta property=\"article:published_time\" content=\"2017-07-13T07:38:38+00:00\" \/>\n<meta property=\"og:image\" content=\"https:\/\/juacontecimentos.com.br\/site\/wp-content\/uploads\/2017\/07\/9-5.jpg\" \/>\n\t<meta property=\"og:image:width\" content=\"537\" \/>\n\t<meta property=\"og:image:height\" content=\"316\" \/>\n\t<meta property=\"og:image:type\" content=\"image\/jpeg\" \/>\n<meta name=\"author\" content=\"Reginaldo Ribeiro\" \/>\n<meta name=\"twitter:card\" content=\"summary_large_image\" \/>\n<meta name=\"twitter:label1\" content=\"Escrito por\" \/>\n\t<meta name=\"twitter:data1\" content=\"Reginaldo Ribeiro\" \/>\n\t<meta name=\"twitter:label2\" content=\"Est. tempo de leitura\" \/>\n\t<meta name=\"twitter:data2\" content=\"2 minutos\" \/>\n<script type=\"application\/ld+json\" class=\"yoast-schema-graph\">{\"@context\":\"https:\/\/schema.org\",\"@graph\":[{\"@type\":\"Article\",\"@id\":\"https:\/\/juacontecimentos.com.br\/site\/cresce-articulacao-para-que-marconi-assuma-presidencia-nacional-do-psdb\/#article\",\"isPartOf\":{\"@id\":\"https:\/\/juacontecimentos.com.br\/site\/cresce-articulacao-para-que-marconi-assuma-presidencia-nacional-do-psdb\/\"},\"author\":{\"name\":\"Reginaldo Ribeiro\",\"@id\":\"https:\/\/juacontecimentos.com.br\/site\/#\/schema\/person\/082a54e6d3fdd7a633291428521c9669\"},\"headline\":\"Cresce articula\u00e7\u00e3o para que Marconi assuma presid\u00eancia nacional do PSDB\",\"datePublished\":\"2017-07-13T07:38:38+00:00\",\"mainEntityOfPage\":{\"@id\":\"https:\/\/juacontecimentos.com.br\/site\/cresce-articulacao-para-que-marconi-assuma-presidencia-nacional-do-psdb\/\"},\"wordCount\":474,\"commentCount\":0,\"publisher\":{\"@id\":\"https:\/\/juacontecimentos.com.br\/site\/#organization\"},\"image\":{\"@id\":\"https:\/\/juacontecimentos.com.br\/site\/cresce-articulacao-para-que-marconi-assuma-presidencia-nacional-do-psdb\/#primaryimage\"},\"thumbnailUrl\":\"https:\/\/juacontecimentos.com.br\/site\/wp-content\/uploads\/2017\/07\/9-5.jpg\",\"articleSection\":[\"Catal\u00e3o\",\"Destaque\",\"Goi\u00e1s\"],\"inLanguage\":\"pt-BR\"},{\"@type\":\"WebPage\",\"@id\":\"https:\/\/juacontecimentos.com.br\/site\/cresce-articulacao-para-que-marconi-assuma-presidencia-nacional-do-psdb\/\",\"url\":\"https:\/\/juacontecimentos.com.br\/site\/cresce-articulacao-para-que-marconi-assuma-presidencia-nacional-do-psdb\/\",\"name\":\"Cresce articula\u00e7\u00e3o para que Marconi assuma presid\u00eancia nacional do PSDB - Jornal Ultimos Acontecimentos\",\"isPartOf\":{\"@id\":\"https:\/\/juacontecimentos.com.br\/site\/#website\"},\"primaryImageOfPage\":{\"@id\":\"https:\/\/juacontecimentos.com.br\/site\/cresce-articulacao-para-que-marconi-assuma-presidencia-nacional-do-psdb\/#primaryimage\"},\"image\":{\"@id\":\"https:\/\/juacontecimentos.com.br\/site\/cresce-articulacao-para-que-marconi-assuma-presidencia-nacional-do-psdb\/#primaryimage\"},\"thumbnailUrl\":\"https:\/\/juacontecimentos.com.br\/site\/wp-content\/uploads\/2017\/07\/9-5.jpg\",\"datePublished\":\"2017-07-13T07:38:38+00:00\",\"breadcrumb\":{\"@id\":\"https:\/\/juacontecimentos.com.br\/site\/cresce-articulacao-para-que-marconi-assuma-presidencia-nacional-do-psdb\/#breadcrumb\"},\"inLanguage\":\"pt-BR\",\"potentialAction\":[{\"@type\":\"ReadAction\",\"target\":[\"https:\/\/juacontecimentos.com.br\/site\/cresce-articulacao-para-que-marconi-assuma-presidencia-nacional-do-psdb\/\"]}]},{\"@type\":\"ImageObject\",\"inLanguage\":\"pt-BR\",\"@id\":\"https:\/\/juacontecimentos.com.br\/site\/cresce-articulacao-para-que-marconi-assuma-presidencia-nacional-do-psdb\/#primaryimage\",\"url\":\"https:\/\/juacontecimentos.com.br\/site\/wp-content\/uploads\/2017\/07\/9-5.jpg\",\"contentUrl\":\"https:\/\/juacontecimentos.com.br\/site\/wp-content\/uploads\/2017\/07\/9-5.jpg\",\"width\":537,\"height\":316},{\"@type\":\"BreadcrumbList\",\"@id\":\"https:\/\/juacontecimentos.com.br\/site\/cresce-articulacao-para-que-marconi-assuma-presidencia-nacional-do-psdb\/#breadcrumb\",\"itemListElement\":[{\"@type\":\"ListItem\",\"position\":1,\"name\":\"In\u00edcio\",\"item\":\"https:\/\/juacontecimentos.com.br\/site\/\"},{\"@type\":\"ListItem\",\"position\":2,\"name\":\"Cresce articula\u00e7\u00e3o para que Marconi assuma presid\u00eancia nacional do PSDB\"}]},{\"@type\":\"WebSite\",\"@id\":\"https:\/\/juacontecimentos.com.br\/site\/#website\",\"url\":\"https:\/\/juacontecimentos.com.br\/site\/\",\"name\":\"Jornal Ultimos Acontecimentos\",\"description\":\"Catal\u00e3o e regi\u00e3o\",\"publisher\":{\"@id\":\"https:\/\/juacontecimentos.com.br\/site\/#organization\"},\"potentialAction\":[{\"@type\":\"SearchAction\",\"target\":{\"@type\":\"EntryPoint\",\"urlTemplate\":\"https:\/\/juacontecimentos.com.br\/site\/?s={search_term_string}\"},\"query-input\":{\"@type\":\"PropertyValueSpecification\",\"valueRequired\":true,\"valueName\":\"search_term_string\"}}],\"inLanguage\":\"pt-BR\"},{\"@type\":\"Organization\",\"@id\":\"https:\/\/juacontecimentos.com.br\/site\/#organization\",\"name\":\"Jornal Ultimos Acontecimentos\",\"url\":\"https:\/\/juacontecimentos.com.br\/site\/\",\"logo\":{\"@type\":\"ImageObject\",\"inLanguage\":\"pt-BR\",\"@id\":\"https:\/\/juacontecimentos.com.br\/site\/#\/schema\/logo\/image\/\",\"url\":\"https:\/\/juacontecimentos.com.br\/site\/wp-content\/uploads\/2023\/04\/Logo_Site.png\",\"contentUrl\":\"https:\/\/juacontecimentos.com.br\/site\/wp-content\/uploads\/2023\/04\/Logo_Site.png\",\"width\":2476,\"height\":530,\"caption\":\"Jornal Ultimos Acontecimentos\"},\"image\":{\"@id\":\"https:\/\/juacontecimentos.com.br\/site\/#\/schema\/logo\/image\/\"},\"sameAs\":[\"https:\/\/www.facebook.com\/jultimosacontecimentos\/\"]},{\"@type\":\"Person\",\"@id\":\"https:\/\/juacontecimentos.com.br\/site\/#\/schema\/person\/082a54e6d3fdd7a633291428521c9669\",\"name\":\"Reginaldo Ribeiro\",\"image\":{\"@type\":\"ImageObject\",\"inLanguage\":\"pt-BR\",\"@id\":\"https:\/\/juacontecimentos.com.br\/site\/#\/schema\/person\/image\/\",\"url\":\"https:\/\/secure.gravatar.com\/avatar\/5c16c6837c3490270a74d888c2a845728f06bdde1f8761de1de1d1d1ef82d12f?s=96&d=mm&r=g\",\"contentUrl\":\"https:\/\/secure.gravatar.com\/avatar\/5c16c6837c3490270a74d888c2a845728f06bdde1f8761de1de1d1d1ef82d12f?s=96&d=mm&r=g\",\"caption\":\"Reginaldo Ribeiro\"}}]}<\/script>\n<!-- \/ Yoast SEO plugin. -->","yoast_head_json":{"title":"Cresce articula\u00e7\u00e3o para que Marconi assuma presid\u00eancia nacional do PSDB - Jornal Ultimos Acontecimentos","robots":{"index":"index","follow":"follow","max-snippet":"max-snippet:-1","max-image-preview":"max-image-preview:large","max-video-preview":"max-video-preview:-1"},"canonical":"https:\/\/juacontecimentos.com.br\/site\/cresce-articulacao-para-que-marconi-assuma-presidencia-nacional-do-psdb\/","og_locale":"pt_BR","og_type":"article","og_title":"Cresce articula\u00e7\u00e3o para que Marconi assuma presid\u00eancia nacional do PSDB - Jornal Ultimos Acontecimentos","og_description":"O governador \u00e9 o nome preferido de Alckmin para suceder Tasso no comando da legenda Postado por\u00a0helton Lenine\u00a0 Seja qual for a dire\u00e7\u00e3o que o PSDB decida tomar nas elei\u00e7\u00f5es de 2018, o governador Marconi Perillo manter\u00e1 posi\u00e7\u00e3o fundamental nas articula\u00e7\u00f5es nacionais do partido. O governador de Goi\u00e1s \u00e9 o favorito do colega Geraldo Alckmin","og_url":"https:\/\/juacontecimentos.com.br\/site\/cresce-articulacao-para-que-marconi-assuma-presidencia-nacional-do-psdb\/","og_site_name":"Jornal Ultimos Acontecimentos","article_publisher":"https:\/\/www.facebook.com\/jultimosacontecimentos\/","article_published_time":"2017-07-13T07:38:38+00:00","og_image":[{"width":537,"height":316,"url":"https:\/\/juacontecimentos.com.br\/site\/wp-content\/uploads\/2017\/07\/9-5.jpg","type":"image\/jpeg"}],"author":"Reginaldo Ribeiro","twitter_card":"summary_large_image","twitter_misc":{"Escrito por":"Reginaldo Ribeiro","Est. tempo de leitura":"2 minutos"},"schema":{"@context":"https:\/\/schema.org","@graph":[{"@type":"Article","@id":"https:\/\/juacontecimentos.com.br\/site\/cresce-articulacao-para-que-marconi-assuma-presidencia-nacional-do-psdb\/#article","isPartOf":{"@id":"https:\/\/juacontecimentos.com.br\/site\/cresce-articulacao-para-que-marconi-assuma-presidencia-nacional-do-psdb\/"},"author":{"name":"Reginaldo Ribeiro","@id":"https:\/\/juacontecimentos.com.br\/site\/#\/schema\/person\/082a54e6d3fdd7a633291428521c9669"},"headline":"Cresce articula\u00e7\u00e3o para que Marconi assuma presid\u00eancia nacional do PSDB","datePublished":"2017-07-13T07:38:38+00:00","mainEntityOfPage":{"@id":"https:\/\/juacontecimentos.com.br\/site\/cresce-articulacao-para-que-marconi-assuma-presidencia-nacional-do-psdb\/"},"wordCount":474,"commentCount":0,"publisher":{"@id":"https:\/\/juacontecimentos.com.br\/site\/#organization"},"image":{"@id":"https:\/\/juacontecimentos.com.br\/site\/cresce-articulacao-para-que-marconi-assuma-presidencia-nacional-do-psdb\/#primaryimage"},"thumbnailUrl":"https:\/\/juacontecimentos.com.br\/site\/wp-content\/uploads\/2017\/07\/9-5.jpg","articleSection":["Catal\u00e3o","Destaque","Goi\u00e1s"],"inLanguage":"pt-BR"},{"@type":"WebPage","@id":"https:\/\/juacontecimentos.com.br\/site\/cresce-articulacao-para-que-marconi-assuma-presidencia-nacional-do-psdb\/","url":"https:\/\/juacontecimentos.com.br\/site\/cresce-articulacao-para-que-marconi-assuma-presidencia-nacional-do-psdb\/","name":"Cresce articula\u00e7\u00e3o para que Marconi assuma presid\u00eancia nacional do PSDB - Jornal Ultimos Acontecimentos","isPartOf":{"@id":"https:\/\/juacontecimentos.com.br\/site\/#website"},"primaryImageOfPage":{"@id":"https:\/\/juacontecimentos.com.br\/site\/cresce-articulacao-para-que-marconi-assuma-presidencia-nacional-do-psdb\/#primaryimage"},"image":{"@id":"https:\/\/juacontecimentos.com.br\/site\/cresce-articulacao-para-que-marconi-assuma-presidencia-nacional-do-psdb\/#primaryimage"},"thumbnailUrl":"https:\/\/juacontecimentos.com.br\/site\/wp-content\/uploads\/2017\/07\/9-5.jpg","datePublished":"2017-07-13T07:38:38+00:00","breadcrumb":{"@id":"https:\/\/juacontecimentos.com.br\/site\/cresce-articulacao-para-que-marconi-assuma-presidencia-nacional-do-psdb\/#breadcrumb"},"inLanguage":"pt-BR","potentialAction":[{"@type":"ReadAction","target":["https:\/\/juacontecimentos.com.br\/site\/cresce-articulacao-para-que-marconi-assuma-presidencia-nacional-do-psdb\/"]}]},{"@type":"ImageObject","inLanguage":"pt-BR","@id":"https:\/\/juacontecimentos.com.br\/site\/cresce-articulacao-para-que-marconi-assuma-presidencia-nacional-do-psdb\/#primaryimage","url":"https:\/\/juacontecimentos.com.br\/site\/wp-content\/uploads\/2017\/07\/9-5.jpg","contentUrl":"https:\/\/juacontecimentos.com.br\/site\/wp-content\/uploads\/2017\/07\/9-5.jpg","width":537,"height":316},{"@type":"BreadcrumbList","@id":"https:\/\/juacontecimentos.com.br\/site\/cresce-articulacao-para-que-marconi-assuma-presidencia-nacional-do-psdb\/#breadcrumb","itemListElement":[{"@type":"ListItem","position":1,"name":"In\u00edcio","item":"https:\/\/juacontecimentos.com.br\/site\/"},{"@type":"ListItem","position":2,"name":"Cresce articula\u00e7\u00e3o para que Marconi assuma presid\u00eancia nacional do PSDB"}]},{"@type":"WebSite","@id":"https:\/\/juacontecimentos.com.br\/site\/#website","url":"https:\/\/juacontecimentos.com.br\/site\/","name":"Jornal Ultimos Acontecimentos","description":"Catal\u00e3o e regi\u00e3o","publisher":{"@id":"https:\/\/juacontecimentos.com.br\/site\/#organization"},"potentialAction":[{"@type":"SearchAction","target":{"@type":"EntryPoint","urlTemplate":"https:\/\/juacontecimentos.com.br\/site\/?s={search_term_string}"},"query-input":{"@type":"PropertyValueSpecification","valueRequired":true,"valueName":"search_term_string"}}],"inLanguage":"pt-BR"},{"@type":"Organization","@id":"https:\/\/juacontecimentos.com.br\/site\/#organization","name":"Jornal Ultimos Acontecimentos","url":"https:\/\/juacontecimentos.com.br\/site\/","logo":{"@type":"ImageObject","inLanguage":"pt-BR","@id":"https:\/\/juacontecimentos.com.br\/site\/#\/schema\/logo\/image\/","url":"https:\/\/juacontecimentos.com.br\/site\/wp-content\/uploads\/2023\/04\/Logo_Site.png","contentUrl":"https:\/\/juacontecimentos.com.br\/site\/wp-content\/uploads\/2023\/04\/Logo_Site.png","width":2476,"height":530,"caption":"Jornal Ultimos Acontecimentos"},"image":{"@id":"https:\/\/juacontecimentos.com.br\/site\/#\/schema\/logo\/image\/"},"sameAs":["https:\/\/www.facebook.com\/jultimosacontecimentos\/"]},{"@type":"Person","@id":"https:\/\/juacontecimentos.com.br\/site\/#\/schema\/person\/082a54e6d3fdd7a633291428521c9669","name":"Reginaldo Ribeiro","image":{"@type":"ImageObject","inLanguage":"pt-BR","@id":"https:\/\/juacontecimentos.com.br\/site\/#\/schema\/person\/image\/","url":"https:\/\/secure.gravatar.com\/avatar\/5c16c6837c3490270a74d888c2a845728f06bdde1f8761de1de1d1d1ef82d12f?s=96&d=mm&r=g","contentUrl":"https:\/\/secure.gravatar.com\/avatar\/5c16c6837c3490270a74d888c2a845728f06bdde1f8761de1de1d1d1ef82d12f?s=96&d=mm&r=g","caption":"Reginaldo Ribeiro"}}]}},"_links":{"self":[{"href":"https:\/\/juacontecimentos.com.br\/site\/wp-json\/wp\/v2\/posts\/1493","targetHints":{"allow":["GET"]}}],"collection":[{"href":"https:\/\/juacontecimentos.com.br\/site\/wp-json\/wp\/v2\/posts"}],"about":[{"href":"https:\/\/juacontecimentos.com.br\/site\/wp-json\/wp\/v2\/types\/post"}],"author":[{"embeddable":true,"href":"https:\/\/juacontecimentos.com.br\/site\/wp-json\/wp\/v2\/users\/2"}],"replies":[{"embeddable":true,"href":"https:\/\/juacontecimentos.com.br\/site\/wp-json\/wp\/v2\/comments?post=1493"}],"version-history":[{"count":1,"href":"https:\/\/juacontecimentos.com.br\/site\/wp-json\/wp\/v2\/posts\/1493\/revisions"}],"predecessor-version":[{"id":1495,"href":"https:\/\/juacontecimentos.com.br\/site\/wp-json\/wp\/v2\/posts\/1493\/revisions\/1495"}],"wp:featuredmedia":[{"embeddable":true,"href":"https:\/\/juacontecimentos.com.br\/site\/wp-json\/wp\/v2\/media\/1494"}],"wp:attachment":[{"href":"https:\/\/juacontecimentos.com.br\/site\/wp-json\/wp\/v2\/media?parent=1493"}],"wp:term":[{"taxonomy":"category","embeddable":true,"href":"https:\/\/juacontecimentos.com.br\/site\/wp-json\/wp\/v2\/categories?post=1493"},{"taxonomy":"post_tag","embeddable":true,"href":"https:\/\/juacontecimentos.com.br\/site\/wp-json\/wp\/v2\/tags?post=1493"}],"curies":[{"name":"wp","href":"https:\/\/api.w.org\/{rel}","templated":true}]}}