{"id":15028,"date":"2021-06-03T12:24:40","date_gmt":"2021-06-03T15:24:40","guid":{"rendered":"https:\/\/juacontecimentos.com.br\/site\/?p=15028"},"modified":"2021-06-03T12:24:40","modified_gmt":"2021-06-03T15:24:40","slug":"linda-bonfinopolis-foi-cenario-de-uma-grande-festa-mesmo-com-todas-as-restricoes-que-sao-necessarias-nesse-momento-nos-seus-32-anos-de-emancipacao","status":"publish","type":"post","link":"https:\/\/juacontecimentos.com.br\/site\/linda-bonfinopolis-foi-cenario-de-uma-grande-festa-mesmo-com-todas-as-restricoes-que-sao-necessarias-nesse-momento-nos-seus-32-anos-de-emancipacao\/","title":{"rendered":"A linda Bonfin\u00f3polis foi cen\u00e1rio de uma grande festa, mesmo com todas as restri\u00e7\u00f5es que s\u00e3o necess\u00e1rias nesse momento. Nos seus 32 anos de emancipa\u00e7\u00e3o"},"content":{"rendered":"<p><img loading=\"lazy\" decoding=\"async\" class=\"alignnone size-large wp-image-15029\" src=\"https:\/\/juacontecimentos.com.br\/site\/wp-content\/uploads\/2021\/06\/IMG-20210602-WA0145-1024x554.jpg\" alt=\"\" width=\"900\" height=\"487\" srcset=\"https:\/\/juacontecimentos.com.br\/site\/wp-content\/uploads\/2021\/06\/IMG-20210602-WA0145.jpg 1024w, https:\/\/juacontecimentos.com.br\/site\/wp-content\/uploads\/2021\/06\/IMG-20210602-WA0145-300x162.jpg 300w, https:\/\/juacontecimentos.com.br\/site\/wp-content\/uploads\/2021\/06\/IMG-20210602-WA0145-768x416.jpg 768w\" sizes=\"auto, (max-width: 900px) 100vw, 900px\" \/> <img loading=\"lazy\" decoding=\"async\" class=\"alignnone size-large wp-image-15030\" src=\"https:\/\/juacontecimentos.com.br\/site\/wp-content\/uploads\/2021\/06\/IMG-20210602-WA0144-1024x478.jpg\" alt=\"\" width=\"900\" height=\"420\" srcset=\"https:\/\/juacontecimentos.com.br\/site\/wp-content\/uploads\/2021\/06\/IMG-20210602-WA0144.jpg 1024w, https:\/\/juacontecimentos.com.br\/site\/wp-content\/uploads\/2021\/06\/IMG-20210602-WA0144-300x140.jpg 300w, https:\/\/juacontecimentos.com.br\/site\/wp-content\/uploads\/2021\/06\/IMG-20210602-WA0144-768x359.jpg 768w\" sizes=\"auto, (max-width: 900px) 100vw, 900px\" \/> <img loading=\"lazy\" decoding=\"async\" class=\"alignnone size-large wp-image-15031\" src=\"https:\/\/juacontecimentos.com.br\/site\/wp-content\/uploads\/2021\/06\/IMG-20210602-WA0143.jpg\" alt=\"\" width=\"900\" height=\"509\" srcset=\"https:\/\/juacontecimentos.com.br\/site\/wp-content\/uploads\/2021\/06\/IMG-20210602-WA0143.jpg 957w, https:\/\/juacontecimentos.com.br\/site\/wp-content\/uploads\/2021\/06\/IMG-20210602-WA0143-300x170.jpg 300w, https:\/\/juacontecimentos.com.br\/site\/wp-content\/uploads\/2021\/06\/IMG-20210602-WA0143-768x434.jpg 768w\" sizes=\"auto, (max-width: 900px) 100vw, 900px\" \/> <img loading=\"lazy\" decoding=\"async\" class=\"alignnone size-large wp-image-15032\" src=\"https:\/\/juacontecimentos.com.br\/site\/wp-content\/uploads\/2021\/06\/IMG-20210602-WA0142-1024x682.jpg\" alt=\"\" width=\"900\" height=\"599\" srcset=\"https:\/\/juacontecimentos.com.br\/site\/wp-content\/uploads\/2021\/06\/IMG-20210602-WA0142.jpg 1024w, https:\/\/juacontecimentos.com.br\/site\/wp-content\/uploads\/2021\/06\/IMG-20210602-WA0142-300x200.jpg 300w, https:\/\/juacontecimentos.com.br\/site\/wp-content\/uploads\/2021\/06\/IMG-20210602-WA0142-768x512.jpg 768w\" sizes=\"auto, (max-width: 900px) 100vw, 900px\" \/><\/p>\n<div>E na tarde e noite do dia (01) de junho, participamos de parte dessa festa: com o nosso Governador Ronaldo Caiado, nossa Primeira-dama Dona Gracinha Carvalho Caiado,\u00a0 \u00a0eu e o presidente da Ag\u00eancia Goiana de Habita\u00e7\u00e3o &#8211; AGEHAB Lucas Fernandes onde inauguramos a sede do Conselho Tutelar Vorico Camila de Oliveira , a reforma do Col\u00e9gio Estadual Presidente Castelo Branco e tamb\u00e9m liberamos cheques para constru\u00e7\u00e3o do muro do Cemit\u00e9rio Municipal.<\/div>\n<div><\/div>\n<div>Outro momento que tivemos foi a reuni\u00e3o\u00a0 que aconteceu ap\u00f3s a solenidade com os prefeitos e lideran\u00e7as da nossa\u00a0 Estrada de Ferro. Entre eles estiveram os Prefeitos: Al\u00e9cio &#8211;\u00a0 Leopoldo de Bulh\u00f5es, Dr. Geraldo &#8211; Silv\u00e2nia, Samuel Cotrin &#8211; Vian\u00f3polis, Hugo Deleon &#8211; Tr\u00eas Ranchos, Geovazinho &#8211; Goian\u00e1polis, Felipe -Orizona, tamb\u00e9m o ex-prefeito Wisner Araujo de Almeida\u00a0 &#8211; Corumba\u00edba, o Deputado Estadual Rafael Golveia\u00a0 e diversas autoridades.<\/div>\n<div><\/div>\n<div>O Governador Ronaldo Caiado, a Primeira-dama e o Prefeito afitre\u00e3o Kelton recebeu os prefeitos visitantes para ouvir suas demandas e anseios de cada munic\u00edpio. A reuni\u00e3o rendeu e se estendeu at\u00e9 \u00e0s 01:00h da de hoje, sendo tamb\u00e9m muito produtiva.<img loading=\"lazy\" decoding=\"async\" class=\"alignnone size-large wp-image-15033\" src=\"https:\/\/juacontecimentos.com.br\/site\/wp-content\/uploads\/2021\/06\/IMG-20210602-WA0148-1024x478.jpg\" alt=\"\" width=\"900\" height=\"420\" srcset=\"https:\/\/juacontecimentos.com.br\/site\/wp-content\/uploads\/2021\/06\/IMG-20210602-WA0148.jpg 1024w, https:\/\/juacontecimentos.com.br\/site\/wp-content\/uploads\/2021\/06\/IMG-20210602-WA0148-300x140.jpg 300w, https:\/\/juacontecimentos.com.br\/site\/wp-content\/uploads\/2021\/06\/IMG-20210602-WA0148-768x359.jpg 768w\" sizes=\"auto, (max-width: 900px) 100vw, 900px\" \/> <img loading=\"lazy\" decoding=\"async\" class=\"alignnone size-large wp-image-15034\" src=\"https:\/\/juacontecimentos.com.br\/site\/wp-content\/uploads\/2021\/06\/IMG-20210602-WA0147.jpg\" alt=\"\" width=\"813\" height=\"597\" srcset=\"https:\/\/juacontecimentos.com.br\/site\/wp-content\/uploads\/2021\/06\/IMG-20210602-WA0147.jpg 813w, https:\/\/juacontecimentos.com.br\/site\/wp-content\/uploads\/2021\/06\/IMG-20210602-WA0147-300x220.jpg 300w, https:\/\/juacontecimentos.com.br\/site\/wp-content\/uploads\/2021\/06\/IMG-20210602-WA0147-768x564.jpg 768w\" sizes=\"auto, (max-width: 813px) 100vw, 813px\" \/> <img loading=\"lazy\" decoding=\"async\" class=\"alignnone size-large wp-image-15035\" src=\"https:\/\/juacontecimentos.com.br\/site\/wp-content\/uploads\/2021\/06\/IMG-20210602-WA0155-1024x573.jpg\" alt=\"\" width=\"900\" height=\"504\" srcset=\"https:\/\/juacontecimentos.com.br\/site\/wp-content\/uploads\/2021\/06\/IMG-20210602-WA0155.jpg 1024w, https:\/\/juacontecimentos.com.br\/site\/wp-content\/uploads\/2021\/06\/IMG-20210602-WA0155-300x168.jpg 300w, https:\/\/juacontecimentos.com.br\/site\/wp-content\/uploads\/2021\/06\/IMG-20210602-WA0155-768x430.jpg 768w\" sizes=\"auto, (max-width: 900px) 100vw, 900px\" \/> <img loading=\"lazy\" decoding=\"async\" class=\"alignnone size-large wp-image-15036\" src=\"https:\/\/juacontecimentos.com.br\/site\/wp-content\/uploads\/2021\/06\/IMG-20210602-WA0154-1024x682.jpg\" alt=\"\" width=\"900\" height=\"599\" srcset=\"https:\/\/juacontecimentos.com.br\/site\/wp-content\/uploads\/2021\/06\/IMG-20210602-WA0154.jpg 1024w, https:\/\/juacontecimentos.com.br\/site\/wp-content\/uploads\/2021\/06\/IMG-20210602-WA0154-300x200.jpg 300w, https:\/\/juacontecimentos.com.br\/site\/wp-content\/uploads\/2021\/06\/IMG-20210602-WA0154-768x512.jpg 768w\" sizes=\"auto, (max-width: 900px) 100vw, 900px\" \/> <img loading=\"lazy\" decoding=\"async\" class=\"alignnone size-large wp-image-15037\" src=\"https:\/\/juacontecimentos.com.br\/site\/wp-content\/uploads\/2021\/06\/IMG-20210602-WA0153-1024x682.jpg\" alt=\"\" width=\"900\" height=\"599\" srcset=\"https:\/\/juacontecimentos.com.br\/site\/wp-content\/uploads\/2021\/06\/IMG-20210602-WA0153.jpg 1024w, https:\/\/juacontecimentos.com.br\/site\/wp-content\/uploads\/2021\/06\/IMG-20210602-WA0153-300x200.jpg 300w, https:\/\/juacontecimentos.com.br\/site\/wp-content\/uploads\/2021\/06\/IMG-20210602-WA0153-768x512.jpg 768w\" sizes=\"auto, (max-width: 900px) 100vw, 900px\" \/> <img loading=\"lazy\" decoding=\"async\" class=\"alignnone size-large wp-image-15038\" src=\"https:\/\/juacontecimentos.com.br\/site\/wp-content\/uploads\/2021\/06\/IMG-20210602-WA0152-1024x682.jpg\" alt=\"\" width=\"900\" height=\"599\" srcset=\"https:\/\/juacontecimentos.com.br\/site\/wp-content\/uploads\/2021\/06\/IMG-20210602-WA0152.jpg 1024w, https:\/\/juacontecimentos.com.br\/site\/wp-content\/uploads\/2021\/06\/IMG-20210602-WA0152-300x200.jpg 300w, https:\/\/juacontecimentos.com.br\/site\/wp-content\/uploads\/2021\/06\/IMG-20210602-WA0152-768x512.jpg 768w\" sizes=\"auto, (max-width: 900px) 100vw, 900px\" \/> <img loading=\"lazy\" decoding=\"async\" class=\"alignnone size-large wp-image-15039\" src=\"https:\/\/juacontecimentos.com.br\/site\/wp-content\/uploads\/2021\/06\/IMG-20210602-WA0151-1024x749.jpg\" alt=\"\" width=\"900\" height=\"658\" srcset=\"https:\/\/juacontecimentos.com.br\/site\/wp-content\/uploads\/2021\/06\/IMG-20210602-WA0151.jpg 1024w, https:\/\/juacontecimentos.com.br\/site\/wp-content\/uploads\/2021\/06\/IMG-20210602-WA0151-300x219.jpg 300w, https:\/\/juacontecimentos.com.br\/site\/wp-content\/uploads\/2021\/06\/IMG-20210602-WA0151-768x562.jpg 768w\" sizes=\"auto, (max-width: 900px) 100vw, 900px\" \/> <img loading=\"lazy\" decoding=\"async\" class=\"alignnone size-large wp-image-15040\" src=\"https:\/\/juacontecimentos.com.br\/site\/wp-content\/uploads\/2021\/06\/IMG-20210602-WA0150-782x1024.jpg\" alt=\"\" width=\"782\" height=\"1024\" srcset=\"https:\/\/juacontecimentos.com.br\/site\/wp-content\/uploads\/2021\/06\/IMG-20210602-WA0150.jpg 782w, https:\/\/juacontecimentos.com.br\/site\/wp-content\/uploads\/2021\/06\/IMG-20210602-WA0150-229x300.jpg 229w, https:\/\/juacontecimentos.com.br\/site\/wp-content\/uploads\/2021\/06\/IMG-20210602-WA0150-768x1006.jpg 768w\" sizes=\"auto, (max-width: 782px) 100vw, 782px\" \/> <img loading=\"lazy\" decoding=\"async\" class=\"alignnone size-large wp-image-15041\" src=\"https:\/\/juacontecimentos.com.br\/site\/wp-content\/uploads\/2021\/06\/IMG-20210602-WA0149-1024x729.jpg\" alt=\"\" width=\"900\" height=\"641\" srcset=\"https:\/\/juacontecimentos.com.br\/site\/wp-content\/uploads\/2021\/06\/IMG-20210602-WA0149.jpg 1024w, https:\/\/juacontecimentos.com.br\/site\/wp-content\/uploads\/2021\/06\/IMG-20210602-WA0149-300x214.jpg 300w, https:\/\/juacontecimentos.com.br\/site\/wp-content\/uploads\/2021\/06\/IMG-20210602-WA0149-768x547.jpg 768w, https:\/\/juacontecimentos.com.br\/site\/wp-content\/uploads\/2021\/06\/IMG-20210602-WA0149-184x130.jpg 184w\" sizes=\"auto, (max-width: 900px) 100vw, 900px\" \/><\/div>\n<p><\/p>\n","protected":false},"excerpt":{"rendered":"<p>E na tarde e noite do dia (01) de junho, participamos de parte dessa festa: com o nosso Governador Ronaldo Caiado, nossa Primeira-dama Dona Gracinha Carvalho Caiado,\u00a0 \u00a0eu e o presidente da Ag\u00eancia Goiana de Habita\u00e7\u00e3o &#8211; AGEHAB Lucas Fernandes onde inauguramos a sede do Conselho Tutelar Vorico Camila de Oliveira , a reforma do<\/p>\n","protected":false},"author":2,"featured_media":15033,"comment_status":"open","ping_status":"open","sticky":false,"template":"","format":"standard","meta":{"footnotes":""},"categories":[27,22,26,23],"tags":[],"class_list":["post-15028","post","type-post","status-publish","format-standard","has-post-thumbnail","hentry","category-brasil","category-catalao","category-destaque","category-goias"],"yoast_head":"<!-- This site is optimized with the Yoast SEO plugin v25.8 - https:\/\/yoast.com\/wordpress\/plugins\/seo\/ -->\n<title>A linda Bonfin\u00f3polis foi cen\u00e1rio de uma grande festa, mesmo com todas as restri\u00e7\u00f5es que s\u00e3o necess\u00e1rias nesse momento. Nos seus 32 anos de emancipa\u00e7\u00e3o - Jornal Ultimos Acontecimentos<\/title>\n<meta name=\"robots\" content=\"index, follow, max-snippet:-1, max-image-preview:large, max-video-preview:-1\" \/>\n<link rel=\"canonical\" href=\"https:\/\/juacontecimentos.com.br\/site\/linda-bonfinopolis-foi-cenario-de-uma-grande-festa-mesmo-com-todas-as-restricoes-que-sao-necessarias-nesse-momento-nos-seus-32-anos-de-emancipacao\/\" \/>\n<meta property=\"og:locale\" content=\"pt_BR\" \/>\n<meta property=\"og:type\" content=\"article\" \/>\n<meta property=\"og:title\" content=\"A linda Bonfin\u00f3polis foi cen\u00e1rio de uma grande festa, mesmo com todas as restri\u00e7\u00f5es que s\u00e3o necess\u00e1rias nesse momento. Nos seus 32 anos de emancipa\u00e7\u00e3o - Jornal Ultimos Acontecimentos\" \/>\n<meta property=\"og:description\" content=\"E na tarde e noite do dia (01) de junho, participamos de parte dessa festa: com o nosso Governador Ronaldo Caiado, nossa Primeira-dama Dona Gracinha Carvalho Caiado,\u00a0 \u00a0eu e o presidente da Ag\u00eancia Goiana de Habita\u00e7\u00e3o &#8211; AGEHAB Lucas Fernandes onde inauguramos a sede do Conselho Tutelar Vorico Camila de Oliveira , a reforma do\" \/>\n<meta property=\"og:url\" content=\"https:\/\/juacontecimentos.com.br\/site\/linda-bonfinopolis-foi-cenario-de-uma-grande-festa-mesmo-com-todas-as-restricoes-que-sao-necessarias-nesse-momento-nos-seus-32-anos-de-emancipacao\/\" \/>\n<meta property=\"og:site_name\" content=\"Jornal Ultimos Acontecimentos\" \/>\n<meta property=\"article:publisher\" content=\"https:\/\/www.facebook.com\/jultimosacontecimentos\/\" \/>\n<meta property=\"article:published_time\" content=\"2021-06-03T15:24:40+00:00\" \/>\n<meta property=\"og:image\" content=\"https:\/\/juacontecimentos.com.br\/site\/wp-content\/uploads\/2021\/06\/IMG-20210602-WA0148.jpg\" \/>\n\t<meta property=\"og:image:width\" content=\"1024\" \/>\n\t<meta property=\"og:image:height\" content=\"478\" \/>\n\t<meta property=\"og:image:type\" content=\"image\/jpeg\" \/>\n<meta name=\"author\" content=\"Reginaldo Ribeiro\" \/>\n<meta name=\"twitter:card\" content=\"summary_large_image\" \/>\n<meta name=\"twitter:label1\" content=\"Escrito por\" \/>\n\t<meta name=\"twitter:data1\" content=\"Reginaldo Ribeiro\" \/>\n\t<meta name=\"twitter:label2\" content=\"Est. tempo de leitura\" \/>\n\t<meta name=\"twitter:data2\" content=\"1 minuto\" \/>\n<script type=\"application\/ld+json\" class=\"yoast-schema-graph\">{\"@context\":\"https:\/\/schema.org\",\"@graph\":[{\"@type\":\"Article\",\"@id\":\"https:\/\/juacontecimentos.com.br\/site\/linda-bonfinopolis-foi-cenario-de-uma-grande-festa-mesmo-com-todas-as-restricoes-que-sao-necessarias-nesse-momento-nos-seus-32-anos-de-emancipacao\/#article\",\"isPartOf\":{\"@id\":\"https:\/\/juacontecimentos.com.br\/site\/linda-bonfinopolis-foi-cenario-de-uma-grande-festa-mesmo-com-todas-as-restricoes-que-sao-necessarias-nesse-momento-nos-seus-32-anos-de-emancipacao\/\"},\"author\":{\"name\":\"Reginaldo Ribeiro\",\"@id\":\"https:\/\/juacontecimentos.com.br\/site\/#\/schema\/person\/082a54e6d3fdd7a633291428521c9669\"},\"headline\":\"A linda Bonfin\u00f3polis foi cen\u00e1rio de uma grande festa, mesmo com todas as restri\u00e7\u00f5es que s\u00e3o necess\u00e1rias nesse momento. Nos seus 32 anos de emancipa\u00e7\u00e3o\",\"datePublished\":\"2021-06-03T15:24:40+00:00\",\"mainEntityOfPage\":{\"@id\":\"https:\/\/juacontecimentos.com.br\/site\/linda-bonfinopolis-foi-cenario-de-uma-grande-festa-mesmo-com-todas-as-restricoes-que-sao-necessarias-nesse-momento-nos-seus-32-anos-de-emancipacao\/\"},\"wordCount\":227,\"commentCount\":0,\"publisher\":{\"@id\":\"https:\/\/juacontecimentos.com.br\/site\/#organization\"},\"image\":{\"@id\":\"https:\/\/juacontecimentos.com.br\/site\/linda-bonfinopolis-foi-cenario-de-uma-grande-festa-mesmo-com-todas-as-restricoes-que-sao-necessarias-nesse-momento-nos-seus-32-anos-de-emancipacao\/#primaryimage\"},\"thumbnailUrl\":\"https:\/\/juacontecimentos.com.br\/site\/wp-content\/uploads\/2021\/06\/IMG-20210602-WA0148.jpg\",\"articleSection\":[\"Brasil\",\"Catal\u00e3o\",\"Destaque\",\"Goi\u00e1s\"],\"inLanguage\":\"pt-BR\"},{\"@type\":\"WebPage\",\"@id\":\"https:\/\/juacontecimentos.com.br\/site\/linda-bonfinopolis-foi-cenario-de-uma-grande-festa-mesmo-com-todas-as-restricoes-que-sao-necessarias-nesse-momento-nos-seus-32-anos-de-emancipacao\/\",\"url\":\"https:\/\/juacontecimentos.com.br\/site\/linda-bonfinopolis-foi-cenario-de-uma-grande-festa-mesmo-com-todas-as-restricoes-que-sao-necessarias-nesse-momento-nos-seus-32-anos-de-emancipacao\/\",\"name\":\"A linda Bonfin\u00f3polis foi cen\u00e1rio de uma grande festa, mesmo com todas as restri\u00e7\u00f5es que s\u00e3o necess\u00e1rias nesse momento. Nos seus 32 anos de emancipa\u00e7\u00e3o - Jornal Ultimos Acontecimentos\",\"isPartOf\":{\"@id\":\"https:\/\/juacontecimentos.com.br\/site\/#website\"},\"primaryImageOfPage\":{\"@id\":\"https:\/\/juacontecimentos.com.br\/site\/linda-bonfinopolis-foi-cenario-de-uma-grande-festa-mesmo-com-todas-as-restricoes-que-sao-necessarias-nesse-momento-nos-seus-32-anos-de-emancipacao\/#primaryimage\"},\"image\":{\"@id\":\"https:\/\/juacontecimentos.com.br\/site\/linda-bonfinopolis-foi-cenario-de-uma-grande-festa-mesmo-com-todas-as-restricoes-que-sao-necessarias-nesse-momento-nos-seus-32-anos-de-emancipacao\/#primaryimage\"},\"thumbnailUrl\":\"https:\/\/juacontecimentos.com.br\/site\/wp-content\/uploads\/2021\/06\/IMG-20210602-WA0148.jpg\",\"datePublished\":\"2021-06-03T15:24:40+00:00\",\"breadcrumb\":{\"@id\":\"https:\/\/juacontecimentos.com.br\/site\/linda-bonfinopolis-foi-cenario-de-uma-grande-festa-mesmo-com-todas-as-restricoes-que-sao-necessarias-nesse-momento-nos-seus-32-anos-de-emancipacao\/#breadcrumb\"},\"inLanguage\":\"pt-BR\",\"potentialAction\":[{\"@type\":\"ReadAction\",\"target\":[\"https:\/\/juacontecimentos.com.br\/site\/linda-bonfinopolis-foi-cenario-de-uma-grande-festa-mesmo-com-todas-as-restricoes-que-sao-necessarias-nesse-momento-nos-seus-32-anos-de-emancipacao\/\"]}]},{\"@type\":\"ImageObject\",\"inLanguage\":\"pt-BR\",\"@id\":\"https:\/\/juacontecimentos.com.br\/site\/linda-bonfinopolis-foi-cenario-de-uma-grande-festa-mesmo-com-todas-as-restricoes-que-sao-necessarias-nesse-momento-nos-seus-32-anos-de-emancipacao\/#primaryimage\",\"url\":\"https:\/\/juacontecimentos.com.br\/site\/wp-content\/uploads\/2021\/06\/IMG-20210602-WA0148.jpg\",\"contentUrl\":\"https:\/\/juacontecimentos.com.br\/site\/wp-content\/uploads\/2021\/06\/IMG-20210602-WA0148.jpg\",\"width\":1024,\"height\":478},{\"@type\":\"BreadcrumbList\",\"@id\":\"https:\/\/juacontecimentos.com.br\/site\/linda-bonfinopolis-foi-cenario-de-uma-grande-festa-mesmo-com-todas-as-restricoes-que-sao-necessarias-nesse-momento-nos-seus-32-anos-de-emancipacao\/#breadcrumb\",\"itemListElement\":[{\"@type\":\"ListItem\",\"position\":1,\"name\":\"In\u00edcio\",\"item\":\"https:\/\/juacontecimentos.com.br\/site\/\"},{\"@type\":\"ListItem\",\"position\":2,\"name\":\"A linda Bonfin\u00f3polis foi cen\u00e1rio de uma grande festa, mesmo com todas as restri\u00e7\u00f5es que s\u00e3o necess\u00e1rias nesse momento. Nos seus 32 anos de emancipa\u00e7\u00e3o\"}]},{\"@type\":\"WebSite\",\"@id\":\"https:\/\/juacontecimentos.com.br\/site\/#website\",\"url\":\"https:\/\/juacontecimentos.com.br\/site\/\",\"name\":\"Jornal Ultimos Acontecimentos\",\"description\":\"Catal\u00e3o e regi\u00e3o\",\"publisher\":{\"@id\":\"https:\/\/juacontecimentos.com.br\/site\/#organization\"},\"potentialAction\":[{\"@type\":\"SearchAction\",\"target\":{\"@type\":\"EntryPoint\",\"urlTemplate\":\"https:\/\/juacontecimentos.com.br\/site\/?s={search_term_string}\"},\"query-input\":{\"@type\":\"PropertyValueSpecification\",\"valueRequired\":true,\"valueName\":\"search_term_string\"}}],\"inLanguage\":\"pt-BR\"},{\"@type\":\"Organization\",\"@id\":\"https:\/\/juacontecimentos.com.br\/site\/#organization\",\"name\":\"Jornal Ultimos Acontecimentos\",\"url\":\"https:\/\/juacontecimentos.com.br\/site\/\",\"logo\":{\"@type\":\"ImageObject\",\"inLanguage\":\"pt-BR\",\"@id\":\"https:\/\/juacontecimentos.com.br\/site\/#\/schema\/logo\/image\/\",\"url\":\"https:\/\/juacontecimentos.com.br\/site\/wp-content\/uploads\/2023\/04\/Logo_Site.png\",\"contentUrl\":\"https:\/\/juacontecimentos.com.br\/site\/wp-content\/uploads\/2023\/04\/Logo_Site.png\",\"width\":2476,\"height\":530,\"caption\":\"Jornal Ultimos Acontecimentos\"},\"image\":{\"@id\":\"https:\/\/juacontecimentos.com.br\/site\/#\/schema\/logo\/image\/\"},\"sameAs\":[\"https:\/\/www.facebook.com\/jultimosacontecimentos\/\"]},{\"@type\":\"Person\",\"@id\":\"https:\/\/juacontecimentos.com.br\/site\/#\/schema\/person\/082a54e6d3fdd7a633291428521c9669\",\"name\":\"Reginaldo Ribeiro\",\"image\":{\"@type\":\"ImageObject\",\"inLanguage\":\"pt-BR\",\"@id\":\"https:\/\/juacontecimentos.com.br\/site\/#\/schema\/person\/image\/\",\"url\":\"https:\/\/secure.gravatar.com\/avatar\/5c16c6837c3490270a74d888c2a845728f06bdde1f8761de1de1d1d1ef82d12f?s=96&d=mm&r=g\",\"contentUrl\":\"https:\/\/secure.gravatar.com\/avatar\/5c16c6837c3490270a74d888c2a845728f06bdde1f8761de1de1d1d1ef82d12f?s=96&d=mm&r=g\",\"caption\":\"Reginaldo Ribeiro\"}}]}<\/script>\n<!-- \/ Yoast SEO plugin. -->","yoast_head_json":{"title":"A linda Bonfin\u00f3polis foi cen\u00e1rio de uma grande festa, mesmo com todas as restri\u00e7\u00f5es que s\u00e3o necess\u00e1rias nesse momento. Nos seus 32 anos de emancipa\u00e7\u00e3o - Jornal Ultimos Acontecimentos","robots":{"index":"index","follow":"follow","max-snippet":"max-snippet:-1","max-image-preview":"max-image-preview:large","max-video-preview":"max-video-preview:-1"},"canonical":"https:\/\/juacontecimentos.com.br\/site\/linda-bonfinopolis-foi-cenario-de-uma-grande-festa-mesmo-com-todas-as-restricoes-que-sao-necessarias-nesse-momento-nos-seus-32-anos-de-emancipacao\/","og_locale":"pt_BR","og_type":"article","og_title":"A linda Bonfin\u00f3polis foi cen\u00e1rio de uma grande festa, mesmo com todas as restri\u00e7\u00f5es que s\u00e3o necess\u00e1rias nesse momento. Nos seus 32 anos de emancipa\u00e7\u00e3o - Jornal Ultimos Acontecimentos","og_description":"E na tarde e noite do dia (01) de junho, participamos de parte dessa festa: com o nosso Governador Ronaldo Caiado, nossa Primeira-dama Dona Gracinha Carvalho Caiado,\u00a0 \u00a0eu e o presidente da Ag\u00eancia Goiana de Habita\u00e7\u00e3o &#8211; AGEHAB Lucas Fernandes onde inauguramos a sede do Conselho Tutelar Vorico Camila de Oliveira , a reforma do","og_url":"https:\/\/juacontecimentos.com.br\/site\/linda-bonfinopolis-foi-cenario-de-uma-grande-festa-mesmo-com-todas-as-restricoes-que-sao-necessarias-nesse-momento-nos-seus-32-anos-de-emancipacao\/","og_site_name":"Jornal Ultimos Acontecimentos","article_publisher":"https:\/\/www.facebook.com\/jultimosacontecimentos\/","article_published_time":"2021-06-03T15:24:40+00:00","og_image":[{"width":1024,"height":478,"url":"https:\/\/juacontecimentos.com.br\/site\/wp-content\/uploads\/2021\/06\/IMG-20210602-WA0148.jpg","type":"image\/jpeg"}],"author":"Reginaldo Ribeiro","twitter_card":"summary_large_image","twitter_misc":{"Escrito por":"Reginaldo Ribeiro","Est. tempo de leitura":"1 minuto"},"schema":{"@context":"https:\/\/schema.org","@graph":[{"@type":"Article","@id":"https:\/\/juacontecimentos.com.br\/site\/linda-bonfinopolis-foi-cenario-de-uma-grande-festa-mesmo-com-todas-as-restricoes-que-sao-necessarias-nesse-momento-nos-seus-32-anos-de-emancipacao\/#article","isPartOf":{"@id":"https:\/\/juacontecimentos.com.br\/site\/linda-bonfinopolis-foi-cenario-de-uma-grande-festa-mesmo-com-todas-as-restricoes-que-sao-necessarias-nesse-momento-nos-seus-32-anos-de-emancipacao\/"},"author":{"name":"Reginaldo Ribeiro","@id":"https:\/\/juacontecimentos.com.br\/site\/#\/schema\/person\/082a54e6d3fdd7a633291428521c9669"},"headline":"A linda Bonfin\u00f3polis foi cen\u00e1rio de uma grande festa, mesmo com todas as restri\u00e7\u00f5es que s\u00e3o necess\u00e1rias nesse momento. Nos seus 32 anos de emancipa\u00e7\u00e3o","datePublished":"2021-06-03T15:24:40+00:00","mainEntityOfPage":{"@id":"https:\/\/juacontecimentos.com.br\/site\/linda-bonfinopolis-foi-cenario-de-uma-grande-festa-mesmo-com-todas-as-restricoes-que-sao-necessarias-nesse-momento-nos-seus-32-anos-de-emancipacao\/"},"wordCount":227,"commentCount":0,"publisher":{"@id":"https:\/\/juacontecimentos.com.br\/site\/#organization"},"image":{"@id":"https:\/\/juacontecimentos.com.br\/site\/linda-bonfinopolis-foi-cenario-de-uma-grande-festa-mesmo-com-todas-as-restricoes-que-sao-necessarias-nesse-momento-nos-seus-32-anos-de-emancipacao\/#primaryimage"},"thumbnailUrl":"https:\/\/juacontecimentos.com.br\/site\/wp-content\/uploads\/2021\/06\/IMG-20210602-WA0148.jpg","articleSection":["Brasil","Catal\u00e3o","Destaque","Goi\u00e1s"],"inLanguage":"pt-BR"},{"@type":"WebPage","@id":"https:\/\/juacontecimentos.com.br\/site\/linda-bonfinopolis-foi-cenario-de-uma-grande-festa-mesmo-com-todas-as-restricoes-que-sao-necessarias-nesse-momento-nos-seus-32-anos-de-emancipacao\/","url":"https:\/\/juacontecimentos.com.br\/site\/linda-bonfinopolis-foi-cenario-de-uma-grande-festa-mesmo-com-todas-as-restricoes-que-sao-necessarias-nesse-momento-nos-seus-32-anos-de-emancipacao\/","name":"A linda Bonfin\u00f3polis foi cen\u00e1rio de uma grande festa, mesmo com todas as restri\u00e7\u00f5es que s\u00e3o necess\u00e1rias nesse momento. Nos seus 32 anos de emancipa\u00e7\u00e3o - Jornal Ultimos Acontecimentos","isPartOf":{"@id":"https:\/\/juacontecimentos.com.br\/site\/#website"},"primaryImageOfPage":{"@id":"https:\/\/juacontecimentos.com.br\/site\/linda-bonfinopolis-foi-cenario-de-uma-grande-festa-mesmo-com-todas-as-restricoes-que-sao-necessarias-nesse-momento-nos-seus-32-anos-de-emancipacao\/#primaryimage"},"image":{"@id":"https:\/\/juacontecimentos.com.br\/site\/linda-bonfinopolis-foi-cenario-de-uma-grande-festa-mesmo-com-todas-as-restricoes-que-sao-necessarias-nesse-momento-nos-seus-32-anos-de-emancipacao\/#primaryimage"},"thumbnailUrl":"https:\/\/juacontecimentos.com.br\/site\/wp-content\/uploads\/2021\/06\/IMG-20210602-WA0148.jpg","datePublished":"2021-06-03T15:24:40+00:00","breadcrumb":{"@id":"https:\/\/juacontecimentos.com.br\/site\/linda-bonfinopolis-foi-cenario-de-uma-grande-festa-mesmo-com-todas-as-restricoes-que-sao-necessarias-nesse-momento-nos-seus-32-anos-de-emancipacao\/#breadcrumb"},"inLanguage":"pt-BR","potentialAction":[{"@type":"ReadAction","target":["https:\/\/juacontecimentos.com.br\/site\/linda-bonfinopolis-foi-cenario-de-uma-grande-festa-mesmo-com-todas-as-restricoes-que-sao-necessarias-nesse-momento-nos-seus-32-anos-de-emancipacao\/"]}]},{"@type":"ImageObject","inLanguage":"pt-BR","@id":"https:\/\/juacontecimentos.com.br\/site\/linda-bonfinopolis-foi-cenario-de-uma-grande-festa-mesmo-com-todas-as-restricoes-que-sao-necessarias-nesse-momento-nos-seus-32-anos-de-emancipacao\/#primaryimage","url":"https:\/\/juacontecimentos.com.br\/site\/wp-content\/uploads\/2021\/06\/IMG-20210602-WA0148.jpg","contentUrl":"https:\/\/juacontecimentos.com.br\/site\/wp-content\/uploads\/2021\/06\/IMG-20210602-WA0148.jpg","width":1024,"height":478},{"@type":"BreadcrumbList","@id":"https:\/\/juacontecimentos.com.br\/site\/linda-bonfinopolis-foi-cenario-de-uma-grande-festa-mesmo-com-todas-as-restricoes-que-sao-necessarias-nesse-momento-nos-seus-32-anos-de-emancipacao\/#breadcrumb","itemListElement":[{"@type":"ListItem","position":1,"name":"In\u00edcio","item":"https:\/\/juacontecimentos.com.br\/site\/"},{"@type":"ListItem","position":2,"name":"A linda Bonfin\u00f3polis foi cen\u00e1rio de uma grande festa, mesmo com todas as restri\u00e7\u00f5es que s\u00e3o necess\u00e1rias nesse momento. Nos seus 32 anos de emancipa\u00e7\u00e3o"}]},{"@type":"WebSite","@id":"https:\/\/juacontecimentos.com.br\/site\/#website","url":"https:\/\/juacontecimentos.com.br\/site\/","name":"Jornal Ultimos Acontecimentos","description":"Catal\u00e3o e regi\u00e3o","publisher":{"@id":"https:\/\/juacontecimentos.com.br\/site\/#organization"},"potentialAction":[{"@type":"SearchAction","target":{"@type":"EntryPoint","urlTemplate":"https:\/\/juacontecimentos.com.br\/site\/?s={search_term_string}"},"query-input":{"@type":"PropertyValueSpecification","valueRequired":true,"valueName":"search_term_string"}}],"inLanguage":"pt-BR"},{"@type":"Organization","@id":"https:\/\/juacontecimentos.com.br\/site\/#organization","name":"Jornal Ultimos Acontecimentos","url":"https:\/\/juacontecimentos.com.br\/site\/","logo":{"@type":"ImageObject","inLanguage":"pt-BR","@id":"https:\/\/juacontecimentos.com.br\/site\/#\/schema\/logo\/image\/","url":"https:\/\/juacontecimentos.com.br\/site\/wp-content\/uploads\/2023\/04\/Logo_Site.png","contentUrl":"https:\/\/juacontecimentos.com.br\/site\/wp-content\/uploads\/2023\/04\/Logo_Site.png","width":2476,"height":530,"caption":"Jornal Ultimos Acontecimentos"},"image":{"@id":"https:\/\/juacontecimentos.com.br\/site\/#\/schema\/logo\/image\/"},"sameAs":["https:\/\/www.facebook.com\/jultimosacontecimentos\/"]},{"@type":"Person","@id":"https:\/\/juacontecimentos.com.br\/site\/#\/schema\/person\/082a54e6d3fdd7a633291428521c9669","name":"Reginaldo Ribeiro","image":{"@type":"ImageObject","inLanguage":"pt-BR","@id":"https:\/\/juacontecimentos.com.br\/site\/#\/schema\/person\/image\/","url":"https:\/\/secure.gravatar.com\/avatar\/5c16c6837c3490270a74d888c2a845728f06bdde1f8761de1de1d1d1ef82d12f?s=96&d=mm&r=g","contentUrl":"https:\/\/secure.gravatar.com\/avatar\/5c16c6837c3490270a74d888c2a845728f06bdde1f8761de1de1d1d1ef82d12f?s=96&d=mm&r=g","caption":"Reginaldo Ribeiro"}}]}},"_links":{"self":[{"href":"https:\/\/juacontecimentos.com.br\/site\/wp-json\/wp\/v2\/posts\/15028","targetHints":{"allow":["GET"]}}],"collection":[{"href":"https:\/\/juacontecimentos.com.br\/site\/wp-json\/wp\/v2\/posts"}],"about":[{"href":"https:\/\/juacontecimentos.com.br\/site\/wp-json\/wp\/v2\/types\/post"}],"author":[{"embeddable":true,"href":"https:\/\/juacontecimentos.com.br\/site\/wp-json\/wp\/v2\/users\/2"}],"replies":[{"embeddable":true,"href":"https:\/\/juacontecimentos.com.br\/site\/wp-json\/wp\/v2\/comments?post=15028"}],"version-history":[{"count":1,"href":"https:\/\/juacontecimentos.com.br\/site\/wp-json\/wp\/v2\/posts\/15028\/revisions"}],"predecessor-version":[{"id":15042,"href":"https:\/\/juacontecimentos.com.br\/site\/wp-json\/wp\/v2\/posts\/15028\/revisions\/15042"}],"wp:featuredmedia":[{"embeddable":true,"href":"https:\/\/juacontecimentos.com.br\/site\/wp-json\/wp\/v2\/media\/15033"}],"wp:attachment":[{"href":"https:\/\/juacontecimentos.com.br\/site\/wp-json\/wp\/v2\/media?parent=15028"}],"wp:term":[{"taxonomy":"category","embeddable":true,"href":"https:\/\/juacontecimentos.com.br\/site\/wp-json\/wp\/v2\/categories?post=15028"},{"taxonomy":"post_tag","embeddable":true,"href":"https:\/\/juacontecimentos.com.br\/site\/wp-json\/wp\/v2\/tags?post=15028"}],"curies":[{"name":"wp","href":"https:\/\/api.w.org\/{rel}","templated":true}]}}