{"id":15417,"date":"2021-06-21T18:17:10","date_gmt":"2021-06-21T21:17:10","guid":{"rendered":"https:\/\/juacontecimento.com.br\/site\/?p=15417"},"modified":"2021-06-21T18:27:58","modified_gmt":"2021-06-21T21:27:58","slug":"sindicato-rural-de-catalao-faeg-jovem-colhe-primeiras-cultura-de-horta-comunitaria","status":"publish","type":"post","link":"https:\/\/juacontecimentos.com.br\/site\/sindicato-rural-de-catalao-faeg-jovem-colhe-primeiras-cultura-de-horta-comunitaria\/","title":{"rendered":"Sindicato Rural de Catal\u00e3o: Faeg Jovem colhe primeiras cultura de horta comunit\u00e1ria"},"content":{"rendered":"<p><img loading=\"lazy\" decoding=\"async\" class=\"alignnone size-large wp-image-15418\" src=\"https:\/\/juacontecimento.com.br\/site\/wp-content\/uploads\/2021\/06\/IMG-20210621-WA0245-768x1024.jpg\" alt=\"\" width=\"768\" height=\"1024\" srcset=\"https:\/\/juacontecimentos.com.br\/site\/wp-content\/uploads\/2021\/06\/IMG-20210621-WA0245-768x1024.jpg 768w, https:\/\/juacontecimentos.com.br\/site\/wp-content\/uploads\/2021\/06\/IMG-20210621-WA0245-225x300.jpg 225w, https:\/\/juacontecimentos.com.br\/site\/wp-content\/uploads\/2021\/06\/IMG-20210621-WA0245.jpg 780w\" sizes=\"auto, (max-width: 768px) 100vw, 768px\" \/><\/p>\n<p>A Faeg Jovem, que \u00e9 ligada ao Sindicato Rural de Catal\u00e3o, est\u00e1 desenvolvendo um projeto que a o mesmo tempo une conhecimento e solidariedade. \u00c9 a Horta Urbana, ou horta comunit\u00e1ria, que fica em um lote localizado no bairro Castelo Branco.<\/p>\n<p>A presidente da Faeg Jovem em Catal\u00e3o, Marcela Carolina de Oliveira, explica que a horta \u00e9 a primeira realizada no munic\u00edpio, por isso n\u00e3o foi algo grande. \u201cT\u00ednhamos o lote, com uns p\u00e9s de lim\u00e3o no local, ent\u00e3o, t\u00ednhamos pouco espa\u00e7o. Mesmo assim, aproveitando todo o espa\u00e7o, conseguimos uma boa produ\u00e7\u00e3o\u201d, diz Marcela completando que h\u00e1 couve, quatro tipos de alface, milho, feij\u00e3o, r\u00facula e at\u00e9 rabanete.<\/p>\n<p>A horta foi feita em um lote, que fica no bairro Castelo Branco. \u201c\u00c9 um lote emprestado. E nosso objetivo \u00e9 ampliar essa horta para outras regi\u00f5es. Sempre com o mesmo foco, a produ\u00e7\u00e3o voltada para fam\u00edlias mais carentes, que n\u00f3s j\u00e1 temos cadastradas\u201d.<\/p>\n<p>As culturas est\u00e3o em pleno desenvolvimento e a assist\u00eancia t\u00e9cnica \u00e9 feita pelos pr\u00f3prios membros, j\u00e1 que h\u00e1 ge\u00f3grafos, agr\u00f4nomos, entre outros. O presidente do Sindicato Rural de Catal\u00e3o, Renato Ribeiro, se sente muito orgulhoso com o projeto, porque a entidade d\u00e1 todo suporte a esses profissionais e estudantes. E tem ainda o lado social.<\/p>\n<p><img loading=\"lazy\" decoding=\"async\" class=\"alignnone size-large wp-image-15419\" src=\"https:\/\/juacontecimento.com.br\/site\/wp-content\/uploads\/2021\/06\/IMG-20210621-WA0243-1024x768.jpg\" alt=\"\" width=\"900\" height=\"675\" srcset=\"https:\/\/juacontecimentos.com.br\/site\/wp-content\/uploads\/2021\/06\/IMG-20210621-WA0243-1024x768.jpg 1024w, https:\/\/juacontecimentos.com.br\/site\/wp-content\/uploads\/2021\/06\/IMG-20210621-WA0243-300x225.jpg 300w, https:\/\/juacontecimentos.com.br\/site\/wp-content\/uploads\/2021\/06\/IMG-20210621-WA0243-768x576.jpg 768w, https:\/\/juacontecimentos.com.br\/site\/wp-content\/uploads\/2021\/06\/IMG-20210621-WA0243.jpg 1216w\" sizes=\"auto, (max-width: 900px) 100vw, 900px\" \/> <img loading=\"lazy\" decoding=\"async\" class=\"alignnone size-large wp-image-15420\" src=\"https:\/\/juacontecimento.com.br\/site\/wp-content\/uploads\/2021\/06\/IMG-20210621-WA0244-576x1024.jpg\" alt=\"\" width=\"576\" height=\"1024\" srcset=\"https:\/\/juacontecimentos.com.br\/site\/wp-content\/uploads\/2021\/06\/IMG-20210621-WA0244-576x1024.jpg 576w, https:\/\/juacontecimentos.com.br\/site\/wp-content\/uploads\/2021\/06\/IMG-20210621-WA0244-169x300.jpg 169w, https:\/\/juacontecimentos.com.br\/site\/wp-content\/uploads\/2021\/06\/IMG-20210621-WA0244.jpg 720w\" sizes=\"auto, (max-width: 576px) 100vw, 576px\" \/> <img loading=\"lazy\" decoding=\"async\" class=\"alignnone size-large wp-image-15421\" src=\"https:\/\/juacontecimento.com.br\/site\/wp-content\/uploads\/2021\/06\/IMG-20210621-WA0246-576x1024.jpg\" alt=\"\" width=\"576\" height=\"1024\" srcset=\"https:\/\/juacontecimentos.com.br\/site\/wp-content\/uploads\/2021\/06\/IMG-20210621-WA0246-576x1024.jpg 576w, https:\/\/juacontecimentos.com.br\/site\/wp-content\/uploads\/2021\/06\/IMG-20210621-WA0246-169x300.jpg 169w, https:\/\/juacontecimentos.com.br\/site\/wp-content\/uploads\/2021\/06\/IMG-20210621-WA0246.jpg 720w\" sizes=\"auto, (max-width: 576px) 100vw, 576px\" \/><br \/>\n<\/p>\n","protected":false},"excerpt":{"rendered":"<p>A Faeg Jovem, que \u00e9 ligada ao Sindicato Rural de Catal\u00e3o, est\u00e1 desenvolvendo um projeto que a o mesmo tempo une conhecimento e solidariedade. \u00c9 a Horta Urbana, ou horta comunit\u00e1ria, que fica em um lote localizado no bairro Castelo Branco. A presidente da Faeg Jovem em Catal\u00e3o, Marcela Carolina de Oliveira, explica que a<\/p>\n","protected":false},"author":2,"featured_media":15422,"comment_status":"open","ping_status":"open","sticky":false,"template":"","format":"standard","meta":{"footnotes":""},"categories":[27,22,26,23],"tags":[],"class_list":["post-15417","post","type-post","status-publish","format-standard","has-post-thumbnail","hentry","category-brasil","category-catalao","category-destaque","category-goias"],"yoast_head":"<!-- This site is optimized with the Yoast SEO plugin v25.8 - https:\/\/yoast.com\/wordpress\/plugins\/seo\/ -->\n<title>Sindicato Rural de Catal\u00e3o: Faeg Jovem colhe primeiras cultura de horta comunit\u00e1ria - Jornal Ultimos Acontecimentos<\/title>\n<meta name=\"robots\" content=\"index, follow, max-snippet:-1, max-image-preview:large, max-video-preview:-1\" \/>\n<link rel=\"canonical\" href=\"https:\/\/juacontecimentos.com.br\/site\/sindicato-rural-de-catalao-faeg-jovem-colhe-primeiras-cultura-de-horta-comunitaria\/\" \/>\n<meta property=\"og:locale\" content=\"pt_BR\" \/>\n<meta property=\"og:type\" content=\"article\" \/>\n<meta property=\"og:title\" content=\"Sindicato Rural de Catal\u00e3o: Faeg Jovem colhe primeiras cultura de horta comunit\u00e1ria - Jornal Ultimos Acontecimentos\" \/>\n<meta property=\"og:description\" content=\"A Faeg Jovem, que \u00e9 ligada ao Sindicato Rural de Catal\u00e3o, est\u00e1 desenvolvendo um projeto que a o mesmo tempo une conhecimento e solidariedade. \u00c9 a Horta Urbana, ou horta comunit\u00e1ria, que fica em um lote localizado no bairro Castelo Branco. A presidente da Faeg Jovem em Catal\u00e3o, Marcela Carolina de Oliveira, explica que a\" \/>\n<meta property=\"og:url\" content=\"https:\/\/juacontecimentos.com.br\/site\/sindicato-rural-de-catalao-faeg-jovem-colhe-primeiras-cultura-de-horta-comunitaria\/\" \/>\n<meta property=\"og:site_name\" content=\"Jornal Ultimos Acontecimentos\" \/>\n<meta property=\"article:publisher\" content=\"https:\/\/www.facebook.com\/jultimosacontecimentos\/\" \/>\n<meta property=\"article:published_time\" content=\"2021-06-21T21:17:10+00:00\" \/>\n<meta property=\"article:modified_time\" content=\"2021-06-21T21:27:58+00:00\" \/>\n<meta property=\"og:image\" content=\"https:\/\/juacontecimentos.com.br\/site\/wp-content\/uploads\/2021\/06\/IMG-20210621-WA02452.jpg\" \/>\n\t<meta property=\"og:image:width\" content=\"780\" \/>\n\t<meta property=\"og:image:height\" content=\"501\" \/>\n\t<meta property=\"og:image:type\" content=\"image\/jpeg\" \/>\n<meta name=\"author\" content=\"Reginaldo Ribeiro\" \/>\n<meta name=\"twitter:card\" content=\"summary_large_image\" \/>\n<meta name=\"twitter:label1\" content=\"Escrito por\" \/>\n\t<meta name=\"twitter:data1\" content=\"Reginaldo Ribeiro\" \/>\n\t<meta name=\"twitter:label2\" content=\"Est. tempo de leitura\" \/>\n\t<meta name=\"twitter:data2\" content=\"1 minuto\" \/>\n<script type=\"application\/ld+json\" class=\"yoast-schema-graph\">{\"@context\":\"https:\/\/schema.org\",\"@graph\":[{\"@type\":\"Article\",\"@id\":\"https:\/\/juacontecimentos.com.br\/site\/sindicato-rural-de-catalao-faeg-jovem-colhe-primeiras-cultura-de-horta-comunitaria\/#article\",\"isPartOf\":{\"@id\":\"https:\/\/juacontecimentos.com.br\/site\/sindicato-rural-de-catalao-faeg-jovem-colhe-primeiras-cultura-de-horta-comunitaria\/\"},\"author\":{\"name\":\"Reginaldo Ribeiro\",\"@id\":\"https:\/\/juacontecimentos.com.br\/site\/#\/schema\/person\/082a54e6d3fdd7a633291428521c9669\"},\"headline\":\"Sindicato Rural de Catal\u00e3o: Faeg Jovem colhe primeiras cultura de horta comunit\u00e1ria\",\"datePublished\":\"2021-06-21T21:17:10+00:00\",\"dateModified\":\"2021-06-21T21:27:58+00:00\",\"mainEntityOfPage\":{\"@id\":\"https:\/\/juacontecimentos.com.br\/site\/sindicato-rural-de-catalao-faeg-jovem-colhe-primeiras-cultura-de-horta-comunitaria\/\"},\"wordCount\":241,\"commentCount\":0,\"publisher\":{\"@id\":\"https:\/\/juacontecimentos.com.br\/site\/#organization\"},\"image\":{\"@id\":\"https:\/\/juacontecimentos.com.br\/site\/sindicato-rural-de-catalao-faeg-jovem-colhe-primeiras-cultura-de-horta-comunitaria\/#primaryimage\"},\"thumbnailUrl\":\"https:\/\/juacontecimentos.com.br\/site\/wp-content\/uploads\/2021\/06\/IMG-20210621-WA02452.jpg\",\"articleSection\":[\"Brasil\",\"Catal\u00e3o\",\"Destaque\",\"Goi\u00e1s\"],\"inLanguage\":\"pt-BR\"},{\"@type\":\"WebPage\",\"@id\":\"https:\/\/juacontecimentos.com.br\/site\/sindicato-rural-de-catalao-faeg-jovem-colhe-primeiras-cultura-de-horta-comunitaria\/\",\"url\":\"https:\/\/juacontecimentos.com.br\/site\/sindicato-rural-de-catalao-faeg-jovem-colhe-primeiras-cultura-de-horta-comunitaria\/\",\"name\":\"Sindicato Rural de Catal\u00e3o: Faeg Jovem colhe primeiras cultura de horta comunit\u00e1ria - Jornal Ultimos Acontecimentos\",\"isPartOf\":{\"@id\":\"https:\/\/juacontecimentos.com.br\/site\/#website\"},\"primaryImageOfPage\":{\"@id\":\"https:\/\/juacontecimentos.com.br\/site\/sindicato-rural-de-catalao-faeg-jovem-colhe-primeiras-cultura-de-horta-comunitaria\/#primaryimage\"},\"image\":{\"@id\":\"https:\/\/juacontecimentos.com.br\/site\/sindicato-rural-de-catalao-faeg-jovem-colhe-primeiras-cultura-de-horta-comunitaria\/#primaryimage\"},\"thumbnailUrl\":\"https:\/\/juacontecimentos.com.br\/site\/wp-content\/uploads\/2021\/06\/IMG-20210621-WA02452.jpg\",\"datePublished\":\"2021-06-21T21:17:10+00:00\",\"dateModified\":\"2021-06-21T21:27:58+00:00\",\"breadcrumb\":{\"@id\":\"https:\/\/juacontecimentos.com.br\/site\/sindicato-rural-de-catalao-faeg-jovem-colhe-primeiras-cultura-de-horta-comunitaria\/#breadcrumb\"},\"inLanguage\":\"pt-BR\",\"potentialAction\":[{\"@type\":\"ReadAction\",\"target\":[\"https:\/\/juacontecimentos.com.br\/site\/sindicato-rural-de-catalao-faeg-jovem-colhe-primeiras-cultura-de-horta-comunitaria\/\"]}]},{\"@type\":\"ImageObject\",\"inLanguage\":\"pt-BR\",\"@id\":\"https:\/\/juacontecimentos.com.br\/site\/sindicato-rural-de-catalao-faeg-jovem-colhe-primeiras-cultura-de-horta-comunitaria\/#primaryimage\",\"url\":\"https:\/\/juacontecimentos.com.br\/site\/wp-content\/uploads\/2021\/06\/IMG-20210621-WA02452.jpg\",\"contentUrl\":\"https:\/\/juacontecimentos.com.br\/site\/wp-content\/uploads\/2021\/06\/IMG-20210621-WA02452.jpg\",\"width\":780,\"height\":501},{\"@type\":\"BreadcrumbList\",\"@id\":\"https:\/\/juacontecimentos.com.br\/site\/sindicato-rural-de-catalao-faeg-jovem-colhe-primeiras-cultura-de-horta-comunitaria\/#breadcrumb\",\"itemListElement\":[{\"@type\":\"ListItem\",\"position\":1,\"name\":\"In\u00edcio\",\"item\":\"https:\/\/juacontecimentos.com.br\/site\/\"},{\"@type\":\"ListItem\",\"position\":2,\"name\":\"Sindicato Rural de Catal\u00e3o: Faeg Jovem colhe primeiras cultura de horta comunit\u00e1ria\"}]},{\"@type\":\"WebSite\",\"@id\":\"https:\/\/juacontecimentos.com.br\/site\/#website\",\"url\":\"https:\/\/juacontecimentos.com.br\/site\/\",\"name\":\"Jornal Ultimos Acontecimentos\",\"description\":\"Catal\u00e3o e regi\u00e3o\",\"publisher\":{\"@id\":\"https:\/\/juacontecimentos.com.br\/site\/#organization\"},\"potentialAction\":[{\"@type\":\"SearchAction\",\"target\":{\"@type\":\"EntryPoint\",\"urlTemplate\":\"https:\/\/juacontecimentos.com.br\/site\/?s={search_term_string}\"},\"query-input\":{\"@type\":\"PropertyValueSpecification\",\"valueRequired\":true,\"valueName\":\"search_term_string\"}}],\"inLanguage\":\"pt-BR\"},{\"@type\":\"Organization\",\"@id\":\"https:\/\/juacontecimentos.com.br\/site\/#organization\",\"name\":\"Jornal Ultimos Acontecimentos\",\"url\":\"https:\/\/juacontecimentos.com.br\/site\/\",\"logo\":{\"@type\":\"ImageObject\",\"inLanguage\":\"pt-BR\",\"@id\":\"https:\/\/juacontecimentos.com.br\/site\/#\/schema\/logo\/image\/\",\"url\":\"https:\/\/juacontecimentos.com.br\/site\/wp-content\/uploads\/2023\/04\/Logo_Site.png\",\"contentUrl\":\"https:\/\/juacontecimentos.com.br\/site\/wp-content\/uploads\/2023\/04\/Logo_Site.png\",\"width\":2476,\"height\":530,\"caption\":\"Jornal Ultimos Acontecimentos\"},\"image\":{\"@id\":\"https:\/\/juacontecimentos.com.br\/site\/#\/schema\/logo\/image\/\"},\"sameAs\":[\"https:\/\/www.facebook.com\/jultimosacontecimentos\/\"]},{\"@type\":\"Person\",\"@id\":\"https:\/\/juacontecimentos.com.br\/site\/#\/schema\/person\/082a54e6d3fdd7a633291428521c9669\",\"name\":\"Reginaldo Ribeiro\",\"image\":{\"@type\":\"ImageObject\",\"inLanguage\":\"pt-BR\",\"@id\":\"https:\/\/juacontecimentos.com.br\/site\/#\/schema\/person\/image\/\",\"url\":\"https:\/\/secure.gravatar.com\/avatar\/5c16c6837c3490270a74d888c2a845728f06bdde1f8761de1de1d1d1ef82d12f?s=96&d=mm&r=g\",\"contentUrl\":\"https:\/\/secure.gravatar.com\/avatar\/5c16c6837c3490270a74d888c2a845728f06bdde1f8761de1de1d1d1ef82d12f?s=96&d=mm&r=g\",\"caption\":\"Reginaldo Ribeiro\"}}]}<\/script>\n<!-- \/ Yoast SEO plugin. -->","yoast_head_json":{"title":"Sindicato Rural de Catal\u00e3o: Faeg Jovem colhe primeiras cultura de horta comunit\u00e1ria - Jornal Ultimos Acontecimentos","robots":{"index":"index","follow":"follow","max-snippet":"max-snippet:-1","max-image-preview":"max-image-preview:large","max-video-preview":"max-video-preview:-1"},"canonical":"https:\/\/juacontecimentos.com.br\/site\/sindicato-rural-de-catalao-faeg-jovem-colhe-primeiras-cultura-de-horta-comunitaria\/","og_locale":"pt_BR","og_type":"article","og_title":"Sindicato Rural de Catal\u00e3o: Faeg Jovem colhe primeiras cultura de horta comunit\u00e1ria - Jornal Ultimos Acontecimentos","og_description":"A Faeg Jovem, que \u00e9 ligada ao Sindicato Rural de Catal\u00e3o, est\u00e1 desenvolvendo um projeto que a o mesmo tempo une conhecimento e solidariedade. \u00c9 a Horta Urbana, ou horta comunit\u00e1ria, que fica em um lote localizado no bairro Castelo Branco. A presidente da Faeg Jovem em Catal\u00e3o, Marcela Carolina de Oliveira, explica que a","og_url":"https:\/\/juacontecimentos.com.br\/site\/sindicato-rural-de-catalao-faeg-jovem-colhe-primeiras-cultura-de-horta-comunitaria\/","og_site_name":"Jornal Ultimos Acontecimentos","article_publisher":"https:\/\/www.facebook.com\/jultimosacontecimentos\/","article_published_time":"2021-06-21T21:17:10+00:00","article_modified_time":"2021-06-21T21:27:58+00:00","og_image":[{"width":780,"height":501,"url":"https:\/\/juacontecimentos.com.br\/site\/wp-content\/uploads\/2021\/06\/IMG-20210621-WA02452.jpg","type":"image\/jpeg"}],"author":"Reginaldo Ribeiro","twitter_card":"summary_large_image","twitter_misc":{"Escrito por":"Reginaldo Ribeiro","Est. tempo de leitura":"1 minuto"},"schema":{"@context":"https:\/\/schema.org","@graph":[{"@type":"Article","@id":"https:\/\/juacontecimentos.com.br\/site\/sindicato-rural-de-catalao-faeg-jovem-colhe-primeiras-cultura-de-horta-comunitaria\/#article","isPartOf":{"@id":"https:\/\/juacontecimentos.com.br\/site\/sindicato-rural-de-catalao-faeg-jovem-colhe-primeiras-cultura-de-horta-comunitaria\/"},"author":{"name":"Reginaldo Ribeiro","@id":"https:\/\/juacontecimentos.com.br\/site\/#\/schema\/person\/082a54e6d3fdd7a633291428521c9669"},"headline":"Sindicato Rural de Catal\u00e3o: Faeg Jovem colhe primeiras cultura de horta comunit\u00e1ria","datePublished":"2021-06-21T21:17:10+00:00","dateModified":"2021-06-21T21:27:58+00:00","mainEntityOfPage":{"@id":"https:\/\/juacontecimentos.com.br\/site\/sindicato-rural-de-catalao-faeg-jovem-colhe-primeiras-cultura-de-horta-comunitaria\/"},"wordCount":241,"commentCount":0,"publisher":{"@id":"https:\/\/juacontecimentos.com.br\/site\/#organization"},"image":{"@id":"https:\/\/juacontecimentos.com.br\/site\/sindicato-rural-de-catalao-faeg-jovem-colhe-primeiras-cultura-de-horta-comunitaria\/#primaryimage"},"thumbnailUrl":"https:\/\/juacontecimentos.com.br\/site\/wp-content\/uploads\/2021\/06\/IMG-20210621-WA02452.jpg","articleSection":["Brasil","Catal\u00e3o","Destaque","Goi\u00e1s"],"inLanguage":"pt-BR"},{"@type":"WebPage","@id":"https:\/\/juacontecimentos.com.br\/site\/sindicato-rural-de-catalao-faeg-jovem-colhe-primeiras-cultura-de-horta-comunitaria\/","url":"https:\/\/juacontecimentos.com.br\/site\/sindicato-rural-de-catalao-faeg-jovem-colhe-primeiras-cultura-de-horta-comunitaria\/","name":"Sindicato Rural de Catal\u00e3o: Faeg Jovem colhe primeiras cultura de horta comunit\u00e1ria - Jornal Ultimos Acontecimentos","isPartOf":{"@id":"https:\/\/juacontecimentos.com.br\/site\/#website"},"primaryImageOfPage":{"@id":"https:\/\/juacontecimentos.com.br\/site\/sindicato-rural-de-catalao-faeg-jovem-colhe-primeiras-cultura-de-horta-comunitaria\/#primaryimage"},"image":{"@id":"https:\/\/juacontecimentos.com.br\/site\/sindicato-rural-de-catalao-faeg-jovem-colhe-primeiras-cultura-de-horta-comunitaria\/#primaryimage"},"thumbnailUrl":"https:\/\/juacontecimentos.com.br\/site\/wp-content\/uploads\/2021\/06\/IMG-20210621-WA02452.jpg","datePublished":"2021-06-21T21:17:10+00:00","dateModified":"2021-06-21T21:27:58+00:00","breadcrumb":{"@id":"https:\/\/juacontecimentos.com.br\/site\/sindicato-rural-de-catalao-faeg-jovem-colhe-primeiras-cultura-de-horta-comunitaria\/#breadcrumb"},"inLanguage":"pt-BR","potentialAction":[{"@type":"ReadAction","target":["https:\/\/juacontecimentos.com.br\/site\/sindicato-rural-de-catalao-faeg-jovem-colhe-primeiras-cultura-de-horta-comunitaria\/"]}]},{"@type":"ImageObject","inLanguage":"pt-BR","@id":"https:\/\/juacontecimentos.com.br\/site\/sindicato-rural-de-catalao-faeg-jovem-colhe-primeiras-cultura-de-horta-comunitaria\/#primaryimage","url":"https:\/\/juacontecimentos.com.br\/site\/wp-content\/uploads\/2021\/06\/IMG-20210621-WA02452.jpg","contentUrl":"https:\/\/juacontecimentos.com.br\/site\/wp-content\/uploads\/2021\/06\/IMG-20210621-WA02452.jpg","width":780,"height":501},{"@type":"BreadcrumbList","@id":"https:\/\/juacontecimentos.com.br\/site\/sindicato-rural-de-catalao-faeg-jovem-colhe-primeiras-cultura-de-horta-comunitaria\/#breadcrumb","itemListElement":[{"@type":"ListItem","position":1,"name":"In\u00edcio","item":"https:\/\/juacontecimentos.com.br\/site\/"},{"@type":"ListItem","position":2,"name":"Sindicato Rural de Catal\u00e3o: Faeg Jovem colhe primeiras cultura de horta comunit\u00e1ria"}]},{"@type":"WebSite","@id":"https:\/\/juacontecimentos.com.br\/site\/#website","url":"https:\/\/juacontecimentos.com.br\/site\/","name":"Jornal Ultimos Acontecimentos","description":"Catal\u00e3o e regi\u00e3o","publisher":{"@id":"https:\/\/juacontecimentos.com.br\/site\/#organization"},"potentialAction":[{"@type":"SearchAction","target":{"@type":"EntryPoint","urlTemplate":"https:\/\/juacontecimentos.com.br\/site\/?s={search_term_string}"},"query-input":{"@type":"PropertyValueSpecification","valueRequired":true,"valueName":"search_term_string"}}],"inLanguage":"pt-BR"},{"@type":"Organization","@id":"https:\/\/juacontecimentos.com.br\/site\/#organization","name":"Jornal Ultimos Acontecimentos","url":"https:\/\/juacontecimentos.com.br\/site\/","logo":{"@type":"ImageObject","inLanguage":"pt-BR","@id":"https:\/\/juacontecimentos.com.br\/site\/#\/schema\/logo\/image\/","url":"https:\/\/juacontecimentos.com.br\/site\/wp-content\/uploads\/2023\/04\/Logo_Site.png","contentUrl":"https:\/\/juacontecimentos.com.br\/site\/wp-content\/uploads\/2023\/04\/Logo_Site.png","width":2476,"height":530,"caption":"Jornal Ultimos Acontecimentos"},"image":{"@id":"https:\/\/juacontecimentos.com.br\/site\/#\/schema\/logo\/image\/"},"sameAs":["https:\/\/www.facebook.com\/jultimosacontecimentos\/"]},{"@type":"Person","@id":"https:\/\/juacontecimentos.com.br\/site\/#\/schema\/person\/082a54e6d3fdd7a633291428521c9669","name":"Reginaldo Ribeiro","image":{"@type":"ImageObject","inLanguage":"pt-BR","@id":"https:\/\/juacontecimentos.com.br\/site\/#\/schema\/person\/image\/","url":"https:\/\/secure.gravatar.com\/avatar\/5c16c6837c3490270a74d888c2a845728f06bdde1f8761de1de1d1d1ef82d12f?s=96&d=mm&r=g","contentUrl":"https:\/\/secure.gravatar.com\/avatar\/5c16c6837c3490270a74d888c2a845728f06bdde1f8761de1de1d1d1ef82d12f?s=96&d=mm&r=g","caption":"Reginaldo Ribeiro"}}]}},"_links":{"self":[{"href":"https:\/\/juacontecimentos.com.br\/site\/wp-json\/wp\/v2\/posts\/15417","targetHints":{"allow":["GET"]}}],"collection":[{"href":"https:\/\/juacontecimentos.com.br\/site\/wp-json\/wp\/v2\/posts"}],"about":[{"href":"https:\/\/juacontecimentos.com.br\/site\/wp-json\/wp\/v2\/types\/post"}],"author":[{"embeddable":true,"href":"https:\/\/juacontecimentos.com.br\/site\/wp-json\/wp\/v2\/users\/2"}],"replies":[{"embeddable":true,"href":"https:\/\/juacontecimentos.com.br\/site\/wp-json\/wp\/v2\/comments?post=15417"}],"version-history":[{"count":1,"href":"https:\/\/juacontecimentos.com.br\/site\/wp-json\/wp\/v2\/posts\/15417\/revisions"}],"predecessor-version":[{"id":15423,"href":"https:\/\/juacontecimentos.com.br\/site\/wp-json\/wp\/v2\/posts\/15417\/revisions\/15423"}],"wp:featuredmedia":[{"embeddable":true,"href":"https:\/\/juacontecimentos.com.br\/site\/wp-json\/wp\/v2\/media\/15422"}],"wp:attachment":[{"href":"https:\/\/juacontecimentos.com.br\/site\/wp-json\/wp\/v2\/media?parent=15417"}],"wp:term":[{"taxonomy":"category","embeddable":true,"href":"https:\/\/juacontecimentos.com.br\/site\/wp-json\/wp\/v2\/categories?post=15417"},{"taxonomy":"post_tag","embeddable":true,"href":"https:\/\/juacontecimentos.com.br\/site\/wp-json\/wp\/v2\/tags?post=15417"}],"curies":[{"name":"wp","href":"https:\/\/api.w.org\/{rel}","templated":true}]}}