{"id":15485,"date":"2021-06-24T09:30:06","date_gmt":"2021-06-24T12:30:06","guid":{"rendered":"https:\/\/juacontecimento.com.br\/site\/?p=15485"},"modified":"2021-06-24T09:30:06","modified_gmt":"2021-06-24T12:30:06","slug":"alvo-de-investigacoes-ministro-ricardo-salles-pede-demissao","status":"publish","type":"post","link":"https:\/\/juacontecimentos.com.br\/site\/alvo-de-investigacoes-ministro-ricardo-salles-pede-demissao\/","title":{"rendered":"Alvo de investiga\u00e7\u00f5es, ministro Ricardo Salles pede demiss\u00e3o"},"content":{"rendered":"<h2>Exonera\u00e7\u00e3o foi publicada; atual Secret\u00e1rio de Amaz\u00f4nia foi nomeado em seu lugar<\/h2>\n<div id=\"attachment_15486\" style=\"width: 970px\" class=\"wp-caption alignnone\"><img loading=\"lazy\" decoding=\"async\" aria-describedby=\"caption-attachment-15486\" class=\"size-full wp-image-15486\" src=\"https:\/\/juacontecimento.com.br\/site\/wp-content\/uploads\/2021\/06\/cf509dff-salles-2-960x640.jpg\" alt=\"\" width=\"960\" height=\"640\" srcset=\"https:\/\/juacontecimentos.com.br\/site\/wp-content\/uploads\/2021\/06\/cf509dff-salles-2-960x640.jpg 960w, https:\/\/juacontecimentos.com.br\/site\/wp-content\/uploads\/2021\/06\/cf509dff-salles-2-960x640-300x200.jpg 300w, https:\/\/juacontecimentos.com.br\/site\/wp-content\/uploads\/2021\/06\/cf509dff-salles-2-960x640-768x512.jpg 768w\" sizes=\"auto, (max-width: 960px) 100vw, 960px\" \/><p id=\"caption-attachment-15486\" class=\"wp-caption-text\">Salles pede demiss\u00e3o do Minist\u00e9rio do Meio Ambiente (Foto: Jucimar de Sousa \/ Mais Goi\u00e1s)<\/p><\/div>\n<p>O ministro do Meio Ambiente, Ricardo Salles,\u00a0<strong>pediu demiss\u00e3o nesta tarde ao presidente Jair Bolsonaro<\/strong>. O ato de exonera\u00e7\u00e3o foi publicado em edi\u00e7\u00e3o extra do\u00a0<a href=\"https:\/\/e-diariooficial.com\/?gclid=EAIaIQobChMIyP_ly8uu8QIVEoGRCh2uoAVlEAAYASAAEgJhd_D_BwE\" target=\"_blank\">Di\u00e1rio Oficial da Uni\u00e3o<\/a>\u00a0(DOU). O atual Secret\u00e1rio da Amaz\u00f4nia e Servi\u00e7os Ambientais da pasta,\u00a0<strong>Joaquim \u00c1lvaro Pereira Leite<\/strong>, foi nomeado em seu lugar.<\/p>\n<p><a href=\"https:\/\/www.emaisgoias.com.br\/deputado-goiano-pede-e-camara-convida-salles-para-explicar-acusacoes\/\" target=\"_blank\">Alvo de duas investiga\u00e7\u00f5es no Supremo Tribunal Federal (STF), Salles estava sob press\u00e3o e alegou motivos familiares para deixar o cargo, apesar do respaldo do Pal\u00e1cio do Planalto<\/a>.<\/p>\n<p>Na ter\u00e7a-feira, Salles foi elogiado publicamente por Bolsonaro durante um evento no Planalto. Bolsonaro parabenizou Salles, disse que \u00e0s vezes a heran\u00e7a do minist\u00e9rios \u00e9 uma \u201cpenca de processos\u201d e afirmou que lamenta o tratamento dado \u201cpor alguns poucos desse outro Poder\u201d.<br \/>\n<\/p>\n","protected":false},"excerpt":{"rendered":"<p>Exonera\u00e7\u00e3o foi publicada; atual Secret\u00e1rio de Amaz\u00f4nia foi nomeado em seu lugar O ministro do Meio Ambiente, Ricardo Salles,\u00a0pediu demiss\u00e3o nesta tarde ao presidente Jair Bolsonaro. O ato de exonera\u00e7\u00e3o foi publicado em edi\u00e7\u00e3o extra do\u00a0Di\u00e1rio Oficial da Uni\u00e3o\u00a0(DOU). O atual Secret\u00e1rio da Amaz\u00f4nia e Servi\u00e7os Ambientais da pasta,\u00a0Joaquim \u00c1lvaro Pereira Leite, foi nomeado em<\/p>\n","protected":false},"author":2,"featured_media":15486,"comment_status":"open","ping_status":"open","sticky":false,"template":"","format":"standard","meta":{"footnotes":""},"categories":[27,22,26,23],"tags":[],"class_list":["post-15485","post","type-post","status-publish","format-standard","has-post-thumbnail","hentry","category-brasil","category-catalao","category-destaque","category-goias"],"yoast_head":"<!-- This site is optimized with the Yoast SEO plugin v25.8 - https:\/\/yoast.com\/wordpress\/plugins\/seo\/ -->\n<title>Alvo de investiga\u00e7\u00f5es, ministro Ricardo Salles pede demiss\u00e3o - Jornal Ultimos Acontecimentos<\/title>\n<meta name=\"robots\" content=\"index, follow, max-snippet:-1, max-image-preview:large, max-video-preview:-1\" \/>\n<link rel=\"canonical\" href=\"https:\/\/juacontecimentos.com.br\/site\/alvo-de-investigacoes-ministro-ricardo-salles-pede-demissao\/\" \/>\n<meta property=\"og:locale\" content=\"pt_BR\" \/>\n<meta property=\"og:type\" content=\"article\" \/>\n<meta property=\"og:title\" content=\"Alvo de investiga\u00e7\u00f5es, ministro Ricardo Salles pede demiss\u00e3o - Jornal Ultimos Acontecimentos\" \/>\n<meta property=\"og:description\" content=\"Exonera\u00e7\u00e3o foi publicada; atual Secret\u00e1rio de Amaz\u00f4nia foi nomeado em seu lugar O ministro do Meio Ambiente, Ricardo Salles,\u00a0pediu demiss\u00e3o nesta tarde ao presidente Jair Bolsonaro. O ato de exonera\u00e7\u00e3o foi publicado em edi\u00e7\u00e3o extra do\u00a0Di\u00e1rio Oficial da Uni\u00e3o\u00a0(DOU). O atual Secret\u00e1rio da Amaz\u00f4nia e Servi\u00e7os Ambientais da pasta,\u00a0Joaquim \u00c1lvaro Pereira Leite, foi nomeado em\" \/>\n<meta property=\"og:url\" content=\"https:\/\/juacontecimentos.com.br\/site\/alvo-de-investigacoes-ministro-ricardo-salles-pede-demissao\/\" \/>\n<meta property=\"og:site_name\" content=\"Jornal Ultimos Acontecimentos\" \/>\n<meta property=\"article:publisher\" content=\"https:\/\/www.facebook.com\/jultimosacontecimentos\/\" \/>\n<meta property=\"article:published_time\" content=\"2021-06-24T12:30:06+00:00\" \/>\n<meta property=\"og:image\" content=\"https:\/\/juacontecimentos.com.br\/site\/wp-content\/uploads\/2021\/06\/cf509dff-salles-2-960x640.jpg\" \/>\n\t<meta property=\"og:image:width\" content=\"960\" \/>\n\t<meta property=\"og:image:height\" content=\"640\" \/>\n\t<meta property=\"og:image:type\" content=\"image\/jpeg\" \/>\n<meta name=\"author\" content=\"Reginaldo Ribeiro\" \/>\n<meta name=\"twitter:card\" content=\"summary_large_image\" \/>\n<meta name=\"twitter:label1\" content=\"Escrito por\" \/>\n\t<meta name=\"twitter:data1\" content=\"Reginaldo Ribeiro\" \/>\n\t<meta name=\"twitter:label2\" content=\"Est. tempo de leitura\" \/>\n\t<meta name=\"twitter:data2\" content=\"1 minuto\" \/>\n<script type=\"application\/ld+json\" class=\"yoast-schema-graph\">{\"@context\":\"https:\/\/schema.org\",\"@graph\":[{\"@type\":\"Article\",\"@id\":\"https:\/\/juacontecimentos.com.br\/site\/alvo-de-investigacoes-ministro-ricardo-salles-pede-demissao\/#article\",\"isPartOf\":{\"@id\":\"https:\/\/juacontecimentos.com.br\/site\/alvo-de-investigacoes-ministro-ricardo-salles-pede-demissao\/\"},\"author\":{\"name\":\"Reginaldo Ribeiro\",\"@id\":\"https:\/\/juacontecimentos.com.br\/site\/#\/schema\/person\/082a54e6d3fdd7a633291428521c9669\"},\"headline\":\"Alvo de investiga\u00e7\u00f5es, ministro Ricardo Salles pede demiss\u00e3o\",\"datePublished\":\"2021-06-24T12:30:06+00:00\",\"mainEntityOfPage\":{\"@id\":\"https:\/\/juacontecimentos.com.br\/site\/alvo-de-investigacoes-ministro-ricardo-salles-pede-demissao\/\"},\"wordCount\":181,\"commentCount\":0,\"publisher\":{\"@id\":\"https:\/\/juacontecimentos.com.br\/site\/#organization\"},\"image\":{\"@id\":\"https:\/\/juacontecimentos.com.br\/site\/alvo-de-investigacoes-ministro-ricardo-salles-pede-demissao\/#primaryimage\"},\"thumbnailUrl\":\"https:\/\/juacontecimentos.com.br\/site\/wp-content\/uploads\/2021\/06\/cf509dff-salles-2-960x640.jpg\",\"articleSection\":[\"Brasil\",\"Catal\u00e3o\",\"Destaque\",\"Goi\u00e1s\"],\"inLanguage\":\"pt-BR\"},{\"@type\":\"WebPage\",\"@id\":\"https:\/\/juacontecimentos.com.br\/site\/alvo-de-investigacoes-ministro-ricardo-salles-pede-demissao\/\",\"url\":\"https:\/\/juacontecimentos.com.br\/site\/alvo-de-investigacoes-ministro-ricardo-salles-pede-demissao\/\",\"name\":\"Alvo de investiga\u00e7\u00f5es, ministro Ricardo Salles pede demiss\u00e3o - Jornal Ultimos Acontecimentos\",\"isPartOf\":{\"@id\":\"https:\/\/juacontecimentos.com.br\/site\/#website\"},\"primaryImageOfPage\":{\"@id\":\"https:\/\/juacontecimentos.com.br\/site\/alvo-de-investigacoes-ministro-ricardo-salles-pede-demissao\/#primaryimage\"},\"image\":{\"@id\":\"https:\/\/juacontecimentos.com.br\/site\/alvo-de-investigacoes-ministro-ricardo-salles-pede-demissao\/#primaryimage\"},\"thumbnailUrl\":\"https:\/\/juacontecimentos.com.br\/site\/wp-content\/uploads\/2021\/06\/cf509dff-salles-2-960x640.jpg\",\"datePublished\":\"2021-06-24T12:30:06+00:00\",\"breadcrumb\":{\"@id\":\"https:\/\/juacontecimentos.com.br\/site\/alvo-de-investigacoes-ministro-ricardo-salles-pede-demissao\/#breadcrumb\"},\"inLanguage\":\"pt-BR\",\"potentialAction\":[{\"@type\":\"ReadAction\",\"target\":[\"https:\/\/juacontecimentos.com.br\/site\/alvo-de-investigacoes-ministro-ricardo-salles-pede-demissao\/\"]}]},{\"@type\":\"ImageObject\",\"inLanguage\":\"pt-BR\",\"@id\":\"https:\/\/juacontecimentos.com.br\/site\/alvo-de-investigacoes-ministro-ricardo-salles-pede-demissao\/#primaryimage\",\"url\":\"https:\/\/juacontecimentos.com.br\/site\/wp-content\/uploads\/2021\/06\/cf509dff-salles-2-960x640.jpg\",\"contentUrl\":\"https:\/\/juacontecimentos.com.br\/site\/wp-content\/uploads\/2021\/06\/cf509dff-salles-2-960x640.jpg\",\"width\":960,\"height\":640,\"caption\":\"Salles pede demiss\u00e3o do Minist\u00e9rio do Meio Ambiente (Foto: Jucimar de Sousa \/ Mais Goi\u00e1s)\"},{\"@type\":\"BreadcrumbList\",\"@id\":\"https:\/\/juacontecimentos.com.br\/site\/alvo-de-investigacoes-ministro-ricardo-salles-pede-demissao\/#breadcrumb\",\"itemListElement\":[{\"@type\":\"ListItem\",\"position\":1,\"name\":\"In\u00edcio\",\"item\":\"https:\/\/juacontecimentos.com.br\/site\/\"},{\"@type\":\"ListItem\",\"position\":2,\"name\":\"Alvo de investiga\u00e7\u00f5es, ministro Ricardo Salles pede demiss\u00e3o\"}]},{\"@type\":\"WebSite\",\"@id\":\"https:\/\/juacontecimentos.com.br\/site\/#website\",\"url\":\"https:\/\/juacontecimentos.com.br\/site\/\",\"name\":\"Jornal Ultimos Acontecimentos\",\"description\":\"Catal\u00e3o e regi\u00e3o\",\"publisher\":{\"@id\":\"https:\/\/juacontecimentos.com.br\/site\/#organization\"},\"potentialAction\":[{\"@type\":\"SearchAction\",\"target\":{\"@type\":\"EntryPoint\",\"urlTemplate\":\"https:\/\/juacontecimentos.com.br\/site\/?s={search_term_string}\"},\"query-input\":{\"@type\":\"PropertyValueSpecification\",\"valueRequired\":true,\"valueName\":\"search_term_string\"}}],\"inLanguage\":\"pt-BR\"},{\"@type\":\"Organization\",\"@id\":\"https:\/\/juacontecimentos.com.br\/site\/#organization\",\"name\":\"Jornal Ultimos Acontecimentos\",\"url\":\"https:\/\/juacontecimentos.com.br\/site\/\",\"logo\":{\"@type\":\"ImageObject\",\"inLanguage\":\"pt-BR\",\"@id\":\"https:\/\/juacontecimentos.com.br\/site\/#\/schema\/logo\/image\/\",\"url\":\"https:\/\/juacontecimentos.com.br\/site\/wp-content\/uploads\/2023\/04\/Logo_Site.png\",\"contentUrl\":\"https:\/\/juacontecimentos.com.br\/site\/wp-content\/uploads\/2023\/04\/Logo_Site.png\",\"width\":2476,\"height\":530,\"caption\":\"Jornal Ultimos Acontecimentos\"},\"image\":{\"@id\":\"https:\/\/juacontecimentos.com.br\/site\/#\/schema\/logo\/image\/\"},\"sameAs\":[\"https:\/\/www.facebook.com\/jultimosacontecimentos\/\"]},{\"@type\":\"Person\",\"@id\":\"https:\/\/juacontecimentos.com.br\/site\/#\/schema\/person\/082a54e6d3fdd7a633291428521c9669\",\"name\":\"Reginaldo Ribeiro\",\"image\":{\"@type\":\"ImageObject\",\"inLanguage\":\"pt-BR\",\"@id\":\"https:\/\/juacontecimentos.com.br\/site\/#\/schema\/person\/image\/\",\"url\":\"https:\/\/secure.gravatar.com\/avatar\/5c16c6837c3490270a74d888c2a845728f06bdde1f8761de1de1d1d1ef82d12f?s=96&d=mm&r=g\",\"contentUrl\":\"https:\/\/secure.gravatar.com\/avatar\/5c16c6837c3490270a74d888c2a845728f06bdde1f8761de1de1d1d1ef82d12f?s=96&d=mm&r=g\",\"caption\":\"Reginaldo Ribeiro\"}}]}<\/script>\n<!-- \/ Yoast SEO plugin. -->","yoast_head_json":{"title":"Alvo de investiga\u00e7\u00f5es, ministro Ricardo Salles pede demiss\u00e3o - Jornal Ultimos Acontecimentos","robots":{"index":"index","follow":"follow","max-snippet":"max-snippet:-1","max-image-preview":"max-image-preview:large","max-video-preview":"max-video-preview:-1"},"canonical":"https:\/\/juacontecimentos.com.br\/site\/alvo-de-investigacoes-ministro-ricardo-salles-pede-demissao\/","og_locale":"pt_BR","og_type":"article","og_title":"Alvo de investiga\u00e7\u00f5es, ministro Ricardo Salles pede demiss\u00e3o - Jornal Ultimos Acontecimentos","og_description":"Exonera\u00e7\u00e3o foi publicada; atual Secret\u00e1rio de Amaz\u00f4nia foi nomeado em seu lugar O ministro do Meio Ambiente, Ricardo Salles,\u00a0pediu demiss\u00e3o nesta tarde ao presidente Jair Bolsonaro. O ato de exonera\u00e7\u00e3o foi publicado em edi\u00e7\u00e3o extra do\u00a0Di\u00e1rio Oficial da Uni\u00e3o\u00a0(DOU). O atual Secret\u00e1rio da Amaz\u00f4nia e Servi\u00e7os Ambientais da pasta,\u00a0Joaquim \u00c1lvaro Pereira Leite, foi nomeado em","og_url":"https:\/\/juacontecimentos.com.br\/site\/alvo-de-investigacoes-ministro-ricardo-salles-pede-demissao\/","og_site_name":"Jornal Ultimos Acontecimentos","article_publisher":"https:\/\/www.facebook.com\/jultimosacontecimentos\/","article_published_time":"2021-06-24T12:30:06+00:00","og_image":[{"width":960,"height":640,"url":"https:\/\/juacontecimentos.com.br\/site\/wp-content\/uploads\/2021\/06\/cf509dff-salles-2-960x640.jpg","type":"image\/jpeg"}],"author":"Reginaldo Ribeiro","twitter_card":"summary_large_image","twitter_misc":{"Escrito por":"Reginaldo Ribeiro","Est. tempo de leitura":"1 minuto"},"schema":{"@context":"https:\/\/schema.org","@graph":[{"@type":"Article","@id":"https:\/\/juacontecimentos.com.br\/site\/alvo-de-investigacoes-ministro-ricardo-salles-pede-demissao\/#article","isPartOf":{"@id":"https:\/\/juacontecimentos.com.br\/site\/alvo-de-investigacoes-ministro-ricardo-salles-pede-demissao\/"},"author":{"name":"Reginaldo Ribeiro","@id":"https:\/\/juacontecimentos.com.br\/site\/#\/schema\/person\/082a54e6d3fdd7a633291428521c9669"},"headline":"Alvo de investiga\u00e7\u00f5es, ministro Ricardo Salles pede demiss\u00e3o","datePublished":"2021-06-24T12:30:06+00:00","mainEntityOfPage":{"@id":"https:\/\/juacontecimentos.com.br\/site\/alvo-de-investigacoes-ministro-ricardo-salles-pede-demissao\/"},"wordCount":181,"commentCount":0,"publisher":{"@id":"https:\/\/juacontecimentos.com.br\/site\/#organization"},"image":{"@id":"https:\/\/juacontecimentos.com.br\/site\/alvo-de-investigacoes-ministro-ricardo-salles-pede-demissao\/#primaryimage"},"thumbnailUrl":"https:\/\/juacontecimentos.com.br\/site\/wp-content\/uploads\/2021\/06\/cf509dff-salles-2-960x640.jpg","articleSection":["Brasil","Catal\u00e3o","Destaque","Goi\u00e1s"],"inLanguage":"pt-BR"},{"@type":"WebPage","@id":"https:\/\/juacontecimentos.com.br\/site\/alvo-de-investigacoes-ministro-ricardo-salles-pede-demissao\/","url":"https:\/\/juacontecimentos.com.br\/site\/alvo-de-investigacoes-ministro-ricardo-salles-pede-demissao\/","name":"Alvo de investiga\u00e7\u00f5es, ministro Ricardo Salles pede demiss\u00e3o - Jornal Ultimos Acontecimentos","isPartOf":{"@id":"https:\/\/juacontecimentos.com.br\/site\/#website"},"primaryImageOfPage":{"@id":"https:\/\/juacontecimentos.com.br\/site\/alvo-de-investigacoes-ministro-ricardo-salles-pede-demissao\/#primaryimage"},"image":{"@id":"https:\/\/juacontecimentos.com.br\/site\/alvo-de-investigacoes-ministro-ricardo-salles-pede-demissao\/#primaryimage"},"thumbnailUrl":"https:\/\/juacontecimentos.com.br\/site\/wp-content\/uploads\/2021\/06\/cf509dff-salles-2-960x640.jpg","datePublished":"2021-06-24T12:30:06+00:00","breadcrumb":{"@id":"https:\/\/juacontecimentos.com.br\/site\/alvo-de-investigacoes-ministro-ricardo-salles-pede-demissao\/#breadcrumb"},"inLanguage":"pt-BR","potentialAction":[{"@type":"ReadAction","target":["https:\/\/juacontecimentos.com.br\/site\/alvo-de-investigacoes-ministro-ricardo-salles-pede-demissao\/"]}]},{"@type":"ImageObject","inLanguage":"pt-BR","@id":"https:\/\/juacontecimentos.com.br\/site\/alvo-de-investigacoes-ministro-ricardo-salles-pede-demissao\/#primaryimage","url":"https:\/\/juacontecimentos.com.br\/site\/wp-content\/uploads\/2021\/06\/cf509dff-salles-2-960x640.jpg","contentUrl":"https:\/\/juacontecimentos.com.br\/site\/wp-content\/uploads\/2021\/06\/cf509dff-salles-2-960x640.jpg","width":960,"height":640,"caption":"Salles pede demiss\u00e3o do Minist\u00e9rio do Meio Ambiente (Foto: Jucimar de Sousa \/ Mais Goi\u00e1s)"},{"@type":"BreadcrumbList","@id":"https:\/\/juacontecimentos.com.br\/site\/alvo-de-investigacoes-ministro-ricardo-salles-pede-demissao\/#breadcrumb","itemListElement":[{"@type":"ListItem","position":1,"name":"In\u00edcio","item":"https:\/\/juacontecimentos.com.br\/site\/"},{"@type":"ListItem","position":2,"name":"Alvo de investiga\u00e7\u00f5es, ministro Ricardo Salles pede demiss\u00e3o"}]},{"@type":"WebSite","@id":"https:\/\/juacontecimentos.com.br\/site\/#website","url":"https:\/\/juacontecimentos.com.br\/site\/","name":"Jornal Ultimos Acontecimentos","description":"Catal\u00e3o e regi\u00e3o","publisher":{"@id":"https:\/\/juacontecimentos.com.br\/site\/#organization"},"potentialAction":[{"@type":"SearchAction","target":{"@type":"EntryPoint","urlTemplate":"https:\/\/juacontecimentos.com.br\/site\/?s={search_term_string}"},"query-input":{"@type":"PropertyValueSpecification","valueRequired":true,"valueName":"search_term_string"}}],"inLanguage":"pt-BR"},{"@type":"Organization","@id":"https:\/\/juacontecimentos.com.br\/site\/#organization","name":"Jornal Ultimos Acontecimentos","url":"https:\/\/juacontecimentos.com.br\/site\/","logo":{"@type":"ImageObject","inLanguage":"pt-BR","@id":"https:\/\/juacontecimentos.com.br\/site\/#\/schema\/logo\/image\/","url":"https:\/\/juacontecimentos.com.br\/site\/wp-content\/uploads\/2023\/04\/Logo_Site.png","contentUrl":"https:\/\/juacontecimentos.com.br\/site\/wp-content\/uploads\/2023\/04\/Logo_Site.png","width":2476,"height":530,"caption":"Jornal Ultimos Acontecimentos"},"image":{"@id":"https:\/\/juacontecimentos.com.br\/site\/#\/schema\/logo\/image\/"},"sameAs":["https:\/\/www.facebook.com\/jultimosacontecimentos\/"]},{"@type":"Person","@id":"https:\/\/juacontecimentos.com.br\/site\/#\/schema\/person\/082a54e6d3fdd7a633291428521c9669","name":"Reginaldo Ribeiro","image":{"@type":"ImageObject","inLanguage":"pt-BR","@id":"https:\/\/juacontecimentos.com.br\/site\/#\/schema\/person\/image\/","url":"https:\/\/secure.gravatar.com\/avatar\/5c16c6837c3490270a74d888c2a845728f06bdde1f8761de1de1d1d1ef82d12f?s=96&d=mm&r=g","contentUrl":"https:\/\/secure.gravatar.com\/avatar\/5c16c6837c3490270a74d888c2a845728f06bdde1f8761de1de1d1d1ef82d12f?s=96&d=mm&r=g","caption":"Reginaldo Ribeiro"}}]}},"_links":{"self":[{"href":"https:\/\/juacontecimentos.com.br\/site\/wp-json\/wp\/v2\/posts\/15485","targetHints":{"allow":["GET"]}}],"collection":[{"href":"https:\/\/juacontecimentos.com.br\/site\/wp-json\/wp\/v2\/posts"}],"about":[{"href":"https:\/\/juacontecimentos.com.br\/site\/wp-json\/wp\/v2\/types\/post"}],"author":[{"embeddable":true,"href":"https:\/\/juacontecimentos.com.br\/site\/wp-json\/wp\/v2\/users\/2"}],"replies":[{"embeddable":true,"href":"https:\/\/juacontecimentos.com.br\/site\/wp-json\/wp\/v2\/comments?post=15485"}],"version-history":[{"count":1,"href":"https:\/\/juacontecimentos.com.br\/site\/wp-json\/wp\/v2\/posts\/15485\/revisions"}],"predecessor-version":[{"id":15487,"href":"https:\/\/juacontecimentos.com.br\/site\/wp-json\/wp\/v2\/posts\/15485\/revisions\/15487"}],"wp:featuredmedia":[{"embeddable":true,"href":"https:\/\/juacontecimentos.com.br\/site\/wp-json\/wp\/v2\/media\/15486"}],"wp:attachment":[{"href":"https:\/\/juacontecimentos.com.br\/site\/wp-json\/wp\/v2\/media?parent=15485"}],"wp:term":[{"taxonomy":"category","embeddable":true,"href":"https:\/\/juacontecimentos.com.br\/site\/wp-json\/wp\/v2\/categories?post=15485"},{"taxonomy":"post_tag","embeddable":true,"href":"https:\/\/juacontecimentos.com.br\/site\/wp-json\/wp\/v2\/tags?post=15485"}],"curies":[{"name":"wp","href":"https:\/\/api.w.org\/{rel}","templated":true}]}}